{"id":1167013,"date":"2020-07-26T20:23:31","date_gmt":"2020-07-26T19:23:31","guid":{"rendered":"https:\/\/www.pressenza.com\/?p=1167013"},"modified":"2020-07-26T20:31:10","modified_gmt":"2020-07-26T19:31:10","slug":"un-caldo-luglio-antirazzista","status":"publish","type":"post","link":"https:\/\/www.pressenza.com\/it\/2020\/07\/un-caldo-luglio-antirazzista\/","title":{"rendered":"Un caldo luglio antirazzista"},"content":{"rendered":"<p>Il bollente pomeriggio torinese del 25 luglio \u00e8 stato reso fresco e dinamico da un flash mob organizzato dalla Rete 21 marzo insieme al coreografo e \u201cartivista\u201d, come lui si definisce, Simon Samaki Osagie. Il dj italo-nigeriano dal 2017 porta in giro per le citt\u00e0 italiane i londinesi <i>Speaker box street party<\/i> di sua ideazione, delle vere e proprie feste di strada in cui ritrovarsi e comunicare messaggi importanti divertendosi al ritmo di musica. Un progetto forte, che utilizza l\u2019arte per promuovere idee politiche e civili, per combattere qualsiasi forma di discriminazione e sostenere l\u2019inclusione. La musica accomuna tutti, \u00e8 un mezzo potente.<\/p>\n<p>Dopo Roma e Udine, non poteva mancare Torino all&#8217;appello. Il pezzo forte del flash mob era una semplice ma coinvolgente coreografia sulle note di Jerusalema. Mantenendo le distanze di sicurezza per il Covid19, la piazza ha risposto ballando e ascoltando le varie esperienze che tante e tanti si sono sentiti di condividere.<\/p>\n<p>Si chiamano Joy, Exauc\u00e9, Francesca, Deka, Massimo, Suad, Colette&#8230; Hanno fatto esperienza diretta del razzismo, subendolo e portandosi spesso dietro la frustrazione di non sentirsi accettati sulla base di criteri opinabili, non giudicati in base alle loro capacit\u00e0, ma all&#8217;aspetto. Ma ora \u00e8 giunto il momento di dire basta, il silenzio non \u00e8 una via percorribile. E tutti devono essere coinvolti, perch\u00e9 qualsiasi ingiustizia va affrontata collettivamente. \u00c8 necessario un cambiamento nella societ\u00e0, a tutti i livelli: gli stranieri (o presunti tali, perch\u00e9 spesso e volentieri sono nati e cresciuti in Italia) non devono sentirsi in dovere di chiedere il permesso di esistere e di partecipare alla vita del paese in cui risiedono. Non sono ospiti! Il razzismo \u00e8 infimo, non \u00e8 solo l&#8217;insulto diretto, ma \u00e8 sottile e si insinua nella vita quotidiana delle persone. Come quando ti viene continuamente detto: \u201cma come parli bene l&#8217;italiano!\u201d, esperienza comune di tutte le persone con una tonalit\u00e0 diversa di colore della pelle.<\/p>\n<p>Il razzismo si manifesta nelle leggi: i decreti cosiddetti \u201csicurezza\u201d, che devono essere aboliti perch\u00e9 quello che portano \u00e8 soltanto insicurezza e ingiustizia, le leggi che permettono l&#8217;esistenza di strutture di reclusione (i CPR) di persone che hanno l&#8217;unica colpa di non avere un permesso di soggiorno, cosa che, a quanto pare, toglie anche il diritto e la dignit\u00e0 di essere umano. Si manifesta nelle leggi mancate, come quella sulla cittadinanza \u201cIus soli e ius culturae\u201d che darebbe finalmente uguali diritti a chi \u00e8 nato e\/o cresciuto in Italia.<\/p>\n<p>In piazza c&#8217;era un&#8217;umanit\u00e0 bellissima, unita, solidale, allegra, forte e determinata. I temi da risolvere sono tanti, ma se sempre pi\u00f9 persone, soprattutto giovani, prendono coscienza della necessit\u00e0 di un cambiamento, tutto sar\u00e0 possibile.<\/p>\n<p>Un ultimo ballo e l&#8217;evento si \u00e8 chiuso ufficialmente, ma la piazza ha continuato a ballare ancora&#8230; coinvolgendo degli sposi venuti a fare le foto davanti a Palazzo Madama e in mezzo alle fontane che hanno fatto da scenografia in questo pomeriggio di un caldo luglio antirazzista.<\/p>\n<p style=\"text-align: right;\">Daniela Brina<\/p>\n<div class=\"post-gallery\">\n\t\t\t<figure class=\"post-gallery-item\">\n\t\t\t\t<img decoding=\"async\" src=\"https:\/\/www.pressenza.com\/wp-content\/uploads\/2020\/07\/CaldoLuglioAntirazzista2020072501-720x540.jpg\" loading=\"lazy\">\n\t\t\t\t<figcaption>\n\t\t\t\t\t\n\t\t\t\t<\/figcaption>\n\t\t\t<\/figure>\n\t\t\t<figure class=\"post-gallery-item\">\n\t\t\t\t<img decoding=\"async\" src=\"https:\/\/www.pressenza.com\/wp-content\/uploads\/2020\/07\/CaldoLuglioAntirazzista2020072502-720x540.jpg\" loading=\"lazy\">\n\t\t\t\t<figcaption>\n\t\t\t\t\t\n\t\t\t\t<\/figcaption>\n\t\t\t<\/figure>\n\t\t\t<figure class=\"post-gallery-item\">\n\t\t\t\t<img decoding=\"async\" src=\"https:\/\/www.pressenza.com\/wp-content\/uploads\/2020\/07\/CaldoLuglioAntirazzista2020072503-720x540.jpg\" loading=\"lazy\">\n\t\t\t\t<figcaption>\n\t\t\t\t\t\n\t\t\t\t<\/figcaption>\n\t\t\t<\/figure>\n\t\t\t<figure class=\"post-gallery-item\">\n\t\t\t\t<img decoding=\"async\" src=\"https:\/\/www.pressenza.com\/wp-content\/uploads\/2020\/07\/CaldoLuglioAntirazzista2020072504-720x540.jpg\" loading=\"lazy\">\n\t\t\t\t<figcaption>\n\t\t\t\t\t\n\t\t\t\t<\/figcaption>\n\t\t\t<\/figure>\n\t\t\t<figure class=\"post-gallery-item\">\n\t\t\t\t<img decoding=\"async\" src=\"https:\/\/www.pressenza.com\/wp-content\/uploads\/2020\/07\/CaldoLuglioAntirazzista2020072505-720x540.jpg\" loading=\"lazy\">\n\t\t\t\t<figcaption>\n\t\t\t\t\t\n\t\t\t\t<\/figcaption>\n\t\t\t<\/figure>\n\t\t\t<figure class=\"post-gallery-item\">\n\t\t\t\t<img decoding=\"async\" src=\"https:\/\/www.pressenza.com\/wp-content\/uploads\/2020\/07\/CaldoLuglioAntirazzista2020072506-720x540.jpg\" loading=\"lazy\">\n\t\t\t\t<figcaption>\n\t\t\t\t\t\n\t\t\t\t<\/figcaption>\n\t\t\t<\/figure>\n\t\t\t<figure class=\"post-gallery-item\">\n\t\t\t\t<img decoding=\"async\" src=\"https:\/\/www.pressenza.com\/wp-content\/uploads\/2020\/07\/CaldoLuglioAntirazzista2020072507-720x540.jpg\" loading=\"lazy\">\n\t\t\t\t<figcaption>\n\t\t\t\t\t\n\t\t\t\t<\/figcaption>\n\t\t\t<\/figure>\n\t\t\t<figure class=\"post-gallery-item\">\n\t\t\t\t<img decoding=\"async\" src=\"https:\/\/www.pressenza.com\/wp-content\/uploads\/2020\/07\/CaldoLuglioAntirazzista2020072508-720x540.jpg\" loading=\"lazy\">\n\t\t\t\t<figcaption>\n\t\t\t\t\t\n\t\t\t\t<\/figcaption>\n\t\t\t<\/figure>\n\t\t\t<figure class=\"post-gallery-item\">\n\t\t\t\t<img decoding=\"async\" src=\"https:\/\/www.pressenza.com\/wp-content\/uploads\/2020\/07\/CaldoLuglioAntirazzista2020072509-720x540.jpg\" loading=\"lazy\">\n\t\t\t\t<figcaption>\n\t\t\t\t\t\n\t\t\t\t<\/figcaption>\n\t\t\t<\/figure>\n\t\t\t<figure class=\"post-gallery-item\">\n\t\t\t\t<img decoding=\"async\" src=\"https:\/\/www.pressenza.com\/wp-content\/uploads\/2020\/07\/CaldoLuglioAntirazzista2020072510-720x540.jpg\" loading=\"lazy\">\n\t\t\t\t<figcaption>\n\t\t\t\t\t\n\t\t\t\t<\/figcaption>\n\t\t\t<\/figure>\n\t\t\t<figure class=\"post-gallery-item\">\n\t\t\t\t<img decoding=\"async\" src=\"https:\/\/www.pressenza.com\/wp-content\/uploads\/2020\/07\/CaldoLuglioAntirazzista2020072511-720x540.jpg\" loading=\"lazy\">\n\t\t\t\t<figcaption>\n\t\t\t\t\t\n\t\t\t\t<\/figcaption>\n\t\t\t<\/figure>\n\t\t\t<figure class=\"post-gallery-item\">\n\t\t\t\t<img decoding=\"async\" src=\"https:\/\/www.pressenza.com\/wp-content\/uploads\/2020\/07\/CaldoLuglioAntirazzista2020072512-720x540.jpg\" loading=\"lazy\">\n\t\t\t\t<figcaption>\n\t\t\t\t\t\n\t\t\t\t<\/figcaption>\n\t\t\t<\/figure>\n\t\t\t<figure class=\"post-gallery-item\">\n\t\t\t\t<img decoding=\"async\" src=\"https:\/\/www.pressenza.com\/wp-content\/uploads\/2020\/07\/CaldoLuglioAntirazzista2020072513-720x540.jpg\" loading=\"lazy\">\n\t\t\t\t<figcaption>\n\t\t\t\t\t\n\t\t\t\t<\/figcaption>\n\t\t\t<\/figure><\/div>\n","protected":false},"excerpt":{"rendered":"<p>Il bollente pomeriggio torinese del 25 luglio \u00e8 stato reso fresco e dinamico da un flash mob organizzato dalla Rete 21 marzo insieme al coreografo e \u201cartivista\u201d, come lui si definisce, Simon Samaki Osagie. Il dj italo-nigeriano dal 2017 porta&hellip;<\/p>\n","protected":false},"author":1640,"featured_media":1167104,"comment_status":"closed","ping_status":"closed","sticky":false,"template":"","format":"standard","meta":{"footnotes":""},"categories":[11388,47,54572,1261],"tags":[2980,46673],"class_list":["post-1167013","post","type-post","status-publish","format-standard","has-post-thumbnail","hentry","category-contenuti-originali","category-europa","category-migranti","category-diversita","tag-antirazzismo","tag-rete-21-marzo"],"yoast_head":"<!-- This site is optimized with the Yoast SEO plugin v27.1.1 - https:\/\/yoast.com\/product\/yoast-seo-wordpress\/ -->\n<title>Un caldo luglio antirazzista<\/title>\n<meta name=\"description\" content=\"Il bollente pomeriggio torinese del 25 luglio \u00e8 stato reso fresco e dinamico da un flash mob organizzato dalla Rete 21 marzo insieme al coreografo e\" \/>\n<meta name=\"robots\" content=\"index, follow, max-snippet:-1, max-image-preview:large, max-video-preview:-1\" \/>\n<link rel=\"canonical\" href=\"https:\/\/www.pressenza.com\/it\/2020\/07\/un-caldo-luglio-antirazzista\/\" \/>\n<meta property=\"og:locale\" content=\"it_IT\" \/>\n<meta property=\"og:type\" content=\"article\" \/>\n<meta property=\"og:title\" content=\"Un caldo luglio antirazzista\" \/>\n<meta property=\"og:description\" content=\"Il bollente pomeriggio torinese del 25 luglio \u00e8 stato reso fresco e dinamico da un flash mob organizzato dalla Rete 21 marzo insieme al coreografo e\" \/>\n<meta property=\"og:url\" content=\"https:\/\/www.pressenza.com\/it\/2020\/07\/un-caldo-luglio-antirazzista\/\" \/>\n<meta property=\"og:site_name\" content=\"Pressenza\" \/>\n<meta property=\"article:publisher\" content=\"https:\/\/www.facebook.com\/PressenzaItalia\" \/>\n<meta property=\"article:published_time\" content=\"2020-07-26T19:23:31+00:00\" \/>\n<meta property=\"article:modified_time\" content=\"2020-07-26T19:31:10+00:00\" \/>\n<meta property=\"og:image\" content=\"https:\/\/www.pressenza.com\/wp-content\/uploads\/2020\/07\/CaldoLuglioAntirazzista2020072502.jpg\" \/>\n\t<meta property=\"og:image:width\" content=\"1600\" \/>\n\t<meta property=\"og:image:height\" content=\"1200\" \/>\n\t<meta property=\"og:image:type\" content=\"image\/jpeg\" \/>\n<meta name=\"author\" content=\"Redazione Torino\" \/>\n<meta name=\"twitter:card\" content=\"summary_large_image\" \/>\n<meta name=\"twitter:creator\" content=\"@PressenzaIPA\" \/>\n<meta name=\"twitter:site\" content=\"@PressenzaIPA\" \/>\n<meta name=\"twitter:label1\" content=\"Scritto da\" \/>\n\t<meta name=\"twitter:data1\" content=\"Redazione Torino\" \/>\n\t<meta name=\"twitter:label2\" content=\"Tempo di lettura stimato\" \/>\n\t<meta name=\"twitter:data2\" content=\"2 minuti\" \/>\n<script type=\"application\/ld+json\" class=\"yoast-schema-graph\">{\"@context\":\"https:\/\/schema.org\",\"@graph\":[{\"@type\":\"Article\",\"@id\":\"https:\/\/www.pressenza.com\/it\/2020\/07\/un-caldo-luglio-antirazzista\/#article\",\"isPartOf\":{\"@id\":\"https:\/\/www.pressenza.com\/it\/2020\/07\/un-caldo-luglio-antirazzista\/\"},\"author\":{\"name\":\"Redazione Torino\",\"@id\":\"https:\/\/www.pressenza.com\/it\/#\/schema\/person\/da0d4ca096515102c096dbbc39d69593\"},\"headline\":\"Un caldo luglio antirazzista\",\"datePublished\":\"2020-07-26T19:23:31+00:00\",\"dateModified\":\"2020-07-26T19:31:10+00:00\",\"mainEntityOfPage\":{\"@id\":\"https:\/\/www.pressenza.com\/it\/2020\/07\/un-caldo-luglio-antirazzista\/\"},\"wordCount\":492,\"publisher\":{\"@id\":\"https:\/\/www.pressenza.com\/it\/#organization\"},\"image\":{\"@id\":\"https:\/\/www.pressenza.com\/it\/2020\/07\/un-caldo-luglio-antirazzista\/#primaryimage\"},\"thumbnailUrl\":\"https:\/\/www.pressenza.com\/wp-content\/uploads\/2020\/07\/CaldoLuglioAntirazzista2020072502.jpg\",\"keywords\":[\"antirazzismo\",\"rete 21 marzo\"],\"articleSection\":[\"contenuti originali\",\"Europa\",\"Migranti\",\"Non discriminazione\"],\"inLanguage\":\"it-IT\"},{\"@type\":\"WebPage\",\"@id\":\"https:\/\/www.pressenza.com\/it\/2020\/07\/un-caldo-luglio-antirazzista\/\",\"url\":\"https:\/\/www.pressenza.com\/it\/2020\/07\/un-caldo-luglio-antirazzista\/\",\"name\":\"Un caldo luglio antirazzista\",\"isPartOf\":{\"@id\":\"https:\/\/www.pressenza.com\/it\/#website\"},\"primaryImageOfPage\":{\"@id\":\"https:\/\/www.pressenza.com\/it\/2020\/07\/un-caldo-luglio-antirazzista\/#primaryimage\"},\"image\":{\"@id\":\"https:\/\/www.pressenza.com\/it\/2020\/07\/un-caldo-luglio-antirazzista\/#primaryimage\"},\"thumbnailUrl\":\"https:\/\/www.pressenza.com\/wp-content\/uploads\/2020\/07\/CaldoLuglioAntirazzista2020072502.jpg\",\"datePublished\":\"2020-07-26T19:23:31+00:00\",\"dateModified\":\"2020-07-26T19:31:10+00:00\",\"description\":\"Il bollente pomeriggio torinese del 25 luglio \u00e8 stato reso fresco e dinamico da un flash mob organizzato dalla Rete 21 marzo insieme al coreografo e\",\"breadcrumb\":{\"@id\":\"https:\/\/www.pressenza.com\/it\/2020\/07\/un-caldo-luglio-antirazzista\/#breadcrumb\"},\"inLanguage\":\"it-IT\",\"potentialAction\":[{\"@type\":\"ReadAction\",\"target\":[\"https:\/\/www.pressenza.com\/it\/2020\/07\/un-caldo-luglio-antirazzista\/\"]}]},{\"@type\":\"ImageObject\",\"inLanguage\":\"it-IT\",\"@id\":\"https:\/\/www.pressenza.com\/it\/2020\/07\/un-caldo-luglio-antirazzista\/#primaryimage\",\"url\":\"https:\/\/www.pressenza.com\/wp-content\/uploads\/2020\/07\/CaldoLuglioAntirazzista2020072502.jpg\",\"contentUrl\":\"https:\/\/www.pressenza.com\/wp-content\/uploads\/2020\/07\/CaldoLuglioAntirazzista2020072502.jpg\",\"width\":1600,\"height\":1200},{\"@type\":\"BreadcrumbList\",\"@id\":\"https:\/\/www.pressenza.com\/it\/2020\/07\/un-caldo-luglio-antirazzista\/#breadcrumb\",\"itemListElement\":[{\"@type\":\"ListItem\",\"position\":1,\"name\":\"Accueil\",\"item\":\"https:\/\/www.pressenza.com\/it\/\"},{\"@type\":\"ListItem\",\"position\":2,\"name\":\"Un caldo luglio antirazzista\"}]},{\"@type\":\"WebSite\",\"@id\":\"https:\/\/www.pressenza.com\/it\/#website\",\"url\":\"https:\/\/www.pressenza.com\/it\/\",\"name\":\"Pressenza\",\"description\":\"Agenzia di Stampa Internazionale\",\"publisher\":{\"@id\":\"https:\/\/www.pressenza.com\/it\/#organization\"},\"potentialAction\":[{\"@type\":\"SearchAction\",\"target\":{\"@type\":\"EntryPoint\",\"urlTemplate\":\"https:\/\/www.pressenza.com\/it\/?s={search_term_string}\"},\"query-input\":{\"@type\":\"PropertyValueSpecification\",\"valueRequired\":true,\"valueName\":\"search_term_string\"}}],\"inLanguage\":\"it-IT\"},{\"@type\":\"Organization\",\"@id\":\"https:\/\/www.pressenza.com\/it\/#organization\",\"name\":\"Pressenza\",\"url\":\"https:\/\/www.pressenza.com\/it\/\",\"logo\":{\"@type\":\"ImageObject\",\"inLanguage\":\"it-IT\",\"@id\":\"https:\/\/www.pressenza.com\/it\/#\/schema\/logo\/image\/\",\"url\":\"https:\/\/www.pressenza.com\/wp-content\/uploads\/2022\/10\/pressenza_logo_200x200.jpg\",\"contentUrl\":\"https:\/\/www.pressenza.com\/wp-content\/uploads\/2022\/10\/pressenza_logo_200x200.jpg\",\"width\":200,\"height\":200,\"caption\":\"Pressenza\"},\"image\":{\"@id\":\"https:\/\/www.pressenza.com\/it\/#\/schema\/logo\/image\/\"},\"sameAs\":[\"https:\/\/www.facebook.com\/PressenzaItalia\",\"https:\/\/x.com\/PressenzaIPA\"]},{\"@type\":\"Person\",\"@id\":\"https:\/\/www.pressenza.com\/it\/#\/schema\/person\/da0d4ca096515102c096dbbc39d69593\",\"name\":\"Redazione Torino\",\"description\":\"News from the Pressenza Bureau in Turin, Italy redazione.torino@pressenza.com\",\"url\":\"https:\/\/www.pressenza.com\/it\/author\/redazione-torino\/\"}]}<\/script>\n<!-- \/ Yoast SEO plugin. -->","yoast_head_json":{"title":"Un caldo luglio antirazzista","description":"Il bollente pomeriggio torinese del 25 luglio \u00e8 stato reso fresco e dinamico da un flash mob organizzato dalla Rete 21 marzo insieme al coreografo e","robots":{"index":"index","follow":"follow","max-snippet":"max-snippet:-1","max-image-preview":"max-image-preview:large","max-video-preview":"max-video-preview:-1"},"canonical":"https:\/\/www.pressenza.com\/it\/2020\/07\/un-caldo-luglio-antirazzista\/","og_locale":"it_IT","og_type":"article","og_title":"Un caldo luglio antirazzista","og_description":"Il bollente pomeriggio torinese del 25 luglio \u00e8 stato reso fresco e dinamico da un flash mob organizzato dalla Rete 21 marzo insieme al coreografo e","og_url":"https:\/\/www.pressenza.com\/it\/2020\/07\/un-caldo-luglio-antirazzista\/","og_site_name":"Pressenza","article_publisher":"https:\/\/www.facebook.com\/PressenzaItalia","article_published_time":"2020-07-26T19:23:31+00:00","article_modified_time":"2020-07-26T19:31:10+00:00","og_image":[{"width":1600,"height":1200,"url":"https:\/\/www.pressenza.com\/wp-content\/uploads\/2020\/07\/CaldoLuglioAntirazzista2020072502.jpg","type":"image\/jpeg"}],"author":"Redazione Torino","twitter_card":"summary_large_image","twitter_creator":"@PressenzaIPA","twitter_site":"@PressenzaIPA","twitter_misc":{"Scritto da":"Redazione Torino","Tempo di lettura stimato":"2 minuti"},"schema":{"@context":"https:\/\/schema.org","@graph":[{"@type":"Article","@id":"https:\/\/www.pressenza.com\/it\/2020\/07\/un-caldo-luglio-antirazzista\/#article","isPartOf":{"@id":"https:\/\/www.pressenza.com\/it\/2020\/07\/un-caldo-luglio-antirazzista\/"},"author":{"name":"Redazione Torino","@id":"https:\/\/www.pressenza.com\/it\/#\/schema\/person\/da0d4ca096515102c096dbbc39d69593"},"headline":"Un caldo luglio antirazzista","datePublished":"2020-07-26T19:23:31+00:00","dateModified":"2020-07-26T19:31:10+00:00","mainEntityOfPage":{"@id":"https:\/\/www.pressenza.com\/it\/2020\/07\/un-caldo-luglio-antirazzista\/"},"wordCount":492,"publisher":{"@id":"https:\/\/www.pressenza.com\/it\/#organization"},"image":{"@id":"https:\/\/www.pressenza.com\/it\/2020\/07\/un-caldo-luglio-antirazzista\/#primaryimage"},"thumbnailUrl":"https:\/\/www.pressenza.com\/wp-content\/uploads\/2020\/07\/CaldoLuglioAntirazzista2020072502.jpg","keywords":["antirazzismo","rete 21 marzo"],"articleSection":["contenuti originali","Europa","Migranti","Non discriminazione"],"inLanguage":"it-IT"},{"@type":"WebPage","@id":"https:\/\/www.pressenza.com\/it\/2020\/07\/un-caldo-luglio-antirazzista\/","url":"https:\/\/www.pressenza.com\/it\/2020\/07\/un-caldo-luglio-antirazzista\/","name":"Un caldo luglio antirazzista","isPartOf":{"@id":"https:\/\/www.pressenza.com\/it\/#website"},"primaryImageOfPage":{"@id":"https:\/\/www.pressenza.com\/it\/2020\/07\/un-caldo-luglio-antirazzista\/#primaryimage"},"image":{"@id":"https:\/\/www.pressenza.com\/it\/2020\/07\/un-caldo-luglio-antirazzista\/#primaryimage"},"thumbnailUrl":"https:\/\/www.pressenza.com\/wp-content\/uploads\/2020\/07\/CaldoLuglioAntirazzista2020072502.jpg","datePublished":"2020-07-26T19:23:31+00:00","dateModified":"2020-07-26T19:31:10+00:00","description":"Il bollente pomeriggio torinese del 25 luglio \u00e8 stato reso fresco e dinamico da un flash mob organizzato dalla Rete 21 marzo insieme al coreografo e","breadcrumb":{"@id":"https:\/\/www.pressenza.com\/it\/2020\/07\/un-caldo-luglio-antirazzista\/#breadcrumb"},"inLanguage":"it-IT","potentialAction":[{"@type":"ReadAction","target":["https:\/\/www.pressenza.com\/it\/2020\/07\/un-caldo-luglio-antirazzista\/"]}]},{"@type":"ImageObject","inLanguage":"it-IT","@id":"https:\/\/www.pressenza.com\/it\/2020\/07\/un-caldo-luglio-antirazzista\/#primaryimage","url":"https:\/\/www.pressenza.com\/wp-content\/uploads\/2020\/07\/CaldoLuglioAntirazzista2020072502.jpg","contentUrl":"https:\/\/www.pressenza.com\/wp-content\/uploads\/2020\/07\/CaldoLuglioAntirazzista2020072502.jpg","width":1600,"height":1200},{"@type":"BreadcrumbList","@id":"https:\/\/www.pressenza.com\/it\/2020\/07\/un-caldo-luglio-antirazzista\/#breadcrumb","itemListElement":[{"@type":"ListItem","position":1,"name":"Accueil","item":"https:\/\/www.pressenza.com\/it\/"},{"@type":"ListItem","position":2,"name":"Un caldo luglio antirazzista"}]},{"@type":"WebSite","@id":"https:\/\/www.pressenza.com\/it\/#website","url":"https:\/\/www.pressenza.com\/it\/","name":"Pressenza","description":"Agenzia di Stampa Internazionale","publisher":{"@id":"https:\/\/www.pressenza.com\/it\/#organization"},"potentialAction":[{"@type":"SearchAction","target":{"@type":"EntryPoint","urlTemplate":"https:\/\/www.pressenza.com\/it\/?s={search_term_string}"},"query-input":{"@type":"PropertyValueSpecification","valueRequired":true,"valueName":"search_term_string"}}],"inLanguage":"it-IT"},{"@type":"Organization","@id":"https:\/\/www.pressenza.com\/it\/#organization","name":"Pressenza","url":"https:\/\/www.pressenza.com\/it\/","logo":{"@type":"ImageObject","inLanguage":"it-IT","@id":"https:\/\/www.pressenza.com\/it\/#\/schema\/logo\/image\/","url":"https:\/\/www.pressenza.com\/wp-content\/uploads\/2022\/10\/pressenza_logo_200x200.jpg","contentUrl":"https:\/\/www.pressenza.com\/wp-content\/uploads\/2022\/10\/pressenza_logo_200x200.jpg","width":200,"height":200,"caption":"Pressenza"},"image":{"@id":"https:\/\/www.pressenza.com\/it\/#\/schema\/logo\/image\/"},"sameAs":["https:\/\/www.facebook.com\/PressenzaItalia","https:\/\/x.com\/PressenzaIPA"]},{"@type":"Person","@id":"https:\/\/www.pressenza.com\/it\/#\/schema\/person\/da0d4ca096515102c096dbbc39d69593","name":"Redazione Torino","description":"News from the Pressenza Bureau in Turin, Italy redazione.torino@pressenza.com","url":"https:\/\/www.pressenza.com\/it\/author\/redazione-torino\/"}]}},"place":"Torino","original_article_url":"","_links":{"self":[{"href":"https:\/\/www.pressenza.com\/it\/wp-json\/wp\/v2\/posts\/1167013","targetHints":{"allow":["GET"]}}],"collection":[{"href":"https:\/\/www.pressenza.com\/it\/wp-json\/wp\/v2\/posts"}],"about":[{"href":"https:\/\/www.pressenza.com\/it\/wp-json\/wp\/v2\/types\/post"}],"author":[{"embeddable":true,"href":"https:\/\/www.pressenza.com\/it\/wp-json\/wp\/v2\/users\/1640"}],"replies":[{"embeddable":true,"href":"https:\/\/www.pressenza.com\/it\/wp-json\/wp\/v2\/comments?post=1167013"}],"version-history":[{"count":0,"href":"https:\/\/www.pressenza.com\/it\/wp-json\/wp\/v2\/posts\/1167013\/revisions"}],"wp:featuredmedia":[{"embeddable":true,"href":"https:\/\/www.pressenza.com\/it\/wp-json\/wp\/v2\/media\/1167104"}],"wp:attachment":[{"href":"https:\/\/www.pressenza.com\/it\/wp-json\/wp\/v2\/media?parent=1167013"}],"wp:term":[{"taxonomy":"category","embeddable":true,"href":"https:\/\/www.pressenza.com\/it\/wp-json\/wp\/v2\/categories?post=1167013"},{"taxonomy":"post_tag","embeddable":true,"href":"https:\/\/www.pressenza.com\/it\/wp-json\/wp\/v2\/tags?post=1167013"}],"curies":[{"name":"wp","href":"https:\/\/api.w.org\/{rel}","templated":true}]}}