{"id":116570,"date":"2014-07-01T13:58:14","date_gmt":"2014-07-01T12:58:14","guid":{"rendered":"http:\/\/www.pressenza.com\/?p=116570"},"modified":"2014-07-01T13:59:49","modified_gmt":"2014-07-01T12:59:49","slug":"scuola-lombardo-discrimina-class-action-per-risarcire-famiglie-scuola-pubblica","status":"publish","type":"post","link":"https:\/\/www.pressenza.com\/it\/2014\/07\/scuola-lombardo-discrimina-class-action-per-risarcire-famiglie-scuola-pubblica\/","title":{"rendered":"Il buono scuola lombardo discrimina: class action per risarcire le famiglie della scuola pubblica"},"content":{"rendered":"<p align=\"left\">\u00c8 partita la prima\u00a0<i>class action<\/i>\u00a0contro il discriminatorio sistema di finanziamento pubblico della scuola privata che vige in Lombardia. Concretamente possono parteciparvi tutti i genitori di studenti delle scuole pubbliche che nell\u2019anno scolastico 2013\/2014 siano stati beneficiari della \u201cdote scuola\u201d denominata \u201csostegno al reddito\u201d. Infatti, secondo la recente sentenza del Tar della Lombardia, questi genitori sono stati discriminati e hanno ricevuto un contributo economico troppo basso.<\/p>\n<p align=\"left\">Ma andiamo con ordine. Il 2 aprile scorso la terza sezione del Tar della Lombardia ha emesso la sentenza in merito a un ricorso di due genitori di studenti della scuola pubblica. Come\u00a0<a href=\"http:\/\/www.lucianomuhlbauer.it\/blog\/articolo.asp?articolo=1095\" target=\"_blank\">avevamo commentato a suo tempo<\/a>, la sentenza non mette in discussione il finanziamento pubblico della scuola privata in s\u00e9, ma punta l\u2019indice contro quella che \u00e8 la vera cifra del \u201cbuono scuola\u201d lombardo, cio\u00e8 la discriminazione degli studenti della scuola pubblica. In questo senso, pur non essendo rivoluzionaria, questa sentenza si configura per\u00f2 come una prima crepa nel sistema voluto da Formigoni e ora proseguito da Maroni.<\/p>\n<p align=\"left\">In particolare, il Tar interviene su un istituto accessorio del buono scuola in senso stretto, cio\u00e8 sull\u2019\u201dintegrazione al reddito\u201d, che prevede un sostengo economico supplementare per le famiglie meno abbienti delle private (la maggioranza dei beneficiari del\u00a0<i>buono<\/i>\u00a0per le private comunque non ne ha affatto bisogno). Infatti, la logica discriminatoria del buono scuola \u00e8 talmente pervasiva e arrogante da spingersi fino a stabilire che, a parit\u00e0 di fascia ISEE (il\u00a0<i>riccometro<\/i>utilizzato normalmente dalle pubbliche amministrazioni), il sostegno economico alle famiglie meno abbienti sia differenziato in base alla tipologia di scuola: una \u201cintegrazione al reddito\u201d tra 400 e 950 euro, nel caso della scuola privata, e un \u201csostegno al reddito\u201d tra 60 e 290 euro, nel caso della scuola pubblica.<\/p>\n<p align=\"left\">Una discriminazione talmente macroscopica che persino una sentenza altrimenti piuttosto conservatrice si esprime al riguardo nei seguenti termini: \u201cl\u2019amministrazione ha previsto, senza alcuna giustificazione ragionevole e con palese disparit\u00e0 di trattamento, delle erogazioni economiche quantitativamente diverse, pi\u00f9 favorevoli per coloro che frequentano una scuola paritaria \u2026 a fronte della medesima necessit\u00e0 \u2026 e a fronte della medesima situazione di bisogno economico\u201d.<\/p>\n<p align=\"left\">Di conseguenza, il Tar \u201c<b>annulla gli atti impugnati \u2026 nella parte in cui prevedono, a parit\u00e0 di fascia ISEE di appartenenza, l\u2019erogazione a titolo di \u201csostegno al reddito\u201d di buoni di valore inferiore a quelli erogabili a titolo di \u201cintegrazione al reddito<\/b>\u201d.<\/p>\n<p align=\"left\">(Per leggere la versione integrale della sentenza clicca\u00a0<a href=\"http:\/\/www.giustizia-amministrativa.it\/DocumentiGA\/Milano\/Sezione%203\/2013\/201301645\/Provvedimenti\/201400859_01.XML\" target=\"_blank\">qui<\/a>; per un commento giuridico alla sentenza\u00a0<a href=\"http:\/\/scuolacostituzione.wordpress.com\/2014\/04\/08\/commento-alla-sentenza-del-tar-di-milano-sul-buono-scuola-20132014\/\" target=\"_blank\">qui<\/a>).<\/p>\n<p align=\"left\">Ebbene, poich\u00e9 il Tar \u201cordina che la presente sentenza sia eseguita dall&#8217;autorit\u00e0 amministrativa\u201d, la\u00a0<i>class action<\/i>, promossa dall\u2019Associazione NonUnoDiMeno, con il sostegno della Flc-Cgil, consiste proprio nel richiedere a Regione Lombardia il pagamento della differenza dovuta.<\/p>\n<p align=\"left\">Se quindi siete genitori con figli iscritti alla scuola primaria o secondaria statale che abbiano ottenuto il contributo per il \u201csostegno al reddito\u201d per l&#8217;anno scolastico 2013\/2014, allora potete fare richiesta alla Regione, avvalendovi degli appositi\u00a0<b>sportelli<\/b>\u00a0messi a disposizione dai promotori della\u00a0<i>class action<\/i>.<\/p>\n<p align=\"left\">In particolare, vi segnalo quello presso la\u00a0<b>Camera del Lavoro di Milano<\/b>, in via Corso di Porta Vittoria 43, operativo fino alla fine di luglio nei seguenti orari: luned\u00ec ore 15.00-17.30, marted\u00ec ore 10.00-12.30, gioved\u00ec ore 15.00-17.30. Per conoscere gli sportelli attivati in altri Comuni lombardi, chiedete informazioni mandando una mail a\u00a0<a href=\"mailto:info@nonunodimeno.net\">info@nonunodimeno.net<\/a>. In ogni caso, prima di recarvi allo sportello,\u00a0<b>leggete con attenzione<\/b>\u00a0tutte le istruzioni disponibili sul sito dell\u2019<a href=\"http:\/\/www.nonunodimeno.net\/\" target=\"_blank\">Associazione NonUnoDiMeno<\/a>!<\/p>\n","protected":false},"excerpt":{"rendered":"<p>\u00c8 partita la prima\u00a0class action\u00a0contro il discriminatorio sistema di finanziamento pubblico della scuola privata che vige in Lombardia. Concretamente possono parteciparvi tutti i genitori di studenti delle scuole pubbliche che nell\u2019anno scolastico 2013\/2014 siano stati beneficiari della \u201cdote scuola\u201d denominata&hellip;<\/p>\n","protected":false},"author":982,"featured_media":116571,"comment_status":"closed","ping_status":"open","sticky":false,"template":"","format":"standard","meta":{"footnotes":""},"categories":[1258,47,162],"tags":[3583,3582],"class_list":["post-116570","post","type-post","status-publish","format-standard","has-post-thumbnail","hentry","category-educazione","category-europa","category-opinioni","tag-buono-scuola","tag-regione-lombardia"],"yoast_head":"<!-- This site is optimized with the Yoast SEO plugin v27.1.1 - https:\/\/yoast.com\/product\/yoast-seo-wordpress\/ -->\n<title>Il buono scuola lombardo discrimina: class action per risarcire le famiglie della scuola pubblica<\/title>\n<meta name=\"description\" content=\"\u00c8 partita la prima\u00a0class action\u00a0contro il discriminatorio sistema di finanziamento pubblico della scuola privata che vige in Lombardia. Concretamente\" \/>\n<meta name=\"robots\" content=\"index, follow, max-snippet:-1, max-image-preview:large, max-video-preview:-1\" \/>\n<link rel=\"canonical\" href=\"https:\/\/www.pressenza.com\/it\/2014\/07\/scuola-lombardo-discrimina-class-action-per-risarcire-famiglie-scuola-pubblica\/\" \/>\n<meta property=\"og:locale\" content=\"it_IT\" \/>\n<meta property=\"og:type\" content=\"article\" \/>\n<meta property=\"og:title\" content=\"Il buono scuola lombardo discrimina: class action per risarcire le famiglie della scuola pubblica\" \/>\n<meta property=\"og:description\" content=\"\u00c8 partita la prima\u00a0class action\u00a0contro il discriminatorio sistema di finanziamento pubblico della scuola privata che vige in Lombardia. Concretamente\" \/>\n<meta property=\"og:url\" content=\"https:\/\/www.pressenza.com\/it\/2014\/07\/scuola-lombardo-discrimina-class-action-per-risarcire-famiglie-scuola-pubblica\/\" \/>\n<meta property=\"og:site_name\" content=\"Pressenza\" \/>\n<meta property=\"article:publisher\" content=\"https:\/\/www.facebook.com\/PressenzaItalia\" \/>\n<meta property=\"article:author\" content=\"https:\/\/www.facebook.com\/luciano.muhlbauer\" \/>\n<meta property=\"article:published_time\" content=\"2014-07-01T12:58:14+00:00\" \/>\n<meta property=\"article:modified_time\" content=\"2014-07-01T12:59:49+00:00\" \/>\n<meta property=\"og:image\" content=\"https:\/\/www.pressenza.com\/wp-content\/uploads\/2014\/07\/io-amo-la-scuola-pubblica.jpg\" \/>\n\t<meta property=\"og:image:width\" content=\"150\" \/>\n\t<meta property=\"og:image:height\" content=\"112\" \/>\n\t<meta property=\"og:image:type\" content=\"image\/jpeg\" \/>\n<meta name=\"author\" content=\"Luciano Muhlbauer\" \/>\n<meta name=\"twitter:card\" content=\"summary_large_image\" \/>\n<meta name=\"twitter:creator\" content=\"@Muhlbauer_\" \/>\n<meta name=\"twitter:site\" content=\"@PressenzaIPA\" \/>\n<meta name=\"twitter:label1\" content=\"Scritto da\" \/>\n\t<meta name=\"twitter:data1\" content=\"Luciano Muhlbauer\" \/>\n\t<meta name=\"twitter:label2\" content=\"Tempo di lettura stimato\" \/>\n\t<meta name=\"twitter:data2\" content=\"3 minuti\" \/>\n<script type=\"application\/ld+json\" class=\"yoast-schema-graph\">{\"@context\":\"https:\/\/schema.org\",\"@graph\":[{\"@type\":\"Article\",\"@id\":\"https:\/\/www.pressenza.com\/it\/2014\/07\/scuola-lombardo-discrimina-class-action-per-risarcire-famiglie-scuola-pubblica\/#article\",\"isPartOf\":{\"@id\":\"https:\/\/www.pressenza.com\/it\/2014\/07\/scuola-lombardo-discrimina-class-action-per-risarcire-famiglie-scuola-pubblica\/\"},\"author\":{\"name\":\"Luciano Muhlbauer\",\"@id\":\"https:\/\/www.pressenza.com\/it\/#\/schema\/person\/39da6bde67055a1b8cddb12c57da5142\"},\"headline\":\"Il buono scuola lombardo discrimina: class action per risarcire le famiglie della scuola pubblica\",\"datePublished\":\"2014-07-01T12:58:14+00:00\",\"dateModified\":\"2014-07-01T12:59:49+00:00\",\"mainEntityOfPage\":{\"@id\":\"https:\/\/www.pressenza.com\/it\/2014\/07\/scuola-lombardo-discrimina-class-action-per-risarcire-famiglie-scuola-pubblica\/\"},\"wordCount\":570,\"publisher\":{\"@id\":\"https:\/\/www.pressenza.com\/it\/#organization\"},\"image\":{\"@id\":\"https:\/\/www.pressenza.com\/it\/2014\/07\/scuola-lombardo-discrimina-class-action-per-risarcire-famiglie-scuola-pubblica\/#primaryimage\"},\"thumbnailUrl\":\"https:\/\/www.pressenza.com\/wp-content\/uploads\/2014\/07\/io-amo-la-scuola-pubblica.jpg\",\"keywords\":[\"Buono Scuola\",\"Regione Lombardia\"],\"articleSection\":[\"Educazione\",\"Europa\",\"Opinioni\"],\"inLanguage\":\"it-IT\"},{\"@type\":\"WebPage\",\"@id\":\"https:\/\/www.pressenza.com\/it\/2014\/07\/scuola-lombardo-discrimina-class-action-per-risarcire-famiglie-scuola-pubblica\/\",\"url\":\"https:\/\/www.pressenza.com\/it\/2014\/07\/scuola-lombardo-discrimina-class-action-per-risarcire-famiglie-scuola-pubblica\/\",\"name\":\"Il buono scuola lombardo discrimina: class action per risarcire le famiglie della scuola pubblica\",\"isPartOf\":{\"@id\":\"https:\/\/www.pressenza.com\/it\/#website\"},\"primaryImageOfPage\":{\"@id\":\"https:\/\/www.pressenza.com\/it\/2014\/07\/scuola-lombardo-discrimina-class-action-per-risarcire-famiglie-scuola-pubblica\/#primaryimage\"},\"image\":{\"@id\":\"https:\/\/www.pressenza.com\/it\/2014\/07\/scuola-lombardo-discrimina-class-action-per-risarcire-famiglie-scuola-pubblica\/#primaryimage\"},\"thumbnailUrl\":\"https:\/\/www.pressenza.com\/wp-content\/uploads\/2014\/07\/io-amo-la-scuola-pubblica.jpg\",\"datePublished\":\"2014-07-01T12:58:14+00:00\",\"dateModified\":\"2014-07-01T12:59:49+00:00\",\"description\":\"\u00c8 partita la prima\u00a0class action\u00a0contro il discriminatorio sistema di finanziamento pubblico della scuola privata che vige in Lombardia. Concretamente\",\"breadcrumb\":{\"@id\":\"https:\/\/www.pressenza.com\/it\/2014\/07\/scuola-lombardo-discrimina-class-action-per-risarcire-famiglie-scuola-pubblica\/#breadcrumb\"},\"inLanguage\":\"it-IT\",\"potentialAction\":[{\"@type\":\"ReadAction\",\"target\":[\"https:\/\/www.pressenza.com\/it\/2014\/07\/scuola-lombardo-discrimina-class-action-per-risarcire-famiglie-scuola-pubblica\/\"]}]},{\"@type\":\"ImageObject\",\"inLanguage\":\"it-IT\",\"@id\":\"https:\/\/www.pressenza.com\/it\/2014\/07\/scuola-lombardo-discrimina-class-action-per-risarcire-famiglie-scuola-pubblica\/#primaryimage\",\"url\":\"https:\/\/www.pressenza.com\/wp-content\/uploads\/2014\/07\/io-amo-la-scuola-pubblica.jpg\",\"contentUrl\":\"https:\/\/www.pressenza.com\/wp-content\/uploads\/2014\/07\/io-amo-la-scuola-pubblica.jpg\",\"width\":150,\"height\":112},{\"@type\":\"BreadcrumbList\",\"@id\":\"https:\/\/www.pressenza.com\/it\/2014\/07\/scuola-lombardo-discrimina-class-action-per-risarcire-famiglie-scuola-pubblica\/#breadcrumb\",\"itemListElement\":[{\"@type\":\"ListItem\",\"position\":1,\"name\":\"Accueil\",\"item\":\"https:\/\/www.pressenza.com\/it\/\"},{\"@type\":\"ListItem\",\"position\":2,\"name\":\"Il buono scuola lombardo discrimina: class action per risarcire le famiglie della scuola pubblica\"}]},{\"@type\":\"WebSite\",\"@id\":\"https:\/\/www.pressenza.com\/it\/#website\",\"url\":\"https:\/\/www.pressenza.com\/it\/\",\"name\":\"Pressenza\",\"description\":\"Agenzia di Stampa Internazionale\",\"publisher\":{\"@id\":\"https:\/\/www.pressenza.com\/it\/#organization\"},\"potentialAction\":[{\"@type\":\"SearchAction\",\"target\":{\"@type\":\"EntryPoint\",\"urlTemplate\":\"https:\/\/www.pressenza.com\/it\/?s={search_term_string}\"},\"query-input\":{\"@type\":\"PropertyValueSpecification\",\"valueRequired\":true,\"valueName\":\"search_term_string\"}}],\"inLanguage\":\"it-IT\"},{\"@type\":\"Organization\",\"@id\":\"https:\/\/www.pressenza.com\/it\/#organization\",\"name\":\"Pressenza\",\"url\":\"https:\/\/www.pressenza.com\/it\/\",\"logo\":{\"@type\":\"ImageObject\",\"inLanguage\":\"it-IT\",\"@id\":\"https:\/\/www.pressenza.com\/it\/#\/schema\/logo\/image\/\",\"url\":\"https:\/\/www.pressenza.com\/wp-content\/uploads\/2022\/10\/pressenza_logo_200x200.jpg\",\"contentUrl\":\"https:\/\/www.pressenza.com\/wp-content\/uploads\/2022\/10\/pressenza_logo_200x200.jpg\",\"width\":200,\"height\":200,\"caption\":\"Pressenza\"},\"image\":{\"@id\":\"https:\/\/www.pressenza.com\/it\/#\/schema\/logo\/image\/\"},\"sameAs\":[\"https:\/\/www.facebook.com\/PressenzaItalia\",\"https:\/\/x.com\/PressenzaIPA\"]},{\"@type\":\"Person\",\"@id\":\"https:\/\/www.pressenza.com\/it\/#\/schema\/person\/39da6bde67055a1b8cddb12c57da5142\",\"name\":\"Luciano Muhlbauer\",\"description\":\"Collabora con le testate di informazione alternativa on line MilanoX e Milano In Movimento, \u00e8 stato tra i portavoce del Genoa Social Forum nel 2001 e uno dei segretari nazionali del sindacato di base SinCobas fino al 2005. Dal 2005 al 2010 \u00e8 stato consigliere regionale in Lombardia. www.lucianomuhlbauer.it\/blog\/\",\"sameAs\":[\"https:\/\/www.facebook.com\/luciano.muhlbauer\",\"https:\/\/x.com\/Muhlbauer_\"],\"url\":\"https:\/\/www.pressenza.com\/it\/author\/luciano-muhlbauer\/\"}]}<\/script>\n<!-- \/ Yoast SEO plugin. -->","yoast_head_json":{"title":"Il buono scuola lombardo discrimina: class action per risarcire le famiglie della scuola pubblica","description":"\u00c8 partita la prima\u00a0class action\u00a0contro il discriminatorio sistema di finanziamento pubblico della scuola privata che vige in Lombardia. Concretamente","robots":{"index":"index","follow":"follow","max-snippet":"max-snippet:-1","max-image-preview":"max-image-preview:large","max-video-preview":"max-video-preview:-1"},"canonical":"https:\/\/www.pressenza.com\/it\/2014\/07\/scuola-lombardo-discrimina-class-action-per-risarcire-famiglie-scuola-pubblica\/","og_locale":"it_IT","og_type":"article","og_title":"Il buono scuola lombardo discrimina: class action per risarcire le famiglie della scuola pubblica","og_description":"\u00c8 partita la prima\u00a0class action\u00a0contro il discriminatorio sistema di finanziamento pubblico della scuola privata che vige in Lombardia. Concretamente","og_url":"https:\/\/www.pressenza.com\/it\/2014\/07\/scuola-lombardo-discrimina-class-action-per-risarcire-famiglie-scuola-pubblica\/","og_site_name":"Pressenza","article_publisher":"https:\/\/www.facebook.com\/PressenzaItalia","article_author":"https:\/\/www.facebook.com\/luciano.muhlbauer","article_published_time":"2014-07-01T12:58:14+00:00","article_modified_time":"2014-07-01T12:59:49+00:00","og_image":[{"width":150,"height":112,"url":"https:\/\/www.pressenza.com\/wp-content\/uploads\/2014\/07\/io-amo-la-scuola-pubblica.jpg","type":"image\/jpeg"}],"author":"Luciano Muhlbauer","twitter_card":"summary_large_image","twitter_creator":"@Muhlbauer_","twitter_site":"@PressenzaIPA","twitter_misc":{"Scritto da":"Luciano Muhlbauer","Tempo di lettura stimato":"3 minuti"},"schema":{"@context":"https:\/\/schema.org","@graph":[{"@type":"Article","@id":"https:\/\/www.pressenza.com\/it\/2014\/07\/scuola-lombardo-discrimina-class-action-per-risarcire-famiglie-scuola-pubblica\/#article","isPartOf":{"@id":"https:\/\/www.pressenza.com\/it\/2014\/07\/scuola-lombardo-discrimina-class-action-per-risarcire-famiglie-scuola-pubblica\/"},"author":{"name":"Luciano Muhlbauer","@id":"https:\/\/www.pressenza.com\/it\/#\/schema\/person\/39da6bde67055a1b8cddb12c57da5142"},"headline":"Il buono scuola lombardo discrimina: class action per risarcire le famiglie della scuola pubblica","datePublished":"2014-07-01T12:58:14+00:00","dateModified":"2014-07-01T12:59:49+00:00","mainEntityOfPage":{"@id":"https:\/\/www.pressenza.com\/it\/2014\/07\/scuola-lombardo-discrimina-class-action-per-risarcire-famiglie-scuola-pubblica\/"},"wordCount":570,"publisher":{"@id":"https:\/\/www.pressenza.com\/it\/#organization"},"image":{"@id":"https:\/\/www.pressenza.com\/it\/2014\/07\/scuola-lombardo-discrimina-class-action-per-risarcire-famiglie-scuola-pubblica\/#primaryimage"},"thumbnailUrl":"https:\/\/www.pressenza.com\/wp-content\/uploads\/2014\/07\/io-amo-la-scuola-pubblica.jpg","keywords":["Buono Scuola","Regione Lombardia"],"articleSection":["Educazione","Europa","Opinioni"],"inLanguage":"it-IT"},{"@type":"WebPage","@id":"https:\/\/www.pressenza.com\/it\/2014\/07\/scuola-lombardo-discrimina-class-action-per-risarcire-famiglie-scuola-pubblica\/","url":"https:\/\/www.pressenza.com\/it\/2014\/07\/scuola-lombardo-discrimina-class-action-per-risarcire-famiglie-scuola-pubblica\/","name":"Il buono scuola lombardo discrimina: class action per risarcire le famiglie della scuola pubblica","isPartOf":{"@id":"https:\/\/www.pressenza.com\/it\/#website"},"primaryImageOfPage":{"@id":"https:\/\/www.pressenza.com\/it\/2014\/07\/scuola-lombardo-discrimina-class-action-per-risarcire-famiglie-scuola-pubblica\/#primaryimage"},"image":{"@id":"https:\/\/www.pressenza.com\/it\/2014\/07\/scuola-lombardo-discrimina-class-action-per-risarcire-famiglie-scuola-pubblica\/#primaryimage"},"thumbnailUrl":"https:\/\/www.pressenza.com\/wp-content\/uploads\/2014\/07\/io-amo-la-scuola-pubblica.jpg","datePublished":"2014-07-01T12:58:14+00:00","dateModified":"2014-07-01T12:59:49+00:00","description":"\u00c8 partita la prima\u00a0class action\u00a0contro il discriminatorio sistema di finanziamento pubblico della scuola privata che vige in Lombardia. Concretamente","breadcrumb":{"@id":"https:\/\/www.pressenza.com\/it\/2014\/07\/scuola-lombardo-discrimina-class-action-per-risarcire-famiglie-scuola-pubblica\/#breadcrumb"},"inLanguage":"it-IT","potentialAction":[{"@type":"ReadAction","target":["https:\/\/www.pressenza.com\/it\/2014\/07\/scuola-lombardo-discrimina-class-action-per-risarcire-famiglie-scuola-pubblica\/"]}]},{"@type":"ImageObject","inLanguage":"it-IT","@id":"https:\/\/www.pressenza.com\/it\/2014\/07\/scuola-lombardo-discrimina-class-action-per-risarcire-famiglie-scuola-pubblica\/#primaryimage","url":"https:\/\/www.pressenza.com\/wp-content\/uploads\/2014\/07\/io-amo-la-scuola-pubblica.jpg","contentUrl":"https:\/\/www.pressenza.com\/wp-content\/uploads\/2014\/07\/io-amo-la-scuola-pubblica.jpg","width":150,"height":112},{"@type":"BreadcrumbList","@id":"https:\/\/www.pressenza.com\/it\/2014\/07\/scuola-lombardo-discrimina-class-action-per-risarcire-famiglie-scuola-pubblica\/#breadcrumb","itemListElement":[{"@type":"ListItem","position":1,"name":"Accueil","item":"https:\/\/www.pressenza.com\/it\/"},{"@type":"ListItem","position":2,"name":"Il buono scuola lombardo discrimina: class action per risarcire le famiglie della scuola pubblica"}]},{"@type":"WebSite","@id":"https:\/\/www.pressenza.com\/it\/#website","url":"https:\/\/www.pressenza.com\/it\/","name":"Pressenza","description":"Agenzia di Stampa Internazionale","publisher":{"@id":"https:\/\/www.pressenza.com\/it\/#organization"},"potentialAction":[{"@type":"SearchAction","target":{"@type":"EntryPoint","urlTemplate":"https:\/\/www.pressenza.com\/it\/?s={search_term_string}"},"query-input":{"@type":"PropertyValueSpecification","valueRequired":true,"valueName":"search_term_string"}}],"inLanguage":"it-IT"},{"@type":"Organization","@id":"https:\/\/www.pressenza.com\/it\/#organization","name":"Pressenza","url":"https:\/\/www.pressenza.com\/it\/","logo":{"@type":"ImageObject","inLanguage":"it-IT","@id":"https:\/\/www.pressenza.com\/it\/#\/schema\/logo\/image\/","url":"https:\/\/www.pressenza.com\/wp-content\/uploads\/2022\/10\/pressenza_logo_200x200.jpg","contentUrl":"https:\/\/www.pressenza.com\/wp-content\/uploads\/2022\/10\/pressenza_logo_200x200.jpg","width":200,"height":200,"caption":"Pressenza"},"image":{"@id":"https:\/\/www.pressenza.com\/it\/#\/schema\/logo\/image\/"},"sameAs":["https:\/\/www.facebook.com\/PressenzaItalia","https:\/\/x.com\/PressenzaIPA"]},{"@type":"Person","@id":"https:\/\/www.pressenza.com\/it\/#\/schema\/person\/39da6bde67055a1b8cddb12c57da5142","name":"Luciano Muhlbauer","description":"Collabora con le testate di informazione alternativa on line MilanoX e Milano In Movimento, \u00e8 stato tra i portavoce del Genoa Social Forum nel 2001 e uno dei segretari nazionali del sindacato di base SinCobas fino al 2005. Dal 2005 al 2010 \u00e8 stato consigliere regionale in Lombardia. www.lucianomuhlbauer.it\/blog\/","sameAs":["https:\/\/www.facebook.com\/luciano.muhlbauer","https:\/\/x.com\/Muhlbauer_"],"url":"https:\/\/www.pressenza.com\/it\/author\/luciano-muhlbauer\/"}]}},"place":"Milano","original_article_url":"","_links":{"self":[{"href":"https:\/\/www.pressenza.com\/it\/wp-json\/wp\/v2\/posts\/116570","targetHints":{"allow":["GET"]}}],"collection":[{"href":"https:\/\/www.pressenza.com\/it\/wp-json\/wp\/v2\/posts"}],"about":[{"href":"https:\/\/www.pressenza.com\/it\/wp-json\/wp\/v2\/types\/post"}],"author":[{"embeddable":true,"href":"https:\/\/www.pressenza.com\/it\/wp-json\/wp\/v2\/users\/982"}],"replies":[{"embeddable":true,"href":"https:\/\/www.pressenza.com\/it\/wp-json\/wp\/v2\/comments?post=116570"}],"version-history":[{"count":0,"href":"https:\/\/www.pressenza.com\/it\/wp-json\/wp\/v2\/posts\/116570\/revisions"}],"wp:featuredmedia":[{"embeddable":true,"href":"https:\/\/www.pressenza.com\/it\/wp-json\/wp\/v2\/media\/116571"}],"wp:attachment":[{"href":"https:\/\/www.pressenza.com\/it\/wp-json\/wp\/v2\/media?parent=116570"}],"wp:term":[{"taxonomy":"category","embeddable":true,"href":"https:\/\/www.pressenza.com\/it\/wp-json\/wp\/v2\/categories?post=116570"},{"taxonomy":"post_tag","embeddable":true,"href":"https:\/\/www.pressenza.com\/it\/wp-json\/wp\/v2\/tags?post=116570"}],"curies":[{"name":"wp","href":"https:\/\/api.w.org\/{rel}","templated":true}]}}