{"id":1161011,"date":"2020-07-16T22:11:58","date_gmt":"2020-07-16T21:11:58","guid":{"rendered":"https:\/\/www.pressenza.com\/?p=1161011"},"modified":"2020-07-16T22:11:58","modified_gmt":"2020-07-16T21:11:58","slug":"buona-festa-del-papa","status":"publish","type":"post","link":"https:\/\/www.pressenza.com\/it\/2020\/07\/buona-festa-del-papa\/","title":{"rendered":"Buona Festa del Pap\u00e0"},"content":{"rendered":"<p align=\"JUSTIFY\"><span lang=\"it-IT\">Questa domenica nessuno celebrer\u00e0 la festa del pap\u00e0 per Juana Monta\u00f1o. Nessuno porter\u00e0 un fiore a casa sua a Puerto Tejada come faceva Maria del Pilar Hurtado da bambina, chiedendo con il suo sorriso smagliante: <\/span><span lang=\"it-IT\">&#8220;Macch\u00e9 pap\u00e0, se io ho la mamma?\u201d. <\/span><span lang=\"it-IT\"> Juana &#8211; pelle d&#8217;ebano, occhi bellissimi, 64 anni, di cui 50 a pulire le case altrui per guadagnarsi da vivere \u2013 si toglie le ragnatele dall&#8217;anima per raccontare: <\/span><span lang=\"it-IT\">&#8220;Quando lei aveva tre mesi&#8230; lui, suo padre, ci ha abbandonati. \u00c8 partito per il Venezuela e si \u00e8 fatto un&#8217;altra casa&#8230; Dovevo essere padre e madre per tutti i miei figli&#8221;. <\/span><\/p>\n<p lang=\"it-IT\" align=\"JUSTIFY\">Poco pi\u00f9 di un anno fa, venerd\u00ec 21 giugno 2019, alle 6:50 del mattino, Mar\u00eda del Pilar \u00e8 stata uccisa lontano da lei, a Tierralta, C\u00f3rdoba. Due sicari in moto la stavano aspettando mentre usciva di casa per andare al lavoro. Le hanno sparato quattro volte davanti a uno dei suoi figli.<\/p>\n<p lang=\"it-IT\" align=\"JUSTIFY\">Il crimine sarebbe passato inosservato, come quello di altri 626 leader sociali in Colombia, se non fosse stato per il fatto che un vicino di casa ha registrato la reazione di Mellicito, uno dei suoi quattro figli, sul suo cellulare pochi secondi dopo l&#8217;omicidio.<\/p>\n<p align=\"JUSTIFY\"><span lang=\"it-IT\">L&#8217;immagine ha fatto il giro del mondo. Un bambino piangeva accanto al corpo inerte della madre, gridando <\/span><span lang=\"it-IT\">&#8220;perch\u00e9&#8221;,<\/span><span lang=\"it-IT\"> mentre sbatteva le mani su una catapecchia di palma e plastica; e prendeva a calci la terra maledetta che vedeva cadere la persona che pi\u00f9 lo aveva amato in vita. <\/span><\/p>\n<p align=\"JUSTIFY\"><span lang=\"it-IT\">&#8211; \u201cHanno ammazzato la mia bambina come un cane&#8221;,<\/span><span lang=\"it-IT\"> sospira Juana. <\/span><span lang=\"it-IT\">\u201cl&#8217;hanno fatto per un pezzo di terra\u201d<\/span><span lang=\"it-IT\">.<\/span><\/p>\n<p lang=\"it-IT\" align=\"JUSTIFY\">Mar\u00eda del Pilar Hurtado, riciclatrice e operaia in una segheria, faceva parte di un gruppo di coloni che avevano preso alcuni terreni vicino al quartiere 9 de Agosto a Tierralta. Ha difeso i diritti di queste famiglie e ha chiesto che venisse dato loro il titolo di propriet\u00e0 della terra. Il proprietario di parte di quel terreno era Fabio Otero Paternina, padre dell&#8217;allora sindaco Fabio Otero Avil\u00e9s.<\/p>\n<p align=\"JUSTIFY\"><span lang=\"it-IT\">La notizia mondiale dell&#8217;assassinio \u00e9 arrivata fino al presidente Ivan Duque a Parigi. Nel suo account Twitter ha pubblicato il formato standard per questi casi: <\/span><span lang=\"it-IT\">&#8220;Condanniamo l&#8217;atroce omicidio di Maria del Pilar Hurtado Monta\u00f1o a Tierralta, Cordoba. Siamo profondamente feriti dalla tristezza e dalla sofferenza di suo figlio&#8230;&#8221;.<\/span><span lang=\"it-IT\"> E dico che \u00e8 un formato preconfezionato perch\u00e9 con una formulazione quasi identica, ha deplorato qualche tempo dopo l&#8217;uccisione<\/span><span lang=\"it-IT\"> di due ecologisti<\/span> <span lang=\"it-IT\">&#8220;Condanniamo l&#8217;atroce omicidio di Natalia e Rodrigo nella zona rurale di Santa Marta\u2026\u201d <\/span><\/p>\n<p align=\"JUSTIFY\"><span lang=\"it-IT\">Il presidente ha ordinato dall&#8217;Europa al suo consigliere per i diritti umani di rappresentarlo nella commissione che aveva l&#8217;urgente missione di chiarire l&#8217;omicidio. Il funzionario ha annunciato che un procuratore specializzato avrebbe guidato l&#8217;inchiesta e che sarebbe stato accompagnato da venti membri delle Forze Armate e da quattro membri del Dij\u00edn <\/span><span lang=\"it-IT\">&#8220;affinch\u00e9 i responsabili di questo atto possano essere trovati rapidamente&#8221;.<\/span><\/p>\n<p lang=\"it-IT\" align=\"JUSTIFY\">Il consigliere che ha fatto questo promettente annuncio \u00e8 ora il Procuratore Generale della nazione, Francisco Barbosa. Tuttavia, un anno dopo, i rapidi risultati promessi non sono ancora arrivati. Il caso dorme in un ufficio del Procuratore di Monter\u00eda.<\/p>\n<p align=\"JUSTIFY\"><span lang=\"it-IT\">Subito dopo il reato, l&#8217;ufficio del Procuratore Generale ha sospeso il sindaco Fabio Otero Avil\u00e9s affinch\u00e9 il suo potere non si facesse sentire nell&#8217;indagine <\/span><span lang=\"it-IT\">&#8220;per presunte irregolarit\u00e0 nel controllo dell&#8217;ordine pubblico, che avrebbero portato all&#8217;omicidio di Mar\u00eda del Pilar Hurtado&#8221;. <\/span><\/p>\n<p lang=\"it-IT\" align=\"JUSTIFY\">Pochi giorni dopo, il sindaco ha presentato un&#8217;azione di tutela contro la decisione presso l&#8217;Ufficio del Procuratore Generale, che ha avuto una procedura straordinaria. \u00c8 entrata nel sistema di consegna automatica alle 9:33 del mattino ed \u00e8 stata assegnata al quarto tribunale penale. Quattro minuti dopo, alle 9:37, senza che nessuno si spiegasse il perch\u00e9, \u00e8 arrivata al tribunale di prima istanza. Era passato appena un minuto quando l&#8217;inquietante tutela fu deferita al tribunale di quarta istanza, ma non vi \u00e8 rimasta. Alle 9:42 \u00e8 finita nel tribunale di seconda, dove il titolare, onorevole giudice Edwin Jose Rodelo Tapias ha deliberato, in tempo record, a favore di Otero.<\/p>\n<p lang=\"it-IT\" align=\"JUSTIFY\">Il Procuratore Generale ha denunciato la manipolazione, ha aperto un&#8217;indagine contro il responsabile della distribuzione e ha contestato la tutela. Il caso giunse poi al Tribunale Superiore di Monter\u00eda, dove i giudici in carica si dichiararono impediti, in quanto si consideravano tutti &#8220;nemici&#8221; del procuratore del sindaco Otero. Di conseguenza, lo studio della tutela \u00e8 stato ripreso da alcuni giudici che hanno ratificato che il sindaco interrogato aveva il diritto di tornare in carica.<\/p>\n<p align=\"JUSTIFY\"><span lang=\"it-IT\">Il potente Fabio Leonardo Otero Avil\u00e9s, che molti chiamano Mauricio, ha terminato la sua amministrazione a dicembre. I paramilitari continuano a operare nella regione: le Forze di Autodifesa Gaitanistas della Colombia, che \u00e8 il nome d&#8217;arte del Clan del Golfo, la banda di Caparros, recentemente denominata \u201cblocco Virgilo Peralta Arenas\u201d, e i cosiddetti dissidenti delle Farc, che secondo un residente locale <\/span><span lang=\"it-IT\">&#8220;si definiscono cos\u00ec, ma sono uomini che un tempo conoscevamo come paramilitari&#8221;. <\/span><\/p>\n<p lang=\"it-IT\" align=\"JUSTIFY\">Il delitto di Mar\u00eda del Pilar Hurtado continua a rimanere impunito.<\/p>\n<p align=\"JUSTIFY\"><span lang=\"it-IT\">-\u201cTutto quello che il Presidente mi ha promesso, non l&#8217;ha fatto\u201d, <\/span><span lang=\"it-IT\">dice<\/span><span lang=\"it-IT\">, senza rancore, Juana Monta\u00f1o &#8211; \u201c<\/span><span lang=\"it-IT\">Mi ha proprio dimenticata&#8230; Mi hanno abbandonata, questo \u00e8 molto brutto\u201d<\/span><span lang=\"it-IT\">.<\/span><\/p>\n<p lang=\"it-IT\" align=\"JUSTIFY\">Ora si prende cura dei quattro orfani, riceve un esiguo aiuto dal padre del pi\u00f9 piccolo dei bambini. Loro, che hanno sofferto tanto, forse oggi capiscono perch\u00e9 la nonna dovrebbe ricevere un abbraccio per la festa del pap\u00e0.<\/p>\n<p lang=\"it-IT\" align=\"JUSTIFY\"><strong>Di <a href=\"http:\/\/@Dcoronell\">Daniel Coronell<\/a><\/strong>*<\/p>\n<p lang=\"it-IT\" align=\"JUSTIFY\"><em>Traduzione dallo spagnolo di Annalisa Pensiero. Revisione: Silvia Nocera<\/em><\/p>\n<p lang=\"it-IT\" align=\"JUSTIFY\">&#8212;&#8212;&#8212;&#8212;<\/p>\n<p lang=\"it-IT\" align=\"JUSTIFY\">* Giornalista, investigatore. Ha portato alla luce i casi pi\u00f9 complessi di corruzione nella politica e nel potere colombiano. \u00c8 stato per molti anni l&#8217;editorialista pi\u00f9 letto in Colombia. Attualmente \u00e8 editorialista e fondatore di #LosDanieles, un portale giornalistico molto letto e di grande impatto in Colombia. (Twitter: Dcoronell)<\/p>\n<p lang=\"it-IT\" align=\"JUSTIFY\"><em>Questo articolo fa parte di una serie di articoli scritti da giornalisti colombiani, in memoria dei leader sociali assassinati nel loro paese. Leggi quelli gi\u00e0 pubblicati su Pressenza in <a href=\"https:\/\/www.pressenza.com\/it\/tag\/lahuelladeloslideres-it\/\">questo link<\/a>.<\/em><\/p>\n","protected":false},"excerpt":{"rendered":"<p>Questa domenica nessuno celebrer\u00e0 la festa del pap\u00e0 per Juana Monta\u00f1o. Nessuno porter\u00e0 un fiore a casa sua a Puerto Tejada come faceva Maria del Pilar Hurtado da bambina, chiedendo con il suo sorriso smagliante: &#8220;Macch\u00e9 pap\u00e0, se io ho&hellip;<\/p>\n","protected":false},"author":1053,"featured_media":1156688,"comment_status":"closed","ping_status":"closed","sticky":false,"template":"","format":"standard","meta":{"footnotes":""},"categories":[60,162,1263,48],"tags":[78682,78683,1563,78684,58990,4878],"class_list":["post-1161011","post","type-post","status-publish","format-standard","has-post-thumbnail","hentry","category-diritti-umani","category-opinioni","category-pace-disarmo","category-sud-america","tag-defendamoslapaz-it","tag-lahuelladeloslideres-it","tag-colombia-it","tag-dlp-it","tag-leader-sociali","tag-processo-di-pace"],"yoast_head":"<!-- This site is optimized with the Yoast SEO plugin v27.1.1 - https:\/\/yoast.com\/product\/yoast-seo-wordpress\/ -->\n<title>Buona Festa del Pap\u00e0<\/title>\n<meta name=\"description\" content=\"Questa domenica nessuno celebrer\u00e0 la festa del pap\u00e0 per Juana Monta\u00f1o. Nessuno porter\u00e0 un fiore a casa sua a Puerto Tejada come faceva Maria del Pilar\" \/>\n<meta name=\"robots\" content=\"index, follow, max-snippet:-1, max-image-preview:large, max-video-preview:-1\" \/>\n<link rel=\"canonical\" href=\"https:\/\/www.pressenza.com\/it\/2020\/07\/buona-festa-del-papa\/\" \/>\n<meta property=\"og:locale\" content=\"it_IT\" \/>\n<meta property=\"og:type\" content=\"article\" \/>\n<meta property=\"og:title\" content=\"Buona Festa del Pap\u00e0\" \/>\n<meta property=\"og:description\" content=\"Questa domenica nessuno celebrer\u00e0 la festa del pap\u00e0 per Juana Monta\u00f1o. Nessuno porter\u00e0 un fiore a casa sua a Puerto Tejada come faceva Maria del Pilar\" \/>\n<meta property=\"og:url\" content=\"https:\/\/www.pressenza.com\/it\/2020\/07\/buona-festa-del-papa\/\" \/>\n<meta property=\"og:site_name\" content=\"Pressenza\" \/>\n<meta property=\"article:publisher\" content=\"https:\/\/www.facebook.com\/PressenzaItalia\" \/>\n<meta property=\"article:published_time\" content=\"2020-07-16T21:11:58+00:00\" \/>\n<meta property=\"og:image\" content=\"https:\/\/www.pressenza.com\/wp-content\/uploads\/2020\/07\/La-huella1.jpg\" \/>\n\t<meta property=\"og:image:width\" content=\"781\" \/>\n\t<meta property=\"og:image:height\" content=\"450\" \/>\n\t<meta property=\"og:image:type\" content=\"image\/jpeg\" \/>\n<meta name=\"author\" content=\"Redacci\u00f3n Colombia\" \/>\n<meta name=\"twitter:card\" content=\"summary_large_image\" \/>\n<meta name=\"twitter:creator\" content=\"@PressenzaIPA\" \/>\n<meta name=\"twitter:site\" content=\"@PressenzaIPA\" \/>\n<meta name=\"twitter:label1\" content=\"Scritto da\" \/>\n\t<meta name=\"twitter:data1\" content=\"Redacci\u00f3n Colombia\" \/>\n\t<meta name=\"twitter:label2\" content=\"Tempo di lettura stimato\" \/>\n\t<meta name=\"twitter:data2\" content=\"5 minuti\" \/>\n<script type=\"application\/ld+json\" class=\"yoast-schema-graph\">{\"@context\":\"https:\/\/schema.org\",\"@graph\":[{\"@type\":\"Article\",\"@id\":\"https:\/\/www.pressenza.com\/it\/2020\/07\/buona-festa-del-papa\/#article\",\"isPartOf\":{\"@id\":\"https:\/\/www.pressenza.com\/it\/2020\/07\/buona-festa-del-papa\/\"},\"author\":{\"name\":\"Redacci\u00f3n Colombia\",\"@id\":\"https:\/\/www.pressenza.com\/it\/#\/schema\/person\/7c8ee170a4502d638436c91e385315f2\"},\"headline\":\"Buona Festa del Pap\u00e0\",\"datePublished\":\"2020-07-16T21:11:58+00:00\",\"mainEntityOfPage\":{\"@id\":\"https:\/\/www.pressenza.com\/it\/2020\/07\/buona-festa-del-papa\/\"},\"wordCount\":996,\"publisher\":{\"@id\":\"https:\/\/www.pressenza.com\/it\/#organization\"},\"image\":{\"@id\":\"https:\/\/www.pressenza.com\/it\/2020\/07\/buona-festa-del-papa\/#primaryimage\"},\"thumbnailUrl\":\"https:\/\/www.pressenza.com\/wp-content\/uploads\/2020\/07\/La-huella1.jpg\",\"keywords\":[\"#DefendamosLaPaz\",\"#LaHuellaDeLosLideres\",\"Colombia\",\"DLP\",\"leader sociali\",\"processo di pace\"],\"articleSection\":[\"Diritti Umani\",\"Opinioni\",\"Pace e Disarmo\",\"Sud America\"],\"inLanguage\":\"it-IT\"},{\"@type\":\"WebPage\",\"@id\":\"https:\/\/www.pressenza.com\/it\/2020\/07\/buona-festa-del-papa\/\",\"url\":\"https:\/\/www.pressenza.com\/it\/2020\/07\/buona-festa-del-papa\/\",\"name\":\"Buona Festa del Pap\u00e0\",\"isPartOf\":{\"@id\":\"https:\/\/www.pressenza.com\/it\/#website\"},\"primaryImageOfPage\":{\"@id\":\"https:\/\/www.pressenza.com\/it\/2020\/07\/buona-festa-del-papa\/#primaryimage\"},\"image\":{\"@id\":\"https:\/\/www.pressenza.com\/it\/2020\/07\/buona-festa-del-papa\/#primaryimage\"},\"thumbnailUrl\":\"https:\/\/www.pressenza.com\/wp-content\/uploads\/2020\/07\/La-huella1.jpg\",\"datePublished\":\"2020-07-16T21:11:58+00:00\",\"description\":\"Questa domenica nessuno celebrer\u00e0 la festa del pap\u00e0 per Juana Monta\u00f1o. Nessuno porter\u00e0 un fiore a casa sua a Puerto Tejada come faceva Maria del Pilar\",\"breadcrumb\":{\"@id\":\"https:\/\/www.pressenza.com\/it\/2020\/07\/buona-festa-del-papa\/#breadcrumb\"},\"inLanguage\":\"it-IT\",\"potentialAction\":[{\"@type\":\"ReadAction\",\"target\":[\"https:\/\/www.pressenza.com\/it\/2020\/07\/buona-festa-del-papa\/\"]}]},{\"@type\":\"ImageObject\",\"inLanguage\":\"it-IT\",\"@id\":\"https:\/\/www.pressenza.com\/it\/2020\/07\/buona-festa-del-papa\/#primaryimage\",\"url\":\"https:\/\/www.pressenza.com\/wp-content\/uploads\/2020\/07\/La-huella1.jpg\",\"contentUrl\":\"https:\/\/www.pressenza.com\/wp-content\/uploads\/2020\/07\/La-huella1.jpg\",\"width\":781,\"height\":450,\"caption\":\"Assez de meurtres !\"},{\"@type\":\"BreadcrumbList\",\"@id\":\"https:\/\/www.pressenza.com\/it\/2020\/07\/buona-festa-del-papa\/#breadcrumb\",\"itemListElement\":[{\"@type\":\"ListItem\",\"position\":1,\"name\":\"Accueil\",\"item\":\"https:\/\/www.pressenza.com\/it\/\"},{\"@type\":\"ListItem\",\"position\":2,\"name\":\"Buona Festa del Pap\u00e0\"}]},{\"@type\":\"WebSite\",\"@id\":\"https:\/\/www.pressenza.com\/it\/#website\",\"url\":\"https:\/\/www.pressenza.com\/it\/\",\"name\":\"Pressenza\",\"description\":\"Agenzia di Stampa Internazionale\",\"publisher\":{\"@id\":\"https:\/\/www.pressenza.com\/it\/#organization\"},\"potentialAction\":[{\"@type\":\"SearchAction\",\"target\":{\"@type\":\"EntryPoint\",\"urlTemplate\":\"https:\/\/www.pressenza.com\/it\/?s={search_term_string}\"},\"query-input\":{\"@type\":\"PropertyValueSpecification\",\"valueRequired\":true,\"valueName\":\"search_term_string\"}}],\"inLanguage\":\"it-IT\"},{\"@type\":\"Organization\",\"@id\":\"https:\/\/www.pressenza.com\/it\/#organization\",\"name\":\"Pressenza\",\"url\":\"https:\/\/www.pressenza.com\/it\/\",\"logo\":{\"@type\":\"ImageObject\",\"inLanguage\":\"it-IT\",\"@id\":\"https:\/\/www.pressenza.com\/it\/#\/schema\/logo\/image\/\",\"url\":\"https:\/\/www.pressenza.com\/wp-content\/uploads\/2022\/10\/pressenza_logo_200x200.jpg\",\"contentUrl\":\"https:\/\/www.pressenza.com\/wp-content\/uploads\/2022\/10\/pressenza_logo_200x200.jpg\",\"width\":200,\"height\":200,\"caption\":\"Pressenza\"},\"image\":{\"@id\":\"https:\/\/www.pressenza.com\/it\/#\/schema\/logo\/image\/\"},\"sameAs\":[\"https:\/\/www.facebook.com\/PressenzaItalia\",\"https:\/\/x.com\/PressenzaIPA\"]},{\"@type\":\"Person\",\"@id\":\"https:\/\/www.pressenza.com\/it\/#\/schema\/person\/7c8ee170a4502d638436c91e385315f2\",\"name\":\"Redacci\u00f3n Colombia\",\"description\":\"News published by the Pressenza bureau in Colombia\",\"url\":\"https:\/\/www.pressenza.com\/it\/author\/redaccion-colombia\/\"}]}<\/script>\n<!-- \/ Yoast SEO plugin. -->","yoast_head_json":{"title":"Buona Festa del Pap\u00e0","description":"Questa domenica nessuno celebrer\u00e0 la festa del pap\u00e0 per Juana Monta\u00f1o. Nessuno porter\u00e0 un fiore a casa sua a Puerto Tejada come faceva Maria del Pilar","robots":{"index":"index","follow":"follow","max-snippet":"max-snippet:-1","max-image-preview":"max-image-preview:large","max-video-preview":"max-video-preview:-1"},"canonical":"https:\/\/www.pressenza.com\/it\/2020\/07\/buona-festa-del-papa\/","og_locale":"it_IT","og_type":"article","og_title":"Buona Festa del Pap\u00e0","og_description":"Questa domenica nessuno celebrer\u00e0 la festa del pap\u00e0 per Juana Monta\u00f1o. Nessuno porter\u00e0 un fiore a casa sua a Puerto Tejada come faceva Maria del Pilar","og_url":"https:\/\/www.pressenza.com\/it\/2020\/07\/buona-festa-del-papa\/","og_site_name":"Pressenza","article_publisher":"https:\/\/www.facebook.com\/PressenzaItalia","article_published_time":"2020-07-16T21:11:58+00:00","og_image":[{"width":781,"height":450,"url":"https:\/\/www.pressenza.com\/wp-content\/uploads\/2020\/07\/La-huella1.jpg","type":"image\/jpeg"}],"author":"Redacci\u00f3n Colombia","twitter_card":"summary_large_image","twitter_creator":"@PressenzaIPA","twitter_site":"@PressenzaIPA","twitter_misc":{"Scritto da":"Redacci\u00f3n Colombia","Tempo di lettura stimato":"5 minuti"},"schema":{"@context":"https:\/\/schema.org","@graph":[{"@type":"Article","@id":"https:\/\/www.pressenza.com\/it\/2020\/07\/buona-festa-del-papa\/#article","isPartOf":{"@id":"https:\/\/www.pressenza.com\/it\/2020\/07\/buona-festa-del-papa\/"},"author":{"name":"Redacci\u00f3n Colombia","@id":"https:\/\/www.pressenza.com\/it\/#\/schema\/person\/7c8ee170a4502d638436c91e385315f2"},"headline":"Buona Festa del Pap\u00e0","datePublished":"2020-07-16T21:11:58+00:00","mainEntityOfPage":{"@id":"https:\/\/www.pressenza.com\/it\/2020\/07\/buona-festa-del-papa\/"},"wordCount":996,"publisher":{"@id":"https:\/\/www.pressenza.com\/it\/#organization"},"image":{"@id":"https:\/\/www.pressenza.com\/it\/2020\/07\/buona-festa-del-papa\/#primaryimage"},"thumbnailUrl":"https:\/\/www.pressenza.com\/wp-content\/uploads\/2020\/07\/La-huella1.jpg","keywords":["#DefendamosLaPaz","#LaHuellaDeLosLideres","Colombia","DLP","leader sociali","processo di pace"],"articleSection":["Diritti Umani","Opinioni","Pace e Disarmo","Sud America"],"inLanguage":"it-IT"},{"@type":"WebPage","@id":"https:\/\/www.pressenza.com\/it\/2020\/07\/buona-festa-del-papa\/","url":"https:\/\/www.pressenza.com\/it\/2020\/07\/buona-festa-del-papa\/","name":"Buona Festa del Pap\u00e0","isPartOf":{"@id":"https:\/\/www.pressenza.com\/it\/#website"},"primaryImageOfPage":{"@id":"https:\/\/www.pressenza.com\/it\/2020\/07\/buona-festa-del-papa\/#primaryimage"},"image":{"@id":"https:\/\/www.pressenza.com\/it\/2020\/07\/buona-festa-del-papa\/#primaryimage"},"thumbnailUrl":"https:\/\/www.pressenza.com\/wp-content\/uploads\/2020\/07\/La-huella1.jpg","datePublished":"2020-07-16T21:11:58+00:00","description":"Questa domenica nessuno celebrer\u00e0 la festa del pap\u00e0 per Juana Monta\u00f1o. Nessuno porter\u00e0 un fiore a casa sua a Puerto Tejada come faceva Maria del Pilar","breadcrumb":{"@id":"https:\/\/www.pressenza.com\/it\/2020\/07\/buona-festa-del-papa\/#breadcrumb"},"inLanguage":"it-IT","potentialAction":[{"@type":"ReadAction","target":["https:\/\/www.pressenza.com\/it\/2020\/07\/buona-festa-del-papa\/"]}]},{"@type":"ImageObject","inLanguage":"it-IT","@id":"https:\/\/www.pressenza.com\/it\/2020\/07\/buona-festa-del-papa\/#primaryimage","url":"https:\/\/www.pressenza.com\/wp-content\/uploads\/2020\/07\/La-huella1.jpg","contentUrl":"https:\/\/www.pressenza.com\/wp-content\/uploads\/2020\/07\/La-huella1.jpg","width":781,"height":450,"caption":"Assez de meurtres !"},{"@type":"BreadcrumbList","@id":"https:\/\/www.pressenza.com\/it\/2020\/07\/buona-festa-del-papa\/#breadcrumb","itemListElement":[{"@type":"ListItem","position":1,"name":"Accueil","item":"https:\/\/www.pressenza.com\/it\/"},{"@type":"ListItem","position":2,"name":"Buona Festa del Pap\u00e0"}]},{"@type":"WebSite","@id":"https:\/\/www.pressenza.com\/it\/#website","url":"https:\/\/www.pressenza.com\/it\/","name":"Pressenza","description":"Agenzia di Stampa Internazionale","publisher":{"@id":"https:\/\/www.pressenza.com\/it\/#organization"},"potentialAction":[{"@type":"SearchAction","target":{"@type":"EntryPoint","urlTemplate":"https:\/\/www.pressenza.com\/it\/?s={search_term_string}"},"query-input":{"@type":"PropertyValueSpecification","valueRequired":true,"valueName":"search_term_string"}}],"inLanguage":"it-IT"},{"@type":"Organization","@id":"https:\/\/www.pressenza.com\/it\/#organization","name":"Pressenza","url":"https:\/\/www.pressenza.com\/it\/","logo":{"@type":"ImageObject","inLanguage":"it-IT","@id":"https:\/\/www.pressenza.com\/it\/#\/schema\/logo\/image\/","url":"https:\/\/www.pressenza.com\/wp-content\/uploads\/2022\/10\/pressenza_logo_200x200.jpg","contentUrl":"https:\/\/www.pressenza.com\/wp-content\/uploads\/2022\/10\/pressenza_logo_200x200.jpg","width":200,"height":200,"caption":"Pressenza"},"image":{"@id":"https:\/\/www.pressenza.com\/it\/#\/schema\/logo\/image\/"},"sameAs":["https:\/\/www.facebook.com\/PressenzaItalia","https:\/\/x.com\/PressenzaIPA"]},{"@type":"Person","@id":"https:\/\/www.pressenza.com\/it\/#\/schema\/person\/7c8ee170a4502d638436c91e385315f2","name":"Redacci\u00f3n Colombia","description":"News published by the Pressenza bureau in Colombia","url":"https:\/\/www.pressenza.com\/it\/author\/redaccion-colombia\/"}]}},"place":"Bogot\u00e0","original_article_url":"","_links":{"self":[{"href":"https:\/\/www.pressenza.com\/it\/wp-json\/wp\/v2\/posts\/1161011","targetHints":{"allow":["GET"]}}],"collection":[{"href":"https:\/\/www.pressenza.com\/it\/wp-json\/wp\/v2\/posts"}],"about":[{"href":"https:\/\/www.pressenza.com\/it\/wp-json\/wp\/v2\/types\/post"}],"author":[{"embeddable":true,"href":"https:\/\/www.pressenza.com\/it\/wp-json\/wp\/v2\/users\/1053"}],"replies":[{"embeddable":true,"href":"https:\/\/www.pressenza.com\/it\/wp-json\/wp\/v2\/comments?post=1161011"}],"version-history":[{"count":0,"href":"https:\/\/www.pressenza.com\/it\/wp-json\/wp\/v2\/posts\/1161011\/revisions"}],"wp:featuredmedia":[{"embeddable":true,"href":"https:\/\/www.pressenza.com\/it\/wp-json\/wp\/v2\/media\/1156688"}],"wp:attachment":[{"href":"https:\/\/www.pressenza.com\/it\/wp-json\/wp\/v2\/media?parent=1161011"}],"wp:term":[{"taxonomy":"category","embeddable":true,"href":"https:\/\/www.pressenza.com\/it\/wp-json\/wp\/v2\/categories?post=1161011"},{"taxonomy":"post_tag","embeddable":true,"href":"https:\/\/www.pressenza.com\/it\/wp-json\/wp\/v2\/tags?post=1161011"}],"curies":[{"name":"wp","href":"https:\/\/api.w.org\/{rel}","templated":true}]}}