{"id":1157008,"date":"2020-07-11T21:02:00","date_gmt":"2020-07-11T20:02:00","guid":{"rendered":"https:\/\/www.pressenza.com\/?p=1157008"},"modified":"2020-10-12T22:05:08","modified_gmt":"2020-10-12T21:05:08","slug":"bolsonaro-e-loms-uniti-nella-stessa-lotta","status":"publish","type":"post","link":"https:\/\/www.pressenza.com\/it\/2020\/07\/bolsonaro-e-loms-uniti-nella-stessa-lotta\/","title":{"rendered":"Bolsonaro e l&#8217;OMS uniti nella stessa lotta?"},"content":{"rendered":"<p>Jair Bolsonaro, come Trump, sostiene che non esiste l\u2019epidemia da Covid 19 e si mostra sorridente mentre ingolla la Clorochina ottenendo cos\u00ec l\u2019immagine di un despota buontempone e decisamente stupido.<\/p>\n<p>Molte persone fanno un semplice ragionamento: se lui prende la Clorochina deve essere stupido assumerla.<\/p>\n<p>Bisogna qui chiarire che l\u2019Idrossiclorochina va somministrata con saggezza e non come nel video di Bolsonaro che ne parla come se fosse la nuova aspirina, facendo credere che il Covid 19 sia un banale raffreddore e distanziamenti e protezioni non servono, \u201cva tutto bene\u201d nonostante le migliaia di morti, e si torna felici a lavorare.<\/p>\n<p>L\u2019OMS per canto suo bandisce la Clorochina a seguito dello studio di\u00a0 Mandep R.Mehra e Coll, uscito su\u00a0<span style=\"color: #0000ff;\"><u><a href=\"https:\/\/doi.org\/10.1016\/S0140-6736(20)31180-6\">The Lancet<\/a><\/u><\/span>\u00a0\u00a0 e subito demolito da 120 scienziati e centinaia di medici in quanto\u00a0<i>sostanzialmente\u00a0 stupido\u00a0<\/i>(vedi\u00a0<span style=\"color: #0000ff;\"><u><a href=\"https:\/\/www.pressenza.com\/it\/2020\/07\/vincere-la-paura-la-via-del-movimento-ippocrate\/\">intervista su Pressenza a IppocrateOrg<\/a><\/u><\/span>)\u00a0 \u00a0e poi sulla base di uno studio a prima vista di alto profilo (<span style=\"color: #0000ff;\"><u><a href=\"https:\/\/www.recoverytrial.net\/files\/hcq-recovery-statement-050620-final-002.pdf\">Recovery\u00a0 di Oxford<\/a><\/u><\/span>\u00a0)\u00a0 che non ha una buona base clinica, nonostante l\u2019apparenza.<\/p>\n<p>Il risultato anche qui \u00e8: la Idrossiclorochina non serve a nulla contro il Covid 19, lo dice l\u2019OMS\u2026(finanziata in buona parte da Bill Gates e Big Pharma che puntano a introdurre il vaccino anti Covid e antiinfluenzale su vasta scala), che ignora volutamente l\u2019esistenza di molti studi scientifici che hanno dimostrato l\u2019efficacia dell\u2019Idrossiclorochina. Non ultimo lo<span style=\"color: #0000ff;\"><u><a href=\"https:\/\/www.sciencedirect.com\/science\/article\/pii\/S1477893920302817\">\u00a0studio di Marsiglia<\/a><\/u><\/span>\u00a0del Prof. Didier Raoul.<\/p>\n<p>Mi spiego meglio: nello studio Recovery hanno usato l\u2019Idrossiclorochina a dosaggi molto superiori a quelli consigliati, su pazienti gi\u00e0 gravi a cui non ha senso dare questa terapia anche a dosaggi regolari. Inoltre, hanno testato la Idrossiclorocina da sola, quando si sa che \u00e8 efficace nelle prime fasi della malattia e se associata a Azitromicina e a volte con Eparina.<\/p>\n<p>Qual \u00e8 la finalit\u00e0 di questo\u00a0<i>pasticcio inglese<\/i>? Non vorrei sembrare maliziosa, ma all\u2019orizzonte si profilano i grandi interessi per le costose terapie con antivirali e il vaccino anti Covid, che risulter\u00e0 fondamentale laddove non avremo una terapia semplice ed efficace per arginare e curare i casi sul nascere, ben prima che arrivino nella fase avanzata e, infine, alle cure intensive.<\/p>\n<p>Non si pu\u00f2 dubitare dell\u2019esistenza della pandemia da Covid 19, come vorrebbero i populisti regnanti, ma del fatto che la causa sia solo il Corona Virus s\u00ec, almeno osservando gli eventi, cos\u00ec come sono andati.<\/p>\n<p>Ricordo qui che l\u2019Associazione dei Medici e Chirurghi Americana(AAPS) ha presentato il 22 giugno 2020 una richiesta di ingiunzione preliminare per costringere il governo americano a liberalizzare l\u2019uso della Idrossiclorochina. \u201cPerch\u00e9 il governo continua a trattenere oltre 60 milioni di dosi di HCQ?\u201d chiede Jane Orient, M.D., direttore esecutivo di AAPS. \u201cQuesto farmaco potenzialmente salvavita abbonda nei magazzini del governo mentre gli americani muoiono per COVID-19\u2033.<\/p>\n<p>Insomma, Bolsonaro da una parte e O.M.S. dall\u2019altra demoliscono l\u2019unico farmaco economico ed efficace nelle prime fasi della malattia: l\u2019Idrossiclorochina. Difficile dire quanto prevalga la stupidit\u00e0 o il banditismo in entrambi.<\/p>\n<p>Il prof. Cipolla dell\u2019Universit\u00e0 di Berkley ci metteva in guardia a suo tempo:<\/p>\n<p>Le persone ragionevoli sono spesso messi in scacco dagli stupidi in quanto vengono sorpresi dal loro attacco imprevedibile e non riescono ad organizzare una difesa razionale perch\u00e9 l\u2019attacco non ha alcuna struttura razionale. (liberamente tratto da \u201cLeggi fondamentali della stupidit\u00e0 umana\u201d).<\/p>\n<p>Ci sarebbe da sorridere, ma se pensiamo ai danni che queste posizioni, apparentemente opposte, procurano al mondo, che continua a morire per il COVID 19, viene da chiedersi in quale disperata direzione sta andando l\u2019umanit\u00e0.<\/p>\n<p>Possiamo e dobbiamo smettere di delegare la lettura del reale a politici e superesperti e dar voce al nostro senso critico smantellando pazientemente i costrutti pseudo scientifici e i populismi che sostengono semplicemente i grandi interessi delle multinazionali.<\/p>\n<p>Molti movimenti stanno sorgendo in tutto il mondo, di medici e cittadini, che si ribellano alla stupidit\u00e0 arrogante di chi pensa agli interessi di pochi scordando che non c\u2019\u00e8 salvezza se essa non raggiunge tutti, perch\u00e9 siamo interconnessi e interdipendenti. In Italia, tra gli altri, \u00e8 nato il movimento IppocrateOrg\u00a0\u00a0<span style=\"color: #0000ff;\"><u><a href=\"https:\/\/www.facebook.com\/IppocrateOrg\/\">https:\/\/www.facebook.com\/IppocrateOrg\/<\/a><\/u><\/span>\u00a0\u00a0 fondato da Mauro Rango e molti medici con lui. In questo video il dott. Rango espone con chiarezza tutto il cammino fatto fin qui.\u00a0<span style=\"color: #0000ff;\"><u><a href=\"https:\/\/d.tube\/#!\/v\/ippocrateorg61\/QmNVfobeBW8G6igGJZT2ghzYLrHRrUQVBKNP7uUcJJQ36r\">https:\/\/d.tube\/#!\/v\/ippocrateorg61\/QmNVfobeBW8G6igGJZT2ghzYLrHRrUQVBKNP7uUcJJQ36r<\/a><\/u><\/span><\/p>\n<p><a name=\"_GoBack\"><\/a>Non posso concludere senza ricordare lo sterminio degli originari brasiliani che avanza incontrastato a causa del Covid 19 e della continua invasione dei loro territori da parte di cercatori d\u2019oro e latifondisti, difesi da Bolsonaro, che diffondono malattie e virus a cui gli indigeni sono molto vulnerabili. Forse non \u00e8 tanto l\u2019Idrossiclorochina,\u00a0 distribuita da Bolsonaro forse senza metodo e la dovuta attenzione ai problemi cardiologici, che pu\u00f2 servire agli Indios quanto la libert\u00e0 di essere se stessi e vivere le proprie tradizioni, senza invasioni e aggressioni.\u00a0<span style=\"color: #0000ff;\"><u><a href=\"https:\/\/www.greenreport.it\/news\/aree-protette-e-biodiversita\/brasile-tra-gli-indios-dellamazzonia-la-mortalita-da-covid-19-e-superiore-alle-medie-nazionali-e-regionali\/\">https:\/\/www.greenreport.it\/news\/aree-protette-e-biodiversita\/brasile-tra-gli-indios-dellamazzonia-la-mortalita-da-covid-19-e-superiore-alle-medie-nazionali-e-regionali\/<\/a><\/u><\/span><\/p>\n<p><b>Maria Antonietta B\u00e0lzola, medico psichiatra<\/b><\/p>\n<p>&nbsp;<\/p>\n","protected":false},"excerpt":{"rendered":"<p>Jair Bolsonaro, come Trump, sostiene che non esiste l\u2019epidemia da Covid 19 e si mostra sorridente mentre ingolla la Clorochina ottenendo cos\u00ec l\u2019immagine di un despota buontempone e decisamente stupido. Molte persone fanno un semplice ragionamento: se lui prende la&hellip;<\/p>\n","protected":false},"author":1930,"featured_media":1122491,"comment_status":"closed","ping_status":"closed","sticky":false,"template":"","format":"standard","meta":{"footnotes":""},"categories":[11388,162,55,1259],"tags":[71543,78490,78620,54027],"class_list":["post-1157008","post","type-post","status-publish","format-standard","has-post-thumbnail","hentry","category-contenuti-originali","category-opinioni","category-politica","category-salute-argomento","tag-covid-19","tag-cure-per-il-covid-19","tag-idrossiclorochina","tag-jair-bolsonaro-it"],"yoast_head":"<!-- This site is optimized with the Yoast SEO plugin v27.1.1 - https:\/\/yoast.com\/product\/yoast-seo-wordpress\/ -->\n<title>Bolsonaro e l&#039;OMS uniti nella stessa lotta?<\/title>\n<meta name=\"description\" content=\"Jair Bolsonaro, come Trump, sostiene che non esiste l\u2019epidemia da Covid 19 e si mostra sorridente mentre ingolla la Clorochina ottenendo cos\u00ec l\u2019immagine\" \/>\n<meta name=\"robots\" content=\"index, follow, max-snippet:-1, max-image-preview:large, max-video-preview:-1\" \/>\n<link rel=\"canonical\" href=\"https:\/\/www.pressenza.com\/it\/2020\/07\/bolsonaro-e-loms-uniti-nella-stessa-lotta\/\" \/>\n<meta property=\"og:locale\" content=\"it_IT\" \/>\n<meta property=\"og:type\" content=\"article\" \/>\n<meta property=\"og:title\" content=\"Bolsonaro e l&#039;OMS uniti nella stessa lotta?\" \/>\n<meta property=\"og:description\" content=\"Jair Bolsonaro, come Trump, sostiene che non esiste l\u2019epidemia da Covid 19 e si mostra sorridente mentre ingolla la Clorochina ottenendo cos\u00ec l\u2019immagine\" \/>\n<meta property=\"og:url\" content=\"https:\/\/www.pressenza.com\/it\/2020\/07\/bolsonaro-e-loms-uniti-nella-stessa-lotta\/\" \/>\n<meta property=\"og:site_name\" content=\"Pressenza\" \/>\n<meta property=\"article:publisher\" content=\"https:\/\/www.facebook.com\/PressenzaItalia\" \/>\n<meta property=\"article:published_time\" content=\"2020-07-11T20:02:00+00:00\" \/>\n<meta property=\"article:modified_time\" content=\"2020-10-12T21:05:08+00:00\" \/>\n<meta property=\"og:image\" content=\"https:\/\/www.pressenza.com\/wp-content\/uploads\/2020\/05\/1280px-jair_bolsonaro_na_camara_sobre_a_comissao_da_verdade.jpg\" \/>\n\t<meta property=\"og:image:width\" content=\"1000\" \/>\n\t<meta property=\"og:image:height\" content=\"613\" \/>\n\t<meta property=\"og:image:type\" content=\"image\/jpeg\" \/>\n<meta name=\"author\" content=\"Maria Antonietta B\u00e0lzola\" \/>\n<meta name=\"twitter:card\" content=\"summary_large_image\" \/>\n<meta name=\"twitter:creator\" content=\"@PressenzaIPA\" \/>\n<meta name=\"twitter:site\" content=\"@PressenzaIPA\" \/>\n<meta name=\"twitter:label1\" content=\"Scritto da\" \/>\n\t<meta name=\"twitter:data1\" content=\"Maria Antonietta B\u00e0lzola\" \/>\n\t<meta name=\"twitter:label2\" content=\"Tempo di lettura stimato\" \/>\n\t<meta name=\"twitter:data2\" content=\"4 minuti\" \/>\n<script type=\"application\/ld+json\" class=\"yoast-schema-graph\">{\"@context\":\"https:\/\/schema.org\",\"@graph\":[{\"@type\":\"Article\",\"@id\":\"https:\/\/www.pressenza.com\/it\/2020\/07\/bolsonaro-e-loms-uniti-nella-stessa-lotta\/#article\",\"isPartOf\":{\"@id\":\"https:\/\/www.pressenza.com\/it\/2020\/07\/bolsonaro-e-loms-uniti-nella-stessa-lotta\/\"},\"author\":{\"name\":\"Maria Antonietta B\u00e0lzola\",\"@id\":\"https:\/\/www.pressenza.com\/it\/#\/schema\/person\/288d30520c7a6233a98645bbf9c7697b\"},\"headline\":\"Bolsonaro e l&#8217;OMS uniti nella stessa lotta?\",\"datePublished\":\"2020-07-11T20:02:00+00:00\",\"dateModified\":\"2020-10-12T21:05:08+00:00\",\"mainEntityOfPage\":{\"@id\":\"https:\/\/www.pressenza.com\/it\/2020\/07\/bolsonaro-e-loms-uniti-nella-stessa-lotta\/\"},\"wordCount\":820,\"publisher\":{\"@id\":\"https:\/\/www.pressenza.com\/it\/#organization\"},\"image\":{\"@id\":\"https:\/\/www.pressenza.com\/it\/2020\/07\/bolsonaro-e-loms-uniti-nella-stessa-lotta\/#primaryimage\"},\"thumbnailUrl\":\"https:\/\/www.pressenza.com\/wp-content\/uploads\/2020\/05\/1280px-jair_bolsonaro_na_camara_sobre_a_comissao_da_verdade.jpg\",\"keywords\":[\"COVID-19\",\"cure per il Covid-19\",\"idrossiclorochina\",\"Jair Bolsonaro\"],\"articleSection\":[\"contenuti originali\",\"Opinioni\",\"Politica\",\"Salute\"],\"inLanguage\":\"it-IT\"},{\"@type\":\"WebPage\",\"@id\":\"https:\/\/www.pressenza.com\/it\/2020\/07\/bolsonaro-e-loms-uniti-nella-stessa-lotta\/\",\"url\":\"https:\/\/www.pressenza.com\/it\/2020\/07\/bolsonaro-e-loms-uniti-nella-stessa-lotta\/\",\"name\":\"Bolsonaro e l'OMS uniti nella stessa lotta?\",\"isPartOf\":{\"@id\":\"https:\/\/www.pressenza.com\/it\/#website\"},\"primaryImageOfPage\":{\"@id\":\"https:\/\/www.pressenza.com\/it\/2020\/07\/bolsonaro-e-loms-uniti-nella-stessa-lotta\/#primaryimage\"},\"image\":{\"@id\":\"https:\/\/www.pressenza.com\/it\/2020\/07\/bolsonaro-e-loms-uniti-nella-stessa-lotta\/#primaryimage\"},\"thumbnailUrl\":\"https:\/\/www.pressenza.com\/wp-content\/uploads\/2020\/05\/1280px-jair_bolsonaro_na_camara_sobre_a_comissao_da_verdade.jpg\",\"datePublished\":\"2020-07-11T20:02:00+00:00\",\"dateModified\":\"2020-10-12T21:05:08+00:00\",\"description\":\"Jair Bolsonaro, come Trump, sostiene che non esiste l\u2019epidemia da Covid 19 e si mostra sorridente mentre ingolla la Clorochina ottenendo cos\u00ec l\u2019immagine\",\"breadcrumb\":{\"@id\":\"https:\/\/www.pressenza.com\/it\/2020\/07\/bolsonaro-e-loms-uniti-nella-stessa-lotta\/#breadcrumb\"},\"inLanguage\":\"it-IT\",\"potentialAction\":[{\"@type\":\"ReadAction\",\"target\":[\"https:\/\/www.pressenza.com\/it\/2020\/07\/bolsonaro-e-loms-uniti-nella-stessa-lotta\/\"]}]},{\"@type\":\"ImageObject\",\"inLanguage\":\"it-IT\",\"@id\":\"https:\/\/www.pressenza.com\/it\/2020\/07\/bolsonaro-e-loms-uniti-nella-stessa-lotta\/#primaryimage\",\"url\":\"https:\/\/www.pressenza.com\/wp-content\/uploads\/2020\/05\/1280px-jair_bolsonaro_na_camara_sobre_a_comissao_da_verdade.jpg\",\"contentUrl\":\"https:\/\/www.pressenza.com\/wp-content\/uploads\/2020\/05\/1280px-jair_bolsonaro_na_camara_sobre_a_comissao_da_verdade.jpg\",\"width\":1000,\"height\":613},{\"@type\":\"BreadcrumbList\",\"@id\":\"https:\/\/www.pressenza.com\/it\/2020\/07\/bolsonaro-e-loms-uniti-nella-stessa-lotta\/#breadcrumb\",\"itemListElement\":[{\"@type\":\"ListItem\",\"position\":1,\"name\":\"Accueil\",\"item\":\"https:\/\/www.pressenza.com\/it\/\"},{\"@type\":\"ListItem\",\"position\":2,\"name\":\"Bolsonaro e l&#8217;OMS uniti nella stessa lotta?\"}]},{\"@type\":\"WebSite\",\"@id\":\"https:\/\/www.pressenza.com\/it\/#website\",\"url\":\"https:\/\/www.pressenza.com\/it\/\",\"name\":\"Pressenza\",\"description\":\"Agenzia di Stampa Internazionale\",\"publisher\":{\"@id\":\"https:\/\/www.pressenza.com\/it\/#organization\"},\"potentialAction\":[{\"@type\":\"SearchAction\",\"target\":{\"@type\":\"EntryPoint\",\"urlTemplate\":\"https:\/\/www.pressenza.com\/it\/?s={search_term_string}\"},\"query-input\":{\"@type\":\"PropertyValueSpecification\",\"valueRequired\":true,\"valueName\":\"search_term_string\"}}],\"inLanguage\":\"it-IT\"},{\"@type\":\"Organization\",\"@id\":\"https:\/\/www.pressenza.com\/it\/#organization\",\"name\":\"Pressenza\",\"url\":\"https:\/\/www.pressenza.com\/it\/\",\"logo\":{\"@type\":\"ImageObject\",\"inLanguage\":\"it-IT\",\"@id\":\"https:\/\/www.pressenza.com\/it\/#\/schema\/logo\/image\/\",\"url\":\"https:\/\/www.pressenza.com\/wp-content\/uploads\/2022\/10\/pressenza_logo_200x200.jpg\",\"contentUrl\":\"https:\/\/www.pressenza.com\/wp-content\/uploads\/2022\/10\/pressenza_logo_200x200.jpg\",\"width\":200,\"height\":200,\"caption\":\"Pressenza\"},\"image\":{\"@id\":\"https:\/\/www.pressenza.com\/it\/#\/schema\/logo\/image\/\"},\"sameAs\":[\"https:\/\/www.facebook.com\/PressenzaItalia\",\"https:\/\/x.com\/PressenzaIPA\"]},{\"@type\":\"Person\",\"@id\":\"https:\/\/www.pressenza.com\/it\/#\/schema\/person\/288d30520c7a6233a98645bbf9c7697b\",\"name\":\"Maria Antonietta B\u00e0lzola\",\"description\":\"Medico psichiatra e psicoterapeuta, pratica la meditazione da anni. Si \u00e8 occupata di medicine complementari pubblicando per Bollati Boringhieri \u201cI fiori della mente. I fiori di Bach nella pratica clinica.\u201d (1997) e con AA \u201cOltre il labirinto\u201d ed. Colibr\u00ec (2007). Ha sviluppato nuovi approcci all\u2019insegnamento della mindfulness per adulti e bambini integrando le pratiche meditative e le neuroscienze, con particolare attenzione alla crescita dell\u2019equilibrio emotivo col metodo C.E.B. (di Alan Wallace e Paul Ekman) di cui \u00e8 trainer dal 2017. Dal 2015 \u00e8 parte del corpo docente dell\u2019Associazione di volontariato Tonglen (Torino) dove tiene seminari sulle tecniche meditative contro lo stress e sulla compassione. Conduce corsi ECM per operatori sanitari sulla mindfulness e la Compassion e ha insegnato presso centri di formazione e Universit\u00e0 italiane.\",\"url\":\"https:\/\/www.pressenza.com\/it\/author\/maria-antonietta-balzola\/\"}]}<\/script>\n<!-- \/ Yoast SEO plugin. -->","yoast_head_json":{"title":"Bolsonaro e l'OMS uniti nella stessa lotta?","description":"Jair Bolsonaro, come Trump, sostiene che non esiste l\u2019epidemia da Covid 19 e si mostra sorridente mentre ingolla la Clorochina ottenendo cos\u00ec l\u2019immagine","robots":{"index":"index","follow":"follow","max-snippet":"max-snippet:-1","max-image-preview":"max-image-preview:large","max-video-preview":"max-video-preview:-1"},"canonical":"https:\/\/www.pressenza.com\/it\/2020\/07\/bolsonaro-e-loms-uniti-nella-stessa-lotta\/","og_locale":"it_IT","og_type":"article","og_title":"Bolsonaro e l'OMS uniti nella stessa lotta?","og_description":"Jair Bolsonaro, come Trump, sostiene che non esiste l\u2019epidemia da Covid 19 e si mostra sorridente mentre ingolla la Clorochina ottenendo cos\u00ec l\u2019immagine","og_url":"https:\/\/www.pressenza.com\/it\/2020\/07\/bolsonaro-e-loms-uniti-nella-stessa-lotta\/","og_site_name":"Pressenza","article_publisher":"https:\/\/www.facebook.com\/PressenzaItalia","article_published_time":"2020-07-11T20:02:00+00:00","article_modified_time":"2020-10-12T21:05:08+00:00","og_image":[{"width":1000,"height":613,"url":"https:\/\/www.pressenza.com\/wp-content\/uploads\/2020\/05\/1280px-jair_bolsonaro_na_camara_sobre_a_comissao_da_verdade.jpg","type":"image\/jpeg"}],"author":"Maria Antonietta B\u00e0lzola","twitter_card":"summary_large_image","twitter_creator":"@PressenzaIPA","twitter_site":"@PressenzaIPA","twitter_misc":{"Scritto da":"Maria Antonietta B\u00e0lzola","Tempo di lettura stimato":"4 minuti"},"schema":{"@context":"https:\/\/schema.org","@graph":[{"@type":"Article","@id":"https:\/\/www.pressenza.com\/it\/2020\/07\/bolsonaro-e-loms-uniti-nella-stessa-lotta\/#article","isPartOf":{"@id":"https:\/\/www.pressenza.com\/it\/2020\/07\/bolsonaro-e-loms-uniti-nella-stessa-lotta\/"},"author":{"name":"Maria Antonietta B\u00e0lzola","@id":"https:\/\/www.pressenza.com\/it\/#\/schema\/person\/288d30520c7a6233a98645bbf9c7697b"},"headline":"Bolsonaro e l&#8217;OMS uniti nella stessa lotta?","datePublished":"2020-07-11T20:02:00+00:00","dateModified":"2020-10-12T21:05:08+00:00","mainEntityOfPage":{"@id":"https:\/\/www.pressenza.com\/it\/2020\/07\/bolsonaro-e-loms-uniti-nella-stessa-lotta\/"},"wordCount":820,"publisher":{"@id":"https:\/\/www.pressenza.com\/it\/#organization"},"image":{"@id":"https:\/\/www.pressenza.com\/it\/2020\/07\/bolsonaro-e-loms-uniti-nella-stessa-lotta\/#primaryimage"},"thumbnailUrl":"https:\/\/www.pressenza.com\/wp-content\/uploads\/2020\/05\/1280px-jair_bolsonaro_na_camara_sobre_a_comissao_da_verdade.jpg","keywords":["COVID-19","cure per il Covid-19","idrossiclorochina","Jair Bolsonaro"],"articleSection":["contenuti originali","Opinioni","Politica","Salute"],"inLanguage":"it-IT"},{"@type":"WebPage","@id":"https:\/\/www.pressenza.com\/it\/2020\/07\/bolsonaro-e-loms-uniti-nella-stessa-lotta\/","url":"https:\/\/www.pressenza.com\/it\/2020\/07\/bolsonaro-e-loms-uniti-nella-stessa-lotta\/","name":"Bolsonaro e l'OMS uniti nella stessa lotta?","isPartOf":{"@id":"https:\/\/www.pressenza.com\/it\/#website"},"primaryImageOfPage":{"@id":"https:\/\/www.pressenza.com\/it\/2020\/07\/bolsonaro-e-loms-uniti-nella-stessa-lotta\/#primaryimage"},"image":{"@id":"https:\/\/www.pressenza.com\/it\/2020\/07\/bolsonaro-e-loms-uniti-nella-stessa-lotta\/#primaryimage"},"thumbnailUrl":"https:\/\/www.pressenza.com\/wp-content\/uploads\/2020\/05\/1280px-jair_bolsonaro_na_camara_sobre_a_comissao_da_verdade.jpg","datePublished":"2020-07-11T20:02:00+00:00","dateModified":"2020-10-12T21:05:08+00:00","description":"Jair Bolsonaro, come Trump, sostiene che non esiste l\u2019epidemia da Covid 19 e si mostra sorridente mentre ingolla la Clorochina ottenendo cos\u00ec l\u2019immagine","breadcrumb":{"@id":"https:\/\/www.pressenza.com\/it\/2020\/07\/bolsonaro-e-loms-uniti-nella-stessa-lotta\/#breadcrumb"},"inLanguage":"it-IT","potentialAction":[{"@type":"ReadAction","target":["https:\/\/www.pressenza.com\/it\/2020\/07\/bolsonaro-e-loms-uniti-nella-stessa-lotta\/"]}]},{"@type":"ImageObject","inLanguage":"it-IT","@id":"https:\/\/www.pressenza.com\/it\/2020\/07\/bolsonaro-e-loms-uniti-nella-stessa-lotta\/#primaryimage","url":"https:\/\/www.pressenza.com\/wp-content\/uploads\/2020\/05\/1280px-jair_bolsonaro_na_camara_sobre_a_comissao_da_verdade.jpg","contentUrl":"https:\/\/www.pressenza.com\/wp-content\/uploads\/2020\/05\/1280px-jair_bolsonaro_na_camara_sobre_a_comissao_da_verdade.jpg","width":1000,"height":613},{"@type":"BreadcrumbList","@id":"https:\/\/www.pressenza.com\/it\/2020\/07\/bolsonaro-e-loms-uniti-nella-stessa-lotta\/#breadcrumb","itemListElement":[{"@type":"ListItem","position":1,"name":"Accueil","item":"https:\/\/www.pressenza.com\/it\/"},{"@type":"ListItem","position":2,"name":"Bolsonaro e l&#8217;OMS uniti nella stessa lotta?"}]},{"@type":"WebSite","@id":"https:\/\/www.pressenza.com\/it\/#website","url":"https:\/\/www.pressenza.com\/it\/","name":"Pressenza","description":"Agenzia di Stampa Internazionale","publisher":{"@id":"https:\/\/www.pressenza.com\/it\/#organization"},"potentialAction":[{"@type":"SearchAction","target":{"@type":"EntryPoint","urlTemplate":"https:\/\/www.pressenza.com\/it\/?s={search_term_string}"},"query-input":{"@type":"PropertyValueSpecification","valueRequired":true,"valueName":"search_term_string"}}],"inLanguage":"it-IT"},{"@type":"Organization","@id":"https:\/\/www.pressenza.com\/it\/#organization","name":"Pressenza","url":"https:\/\/www.pressenza.com\/it\/","logo":{"@type":"ImageObject","inLanguage":"it-IT","@id":"https:\/\/www.pressenza.com\/it\/#\/schema\/logo\/image\/","url":"https:\/\/www.pressenza.com\/wp-content\/uploads\/2022\/10\/pressenza_logo_200x200.jpg","contentUrl":"https:\/\/www.pressenza.com\/wp-content\/uploads\/2022\/10\/pressenza_logo_200x200.jpg","width":200,"height":200,"caption":"Pressenza"},"image":{"@id":"https:\/\/www.pressenza.com\/it\/#\/schema\/logo\/image\/"},"sameAs":["https:\/\/www.facebook.com\/PressenzaItalia","https:\/\/x.com\/PressenzaIPA"]},{"@type":"Person","@id":"https:\/\/www.pressenza.com\/it\/#\/schema\/person\/288d30520c7a6233a98645bbf9c7697b","name":"Maria Antonietta B\u00e0lzola","description":"Medico psichiatra e psicoterapeuta, pratica la meditazione da anni. Si \u00e8 occupata di medicine complementari pubblicando per Bollati Boringhieri \u201cI fiori della mente. I fiori di Bach nella pratica clinica.\u201d (1997) e con AA \u201cOltre il labirinto\u201d ed. Colibr\u00ec (2007). Ha sviluppato nuovi approcci all\u2019insegnamento della mindfulness per adulti e bambini integrando le pratiche meditative e le neuroscienze, con particolare attenzione alla crescita dell\u2019equilibrio emotivo col metodo C.E.B. (di Alan Wallace e Paul Ekman) di cui \u00e8 trainer dal 2017. Dal 2015 \u00e8 parte del corpo docente dell\u2019Associazione di volontariato Tonglen (Torino) dove tiene seminari sulle tecniche meditative contro lo stress e sulla compassione. Conduce corsi ECM per operatori sanitari sulla mindfulness e la Compassion e ha insegnato presso centri di formazione e Universit\u00e0 italiane.","url":"https:\/\/www.pressenza.com\/it\/author\/maria-antonietta-balzola\/"}]}},"place":"","original_article_url":"","_links":{"self":[{"href":"https:\/\/www.pressenza.com\/it\/wp-json\/wp\/v2\/posts\/1157008","targetHints":{"allow":["GET"]}}],"collection":[{"href":"https:\/\/www.pressenza.com\/it\/wp-json\/wp\/v2\/posts"}],"about":[{"href":"https:\/\/www.pressenza.com\/it\/wp-json\/wp\/v2\/types\/post"}],"author":[{"embeddable":true,"href":"https:\/\/www.pressenza.com\/it\/wp-json\/wp\/v2\/users\/1930"}],"replies":[{"embeddable":true,"href":"https:\/\/www.pressenza.com\/it\/wp-json\/wp\/v2\/comments?post=1157008"}],"version-history":[{"count":0,"href":"https:\/\/www.pressenza.com\/it\/wp-json\/wp\/v2\/posts\/1157008\/revisions"}],"wp:featuredmedia":[{"embeddable":true,"href":"https:\/\/www.pressenza.com\/it\/wp-json\/wp\/v2\/media\/1122491"}],"wp:attachment":[{"href":"https:\/\/www.pressenza.com\/it\/wp-json\/wp\/v2\/media?parent=1157008"}],"wp:term":[{"taxonomy":"category","embeddable":true,"href":"https:\/\/www.pressenza.com\/it\/wp-json\/wp\/v2\/categories?post=1157008"},{"taxonomy":"post_tag","embeddable":true,"href":"https:\/\/www.pressenza.com\/it\/wp-json\/wp\/v2\/tags?post=1157008"}],"curies":[{"name":"wp","href":"https:\/\/api.w.org\/{rel}","templated":true}]}}