{"id":1156162,"date":"2020-07-10T11:11:02","date_gmt":"2020-07-10T10:11:02","guid":{"rendered":"https:\/\/www.pressenza.com\/?p=1156162"},"modified":"2021-11-06T16:59:42","modified_gmt":"2021-11-06T16:59:42","slug":"sicilia-e-lega-la-menzogna-identitaria","status":"publish","type":"post","link":"https:\/\/www.pressenza.com\/it\/2020\/07\/sicilia-e-lega-la-menzogna-identitaria\/","title":{"rendered":"Sicilia e Lega: la menzogna identitaria"},"content":{"rendered":"<p><span style=\"color: #1c1e21;\"><span style=\"font-family: inherit, serif;\"><span style=\"font-size: medium;\"><i>La nomina del nuovo Assessore regionale ai Beni culturali, esponente del partito di Salvini e con trascorsi nel Fronte della Giovent\u00f9, ha suscitato forte dissenso.<\/i><\/span><\/span><\/span><\/p>\n<p><span style=\"color: #1c1e21;\"><span style=\"font-family: inherit, serif;\"><span style=\"font-size: medium;\">Nelle ultime settimane in Sicilia si \u00e8 registrato un forte dissenso per la nomina del nuovo Assessore regionale ai Beni culturali, esponente della Lega che vanta una militanza nel Fronte delle Giovent\u00f9 suggellata da un libretto in versi che inneggerebbe alle SS \u2013 usiamo il condizionale perch\u00e9, nel tentativo di valutare personalmente i contenuti del volume incriminato, almeno dalla banca dati online del Sistema Bibliotecario Nazionale, risulta in possesso di un unico istituto in Italia, la Biblioteca Etnografica di Palermo intitolata a Giuseppe Pitr\u00e8; se non altro, la coincidenza potrebbe rivelarsi un buon indizio per l\u2019assessore che in questi giorni dichiara di voler valorizzare la cultura della Sicilia, essendo considerato Pitr\u00e8 \u201cil fondatore della scienza folkloristica in Italia\u201d. Infatti la tanto sbandierata \u201cidentit\u00e0 culturale\u201d dei siciliani, che trova adesioni da destra a sinistra, e che si \u00e8 affermata in ambito amministrativo regionale con la denominazione di \u201cAssessorato dei Beni Culturali e dell\u2019Identit\u00e0 Siciliana\u201d della sede di via delle Croci n. 8 del capoluogo, durante la giunta guidata da Raffaele Lombardo, ha dato la stura a pericolose derive mentre appare sempre pi\u00f9 manifesto che l\u2019assioma pu\u00f2 davvero contenere di tutto, anche le ultime virate sicilianiste del novello assessore. Dovrebbe essere evidente, invece, che il <\/span><\/span><\/span><span style=\"color: #1c1e21;\"><span style=\"font-family: inherit, serif;\"><span style=\"font-size: medium;\"><i>background culturale<\/i><\/span><\/span><\/span><span style=\"color: #1c1e21;\"><span style=\"font-family: inherit, serif;\"><span style=\"font-size: medium;\"> dell\u2019Isola assume spessore solo se osservato da una dimensione che deborda i confini dell\u2019Isola. Il \u201cRe \u00e8 nudo!\u201d, vorrebbe gridare a questo punto il bambino della celebre favola di Andersen \u2013 altro studioso di tradizioni culturali europee contemporaneo di Pitr\u00e8 \u2013, ma il numero di \u201cindipendentisti\u201d \u00e8 talmente consistente che il fanciullo non riesce a farsi largo, venire avanti e additare la menzogna.<\/span><\/span><\/span><\/p>\n<p><span style=\"color: #1c1e21;\"><span style=\"font-family: inherit, serif;\"><span style=\"font-size: medium;\">La nomina del nuovo assessore, dunque, ha messo assieme un vero e proprio movimento trasversale contro il presidente della regione Nello Musumeci che ha osato affidare la cultura siciliana a un esponente di quel partito che, a cavallo tra prima e seconda Repubblica, nasceva con il nome inequivocabile pseudo-identitario di \u201cLega Lombarda\u201d. \u00c8 facile diffidare, quindi, di un politico col <\/span><\/span><\/span><span style=\"color: #1c1e21;\"><span style=\"font-family: inherit, serif;\"><span style=\"font-size: medium;\"><i>curriculum<\/i><\/span><\/span><\/span><span style=\"color: #1c1e21;\"><span style=\"font-family: inherit, serif;\"><span style=\"font-size: medium;\"> continuamente aggiornato dalle segnalazioni di \u201cerrori giovanili\u201d (s\u00ec perch\u00e9 oggi anche a trent\u2019anni si \u00e8 ragazzini!). Tuttavia, non \u00e8 possibile dire nulla sopra l\u2019operato da assessore dell\u2019esponente della Lega, in quanto il mandato \u00e8 troppo recente, invece il settore dei beni culturali in Sicilia ha smarrito da tempo i principali obiettivi, per cui il godimento del patrimonio non pu\u00f2 prescindere dalla tutela e dalla salvaguardia per la trasmissione alle future generazioni. La valorizzazione di siti di importanza mondiale, come la Valle dei Templi di Agrigento e il Parco Archeologico di Selinunte, che sono stati pi\u00f9 volte concessi in esclusiva, dietro pagamento, a Google e ad alcune <\/span><\/span><\/span><span style=\"color: #1c1e21;\"><span style=\"font-family: inherit, serif;\"><span style=\"font-size: medium;\"><i>griffe <\/i><\/span><\/span><\/span><span style=\"color: #1c1e21;\"><span style=\"font-family: inherit, serif;\"><span style=\"font-size: medium;\">della moda, ha lasciato una profonda amarezza in quanti hanno guardato con ammirazione alla Grecia che in pieno <\/span><\/span><\/span><span style=\"color: #1c1e21;\"><span style=\"font-family: inherit, serif;\"><span style=\"font-size: medium;\"><i>default <\/i><\/span><\/span><\/span><span style=\"color: #1c1e21;\"><span style=\"font-family: inherit, serif;\"><span style=\"font-size: medium;\">finanziario ha avuto l\u2019ardire \u2013 secondo i contemporanei mercanti del tempio \u2013 di non accettare i milioni offerti dal marchio Gucci per la sfilata nel Partenone, ritenendo di salvaguardare \u2013 a beneficio dell\u2019intera umanit\u00e0 \u2013 l\u2019integrit\u00e0 simbolica dei <\/span><\/span><\/span><span style=\"color: #1c1e21;\"><span style=\"font-family: inherit, serif;\"><span style=\"font-size: medium;\"><i>fondamenti della polis<\/i><\/span><\/span><\/span><span style=\"color: #1c1e21;\"><span style=\"font-family: inherit, serif;\"><span style=\"font-size: medium;\"> ereditati dalla cultura greca. A partire dalla necessit\u00e0 di riscoprire i presupposti della civilt\u00e0 europea, sarebbe auspicabile che la vigilanza di cittadine e cittadini siciliani si spingesse fino ad individuare la vera questione attorno ai beni culturali che le scelte politiche e la conseguenti ricadute amministrative sottraggono alla fruizione democratica, per cui, a titolo d\u2019esempio, gli studenti in visita scolastica nei musei e nei luoghi culturali pubblici non pagano la guida messa loro a disposizione dall\u2019amministrazione qualora non sia stato esternalizzato il servizio, diversamente le famiglie degli alunni devono affrontare un costo da corrispondere alla gestione privatistica della ditta appaltatrice, con grave nocumento per i dettami costituzionali che garantiscono la gratuit\u00e0 didattica.<\/span><\/span><\/span><\/p>\n<p><span style=\"color: #1c1e21;\"><span style=\"font-family: inherit, serif;\"><span style=\"font-size: medium;\">Tutto questo per segnalare che, mentre le piazze e i social sembrano aver a cuore le sorti dei beni culturali in Sicilia di fronte alla nuova nomina assessoriale, la V Commissione di Palazzo dei Normanni esamina un disegno di legge relativo alla materia del patrimonio culturale e del paesaggistico che ha gi\u00e0 visto l\u2019alzata di scudi del mondo associazionistico soprattutto negli aspetti che riguardano la tutela del paesaggio, e grazie ai parlamentari del movimento 5stelle e al deputato della \u201cLista Cento passi\u201d si \u00e8 ottenuto, almeno ad oggi, di stralciare dal ddl in questione il Titolo relativo alla tutela paesaggistica.<\/span><\/span><\/span><\/p>\n<p><span style=\"color: #1c1e21;\"><span style=\"font-family: inherit, serif;\"><span style=\"font-size: medium;\">Il tema dei beni culturali, per\u00f2, non pu\u00f2 essere una questione solo fra addetti ai lavori, semmai \u00e8 auspicabile che le forze culturali, politiche e sociali, nonch\u00e9 le cittadine e i cittadini che hanno mostrato il loro dissenso per la delega leghista all\u2019assessore dei BB.CC., si mobilitino scendendo in piazza per scongiurare il saccheggio del territorio e la mercificazione del patrimonio culturale, secondo i dettami del paradigma neoliberista che considera la valorizzazione del patrimonio culturale alla stessa stregua di ogni altra merce di consumo.<\/span><\/span><\/span><\/p>\n<p><span style=\"color: #1c1e21;\"><span style=\"font-family: inherit, serif;\"><span style=\"font-size: medium;\">Il ddl al vaglio dell\u2019Istituzione parlamentare siciliana mostra di essere un testo di legge scellerato che mette nero su bianco la gestione privatistica commerciale dei beni pubblici: una visione condivisa trasversalmente dalle forze politiche. Non \u00e8 un caso che il primo firmatario, l\u2019onorevole Sammartino, sia un uomo dichiaratamente di centrosinistra, militante nelle file del partito di Renzi, giacch\u00e9 la proposta di riorganizzazione dei beni culturali in Sicilia \u00e8 la copia conforme, arricchita da qualche \u201cstrafalcione\u201d (vedi la svista che prevede d\u2019introdurre misure legislative anche per gli archivi pubblici che sono di esclusiva competenza statale), della riforma Franceschini, rilevatasi \u2013 al di l\u00e0 dei proclami iniziali \u2013 una vera e propria <\/span><\/span><\/span><span style=\"color: #1c1e21;\"><span style=\"font-family: inherit, serif;\"><span style=\"font-size: medium;\"><i>d\u00e9b\u00e2cle <\/i><\/span><\/span><\/span><span style=\"color: #1c1e21;\"><span style=\"font-family: inherit, serif;\"><span style=\"font-size: medium;\">sia sul versante della tutela e salvaguardia dei beni culturali sia sul versante della fruizione democratica del patrimonio culturale.<\/span><\/span><\/span><\/p>\n<p>&nbsp;<\/p>\n<p><em>pubblicata anche su \u2018Progetto Lavoro\u2019 n.13 (Luglio 2020) &#8211; rivista di Democrazia e Lavoro-Cgil<\/em><\/p>\n","protected":false},"excerpt":{"rendered":"<p>La nomina del nuovo Assessore regionale ai Beni culturali, esponente del partito di Salvini e con trascorsi nel Fronte della Giovent\u00f9, ha suscitato forte dissenso. Nelle ultime settimane in Sicilia si \u00e8 registrato un forte dissenso per la nomina del&hellip;<\/p>\n","protected":false},"author":2073,"featured_media":1156164,"comment_status":"closed","ping_status":"closed","sticky":false,"template":"","format":"standard","meta":{"footnotes":""},"categories":[56,47,162,55],"tags":[78535,78534,691],"class_list":["post-1156162","post","type-post","status-publish","format-standard","has-post-thumbnail","hentry","category-cultura","category-europa","category-opinioni","category-politica","tag-assessore-regionale-ai-beni-culturali","tag-giunta-musumeci","tag-sicilia"],"yoast_head":"<!-- This site is optimized with the Yoast SEO plugin v27.1.1 - https:\/\/yoast.com\/product\/yoast-seo-wordpress\/ -->\n<title>Sicilia e Lega: la menzogna identitaria<\/title>\n<meta name=\"description\" content=\"La nomina del nuovo Assessore regionale ai Beni culturali, esponente del partito di Salvini e con trascorsi nel Fronte della Giovent\u00f9, ha suscitato forte\" \/>\n<meta name=\"robots\" content=\"index, follow, max-snippet:-1, max-image-preview:large, max-video-preview:-1\" \/>\n<link rel=\"canonical\" href=\"https:\/\/www.pressenza.com\/it\/2020\/07\/sicilia-e-lega-la-menzogna-identitaria\/\" \/>\n<meta property=\"og:locale\" content=\"it_IT\" \/>\n<meta property=\"og:type\" content=\"article\" \/>\n<meta property=\"og:title\" content=\"Sicilia e Lega: la menzogna identitaria\" \/>\n<meta property=\"og:description\" content=\"La nomina del nuovo Assessore regionale ai Beni culturali, esponente del partito di Salvini e con trascorsi nel Fronte della Giovent\u00f9, ha suscitato forte\" \/>\n<meta property=\"og:url\" content=\"https:\/\/www.pressenza.com\/it\/2020\/07\/sicilia-e-lega-la-menzogna-identitaria\/\" \/>\n<meta property=\"og:site_name\" content=\"Pressenza\" \/>\n<meta property=\"article:publisher\" content=\"https:\/\/www.facebook.com\/PressenzaItalia\" \/>\n<meta property=\"article:published_time\" content=\"2020-07-10T10:11:02+00:00\" \/>\n<meta property=\"article:modified_time\" content=\"2021-11-06T16:59:42+00:00\" \/>\n<meta property=\"og:image\" content=\"https:\/\/www.pressenza.com\/wp-content\/uploads\/2020\/07\/sicilia-e-lega.jpg\" \/>\n\t<meta property=\"og:image:width\" content=\"960\" \/>\n\t<meta property=\"og:image:height\" content=\"398\" \/>\n\t<meta property=\"og:image:type\" content=\"image\/jpeg\" \/>\n<meta name=\"author\" content=\"Ketty Giannilivigni\" \/>\n<meta name=\"twitter:card\" content=\"summary_large_image\" \/>\n<meta name=\"twitter:creator\" content=\"@PressenzaIPA\" \/>\n<meta name=\"twitter:site\" content=\"@PressenzaIPA\" \/>\n<meta name=\"twitter:label1\" content=\"Scritto da\" \/>\n\t<meta name=\"twitter:data1\" content=\"Ketty Giannilivigni\" \/>\n\t<meta name=\"twitter:label2\" content=\"Tempo di lettura stimato\" \/>\n\t<meta name=\"twitter:data2\" content=\"5 minuti\" \/>\n<script type=\"application\/ld+json\" class=\"yoast-schema-graph\">{\"@context\":\"https:\/\/schema.org\",\"@graph\":[{\"@type\":\"Article\",\"@id\":\"https:\/\/www.pressenza.com\/it\/2020\/07\/sicilia-e-lega-la-menzogna-identitaria\/#article\",\"isPartOf\":{\"@id\":\"https:\/\/www.pressenza.com\/it\/2020\/07\/sicilia-e-lega-la-menzogna-identitaria\/\"},\"author\":{\"name\":\"Ketty Giannilivigni\",\"@id\":\"https:\/\/www.pressenza.com\/it\/#\/schema\/person\/4716f959d9db6175a7babf35dbc6cb1e\"},\"headline\":\"Sicilia e Lega: la menzogna identitaria\",\"datePublished\":\"2020-07-10T10:11:02+00:00\",\"dateModified\":\"2021-11-06T16:59:42+00:00\",\"mainEntityOfPage\":{\"@id\":\"https:\/\/www.pressenza.com\/it\/2020\/07\/sicilia-e-lega-la-menzogna-identitaria\/\"},\"wordCount\":966,\"publisher\":{\"@id\":\"https:\/\/www.pressenza.com\/it\/#organization\"},\"image\":{\"@id\":\"https:\/\/www.pressenza.com\/it\/2020\/07\/sicilia-e-lega-la-menzogna-identitaria\/#primaryimage\"},\"thumbnailUrl\":\"https:\/\/www.pressenza.com\/wp-content\/uploads\/2020\/07\/sicilia-e-lega.jpg\",\"keywords\":[\"Assessore regionale ai Beni culturali\",\"Giunta Musumeci\",\"Sicilia\"],\"articleSection\":[\"Cultura e Media\",\"Europa\",\"Opinioni\",\"Politica\"],\"inLanguage\":\"it-IT\"},{\"@type\":\"WebPage\",\"@id\":\"https:\/\/www.pressenza.com\/it\/2020\/07\/sicilia-e-lega-la-menzogna-identitaria\/\",\"url\":\"https:\/\/www.pressenza.com\/it\/2020\/07\/sicilia-e-lega-la-menzogna-identitaria\/\",\"name\":\"Sicilia e Lega: la menzogna identitaria\",\"isPartOf\":{\"@id\":\"https:\/\/www.pressenza.com\/it\/#website\"},\"primaryImageOfPage\":{\"@id\":\"https:\/\/www.pressenza.com\/it\/2020\/07\/sicilia-e-lega-la-menzogna-identitaria\/#primaryimage\"},\"image\":{\"@id\":\"https:\/\/www.pressenza.com\/it\/2020\/07\/sicilia-e-lega-la-menzogna-identitaria\/#primaryimage\"},\"thumbnailUrl\":\"https:\/\/www.pressenza.com\/wp-content\/uploads\/2020\/07\/sicilia-e-lega.jpg\",\"datePublished\":\"2020-07-10T10:11:02+00:00\",\"dateModified\":\"2021-11-06T16:59:42+00:00\",\"description\":\"La nomina del nuovo Assessore regionale ai Beni culturali, esponente del partito di Salvini e con trascorsi nel Fronte della Giovent\u00f9, ha suscitato forte\",\"breadcrumb\":{\"@id\":\"https:\/\/www.pressenza.com\/it\/2020\/07\/sicilia-e-lega-la-menzogna-identitaria\/#breadcrumb\"},\"inLanguage\":\"it-IT\",\"potentialAction\":[{\"@type\":\"ReadAction\",\"target\":[\"https:\/\/www.pressenza.com\/it\/2020\/07\/sicilia-e-lega-la-menzogna-identitaria\/\"]}]},{\"@type\":\"ImageObject\",\"inLanguage\":\"it-IT\",\"@id\":\"https:\/\/www.pressenza.com\/it\/2020\/07\/sicilia-e-lega-la-menzogna-identitaria\/#primaryimage\",\"url\":\"https:\/\/www.pressenza.com\/wp-content\/uploads\/2020\/07\/sicilia-e-lega.jpg\",\"contentUrl\":\"https:\/\/www.pressenza.com\/wp-content\/uploads\/2020\/07\/sicilia-e-lega.jpg\",\"width\":960,\"height\":398},{\"@type\":\"BreadcrumbList\",\"@id\":\"https:\/\/www.pressenza.com\/it\/2020\/07\/sicilia-e-lega-la-menzogna-identitaria\/#breadcrumb\",\"itemListElement\":[{\"@type\":\"ListItem\",\"position\":1,\"name\":\"Accueil\",\"item\":\"https:\/\/www.pressenza.com\/it\/\"},{\"@type\":\"ListItem\",\"position\":2,\"name\":\"Sicilia e Lega: la menzogna identitaria\"}]},{\"@type\":\"WebSite\",\"@id\":\"https:\/\/www.pressenza.com\/it\/#website\",\"url\":\"https:\/\/www.pressenza.com\/it\/\",\"name\":\"Pressenza\",\"description\":\"Agenzia di Stampa Internazionale\",\"publisher\":{\"@id\":\"https:\/\/www.pressenza.com\/it\/#organization\"},\"potentialAction\":[{\"@type\":\"SearchAction\",\"target\":{\"@type\":\"EntryPoint\",\"urlTemplate\":\"https:\/\/www.pressenza.com\/it\/?s={search_term_string}\"},\"query-input\":{\"@type\":\"PropertyValueSpecification\",\"valueRequired\":true,\"valueName\":\"search_term_string\"}}],\"inLanguage\":\"it-IT\"},{\"@type\":\"Organization\",\"@id\":\"https:\/\/www.pressenza.com\/it\/#organization\",\"name\":\"Pressenza\",\"url\":\"https:\/\/www.pressenza.com\/it\/\",\"logo\":{\"@type\":\"ImageObject\",\"inLanguage\":\"it-IT\",\"@id\":\"https:\/\/www.pressenza.com\/it\/#\/schema\/logo\/image\/\",\"url\":\"https:\/\/www.pressenza.com\/wp-content\/uploads\/2022\/10\/pressenza_logo_200x200.jpg\",\"contentUrl\":\"https:\/\/www.pressenza.com\/wp-content\/uploads\/2022\/10\/pressenza_logo_200x200.jpg\",\"width\":200,\"height\":200,\"caption\":\"Pressenza\"},\"image\":{\"@id\":\"https:\/\/www.pressenza.com\/it\/#\/schema\/logo\/image\/\"},\"sameAs\":[\"https:\/\/www.facebook.com\/PressenzaItalia\",\"https:\/\/x.com\/PressenzaIPA\"]},{\"@type\":\"Person\",\"@id\":\"https:\/\/www.pressenza.com\/it\/#\/schema\/person\/4716f959d9db6175a7babf35dbc6cb1e\",\"name\":\"Ketty Giannilivigni\",\"description\":\"Scrittrice e saggista, femminista e sociologa della moda. Ha collaborato con varie riviste (\\\"Salvare Palermo\\\", \\\"Ciumelato\\\", \\\"Mezzocielo\\\", \\\"Segno\\\") e testate online come \\\"NoteBlock\\\" e \\\"Mediterraneo di Pace\\\". Inoltre \u00e8 stata fra i fondatori del Comitato sui Beni comuni \\\"Stefano Rodot\u00e0\\\" di Palermo.\",\"url\":\"https:\/\/www.pressenza.com\/it\/author\/ketty-giannilivigni\/\"}]}<\/script>\n<!-- \/ Yoast SEO plugin. -->","yoast_head_json":{"title":"Sicilia e Lega: la menzogna identitaria","description":"La nomina del nuovo Assessore regionale ai Beni culturali, esponente del partito di Salvini e con trascorsi nel Fronte della Giovent\u00f9, ha suscitato forte","robots":{"index":"index","follow":"follow","max-snippet":"max-snippet:-1","max-image-preview":"max-image-preview:large","max-video-preview":"max-video-preview:-1"},"canonical":"https:\/\/www.pressenza.com\/it\/2020\/07\/sicilia-e-lega-la-menzogna-identitaria\/","og_locale":"it_IT","og_type":"article","og_title":"Sicilia e Lega: la menzogna identitaria","og_description":"La nomina del nuovo Assessore regionale ai Beni culturali, esponente del partito di Salvini e con trascorsi nel Fronte della Giovent\u00f9, ha suscitato forte","og_url":"https:\/\/www.pressenza.com\/it\/2020\/07\/sicilia-e-lega-la-menzogna-identitaria\/","og_site_name":"Pressenza","article_publisher":"https:\/\/www.facebook.com\/PressenzaItalia","article_published_time":"2020-07-10T10:11:02+00:00","article_modified_time":"2021-11-06T16:59:42+00:00","og_image":[{"width":960,"height":398,"url":"https:\/\/www.pressenza.com\/wp-content\/uploads\/2020\/07\/sicilia-e-lega.jpg","type":"image\/jpeg"}],"author":"Ketty Giannilivigni","twitter_card":"summary_large_image","twitter_creator":"@PressenzaIPA","twitter_site":"@PressenzaIPA","twitter_misc":{"Scritto da":"Ketty Giannilivigni","Tempo di lettura stimato":"5 minuti"},"schema":{"@context":"https:\/\/schema.org","@graph":[{"@type":"Article","@id":"https:\/\/www.pressenza.com\/it\/2020\/07\/sicilia-e-lega-la-menzogna-identitaria\/#article","isPartOf":{"@id":"https:\/\/www.pressenza.com\/it\/2020\/07\/sicilia-e-lega-la-menzogna-identitaria\/"},"author":{"name":"Ketty Giannilivigni","@id":"https:\/\/www.pressenza.com\/it\/#\/schema\/person\/4716f959d9db6175a7babf35dbc6cb1e"},"headline":"Sicilia e Lega: la menzogna identitaria","datePublished":"2020-07-10T10:11:02+00:00","dateModified":"2021-11-06T16:59:42+00:00","mainEntityOfPage":{"@id":"https:\/\/www.pressenza.com\/it\/2020\/07\/sicilia-e-lega-la-menzogna-identitaria\/"},"wordCount":966,"publisher":{"@id":"https:\/\/www.pressenza.com\/it\/#organization"},"image":{"@id":"https:\/\/www.pressenza.com\/it\/2020\/07\/sicilia-e-lega-la-menzogna-identitaria\/#primaryimage"},"thumbnailUrl":"https:\/\/www.pressenza.com\/wp-content\/uploads\/2020\/07\/sicilia-e-lega.jpg","keywords":["Assessore regionale ai Beni culturali","Giunta Musumeci","Sicilia"],"articleSection":["Cultura e Media","Europa","Opinioni","Politica"],"inLanguage":"it-IT"},{"@type":"WebPage","@id":"https:\/\/www.pressenza.com\/it\/2020\/07\/sicilia-e-lega-la-menzogna-identitaria\/","url":"https:\/\/www.pressenza.com\/it\/2020\/07\/sicilia-e-lega-la-menzogna-identitaria\/","name":"Sicilia e Lega: la menzogna identitaria","isPartOf":{"@id":"https:\/\/www.pressenza.com\/it\/#website"},"primaryImageOfPage":{"@id":"https:\/\/www.pressenza.com\/it\/2020\/07\/sicilia-e-lega-la-menzogna-identitaria\/#primaryimage"},"image":{"@id":"https:\/\/www.pressenza.com\/it\/2020\/07\/sicilia-e-lega-la-menzogna-identitaria\/#primaryimage"},"thumbnailUrl":"https:\/\/www.pressenza.com\/wp-content\/uploads\/2020\/07\/sicilia-e-lega.jpg","datePublished":"2020-07-10T10:11:02+00:00","dateModified":"2021-11-06T16:59:42+00:00","description":"La nomina del nuovo Assessore regionale ai Beni culturali, esponente del partito di Salvini e con trascorsi nel Fronte della Giovent\u00f9, ha suscitato forte","breadcrumb":{"@id":"https:\/\/www.pressenza.com\/it\/2020\/07\/sicilia-e-lega-la-menzogna-identitaria\/#breadcrumb"},"inLanguage":"it-IT","potentialAction":[{"@type":"ReadAction","target":["https:\/\/www.pressenza.com\/it\/2020\/07\/sicilia-e-lega-la-menzogna-identitaria\/"]}]},{"@type":"ImageObject","inLanguage":"it-IT","@id":"https:\/\/www.pressenza.com\/it\/2020\/07\/sicilia-e-lega-la-menzogna-identitaria\/#primaryimage","url":"https:\/\/www.pressenza.com\/wp-content\/uploads\/2020\/07\/sicilia-e-lega.jpg","contentUrl":"https:\/\/www.pressenza.com\/wp-content\/uploads\/2020\/07\/sicilia-e-lega.jpg","width":960,"height":398},{"@type":"BreadcrumbList","@id":"https:\/\/www.pressenza.com\/it\/2020\/07\/sicilia-e-lega-la-menzogna-identitaria\/#breadcrumb","itemListElement":[{"@type":"ListItem","position":1,"name":"Accueil","item":"https:\/\/www.pressenza.com\/it\/"},{"@type":"ListItem","position":2,"name":"Sicilia e Lega: la menzogna identitaria"}]},{"@type":"WebSite","@id":"https:\/\/www.pressenza.com\/it\/#website","url":"https:\/\/www.pressenza.com\/it\/","name":"Pressenza","description":"Agenzia di Stampa Internazionale","publisher":{"@id":"https:\/\/www.pressenza.com\/it\/#organization"},"potentialAction":[{"@type":"SearchAction","target":{"@type":"EntryPoint","urlTemplate":"https:\/\/www.pressenza.com\/it\/?s={search_term_string}"},"query-input":{"@type":"PropertyValueSpecification","valueRequired":true,"valueName":"search_term_string"}}],"inLanguage":"it-IT"},{"@type":"Organization","@id":"https:\/\/www.pressenza.com\/it\/#organization","name":"Pressenza","url":"https:\/\/www.pressenza.com\/it\/","logo":{"@type":"ImageObject","inLanguage":"it-IT","@id":"https:\/\/www.pressenza.com\/it\/#\/schema\/logo\/image\/","url":"https:\/\/www.pressenza.com\/wp-content\/uploads\/2022\/10\/pressenza_logo_200x200.jpg","contentUrl":"https:\/\/www.pressenza.com\/wp-content\/uploads\/2022\/10\/pressenza_logo_200x200.jpg","width":200,"height":200,"caption":"Pressenza"},"image":{"@id":"https:\/\/www.pressenza.com\/it\/#\/schema\/logo\/image\/"},"sameAs":["https:\/\/www.facebook.com\/PressenzaItalia","https:\/\/x.com\/PressenzaIPA"]},{"@type":"Person","@id":"https:\/\/www.pressenza.com\/it\/#\/schema\/person\/4716f959d9db6175a7babf35dbc6cb1e","name":"Ketty Giannilivigni","description":"Scrittrice e saggista, femminista e sociologa della moda. Ha collaborato con varie riviste (\"Salvare Palermo\", \"Ciumelato\", \"Mezzocielo\", \"Segno\") e testate online come \"NoteBlock\" e \"Mediterraneo di Pace\". Inoltre \u00e8 stata fra i fondatori del Comitato sui Beni comuni \"Stefano Rodot\u00e0\" di Palermo.","url":"https:\/\/www.pressenza.com\/it\/author\/ketty-giannilivigni\/"}]}},"place":"","original_article_url":"","_links":{"self":[{"href":"https:\/\/www.pressenza.com\/it\/wp-json\/wp\/v2\/posts\/1156162","targetHints":{"allow":["GET"]}}],"collection":[{"href":"https:\/\/www.pressenza.com\/it\/wp-json\/wp\/v2\/posts"}],"about":[{"href":"https:\/\/www.pressenza.com\/it\/wp-json\/wp\/v2\/types\/post"}],"author":[{"embeddable":true,"href":"https:\/\/www.pressenza.com\/it\/wp-json\/wp\/v2\/users\/2073"}],"replies":[{"embeddable":true,"href":"https:\/\/www.pressenza.com\/it\/wp-json\/wp\/v2\/comments?post=1156162"}],"version-history":[{"count":0,"href":"https:\/\/www.pressenza.com\/it\/wp-json\/wp\/v2\/posts\/1156162\/revisions"}],"wp:featuredmedia":[{"embeddable":true,"href":"https:\/\/www.pressenza.com\/it\/wp-json\/wp\/v2\/media\/1156164"}],"wp:attachment":[{"href":"https:\/\/www.pressenza.com\/it\/wp-json\/wp\/v2\/media?parent=1156162"}],"wp:term":[{"taxonomy":"category","embeddable":true,"href":"https:\/\/www.pressenza.com\/it\/wp-json\/wp\/v2\/categories?post=1156162"},{"taxonomy":"post_tag","embeddable":true,"href":"https:\/\/www.pressenza.com\/it\/wp-json\/wp\/v2\/tags?post=1156162"}],"curies":[{"name":"wp","href":"https:\/\/api.w.org\/{rel}","templated":true}]}}