{"id":1155974,"date":"2020-07-09T19:36:19","date_gmt":"2020-07-09T18:36:19","guid":{"rendered":"https:\/\/www.pressenza.com\/?p=1155974"},"modified":"2020-07-09T19:39:21","modified_gmt":"2020-07-09T18:39:21","slug":"integrazione-e-solidarieta-nel-cuore-di-ballaro","status":"publish","type":"post","link":"https:\/\/www.pressenza.com\/it\/2020\/07\/integrazione-e-solidarieta-nel-cuore-di-ballaro\/","title":{"rendered":"Integrazione e solidariet\u00e0 nel cuore di Ballar\u00f2"},"content":{"rendered":"<p><strong>Vi portiamo a conoscere una rete attiva di associazioni del terzo settore che crea comunit\u00e0 e da anni si prende cura del quartiere Ballar\u00f2 a Palermo. Ne abbiamo parlato con i responsabili di due realt\u00e0 che operano in questa zona del capoluogo siciliano.<\/strong><\/p>\n<p>Ci troviamo nel quartiere Albergheria, a\u00a0<strong>Palermo<\/strong>, uno dei cinque quartieri normanni, situato oltre il Kemonia, fiume che insieme al Papireto fu di importanza storica per la nascita della citt\u00e0. Il quartiere assunse questo nome perch\u00e9 vi vennero trasferiti da Federico II gli abitanti ribelli di Centorbi e Capizzi (Albergaria Centurbi et Capicii).<\/p>\n<p>Cuore pulsante dell\u2019Albergheria \u00e8 oggi il mercato di\u00a0<strong>Ballar\u00f2<\/strong>, nome con cui spesso viene definito l\u2019intero quartiere. Tale termine probabilmente deriva da Bahlara, villaggio presso Monreale da dove provenivano le verdure, gli ortaggi e i venditori che lo frequentavano.<\/p>\n<p>All\u2019interno del quartiere, non lontano dal mercato, \u00e8 attiva ormai da anni\u00a0<strong>una rete di associazioni del terzo settore<\/strong>. Abbiamo intervistato due dei suoi protagonisti: Ernesto Paci, vice presidente di\u00a0<a href=\"https:\/\/peresempionlus.org\/\" aria-label=\"undefined (apri in una nuova scheda)\"><strong>Per Esempio Onlus<\/strong><\/a>\u00a0e Rosita Marchese, presidentessa di\u00a0<a href=\"https:\/\/www.kalaonlus.org\/\" aria-label=\"undefined (apri in una nuova scheda)\"><strong>Kala Onlus<\/strong><\/a>.<\/p>\n<p>Ernesto ci racconta come \u00abdall\u2019incontro di alcuni amici, giovani professionisti e dal desiderio di coniugare lavoro e voglia di\u00a0<strong>generare cambiamento\u00a0<\/strong>nel territorio\u00bb sia nata, nel 2011, prima un\u2019associazione di volontariato e in seguito Per Esempio Onlus.<\/p>\n<p>\u00abL\u2019obiettivo principale \u2013 continua Ernesto \u2013 \u00e8 quello di\u00a0<strong>avviare processi di empowerment<\/strong>\u00a0di categorie svantaggiate. In particolare le attivit\u00e0 dell\u2019associazione si concentrano su alcuni campi: contrasto alla povert\u00e0 educativa, contrasto alla violenza di genere e inclusione della popolazione di origine straniera\u00bb.<\/p>\n<p>Grazie al supporto di fondazioni, bandi ministeriali e ad alcuni canali di finanziamento europei sono stati avviati diversi progetti che hanno permesso all\u2019associazione di crescere negli anni.<\/p>\n<p>Dopo l\u2019avvio nel 2012 di un centro aggregativo nato nel quartiere Borgo Vecchio, con attivit\u00e0 di doposcuola, laboratoriali e di sostegno alle famiglie, l\u2019associazione si \u00e8 trasferita a Ballar\u00f2 dove ha iniziato la collaborazione con le altre realt\u00e0 presenti nel territorio. Cos\u00ec sotto l\u2019impulso di una rete informale formata da associazioni, cooperative sociali, parrocchie, scuole, universit\u00e0, piccoli commercianti e da diversi anni impegnata nel processo di rigenerazione del quartiere, nasce\u00a0<strong>\u201cC.A.S.A. a Ballar\u00f2 \u2013 Comunit\u00e0 Attiva e Scuola Aperta a Ballar\u00f2\u201d<\/strong>.<\/p>\n<p>Obiettivo specifico di questo progetto \u00e8 aumentare i livelli di benessere e le opportunit\u00e0 di crescita educativa per i minori del quartiere, in fascia di et\u00e0 5-14 anni, che vivono in situazioni di fragilit\u00e0 sociale, culturale ed economica. C.A.S.A. a Ballar\u00f2 si muove intorno a\u00a0<strong>quattro assi principali<\/strong>: scuola, terzo settore, famiglia, quartiere. Ognuno di questi assi, nell\u2019articolarsi delle attivit\u00e0 previste, tende verso un orizzonte comune e condiviso, quello della comunit\u00e0. Tra le tante realt\u00e0 coinvolte c\u2019\u00e8 l\u2019associazione di promozione sociale Kala Onlus, di cui Rosita Marchese \u00e8 presidentessa.<\/p>\n<p><strong>Kala Onlus<\/strong>\u00a0nasce nel 2010 a Ballar\u00f2 e principalmente gestisce il Giardino di Madre Teresa, una ludoteca multietnica. Kala Onlus, nell\u2019ottica di un lavoro con la comunit\u00e0 locale, si \u00e8 impegnata nell\u2019offerta di servizi tesi all\u2019accoglienza, sostegno e cura dei minori, della fascia 0-6 anni, facenti parte di famiglie indigenti e famiglie di immigrati in condizioni di fragilit\u00e0 sociale. Grazie alle donazioni e all\u2019operato di assistenti, bambinaie, psicologi, tirocinanti e volontari specializzati, negli anni, Kala Onlus, ha allargato il suo bacino di utenza, intervenendo in altri ambiti socio-psico-educativi, con progetti sul sostegno alla genitorialit\u00e0, di inclusione sociale, di scambi e confronti culturali.<\/p>\n<p>\u00abDurante questa pandemia \u2013 ci racconta Rosita \u2013 si sono attivati concretamente per andare incontro ai bisogni di tante famiglie creando un apposito fondo: Il banco del sorriso\u00bb. Rosita, per\u00f2, tiene a precisare che in questo contesto le emergenze esistono da sempre e la forza principale rimane\u00a0<strong>la capacit\u00e0 di collaborazione\u00a0<\/strong>tra le persone nel quartiere.<\/p>\n<p>&nbsp;<\/p>\n<p>&nbsp;<\/p>\n<p>&nbsp;<\/p>\n<p>&nbsp;<\/p>\n","protected":false},"excerpt":{"rendered":"<p>Vi portiamo a conoscere una rete attiva di associazioni del terzo settore che crea comunit\u00e0 e da anni si prende cura del quartiere Ballar\u00f2 a Palermo. Ne abbiamo parlato con i responsabili di due realt\u00e0 che operano in questa zona&hellip;<\/p>\n","protected":false},"author":1156,"featured_media":1155975,"comment_status":"closed","ping_status":"closed","sticky":false,"template":"","format":"standard","meta":{"footnotes":""},"categories":[1258,47],"tags":[47375,78489,6906,78487,1048,78488,1634],"class_list":["post-1155974","post","type-post","status-publish","format-standard","has-post-thumbnail","hentry","category-educazione","category-europa","tag-ballaro","tag-c-a-s-a-a-ballaro","tag-integrazione","tag-kala-onlus","tag-palermo","tag-per-esempio-onlus","tag-solidarieta"],"yoast_head":"<!-- This site is optimized with the Yoast SEO plugin v27.1.1 - https:\/\/yoast.com\/product\/yoast-seo-wordpress\/ -->\n<title>Integrazione e solidariet\u00e0 nel cuore di Ballar\u00f2<\/title>\n<meta name=\"description\" content=\"Vi portiamo a conoscere una rete attiva di associazioni del terzo settore che crea comunit\u00e0 e da anni si prende cura del quartiere Ballar\u00f2 a Palermo. Ne\" \/>\n<meta name=\"robots\" content=\"index, follow, max-snippet:-1, max-image-preview:large, max-video-preview:-1\" \/>\n<link rel=\"canonical\" href=\"https:\/\/www.pressenza.com\/it\/2020\/07\/integrazione-e-solidarieta-nel-cuore-di-ballaro\/\" \/>\n<meta property=\"og:locale\" content=\"it_IT\" \/>\n<meta property=\"og:type\" content=\"article\" \/>\n<meta property=\"og:title\" content=\"Integrazione e solidariet\u00e0 nel cuore di Ballar\u00f2\" \/>\n<meta property=\"og:description\" content=\"Vi portiamo a conoscere una rete attiva di associazioni del terzo settore che crea comunit\u00e0 e da anni si prende cura del quartiere Ballar\u00f2 a Palermo. Ne\" \/>\n<meta property=\"og:url\" content=\"https:\/\/www.pressenza.com\/it\/2020\/07\/integrazione-e-solidarieta-nel-cuore-di-ballaro\/\" \/>\n<meta property=\"og:site_name\" content=\"Pressenza\" \/>\n<meta property=\"article:publisher\" content=\"https:\/\/www.facebook.com\/PressenzaItalia\" \/>\n<meta property=\"article:published_time\" content=\"2020-07-09T18:36:19+00:00\" \/>\n<meta property=\"article:modified_time\" content=\"2020-07-09T18:39:21+00:00\" \/>\n<meta property=\"og:image\" content=\"https:\/\/www.pressenza.com\/wp-content\/uploads\/2020\/07\/kala-onlus.jpg\" \/>\n\t<meta property=\"og:image:width\" content=\"1130\" \/>\n\t<meta property=\"og:image:height\" content=\"752\" \/>\n\t<meta property=\"og:image:type\" content=\"image\/jpeg\" \/>\n<meta name=\"author\" content=\"Italia che Cambia\" \/>\n<meta name=\"twitter:card\" content=\"summary_large_image\" \/>\n<meta name=\"twitter:creator\" content=\"@PressenzaIPA\" \/>\n<meta name=\"twitter:site\" content=\"@PressenzaIPA\" \/>\n<meta name=\"twitter:label1\" content=\"Scritto da\" \/>\n\t<meta name=\"twitter:data1\" content=\"Italia che Cambia\" \/>\n\t<meta name=\"twitter:label2\" content=\"Tempo di lettura stimato\" \/>\n\t<meta name=\"twitter:data2\" content=\"3 minuti\" \/>\n<script type=\"application\/ld+json\" class=\"yoast-schema-graph\">{\"@context\":\"https:\/\/schema.org\",\"@graph\":[{\"@type\":\"Article\",\"@id\":\"https:\/\/www.pressenza.com\/it\/2020\/07\/integrazione-e-solidarieta-nel-cuore-di-ballaro\/#article\",\"isPartOf\":{\"@id\":\"https:\/\/www.pressenza.com\/it\/2020\/07\/integrazione-e-solidarieta-nel-cuore-di-ballaro\/\"},\"author\":{\"name\":\"Italia che Cambia\",\"@id\":\"https:\/\/www.pressenza.com\/it\/#\/schema\/person\/26ae515434c753a9e88393ca1aba3b44\"},\"headline\":\"Integrazione e solidariet\u00e0 nel cuore di Ballar\u00f2\",\"datePublished\":\"2020-07-09T18:36:19+00:00\",\"dateModified\":\"2020-07-09T18:39:21+00:00\",\"mainEntityOfPage\":{\"@id\":\"https:\/\/www.pressenza.com\/it\/2020\/07\/integrazione-e-solidarieta-nel-cuore-di-ballaro\/\"},\"wordCount\":628,\"publisher\":{\"@id\":\"https:\/\/www.pressenza.com\/it\/#organization\"},\"image\":{\"@id\":\"https:\/\/www.pressenza.com\/it\/2020\/07\/integrazione-e-solidarieta-nel-cuore-di-ballaro\/#primaryimage\"},\"thumbnailUrl\":\"https:\/\/www.pressenza.com\/wp-content\/uploads\/2020\/07\/kala-onlus.jpg\",\"keywords\":[\"Ballar\u00f2\",\"C.A.S.A. a Ballar\u00f2\",\"integrazione\",\"Kala Onlus\",\"Palermo\",\"Per Esempio Onlus\",\"solidariet\u00e0\"],\"articleSection\":[\"Educazione\",\"Europa\"],\"inLanguage\":\"it-IT\"},{\"@type\":\"WebPage\",\"@id\":\"https:\/\/www.pressenza.com\/it\/2020\/07\/integrazione-e-solidarieta-nel-cuore-di-ballaro\/\",\"url\":\"https:\/\/www.pressenza.com\/it\/2020\/07\/integrazione-e-solidarieta-nel-cuore-di-ballaro\/\",\"name\":\"Integrazione e solidariet\u00e0 nel cuore di Ballar\u00f2\",\"isPartOf\":{\"@id\":\"https:\/\/www.pressenza.com\/it\/#website\"},\"primaryImageOfPage\":{\"@id\":\"https:\/\/www.pressenza.com\/it\/2020\/07\/integrazione-e-solidarieta-nel-cuore-di-ballaro\/#primaryimage\"},\"image\":{\"@id\":\"https:\/\/www.pressenza.com\/it\/2020\/07\/integrazione-e-solidarieta-nel-cuore-di-ballaro\/#primaryimage\"},\"thumbnailUrl\":\"https:\/\/www.pressenza.com\/wp-content\/uploads\/2020\/07\/kala-onlus.jpg\",\"datePublished\":\"2020-07-09T18:36:19+00:00\",\"dateModified\":\"2020-07-09T18:39:21+00:00\",\"description\":\"Vi portiamo a conoscere una rete attiva di associazioni del terzo settore che crea comunit\u00e0 e da anni si prende cura del quartiere Ballar\u00f2 a Palermo. Ne\",\"breadcrumb\":{\"@id\":\"https:\/\/www.pressenza.com\/it\/2020\/07\/integrazione-e-solidarieta-nel-cuore-di-ballaro\/#breadcrumb\"},\"inLanguage\":\"it-IT\",\"potentialAction\":[{\"@type\":\"ReadAction\",\"target\":[\"https:\/\/www.pressenza.com\/it\/2020\/07\/integrazione-e-solidarieta-nel-cuore-di-ballaro\/\"]}]},{\"@type\":\"ImageObject\",\"inLanguage\":\"it-IT\",\"@id\":\"https:\/\/www.pressenza.com\/it\/2020\/07\/integrazione-e-solidarieta-nel-cuore-di-ballaro\/#primaryimage\",\"url\":\"https:\/\/www.pressenza.com\/wp-content\/uploads\/2020\/07\/kala-onlus.jpg\",\"contentUrl\":\"https:\/\/www.pressenza.com\/wp-content\/uploads\/2020\/07\/kala-onlus.jpg\",\"width\":1130,\"height\":752},{\"@type\":\"BreadcrumbList\",\"@id\":\"https:\/\/www.pressenza.com\/it\/2020\/07\/integrazione-e-solidarieta-nel-cuore-di-ballaro\/#breadcrumb\",\"itemListElement\":[{\"@type\":\"ListItem\",\"position\":1,\"name\":\"Accueil\",\"item\":\"https:\/\/www.pressenza.com\/it\/\"},{\"@type\":\"ListItem\",\"position\":2,\"name\":\"Integrazione e solidariet\u00e0 nel cuore di Ballar\u00f2\"}]},{\"@type\":\"WebSite\",\"@id\":\"https:\/\/www.pressenza.com\/it\/#website\",\"url\":\"https:\/\/www.pressenza.com\/it\/\",\"name\":\"Pressenza\",\"description\":\"Agenzia di Stampa Internazionale\",\"publisher\":{\"@id\":\"https:\/\/www.pressenza.com\/it\/#organization\"},\"potentialAction\":[{\"@type\":\"SearchAction\",\"target\":{\"@type\":\"EntryPoint\",\"urlTemplate\":\"https:\/\/www.pressenza.com\/it\/?s={search_term_string}\"},\"query-input\":{\"@type\":\"PropertyValueSpecification\",\"valueRequired\":true,\"valueName\":\"search_term_string\"}}],\"inLanguage\":\"it-IT\"},{\"@type\":\"Organization\",\"@id\":\"https:\/\/www.pressenza.com\/it\/#organization\",\"name\":\"Pressenza\",\"url\":\"https:\/\/www.pressenza.com\/it\/\",\"logo\":{\"@type\":\"ImageObject\",\"inLanguage\":\"it-IT\",\"@id\":\"https:\/\/www.pressenza.com\/it\/#\/schema\/logo\/image\/\",\"url\":\"https:\/\/www.pressenza.com\/wp-content\/uploads\/2022\/10\/pressenza_logo_200x200.jpg\",\"contentUrl\":\"https:\/\/www.pressenza.com\/wp-content\/uploads\/2022\/10\/pressenza_logo_200x200.jpg\",\"width\":200,\"height\":200,\"caption\":\"Pressenza\"},\"image\":{\"@id\":\"https:\/\/www.pressenza.com\/it\/#\/schema\/logo\/image\/\"},\"sameAs\":[\"https:\/\/www.facebook.com\/PressenzaItalia\",\"https:\/\/x.com\/PressenzaIPA\"]},{\"@type\":\"Person\",\"@id\":\"https:\/\/www.pressenza.com\/it\/#\/schema\/person\/26ae515434c753a9e88393ca1aba3b44\",\"name\":\"Italia che Cambia\",\"description\":\"Italia che Cambia \u00e8 una testata giornalistica. Vogliamo creare strumenti che mettano insieme tutti gli attori silenziosi di quell\u2019Italia che esiste ma che attualmente \u00e8 invisibile dall\u2019esterno, perch\u00e9 ignorata dai mass media. Vogliamo raccontare e rappresentare quei milioni di cittadini fino ad oggi esclusi dai circuiti informativi, offrendogli allo stesso tempo una serie di servizi fondamentali alla valorizzazione e alla messa in rete delle loro azioni.\",\"url\":\"https:\/\/www.pressenza.com\/it\/author\/italia-che-cambia\/\"}]}<\/script>\n<!-- \/ Yoast SEO plugin. -->","yoast_head_json":{"title":"Integrazione e solidariet\u00e0 nel cuore di Ballar\u00f2","description":"Vi portiamo a conoscere una rete attiva di associazioni del terzo settore che crea comunit\u00e0 e da anni si prende cura del quartiere Ballar\u00f2 a Palermo. Ne","robots":{"index":"index","follow":"follow","max-snippet":"max-snippet:-1","max-image-preview":"max-image-preview:large","max-video-preview":"max-video-preview:-1"},"canonical":"https:\/\/www.pressenza.com\/it\/2020\/07\/integrazione-e-solidarieta-nel-cuore-di-ballaro\/","og_locale":"it_IT","og_type":"article","og_title":"Integrazione e solidariet\u00e0 nel cuore di Ballar\u00f2","og_description":"Vi portiamo a conoscere una rete attiva di associazioni del terzo settore che crea comunit\u00e0 e da anni si prende cura del quartiere Ballar\u00f2 a Palermo. Ne","og_url":"https:\/\/www.pressenza.com\/it\/2020\/07\/integrazione-e-solidarieta-nel-cuore-di-ballaro\/","og_site_name":"Pressenza","article_publisher":"https:\/\/www.facebook.com\/PressenzaItalia","article_published_time":"2020-07-09T18:36:19+00:00","article_modified_time":"2020-07-09T18:39:21+00:00","og_image":[{"width":1130,"height":752,"url":"https:\/\/www.pressenza.com\/wp-content\/uploads\/2020\/07\/kala-onlus.jpg","type":"image\/jpeg"}],"author":"Italia che Cambia","twitter_card":"summary_large_image","twitter_creator":"@PressenzaIPA","twitter_site":"@PressenzaIPA","twitter_misc":{"Scritto da":"Italia che Cambia","Tempo di lettura stimato":"3 minuti"},"schema":{"@context":"https:\/\/schema.org","@graph":[{"@type":"Article","@id":"https:\/\/www.pressenza.com\/it\/2020\/07\/integrazione-e-solidarieta-nel-cuore-di-ballaro\/#article","isPartOf":{"@id":"https:\/\/www.pressenza.com\/it\/2020\/07\/integrazione-e-solidarieta-nel-cuore-di-ballaro\/"},"author":{"name":"Italia che Cambia","@id":"https:\/\/www.pressenza.com\/it\/#\/schema\/person\/26ae515434c753a9e88393ca1aba3b44"},"headline":"Integrazione e solidariet\u00e0 nel cuore di Ballar\u00f2","datePublished":"2020-07-09T18:36:19+00:00","dateModified":"2020-07-09T18:39:21+00:00","mainEntityOfPage":{"@id":"https:\/\/www.pressenza.com\/it\/2020\/07\/integrazione-e-solidarieta-nel-cuore-di-ballaro\/"},"wordCount":628,"publisher":{"@id":"https:\/\/www.pressenza.com\/it\/#organization"},"image":{"@id":"https:\/\/www.pressenza.com\/it\/2020\/07\/integrazione-e-solidarieta-nel-cuore-di-ballaro\/#primaryimage"},"thumbnailUrl":"https:\/\/www.pressenza.com\/wp-content\/uploads\/2020\/07\/kala-onlus.jpg","keywords":["Ballar\u00f2","C.A.S.A. a Ballar\u00f2","integrazione","Kala Onlus","Palermo","Per Esempio Onlus","solidariet\u00e0"],"articleSection":["Educazione","Europa"],"inLanguage":"it-IT"},{"@type":"WebPage","@id":"https:\/\/www.pressenza.com\/it\/2020\/07\/integrazione-e-solidarieta-nel-cuore-di-ballaro\/","url":"https:\/\/www.pressenza.com\/it\/2020\/07\/integrazione-e-solidarieta-nel-cuore-di-ballaro\/","name":"Integrazione e solidariet\u00e0 nel cuore di Ballar\u00f2","isPartOf":{"@id":"https:\/\/www.pressenza.com\/it\/#website"},"primaryImageOfPage":{"@id":"https:\/\/www.pressenza.com\/it\/2020\/07\/integrazione-e-solidarieta-nel-cuore-di-ballaro\/#primaryimage"},"image":{"@id":"https:\/\/www.pressenza.com\/it\/2020\/07\/integrazione-e-solidarieta-nel-cuore-di-ballaro\/#primaryimage"},"thumbnailUrl":"https:\/\/www.pressenza.com\/wp-content\/uploads\/2020\/07\/kala-onlus.jpg","datePublished":"2020-07-09T18:36:19+00:00","dateModified":"2020-07-09T18:39:21+00:00","description":"Vi portiamo a conoscere una rete attiva di associazioni del terzo settore che crea comunit\u00e0 e da anni si prende cura del quartiere Ballar\u00f2 a Palermo. Ne","breadcrumb":{"@id":"https:\/\/www.pressenza.com\/it\/2020\/07\/integrazione-e-solidarieta-nel-cuore-di-ballaro\/#breadcrumb"},"inLanguage":"it-IT","potentialAction":[{"@type":"ReadAction","target":["https:\/\/www.pressenza.com\/it\/2020\/07\/integrazione-e-solidarieta-nel-cuore-di-ballaro\/"]}]},{"@type":"ImageObject","inLanguage":"it-IT","@id":"https:\/\/www.pressenza.com\/it\/2020\/07\/integrazione-e-solidarieta-nel-cuore-di-ballaro\/#primaryimage","url":"https:\/\/www.pressenza.com\/wp-content\/uploads\/2020\/07\/kala-onlus.jpg","contentUrl":"https:\/\/www.pressenza.com\/wp-content\/uploads\/2020\/07\/kala-onlus.jpg","width":1130,"height":752},{"@type":"BreadcrumbList","@id":"https:\/\/www.pressenza.com\/it\/2020\/07\/integrazione-e-solidarieta-nel-cuore-di-ballaro\/#breadcrumb","itemListElement":[{"@type":"ListItem","position":1,"name":"Accueil","item":"https:\/\/www.pressenza.com\/it\/"},{"@type":"ListItem","position":2,"name":"Integrazione e solidariet\u00e0 nel cuore di Ballar\u00f2"}]},{"@type":"WebSite","@id":"https:\/\/www.pressenza.com\/it\/#website","url":"https:\/\/www.pressenza.com\/it\/","name":"Pressenza","description":"Agenzia di Stampa Internazionale","publisher":{"@id":"https:\/\/www.pressenza.com\/it\/#organization"},"potentialAction":[{"@type":"SearchAction","target":{"@type":"EntryPoint","urlTemplate":"https:\/\/www.pressenza.com\/it\/?s={search_term_string}"},"query-input":{"@type":"PropertyValueSpecification","valueRequired":true,"valueName":"search_term_string"}}],"inLanguage":"it-IT"},{"@type":"Organization","@id":"https:\/\/www.pressenza.com\/it\/#organization","name":"Pressenza","url":"https:\/\/www.pressenza.com\/it\/","logo":{"@type":"ImageObject","inLanguage":"it-IT","@id":"https:\/\/www.pressenza.com\/it\/#\/schema\/logo\/image\/","url":"https:\/\/www.pressenza.com\/wp-content\/uploads\/2022\/10\/pressenza_logo_200x200.jpg","contentUrl":"https:\/\/www.pressenza.com\/wp-content\/uploads\/2022\/10\/pressenza_logo_200x200.jpg","width":200,"height":200,"caption":"Pressenza"},"image":{"@id":"https:\/\/www.pressenza.com\/it\/#\/schema\/logo\/image\/"},"sameAs":["https:\/\/www.facebook.com\/PressenzaItalia","https:\/\/x.com\/PressenzaIPA"]},{"@type":"Person","@id":"https:\/\/www.pressenza.com\/it\/#\/schema\/person\/26ae515434c753a9e88393ca1aba3b44","name":"Italia che Cambia","description":"Italia che Cambia \u00e8 una testata giornalistica. Vogliamo creare strumenti che mettano insieme tutti gli attori silenziosi di quell\u2019Italia che esiste ma che attualmente \u00e8 invisibile dall\u2019esterno, perch\u00e9 ignorata dai mass media. Vogliamo raccontare e rappresentare quei milioni di cittadini fino ad oggi esclusi dai circuiti informativi, offrendogli allo stesso tempo una serie di servizi fondamentali alla valorizzazione e alla messa in rete delle loro azioni.","url":"https:\/\/www.pressenza.com\/it\/author\/italia-che-cambia\/"}]}},"place":"Gabriele Giannetto","original_article_url":"https:\/\/www.italiachecambia.org\/2020\/07\/integrazione-solidarieta-ballaro\/","_links":{"self":[{"href":"https:\/\/www.pressenza.com\/it\/wp-json\/wp\/v2\/posts\/1155974","targetHints":{"allow":["GET"]}}],"collection":[{"href":"https:\/\/www.pressenza.com\/it\/wp-json\/wp\/v2\/posts"}],"about":[{"href":"https:\/\/www.pressenza.com\/it\/wp-json\/wp\/v2\/types\/post"}],"author":[{"embeddable":true,"href":"https:\/\/www.pressenza.com\/it\/wp-json\/wp\/v2\/users\/1156"}],"replies":[{"embeddable":true,"href":"https:\/\/www.pressenza.com\/it\/wp-json\/wp\/v2\/comments?post=1155974"}],"version-history":[{"count":0,"href":"https:\/\/www.pressenza.com\/it\/wp-json\/wp\/v2\/posts\/1155974\/revisions"}],"wp:featuredmedia":[{"embeddable":true,"href":"https:\/\/www.pressenza.com\/it\/wp-json\/wp\/v2\/media\/1155975"}],"wp:attachment":[{"href":"https:\/\/www.pressenza.com\/it\/wp-json\/wp\/v2\/media?parent=1155974"}],"wp:term":[{"taxonomy":"category","embeddable":true,"href":"https:\/\/www.pressenza.com\/it\/wp-json\/wp\/v2\/categories?post=1155974"},{"taxonomy":"post_tag","embeddable":true,"href":"https:\/\/www.pressenza.com\/it\/wp-json\/wp\/v2\/tags?post=1155974"}],"curies":[{"name":"wp","href":"https:\/\/api.w.org\/{rel}","templated":true}]}}