{"id":1155136,"date":"2020-07-08T17:51:00","date_gmt":"2020-07-08T16:51:00","guid":{"rendered":"https:\/\/www.pressenza.com\/?p=1155136"},"modified":"2020-07-09T14:47:47","modified_gmt":"2020-07-09T13:47:47","slug":"milano-giardino-baiamonti-giu-la-maschera","status":"publish","type":"post","link":"https:\/\/www.pressenza.com\/it\/2020\/07\/milano-giardino-baiamonti-giu-la-maschera\/","title":{"rendered":"Milano, giardino Baiamonti: gi\u00f9 la maschera"},"content":{"rendered":"<div>\n<div>PERCHE&#8217;?<\/div>\n<\/div>\n<div dir=\"ltr\">\n<div>\n<p>Perch\u00e8 ieri mattina sindaco <a href=\"https:\/\/www.facebook.com\/beppesalasindaco\/?__tn__=K-R&amp;eid=ARA03LqPQ5EDLhgPgDG1Sk449ZzD-rv9ptyyXSqwkwnRMEj4_pJPjV0QVv_2plefodVW9oVwVttXR_H2&amp;fref=mentions&amp;__xts__%5B0%5D=68.ARCsZF8yqahy0Fux0fAqFYxfKbTQSzFT4PzoyVB3XxJPQzMdLzsDTDPdd-6zfLCdRMabwADOkSs1fCNMUxB3QoYj8NdRzSDeTozr5CxkaXpzwiHf3BdKYcpE_zx9SbecaYDNDBJrcTr1t-xyX56g7-YU307h7KUH_mQisR6ZE9Ti9DI09LzYnYImOPbcbsAbLhMxXNpA0wk3DBVYQqKWQGGjpxCcmg2M1SZ6c4hVMGLOCQRyz9viSljRzXHaVMrTNSOuoEZMJTiBnZ1dwxVK5xkxwrwl_J5njYMuTrCUAkPAEeth8TT9mlkIa2tS4BkbRgvUihdzps6L0ChMb7-bn-LjbA\" target=\"_blank\" rel=\"noopener noreferrer\">Beppe Sala<\/a>\u00a0e assessore\u00a0<a href=\"https:\/\/www.facebook.com\/Maran.Pierfrancesco\/?__tn__=K-R&amp;eid=ARAgqlEfDNE0eyhTbfhCIMwLUx41vb1wQE23ysRxxzsIqcN8paWTggNm2MA8qixx_eStfG-_wicrQ5Ka&amp;fref=mentions&amp;__xts__%5B0%5D=68.ARCsZF8yqahy0Fux0fAqFYxfKbTQSzFT4PzoyVB3XxJPQzMdLzsDTDPdd-6zfLCdRMabwADOkSs1fCNMUxB3QoYj8NdRzSDeTozr5CxkaXpzwiHf3BdKYcpE_zx9SbecaYDNDBJrcTr1t-xyX56g7-YU307h7KUH_mQisR6ZE9Ti9DI09LzYnYImOPbcbsAbLhMxXNpA0wk3DBVYQqKWQGGjpxCcmg2M1SZ6c4hVMGLOCQRyz9viSljRzXHaVMrTNSOuoEZMJTiBnZ1dwxVK5xkxwrwl_J5njYMuTrCUAkPAEeth8TT9mlkIa2tS4BkbRgvUihdzps6L0ChMb7-bn-LjbA\" target=\"_blank\" rel=\"noopener noreferrer\">Pierfrancesco Maran<\/a> avete fatto questo? Perch\u00e9 avete usato la logica dei bulldozer e avete distrutto tutto quello che avevamo creato nei giardini? Perch\u00e9 avete distrutto la scena e l&#8217;anfiteatro costruiti dagli artisti di strada? Perch\u00e9 avete tagliato tutto, comprese tante piante e aiuole che stavamo curando da un anno? Perch\u00e9 avete nuovamente recintato e lucchettato tutta l&#8217;area? Che cosa abbiamo fatto di male?<\/p>\n<p>Forse \u00e8 un delitto essersi occupati di un&#8217;area verde comunale abbandonata? Averla curata e animata? Aver creato uno spazio dove abbiamo proiettato grandi film e sono passate centinaia di persone in pochi giorni? Uno spazio dove poter ripararsi all&#8217;ombra e dove poter fare un picnic? Un&#8217;<a href=\"https:\/\/www.facebook.com\/AREA-LEA-PORTA-VOLTA-112324667179044\/?__tn__=K-R&amp;eid=ARCDDhDkXs2eozyphIAhJDoKAIl8FFH_1FVbokam0hxAb3IGgUZ0c25uuoNURm_rcM89gq0o3jPThREN&amp;fref=mentions&amp;__xts__%5B0%5D=68.ARCsZF8yqahy0Fux0fAqFYxfKbTQSzFT4PzoyVB3XxJPQzMdLzsDTDPdd-6zfLCdRMabwADOkSs1fCNMUxB3QoYj8NdRzSDeTozr5CxkaXpzwiHf3BdKYcpE_zx9SbecaYDNDBJrcTr1t-xyX56g7-YU307h7KUH_mQisR6ZE9Ti9DI09LzYnYImOPbcbsAbLhMxXNpA0wk3DBVYQqKWQGGjpxCcmg2M1SZ6c4hVMGLOCQRyz9viSljRzXHaVMrTNSOuoEZMJTiBnZ1dwxVK5xkxwrwl_J5njYMuTrCUAkPAEeth8TT9mlkIa2tS4BkbRgvUihdzps6L0ChMb7-bn-LjbA\" target=\"_blank\" rel=\"noopener noreferrer\">AREA LEA PORTA VOLTA<\/a>\u00a0dove gli artisti di strada avevano creato una piccola casa per alternarsi in spettacoli e prove?<\/p>\n<p>E voi avete distrutto tutto!<\/p>\n<p>PERCHE&#8217;?<\/p>\n<p>Statene certi, quello \u00e8 un bene comune, e nel rispetto della collettivit\u00e0 noi lo riapriremo e continueremo con le attivit\u00e0 previste, a partire dalla festa delle <a href=\"https:\/\/www.facebook.com\/brigatevolontarieMilano\/?__tn__=K-R&amp;eid=ARD-umaPpi69AFsR0brRWTMLQKLL8dBCbJmp025fpifIMwmRJm8dYit2xLCylReaWCDD43mLbRmEt3Du&amp;fref=mentions&amp;__xts__%5B0%5D=68.ARCsZF8yqahy0Fux0fAqFYxfKbTQSzFT4PzoyVB3XxJPQzMdLzsDTDPdd-6zfLCdRMabwADOkSs1fCNMUxB3QoYj8NdRzSDeTozr5CxkaXpzwiHf3BdKYcpE_zx9SbecaYDNDBJrcTr1t-xyX56g7-YU307h7KUH_mQisR6ZE9Ti9DI09LzYnYImOPbcbsAbLhMxXNpA0wk3DBVYQqKWQGGjpxCcmg2M1SZ6c4hVMGLOCQRyz9viSljRzXHaVMrTNSOuoEZMJTiBnZ1dwxVK5xkxwrwl_J5njYMuTrCUAkPAEeth8TT9mlkIa2tS4BkbRgvUihdzps6L0ChMb7-bn-LjbA\" target=\"_blank\" rel=\"noopener noreferrer\">Brigate Volontarie per l&#8217;emergenza<\/a> di questa sera, che hanno svolto quel lavoro mutualistico che voi non siete riusciti a compiere, dando aiuto nel momento del lockdown a tutte quelle persone e quelle famiglie che non avevano mezzi per sostenersi.<\/p>\n<p>E proseguiremo venerd\u00ec con un&#8217;altra serata cinematografica <a href=\"https:\/\/www.facebook.com\/events\/619141345391612\/?acontext=%7B%22source%22%3A108%2C%22action_history%22%3A%22%5B%7B%5C%22surface%5C%22%3A%5C%22post_page%5C%22%2C%5C%22mechanism%5C%22%3A%5C%22surface%5C%22%2C%5C%22extra_data%5C%22%3A%5B%5D%7D%5D%22%2C%22has_source%22%3Atrue%7D&amp;source=108&amp;action_history=%5B%7B%22surface%22%3A%22post_page%22%2C%22mechanism%22%3A%22surface%22%2C%22extra_data%22%3A%5B%5D%7D%5D&amp;has_source=1&amp;__tn__=K-R&amp;eid=ARDA7E78Igi-oPwHTJP49YKjJ_1xFpBRQzLf1hE4xhmxRr2vkH22E1v7QRjYmhSc9WXJdif4rBbwn26y&amp;fref=mentions&amp;__xts__%5B0%5D=68.ARCsZF8yqahy0Fux0fAqFYxfKbTQSzFT4PzoyVB3XxJPQzMdLzsDTDPdd-6zfLCdRMabwADOkSs1fCNMUxB3QoYj8NdRzSDeTozr5CxkaXpzwiHf3BdKYcpE_zx9SbecaYDNDBJrcTr1t-xyX56g7-YU307h7KUH_mQisR6ZE9Ti9DI09LzYnYImOPbcbsAbLhMxXNpA0wk3DBVYQqKWQGGjpxCcmg2M1SZ6c4hVMGLOCQRyz9viSljRzXHaVMrTNSOuoEZMJTiBnZ1dwxVK5xkxwrwl_J5njYMuTrCUAkPAEeth8TT9mlkIa2tS4BkbRgvUihdzps6L0ChMb7-bn-LjbA\" target=\"_blank\" rel=\"noopener noreferrer\">Cinema in Giardino! &#8211; Moonlight<\/a>, e sabato con il concerto\u00a0<a href=\"https:\/\/www.facebook.com\/events\/944384942713497\/?acontext=%7B%22source%22%3A108%2C%22action_history%22%3A%22%5B%7B%5C%22surface%5C%22%3A%5C%22post_page%5C%22%2C%5C%22mechanism%5C%22%3A%5C%22surface%5C%22%2C%5C%22extra_data%5C%22%3A%5B%5D%7D%5D%22%2C%22has_source%22%3Atrue%7D&amp;source=108&amp;action_history=%5B%7B%22surface%22%3A%22post_page%22%2C%22mechanism%22%3A%22surface%22%2C%22extra_data%22%3A%5B%5D%7D%5D&amp;has_source=1&amp;__tn__=K-R&amp;eid=ARB5VDekVchHs46YI_z_IZDMGBdCcXmPStV9g3SsbEV5MWAWVjwgweZY_1Bhwa9Jv03RI5gTh4ACYOtA&amp;fref=mentions&amp;__xts__%5B0%5D=68.ARCsZF8yqahy0Fux0fAqFYxfKbTQSzFT4PzoyVB3XxJPQzMdLzsDTDPdd-6zfLCdRMabwADOkSs1fCNMUxB3QoYj8NdRzSDeTozr5CxkaXpzwiHf3BdKYcpE_zx9SbecaYDNDBJrcTr1t-xyX56g7-YU307h7KUH_mQisR6ZE9Ti9DI09LzYnYImOPbcbsAbLhMxXNpA0wk3DBVYQqKWQGGjpxCcmg2M1SZ6c4hVMGLOCQRyz9viSljRzXHaVMrTNSOuoEZMJTiBnZ1dwxVK5xkxwrwl_J5njYMuTrCUAkPAEeth8TT9mlkIa2tS4BkbRgvUihdzps6L0ChMb7-bn-LjbA\" target=\"_blank\" rel=\"noopener noreferrer\">Reggaemotion sull&#8217;erba<\/a> per continuare a dare vitalit\u00e0 a tutta l&#8217;area di Baiamonti.<\/p>\n<p>Noi rimaniamo, non ci facciamo intimidire dalla forza e dall&#8217;uso indiscriminato del potere, e siamo sempre disponibili a un confronto serio su quello che stiamo portando avanti ormai da tre anni.<\/p>\n<div><em><strong>Baiamonti\u00a0 Verde Comune<\/strong><\/em><\/div>\n<\/div>\n<\/div>\n<div><\/div>\n<div dir=\"ltr\">\n<div>\n<div>\n<div><a href=\"https:\/\/www.facebook.com\/baiamontiverdecomune\/photos\/a.465307210491770\/1162268474128970\/?type=3&amp;notif_id=1594191937682552&amp;notif_t=page_post_reaction\">Qui<\/a> le foto sulla pagina Facebook<\/div>\n<\/div>\n<\/div>\n<\/div>\n","protected":false},"excerpt":{"rendered":"<p>PERCHE&#8217;? Perch\u00e8 ieri mattina sindaco Beppe Sala\u00a0e assessore\u00a0Pierfrancesco Maran avete fatto questo? Perch\u00e9 avete usato la logica dei bulldozer e avete distrutto tutto quello che avevamo creato nei giardini? Perch\u00e9 avete distrutto la scena e l&#8217;anfiteatro costruiti dagli artisti di&hellip;<\/p>\n","protected":false},"author":594,"featured_media":1155139,"comment_status":"closed","ping_status":"closed","sticky":false,"template":"","format":"standard","meta":{"footnotes":""},"categories":[150,59,47],"tags":[78424,7549,78425,21469],"class_list":["post-1155136","post","type-post","status-publish","format-standard","has-post-thumbnail","hentry","category-comunicati-stampa","category-ambiente-ecologia","category-europa","tag-baiamonti","tag-giardino","tag-maran","tag-sala"],"yoast_head":"<!-- This site is optimized with the Yoast SEO plugin v27.1.1 - https:\/\/yoast.com\/product\/yoast-seo-wordpress\/ -->\n<title>Milano, giardino Baiamonti: gi\u00f9 la maschera<\/title>\n<meta name=\"description\" content=\"Perch\u00e8 ieri mattina sindaco Beppe Sala\u00a0e assessore\u00a0Pierfrancesco Maran\u00a0avete distrutto tutto quello che avevamo creato nei giardini? Statene certi, quello \u00e8 un bene comune, e nel rispetto della collettivit\u00e0 noi lo riapriremo\" \/>\n<meta name=\"robots\" content=\"index, follow, max-snippet:-1, max-image-preview:large, max-video-preview:-1\" \/>\n<link rel=\"canonical\" href=\"https:\/\/www.pressenza.com\/it\/2020\/07\/milano-giardino-baiamonti-giu-la-maschera\/\" \/>\n<meta property=\"og:locale\" content=\"it_IT\" \/>\n<meta property=\"og:type\" content=\"article\" \/>\n<meta property=\"og:title\" content=\"Milano, giardino Baiamonti: gi\u00f9 la maschera\" \/>\n<meta property=\"og:description\" content=\"Perch\u00e8 ieri mattina sindaco Beppe Sala\u00a0e assessore\u00a0Pierfrancesco Maran\u00a0avete distrutto tutto quello che avevamo creato nei giardini? Statene certi, quello \u00e8 un bene comune, e nel rispetto della collettivit\u00e0 noi lo riapriremo\" \/>\n<meta property=\"og:url\" content=\"https:\/\/www.pressenza.com\/it\/2020\/07\/milano-giardino-baiamonti-giu-la-maschera\/\" \/>\n<meta property=\"og:site_name\" content=\"Pressenza\" \/>\n<meta property=\"article:publisher\" content=\"https:\/\/www.facebook.com\/PressenzaItalia\" \/>\n<meta property=\"article:author\" content=\"https:\/\/www.facebook.com\/PressenzaItalia\" \/>\n<meta property=\"article:published_time\" content=\"2020-07-08T16:51:00+00:00\" \/>\n<meta property=\"article:modified_time\" content=\"2020-07-09T13:47:47+00:00\" \/>\n<meta property=\"og:image\" content=\"https:\/\/www.pressenza.com\/wp-content\/uploads\/2020\/07\/Baiamonti-Bene-Comune.jpg\" \/>\n\t<meta property=\"og:image:width\" content=\"683\" \/>\n\t<meta property=\"og:image:height\" content=\"404\" \/>\n\t<meta property=\"og:image:type\" content=\"image\/jpeg\" \/>\n<meta name=\"author\" content=\"Redazione Italia\" \/>\n<meta name=\"twitter:card\" content=\"summary_large_image\" \/>\n<meta name=\"twitter:creator\" content=\"@pressenza_it\" \/>\n<meta name=\"twitter:site\" content=\"@PressenzaIPA\" \/>\n<meta name=\"twitter:label1\" content=\"Scritto da\" \/>\n\t<meta name=\"twitter:data1\" content=\"Redazione Italia\" \/>\n\t<meta name=\"twitter:label2\" content=\"Tempo di lettura stimato\" \/>\n\t<meta name=\"twitter:data2\" content=\"1 minuto\" \/>\n<script type=\"application\/ld+json\" class=\"yoast-schema-graph\">{\"@context\":\"https:\/\/schema.org\",\"@graph\":[{\"@type\":\"Article\",\"@id\":\"https:\/\/www.pressenza.com\/it\/2020\/07\/milano-giardino-baiamonti-giu-la-maschera\/#article\",\"isPartOf\":{\"@id\":\"https:\/\/www.pressenza.com\/it\/2020\/07\/milano-giardino-baiamonti-giu-la-maschera\/\"},\"author\":{\"name\":\"Redazione Italia\",\"@id\":\"https:\/\/www.pressenza.com\/it\/#\/schema\/person\/d983e81827ae24f2c7b1a2123d197f8d\"},\"headline\":\"Milano, giardino Baiamonti: gi\u00f9 la maschera\",\"datePublished\":\"2020-07-08T16:51:00+00:00\",\"dateModified\":\"2020-07-09T13:47:47+00:00\",\"mainEntityOfPage\":{\"@id\":\"https:\/\/www.pressenza.com\/it\/2020\/07\/milano-giardino-baiamonti-giu-la-maschera\/\"},\"wordCount\":291,\"publisher\":{\"@id\":\"https:\/\/www.pressenza.com\/it\/#organization\"},\"image\":{\"@id\":\"https:\/\/www.pressenza.com\/it\/2020\/07\/milano-giardino-baiamonti-giu-la-maschera\/#primaryimage\"},\"thumbnailUrl\":\"https:\/\/www.pressenza.com\/wp-content\/uploads\/2020\/07\/Baiamonti-Bene-Comune.jpg\",\"keywords\":[\"Baiamonti\",\"giardino\",\"Maran\",\"sala\"],\"articleSection\":[\"Comunicati Stampa\",\"Ecologia ed Ambiente\",\"Europa\"],\"inLanguage\":\"it-IT\"},{\"@type\":\"WebPage\",\"@id\":\"https:\/\/www.pressenza.com\/it\/2020\/07\/milano-giardino-baiamonti-giu-la-maschera\/\",\"url\":\"https:\/\/www.pressenza.com\/it\/2020\/07\/milano-giardino-baiamonti-giu-la-maschera\/\",\"name\":\"Milano, giardino Baiamonti: gi\u00f9 la maschera\",\"isPartOf\":{\"@id\":\"https:\/\/www.pressenza.com\/it\/#website\"},\"primaryImageOfPage\":{\"@id\":\"https:\/\/www.pressenza.com\/it\/2020\/07\/milano-giardino-baiamonti-giu-la-maschera\/#primaryimage\"},\"image\":{\"@id\":\"https:\/\/www.pressenza.com\/it\/2020\/07\/milano-giardino-baiamonti-giu-la-maschera\/#primaryimage\"},\"thumbnailUrl\":\"https:\/\/www.pressenza.com\/wp-content\/uploads\/2020\/07\/Baiamonti-Bene-Comune.jpg\",\"datePublished\":\"2020-07-08T16:51:00+00:00\",\"dateModified\":\"2020-07-09T13:47:47+00:00\",\"description\":\"Perch\u00e8 ieri mattina sindaco Beppe Sala\u00a0e assessore\u00a0Pierfrancesco Maran\u00a0avete distrutto tutto quello che avevamo creato nei giardini? Statene certi, quello \u00e8 un bene comune, e nel rispetto della collettivit\u00e0 noi lo riapriremo\",\"breadcrumb\":{\"@id\":\"https:\/\/www.pressenza.com\/it\/2020\/07\/milano-giardino-baiamonti-giu-la-maschera\/#breadcrumb\"},\"inLanguage\":\"it-IT\",\"potentialAction\":[{\"@type\":\"ReadAction\",\"target\":[\"https:\/\/www.pressenza.com\/it\/2020\/07\/milano-giardino-baiamonti-giu-la-maschera\/\"]}]},{\"@type\":\"ImageObject\",\"inLanguage\":\"it-IT\",\"@id\":\"https:\/\/www.pressenza.com\/it\/2020\/07\/milano-giardino-baiamonti-giu-la-maschera\/#primaryimage\",\"url\":\"https:\/\/www.pressenza.com\/wp-content\/uploads\/2020\/07\/Baiamonti-Bene-Comune.jpg\",\"contentUrl\":\"https:\/\/www.pressenza.com\/wp-content\/uploads\/2020\/07\/Baiamonti-Bene-Comune.jpg\",\"width\":683,\"height\":404},{\"@type\":\"BreadcrumbList\",\"@id\":\"https:\/\/www.pressenza.com\/it\/2020\/07\/milano-giardino-baiamonti-giu-la-maschera\/#breadcrumb\",\"itemListElement\":[{\"@type\":\"ListItem\",\"position\":1,\"name\":\"Accueil\",\"item\":\"https:\/\/www.pressenza.com\/it\/\"},{\"@type\":\"ListItem\",\"position\":2,\"name\":\"Milano, giardino Baiamonti: gi\u00f9 la maschera\"}]},{\"@type\":\"WebSite\",\"@id\":\"https:\/\/www.pressenza.com\/it\/#website\",\"url\":\"https:\/\/www.pressenza.com\/it\/\",\"name\":\"Pressenza\",\"description\":\"Agenzia di Stampa Internazionale\",\"publisher\":{\"@id\":\"https:\/\/www.pressenza.com\/it\/#organization\"},\"potentialAction\":[{\"@type\":\"SearchAction\",\"target\":{\"@type\":\"EntryPoint\",\"urlTemplate\":\"https:\/\/www.pressenza.com\/it\/?s={search_term_string}\"},\"query-input\":{\"@type\":\"PropertyValueSpecification\",\"valueRequired\":true,\"valueName\":\"search_term_string\"}}],\"inLanguage\":\"it-IT\"},{\"@type\":\"Organization\",\"@id\":\"https:\/\/www.pressenza.com\/it\/#organization\",\"name\":\"Pressenza\",\"url\":\"https:\/\/www.pressenza.com\/it\/\",\"logo\":{\"@type\":\"ImageObject\",\"inLanguage\":\"it-IT\",\"@id\":\"https:\/\/www.pressenza.com\/it\/#\/schema\/logo\/image\/\",\"url\":\"https:\/\/www.pressenza.com\/wp-content\/uploads\/2022\/10\/pressenza_logo_200x200.jpg\",\"contentUrl\":\"https:\/\/www.pressenza.com\/wp-content\/uploads\/2022\/10\/pressenza_logo_200x200.jpg\",\"width\":200,\"height\":200,\"caption\":\"Pressenza\"},\"image\":{\"@id\":\"https:\/\/www.pressenza.com\/it\/#\/schema\/logo\/image\/\"},\"sameAs\":[\"https:\/\/www.facebook.com\/PressenzaItalia\",\"https:\/\/x.com\/PressenzaIPA\"]},{\"@type\":\"Person\",\"@id\":\"https:\/\/www.pressenza.com\/it\/#\/schema\/person\/d983e81827ae24f2c7b1a2123d197f8d\",\"name\":\"Redazione Italia\",\"description\":\"News from the Pressenza Bureau in Italy\",\"sameAs\":[\"https:\/\/www.pressenza.com\/it\/author\/redazione-italia\/\",\"https:\/\/www.facebook.com\/PressenzaItalia\",\"https:\/\/www.instagram.com\/pressenza_italia\/\",\"https:\/\/x.com\/pressenza_it\",\"https:\/\/www.youtube.com\/channel\/UCSalEIWjE1RSxkwjfftFuqg\"],\"url\":\"https:\/\/www.pressenza.com\/it\/author\/redazione-italia\/\"}]}<\/script>\n<!-- \/ Yoast SEO plugin. -->","yoast_head_json":{"title":"Milano, giardino Baiamonti: gi\u00f9 la maschera","description":"Perch\u00e8 ieri mattina sindaco Beppe Sala\u00a0e assessore\u00a0Pierfrancesco Maran\u00a0avete distrutto tutto quello che avevamo creato nei giardini? Statene certi, quello \u00e8 un bene comune, e nel rispetto della collettivit\u00e0 noi lo riapriremo","robots":{"index":"index","follow":"follow","max-snippet":"max-snippet:-1","max-image-preview":"max-image-preview:large","max-video-preview":"max-video-preview:-1"},"canonical":"https:\/\/www.pressenza.com\/it\/2020\/07\/milano-giardino-baiamonti-giu-la-maschera\/","og_locale":"it_IT","og_type":"article","og_title":"Milano, giardino Baiamonti: gi\u00f9 la maschera","og_description":"Perch\u00e8 ieri mattina sindaco Beppe Sala\u00a0e assessore\u00a0Pierfrancesco Maran\u00a0avete distrutto tutto quello che avevamo creato nei giardini? Statene certi, quello \u00e8 un bene comune, e nel rispetto della collettivit\u00e0 noi lo riapriremo","og_url":"https:\/\/www.pressenza.com\/it\/2020\/07\/milano-giardino-baiamonti-giu-la-maschera\/","og_site_name":"Pressenza","article_publisher":"https:\/\/www.facebook.com\/PressenzaItalia","article_author":"https:\/\/www.facebook.com\/PressenzaItalia","article_published_time":"2020-07-08T16:51:00+00:00","article_modified_time":"2020-07-09T13:47:47+00:00","og_image":[{"width":683,"height":404,"url":"https:\/\/www.pressenza.com\/wp-content\/uploads\/2020\/07\/Baiamonti-Bene-Comune.jpg","type":"image\/jpeg"}],"author":"Redazione Italia","twitter_card":"summary_large_image","twitter_creator":"@pressenza_it","twitter_site":"@PressenzaIPA","twitter_misc":{"Scritto da":"Redazione Italia","Tempo di lettura stimato":"1 minuto"},"schema":{"@context":"https:\/\/schema.org","@graph":[{"@type":"Article","@id":"https:\/\/www.pressenza.com\/it\/2020\/07\/milano-giardino-baiamonti-giu-la-maschera\/#article","isPartOf":{"@id":"https:\/\/www.pressenza.com\/it\/2020\/07\/milano-giardino-baiamonti-giu-la-maschera\/"},"author":{"name":"Redazione Italia","@id":"https:\/\/www.pressenza.com\/it\/#\/schema\/person\/d983e81827ae24f2c7b1a2123d197f8d"},"headline":"Milano, giardino Baiamonti: gi\u00f9 la maschera","datePublished":"2020-07-08T16:51:00+00:00","dateModified":"2020-07-09T13:47:47+00:00","mainEntityOfPage":{"@id":"https:\/\/www.pressenza.com\/it\/2020\/07\/milano-giardino-baiamonti-giu-la-maschera\/"},"wordCount":291,"publisher":{"@id":"https:\/\/www.pressenza.com\/it\/#organization"},"image":{"@id":"https:\/\/www.pressenza.com\/it\/2020\/07\/milano-giardino-baiamonti-giu-la-maschera\/#primaryimage"},"thumbnailUrl":"https:\/\/www.pressenza.com\/wp-content\/uploads\/2020\/07\/Baiamonti-Bene-Comune.jpg","keywords":["Baiamonti","giardino","Maran","sala"],"articleSection":["Comunicati Stampa","Ecologia ed Ambiente","Europa"],"inLanguage":"it-IT"},{"@type":"WebPage","@id":"https:\/\/www.pressenza.com\/it\/2020\/07\/milano-giardino-baiamonti-giu-la-maschera\/","url":"https:\/\/www.pressenza.com\/it\/2020\/07\/milano-giardino-baiamonti-giu-la-maschera\/","name":"Milano, giardino Baiamonti: gi\u00f9 la maschera","isPartOf":{"@id":"https:\/\/www.pressenza.com\/it\/#website"},"primaryImageOfPage":{"@id":"https:\/\/www.pressenza.com\/it\/2020\/07\/milano-giardino-baiamonti-giu-la-maschera\/#primaryimage"},"image":{"@id":"https:\/\/www.pressenza.com\/it\/2020\/07\/milano-giardino-baiamonti-giu-la-maschera\/#primaryimage"},"thumbnailUrl":"https:\/\/www.pressenza.com\/wp-content\/uploads\/2020\/07\/Baiamonti-Bene-Comune.jpg","datePublished":"2020-07-08T16:51:00+00:00","dateModified":"2020-07-09T13:47:47+00:00","description":"Perch\u00e8 ieri mattina sindaco Beppe Sala\u00a0e assessore\u00a0Pierfrancesco Maran\u00a0avete distrutto tutto quello che avevamo creato nei giardini? Statene certi, quello \u00e8 un bene comune, e nel rispetto della collettivit\u00e0 noi lo riapriremo","breadcrumb":{"@id":"https:\/\/www.pressenza.com\/it\/2020\/07\/milano-giardino-baiamonti-giu-la-maschera\/#breadcrumb"},"inLanguage":"it-IT","potentialAction":[{"@type":"ReadAction","target":["https:\/\/www.pressenza.com\/it\/2020\/07\/milano-giardino-baiamonti-giu-la-maschera\/"]}]},{"@type":"ImageObject","inLanguage":"it-IT","@id":"https:\/\/www.pressenza.com\/it\/2020\/07\/milano-giardino-baiamonti-giu-la-maschera\/#primaryimage","url":"https:\/\/www.pressenza.com\/wp-content\/uploads\/2020\/07\/Baiamonti-Bene-Comune.jpg","contentUrl":"https:\/\/www.pressenza.com\/wp-content\/uploads\/2020\/07\/Baiamonti-Bene-Comune.jpg","width":683,"height":404},{"@type":"BreadcrumbList","@id":"https:\/\/www.pressenza.com\/it\/2020\/07\/milano-giardino-baiamonti-giu-la-maschera\/#breadcrumb","itemListElement":[{"@type":"ListItem","position":1,"name":"Accueil","item":"https:\/\/www.pressenza.com\/it\/"},{"@type":"ListItem","position":2,"name":"Milano, giardino Baiamonti: gi\u00f9 la maschera"}]},{"@type":"WebSite","@id":"https:\/\/www.pressenza.com\/it\/#website","url":"https:\/\/www.pressenza.com\/it\/","name":"Pressenza","description":"Agenzia di Stampa Internazionale","publisher":{"@id":"https:\/\/www.pressenza.com\/it\/#organization"},"potentialAction":[{"@type":"SearchAction","target":{"@type":"EntryPoint","urlTemplate":"https:\/\/www.pressenza.com\/it\/?s={search_term_string}"},"query-input":{"@type":"PropertyValueSpecification","valueRequired":true,"valueName":"search_term_string"}}],"inLanguage":"it-IT"},{"@type":"Organization","@id":"https:\/\/www.pressenza.com\/it\/#organization","name":"Pressenza","url":"https:\/\/www.pressenza.com\/it\/","logo":{"@type":"ImageObject","inLanguage":"it-IT","@id":"https:\/\/www.pressenza.com\/it\/#\/schema\/logo\/image\/","url":"https:\/\/www.pressenza.com\/wp-content\/uploads\/2022\/10\/pressenza_logo_200x200.jpg","contentUrl":"https:\/\/www.pressenza.com\/wp-content\/uploads\/2022\/10\/pressenza_logo_200x200.jpg","width":200,"height":200,"caption":"Pressenza"},"image":{"@id":"https:\/\/www.pressenza.com\/it\/#\/schema\/logo\/image\/"},"sameAs":["https:\/\/www.facebook.com\/PressenzaItalia","https:\/\/x.com\/PressenzaIPA"]},{"@type":"Person","@id":"https:\/\/www.pressenza.com\/it\/#\/schema\/person\/d983e81827ae24f2c7b1a2123d197f8d","name":"Redazione Italia","description":"News from the Pressenza Bureau in Italy","sameAs":["https:\/\/www.pressenza.com\/it\/author\/redazione-italia\/","https:\/\/www.facebook.com\/PressenzaItalia","https:\/\/www.instagram.com\/pressenza_italia\/","https:\/\/x.com\/pressenza_it","https:\/\/www.youtube.com\/channel\/UCSalEIWjE1RSxkwjfftFuqg"],"url":"https:\/\/www.pressenza.com\/it\/author\/redazione-italia\/"}]}},"place":"","original_article_url":"","_links":{"self":[{"href":"https:\/\/www.pressenza.com\/it\/wp-json\/wp\/v2\/posts\/1155136","targetHints":{"allow":["GET"]}}],"collection":[{"href":"https:\/\/www.pressenza.com\/it\/wp-json\/wp\/v2\/posts"}],"about":[{"href":"https:\/\/www.pressenza.com\/it\/wp-json\/wp\/v2\/types\/post"}],"author":[{"embeddable":true,"href":"https:\/\/www.pressenza.com\/it\/wp-json\/wp\/v2\/users\/594"}],"replies":[{"embeddable":true,"href":"https:\/\/www.pressenza.com\/it\/wp-json\/wp\/v2\/comments?post=1155136"}],"version-history":[{"count":0,"href":"https:\/\/www.pressenza.com\/it\/wp-json\/wp\/v2\/posts\/1155136\/revisions"}],"wp:featuredmedia":[{"embeddable":true,"href":"https:\/\/www.pressenza.com\/it\/wp-json\/wp\/v2\/media\/1155139"}],"wp:attachment":[{"href":"https:\/\/www.pressenza.com\/it\/wp-json\/wp\/v2\/media?parent=1155136"}],"wp:term":[{"taxonomy":"category","embeddable":true,"href":"https:\/\/www.pressenza.com\/it\/wp-json\/wp\/v2\/categories?post=1155136"},{"taxonomy":"post_tag","embeddable":true,"href":"https:\/\/www.pressenza.com\/it\/wp-json\/wp\/v2\/tags?post=1155136"}],"curies":[{"name":"wp","href":"https:\/\/api.w.org\/{rel}","templated":true}]}}