{"id":1153434,"date":"2020-07-06T15:25:22","date_gmt":"2020-07-06T14:25:22","guid":{"rendered":"https:\/\/www.pressenza.com\/?p=1153434"},"modified":"2020-07-06T16:01:24","modified_gmt":"2020-07-06T15:01:24","slug":"una-repubblica-fondata-su-quale-lavoro","status":"publish","type":"post","link":"https:\/\/www.pressenza.com\/it\/2020\/07\/una-repubblica-fondata-su-quale-lavoro\/","title":{"rendered":"Una Repubblica fondata su quale lavoro?"},"content":{"rendered":"<p>L\u2019italia \u00e8 una Repubblica fondata sul lavoro. Articolo 1 della Costituzione. Sugli aspetti squisitamente costituzionali del tema e sul fatto rivoluzionario, per i tempi e tutt\u2019oggi, di questa definizione all\u2019interno di una Costituzione rimando ai numerosi studi dei costituzionalisti (1).<\/p>\n<p>La mia riflessione vuol toccare un tema che \u00e8 diventato una ferita aperta nelle conseguenze della crisi del coronavirus: che cos\u2019\u00e8 il lavoro?<\/p>\n<p>Perch\u00e9 nella vulgata corrente \u00e8 chiaro che quando si parla di lavoro si parla in realt\u00e0 di <em>lavoro salariato; <\/em>si lavora per un salario e questo lavoro pi\u00f9 \u00e8 pagato e pi\u00f9 \u00e8 prestigioso. La mente va immediatamente al tema del taglio dello stipendio dei parlamentari, o all\u2019ingaggio di Cristiano Ronaldo, o agli inspendibili stipendi e dividendi dei presidenti dei consigli di amministrazione.<\/p>\n<p>Cio\u00e8 stiamo spostando l\u2019attenzione dal lavoro al denaro; e lo facciamo quasi inconsapevolmente come se fosse una cosa ovvia, come se fosse una cosa normale.<\/p>\n<p>Quando parliamo del Reddito di Base Incondizionato ci incontriamo con questa obiezione: \u201cma se diamo i soldi a tutti, chi lavorer\u00e0?\u201d; obiezione che si basa, per l\u2019appunto sul pre-giudizio appena enunciato: lavoro = soldi.<\/p>\n<p>E\u2019 evidente che il coronavirus ha danneggiato alcune categorie economiche mentre non ha influenzato quasi per nulla altre categorie, fino ad arrivare a quelle che ci hanno perfino guadagnato. Un virus che genera disuguaglianze economiche. Ma al tempo stesso la crisi ha messo in risalto un\u2019altra concezione del lavoro, proprio quella a cui pensavano i costituzionalisti quando scrissero l\u2019articolo 1.<\/p>\n<p><strong>Il lavoro \u00e8 qualunque attivit\u00e0 di trasformazione del mondo<\/strong>: questo concetto radicalmente diverso del senso del lavoro umano getta una luce diversa sulle attivit\u00e0 umane degli ultimi tempi e offre una nuova prospettiva per il futuro. I medici e gli infermieri che hanno salvato tante vite lo facevano perch\u00e9 erano <em>impagabili<\/em>, cos\u00ec come la vita umana. I volontari che aiutano, le persone che accolgono, noi che scriviamo gratuitamente questa agenzia stampa lavoriamo per la trasformazione. Trasformazione di oggetti, trasformazione di strutture, trasformazione di idee, trasformazione di affetti.<\/p>\n<p>Il fatto di avere legato la trasformazione al salario \u00e8 un errore storico tipico dell\u2019epoca industriale, proseguito nella post-industriale epoca della finanziarizzazione in cui i soldi finiscono per produrre altri soldi, senza alcuna trasformazione sociale diversa dall\u2019arricchimento. Tale arricchimento diventa fine a se stesso perch\u00e9 spesso produce ricchezze inspendibili cos\u00ec come la creazione di salari dove il senso delle proporzioni scivola nell\u2019insensatezza totale.<\/p>\n<p>Dobbiamo pensare a una societ\u00e0 dove ci sia un senso nelle azioni: il falegname trasforma il legno perch\u00e9 ci sia una sedia per sedersi, il medico cura un paziente perch\u00e9 guarisca, l\u2019insegnante insegna per formare migliori cittadini, le fabbriche producono oggetti utili al benessere comune, i contadini producono cibo per chi ha fame, il politico governa per il bene comune\u2026<\/p>\n<p>Un concetto complicato? Non stiamo dicendo che il denaro, come mezzo di scambio, non possa giocare qualche ruolo in tutto questo, stiamo dicendo che non pu\u00f2 e non deve avere l\u2019importanza che ha attualmente, importanza che si trasforma nella dittatura del denaro e dell\u2019economia nei confronti di tutto il resto.<\/p>\n<p>La crisi ha dimostrato che altri parametri funzionano e sono utili: la solidariet\u00e0, il senso dell\u2019azione, la generosit\u00e0, il dare disinteressato, la cura degli altri,\u00a0 l\u2019empatia. Su questi valori \u00e8 opportuno e urgente costruire un altro mondo, un mondo che si preoccupi del Bene Comune, a partire dalla nostra casa, la Terra, affrontando le vere emergenze che attanagliano l\u2019Umanit\u00e0: la crisi ambientale ed ecologica, la crisi del senso della vita, l\u2019ineguaglianza di diritti e opportunit\u00e0, il perdurare e incancrenirsi dei conflitti e delle guerre, l\u2019odiosa minaccia del disastro nucleare.<\/p>\n<p>Su queste cose c\u2019\u00e8 molto <strong>lavoro<\/strong> da fare!! E lo potranno fare bene <strong>solo<\/strong> le persone senza interessi di prestigio e denaro.<\/p>\n<p>&nbsp;<\/p>\n<p>(1) Mi permetto di consigliare, per approfondire questo tema e molti altri, <em>I sentieri costituzionali della democrazia<\/em> di Filippo Pizzolato, pubblicato da Carocci nel 2019.<\/p>\n","protected":false},"excerpt":{"rendered":"<p>L\u2019italia \u00e8 una Repubblica fondata sul lavoro. Articolo 1 della Costituzione. Sugli aspetti squisitamente costituzionali del tema e sul fatto rivoluzionario, per i tempi e tutt\u2019oggi, di questa definizione all\u2019interno di una Costituzione rimando ai numerosi studi dei costituzionalisti (1).&hellip;<\/p>\n","protected":false},"author":10,"featured_media":206727,"comment_status":"closed","ping_status":"closed","sticky":false,"template":"","format":"standard","meta":{"footnotes":""},"categories":[11388,62,162,1260],"tags":[971,60387,3295,78308,17067],"class_list":["post-1153434","post","type-post","status-publish","format-standard","has-post-thumbnail","hentry","category-contenuti-originali","category-economia","category-opinioni","category-umanesimo-spiritualita","tag-bene-comune","tag-costituzione-della-repubblica-italiana","tag-lavoro","tag-salario-it","tag-senso-della-vita"],"yoast_head":"<!-- This site is optimized with the Yoast SEO plugin v27.1.1 - https:\/\/yoast.com\/product\/yoast-seo-wordpress\/ -->\n<title>Una Repubblica fondata su quale lavoro?<\/title>\n<meta name=\"description\" content=\"L\u2019italia \u00e8 una Repubblica fondata sul lavoro. Articolo 1 della Costituzione. Sugli aspetti squisitamente costituzionali del tema e sul fatto\" \/>\n<meta name=\"robots\" content=\"index, follow, max-snippet:-1, max-image-preview:large, max-video-preview:-1\" \/>\n<link rel=\"canonical\" href=\"https:\/\/www.pressenza.com\/it\/2020\/07\/una-repubblica-fondata-su-quale-lavoro\/\" \/>\n<meta property=\"og:locale\" content=\"it_IT\" \/>\n<meta property=\"og:type\" content=\"article\" \/>\n<meta property=\"og:title\" content=\"Una Repubblica fondata su quale lavoro?\" \/>\n<meta property=\"og:description\" content=\"L\u2019italia \u00e8 una Repubblica fondata sul lavoro. Articolo 1 della Costituzione. Sugli aspetti squisitamente costituzionali del tema e sul fatto\" \/>\n<meta property=\"og:url\" content=\"https:\/\/www.pressenza.com\/it\/2020\/07\/una-repubblica-fondata-su-quale-lavoro\/\" \/>\n<meta property=\"og:site_name\" content=\"Pressenza\" \/>\n<meta property=\"article:publisher\" content=\"https:\/\/www.facebook.com\/PressenzaItalia\" \/>\n<meta property=\"article:published_time\" content=\"2020-07-06T14:25:22+00:00\" \/>\n<meta property=\"article:modified_time\" content=\"2020-07-06T15:01:24+00:00\" \/>\n<meta property=\"og:image\" content=\"https:\/\/www.pressenza.com\/wp-content\/uploads\/2015\/07\/1280px-Chaplin_-_Modern_Times.jpg\" \/>\n\t<meta property=\"og:image:width\" content=\"1280\" \/>\n\t<meta property=\"og:image:height\" content=\"1008\" \/>\n\t<meta property=\"og:image:type\" content=\"image\/jpeg\" \/>\n<meta name=\"author\" content=\"Olivier Turquet\" \/>\n<meta name=\"twitter:card\" content=\"summary_large_image\" \/>\n<meta name=\"twitter:creator\" content=\"@PressenzaIPA\" \/>\n<meta name=\"twitter:site\" content=\"@PressenzaIPA\" \/>\n<meta name=\"twitter:label1\" content=\"Scritto da\" \/>\n\t<meta name=\"twitter:data1\" content=\"Olivier Turquet\" \/>\n\t<meta name=\"twitter:label2\" content=\"Tempo di lettura stimato\" \/>\n\t<meta name=\"twitter:data2\" content=\"3 minuti\" \/>\n<script type=\"application\/ld+json\" class=\"yoast-schema-graph\">{\"@context\":\"https:\/\/schema.org\",\"@graph\":[{\"@type\":\"Article\",\"@id\":\"https:\/\/www.pressenza.com\/it\/2020\/07\/una-repubblica-fondata-su-quale-lavoro\/#article\",\"isPartOf\":{\"@id\":\"https:\/\/www.pressenza.com\/it\/2020\/07\/una-repubblica-fondata-su-quale-lavoro\/\"},\"author\":{\"name\":\"Olivier Turquet\",\"@id\":\"https:\/\/www.pressenza.com\/it\/#\/schema\/person\/636f8feb51f63f34e7378d5fcdd1de53\"},\"headline\":\"Una Repubblica fondata su quale lavoro?\",\"datePublished\":\"2020-07-06T14:25:22+00:00\",\"dateModified\":\"2020-07-06T15:01:24+00:00\",\"mainEntityOfPage\":{\"@id\":\"https:\/\/www.pressenza.com\/it\/2020\/07\/una-repubblica-fondata-su-quale-lavoro\/\"},\"wordCount\":653,\"publisher\":{\"@id\":\"https:\/\/www.pressenza.com\/it\/#organization\"},\"image\":{\"@id\":\"https:\/\/www.pressenza.com\/it\/2020\/07\/una-repubblica-fondata-su-quale-lavoro\/#primaryimage\"},\"thumbnailUrl\":\"https:\/\/www.pressenza.com\/wp-content\/uploads\/2015\/07\/1280px-Chaplin_-_Modern_Times.jpg\",\"keywords\":[\"bene comune\",\"Costituzione della Repubblica Italiana\",\"lavoro\",\"salario\",\"senso della vita\"],\"articleSection\":[\"contenuti originali\",\"Economia\",\"Opinioni\",\"Umanesimo e Spiritualit\u00e0\"],\"inLanguage\":\"it-IT\"},{\"@type\":\"WebPage\",\"@id\":\"https:\/\/www.pressenza.com\/it\/2020\/07\/una-repubblica-fondata-su-quale-lavoro\/\",\"url\":\"https:\/\/www.pressenza.com\/it\/2020\/07\/una-repubblica-fondata-su-quale-lavoro\/\",\"name\":\"Una Repubblica fondata su quale lavoro?\",\"isPartOf\":{\"@id\":\"https:\/\/www.pressenza.com\/it\/#website\"},\"primaryImageOfPage\":{\"@id\":\"https:\/\/www.pressenza.com\/it\/2020\/07\/una-repubblica-fondata-su-quale-lavoro\/#primaryimage\"},\"image\":{\"@id\":\"https:\/\/www.pressenza.com\/it\/2020\/07\/una-repubblica-fondata-su-quale-lavoro\/#primaryimage\"},\"thumbnailUrl\":\"https:\/\/www.pressenza.com\/wp-content\/uploads\/2015\/07\/1280px-Chaplin_-_Modern_Times.jpg\",\"datePublished\":\"2020-07-06T14:25:22+00:00\",\"dateModified\":\"2020-07-06T15:01:24+00:00\",\"description\":\"L\u2019italia \u00e8 una Repubblica fondata sul lavoro. Articolo 1 della Costituzione. Sugli aspetti squisitamente costituzionali del tema e sul fatto\",\"breadcrumb\":{\"@id\":\"https:\/\/www.pressenza.com\/it\/2020\/07\/una-repubblica-fondata-su-quale-lavoro\/#breadcrumb\"},\"inLanguage\":\"it-IT\",\"potentialAction\":[{\"@type\":\"ReadAction\",\"target\":[\"https:\/\/www.pressenza.com\/it\/2020\/07\/una-repubblica-fondata-su-quale-lavoro\/\"]}]},{\"@type\":\"ImageObject\",\"inLanguage\":\"it-IT\",\"@id\":\"https:\/\/www.pressenza.com\/it\/2020\/07\/una-repubblica-fondata-su-quale-lavoro\/#primaryimage\",\"url\":\"https:\/\/www.pressenza.com\/wp-content\/uploads\/2015\/07\/1280px-Chaplin_-_Modern_Times.jpg\",\"contentUrl\":\"https:\/\/www.pressenza.com\/wp-content\/uploads\/2015\/07\/1280px-Chaplin_-_Modern_Times.jpg\",\"width\":1280,\"height\":1008},{\"@type\":\"BreadcrumbList\",\"@id\":\"https:\/\/www.pressenza.com\/it\/2020\/07\/una-repubblica-fondata-su-quale-lavoro\/#breadcrumb\",\"itemListElement\":[{\"@type\":\"ListItem\",\"position\":1,\"name\":\"Accueil\",\"item\":\"https:\/\/www.pressenza.com\/it\/\"},{\"@type\":\"ListItem\",\"position\":2,\"name\":\"Una Repubblica fondata su quale lavoro?\"}]},{\"@type\":\"WebSite\",\"@id\":\"https:\/\/www.pressenza.com\/it\/#website\",\"url\":\"https:\/\/www.pressenza.com\/it\/\",\"name\":\"Pressenza\",\"description\":\"Agenzia di Stampa Internazionale\",\"publisher\":{\"@id\":\"https:\/\/www.pressenza.com\/it\/#organization\"},\"potentialAction\":[{\"@type\":\"SearchAction\",\"target\":{\"@type\":\"EntryPoint\",\"urlTemplate\":\"https:\/\/www.pressenza.com\/it\/?s={search_term_string}\"},\"query-input\":{\"@type\":\"PropertyValueSpecification\",\"valueRequired\":true,\"valueName\":\"search_term_string\"}}],\"inLanguage\":\"it-IT\"},{\"@type\":\"Organization\",\"@id\":\"https:\/\/www.pressenza.com\/it\/#organization\",\"name\":\"Pressenza\",\"url\":\"https:\/\/www.pressenza.com\/it\/\",\"logo\":{\"@type\":\"ImageObject\",\"inLanguage\":\"it-IT\",\"@id\":\"https:\/\/www.pressenza.com\/it\/#\/schema\/logo\/image\/\",\"url\":\"https:\/\/www.pressenza.com\/wp-content\/uploads\/2022\/10\/pressenza_logo_200x200.jpg\",\"contentUrl\":\"https:\/\/www.pressenza.com\/wp-content\/uploads\/2022\/10\/pressenza_logo_200x200.jpg\",\"width\":200,\"height\":200,\"caption\":\"Pressenza\"},\"image\":{\"@id\":\"https:\/\/www.pressenza.com\/it\/#\/schema\/logo\/image\/\"},\"sameAs\":[\"https:\/\/www.facebook.com\/PressenzaItalia\",\"https:\/\/x.com\/PressenzaIPA\"]},{\"@type\":\"Person\",\"@id\":\"https:\/\/www.pressenza.com\/it\/#\/schema\/person\/636f8feb51f63f34e7378d5fcdd1de53\",\"name\":\"Olivier Turquet\",\"description\":\"Takes care of writing to tell the reality for about 40 years. He has worked with paper publications, radio and electronic He founded the electronic news agency humanist Good News. He was press secretary to various events such as: the International Humanist, Florence Play, the World March for Peace and Nonviolence. Currently coordinates the Italian team of Pressenza. olivierturquet.wordpress.com\",\"sameAs\":[\"http:\/\/olivierturquet.wordpress.com\"],\"url\":\"https:\/\/www.pressenza.com\/it\/author\/olivier-turquet\/\"}]}<\/script>\n<!-- \/ Yoast SEO plugin. -->","yoast_head_json":{"title":"Una Repubblica fondata su quale lavoro?","description":"L\u2019italia \u00e8 una Repubblica fondata sul lavoro. Articolo 1 della Costituzione. Sugli aspetti squisitamente costituzionali del tema e sul fatto","robots":{"index":"index","follow":"follow","max-snippet":"max-snippet:-1","max-image-preview":"max-image-preview:large","max-video-preview":"max-video-preview:-1"},"canonical":"https:\/\/www.pressenza.com\/it\/2020\/07\/una-repubblica-fondata-su-quale-lavoro\/","og_locale":"it_IT","og_type":"article","og_title":"Una Repubblica fondata su quale lavoro?","og_description":"L\u2019italia \u00e8 una Repubblica fondata sul lavoro. Articolo 1 della Costituzione. Sugli aspetti squisitamente costituzionali del tema e sul fatto","og_url":"https:\/\/www.pressenza.com\/it\/2020\/07\/una-repubblica-fondata-su-quale-lavoro\/","og_site_name":"Pressenza","article_publisher":"https:\/\/www.facebook.com\/PressenzaItalia","article_published_time":"2020-07-06T14:25:22+00:00","article_modified_time":"2020-07-06T15:01:24+00:00","og_image":[{"width":1280,"height":1008,"url":"https:\/\/www.pressenza.com\/wp-content\/uploads\/2015\/07\/1280px-Chaplin_-_Modern_Times.jpg","type":"image\/jpeg"}],"author":"Olivier Turquet","twitter_card":"summary_large_image","twitter_creator":"@PressenzaIPA","twitter_site":"@PressenzaIPA","twitter_misc":{"Scritto da":"Olivier Turquet","Tempo di lettura stimato":"3 minuti"},"schema":{"@context":"https:\/\/schema.org","@graph":[{"@type":"Article","@id":"https:\/\/www.pressenza.com\/it\/2020\/07\/una-repubblica-fondata-su-quale-lavoro\/#article","isPartOf":{"@id":"https:\/\/www.pressenza.com\/it\/2020\/07\/una-repubblica-fondata-su-quale-lavoro\/"},"author":{"name":"Olivier Turquet","@id":"https:\/\/www.pressenza.com\/it\/#\/schema\/person\/636f8feb51f63f34e7378d5fcdd1de53"},"headline":"Una Repubblica fondata su quale lavoro?","datePublished":"2020-07-06T14:25:22+00:00","dateModified":"2020-07-06T15:01:24+00:00","mainEntityOfPage":{"@id":"https:\/\/www.pressenza.com\/it\/2020\/07\/una-repubblica-fondata-su-quale-lavoro\/"},"wordCount":653,"publisher":{"@id":"https:\/\/www.pressenza.com\/it\/#organization"},"image":{"@id":"https:\/\/www.pressenza.com\/it\/2020\/07\/una-repubblica-fondata-su-quale-lavoro\/#primaryimage"},"thumbnailUrl":"https:\/\/www.pressenza.com\/wp-content\/uploads\/2015\/07\/1280px-Chaplin_-_Modern_Times.jpg","keywords":["bene comune","Costituzione della Repubblica Italiana","lavoro","salario","senso della vita"],"articleSection":["contenuti originali","Economia","Opinioni","Umanesimo e Spiritualit\u00e0"],"inLanguage":"it-IT"},{"@type":"WebPage","@id":"https:\/\/www.pressenza.com\/it\/2020\/07\/una-repubblica-fondata-su-quale-lavoro\/","url":"https:\/\/www.pressenza.com\/it\/2020\/07\/una-repubblica-fondata-su-quale-lavoro\/","name":"Una Repubblica fondata su quale lavoro?","isPartOf":{"@id":"https:\/\/www.pressenza.com\/it\/#website"},"primaryImageOfPage":{"@id":"https:\/\/www.pressenza.com\/it\/2020\/07\/una-repubblica-fondata-su-quale-lavoro\/#primaryimage"},"image":{"@id":"https:\/\/www.pressenza.com\/it\/2020\/07\/una-repubblica-fondata-su-quale-lavoro\/#primaryimage"},"thumbnailUrl":"https:\/\/www.pressenza.com\/wp-content\/uploads\/2015\/07\/1280px-Chaplin_-_Modern_Times.jpg","datePublished":"2020-07-06T14:25:22+00:00","dateModified":"2020-07-06T15:01:24+00:00","description":"L\u2019italia \u00e8 una Repubblica fondata sul lavoro. Articolo 1 della Costituzione. Sugli aspetti squisitamente costituzionali del tema e sul fatto","breadcrumb":{"@id":"https:\/\/www.pressenza.com\/it\/2020\/07\/una-repubblica-fondata-su-quale-lavoro\/#breadcrumb"},"inLanguage":"it-IT","potentialAction":[{"@type":"ReadAction","target":["https:\/\/www.pressenza.com\/it\/2020\/07\/una-repubblica-fondata-su-quale-lavoro\/"]}]},{"@type":"ImageObject","inLanguage":"it-IT","@id":"https:\/\/www.pressenza.com\/it\/2020\/07\/una-repubblica-fondata-su-quale-lavoro\/#primaryimage","url":"https:\/\/www.pressenza.com\/wp-content\/uploads\/2015\/07\/1280px-Chaplin_-_Modern_Times.jpg","contentUrl":"https:\/\/www.pressenza.com\/wp-content\/uploads\/2015\/07\/1280px-Chaplin_-_Modern_Times.jpg","width":1280,"height":1008},{"@type":"BreadcrumbList","@id":"https:\/\/www.pressenza.com\/it\/2020\/07\/una-repubblica-fondata-su-quale-lavoro\/#breadcrumb","itemListElement":[{"@type":"ListItem","position":1,"name":"Accueil","item":"https:\/\/www.pressenza.com\/it\/"},{"@type":"ListItem","position":2,"name":"Una Repubblica fondata su quale lavoro?"}]},{"@type":"WebSite","@id":"https:\/\/www.pressenza.com\/it\/#website","url":"https:\/\/www.pressenza.com\/it\/","name":"Pressenza","description":"Agenzia di Stampa Internazionale","publisher":{"@id":"https:\/\/www.pressenza.com\/it\/#organization"},"potentialAction":[{"@type":"SearchAction","target":{"@type":"EntryPoint","urlTemplate":"https:\/\/www.pressenza.com\/it\/?s={search_term_string}"},"query-input":{"@type":"PropertyValueSpecification","valueRequired":true,"valueName":"search_term_string"}}],"inLanguage":"it-IT"},{"@type":"Organization","@id":"https:\/\/www.pressenza.com\/it\/#organization","name":"Pressenza","url":"https:\/\/www.pressenza.com\/it\/","logo":{"@type":"ImageObject","inLanguage":"it-IT","@id":"https:\/\/www.pressenza.com\/it\/#\/schema\/logo\/image\/","url":"https:\/\/www.pressenza.com\/wp-content\/uploads\/2022\/10\/pressenza_logo_200x200.jpg","contentUrl":"https:\/\/www.pressenza.com\/wp-content\/uploads\/2022\/10\/pressenza_logo_200x200.jpg","width":200,"height":200,"caption":"Pressenza"},"image":{"@id":"https:\/\/www.pressenza.com\/it\/#\/schema\/logo\/image\/"},"sameAs":["https:\/\/www.facebook.com\/PressenzaItalia","https:\/\/x.com\/PressenzaIPA"]},{"@type":"Person","@id":"https:\/\/www.pressenza.com\/it\/#\/schema\/person\/636f8feb51f63f34e7378d5fcdd1de53","name":"Olivier Turquet","description":"Takes care of writing to tell the reality for about 40 years. He has worked with paper publications, radio and electronic He founded the electronic news agency humanist Good News. He was press secretary to various events such as: the International Humanist, Florence Play, the World March for Peace and Nonviolence. Currently coordinates the Italian team of Pressenza. olivierturquet.wordpress.com","sameAs":["http:\/\/olivierturquet.wordpress.com"],"url":"https:\/\/www.pressenza.com\/it\/author\/olivier-turquet\/"}]}},"place":"","original_article_url":"","_links":{"self":[{"href":"https:\/\/www.pressenza.com\/it\/wp-json\/wp\/v2\/posts\/1153434","targetHints":{"allow":["GET"]}}],"collection":[{"href":"https:\/\/www.pressenza.com\/it\/wp-json\/wp\/v2\/posts"}],"about":[{"href":"https:\/\/www.pressenza.com\/it\/wp-json\/wp\/v2\/types\/post"}],"author":[{"embeddable":true,"href":"https:\/\/www.pressenza.com\/it\/wp-json\/wp\/v2\/users\/10"}],"replies":[{"embeddable":true,"href":"https:\/\/www.pressenza.com\/it\/wp-json\/wp\/v2\/comments?post=1153434"}],"version-history":[{"count":0,"href":"https:\/\/www.pressenza.com\/it\/wp-json\/wp\/v2\/posts\/1153434\/revisions"}],"wp:featuredmedia":[{"embeddable":true,"href":"https:\/\/www.pressenza.com\/it\/wp-json\/wp\/v2\/media\/206727"}],"wp:attachment":[{"href":"https:\/\/www.pressenza.com\/it\/wp-json\/wp\/v2\/media?parent=1153434"}],"wp:term":[{"taxonomy":"category","embeddable":true,"href":"https:\/\/www.pressenza.com\/it\/wp-json\/wp\/v2\/categories?post=1153434"},{"taxonomy":"post_tag","embeddable":true,"href":"https:\/\/www.pressenza.com\/it\/wp-json\/wp\/v2\/tags?post=1153434"}],"curies":[{"name":"wp","href":"https:\/\/api.w.org\/{rel}","templated":true}]}}