{"id":115036,"date":"2014-06-23T13:45:11","date_gmt":"2014-06-23T12:45:11","guid":{"rendered":"http:\/\/www.pressenza.com\/?p=115036"},"modified":"2014-06-23T15:57:58","modified_gmt":"2014-06-23T14:57:58","slug":"amnesty-denuncia-feroce-attacco-liberta-stampa-in-egitto","status":"publish","type":"post","link":"https:\/\/www.pressenza.com\/it\/2014\/06\/amnesty-denuncia-feroce-attacco-liberta-stampa-in-egitto\/","title":{"rendered":"Amnesty denuncia il feroce attacco alla libert\u00e0 di stampa in Egitto"},"content":{"rendered":"<p><span><span>&#8220;Un feroz ataque contra la libertad de prensa, un d\u00eda negro para Egipto&#8221;, por lo que &#8216;Amnist\u00eda Internacional dijo que la condena de tres periodistas de Al Jazeera Inglese, juzgado hoy culpable de difundir noticias falsas y con la ayuda del movimiento forajido del Hermanos Musulmanes.<\/span><\/span><\/p>\n<p><span><span>Peter Greste, Mohamed Fahmy y Mohamed Baher, detenido 29 de diciembre 2013, fueron condenados a siete a\u00f1os. <\/span><span>A Baher Mohamed se infligi\u00f3 tres a\u00f1os m\u00e1s porque se le encontr\u00f3 en posesi\u00f3n de una vaina.<\/span><\/span><\/p>\n<p><span><span>&#8220;Se trata de un devastador veredicto sobre los tres hombres y sus familias. <\/span><span>Cuando los periodistas son detenidos y los terroristas intentaron simplemente por hacer su trabajo, lo que realmente es un d\u00eda negro para la libertad de prensa. <\/span><span>Fueron condenados s\u00f3lo porque las autoridades egipcias no fueron bien lo que dijeron &#8220;- ha dicho Philip Luther, director para Oriente Medio y el Norte de \u00c1frica de Amnist\u00eda Internacional.<\/span><\/span><\/p>\n<p><span><span>&#8220;Hoy en d\u00eda en Egipto cualquiera que se atreva a desafiar el discurso oficial es considerado un blanco leg\u00edtimo. <\/span><span>Para nosotros Greste, Mohamed Fahmy y son presos de conciencia, pedimos la liberaci\u00f3n inmediata e incondicional &#8220;- dijo Luther.<\/span><\/span><\/p>\n<p><span><span>De los otros seis acusados \u200b\u200ben el juicio junto con tres periodistas de Al Jazeera, s\u00f3lo dos fueron absueltos y cuatro fueron condenados a siete a\u00f1os. <\/span><span>Otros periodistas fueron condenados en ausencia a 10 a\u00f1os de prisi\u00f3n, incluyendo Sue Turton y Dominic Kane (de \u00abnacionalidad brit\u00e1nica) y Rena Netjies (holand\u00e9s). <\/span><\/span><br \/>\n<span><span>Un observador de Amnist\u00eda Internacional ha encontrado numerosas irregularidades en el proceso y una larga serie de la ineptitud. <\/span><span>En 12 audiencias, la fiscal\u00eda no ha podido presentar una sola prueba concreta que une a los periodistas a una organizaci\u00f3n terrorista o que pueda confirmar que los acusados \u200b\u200bhab\u00edan im\u00e1genes de televisi\u00f3n &#8220;falsificado&#8221;.<\/span><\/span><\/p>\n<p><span><span>&#8220;El proceso fue una verg\u00fcenza total. <\/span><span>Enviar a la c\u00e1rcel por a\u00f1os estos hombres, despu\u00e9s de un grotesco espect\u00e1culo de este tipo, es una parodia de la justicia &#8220;- dijo Luther.<\/span><\/span><\/p>\n<p><span><span>La fiscal\u00eda ha obstaculizado las demandas de la defensa para volver a examinar y cuestionar las pruebas presentadas, a menudo demostrando ser preparados y desorganizada, a menudo comprometido a presentar pruebas irrelevantes. <\/span><span>La evidencia contra el acusado oy\u00f3 en la sala apareci\u00f3 en contraste con las realizadas previamente por escrito. <\/span><span>Durante el interrogatorio, los expertos dijeron que no ser\u00eda capaz de confirmar si los periodistas de Al Jazeera hab\u00edan falsificado las im\u00e1genes o que hab\u00edan tra\u00eddo con \u00e9l &#8220;material no autorizado.<\/span><\/span><\/p>\n<p><span><span>&#8220;El veredicto de hoy nos dice una vez m\u00e1s que las autoridades egipcias no se detendr\u00e1n ante nada en su campa\u00f1a implacable contra los que cuestionan la versi\u00f3n oficial, no importa lo que las pruebas contra ellos cre\u00edble.&#8221;<\/span><\/span><\/p>\n<p><span><span>En situaci\u00f3n de riesgo no son s\u00f3lo los periodistas. <\/span><span>En el \u00faltimo a\u00f1o, miles de personas han sido encarceladas bajo la represi\u00f3n de la disidencia y se han dictado sentencias de muerte contra la masa de los partidarios del ex presidente Mohamed Morsi.<\/span><\/span><\/p>\n<p><span><span>&#8220;El sistema judicial egipcio ha demostrado en repetidas ocasiones que no quiere o no ser capaz de celebrar un juicio justo e imparcial cuando los acusados \u200b\u200bson presuntos partidarios del ex presidente. <\/span><span>En lugar de enviar para encarcelar a periodistas y otras personas sospechosas de ser una amenaza, las autoridades deben llevar a cabo investigaciones independientes de violaci\u00f3nes de derechos humanos cometidas por las fuerzas de seguridad, &#8220;- dijo Luther.<\/span><\/span><\/p>\n","protected":false},"excerpt":{"rendered":"<p>&#8220;Un feroz ataque contra la libertad de prensa, un d\u00eda negro para Egipto&#8221;, por lo que &#8216;Amnist\u00eda Internacional dijo que la condena de tres periodistas de Al Jazeera Inglese, juzgado hoy culpable de difundir noticias falsas y con la ayuda&hellip;<\/p>\n","protected":false},"author":432,"featured_media":115157,"comment_status":"closed","ping_status":"open","sticky":false,"template":"","format":"standard","meta":{"footnotes":""},"categories":[60],"tags":[2827,666],"class_list":["post-115036","post","type-post","status-publish","format-standard","has-post-thumbnail","hentry","category-diritti-umani","tag-egitto","tag-liberta-di-stampa"],"yoast_head":"<!-- This site is optimized with the Yoast SEO plugin v27.1.1 - https:\/\/yoast.com\/product\/yoast-seo-wordpress\/ -->\n<title>Amnesty denuncia il feroce attacco alla libert\u00e0 di stampa in Egitto<\/title>\n<meta name=\"description\" content=\"&quot;Un feroz ataque contra la libertad de prensa, un d\u00eda negro para Egipto&quot;, por lo que &#039;Amnist\u00eda Internacional dijo que la condena de tres periodistas de Al\" \/>\n<meta name=\"robots\" content=\"index, follow, max-snippet:-1, max-image-preview:large, max-video-preview:-1\" \/>\n<link rel=\"canonical\" href=\"https:\/\/www.pressenza.com\/it\/2014\/06\/amnesty-denuncia-feroce-attacco-liberta-stampa-in-egitto\/\" \/>\n<meta property=\"og:locale\" content=\"it_IT\" \/>\n<meta property=\"og:type\" content=\"article\" \/>\n<meta property=\"og:title\" content=\"Amnesty denuncia il feroce attacco alla libert\u00e0 di stampa in Egitto\" \/>\n<meta property=\"og:description\" content=\"&quot;Un feroz ataque contra la libertad de prensa, un d\u00eda negro para Egipto&quot;, por lo que &#039;Amnist\u00eda Internacional dijo que la condena de tres periodistas de Al\" \/>\n<meta property=\"og:url\" content=\"https:\/\/www.pressenza.com\/it\/2014\/06\/amnesty-denuncia-feroce-attacco-liberta-stampa-in-egitto\/\" \/>\n<meta property=\"og:site_name\" content=\"Pressenza\" \/>\n<meta property=\"article:publisher\" content=\"https:\/\/www.facebook.com\/PressenzaItalia\" \/>\n<meta property=\"article:author\" content=\"https:\/\/www.facebook.com\/amnestyglobal\" \/>\n<meta property=\"article:published_time\" content=\"2014-06-23T12:45:11+00:00\" \/>\n<meta property=\"article:modified_time\" content=\"2014-06-23T14:57:58+00:00\" \/>\n<meta property=\"og:image\" content=\"https:\/\/www.pressenza.com\/wp-content\/uploads\/2014\/06\/Al-Jazeera.jpg\" \/>\n\t<meta property=\"og:image:width\" content=\"130\" \/>\n\t<meta property=\"og:image:height\" content=\"160\" \/>\n\t<meta property=\"og:image:type\" content=\"image\/jpeg\" \/>\n<meta name=\"author\" content=\"Amnesty International\" \/>\n<meta name=\"twitter:card\" content=\"summary_large_image\" \/>\n<meta name=\"twitter:creator\" content=\"@amnesty\" \/>\n<meta name=\"twitter:site\" content=\"@PressenzaIPA\" \/>\n<meta name=\"twitter:label1\" content=\"Scritto da\" \/>\n\t<meta name=\"twitter:data1\" content=\"Amnesty International\" \/>\n\t<meta name=\"twitter:label2\" content=\"Tempo di lettura stimato\" \/>\n\t<meta name=\"twitter:data2\" content=\"3 minuti\" \/>\n<script type=\"application\/ld+json\" class=\"yoast-schema-graph\">{\"@context\":\"https:\/\/schema.org\",\"@graph\":[{\"@type\":\"Article\",\"@id\":\"https:\/\/www.pressenza.com\/it\/2014\/06\/amnesty-denuncia-feroce-attacco-liberta-stampa-in-egitto\/#article\",\"isPartOf\":{\"@id\":\"https:\/\/www.pressenza.com\/it\/2014\/06\/amnesty-denuncia-feroce-attacco-liberta-stampa-in-egitto\/\"},\"author\":{\"name\":\"Amnesty International\",\"@id\":\"https:\/\/www.pressenza.com\/it\/#\/schema\/person\/9b981b05c7ecf09292e6acb3223b2d9d\"},\"headline\":\"Amnesty denuncia il feroce attacco alla libert\u00e0 di stampa in Egitto\",\"datePublished\":\"2014-06-23T12:45:11+00:00\",\"dateModified\":\"2014-06-23T14:57:58+00:00\",\"mainEntityOfPage\":{\"@id\":\"https:\/\/www.pressenza.com\/it\/2014\/06\/amnesty-denuncia-feroce-attacco-liberta-stampa-in-egitto\/\"},\"wordCount\":605,\"publisher\":{\"@id\":\"https:\/\/www.pressenza.com\/it\/#organization\"},\"image\":{\"@id\":\"https:\/\/www.pressenza.com\/it\/2014\/06\/amnesty-denuncia-feroce-attacco-liberta-stampa-in-egitto\/#primaryimage\"},\"thumbnailUrl\":\"https:\/\/www.pressenza.com\/wp-content\/uploads\/2014\/06\/Al-Jazeera.jpg\",\"keywords\":[\"Egitto\",\"libert\u00e0 di stampa\"],\"articleSection\":[\"Diritti Umani\"],\"inLanguage\":\"it-IT\"},{\"@type\":\"WebPage\",\"@id\":\"https:\/\/www.pressenza.com\/it\/2014\/06\/amnesty-denuncia-feroce-attacco-liberta-stampa-in-egitto\/\",\"url\":\"https:\/\/www.pressenza.com\/it\/2014\/06\/amnesty-denuncia-feroce-attacco-liberta-stampa-in-egitto\/\",\"name\":\"Amnesty denuncia il feroce attacco alla libert\u00e0 di stampa in Egitto\",\"isPartOf\":{\"@id\":\"https:\/\/www.pressenza.com\/it\/#website\"},\"primaryImageOfPage\":{\"@id\":\"https:\/\/www.pressenza.com\/it\/2014\/06\/amnesty-denuncia-feroce-attacco-liberta-stampa-in-egitto\/#primaryimage\"},\"image\":{\"@id\":\"https:\/\/www.pressenza.com\/it\/2014\/06\/amnesty-denuncia-feroce-attacco-liberta-stampa-in-egitto\/#primaryimage\"},\"thumbnailUrl\":\"https:\/\/www.pressenza.com\/wp-content\/uploads\/2014\/06\/Al-Jazeera.jpg\",\"datePublished\":\"2014-06-23T12:45:11+00:00\",\"dateModified\":\"2014-06-23T14:57:58+00:00\",\"description\":\"\\\"Un feroz ataque contra la libertad de prensa, un d\u00eda negro para Egipto\\\", por lo que 'Amnist\u00eda Internacional dijo que la condena de tres periodistas de Al\",\"breadcrumb\":{\"@id\":\"https:\/\/www.pressenza.com\/it\/2014\/06\/amnesty-denuncia-feroce-attacco-liberta-stampa-in-egitto\/#breadcrumb\"},\"inLanguage\":\"it-IT\",\"potentialAction\":[{\"@type\":\"ReadAction\",\"target\":[\"https:\/\/www.pressenza.com\/it\/2014\/06\/amnesty-denuncia-feroce-attacco-liberta-stampa-in-egitto\/\"]}]},{\"@type\":\"ImageObject\",\"inLanguage\":\"it-IT\",\"@id\":\"https:\/\/www.pressenza.com\/it\/2014\/06\/amnesty-denuncia-feroce-attacco-liberta-stampa-in-egitto\/#primaryimage\",\"url\":\"https:\/\/www.pressenza.com\/wp-content\/uploads\/2014\/06\/Al-Jazeera.jpg\",\"contentUrl\":\"https:\/\/www.pressenza.com\/wp-content\/uploads\/2014\/06\/Al-Jazeera.jpg\",\"width\":130,\"height\":160},{\"@type\":\"BreadcrumbList\",\"@id\":\"https:\/\/www.pressenza.com\/it\/2014\/06\/amnesty-denuncia-feroce-attacco-liberta-stampa-in-egitto\/#breadcrumb\",\"itemListElement\":[{\"@type\":\"ListItem\",\"position\":1,\"name\":\"Accueil\",\"item\":\"https:\/\/www.pressenza.com\/it\/\"},{\"@type\":\"ListItem\",\"position\":2,\"name\":\"Amnesty denuncia il feroce attacco alla libert\u00e0 di stampa in Egitto\"}]},{\"@type\":\"WebSite\",\"@id\":\"https:\/\/www.pressenza.com\/it\/#website\",\"url\":\"https:\/\/www.pressenza.com\/it\/\",\"name\":\"Pressenza\",\"description\":\"Agenzia di Stampa Internazionale\",\"publisher\":{\"@id\":\"https:\/\/www.pressenza.com\/it\/#organization\"},\"potentialAction\":[{\"@type\":\"SearchAction\",\"target\":{\"@type\":\"EntryPoint\",\"urlTemplate\":\"https:\/\/www.pressenza.com\/it\/?s={search_term_string}\"},\"query-input\":{\"@type\":\"PropertyValueSpecification\",\"valueRequired\":true,\"valueName\":\"search_term_string\"}}],\"inLanguage\":\"it-IT\"},{\"@type\":\"Organization\",\"@id\":\"https:\/\/www.pressenza.com\/it\/#organization\",\"name\":\"Pressenza\",\"url\":\"https:\/\/www.pressenza.com\/it\/\",\"logo\":{\"@type\":\"ImageObject\",\"inLanguage\":\"it-IT\",\"@id\":\"https:\/\/www.pressenza.com\/it\/#\/schema\/logo\/image\/\",\"url\":\"https:\/\/www.pressenza.com\/wp-content\/uploads\/2022\/10\/pressenza_logo_200x200.jpg\",\"contentUrl\":\"https:\/\/www.pressenza.com\/wp-content\/uploads\/2022\/10\/pressenza_logo_200x200.jpg\",\"width\":200,\"height\":200,\"caption\":\"Pressenza\"},\"image\":{\"@id\":\"https:\/\/www.pressenza.com\/it\/#\/schema\/logo\/image\/\"},\"sameAs\":[\"https:\/\/www.facebook.com\/PressenzaItalia\",\"https:\/\/x.com\/PressenzaIPA\"]},{\"@type\":\"Person\",\"@id\":\"https:\/\/www.pressenza.com\/it\/#\/schema\/person\/9b981b05c7ecf09292e6acb3223b2d9d\",\"name\":\"Amnesty International\",\"description\":\"Amnesty International is a global movement of more than 3 million supporters, members and activists in over 150 countries and territories who campaign to end grave abuses of human rights. Our vision is for every person to enjoy all the rights enshrined in the Universal Declaration of Human Rights and other international human rights standards. www.amnesty.org\",\"sameAs\":[\"http:\/\/www.amnesty.it\",\"https:\/\/www.facebook.com\/amnestyglobal\",\"https:\/\/x.com\/amnesty\"],\"url\":\"https:\/\/www.pressenza.com\/it\/author\/amnesty-international\/\"}]}<\/script>\n<!-- \/ Yoast SEO plugin. -->","yoast_head_json":{"title":"Amnesty denuncia il feroce attacco alla libert\u00e0 di stampa in Egitto","description":"\"Un feroz ataque contra la libertad de prensa, un d\u00eda negro para Egipto\", por lo que 'Amnist\u00eda Internacional dijo que la condena de tres periodistas de Al","robots":{"index":"index","follow":"follow","max-snippet":"max-snippet:-1","max-image-preview":"max-image-preview:large","max-video-preview":"max-video-preview:-1"},"canonical":"https:\/\/www.pressenza.com\/it\/2014\/06\/amnesty-denuncia-feroce-attacco-liberta-stampa-in-egitto\/","og_locale":"it_IT","og_type":"article","og_title":"Amnesty denuncia il feroce attacco alla libert\u00e0 di stampa in Egitto","og_description":"\"Un feroz ataque contra la libertad de prensa, un d\u00eda negro para Egipto\", por lo que 'Amnist\u00eda Internacional dijo que la condena de tres periodistas de Al","og_url":"https:\/\/www.pressenza.com\/it\/2014\/06\/amnesty-denuncia-feroce-attacco-liberta-stampa-in-egitto\/","og_site_name":"Pressenza","article_publisher":"https:\/\/www.facebook.com\/PressenzaItalia","article_author":"https:\/\/www.facebook.com\/amnestyglobal","article_published_time":"2014-06-23T12:45:11+00:00","article_modified_time":"2014-06-23T14:57:58+00:00","og_image":[{"width":130,"height":160,"url":"https:\/\/www.pressenza.com\/wp-content\/uploads\/2014\/06\/Al-Jazeera.jpg","type":"image\/jpeg"}],"author":"Amnesty International","twitter_card":"summary_large_image","twitter_creator":"@amnesty","twitter_site":"@PressenzaIPA","twitter_misc":{"Scritto da":"Amnesty International","Tempo di lettura stimato":"3 minuti"},"schema":{"@context":"https:\/\/schema.org","@graph":[{"@type":"Article","@id":"https:\/\/www.pressenza.com\/it\/2014\/06\/amnesty-denuncia-feroce-attacco-liberta-stampa-in-egitto\/#article","isPartOf":{"@id":"https:\/\/www.pressenza.com\/it\/2014\/06\/amnesty-denuncia-feroce-attacco-liberta-stampa-in-egitto\/"},"author":{"name":"Amnesty International","@id":"https:\/\/www.pressenza.com\/it\/#\/schema\/person\/9b981b05c7ecf09292e6acb3223b2d9d"},"headline":"Amnesty denuncia il feroce attacco alla libert\u00e0 di stampa in Egitto","datePublished":"2014-06-23T12:45:11+00:00","dateModified":"2014-06-23T14:57:58+00:00","mainEntityOfPage":{"@id":"https:\/\/www.pressenza.com\/it\/2014\/06\/amnesty-denuncia-feroce-attacco-liberta-stampa-in-egitto\/"},"wordCount":605,"publisher":{"@id":"https:\/\/www.pressenza.com\/it\/#organization"},"image":{"@id":"https:\/\/www.pressenza.com\/it\/2014\/06\/amnesty-denuncia-feroce-attacco-liberta-stampa-in-egitto\/#primaryimage"},"thumbnailUrl":"https:\/\/www.pressenza.com\/wp-content\/uploads\/2014\/06\/Al-Jazeera.jpg","keywords":["Egitto","libert\u00e0 di stampa"],"articleSection":["Diritti Umani"],"inLanguage":"it-IT"},{"@type":"WebPage","@id":"https:\/\/www.pressenza.com\/it\/2014\/06\/amnesty-denuncia-feroce-attacco-liberta-stampa-in-egitto\/","url":"https:\/\/www.pressenza.com\/it\/2014\/06\/amnesty-denuncia-feroce-attacco-liberta-stampa-in-egitto\/","name":"Amnesty denuncia il feroce attacco alla libert\u00e0 di stampa in Egitto","isPartOf":{"@id":"https:\/\/www.pressenza.com\/it\/#website"},"primaryImageOfPage":{"@id":"https:\/\/www.pressenza.com\/it\/2014\/06\/amnesty-denuncia-feroce-attacco-liberta-stampa-in-egitto\/#primaryimage"},"image":{"@id":"https:\/\/www.pressenza.com\/it\/2014\/06\/amnesty-denuncia-feroce-attacco-liberta-stampa-in-egitto\/#primaryimage"},"thumbnailUrl":"https:\/\/www.pressenza.com\/wp-content\/uploads\/2014\/06\/Al-Jazeera.jpg","datePublished":"2014-06-23T12:45:11+00:00","dateModified":"2014-06-23T14:57:58+00:00","description":"\"Un feroz ataque contra la libertad de prensa, un d\u00eda negro para Egipto\", por lo que 'Amnist\u00eda Internacional dijo que la condena de tres periodistas de Al","breadcrumb":{"@id":"https:\/\/www.pressenza.com\/it\/2014\/06\/amnesty-denuncia-feroce-attacco-liberta-stampa-in-egitto\/#breadcrumb"},"inLanguage":"it-IT","potentialAction":[{"@type":"ReadAction","target":["https:\/\/www.pressenza.com\/it\/2014\/06\/amnesty-denuncia-feroce-attacco-liberta-stampa-in-egitto\/"]}]},{"@type":"ImageObject","inLanguage":"it-IT","@id":"https:\/\/www.pressenza.com\/it\/2014\/06\/amnesty-denuncia-feroce-attacco-liberta-stampa-in-egitto\/#primaryimage","url":"https:\/\/www.pressenza.com\/wp-content\/uploads\/2014\/06\/Al-Jazeera.jpg","contentUrl":"https:\/\/www.pressenza.com\/wp-content\/uploads\/2014\/06\/Al-Jazeera.jpg","width":130,"height":160},{"@type":"BreadcrumbList","@id":"https:\/\/www.pressenza.com\/it\/2014\/06\/amnesty-denuncia-feroce-attacco-liberta-stampa-in-egitto\/#breadcrumb","itemListElement":[{"@type":"ListItem","position":1,"name":"Accueil","item":"https:\/\/www.pressenza.com\/it\/"},{"@type":"ListItem","position":2,"name":"Amnesty denuncia il feroce attacco alla libert\u00e0 di stampa in Egitto"}]},{"@type":"WebSite","@id":"https:\/\/www.pressenza.com\/it\/#website","url":"https:\/\/www.pressenza.com\/it\/","name":"Pressenza","description":"Agenzia di Stampa Internazionale","publisher":{"@id":"https:\/\/www.pressenza.com\/it\/#organization"},"potentialAction":[{"@type":"SearchAction","target":{"@type":"EntryPoint","urlTemplate":"https:\/\/www.pressenza.com\/it\/?s={search_term_string}"},"query-input":{"@type":"PropertyValueSpecification","valueRequired":true,"valueName":"search_term_string"}}],"inLanguage":"it-IT"},{"@type":"Organization","@id":"https:\/\/www.pressenza.com\/it\/#organization","name":"Pressenza","url":"https:\/\/www.pressenza.com\/it\/","logo":{"@type":"ImageObject","inLanguage":"it-IT","@id":"https:\/\/www.pressenza.com\/it\/#\/schema\/logo\/image\/","url":"https:\/\/www.pressenza.com\/wp-content\/uploads\/2022\/10\/pressenza_logo_200x200.jpg","contentUrl":"https:\/\/www.pressenza.com\/wp-content\/uploads\/2022\/10\/pressenza_logo_200x200.jpg","width":200,"height":200,"caption":"Pressenza"},"image":{"@id":"https:\/\/www.pressenza.com\/it\/#\/schema\/logo\/image\/"},"sameAs":["https:\/\/www.facebook.com\/PressenzaItalia","https:\/\/x.com\/PressenzaIPA"]},{"@type":"Person","@id":"https:\/\/www.pressenza.com\/it\/#\/schema\/person\/9b981b05c7ecf09292e6acb3223b2d9d","name":"Amnesty International","description":"Amnesty International is a global movement of more than 3 million supporters, members and activists in over 150 countries and territories who campaign to end grave abuses of human rights. Our vision is for every person to enjoy all the rights enshrined in the Universal Declaration of Human Rights and other international human rights standards. www.amnesty.org","sameAs":["http:\/\/www.amnesty.it","https:\/\/www.facebook.com\/amnestyglobal","https:\/\/x.com\/amnesty"],"url":"https:\/\/www.pressenza.com\/it\/author\/amnesty-international\/"}]}},"place":"","original_article_url":"","_links":{"self":[{"href":"https:\/\/www.pressenza.com\/it\/wp-json\/wp\/v2\/posts\/115036","targetHints":{"allow":["GET"]}}],"collection":[{"href":"https:\/\/www.pressenza.com\/it\/wp-json\/wp\/v2\/posts"}],"about":[{"href":"https:\/\/www.pressenza.com\/it\/wp-json\/wp\/v2\/types\/post"}],"author":[{"embeddable":true,"href":"https:\/\/www.pressenza.com\/it\/wp-json\/wp\/v2\/users\/432"}],"replies":[{"embeddable":true,"href":"https:\/\/www.pressenza.com\/it\/wp-json\/wp\/v2\/comments?post=115036"}],"version-history":[{"count":0,"href":"https:\/\/www.pressenza.com\/it\/wp-json\/wp\/v2\/posts\/115036\/revisions"}],"wp:featuredmedia":[{"embeddable":true,"href":"https:\/\/www.pressenza.com\/it\/wp-json\/wp\/v2\/media\/115157"}],"wp:attachment":[{"href":"https:\/\/www.pressenza.com\/it\/wp-json\/wp\/v2\/media?parent=115036"}],"wp:term":[{"taxonomy":"category","embeddable":true,"href":"https:\/\/www.pressenza.com\/it\/wp-json\/wp\/v2\/categories?post=115036"},{"taxonomy":"post_tag","embeddable":true,"href":"https:\/\/www.pressenza.com\/it\/wp-json\/wp\/v2\/tags?post=115036"}],"curies":[{"name":"wp","href":"https:\/\/api.w.org\/{rel}","templated":true}]}}