{"id":1149496,"date":"2020-07-01T11:06:40","date_gmt":"2020-07-01T10:06:40","guid":{"rendered":"https:\/\/www.pressenza.com\/?p=1149496"},"modified":"2020-07-01T11:08:58","modified_gmt":"2020-07-01T10:08:58","slug":"30-giugno-in-piazza-milano-denuncia-una-sanatoria-farlocca","status":"publish","type":"post","link":"https:\/\/www.pressenza.com\/it\/2020\/07\/30-giugno-in-piazza-milano-denuncia-una-sanatoria-farlocca\/","title":{"rendered":"30 giugno in piazza, Milano denuncia una sanatoria farlocca"},"content":{"rendered":"<p>Circa 200 persone ieri hanno colorato Piazza della Scala a Milano.<\/p>\n<p>\u201cSanatoria subito e per tutti\u201d, un clima convinto, determinato, rabbioso e sorridente allo stesso tempo. Rabbioso perch\u00e9 \u00e8 chiaro a tutti chi si ha di fronte. Sorridente perch\u00e9 ci si sente meno soli.<\/p>\n<p><img loading=\"lazy\" decoding=\"async\" class=\"aligncenter wp-image-1149507 size-full\" src=\"https:\/\/www.pressenza.com\/wp-content\/uploads\/2020\/07\/piazza-Scala-sanatoria-30.6.jpg\" alt=\"\" width=\"1599\" height=\"1200\" srcset=\"https:\/\/www.pressenza.com\/wp-content\/uploads\/2020\/07\/piazza-Scala-sanatoria-30.6.jpg 1599w, https:\/\/www.pressenza.com\/wp-content\/uploads\/2020\/07\/piazza-Scala-sanatoria-30.6-300x225.jpg 300w, https:\/\/www.pressenza.com\/wp-content\/uploads\/2020\/07\/piazza-Scala-sanatoria-30.6-720x540.jpg 720w, https:\/\/www.pressenza.com\/wp-content\/uploads\/2020\/07\/piazza-Scala-sanatoria-30.6-768x576.jpg 768w, https:\/\/www.pressenza.com\/wp-content\/uploads\/2020\/07\/piazza-Scala-sanatoria-30.6-1536x1153.jpg 1536w\" sizes=\"auto, (max-width: 1599px) 100vw, 1599px\" \/><\/p>\n<p>Ci sono stati una quindicina di interventi, solo due italiani hanno parlato e questa \u00e8 stata la cosa pi\u00f9 bella e importante. Ragazzi africani e donne sudamericane, con un italiano a tratti impeccabile, a tratti stentato, ma con grande forza e coraggio, hanno detto e gridato le loro ragioni. La sofferenza propria e altrui, la sofferenza passata e presente. Quella di chi ce l\u2019ha fatta, ma ricorda e sostiene e sprona le lotte attuali.<\/p>\n<p>Generazioni di immigrati che si incontrano. I riders, tanti, che hanno lasciato lo zaino col quale andavano a scuola per imparare italiano e si sono messi in spalla questi cubi gialli e corrono per la citt\u00e0. Uno di loro mostra quel benedetto foglietto giallo che hanno in tanti, con la loro foto, uno straccetto di documento che \u00e8 come la ricotta\u2026 scade presto. La rabbia di chi \u00e8 sempre appeso a un filo, appeso per i documenti, per il lavoro, per la stanza, o il letto\u2026. Appesi.\u00a0 Ieri per\u00f2 c\u2019erano i sorrisi, la grinta di chi \u00e8 riuscito a rompere un tab\u00f9, a gridare in un microfono, a ricevere gli applausi degli amici neri e degli amici bianchi. Una volta tanto gli italiani ascoltavano.<\/p>\n<p><img loading=\"lazy\" decoding=\"async\" class=\"aligncenter wp-image-1149497 size-full\" src=\"https:\/\/www.pressenza.com\/wp-content\/uploads\/2020\/07\/riders-30.6.jpg\" alt=\"\" width=\"1600\" height=\"1200\" srcset=\"https:\/\/www.pressenza.com\/wp-content\/uploads\/2020\/07\/riders-30.6.jpg 1600w, https:\/\/www.pressenza.com\/wp-content\/uploads\/2020\/07\/riders-30.6-300x225.jpg 300w, https:\/\/www.pressenza.com\/wp-content\/uploads\/2020\/07\/riders-30.6-720x540.jpg 720w, https:\/\/www.pressenza.com\/wp-content\/uploads\/2020\/07\/riders-30.6-768x576.jpg 768w, https:\/\/www.pressenza.com\/wp-content\/uploads\/2020\/07\/riders-30.6-1536x1152.jpg 1536w\" sizes=\"auto, (max-width: 1600px) 100vw, 1600px\" \/><\/p>\n<p>Certo pensando a Milano, viene da dire che sono numeri ridicoli, ma la convinzione che sia un buon inizio c\u2019era in tanti, la promessa di appoggiare le presenze in piazza ogni gioved\u00ec dalle 18,30 alle 19,30 per tutto luglio in quella piazza. E poi un compito: portare 3 nuove persone ogni volta.<\/p>\n<p>E\u2019 stato un pomeriggio importante per Milano, la qualit\u00e0 ha compensato la quantit\u00e0 e i protagonisti hanno dimostrato di saper parlare in italiano con forza per rivendicare, difendere, pretendere DIRITTI PER TUTTI (senn\u00f2 non sono diritti, ma privilegi\u2026.).<\/p>\n<p>Voi che avete letto questo articolo cercate i prossimi appuntamenti, cercate su Facebook o altrove: <a href=\"https:\/\/www.facebook.com\/NoaiCPR\/\">Mai pi\u00f9 lager &#8211; No ai CPR<\/a>; <a href=\"https:\/\/www.facebook.com\/openharboursitaly\/\">Porti aperti e permessi di soggiorno per tutte e per tutti<\/a>; <a href=\"https:\/\/www.facebook.com\/LasciateCIEntrare\/\">LasciateCIEntrare;<\/a> <a href=\"https:\/\/www.facebook.com\/siamoquisanatoriasubito\/\">Siamo qui &#8211; Sanatoria Subito<\/a>; <a href=\"https:\/\/www.facebook.com\/deliverancemilano\/\">Deliverance Milano<\/a>.<\/p>\n<p>Diffondiamo, i nostri mezzi di diffusione e informazione sono come i sassi dei palestinesi contro i carri armati israeliani\u2026. A proposito, oggi 1\u00b0 luglio, Palestina, altri diritti calpestati\u2026. Che fatica, ma non perdiamoci d\u2019animo\u2026.<\/p>\n<p>Coraggio, non \u00e8 che l\u2019inizio\u2026.<\/p>\n<p>&nbsp;<\/p>\n","protected":false},"excerpt":{"rendered":"<p>Circa 200 persone ieri hanno colorato Piazza della Scala a Milano. \u201cSanatoria subito e per tutti\u201d, un clima convinto, determinato, rabbioso e sorridente allo stesso tempo. Rabbioso perch\u00e9 \u00e8 chiaro a tutti chi si ha di fronte. Sorridente perch\u00e9 ci&hellip;<\/p>\n","protected":false},"author":1537,"featured_media":1149517,"comment_status":"closed","ping_status":"closed","sticky":false,"template":"","format":"standard","meta":{"footnotes":""},"categories":[11388,60,47],"tags":[2675,77501,18408],"class_list":["post-1149496","post","type-post","status-publish","format-standard","has-post-thumbnail","hentry","category-contenuti-originali","category-diritti-umani","category-europa","tag-protesta","tag-riders","tag-sanatoria"],"yoast_head":"<!-- This site is optimized with the Yoast SEO plugin v27.1.1 - https:\/\/yoast.com\/product\/yoast-seo-wordpress\/ -->\n<title>30 giugno in piazza, Milano denuncia una sanatoria farlocca<\/title>\n<meta name=\"description\" content=\"Circa 200 persone ieri hanno colorato Piazza della Scala a Milano. \u201cSanatoria subito e per tutti\u201d, un clima convinto, determinato, rabbioso e sorridente\" \/>\n<meta name=\"robots\" content=\"index, follow, max-snippet:-1, max-image-preview:large, max-video-preview:-1\" \/>\n<link rel=\"canonical\" href=\"https:\/\/www.pressenza.com\/it\/2020\/07\/30-giugno-in-piazza-milano-denuncia-una-sanatoria-farlocca\/\" \/>\n<meta property=\"og:locale\" content=\"it_IT\" \/>\n<meta property=\"og:type\" content=\"article\" \/>\n<meta property=\"og:title\" content=\"30 giugno in piazza, Milano denuncia una sanatoria farlocca\" \/>\n<meta property=\"og:description\" content=\"Circa 200 persone ieri hanno colorato Piazza della Scala a Milano. \u201cSanatoria subito e per tutti\u201d, un clima convinto, determinato, rabbioso e sorridente\" \/>\n<meta property=\"og:url\" content=\"https:\/\/www.pressenza.com\/it\/2020\/07\/30-giugno-in-piazza-milano-denuncia-una-sanatoria-farlocca\/\" \/>\n<meta property=\"og:site_name\" content=\"Pressenza\" \/>\n<meta property=\"article:publisher\" content=\"https:\/\/www.facebook.com\/PressenzaItalia\" \/>\n<meta property=\"article:published_time\" content=\"2020-07-01T10:06:40+00:00\" \/>\n<meta property=\"article:modified_time\" content=\"2020-07-01T10:08:58+00:00\" \/>\n<meta property=\"og:image\" content=\"https:\/\/www.pressenza.com\/wp-content\/uploads\/2020\/07\/sanatoria-piazza-scala.jpg\" \/>\n\t<meta property=\"og:image:width\" content=\"1600\" \/>\n\t<meta property=\"og:image:height\" content=\"1200\" \/>\n\t<meta property=\"og:image:type\" content=\"image\/jpeg\" \/>\n<meta name=\"author\" content=\"Andrea De Lotto\" \/>\n<meta name=\"twitter:card\" content=\"summary_large_image\" \/>\n<meta name=\"twitter:creator\" content=\"@PressenzaIPA\" \/>\n<meta name=\"twitter:site\" content=\"@PressenzaIPA\" \/>\n<meta name=\"twitter:label1\" content=\"Scritto da\" \/>\n\t<meta name=\"twitter:data1\" content=\"Andrea De Lotto\" \/>\n\t<meta name=\"twitter:label2\" content=\"Tempo di lettura stimato\" \/>\n\t<meta name=\"twitter:data2\" content=\"2 minuti\" \/>\n<script type=\"application\/ld+json\" class=\"yoast-schema-graph\">{\"@context\":\"https:\/\/schema.org\",\"@graph\":[{\"@type\":\"Article\",\"@id\":\"https:\/\/www.pressenza.com\/it\/2020\/07\/30-giugno-in-piazza-milano-denuncia-una-sanatoria-farlocca\/#article\",\"isPartOf\":{\"@id\":\"https:\/\/www.pressenza.com\/it\/2020\/07\/30-giugno-in-piazza-milano-denuncia-una-sanatoria-farlocca\/\"},\"author\":{\"name\":\"Andrea De Lotto\",\"@id\":\"https:\/\/www.pressenza.com\/it\/#\/schema\/person\/6388dc0281afd7eeb72a1763aca696a4\"},\"headline\":\"30 giugno in piazza, Milano denuncia una sanatoria farlocca\",\"datePublished\":\"2020-07-01T10:06:40+00:00\",\"dateModified\":\"2020-07-01T10:08:58+00:00\",\"mainEntityOfPage\":{\"@id\":\"https:\/\/www.pressenza.com\/it\/2020\/07\/30-giugno-in-piazza-milano-denuncia-una-sanatoria-farlocca\/\"},\"wordCount\":415,\"publisher\":{\"@id\":\"https:\/\/www.pressenza.com\/it\/#organization\"},\"image\":{\"@id\":\"https:\/\/www.pressenza.com\/it\/2020\/07\/30-giugno-in-piazza-milano-denuncia-una-sanatoria-farlocca\/#primaryimage\"},\"thumbnailUrl\":\"https:\/\/www.pressenza.com\/wp-content\/uploads\/2020\/07\/sanatoria-piazza-scala.jpg\",\"keywords\":[\"protesta\",\"riders\",\"sanatoria\"],\"articleSection\":[\"contenuti originali\",\"Diritti Umani\",\"Europa\"],\"inLanguage\":\"it-IT\"},{\"@type\":\"WebPage\",\"@id\":\"https:\/\/www.pressenza.com\/it\/2020\/07\/30-giugno-in-piazza-milano-denuncia-una-sanatoria-farlocca\/\",\"url\":\"https:\/\/www.pressenza.com\/it\/2020\/07\/30-giugno-in-piazza-milano-denuncia-una-sanatoria-farlocca\/\",\"name\":\"30 giugno in piazza, Milano denuncia una sanatoria farlocca\",\"isPartOf\":{\"@id\":\"https:\/\/www.pressenza.com\/it\/#website\"},\"primaryImageOfPage\":{\"@id\":\"https:\/\/www.pressenza.com\/it\/2020\/07\/30-giugno-in-piazza-milano-denuncia-una-sanatoria-farlocca\/#primaryimage\"},\"image\":{\"@id\":\"https:\/\/www.pressenza.com\/it\/2020\/07\/30-giugno-in-piazza-milano-denuncia-una-sanatoria-farlocca\/#primaryimage\"},\"thumbnailUrl\":\"https:\/\/www.pressenza.com\/wp-content\/uploads\/2020\/07\/sanatoria-piazza-scala.jpg\",\"datePublished\":\"2020-07-01T10:06:40+00:00\",\"dateModified\":\"2020-07-01T10:08:58+00:00\",\"description\":\"Circa 200 persone ieri hanno colorato Piazza della Scala a Milano. \u201cSanatoria subito e per tutti\u201d, un clima convinto, determinato, rabbioso e sorridente\",\"breadcrumb\":{\"@id\":\"https:\/\/www.pressenza.com\/it\/2020\/07\/30-giugno-in-piazza-milano-denuncia-una-sanatoria-farlocca\/#breadcrumb\"},\"inLanguage\":\"it-IT\",\"potentialAction\":[{\"@type\":\"ReadAction\",\"target\":[\"https:\/\/www.pressenza.com\/it\/2020\/07\/30-giugno-in-piazza-milano-denuncia-una-sanatoria-farlocca\/\"]}]},{\"@type\":\"ImageObject\",\"inLanguage\":\"it-IT\",\"@id\":\"https:\/\/www.pressenza.com\/it\/2020\/07\/30-giugno-in-piazza-milano-denuncia-una-sanatoria-farlocca\/#primaryimage\",\"url\":\"https:\/\/www.pressenza.com\/wp-content\/uploads\/2020\/07\/sanatoria-piazza-scala.jpg\",\"contentUrl\":\"https:\/\/www.pressenza.com\/wp-content\/uploads\/2020\/07\/sanatoria-piazza-scala.jpg\",\"width\":1600,\"height\":1200},{\"@type\":\"BreadcrumbList\",\"@id\":\"https:\/\/www.pressenza.com\/it\/2020\/07\/30-giugno-in-piazza-milano-denuncia-una-sanatoria-farlocca\/#breadcrumb\",\"itemListElement\":[{\"@type\":\"ListItem\",\"position\":1,\"name\":\"Accueil\",\"item\":\"https:\/\/www.pressenza.com\/it\/\"},{\"@type\":\"ListItem\",\"position\":2,\"name\":\"30 giugno in piazza, Milano denuncia una sanatoria farlocca\"}]},{\"@type\":\"WebSite\",\"@id\":\"https:\/\/www.pressenza.com\/it\/#website\",\"url\":\"https:\/\/www.pressenza.com\/it\/\",\"name\":\"Pressenza\",\"description\":\"Agenzia di Stampa Internazionale\",\"publisher\":{\"@id\":\"https:\/\/www.pressenza.com\/it\/#organization\"},\"potentialAction\":[{\"@type\":\"SearchAction\",\"target\":{\"@type\":\"EntryPoint\",\"urlTemplate\":\"https:\/\/www.pressenza.com\/it\/?s={search_term_string}\"},\"query-input\":{\"@type\":\"PropertyValueSpecification\",\"valueRequired\":true,\"valueName\":\"search_term_string\"}}],\"inLanguage\":\"it-IT\"},{\"@type\":\"Organization\",\"@id\":\"https:\/\/www.pressenza.com\/it\/#organization\",\"name\":\"Pressenza\",\"url\":\"https:\/\/www.pressenza.com\/it\/\",\"logo\":{\"@type\":\"ImageObject\",\"inLanguage\":\"it-IT\",\"@id\":\"https:\/\/www.pressenza.com\/it\/#\/schema\/logo\/image\/\",\"url\":\"https:\/\/www.pressenza.com\/wp-content\/uploads\/2022\/10\/pressenza_logo_200x200.jpg\",\"contentUrl\":\"https:\/\/www.pressenza.com\/wp-content\/uploads\/2022\/10\/pressenza_logo_200x200.jpg\",\"width\":200,\"height\":200,\"caption\":\"Pressenza\"},\"image\":{\"@id\":\"https:\/\/www.pressenza.com\/it\/#\/schema\/logo\/image\/\"},\"sameAs\":[\"https:\/\/www.facebook.com\/PressenzaItalia\",\"https:\/\/x.com\/PressenzaIPA\"]},{\"@type\":\"Person\",\"@id\":\"https:\/\/www.pressenza.com\/it\/#\/schema\/person\/6388dc0281afd7eeb72a1763aca696a4\",\"name\":\"Andrea De Lotto\",\"url\":\"https:\/\/www.pressenza.com\/it\/author\/andrea-de-lotto\/\"}]}<\/script>\n<!-- \/ Yoast SEO plugin. -->","yoast_head_json":{"title":"30 giugno in piazza, Milano denuncia una sanatoria farlocca","description":"Circa 200 persone ieri hanno colorato Piazza della Scala a Milano. \u201cSanatoria subito e per tutti\u201d, un clima convinto, determinato, rabbioso e sorridente","robots":{"index":"index","follow":"follow","max-snippet":"max-snippet:-1","max-image-preview":"max-image-preview:large","max-video-preview":"max-video-preview:-1"},"canonical":"https:\/\/www.pressenza.com\/it\/2020\/07\/30-giugno-in-piazza-milano-denuncia-una-sanatoria-farlocca\/","og_locale":"it_IT","og_type":"article","og_title":"30 giugno in piazza, Milano denuncia una sanatoria farlocca","og_description":"Circa 200 persone ieri hanno colorato Piazza della Scala a Milano. \u201cSanatoria subito e per tutti\u201d, un clima convinto, determinato, rabbioso e sorridente","og_url":"https:\/\/www.pressenza.com\/it\/2020\/07\/30-giugno-in-piazza-milano-denuncia-una-sanatoria-farlocca\/","og_site_name":"Pressenza","article_publisher":"https:\/\/www.facebook.com\/PressenzaItalia","article_published_time":"2020-07-01T10:06:40+00:00","article_modified_time":"2020-07-01T10:08:58+00:00","og_image":[{"width":1600,"height":1200,"url":"https:\/\/www.pressenza.com\/wp-content\/uploads\/2020\/07\/sanatoria-piazza-scala.jpg","type":"image\/jpeg"}],"author":"Andrea De Lotto","twitter_card":"summary_large_image","twitter_creator":"@PressenzaIPA","twitter_site":"@PressenzaIPA","twitter_misc":{"Scritto da":"Andrea De Lotto","Tempo di lettura stimato":"2 minuti"},"schema":{"@context":"https:\/\/schema.org","@graph":[{"@type":"Article","@id":"https:\/\/www.pressenza.com\/it\/2020\/07\/30-giugno-in-piazza-milano-denuncia-una-sanatoria-farlocca\/#article","isPartOf":{"@id":"https:\/\/www.pressenza.com\/it\/2020\/07\/30-giugno-in-piazza-milano-denuncia-una-sanatoria-farlocca\/"},"author":{"name":"Andrea De Lotto","@id":"https:\/\/www.pressenza.com\/it\/#\/schema\/person\/6388dc0281afd7eeb72a1763aca696a4"},"headline":"30 giugno in piazza, Milano denuncia una sanatoria farlocca","datePublished":"2020-07-01T10:06:40+00:00","dateModified":"2020-07-01T10:08:58+00:00","mainEntityOfPage":{"@id":"https:\/\/www.pressenza.com\/it\/2020\/07\/30-giugno-in-piazza-milano-denuncia-una-sanatoria-farlocca\/"},"wordCount":415,"publisher":{"@id":"https:\/\/www.pressenza.com\/it\/#organization"},"image":{"@id":"https:\/\/www.pressenza.com\/it\/2020\/07\/30-giugno-in-piazza-milano-denuncia-una-sanatoria-farlocca\/#primaryimage"},"thumbnailUrl":"https:\/\/www.pressenza.com\/wp-content\/uploads\/2020\/07\/sanatoria-piazza-scala.jpg","keywords":["protesta","riders","sanatoria"],"articleSection":["contenuti originali","Diritti Umani","Europa"],"inLanguage":"it-IT"},{"@type":"WebPage","@id":"https:\/\/www.pressenza.com\/it\/2020\/07\/30-giugno-in-piazza-milano-denuncia-una-sanatoria-farlocca\/","url":"https:\/\/www.pressenza.com\/it\/2020\/07\/30-giugno-in-piazza-milano-denuncia-una-sanatoria-farlocca\/","name":"30 giugno in piazza, Milano denuncia una sanatoria farlocca","isPartOf":{"@id":"https:\/\/www.pressenza.com\/it\/#website"},"primaryImageOfPage":{"@id":"https:\/\/www.pressenza.com\/it\/2020\/07\/30-giugno-in-piazza-milano-denuncia-una-sanatoria-farlocca\/#primaryimage"},"image":{"@id":"https:\/\/www.pressenza.com\/it\/2020\/07\/30-giugno-in-piazza-milano-denuncia-una-sanatoria-farlocca\/#primaryimage"},"thumbnailUrl":"https:\/\/www.pressenza.com\/wp-content\/uploads\/2020\/07\/sanatoria-piazza-scala.jpg","datePublished":"2020-07-01T10:06:40+00:00","dateModified":"2020-07-01T10:08:58+00:00","description":"Circa 200 persone ieri hanno colorato Piazza della Scala a Milano. \u201cSanatoria subito e per tutti\u201d, un clima convinto, determinato, rabbioso e sorridente","breadcrumb":{"@id":"https:\/\/www.pressenza.com\/it\/2020\/07\/30-giugno-in-piazza-milano-denuncia-una-sanatoria-farlocca\/#breadcrumb"},"inLanguage":"it-IT","potentialAction":[{"@type":"ReadAction","target":["https:\/\/www.pressenza.com\/it\/2020\/07\/30-giugno-in-piazza-milano-denuncia-una-sanatoria-farlocca\/"]}]},{"@type":"ImageObject","inLanguage":"it-IT","@id":"https:\/\/www.pressenza.com\/it\/2020\/07\/30-giugno-in-piazza-milano-denuncia-una-sanatoria-farlocca\/#primaryimage","url":"https:\/\/www.pressenza.com\/wp-content\/uploads\/2020\/07\/sanatoria-piazza-scala.jpg","contentUrl":"https:\/\/www.pressenza.com\/wp-content\/uploads\/2020\/07\/sanatoria-piazza-scala.jpg","width":1600,"height":1200},{"@type":"BreadcrumbList","@id":"https:\/\/www.pressenza.com\/it\/2020\/07\/30-giugno-in-piazza-milano-denuncia-una-sanatoria-farlocca\/#breadcrumb","itemListElement":[{"@type":"ListItem","position":1,"name":"Accueil","item":"https:\/\/www.pressenza.com\/it\/"},{"@type":"ListItem","position":2,"name":"30 giugno in piazza, Milano denuncia una sanatoria farlocca"}]},{"@type":"WebSite","@id":"https:\/\/www.pressenza.com\/it\/#website","url":"https:\/\/www.pressenza.com\/it\/","name":"Pressenza","description":"Agenzia di Stampa Internazionale","publisher":{"@id":"https:\/\/www.pressenza.com\/it\/#organization"},"potentialAction":[{"@type":"SearchAction","target":{"@type":"EntryPoint","urlTemplate":"https:\/\/www.pressenza.com\/it\/?s={search_term_string}"},"query-input":{"@type":"PropertyValueSpecification","valueRequired":true,"valueName":"search_term_string"}}],"inLanguage":"it-IT"},{"@type":"Organization","@id":"https:\/\/www.pressenza.com\/it\/#organization","name":"Pressenza","url":"https:\/\/www.pressenza.com\/it\/","logo":{"@type":"ImageObject","inLanguage":"it-IT","@id":"https:\/\/www.pressenza.com\/it\/#\/schema\/logo\/image\/","url":"https:\/\/www.pressenza.com\/wp-content\/uploads\/2022\/10\/pressenza_logo_200x200.jpg","contentUrl":"https:\/\/www.pressenza.com\/wp-content\/uploads\/2022\/10\/pressenza_logo_200x200.jpg","width":200,"height":200,"caption":"Pressenza"},"image":{"@id":"https:\/\/www.pressenza.com\/it\/#\/schema\/logo\/image\/"},"sameAs":["https:\/\/www.facebook.com\/PressenzaItalia","https:\/\/x.com\/PressenzaIPA"]},{"@type":"Person","@id":"https:\/\/www.pressenza.com\/it\/#\/schema\/person\/6388dc0281afd7eeb72a1763aca696a4","name":"Andrea De Lotto","url":"https:\/\/www.pressenza.com\/it\/author\/andrea-de-lotto\/"}]}},"place":"","original_article_url":"","_links":{"self":[{"href":"https:\/\/www.pressenza.com\/it\/wp-json\/wp\/v2\/posts\/1149496","targetHints":{"allow":["GET"]}}],"collection":[{"href":"https:\/\/www.pressenza.com\/it\/wp-json\/wp\/v2\/posts"}],"about":[{"href":"https:\/\/www.pressenza.com\/it\/wp-json\/wp\/v2\/types\/post"}],"author":[{"embeddable":true,"href":"https:\/\/www.pressenza.com\/it\/wp-json\/wp\/v2\/users\/1537"}],"replies":[{"embeddable":true,"href":"https:\/\/www.pressenza.com\/it\/wp-json\/wp\/v2\/comments?post=1149496"}],"version-history":[{"count":0,"href":"https:\/\/www.pressenza.com\/it\/wp-json\/wp\/v2\/posts\/1149496\/revisions"}],"wp:featuredmedia":[{"embeddable":true,"href":"https:\/\/www.pressenza.com\/it\/wp-json\/wp\/v2\/media\/1149517"}],"wp:attachment":[{"href":"https:\/\/www.pressenza.com\/it\/wp-json\/wp\/v2\/media?parent=1149496"}],"wp:term":[{"taxonomy":"category","embeddable":true,"href":"https:\/\/www.pressenza.com\/it\/wp-json\/wp\/v2\/categories?post=1149496"},{"taxonomy":"post_tag","embeddable":true,"href":"https:\/\/www.pressenza.com\/it\/wp-json\/wp\/v2\/tags?post=1149496"}],"curies":[{"name":"wp","href":"https:\/\/api.w.org\/{rel}","templated":true}]}}