{"id":1144328,"date":"2020-06-26T14:11:02","date_gmt":"2020-06-26T13:11:02","guid":{"rendered":"https:\/\/www.pressenza.com\/?p=1144328"},"modified":"2020-06-26T14:15:48","modified_gmt":"2020-06-26T13:15:48","slug":"luigi-pacifista-genovese","status":"publish","type":"post","link":"https:\/\/www.pressenza.com\/it\/2020\/06\/luigi-pacifista-genovese\/","title":{"rendered":"Luigi, pacifista genovese"},"content":{"rendered":"<p><em>Luigi Previati, pacifista e militante per il progresso dell&#8217;Umanit\u00e0 ha lasciato questo spazio di esistenza. Il Comitato Promotore della\u00a0 Marcia Mondiale per la Pace e la Nonviolenza, campagna a cui lu\u00ec ader\u00ec fin dalla prima edizione del 2009 lo ricorda e lo onora con le parole di Alessandro Capuzzo.<\/em><\/p>\n<p>Ho conosciuto personalmente Luigi Previati alla partenza da Genova della Bamboo, per il percorso a vela nel Mediterraneo occidentale della 2\u00aa Marcia mondiale per la pace e la nonviolenza, il 27 ottobre 2019.<br \/>\nUn paio di giorni prima dell\u2019evento sono stato invitato a casa sua, in Val Polcevera sulle colline genovesi, ed ho avuto modo di conoscere l\u2019ambiente in cui ha vissuto, la famiglia e i suoi interessi riguardo la gestione del territorio, la cura del verde e la produzione nelle campagne circostanti.<br \/>\nLa partenza della barca di \u201cMediterraneo, Mar de Paz\u201d lo intrig\u00f2 molto; pochi giorni prima, assieme all\u2019amico pacifista Stefano Martini, aveva organizzato un incontro con Carlo Tombola coordinatore dell\u2019osservatorio sui traffici d\u2019armi \u201cThe Weapon Watch\u201d, ed autore di un esposto collegato al boicottaggio della nave saudita Bahri Yanbu attuato dai portuali e dei pacifisti genovesi, che ha suscitato viva attenzione a livello internazionale.<br \/>\nQuell\u2019incontro, avrebbe dovuto essere ripetuto ed ampliato a marzo 2020, all\u2019arrivo a Genova dell\u2019\u00e9quipe internazionale della Marcia Mondiale, bloccata per\u00f2 dall\u2019emergenza CoVid-19, proprio all\u2019ingresso in Italia.<br \/>\nDa queste attivit\u00e0, \u00e8 nato un collegamento fra Genova e Trieste, che pian piano coinvolger\u00e0 i porti toccati dalle vele di \u201cMediterraneo, Mar de Paz\u201d.<br \/>\nSono grato a Luigi di quanto ha realizzato, per mezzo dell\u2019amicizia e della condivisione di ideali; e propongo a Carlo, a Stefano, ai portuali e pacifisti genovesi, di dedicargli le prossime iniziative di Pace.<br \/>\nAlessandro Capuzzo<\/p>\n","protected":false},"excerpt":{"rendered":"<p>Luigi Previati, pacifista e militante per il progresso dell&#8217;Umanit\u00e0 ha lasciato questo spazio di esistenza. Il Comitato Promotore della\u00a0 Marcia Mondiale per la Pace e la Nonviolenza, campagna a cui lu\u00ec ader\u00ec fin dalla prima edizione del 2009 lo ricorda&hellip;<\/p>\n","protected":false},"author":1565,"featured_media":1144330,"comment_status":"closed","ping_status":"closed","sticky":false,"template":"","format":"standard","meta":{"footnotes":""},"categories":[11388,1262,1263],"tags":[77879,3491,41996],"class_list":["post-1144328","post","type-post","status-publish","format-standard","has-post-thumbnail","hentry","category-contenuti-originali","category-nonviolenza-argomento","category-pace-disarmo","tag-luigi-previati","tag-marcia-mondiale-per-la-pace-e-la-nonviolenza","tag-2a-marcia-mondiale-per-la-pace-e-la-nonviolenza"],"yoast_head":"<!-- This site is optimized with the Yoast SEO plugin v27.1.1 - https:\/\/yoast.com\/product\/yoast-seo-wordpress\/ -->\n<title>Luigi, pacifista genovese<\/title>\n<meta name=\"description\" content=\"Luigi Previati, pacifista e militante per il progresso dell&#039;Umanit\u00e0 ha lasciato questo spazio di esistenza. Il Comitato Promotore della\u00a0 Marcia Mondiale\" \/>\n<meta name=\"robots\" content=\"index, follow, max-snippet:-1, max-image-preview:large, max-video-preview:-1\" \/>\n<link rel=\"canonical\" href=\"https:\/\/www.pressenza.com\/it\/2020\/06\/luigi-pacifista-genovese\/\" \/>\n<meta property=\"og:locale\" content=\"it_IT\" \/>\n<meta property=\"og:type\" content=\"article\" \/>\n<meta property=\"og:title\" content=\"Luigi, pacifista genovese\" \/>\n<meta property=\"og:description\" content=\"Luigi Previati, pacifista e militante per il progresso dell&#039;Umanit\u00e0 ha lasciato questo spazio di esistenza. Il Comitato Promotore della\u00a0 Marcia Mondiale\" \/>\n<meta property=\"og:url\" content=\"https:\/\/www.pressenza.com\/it\/2020\/06\/luigi-pacifista-genovese\/\" \/>\n<meta property=\"og:site_name\" content=\"Pressenza\" \/>\n<meta property=\"article:publisher\" content=\"https:\/\/www.facebook.com\/PressenzaItalia\" \/>\n<meta property=\"article:published_time\" content=\"2020-06-26T13:11:02+00:00\" \/>\n<meta property=\"article:modified_time\" content=\"2020-06-26T13:15:48+00:00\" \/>\n<meta property=\"og:image\" content=\"https:\/\/www.pressenza.com\/wp-content\/uploads\/2020\/06\/MM2-assisi.jpg\" \/>\n\t<meta property=\"og:image:width\" content=\"800\" \/>\n\t<meta property=\"og:image:height\" content=\"590\" \/>\n\t<meta property=\"og:image:type\" content=\"image\/jpeg\" \/>\n<meta name=\"author\" content=\"Marcia Mondiale per la Pace e la Nonviolenza\" \/>\n<meta name=\"twitter:card\" content=\"summary_large_image\" \/>\n<meta name=\"twitter:creator\" content=\"@PressenzaIPA\" \/>\n<meta name=\"twitter:site\" content=\"@PressenzaIPA\" \/>\n<meta name=\"twitter:label1\" content=\"Scritto da\" \/>\n\t<meta name=\"twitter:data1\" content=\"Marcia Mondiale per la Pace e la Nonviolenza\" \/>\n\t<meta name=\"twitter:label2\" content=\"Tempo di lettura stimato\" \/>\n\t<meta name=\"twitter:data2\" content=\"1 minuto\" \/>\n<script type=\"application\/ld+json\" class=\"yoast-schema-graph\">{\"@context\":\"https:\/\/schema.org\",\"@graph\":[{\"@type\":\"Article\",\"@id\":\"https:\/\/www.pressenza.com\/it\/2020\/06\/luigi-pacifista-genovese\/#article\",\"isPartOf\":{\"@id\":\"https:\/\/www.pressenza.com\/it\/2020\/06\/luigi-pacifista-genovese\/\"},\"author\":{\"name\":\"Marcia Mondiale per la Pace e la Nonviolenza\",\"@id\":\"https:\/\/www.pressenza.com\/it\/#\/schema\/person\/7695876a0aa9e0602a5de3babecd54ff\"},\"headline\":\"Luigi, pacifista genovese\",\"datePublished\":\"2020-06-26T13:11:02+00:00\",\"dateModified\":\"2020-06-26T13:15:48+00:00\",\"mainEntityOfPage\":{\"@id\":\"https:\/\/www.pressenza.com\/it\/2020\/06\/luigi-pacifista-genovese\/\"},\"wordCount\":291,\"publisher\":{\"@id\":\"https:\/\/www.pressenza.com\/it\/#organization\"},\"image\":{\"@id\":\"https:\/\/www.pressenza.com\/it\/2020\/06\/luigi-pacifista-genovese\/#primaryimage\"},\"thumbnailUrl\":\"https:\/\/www.pressenza.com\/wp-content\/uploads\/2020\/06\/MM2-assisi.jpg\",\"keywords\":[\"Luigi Previati\",\"Marcia Mondiale per la Pace e la Nonviolenza\",\"Seconda Marcia Mondiale per la Pace e la Nonviolenza\"],\"articleSection\":[\"contenuti originali\",\"Nonviolenza\",\"Pace e Disarmo\"],\"inLanguage\":\"it-IT\"},{\"@type\":\"WebPage\",\"@id\":\"https:\/\/www.pressenza.com\/it\/2020\/06\/luigi-pacifista-genovese\/\",\"url\":\"https:\/\/www.pressenza.com\/it\/2020\/06\/luigi-pacifista-genovese\/\",\"name\":\"Luigi, pacifista genovese\",\"isPartOf\":{\"@id\":\"https:\/\/www.pressenza.com\/it\/#website\"},\"primaryImageOfPage\":{\"@id\":\"https:\/\/www.pressenza.com\/it\/2020\/06\/luigi-pacifista-genovese\/#primaryimage\"},\"image\":{\"@id\":\"https:\/\/www.pressenza.com\/it\/2020\/06\/luigi-pacifista-genovese\/#primaryimage\"},\"thumbnailUrl\":\"https:\/\/www.pressenza.com\/wp-content\/uploads\/2020\/06\/MM2-assisi.jpg\",\"datePublished\":\"2020-06-26T13:11:02+00:00\",\"dateModified\":\"2020-06-26T13:15:48+00:00\",\"description\":\"Luigi Previati, pacifista e militante per il progresso dell'Umanit\u00e0 ha lasciato questo spazio di esistenza. Il Comitato Promotore della\u00a0 Marcia Mondiale\",\"breadcrumb\":{\"@id\":\"https:\/\/www.pressenza.com\/it\/2020\/06\/luigi-pacifista-genovese\/#breadcrumb\"},\"inLanguage\":\"it-IT\",\"potentialAction\":[{\"@type\":\"ReadAction\",\"target\":[\"https:\/\/www.pressenza.com\/it\/2020\/06\/luigi-pacifista-genovese\/\"]}]},{\"@type\":\"ImageObject\",\"inLanguage\":\"it-IT\",\"@id\":\"https:\/\/www.pressenza.com\/it\/2020\/06\/luigi-pacifista-genovese\/#primaryimage\",\"url\":\"https:\/\/www.pressenza.com\/wp-content\/uploads\/2020\/06\/MM2-assisi.jpg\",\"contentUrl\":\"https:\/\/www.pressenza.com\/wp-content\/uploads\/2020\/06\/MM2-assisi.jpg\",\"width\":800,\"height\":590},{\"@type\":\"BreadcrumbList\",\"@id\":\"https:\/\/www.pressenza.com\/it\/2020\/06\/luigi-pacifista-genovese\/#breadcrumb\",\"itemListElement\":[{\"@type\":\"ListItem\",\"position\":1,\"name\":\"Accueil\",\"item\":\"https:\/\/www.pressenza.com\/it\/\"},{\"@type\":\"ListItem\",\"position\":2,\"name\":\"Luigi, pacifista genovese\"}]},{\"@type\":\"WebSite\",\"@id\":\"https:\/\/www.pressenza.com\/it\/#website\",\"url\":\"https:\/\/www.pressenza.com\/it\/\",\"name\":\"Pressenza\",\"description\":\"Agenzia di Stampa Internazionale\",\"publisher\":{\"@id\":\"https:\/\/www.pressenza.com\/it\/#organization\"},\"potentialAction\":[{\"@type\":\"SearchAction\",\"target\":{\"@type\":\"EntryPoint\",\"urlTemplate\":\"https:\/\/www.pressenza.com\/it\/?s={search_term_string}\"},\"query-input\":{\"@type\":\"PropertyValueSpecification\",\"valueRequired\":true,\"valueName\":\"search_term_string\"}}],\"inLanguage\":\"it-IT\"},{\"@type\":\"Organization\",\"@id\":\"https:\/\/www.pressenza.com\/it\/#organization\",\"name\":\"Pressenza\",\"url\":\"https:\/\/www.pressenza.com\/it\/\",\"logo\":{\"@type\":\"ImageObject\",\"inLanguage\":\"it-IT\",\"@id\":\"https:\/\/www.pressenza.com\/it\/#\/schema\/logo\/image\/\",\"url\":\"https:\/\/www.pressenza.com\/wp-content\/uploads\/2022\/10\/pressenza_logo_200x200.jpg\",\"contentUrl\":\"https:\/\/www.pressenza.com\/wp-content\/uploads\/2022\/10\/pressenza_logo_200x200.jpg\",\"width\":200,\"height\":200,\"caption\":\"Pressenza\"},\"image\":{\"@id\":\"https:\/\/www.pressenza.com\/it\/#\/schema\/logo\/image\/\"},\"sameAs\":[\"https:\/\/www.facebook.com\/PressenzaItalia\",\"https:\/\/x.com\/PressenzaIPA\"]},{\"@type\":\"Person\",\"@id\":\"https:\/\/www.pressenza.com\/it\/#\/schema\/person\/7695876a0aa9e0602a5de3babecd54ff\",\"name\":\"Marcia Mondiale per la Pace e la Nonviolenza\",\"sameAs\":[\"https:\/\/theworldmarch.org\"],\"url\":\"https:\/\/www.pressenza.com\/it\/author\/marcia-mondiale-per-la-pace-e-la-nonviolenza\/\"}]}<\/script>\n<!-- \/ Yoast SEO plugin. -->","yoast_head_json":{"title":"Luigi, pacifista genovese","description":"Luigi Previati, pacifista e militante per il progresso dell'Umanit\u00e0 ha lasciato questo spazio di esistenza. Il Comitato Promotore della\u00a0 Marcia Mondiale","robots":{"index":"index","follow":"follow","max-snippet":"max-snippet:-1","max-image-preview":"max-image-preview:large","max-video-preview":"max-video-preview:-1"},"canonical":"https:\/\/www.pressenza.com\/it\/2020\/06\/luigi-pacifista-genovese\/","og_locale":"it_IT","og_type":"article","og_title":"Luigi, pacifista genovese","og_description":"Luigi Previati, pacifista e militante per il progresso dell'Umanit\u00e0 ha lasciato questo spazio di esistenza. Il Comitato Promotore della\u00a0 Marcia Mondiale","og_url":"https:\/\/www.pressenza.com\/it\/2020\/06\/luigi-pacifista-genovese\/","og_site_name":"Pressenza","article_publisher":"https:\/\/www.facebook.com\/PressenzaItalia","article_published_time":"2020-06-26T13:11:02+00:00","article_modified_time":"2020-06-26T13:15:48+00:00","og_image":[{"width":800,"height":590,"url":"https:\/\/www.pressenza.com\/wp-content\/uploads\/2020\/06\/MM2-assisi.jpg","type":"image\/jpeg"}],"author":"Marcia Mondiale per la Pace e la Nonviolenza","twitter_card":"summary_large_image","twitter_creator":"@PressenzaIPA","twitter_site":"@PressenzaIPA","twitter_misc":{"Scritto da":"Marcia Mondiale per la Pace e la Nonviolenza","Tempo di lettura stimato":"1 minuto"},"schema":{"@context":"https:\/\/schema.org","@graph":[{"@type":"Article","@id":"https:\/\/www.pressenza.com\/it\/2020\/06\/luigi-pacifista-genovese\/#article","isPartOf":{"@id":"https:\/\/www.pressenza.com\/it\/2020\/06\/luigi-pacifista-genovese\/"},"author":{"name":"Marcia Mondiale per la Pace e la Nonviolenza","@id":"https:\/\/www.pressenza.com\/it\/#\/schema\/person\/7695876a0aa9e0602a5de3babecd54ff"},"headline":"Luigi, pacifista genovese","datePublished":"2020-06-26T13:11:02+00:00","dateModified":"2020-06-26T13:15:48+00:00","mainEntityOfPage":{"@id":"https:\/\/www.pressenza.com\/it\/2020\/06\/luigi-pacifista-genovese\/"},"wordCount":291,"publisher":{"@id":"https:\/\/www.pressenza.com\/it\/#organization"},"image":{"@id":"https:\/\/www.pressenza.com\/it\/2020\/06\/luigi-pacifista-genovese\/#primaryimage"},"thumbnailUrl":"https:\/\/www.pressenza.com\/wp-content\/uploads\/2020\/06\/MM2-assisi.jpg","keywords":["Luigi Previati","Marcia Mondiale per la Pace e la Nonviolenza","Seconda Marcia Mondiale per la Pace e la Nonviolenza"],"articleSection":["contenuti originali","Nonviolenza","Pace e Disarmo"],"inLanguage":"it-IT"},{"@type":"WebPage","@id":"https:\/\/www.pressenza.com\/it\/2020\/06\/luigi-pacifista-genovese\/","url":"https:\/\/www.pressenza.com\/it\/2020\/06\/luigi-pacifista-genovese\/","name":"Luigi, pacifista genovese","isPartOf":{"@id":"https:\/\/www.pressenza.com\/it\/#website"},"primaryImageOfPage":{"@id":"https:\/\/www.pressenza.com\/it\/2020\/06\/luigi-pacifista-genovese\/#primaryimage"},"image":{"@id":"https:\/\/www.pressenza.com\/it\/2020\/06\/luigi-pacifista-genovese\/#primaryimage"},"thumbnailUrl":"https:\/\/www.pressenza.com\/wp-content\/uploads\/2020\/06\/MM2-assisi.jpg","datePublished":"2020-06-26T13:11:02+00:00","dateModified":"2020-06-26T13:15:48+00:00","description":"Luigi Previati, pacifista e militante per il progresso dell'Umanit\u00e0 ha lasciato questo spazio di esistenza. Il Comitato Promotore della\u00a0 Marcia Mondiale","breadcrumb":{"@id":"https:\/\/www.pressenza.com\/it\/2020\/06\/luigi-pacifista-genovese\/#breadcrumb"},"inLanguage":"it-IT","potentialAction":[{"@type":"ReadAction","target":["https:\/\/www.pressenza.com\/it\/2020\/06\/luigi-pacifista-genovese\/"]}]},{"@type":"ImageObject","inLanguage":"it-IT","@id":"https:\/\/www.pressenza.com\/it\/2020\/06\/luigi-pacifista-genovese\/#primaryimage","url":"https:\/\/www.pressenza.com\/wp-content\/uploads\/2020\/06\/MM2-assisi.jpg","contentUrl":"https:\/\/www.pressenza.com\/wp-content\/uploads\/2020\/06\/MM2-assisi.jpg","width":800,"height":590},{"@type":"BreadcrumbList","@id":"https:\/\/www.pressenza.com\/it\/2020\/06\/luigi-pacifista-genovese\/#breadcrumb","itemListElement":[{"@type":"ListItem","position":1,"name":"Accueil","item":"https:\/\/www.pressenza.com\/it\/"},{"@type":"ListItem","position":2,"name":"Luigi, pacifista genovese"}]},{"@type":"WebSite","@id":"https:\/\/www.pressenza.com\/it\/#website","url":"https:\/\/www.pressenza.com\/it\/","name":"Pressenza","description":"Agenzia di Stampa Internazionale","publisher":{"@id":"https:\/\/www.pressenza.com\/it\/#organization"},"potentialAction":[{"@type":"SearchAction","target":{"@type":"EntryPoint","urlTemplate":"https:\/\/www.pressenza.com\/it\/?s={search_term_string}"},"query-input":{"@type":"PropertyValueSpecification","valueRequired":true,"valueName":"search_term_string"}}],"inLanguage":"it-IT"},{"@type":"Organization","@id":"https:\/\/www.pressenza.com\/it\/#organization","name":"Pressenza","url":"https:\/\/www.pressenza.com\/it\/","logo":{"@type":"ImageObject","inLanguage":"it-IT","@id":"https:\/\/www.pressenza.com\/it\/#\/schema\/logo\/image\/","url":"https:\/\/www.pressenza.com\/wp-content\/uploads\/2022\/10\/pressenza_logo_200x200.jpg","contentUrl":"https:\/\/www.pressenza.com\/wp-content\/uploads\/2022\/10\/pressenza_logo_200x200.jpg","width":200,"height":200,"caption":"Pressenza"},"image":{"@id":"https:\/\/www.pressenza.com\/it\/#\/schema\/logo\/image\/"},"sameAs":["https:\/\/www.facebook.com\/PressenzaItalia","https:\/\/x.com\/PressenzaIPA"]},{"@type":"Person","@id":"https:\/\/www.pressenza.com\/it\/#\/schema\/person\/7695876a0aa9e0602a5de3babecd54ff","name":"Marcia Mondiale per la Pace e la Nonviolenza","sameAs":["https:\/\/theworldmarch.org"],"url":"https:\/\/www.pressenza.com\/it\/author\/marcia-mondiale-per-la-pace-e-la-nonviolenza\/"}]}},"place":"","original_article_url":"","_links":{"self":[{"href":"https:\/\/www.pressenza.com\/it\/wp-json\/wp\/v2\/posts\/1144328","targetHints":{"allow":["GET"]}}],"collection":[{"href":"https:\/\/www.pressenza.com\/it\/wp-json\/wp\/v2\/posts"}],"about":[{"href":"https:\/\/www.pressenza.com\/it\/wp-json\/wp\/v2\/types\/post"}],"author":[{"embeddable":true,"href":"https:\/\/www.pressenza.com\/it\/wp-json\/wp\/v2\/users\/1565"}],"replies":[{"embeddable":true,"href":"https:\/\/www.pressenza.com\/it\/wp-json\/wp\/v2\/comments?post=1144328"}],"version-history":[{"count":0,"href":"https:\/\/www.pressenza.com\/it\/wp-json\/wp\/v2\/posts\/1144328\/revisions"}],"wp:featuredmedia":[{"embeddable":true,"href":"https:\/\/www.pressenza.com\/it\/wp-json\/wp\/v2\/media\/1144330"}],"wp:attachment":[{"href":"https:\/\/www.pressenza.com\/it\/wp-json\/wp\/v2\/media?parent=1144328"}],"wp:term":[{"taxonomy":"category","embeddable":true,"href":"https:\/\/www.pressenza.com\/it\/wp-json\/wp\/v2\/categories?post=1144328"},{"taxonomy":"post_tag","embeddable":true,"href":"https:\/\/www.pressenza.com\/it\/wp-json\/wp\/v2\/tags?post=1144328"}],"curies":[{"name":"wp","href":"https:\/\/api.w.org\/{rel}","templated":true}]}}