{"id":1138663,"date":"2020-06-18T21:53:56","date_gmt":"2020-06-18T20:53:56","guid":{"rendered":"https:\/\/www.pressenza.com\/?p=1138663"},"modified":"2020-06-18T21:53:56","modified_gmt":"2020-06-18T20:53:56","slug":"al-capezzale-dellospedale","status":"publish","type":"post","link":"https:\/\/www.pressenza.com\/it\/2020\/06\/al-capezzale-dellospedale\/","title":{"rendered":"Al capezzale dell\u2019ospedale"},"content":{"rendered":"<p><span style=\"color: #333333;\"><span style=\"font-size: medium;\"><span lang=\"it-IT\">Infermieri, assistenti infermieristici, radio manipolatori, geriatri, anestesisti specialisti in rianimazione e malattie infettive, tutto il personale ospedaliero \u00e8 stato rappresentato alle manifestazioni che si sono svolte in tutta la Francia dove sono stati programmati pi\u00f9 di 220 raduni nell&#8217;ambito di questa giornata nazionale di azione, organizzata dai sindacati e dai collettivi degli operatori sanitari (CGT, FO, UNSA, SUD, Collettivi intraospedalieri).<\/span><\/span><\/span><\/p>\n<p><img loading=\"lazy\" decoding=\"async\" class=\"alignnone size-full wp-image-1137081\" src=\"https:\/\/www.pressenza.com\/wp-content\/uploads\/2020\/06\/portrait-soignant.jpg\" alt=\"\" width=\"750\" height=\"731\" srcset=\"https:\/\/www.pressenza.com\/wp-content\/uploads\/2020\/06\/portrait-soignant.jpg 750w, https:\/\/www.pressenza.com\/wp-content\/uploads\/2020\/06\/portrait-soignant-300x292.jpg 300w, https:\/\/www.pressenza.com\/wp-content\/uploads\/2020\/06\/portrait-soignant-720x702.jpg 720w\" sizes=\"auto, (max-width: 750px) 100vw, 750px\" \/><\/p>\n<p><span style=\"font-size: medium;\"><span lang=\"it-IT\">Durante questa eccezionale crisi sanitaria, hanno affrontato la situazione grazie alla mobilitazione di tutti gli operatori sanitari e di tutti i servizi ospedalieri e di Ehpad (case di riposo), nonostante la mancanza di maschere, letti e respiratori.<\/span><\/span><\/p>\n<p><img loading=\"lazy\" decoding=\"async\" class=\"alignnone size-full wp-image-1137061\" src=\"https:\/\/www.pressenza.com\/wp-content\/uploads\/2020\/06\/DSC_9808.jpg\" alt=\"\" width=\"750\" height=\"500\" srcset=\"https:\/\/www.pressenza.com\/wp-content\/uploads\/2020\/06\/DSC_9808.jpg 750w, https:\/\/www.pressenza.com\/wp-content\/uploads\/2020\/06\/DSC_9808-300x200.jpg 300w, https:\/\/www.pressenza.com\/wp-content\/uploads\/2020\/06\/DSC_9808-720x480.jpg 720w\" sizes=\"auto, (max-width: 750px) 100vw, 750px\" \/><\/p>\n<p><span style=\"color: #333333;\"><span style=\"font-size: medium;\"><span lang=\"it-IT\">Celebrati come degli eroi al fianco di coloro che hanno continuato il loro lavoro per assicurare che nostre esigenze siano soddisfatte, agli occhi di tutti sono stati come gli ingranaggi essenziali della vita nel Paese: commesse, addetti alle pulizie, fattorini, spazzini, badanti.<\/span><\/span><\/span><\/p>\n<p><img loading=\"lazy\" decoding=\"async\" class=\"alignnone size-full wp-image-1136978\" src=\"https:\/\/www.pressenza.com\/wp-content\/uploads\/2020\/06\/DSC_9530.jpg\" alt=\"\" width=\"750\" height=\"500\" srcset=\"https:\/\/www.pressenza.com\/wp-content\/uploads\/2020\/06\/DSC_9530.jpg 750w, https:\/\/www.pressenza.com\/wp-content\/uploads\/2020\/06\/DSC_9530-300x200.jpg 300w, https:\/\/www.pressenza.com\/wp-content\/uploads\/2020\/06\/DSC_9530-720x480.jpg 720w\" sizes=\"auto, (max-width: 750px) 100vw, 750px\" \/><\/p>\n<p><span style=\"color: #333333;\"><span style=\"font-size: medium;\"><span lang=\"it-IT\">Meritano molto di pi\u00f9 di una medaglia, o un mini bonus o un omaggio il 14 luglio! (Giornata della festa nazionale in Francia). Mentre il &#8220;S\u00e9gur de la sant\u00e9&#8221; (Nome che il governo ha dato alla serie di discussioni sulla salute. Questa \u00e8 comunicazione politica. La parola &#8220;s\u00e9gur&#8221; non significa nulla, \u00e8 il nome della via dove si trova il Ministero della Salute di Parigi) sembra essere in difficolt\u00e0, le richieste espresse nell&#8217;ultimo anno rimangono le stesse: aumento degli stipendi, assunzione in base alle necessit\u00e0, riapertura dei posti letto. <\/span><\/span><\/span><\/p>\n<p><img loading=\"lazy\" decoding=\"async\" class=\"alignnone size-full wp-image-1137040\" src=\"https:\/\/www.pressenza.com\/wp-content\/uploads\/2020\/06\/DSC_9647.jpg\" alt=\"\" width=\"750\" height=\"500\" srcset=\"https:\/\/www.pressenza.com\/wp-content\/uploads\/2020\/06\/DSC_9647.jpg 750w, https:\/\/www.pressenza.com\/wp-content\/uploads\/2020\/06\/DSC_9647-300x200.jpg 300w, https:\/\/www.pressenza.com\/wp-content\/uploads\/2020\/06\/DSC_9647-720x480.jpg 720w\" sizes=\"auto, (max-width: 750px) 100vw, 750px\" \/><\/p>\n<p><span style=\"color: #333333;\"><span style=\"font-size: medium;\"><span lang=\"it-IT\">Va inoltre sottolineato che nel settore sanitario le donne rappresentano l&#8217;87% degli infermieri, l&#8217;88,2% degli ausiliari, il 77,1% del personale ospedaliero, il 92,8% del personale dell&#8217;EHPAD (case di riposo) e il 94,2% degli assistenti domiciliari.<\/span><\/span><\/span><\/p>\n<p><img loading=\"lazy\" decoding=\"async\" class=\"alignnone size-full wp-image-1137050\" src=\"https:\/\/www.pressenza.com\/wp-content\/uploads\/2020\/06\/DSC_9779.jpg\" alt=\"\" width=\"750\" height=\"500\" srcset=\"https:\/\/www.pressenza.com\/wp-content\/uploads\/2020\/06\/DSC_9779.jpg 750w, https:\/\/www.pressenza.com\/wp-content\/uploads\/2020\/06\/DSC_9779-300x200.jpg 300w, https:\/\/www.pressenza.com\/wp-content\/uploads\/2020\/06\/DSC_9779-720x480.jpg 720w\" sizes=\"auto, (max-width: 750px) 100vw, 750px\" \/><\/p>\n<p><span style=\"font-size: medium;\"><span lang=\"it-IT\">C&#8217;\u00e8 da sperare che i cittadini che li hanno applauditi ogni sera alle 20.00 si uniscano a loro e li sostengano nelle strade e si battano per un reale miglioramento delle loro condizioni di lavoro e per salvare i loro ospedali.<\/span><\/span><\/p>\n<p><em><span style=\"font-size: medium;\"><span lang=\"it-IT\">Traduzione dal francese di Francesca Grassia<\/span><\/span><\/em><\/p>\n<div class=\"post-gallery\">\n\t\t\t<figure class=\"post-gallery-item\">\n\t\t\t\t<img decoding=\"async\" src=\"https:\/\/www.pressenza.com\/wp-content\/uploads\/2020\/06\/DSC_9815-720x480.jpg\" loading=\"lazy\">\n\t\t\t\t<figcaption>\n\t\t\t\t\t\n\t\t\t\t<\/figcaption>\n\t\t\t<\/figure>\n\t\t\t<figure class=\"post-gallery-item\">\n\t\t\t\t<img decoding=\"async\" src=\"https:\/\/www.pressenza.com\/wp-content\/uploads\/2020\/06\/DSC_9633-720x480.jpg\" loading=\"lazy\">\n\t\t\t\t<figcaption>\n\t\t\t\t\t\n\t\t\t\t<\/figcaption>\n\t\t\t<\/figure>\n\t\t\t<figure class=\"post-gallery-item\">\n\t\t\t\t<img decoding=\"async\" src=\"https:\/\/www.pressenza.com\/wp-content\/uploads\/2020\/06\/DSC_9629-720x480.jpg\" loading=\"lazy\">\n\t\t\t\t<figcaption>\n\t\t\t\t\t\n\t\t\t\t<\/figcaption>\n\t\t\t<\/figure>\n\t\t\t<figure class=\"post-gallery-item\">\n\t\t\t\t<img decoding=\"async\" src=\"https:\/\/www.pressenza.com\/wp-content\/uploads\/2020\/06\/DSC_9619-720x480.jpg\" loading=\"lazy\">\n\t\t\t\t<figcaption>\n\t\t\t\t\t\n\t\t\t\t<\/figcaption>\n\t\t\t<\/figure>\n\t\t\t<figure class=\"post-gallery-item\">\n\t\t\t\t<img decoding=\"async\" src=\"https:\/\/www.pressenza.com\/wp-content\/uploads\/2020\/06\/DSC_9544-720x480.jpg\" loading=\"lazy\">\n\t\t\t\t<figcaption>\n\t\t\t\t\t\n\t\t\t\t<\/figcaption>\n\t\t\t<\/figure>\n\t\t\t<figure class=\"post-gallery-item\">\n\t\t\t\t<img decoding=\"async\" src=\"https:\/\/www.pressenza.com\/wp-content\/uploads\/2020\/06\/DSC_9477-720x480.jpg\" loading=\"lazy\">\n\t\t\t\t<figcaption>\n\t\t\t\t\t\n\t\t\t\t<\/figcaption>\n\t\t\t<\/figure>\n\t\t\t<figure class=\"post-gallery-item\">\n\t\t\t\t<img decoding=\"async\" src=\"https:\/\/www.pressenza.com\/wp-content\/uploads\/2020\/06\/DSC_9468-720x480.jpg\" loading=\"lazy\">\n\t\t\t\t<figcaption>\n\t\t\t\t\t\n\t\t\t\t<\/figcaption>\n\t\t\t<\/figure>\n\t\t\t<figure class=\"post-gallery-item\">\n\t\t\t\t<img decoding=\"async\" src=\"https:\/\/www.pressenza.com\/wp-content\/uploads\/2020\/06\/DSC_9432-720x480.jpg\" loading=\"lazy\">\n\t\t\t\t<figcaption>\n\t\t\t\t\t\n\t\t\t\t<\/figcaption>\n\t\t\t<\/figure>\n\t\t\t<figure class=\"post-gallery-item\">\n\t\t\t\t<img decoding=\"async\" src=\"https:\/\/www.pressenza.com\/wp-content\/uploads\/2020\/06\/DSC_9387-720x480.jpg\" loading=\"lazy\">\n\t\t\t\t<figcaption>\n\t\t\t\t\t\n\t\t\t\t<\/figcaption>\n\t\t\t<\/figure>\n\t\t\t<figure class=\"post-gallery-item\">\n\t\t\t\t<img decoding=\"async\" src=\"https:\/\/www.pressenza.com\/wp-content\/uploads\/2020\/06\/double-soignant-720x480.jpg\" loading=\"lazy\">\n\t\t\t\t<figcaption>\n\t\t\t\t\t\n\t\t\t\t<\/figcaption>\n\t\t\t<\/figure><\/div>\n","protected":false},"excerpt":{"rendered":"<p>Infermieri, assistenti infermieristici, radio manipolatori, geriatri, anestesisti specialisti in rianimazione e malattie infettive, tutto il personale ospedaliero \u00e8 stato rappresentato alle manifestazioni che si sono svolte in tutta la Francia dove sono stati programmati pi\u00f9 di 220 raduni nell&#8217;ambito di&hellip;<\/p>\n","protected":false},"author":1215,"featured_media":1137004,"comment_status":"closed","ping_status":"closed","sticky":false,"template":"","format":"standard","meta":{"footnotes":""},"categories":[11388,47,5677,1259],"tags":[77508,71543,3208,1628,2752],"class_list":["post-1138663","post","type-post","status-publish","format-standard","has-post-thumbnail","hentry","category-contenuti-originali","category-europa","category-fotoreportages","category-salute-argomento","tag-condizioni-di-lavoro","tag-covid-19","tag-francia-it","tag-manifestazioni","tag-ospedale"],"yoast_head":"<!-- This site is optimized with the Yoast SEO plugin v27.1.1 - https:\/\/yoast.com\/product\/yoast-seo-wordpress\/ -->\n<title>Al capezzale dell\u2019ospedale<\/title>\n<meta name=\"description\" content=\"Infermieri, assistenti infermieristici, radio manipolatori, geriatri, anestesisti specialisti in rianimazione e malattie infettive, tutto il personale\" \/>\n<meta name=\"robots\" content=\"index, follow, max-snippet:-1, max-image-preview:large, max-video-preview:-1\" \/>\n<link rel=\"canonical\" href=\"https:\/\/www.pressenza.com\/it\/2020\/06\/al-capezzale-dellospedale\/\" \/>\n<meta property=\"og:locale\" content=\"it_IT\" \/>\n<meta property=\"og:type\" content=\"article\" \/>\n<meta property=\"og:title\" content=\"Al capezzale dell\u2019ospedale\" \/>\n<meta property=\"og:description\" content=\"Infermieri, assistenti infermieristici, radio manipolatori, geriatri, anestesisti specialisti in rianimazione e malattie infettive, tutto il personale\" \/>\n<meta property=\"og:url\" content=\"https:\/\/www.pressenza.com\/it\/2020\/06\/al-capezzale-dellospedale\/\" \/>\n<meta property=\"og:site_name\" content=\"Pressenza\" \/>\n<meta property=\"article:publisher\" content=\"https:\/\/www.facebook.com\/PressenzaItalia\" \/>\n<meta property=\"article:published_time\" content=\"2020-06-18T20:53:56+00:00\" \/>\n<meta property=\"og:image\" content=\"https:\/\/www.pressenza.com\/wp-content\/uploads\/2020\/06\/DSC_9579.jpg\" \/>\n\t<meta property=\"og:image:width\" content=\"750\" \/>\n\t<meta property=\"og:image:height\" content=\"500\" \/>\n\t<meta property=\"og:image:type\" content=\"image\/jpeg\" \/>\n<meta name=\"author\" content=\"Brigitte Cano\" \/>\n<meta name=\"twitter:card\" content=\"summary_large_image\" \/>\n<meta name=\"twitter:creator\" content=\"@PressenzaIPA\" \/>\n<meta name=\"twitter:site\" content=\"@PressenzaIPA\" \/>\n<meta name=\"twitter:label1\" content=\"Scritto da\" \/>\n\t<meta name=\"twitter:data1\" content=\"Brigitte Cano\" \/>\n\t<meta name=\"twitter:label2\" content=\"Tempo di lettura stimato\" \/>\n\t<meta name=\"twitter:data2\" content=\"2 minuti\" \/>\n<script type=\"application\/ld+json\" class=\"yoast-schema-graph\">{\"@context\":\"https:\/\/schema.org\",\"@graph\":[{\"@type\":\"Article\",\"@id\":\"https:\/\/www.pressenza.com\/it\/2020\/06\/al-capezzale-dellospedale\/#article\",\"isPartOf\":{\"@id\":\"https:\/\/www.pressenza.com\/it\/2020\/06\/al-capezzale-dellospedale\/\"},\"author\":{\"name\":\"Brigitte Cano\",\"@id\":\"https:\/\/www.pressenza.com\/it\/#\/schema\/person\/602645a77d2912fc1013c3f8ff496e97\"},\"headline\":\"Al capezzale dell\u2019ospedale\",\"datePublished\":\"2020-06-18T20:53:56+00:00\",\"mainEntityOfPage\":{\"@id\":\"https:\/\/www.pressenza.com\/it\/2020\/06\/al-capezzale-dellospedale\/\"},\"wordCount\":312,\"publisher\":{\"@id\":\"https:\/\/www.pressenza.com\/it\/#organization\"},\"image\":{\"@id\":\"https:\/\/www.pressenza.com\/it\/2020\/06\/al-capezzale-dellospedale\/#primaryimage\"},\"thumbnailUrl\":\"https:\/\/www.pressenza.com\/wp-content\/uploads\/2020\/06\/DSC_9579.jpg\",\"keywords\":[\"condizioni di lavoro\",\"COVID-19\",\"Francia\",\"manifestazioni\",\"ospedale\"],\"articleSection\":[\"contenuti originali\",\"Europa\",\"Fotoreportages\",\"Salute\"],\"inLanguage\":\"it-IT\"},{\"@type\":\"WebPage\",\"@id\":\"https:\/\/www.pressenza.com\/it\/2020\/06\/al-capezzale-dellospedale\/\",\"url\":\"https:\/\/www.pressenza.com\/it\/2020\/06\/al-capezzale-dellospedale\/\",\"name\":\"Al capezzale dell\u2019ospedale\",\"isPartOf\":{\"@id\":\"https:\/\/www.pressenza.com\/it\/#website\"},\"primaryImageOfPage\":{\"@id\":\"https:\/\/www.pressenza.com\/it\/2020\/06\/al-capezzale-dellospedale\/#primaryimage\"},\"image\":{\"@id\":\"https:\/\/www.pressenza.com\/it\/2020\/06\/al-capezzale-dellospedale\/#primaryimage\"},\"thumbnailUrl\":\"https:\/\/www.pressenza.com\/wp-content\/uploads\/2020\/06\/DSC_9579.jpg\",\"datePublished\":\"2020-06-18T20:53:56+00:00\",\"description\":\"Infermieri, assistenti infermieristici, radio manipolatori, geriatri, anestesisti specialisti in rianimazione e malattie infettive, tutto il personale\",\"breadcrumb\":{\"@id\":\"https:\/\/www.pressenza.com\/it\/2020\/06\/al-capezzale-dellospedale\/#breadcrumb\"},\"inLanguage\":\"it-IT\",\"potentialAction\":[{\"@type\":\"ReadAction\",\"target\":[\"https:\/\/www.pressenza.com\/it\/2020\/06\/al-capezzale-dellospedale\/\"]}]},{\"@type\":\"ImageObject\",\"inLanguage\":\"it-IT\",\"@id\":\"https:\/\/www.pressenza.com\/it\/2020\/06\/al-capezzale-dellospedale\/#primaryimage\",\"url\":\"https:\/\/www.pressenza.com\/wp-content\/uploads\/2020\/06\/DSC_9579.jpg\",\"contentUrl\":\"https:\/\/www.pressenza.com\/wp-content\/uploads\/2020\/06\/DSC_9579.jpg\",\"width\":750,\"height\":500,\"caption\":\"Manifestazione del personale infiermeristico a Parigi marted\u00ec 16 giugno 2020. (Immagini: Brigitte Cano)\"},{\"@type\":\"BreadcrumbList\",\"@id\":\"https:\/\/www.pressenza.com\/it\/2020\/06\/al-capezzale-dellospedale\/#breadcrumb\",\"itemListElement\":[{\"@type\":\"ListItem\",\"position\":1,\"name\":\"Accueil\",\"item\":\"https:\/\/www.pressenza.com\/it\/\"},{\"@type\":\"ListItem\",\"position\":2,\"name\":\"Al capezzale dell\u2019ospedale\"}]},{\"@type\":\"WebSite\",\"@id\":\"https:\/\/www.pressenza.com\/it\/#website\",\"url\":\"https:\/\/www.pressenza.com\/it\/\",\"name\":\"Pressenza\",\"description\":\"Agenzia di Stampa Internazionale\",\"publisher\":{\"@id\":\"https:\/\/www.pressenza.com\/it\/#organization\"},\"potentialAction\":[{\"@type\":\"SearchAction\",\"target\":{\"@type\":\"EntryPoint\",\"urlTemplate\":\"https:\/\/www.pressenza.com\/it\/?s={search_term_string}\"},\"query-input\":{\"@type\":\"PropertyValueSpecification\",\"valueRequired\":true,\"valueName\":\"search_term_string\"}}],\"inLanguage\":\"it-IT\"},{\"@type\":\"Organization\",\"@id\":\"https:\/\/www.pressenza.com\/it\/#organization\",\"name\":\"Pressenza\",\"url\":\"https:\/\/www.pressenza.com\/it\/\",\"logo\":{\"@type\":\"ImageObject\",\"inLanguage\":\"it-IT\",\"@id\":\"https:\/\/www.pressenza.com\/it\/#\/schema\/logo\/image\/\",\"url\":\"https:\/\/www.pressenza.com\/wp-content\/uploads\/2022\/10\/pressenza_logo_200x200.jpg\",\"contentUrl\":\"https:\/\/www.pressenza.com\/wp-content\/uploads\/2022\/10\/pressenza_logo_200x200.jpg\",\"width\":200,\"height\":200,\"caption\":\"Pressenza\"},\"image\":{\"@id\":\"https:\/\/www.pressenza.com\/it\/#\/schema\/logo\/image\/\"},\"sameAs\":[\"https:\/\/www.facebook.com\/PressenzaItalia\",\"https:\/\/x.com\/PressenzaIPA\"]},{\"@type\":\"Person\",\"@id\":\"https:\/\/www.pressenza.com\/it\/#\/schema\/person\/602645a77d2912fc1013c3f8ff496e97\",\"name\":\"Brigitte Cano\",\"url\":\"https:\/\/www.pressenza.com\/it\/author\/brigittecano\/\"}]}<\/script>\n<!-- \/ Yoast SEO plugin. -->","yoast_head_json":{"title":"Al capezzale dell\u2019ospedale","description":"Infermieri, assistenti infermieristici, radio manipolatori, geriatri, anestesisti specialisti in rianimazione e malattie infettive, tutto il personale","robots":{"index":"index","follow":"follow","max-snippet":"max-snippet:-1","max-image-preview":"max-image-preview:large","max-video-preview":"max-video-preview:-1"},"canonical":"https:\/\/www.pressenza.com\/it\/2020\/06\/al-capezzale-dellospedale\/","og_locale":"it_IT","og_type":"article","og_title":"Al capezzale dell\u2019ospedale","og_description":"Infermieri, assistenti infermieristici, radio manipolatori, geriatri, anestesisti specialisti in rianimazione e malattie infettive, tutto il personale","og_url":"https:\/\/www.pressenza.com\/it\/2020\/06\/al-capezzale-dellospedale\/","og_site_name":"Pressenza","article_publisher":"https:\/\/www.facebook.com\/PressenzaItalia","article_published_time":"2020-06-18T20:53:56+00:00","og_image":[{"width":750,"height":500,"url":"https:\/\/www.pressenza.com\/wp-content\/uploads\/2020\/06\/DSC_9579.jpg","type":"image\/jpeg"}],"author":"Brigitte Cano","twitter_card":"summary_large_image","twitter_creator":"@PressenzaIPA","twitter_site":"@PressenzaIPA","twitter_misc":{"Scritto da":"Brigitte Cano","Tempo di lettura stimato":"2 minuti"},"schema":{"@context":"https:\/\/schema.org","@graph":[{"@type":"Article","@id":"https:\/\/www.pressenza.com\/it\/2020\/06\/al-capezzale-dellospedale\/#article","isPartOf":{"@id":"https:\/\/www.pressenza.com\/it\/2020\/06\/al-capezzale-dellospedale\/"},"author":{"name":"Brigitte Cano","@id":"https:\/\/www.pressenza.com\/it\/#\/schema\/person\/602645a77d2912fc1013c3f8ff496e97"},"headline":"Al capezzale dell\u2019ospedale","datePublished":"2020-06-18T20:53:56+00:00","mainEntityOfPage":{"@id":"https:\/\/www.pressenza.com\/it\/2020\/06\/al-capezzale-dellospedale\/"},"wordCount":312,"publisher":{"@id":"https:\/\/www.pressenza.com\/it\/#organization"},"image":{"@id":"https:\/\/www.pressenza.com\/it\/2020\/06\/al-capezzale-dellospedale\/#primaryimage"},"thumbnailUrl":"https:\/\/www.pressenza.com\/wp-content\/uploads\/2020\/06\/DSC_9579.jpg","keywords":["condizioni di lavoro","COVID-19","Francia","manifestazioni","ospedale"],"articleSection":["contenuti originali","Europa","Fotoreportages","Salute"],"inLanguage":"it-IT"},{"@type":"WebPage","@id":"https:\/\/www.pressenza.com\/it\/2020\/06\/al-capezzale-dellospedale\/","url":"https:\/\/www.pressenza.com\/it\/2020\/06\/al-capezzale-dellospedale\/","name":"Al capezzale dell\u2019ospedale","isPartOf":{"@id":"https:\/\/www.pressenza.com\/it\/#website"},"primaryImageOfPage":{"@id":"https:\/\/www.pressenza.com\/it\/2020\/06\/al-capezzale-dellospedale\/#primaryimage"},"image":{"@id":"https:\/\/www.pressenza.com\/it\/2020\/06\/al-capezzale-dellospedale\/#primaryimage"},"thumbnailUrl":"https:\/\/www.pressenza.com\/wp-content\/uploads\/2020\/06\/DSC_9579.jpg","datePublished":"2020-06-18T20:53:56+00:00","description":"Infermieri, assistenti infermieristici, radio manipolatori, geriatri, anestesisti specialisti in rianimazione e malattie infettive, tutto il personale","breadcrumb":{"@id":"https:\/\/www.pressenza.com\/it\/2020\/06\/al-capezzale-dellospedale\/#breadcrumb"},"inLanguage":"it-IT","potentialAction":[{"@type":"ReadAction","target":["https:\/\/www.pressenza.com\/it\/2020\/06\/al-capezzale-dellospedale\/"]}]},{"@type":"ImageObject","inLanguage":"it-IT","@id":"https:\/\/www.pressenza.com\/it\/2020\/06\/al-capezzale-dellospedale\/#primaryimage","url":"https:\/\/www.pressenza.com\/wp-content\/uploads\/2020\/06\/DSC_9579.jpg","contentUrl":"https:\/\/www.pressenza.com\/wp-content\/uploads\/2020\/06\/DSC_9579.jpg","width":750,"height":500,"caption":"Manifestazione del personale infiermeristico a Parigi marted\u00ec 16 giugno 2020. (Immagini: Brigitte Cano)"},{"@type":"BreadcrumbList","@id":"https:\/\/www.pressenza.com\/it\/2020\/06\/al-capezzale-dellospedale\/#breadcrumb","itemListElement":[{"@type":"ListItem","position":1,"name":"Accueil","item":"https:\/\/www.pressenza.com\/it\/"},{"@type":"ListItem","position":2,"name":"Al capezzale dell\u2019ospedale"}]},{"@type":"WebSite","@id":"https:\/\/www.pressenza.com\/it\/#website","url":"https:\/\/www.pressenza.com\/it\/","name":"Pressenza","description":"Agenzia di Stampa Internazionale","publisher":{"@id":"https:\/\/www.pressenza.com\/it\/#organization"},"potentialAction":[{"@type":"SearchAction","target":{"@type":"EntryPoint","urlTemplate":"https:\/\/www.pressenza.com\/it\/?s={search_term_string}"},"query-input":{"@type":"PropertyValueSpecification","valueRequired":true,"valueName":"search_term_string"}}],"inLanguage":"it-IT"},{"@type":"Organization","@id":"https:\/\/www.pressenza.com\/it\/#organization","name":"Pressenza","url":"https:\/\/www.pressenza.com\/it\/","logo":{"@type":"ImageObject","inLanguage":"it-IT","@id":"https:\/\/www.pressenza.com\/it\/#\/schema\/logo\/image\/","url":"https:\/\/www.pressenza.com\/wp-content\/uploads\/2022\/10\/pressenza_logo_200x200.jpg","contentUrl":"https:\/\/www.pressenza.com\/wp-content\/uploads\/2022\/10\/pressenza_logo_200x200.jpg","width":200,"height":200,"caption":"Pressenza"},"image":{"@id":"https:\/\/www.pressenza.com\/it\/#\/schema\/logo\/image\/"},"sameAs":["https:\/\/www.facebook.com\/PressenzaItalia","https:\/\/x.com\/PressenzaIPA"]},{"@type":"Person","@id":"https:\/\/www.pressenza.com\/it\/#\/schema\/person\/602645a77d2912fc1013c3f8ff496e97","name":"Brigitte Cano","url":"https:\/\/www.pressenza.com\/it\/author\/brigittecano\/"}]}},"place":"Francia","original_article_url":"","_links":{"self":[{"href":"https:\/\/www.pressenza.com\/it\/wp-json\/wp\/v2\/posts\/1138663","targetHints":{"allow":["GET"]}}],"collection":[{"href":"https:\/\/www.pressenza.com\/it\/wp-json\/wp\/v2\/posts"}],"about":[{"href":"https:\/\/www.pressenza.com\/it\/wp-json\/wp\/v2\/types\/post"}],"author":[{"embeddable":true,"href":"https:\/\/www.pressenza.com\/it\/wp-json\/wp\/v2\/users\/1215"}],"replies":[{"embeddable":true,"href":"https:\/\/www.pressenza.com\/it\/wp-json\/wp\/v2\/comments?post=1138663"}],"version-history":[{"count":0,"href":"https:\/\/www.pressenza.com\/it\/wp-json\/wp\/v2\/posts\/1138663\/revisions"}],"wp:featuredmedia":[{"embeddable":true,"href":"https:\/\/www.pressenza.com\/it\/wp-json\/wp\/v2\/media\/1137004"}],"wp:attachment":[{"href":"https:\/\/www.pressenza.com\/it\/wp-json\/wp\/v2\/media?parent=1138663"}],"wp:term":[{"taxonomy":"category","embeddable":true,"href":"https:\/\/www.pressenza.com\/it\/wp-json\/wp\/v2\/categories?post=1138663"},{"taxonomy":"post_tag","embeddable":true,"href":"https:\/\/www.pressenza.com\/it\/wp-json\/wp\/v2\/tags?post=1138663"}],"curies":[{"name":"wp","href":"https:\/\/api.w.org\/{rel}","templated":true}]}}