{"id":1137963,"date":"2020-06-17T23:33:42","date_gmt":"2020-06-17T22:33:42","guid":{"rendered":"https:\/\/www.pressenza.com\/?p=1137963"},"modified":"2020-06-17T23:33:42","modified_gmt":"2020-06-17T22:33:42","slug":"una-scuola-grande-come-il-mondo-assemblea-popolare-sulla-ripartenza-scolastica","status":"publish","type":"post","link":"https:\/\/www.pressenza.com\/it\/2020\/06\/una-scuola-grande-come-il-mondo-assemblea-popolare-sulla-ripartenza-scolastica\/","title":{"rendered":"Una scuola grande come il mondo: assemblea popolare sulla ripartenza scolastica"},"content":{"rendered":"<p>L\u2019iniziativa <strong>Ripartiamo dalle persone piccole<\/strong> comincia dall\u2019<a href=\"https:\/\/www.pressenza.com\/it\/2020\/05\/lettera-aperta-dei-genitori-dellistituto-comprensivo-ricasoli-torino\/\">appello<\/a> lanciato lo scorso maggio da un gruppo di genitori dell\u2019Istituto Comprensivo Ricasoli di Torino, preoccupati per la prolungata chiusura delle scuole e le ricadute che si avranno sulle bambine e i bambini.<\/p>\n<p>L\u2019appello ha riscosso un certo successo, raccogliendo centinaia di adesioni, ottenendo una buona copertura mediatica locale e ricevendo la risposta ufficiale della sindaca Appendino e dell\u2019assessora Di Martino, risposta considerata non risolutiva dai firmatari.<\/p>\n<p>Poich\u00e9 le modalit\u00e0 di riapertura della scuola a settembre e, pi\u00f9 a breve scadenza, l\u2019apertura della scuola estiva destano ancora preoccupazioni, il collettivo ha indetto luned\u00ec scorso, 15 giugno alle 1730, l\u2019assemblea pubblica \u201cUna scuola grande come il mondo\u201d, sotto gli alberi dei Giardini Reali.<\/p>\n<p>Malgrado l\u2019arrivo del solito temporale pomeridiano, l\u2019assemblea \u00e8 stata vivace e partecipata; erano presenti rappresentanti di quasi tutte le componenti che vivono la scuola: genitori, insegnanti, sindacati di base ed educatori.<\/p>\n<p>Nei vari interventi sono emersi i problemi sul tavolo e la voglia di partecipare alla loro risoluzione.<\/p>\n<p>Le indicazioni del comitato scientifico e del MIUR per la riapertura di settembre non tengono conto dell\u2019importanza della relazione mentre \u00e8 universalmente riconosciuto che il rapporto umano \u00e8 fondamentale nel percorso educativo.<\/p>\n<p>I rappresentati del CUB scuola hanno fatto presente che le assunzioni previste per l\u2019anno scolastico 2020-2021 non coprono neanche le carenze di organico generate dalle uscite per la quota 100 dal che si pu\u00f2 dedurre che non si sta ancora attuando nessuna misura di incremento di organico per gestire classi meno numerose al rientro a settembre. Per questo \u00e8 prevista una manifestazione venerd\u00ec 19 giugno alle ore 10 sotto la sede dell\u2019Ufficio Scolastico Regionale in c.so Vittorio Emanuele II, 70<\/p>\n<p>Ci sono poi le criticit\u00e0 nate dalla didattica a distanza; in primo luogo l\u2019aumento della disuguaglianza sociale, gi\u00e0 presente in precedenza, ma amplificata dalle caratteristiche stesse della DAD. Poi la limitazione della libert\u00e0 didattica degli insegnanti.<\/p>\n<p>L\u2019assemblea si \u00e8 poi divisa in due gruppi per discutere su questioni pi\u00f9 specifiche: la scuola estiva e la ripartenza a settembre.<\/p>\n<p>Il gruppo di lavoro sulla scuola estiva ha sottolineato l\u2019importanza dei patti territoriali e delle risorse locali per rendere possibile l\u2019avvio della scuola estiva con l\u2019attenzione necessaria ai soggetti pi\u00f9 deboli.<\/p>\n<p>Nel gruppo di lavoro sulla ripartenza si sottolinea l\u2019importanza dell\u2019attenzione popolare al processo di riapertura, per il momento gestito a porte chiuse da un tavolo di lavoro tra l\u2019ufficio scolastico regionale ed il comune. Entro il 30 giugno i vari istituti scolastici comprensivi devono presentare i piani per la riapertura, non sempre concordati con i vari attori della scuola.<\/p>\n<p><a href=\"https:\/\/www.facebook.com\/Ripartiamo-dalle-persone-piccole-107099541007894\" target=\"_blank\" rel=\"noopener noreferrer\">https:\/\/www.facebook.com\/Ripartiamo-dalle-persone-piccole-107099541007894<\/a><\/p>\n<p><a href=\"mailto:ripartiamodallepersonepiccole@gmail.com\">ripartiamodallepersonepiccole@gmail.com<\/a><\/p>\n","protected":false},"excerpt":{"rendered":"<p>L\u2019iniziativa Ripartiamo dalle persone piccole comincia dall\u2019appello lanciato lo scorso maggio da un gruppo di genitori dell\u2019Istituto Comprensivo Ricasoli di Torino, preoccupati per la prolungata chiusura delle scuole e le ricadute che si avranno sulle bambine e i bambini. L\u2019appello&hellip;<\/p>\n","protected":false},"author":1305,"featured_media":1137964,"comment_status":"closed","ping_status":"closed","sticky":false,"template":"","format":"standard","meta":{"footnotes":""},"categories":[11388,1258,47,46975],"tags":[3011,3226],"class_list":["post-1137963","post","type-post","status-publish","format-standard","has-post-thumbnail","hentry","category-contenuti-originali","category-educazione","category-europa","category-giovani","tag-scuola","tag-torino"],"yoast_head":"<!-- This site is optimized with the Yoast SEO plugin v27.1.1 - https:\/\/yoast.com\/product\/yoast-seo-wordpress\/ -->\n<title>Una scuola grande come il mondo: assemblea popolare sulla ripartenza scolastica<\/title>\n<meta name=\"description\" content=\"L\u2019iniziativa Ripartiamo dalle persone piccole comincia dall\u2019appello lanciato lo scorso maggio da un gruppo di genitori dell\u2019Istituto Comprensivo Ricasoli\" \/>\n<meta name=\"robots\" content=\"index, follow, max-snippet:-1, max-image-preview:large, max-video-preview:-1\" \/>\n<link rel=\"canonical\" href=\"https:\/\/www.pressenza.com\/it\/2020\/06\/una-scuola-grande-come-il-mondo-assemblea-popolare-sulla-ripartenza-scolastica\/\" \/>\n<meta property=\"og:locale\" content=\"it_IT\" \/>\n<meta property=\"og:type\" content=\"article\" \/>\n<meta property=\"og:title\" content=\"Una scuola grande come il mondo: assemblea popolare sulla ripartenza scolastica\" \/>\n<meta property=\"og:description\" content=\"L\u2019iniziativa Ripartiamo dalle persone piccole comincia dall\u2019appello lanciato lo scorso maggio da un gruppo di genitori dell\u2019Istituto Comprensivo Ricasoli\" \/>\n<meta property=\"og:url\" content=\"https:\/\/www.pressenza.com\/it\/2020\/06\/una-scuola-grande-come-il-mondo-assemblea-popolare-sulla-ripartenza-scolastica\/\" \/>\n<meta property=\"og:site_name\" content=\"Pressenza\" \/>\n<meta property=\"article:publisher\" content=\"https:\/\/www.facebook.com\/PressenzaItalia\" \/>\n<meta property=\"article:author\" content=\"https:\/\/www.facebook.com\/giorgio.mancuso\" \/>\n<meta property=\"article:published_time\" content=\"2020-06-17T22:33:42+00:00\" \/>\n<meta property=\"og:image\" content=\"https:\/\/www.pressenza.com\/wp-content\/uploads\/2020\/06\/TorinoScuolaGrandeComeIlMondo.jpg\" \/>\n\t<meta property=\"og:image:width\" content=\"1920\" \/>\n\t<meta property=\"og:image:height\" content=\"1240\" \/>\n\t<meta property=\"og:image:type\" content=\"image\/jpeg\" \/>\n<meta name=\"author\" content=\"Giorgio Mancuso\" \/>\n<meta name=\"twitter:card\" content=\"summary_large_image\" \/>\n<meta name=\"twitter:creator\" content=\"@gmancuso68\" \/>\n<meta name=\"twitter:site\" content=\"@PressenzaIPA\" \/>\n<meta name=\"twitter:label1\" content=\"Scritto da\" \/>\n\t<meta name=\"twitter:data1\" content=\"Giorgio Mancuso\" \/>\n\t<meta name=\"twitter:label2\" content=\"Tempo di lettura stimato\" \/>\n\t<meta name=\"twitter:data2\" content=\"2 minuti\" \/>\n<script type=\"application\/ld+json\" class=\"yoast-schema-graph\">{\"@context\":\"https:\/\/schema.org\",\"@graph\":[{\"@type\":\"Article\",\"@id\":\"https:\/\/www.pressenza.com\/it\/2020\/06\/una-scuola-grande-come-il-mondo-assemblea-popolare-sulla-ripartenza-scolastica\/#article\",\"isPartOf\":{\"@id\":\"https:\/\/www.pressenza.com\/it\/2020\/06\/una-scuola-grande-come-il-mondo-assemblea-popolare-sulla-ripartenza-scolastica\/\"},\"author\":{\"name\":\"Giorgio Mancuso\",\"@id\":\"https:\/\/www.pressenza.com\/it\/#\/schema\/person\/8cfc203db0ed2da77683068e54ba46af\"},\"headline\":\"Una scuola grande come il mondo: assemblea popolare sulla ripartenza scolastica\",\"datePublished\":\"2020-06-17T22:33:42+00:00\",\"mainEntityOfPage\":{\"@id\":\"https:\/\/www.pressenza.com\/it\/2020\/06\/una-scuola-grande-come-il-mondo-assemblea-popolare-sulla-ripartenza-scolastica\/\"},\"wordCount\":454,\"publisher\":{\"@id\":\"https:\/\/www.pressenza.com\/it\/#organization\"},\"image\":{\"@id\":\"https:\/\/www.pressenza.com\/it\/2020\/06\/una-scuola-grande-come-il-mondo-assemblea-popolare-sulla-ripartenza-scolastica\/#primaryimage\"},\"thumbnailUrl\":\"https:\/\/www.pressenza.com\/wp-content\/uploads\/2020\/06\/TorinoScuolaGrandeComeIlMondo.jpg\",\"keywords\":[\"scuola\",\"Torino\"],\"articleSection\":[\"contenuti originali\",\"Educazione\",\"Europa\",\"Giovani\"],\"inLanguage\":\"it-IT\"},{\"@type\":\"WebPage\",\"@id\":\"https:\/\/www.pressenza.com\/it\/2020\/06\/una-scuola-grande-come-il-mondo-assemblea-popolare-sulla-ripartenza-scolastica\/\",\"url\":\"https:\/\/www.pressenza.com\/it\/2020\/06\/una-scuola-grande-come-il-mondo-assemblea-popolare-sulla-ripartenza-scolastica\/\",\"name\":\"Una scuola grande come il mondo: assemblea popolare sulla ripartenza scolastica\",\"isPartOf\":{\"@id\":\"https:\/\/www.pressenza.com\/it\/#website\"},\"primaryImageOfPage\":{\"@id\":\"https:\/\/www.pressenza.com\/it\/2020\/06\/una-scuola-grande-come-il-mondo-assemblea-popolare-sulla-ripartenza-scolastica\/#primaryimage\"},\"image\":{\"@id\":\"https:\/\/www.pressenza.com\/it\/2020\/06\/una-scuola-grande-come-il-mondo-assemblea-popolare-sulla-ripartenza-scolastica\/#primaryimage\"},\"thumbnailUrl\":\"https:\/\/www.pressenza.com\/wp-content\/uploads\/2020\/06\/TorinoScuolaGrandeComeIlMondo.jpg\",\"datePublished\":\"2020-06-17T22:33:42+00:00\",\"description\":\"L\u2019iniziativa Ripartiamo dalle persone piccole comincia dall\u2019appello lanciato lo scorso maggio da un gruppo di genitori dell\u2019Istituto Comprensivo Ricasoli\",\"breadcrumb\":{\"@id\":\"https:\/\/www.pressenza.com\/it\/2020\/06\/una-scuola-grande-come-il-mondo-assemblea-popolare-sulla-ripartenza-scolastica\/#breadcrumb\"},\"inLanguage\":\"it-IT\",\"potentialAction\":[{\"@type\":\"ReadAction\",\"target\":[\"https:\/\/www.pressenza.com\/it\/2020\/06\/una-scuola-grande-come-il-mondo-assemblea-popolare-sulla-ripartenza-scolastica\/\"]}]},{\"@type\":\"ImageObject\",\"inLanguage\":\"it-IT\",\"@id\":\"https:\/\/www.pressenza.com\/it\/2020\/06\/una-scuola-grande-come-il-mondo-assemblea-popolare-sulla-ripartenza-scolastica\/#primaryimage\",\"url\":\"https:\/\/www.pressenza.com\/wp-content\/uploads\/2020\/06\/TorinoScuolaGrandeComeIlMondo.jpg\",\"contentUrl\":\"https:\/\/www.pressenza.com\/wp-content\/uploads\/2020\/06\/TorinoScuolaGrandeComeIlMondo.jpg\",\"width\":1920,\"height\":1240},{\"@type\":\"BreadcrumbList\",\"@id\":\"https:\/\/www.pressenza.com\/it\/2020\/06\/una-scuola-grande-come-il-mondo-assemblea-popolare-sulla-ripartenza-scolastica\/#breadcrumb\",\"itemListElement\":[{\"@type\":\"ListItem\",\"position\":1,\"name\":\"Accueil\",\"item\":\"https:\/\/www.pressenza.com\/it\/\"},{\"@type\":\"ListItem\",\"position\":2,\"name\":\"Una scuola grande come il mondo: assemblea popolare sulla ripartenza scolastica\"}]},{\"@type\":\"WebSite\",\"@id\":\"https:\/\/www.pressenza.com\/it\/#website\",\"url\":\"https:\/\/www.pressenza.com\/it\/\",\"name\":\"Pressenza\",\"description\":\"Agenzia di Stampa Internazionale\",\"publisher\":{\"@id\":\"https:\/\/www.pressenza.com\/it\/#organization\"},\"potentialAction\":[{\"@type\":\"SearchAction\",\"target\":{\"@type\":\"EntryPoint\",\"urlTemplate\":\"https:\/\/www.pressenza.com\/it\/?s={search_term_string}\"},\"query-input\":{\"@type\":\"PropertyValueSpecification\",\"valueRequired\":true,\"valueName\":\"search_term_string\"}}],\"inLanguage\":\"it-IT\"},{\"@type\":\"Organization\",\"@id\":\"https:\/\/www.pressenza.com\/it\/#organization\",\"name\":\"Pressenza\",\"url\":\"https:\/\/www.pressenza.com\/it\/\",\"logo\":{\"@type\":\"ImageObject\",\"inLanguage\":\"it-IT\",\"@id\":\"https:\/\/www.pressenza.com\/it\/#\/schema\/logo\/image\/\",\"url\":\"https:\/\/www.pressenza.com\/wp-content\/uploads\/2022\/10\/pressenza_logo_200x200.jpg\",\"contentUrl\":\"https:\/\/www.pressenza.com\/wp-content\/uploads\/2022\/10\/pressenza_logo_200x200.jpg\",\"width\":200,\"height\":200,\"caption\":\"Pressenza\"},\"image\":{\"@id\":\"https:\/\/www.pressenza.com\/it\/#\/schema\/logo\/image\/\"},\"sameAs\":[\"https:\/\/www.facebook.com\/PressenzaItalia\",\"https:\/\/x.com\/PressenzaIPA\"]},{\"@type\":\"Person\",\"@id\":\"https:\/\/www.pressenza.com\/it\/#\/schema\/person\/8cfc203db0ed2da77683068e54ba46af\",\"name\":\"Giorgio Mancuso\",\"description\":\"Giorgio is a lifelong humanist with a deep faith in the possibility and the need to build a new world, based on solidarity, where the human being is the central value and concern. His interests include: economics, especially those movements that propose alternative economic systems, and open source programming. Since 2010 he has been a member of The Community for Human Development, a cultural organisation of the Humanist Movement.\",\"sameAs\":[\"https:\/\/vocidalvillaggio.blogspot.com\/\",\"https:\/\/www.facebook.com\/giorgio.mancuso\",\"https:\/\/x.com\/gmancuso68\"],\"url\":\"https:\/\/www.pressenza.com\/it\/author\/giorgio-mancuso\/\"}]}<\/script>\n<!-- \/ Yoast SEO plugin. -->","yoast_head_json":{"title":"Una scuola grande come il mondo: assemblea popolare sulla ripartenza scolastica","description":"L\u2019iniziativa Ripartiamo dalle persone piccole comincia dall\u2019appello lanciato lo scorso maggio da un gruppo di genitori dell\u2019Istituto Comprensivo Ricasoli","robots":{"index":"index","follow":"follow","max-snippet":"max-snippet:-1","max-image-preview":"max-image-preview:large","max-video-preview":"max-video-preview:-1"},"canonical":"https:\/\/www.pressenza.com\/it\/2020\/06\/una-scuola-grande-come-il-mondo-assemblea-popolare-sulla-ripartenza-scolastica\/","og_locale":"it_IT","og_type":"article","og_title":"Una scuola grande come il mondo: assemblea popolare sulla ripartenza scolastica","og_description":"L\u2019iniziativa Ripartiamo dalle persone piccole comincia dall\u2019appello lanciato lo scorso maggio da un gruppo di genitori dell\u2019Istituto Comprensivo Ricasoli","og_url":"https:\/\/www.pressenza.com\/it\/2020\/06\/una-scuola-grande-come-il-mondo-assemblea-popolare-sulla-ripartenza-scolastica\/","og_site_name":"Pressenza","article_publisher":"https:\/\/www.facebook.com\/PressenzaItalia","article_author":"https:\/\/www.facebook.com\/giorgio.mancuso","article_published_time":"2020-06-17T22:33:42+00:00","og_image":[{"width":1920,"height":1240,"url":"https:\/\/www.pressenza.com\/wp-content\/uploads\/2020\/06\/TorinoScuolaGrandeComeIlMondo.jpg","type":"image\/jpeg"}],"author":"Giorgio Mancuso","twitter_card":"summary_large_image","twitter_creator":"@gmancuso68","twitter_site":"@PressenzaIPA","twitter_misc":{"Scritto da":"Giorgio Mancuso","Tempo di lettura stimato":"2 minuti"},"schema":{"@context":"https:\/\/schema.org","@graph":[{"@type":"Article","@id":"https:\/\/www.pressenza.com\/it\/2020\/06\/una-scuola-grande-come-il-mondo-assemblea-popolare-sulla-ripartenza-scolastica\/#article","isPartOf":{"@id":"https:\/\/www.pressenza.com\/it\/2020\/06\/una-scuola-grande-come-il-mondo-assemblea-popolare-sulla-ripartenza-scolastica\/"},"author":{"name":"Giorgio Mancuso","@id":"https:\/\/www.pressenza.com\/it\/#\/schema\/person\/8cfc203db0ed2da77683068e54ba46af"},"headline":"Una scuola grande come il mondo: assemblea popolare sulla ripartenza scolastica","datePublished":"2020-06-17T22:33:42+00:00","mainEntityOfPage":{"@id":"https:\/\/www.pressenza.com\/it\/2020\/06\/una-scuola-grande-come-il-mondo-assemblea-popolare-sulla-ripartenza-scolastica\/"},"wordCount":454,"publisher":{"@id":"https:\/\/www.pressenza.com\/it\/#organization"},"image":{"@id":"https:\/\/www.pressenza.com\/it\/2020\/06\/una-scuola-grande-come-il-mondo-assemblea-popolare-sulla-ripartenza-scolastica\/#primaryimage"},"thumbnailUrl":"https:\/\/www.pressenza.com\/wp-content\/uploads\/2020\/06\/TorinoScuolaGrandeComeIlMondo.jpg","keywords":["scuola","Torino"],"articleSection":["contenuti originali","Educazione","Europa","Giovani"],"inLanguage":"it-IT"},{"@type":"WebPage","@id":"https:\/\/www.pressenza.com\/it\/2020\/06\/una-scuola-grande-come-il-mondo-assemblea-popolare-sulla-ripartenza-scolastica\/","url":"https:\/\/www.pressenza.com\/it\/2020\/06\/una-scuola-grande-come-il-mondo-assemblea-popolare-sulla-ripartenza-scolastica\/","name":"Una scuola grande come il mondo: assemblea popolare sulla ripartenza scolastica","isPartOf":{"@id":"https:\/\/www.pressenza.com\/it\/#website"},"primaryImageOfPage":{"@id":"https:\/\/www.pressenza.com\/it\/2020\/06\/una-scuola-grande-come-il-mondo-assemblea-popolare-sulla-ripartenza-scolastica\/#primaryimage"},"image":{"@id":"https:\/\/www.pressenza.com\/it\/2020\/06\/una-scuola-grande-come-il-mondo-assemblea-popolare-sulla-ripartenza-scolastica\/#primaryimage"},"thumbnailUrl":"https:\/\/www.pressenza.com\/wp-content\/uploads\/2020\/06\/TorinoScuolaGrandeComeIlMondo.jpg","datePublished":"2020-06-17T22:33:42+00:00","description":"L\u2019iniziativa Ripartiamo dalle persone piccole comincia dall\u2019appello lanciato lo scorso maggio da un gruppo di genitori dell\u2019Istituto Comprensivo Ricasoli","breadcrumb":{"@id":"https:\/\/www.pressenza.com\/it\/2020\/06\/una-scuola-grande-come-il-mondo-assemblea-popolare-sulla-ripartenza-scolastica\/#breadcrumb"},"inLanguage":"it-IT","potentialAction":[{"@type":"ReadAction","target":["https:\/\/www.pressenza.com\/it\/2020\/06\/una-scuola-grande-come-il-mondo-assemblea-popolare-sulla-ripartenza-scolastica\/"]}]},{"@type":"ImageObject","inLanguage":"it-IT","@id":"https:\/\/www.pressenza.com\/it\/2020\/06\/una-scuola-grande-come-il-mondo-assemblea-popolare-sulla-ripartenza-scolastica\/#primaryimage","url":"https:\/\/www.pressenza.com\/wp-content\/uploads\/2020\/06\/TorinoScuolaGrandeComeIlMondo.jpg","contentUrl":"https:\/\/www.pressenza.com\/wp-content\/uploads\/2020\/06\/TorinoScuolaGrandeComeIlMondo.jpg","width":1920,"height":1240},{"@type":"BreadcrumbList","@id":"https:\/\/www.pressenza.com\/it\/2020\/06\/una-scuola-grande-come-il-mondo-assemblea-popolare-sulla-ripartenza-scolastica\/#breadcrumb","itemListElement":[{"@type":"ListItem","position":1,"name":"Accueil","item":"https:\/\/www.pressenza.com\/it\/"},{"@type":"ListItem","position":2,"name":"Una scuola grande come il mondo: assemblea popolare sulla ripartenza scolastica"}]},{"@type":"WebSite","@id":"https:\/\/www.pressenza.com\/it\/#website","url":"https:\/\/www.pressenza.com\/it\/","name":"Pressenza","description":"Agenzia di Stampa Internazionale","publisher":{"@id":"https:\/\/www.pressenza.com\/it\/#organization"},"potentialAction":[{"@type":"SearchAction","target":{"@type":"EntryPoint","urlTemplate":"https:\/\/www.pressenza.com\/it\/?s={search_term_string}"},"query-input":{"@type":"PropertyValueSpecification","valueRequired":true,"valueName":"search_term_string"}}],"inLanguage":"it-IT"},{"@type":"Organization","@id":"https:\/\/www.pressenza.com\/it\/#organization","name":"Pressenza","url":"https:\/\/www.pressenza.com\/it\/","logo":{"@type":"ImageObject","inLanguage":"it-IT","@id":"https:\/\/www.pressenza.com\/it\/#\/schema\/logo\/image\/","url":"https:\/\/www.pressenza.com\/wp-content\/uploads\/2022\/10\/pressenza_logo_200x200.jpg","contentUrl":"https:\/\/www.pressenza.com\/wp-content\/uploads\/2022\/10\/pressenza_logo_200x200.jpg","width":200,"height":200,"caption":"Pressenza"},"image":{"@id":"https:\/\/www.pressenza.com\/it\/#\/schema\/logo\/image\/"},"sameAs":["https:\/\/www.facebook.com\/PressenzaItalia","https:\/\/x.com\/PressenzaIPA"]},{"@type":"Person","@id":"https:\/\/www.pressenza.com\/it\/#\/schema\/person\/8cfc203db0ed2da77683068e54ba46af","name":"Giorgio Mancuso","description":"Giorgio is a lifelong humanist with a deep faith in the possibility and the need to build a new world, based on solidarity, where the human being is the central value and concern. His interests include: economics, especially those movements that propose alternative economic systems, and open source programming. Since 2010 he has been a member of The Community for Human Development, a cultural organisation of the Humanist Movement.","sameAs":["https:\/\/vocidalvillaggio.blogspot.com\/","https:\/\/www.facebook.com\/giorgio.mancuso","https:\/\/x.com\/gmancuso68"],"url":"https:\/\/www.pressenza.com\/it\/author\/giorgio-mancuso\/"}]}},"place":"Torino","original_article_url":"","_links":{"self":[{"href":"https:\/\/www.pressenza.com\/it\/wp-json\/wp\/v2\/posts\/1137963","targetHints":{"allow":["GET"]}}],"collection":[{"href":"https:\/\/www.pressenza.com\/it\/wp-json\/wp\/v2\/posts"}],"about":[{"href":"https:\/\/www.pressenza.com\/it\/wp-json\/wp\/v2\/types\/post"}],"author":[{"embeddable":true,"href":"https:\/\/www.pressenza.com\/it\/wp-json\/wp\/v2\/users\/1305"}],"replies":[{"embeddable":true,"href":"https:\/\/www.pressenza.com\/it\/wp-json\/wp\/v2\/comments?post=1137963"}],"version-history":[{"count":0,"href":"https:\/\/www.pressenza.com\/it\/wp-json\/wp\/v2\/posts\/1137963\/revisions"}],"wp:featuredmedia":[{"embeddable":true,"href":"https:\/\/www.pressenza.com\/it\/wp-json\/wp\/v2\/media\/1137964"}],"wp:attachment":[{"href":"https:\/\/www.pressenza.com\/it\/wp-json\/wp\/v2\/media?parent=1137963"}],"wp:term":[{"taxonomy":"category","embeddable":true,"href":"https:\/\/www.pressenza.com\/it\/wp-json\/wp\/v2\/categories?post=1137963"},{"taxonomy":"post_tag","embeddable":true,"href":"https:\/\/www.pressenza.com\/it\/wp-json\/wp\/v2\/tags?post=1137963"}],"curies":[{"name":"wp","href":"https:\/\/api.w.org\/{rel}","templated":true}]}}