{"id":1137892,"date":"2020-06-17T21:40:28","date_gmt":"2020-06-17T20:40:28","guid":{"rendered":"https:\/\/www.pressenza.com\/?p=1137892"},"modified":"2020-06-17T21:40:28","modified_gmt":"2020-06-17T20:40:28","slug":"sentimenti-in-discussione","status":"publish","type":"post","link":"https:\/\/www.pressenza.com\/it\/2020\/06\/sentimenti-in-discussione\/","title":{"rendered":"Sentimenti in discussione"},"content":{"rendered":"<p><em>&#8220;Adesso non possiamo tentare di censurare il nostro passato&#8221;<\/em>, il primo ministro britannico Boris Johnson ha avvertito le autorit\u00e0 dei 130 distretti che avevano deciso di controllare e rimuovere i monumenti a persone correlate alla schiavit\u00f9.<\/p>\n<p>A Bristol, i manifestanti hanno gettato in acqua il monumento a Edward Colston, commerciante di schiavi e deputato nel 17\u00b0 secolo. Il Regno Unito, tuttavia, non \u00e8 stato l&#8217;unico a veder rimosse le statue, perch\u00e9 anche negli Stati Uniti quasi nessun Cristoforo Colombo si \u00e8 salvato. Gli attacchi si sono verificati anche in Belgio, piccolo paese europeo che domin\u00f2 vastissimi territori in Africa, nei confronti di coloro che arricchirono quel paese e lo resero florido attraverso la tratta degli esseri umani.<\/p>\n<p>Ma attenzione, perch\u00e9 Nancy Pelosi, presidente della Camera dei rappresentanti degli Stati Uniti, con i suoi riflessi sempre pronti intende trasformare queste azioni in un atto di campagna elettorale a vantaggio del Partito Democratico. Proprio lei ha avanzato la richiesta di impeachment contro Donald Trump, non riuscendo comunque a ottenere i voti necessari per rimuovere il magnate degli hotel dalla presidenza. Pelosi ha proposto la rimozione dal Campidoglio delle statue di 11 confederati che difesero la schiavit\u00f9.<\/p>\n<p>La statua del fondatore dei Boy Scout, Robert Baden-Powell, \u00e8 stata difesa e protetta da possibili attacchi, da alcune decine di uomini bianchi con l&#8217;intenzione di evitare che fosse rimossa, poich\u00e9 \u00e8 un personaggio considerato razzista, omofobo e legato al partito nazista.<\/p>\n<p>Si stima che sotto il dominio di Leopoldo II, la corona belga abbia massacrato tra i 10 e i 15 milioni di persone in Congo, rendendo cos\u00ec difficile che qualcuno difenda i suoi monumenti. Gli oltre diecimila manifestanti riuniti a Bruxelles questa settimana hanno dipinto, sulla statua del monarca, una grande scritta che recitava &#8220;perdono&#8221;.<\/p>\n<p>L&#8217;assassinio per soffocamento di George Floyd ha provocato lo smantellamento della polizia da parte del governo di Minneapolis, e un&#8217;ondata di indagini riguardo i crimini d&#8217;odio si \u00e8 innescata in tutto il paese. La marea di vittime con discendenza africana crivellate, soffocate, folgorate o picchiate a morte dal personale in uniforme \u00e8 finita sulla prima pagina dei principali giornali e telegiornali del paese. O meglio, solo met\u00e0 di loro, mentre l&#8217;altra met\u00e0 cerca di creare una connessione tra tutte le manifestazioni di protesta sociale con il presunto finanziamento di queste organizzazioni da parte dell&#8217;ultra speculatore globale George Soros.<\/p>\n<p>L&#8217;edificazione di un mondo sta andando in frantumi, \u00e8 una testimonianza indiscutibile. La sfiducia nelle istituzioni \u00e8 totale in tutto il pianeta. Le democrazie hanno cessato di esserlo, le comunit\u00e0 hanno smesso di reprimere e l&#8217;individualismo si \u00e8 trasformato in un grido di libert\u00e0, non importa per cosa o contro chi. Strappati tutti i tessuti di contenimento, alcuni dei mostri degli ultimi decenni cercano ora di capitalizzare quest&#8217;incertezza.<\/p>\n<p>Perch\u00e9 non solo si demoliscono i precetti globali dell&#8217;infamia, ma si stanno seppellendo anche i valori dell&#8217;universalit\u00e0 delle Nazioni Unite, della solidariet\u00e0 internazionale, della reciproca cooperazione. Quando il mondo \u00e8 in agitazione, invece di estendersi verso accordi pi\u00f9 profondi e duraturi, si contrae a difesa di interessi sempre pi\u00f9 parziali, specifici, disconnessi.<\/p>\n<p>Nessuno di questi fenomeni si \u00e8 ancora verificato in maniera completa e non accadr\u00e0 certo in questo modo. Ma sono tendenze di lotta, che tornano a mettere in discussione i sentimenti. \u00c8 per questo che un governo dittatoriale come quello di Jeannine A\u00f1ez in Bolivia attenta contro tutti i valori della plurinazionalit\u00e0 e cerca di ricolonizzare il paese con precetti biblici, disconoscendo le culture degli antenati. \u00c8 per questo che Jair Bolsonaro si definisce &#8220;Il Messia&#8221; e consente la &#8220;caccia agli indigeni&#8221; e sostiene l&#8217;abbandono del pensiero scientifico. \u00c8 anche cos\u00ec che la rilettura storica consente ai sostenitori di Hitler o Franco di imporre i loro programmi politici in Germania o in Spagna.<\/p>\n<p>Dobbiamo stare all&#8217;erta perch\u00e9 la decapitazione del &#8220;normale&#8221; mondo pre-pandemia non garantisce una progressione umanista. Si mettono in discussione i simboli, la ragione, i sentimenti e si mette in discussione il futuro. Non esistono buoni e cattivi, \u00e8 la base della storia, ma non precipitiamo nel territorio in cui tutto diventa relativo, perch\u00e9 l&#8217;orientamento dei pensieri e delle azioni \u00e8 evolutivo o non evolutivo: in questo dilemma non c&#8217;\u00e8 margine di errore.<\/p>\n<p><em>Traduzione dallo spagnolo di Emanuele Di Donato<\/em><\/p>\n","protected":false},"excerpt":{"rendered":"<p>&#8220;Adesso non possiamo tentare di censurare il nostro passato&#8221;, il primo ministro britannico Boris Johnson ha avvertito le autorit\u00e0 dei 130 distretti che avevano deciso di controllare e rimuovere i monumenti a persone correlate alla schiavit\u00f9. A Bristol, i manifestanti&hellip;<\/p>\n","protected":false},"author":96,"featured_media":1135451,"comment_status":"closed","ping_status":"closed","sticky":false,"template":"","format":"standard","meta":{"footnotes":""},"categories":[11388,56,38,55],"tags":[76881,12262,77388,3149,744],"class_list":["post-1137892","post","type-post","status-publish","format-standard","has-post-thumbnail","hentry","category-contenuti-originali","category-cultura","category-internazionale","category-politica","tag-blacklivesmatter-it","tag-colonizzazione","tag-culture-and-media-it","tag-schiavitu","tag-violenza"],"yoast_head":"<!-- This site is optimized with the Yoast SEO plugin v27.1.1 - https:\/\/yoast.com\/product\/yoast-seo-wordpress\/ -->\n<title>Sentimenti in discussione<\/title>\n<meta name=\"description\" content=\"&quot;Adesso non possiamo tentare di censurare il nostro passato&quot;, il primo ministro britannico Boris Johnson ha avvertito le autorit\u00e0 dei 130 distretti che\" \/>\n<meta name=\"robots\" content=\"index, follow, max-snippet:-1, max-image-preview:large, max-video-preview:-1\" \/>\n<link rel=\"canonical\" href=\"https:\/\/www.pressenza.com\/it\/2020\/06\/sentimenti-in-discussione\/\" \/>\n<meta property=\"og:locale\" content=\"it_IT\" \/>\n<meta property=\"og:type\" content=\"article\" \/>\n<meta property=\"og:title\" content=\"Sentimenti in discussione\" \/>\n<meta property=\"og:description\" content=\"&quot;Adesso non possiamo tentare di censurare il nostro passato&quot;, il primo ministro britannico Boris Johnson ha avvertito le autorit\u00e0 dei 130 distretti che\" \/>\n<meta property=\"og:url\" content=\"https:\/\/www.pressenza.com\/it\/2020\/06\/sentimenti-in-discussione\/\" \/>\n<meta property=\"og:site_name\" content=\"Pressenza\" \/>\n<meta property=\"article:publisher\" content=\"https:\/\/www.facebook.com\/PressenzaItalia\" \/>\n<meta property=\"article:author\" content=\"https:\/\/www.facebook.com\/mariano.quiroga.779\" \/>\n<meta property=\"article:published_time\" content=\"2020-06-17T20:40:28+00:00\" \/>\n<meta property=\"og:image\" content=\"https:\/\/www.pressenza.com\/wp-content\/uploads\/2020\/06\/Pedro-Mata-fotomovimiento.jpg\" \/>\n\t<meta property=\"og:image:width\" content=\"1020\" \/>\n\t<meta property=\"og:image:height\" content=\"680\" \/>\n\t<meta property=\"og:image:type\" content=\"image\/jpeg\" \/>\n<meta name=\"author\" content=\"Mariano Quiroga\" \/>\n<meta name=\"twitter:card\" content=\"summary_large_image\" \/>\n<meta name=\"twitter:creator\" content=\"@MaruchoQuiroga\" \/>\n<meta name=\"twitter:site\" content=\"@PressenzaIPA\" \/>\n<meta name=\"twitter:label1\" content=\"Scritto da\" \/>\n\t<meta name=\"twitter:data1\" content=\"Mariano Quiroga\" \/>\n\t<meta name=\"twitter:label2\" content=\"Tempo di lettura stimato\" \/>\n\t<meta name=\"twitter:data2\" content=\"3 minuti\" \/>\n<script type=\"application\/ld+json\" class=\"yoast-schema-graph\">{\"@context\":\"https:\/\/schema.org\",\"@graph\":[{\"@type\":\"Article\",\"@id\":\"https:\/\/www.pressenza.com\/it\/2020\/06\/sentimenti-in-discussione\/#article\",\"isPartOf\":{\"@id\":\"https:\/\/www.pressenza.com\/it\/2020\/06\/sentimenti-in-discussione\/\"},\"author\":{\"name\":\"Mariano Quiroga\",\"@id\":\"https:\/\/www.pressenza.com\/it\/#\/schema\/person\/a0856fe41d8234b92503e6b28dc2585e\"},\"headline\":\"Sentimenti in discussione\",\"datePublished\":\"2020-06-17T20:40:28+00:00\",\"mainEntityOfPage\":{\"@id\":\"https:\/\/www.pressenza.com\/it\/2020\/06\/sentimenti-in-discussione\/\"},\"wordCount\":699,\"publisher\":{\"@id\":\"https:\/\/www.pressenza.com\/it\/#organization\"},\"image\":{\"@id\":\"https:\/\/www.pressenza.com\/it\/2020\/06\/sentimenti-in-discussione\/#primaryimage\"},\"thumbnailUrl\":\"https:\/\/www.pressenza.com\/wp-content\/uploads\/2020\/06\/Pedro-Mata-fotomovimiento.jpg\",\"keywords\":[\"BlackLivesMatter\",\"colonizzazione\",\"Culture and Media\",\"schiavit\u00f9\",\"violenza\"],\"articleSection\":[\"contenuti originali\",\"Cultura e Media\",\"Internazionale\",\"Politica\"],\"inLanguage\":\"it-IT\"},{\"@type\":\"WebPage\",\"@id\":\"https:\/\/www.pressenza.com\/it\/2020\/06\/sentimenti-in-discussione\/\",\"url\":\"https:\/\/www.pressenza.com\/it\/2020\/06\/sentimenti-in-discussione\/\",\"name\":\"Sentimenti in discussione\",\"isPartOf\":{\"@id\":\"https:\/\/www.pressenza.com\/it\/#website\"},\"primaryImageOfPage\":{\"@id\":\"https:\/\/www.pressenza.com\/it\/2020\/06\/sentimenti-in-discussione\/#primaryimage\"},\"image\":{\"@id\":\"https:\/\/www.pressenza.com\/it\/2020\/06\/sentimenti-in-discussione\/#primaryimage\"},\"thumbnailUrl\":\"https:\/\/www.pressenza.com\/wp-content\/uploads\/2020\/06\/Pedro-Mata-fotomovimiento.jpg\",\"datePublished\":\"2020-06-17T20:40:28+00:00\",\"description\":\"\\\"Adesso non possiamo tentare di censurare il nostro passato\\\", il primo ministro britannico Boris Johnson ha avvertito le autorit\u00e0 dei 130 distretti che\",\"breadcrumb\":{\"@id\":\"https:\/\/www.pressenza.com\/it\/2020\/06\/sentimenti-in-discussione\/#breadcrumb\"},\"inLanguage\":\"it-IT\",\"potentialAction\":[{\"@type\":\"ReadAction\",\"target\":[\"https:\/\/www.pressenza.com\/it\/2020\/06\/sentimenti-in-discussione\/\"]}]},{\"@type\":\"ImageObject\",\"inLanguage\":\"it-IT\",\"@id\":\"https:\/\/www.pressenza.com\/it\/2020\/06\/sentimenti-in-discussione\/#primaryimage\",\"url\":\"https:\/\/www.pressenza.com\/wp-content\/uploads\/2020\/06\/Pedro-Mata-fotomovimiento.jpg\",\"contentUrl\":\"https:\/\/www.pressenza.com\/wp-content\/uploads\/2020\/06\/Pedro-Mata-fotomovimiento.jpg\",\"width\":1020,\"height\":680,\"caption\":\"Mobilitazione contro il razzismo a Barcellona, 7 giugno 2020 (Immagine di Pedro Mata \/ Fotomovimiento)\"},{\"@type\":\"BreadcrumbList\",\"@id\":\"https:\/\/www.pressenza.com\/it\/2020\/06\/sentimenti-in-discussione\/#breadcrumb\",\"itemListElement\":[{\"@type\":\"ListItem\",\"position\":1,\"name\":\"Accueil\",\"item\":\"https:\/\/www.pressenza.com\/it\/\"},{\"@type\":\"ListItem\",\"position\":2,\"name\":\"Sentimenti in discussione\"}]},{\"@type\":\"WebSite\",\"@id\":\"https:\/\/www.pressenza.com\/it\/#website\",\"url\":\"https:\/\/www.pressenza.com\/it\/\",\"name\":\"Pressenza\",\"description\":\"Agenzia di Stampa Internazionale\",\"publisher\":{\"@id\":\"https:\/\/www.pressenza.com\/it\/#organization\"},\"potentialAction\":[{\"@type\":\"SearchAction\",\"target\":{\"@type\":\"EntryPoint\",\"urlTemplate\":\"https:\/\/www.pressenza.com\/it\/?s={search_term_string}\"},\"query-input\":{\"@type\":\"PropertyValueSpecification\",\"valueRequired\":true,\"valueName\":\"search_term_string\"}}],\"inLanguage\":\"it-IT\"},{\"@type\":\"Organization\",\"@id\":\"https:\/\/www.pressenza.com\/it\/#organization\",\"name\":\"Pressenza\",\"url\":\"https:\/\/www.pressenza.com\/it\/\",\"logo\":{\"@type\":\"ImageObject\",\"inLanguage\":\"it-IT\",\"@id\":\"https:\/\/www.pressenza.com\/it\/#\/schema\/logo\/image\/\",\"url\":\"https:\/\/www.pressenza.com\/wp-content\/uploads\/2022\/10\/pressenza_logo_200x200.jpg\",\"contentUrl\":\"https:\/\/www.pressenza.com\/wp-content\/uploads\/2022\/10\/pressenza_logo_200x200.jpg\",\"width\":200,\"height\":200,\"caption\":\"Pressenza\"},\"image\":{\"@id\":\"https:\/\/www.pressenza.com\/it\/#\/schema\/logo\/image\/\"},\"sameAs\":[\"https:\/\/www.facebook.com\/PressenzaItalia\",\"https:\/\/x.com\/PressenzaIPA\"]},{\"@type\":\"Person\",\"@id\":\"https:\/\/www.pressenza.com\/it\/#\/schema\/person\/a0856fe41d8234b92503e6b28dc2585e\",\"name\":\"Mariano Quiroga\",\"description\":\"Born in Buenos Aires, Argentina, in 1976, Mariano is a journalist, poet and international editor for Pressenza. His career includes publications in different countries and languages. Currently he is presenter on radio programmes in Ecuador and Argentina. A humanist communicator specialising in international politics, his vocation has led him to seek to build bridges that allow relationships to be made between data, events, people and contexts in order to create an inclusive look that synthesises the noblest searches for social justice and humanisation of the planet.\",\"sameAs\":[\"https:\/\/www.facebook.com\/mariano.quiroga.779\",\"https:\/\/x.com\/MaruchoQuiroga\"],\"url\":\"https:\/\/www.pressenza.com\/it\/author\/mariano-quiroga\/\"}]}<\/script>\n<!-- \/ Yoast SEO plugin. -->","yoast_head_json":{"title":"Sentimenti in discussione","description":"\"Adesso non possiamo tentare di censurare il nostro passato\", il primo ministro britannico Boris Johnson ha avvertito le autorit\u00e0 dei 130 distretti che","robots":{"index":"index","follow":"follow","max-snippet":"max-snippet:-1","max-image-preview":"max-image-preview:large","max-video-preview":"max-video-preview:-1"},"canonical":"https:\/\/www.pressenza.com\/it\/2020\/06\/sentimenti-in-discussione\/","og_locale":"it_IT","og_type":"article","og_title":"Sentimenti in discussione","og_description":"\"Adesso non possiamo tentare di censurare il nostro passato\", il primo ministro britannico Boris Johnson ha avvertito le autorit\u00e0 dei 130 distretti che","og_url":"https:\/\/www.pressenza.com\/it\/2020\/06\/sentimenti-in-discussione\/","og_site_name":"Pressenza","article_publisher":"https:\/\/www.facebook.com\/PressenzaItalia","article_author":"https:\/\/www.facebook.com\/mariano.quiroga.779","article_published_time":"2020-06-17T20:40:28+00:00","og_image":[{"width":1020,"height":680,"url":"https:\/\/www.pressenza.com\/wp-content\/uploads\/2020\/06\/Pedro-Mata-fotomovimiento.jpg","type":"image\/jpeg"}],"author":"Mariano Quiroga","twitter_card":"summary_large_image","twitter_creator":"@MaruchoQuiroga","twitter_site":"@PressenzaIPA","twitter_misc":{"Scritto da":"Mariano Quiroga","Tempo di lettura stimato":"3 minuti"},"schema":{"@context":"https:\/\/schema.org","@graph":[{"@type":"Article","@id":"https:\/\/www.pressenza.com\/it\/2020\/06\/sentimenti-in-discussione\/#article","isPartOf":{"@id":"https:\/\/www.pressenza.com\/it\/2020\/06\/sentimenti-in-discussione\/"},"author":{"name":"Mariano Quiroga","@id":"https:\/\/www.pressenza.com\/it\/#\/schema\/person\/a0856fe41d8234b92503e6b28dc2585e"},"headline":"Sentimenti in discussione","datePublished":"2020-06-17T20:40:28+00:00","mainEntityOfPage":{"@id":"https:\/\/www.pressenza.com\/it\/2020\/06\/sentimenti-in-discussione\/"},"wordCount":699,"publisher":{"@id":"https:\/\/www.pressenza.com\/it\/#organization"},"image":{"@id":"https:\/\/www.pressenza.com\/it\/2020\/06\/sentimenti-in-discussione\/#primaryimage"},"thumbnailUrl":"https:\/\/www.pressenza.com\/wp-content\/uploads\/2020\/06\/Pedro-Mata-fotomovimiento.jpg","keywords":["BlackLivesMatter","colonizzazione","Culture and Media","schiavit\u00f9","violenza"],"articleSection":["contenuti originali","Cultura e Media","Internazionale","Politica"],"inLanguage":"it-IT"},{"@type":"WebPage","@id":"https:\/\/www.pressenza.com\/it\/2020\/06\/sentimenti-in-discussione\/","url":"https:\/\/www.pressenza.com\/it\/2020\/06\/sentimenti-in-discussione\/","name":"Sentimenti in discussione","isPartOf":{"@id":"https:\/\/www.pressenza.com\/it\/#website"},"primaryImageOfPage":{"@id":"https:\/\/www.pressenza.com\/it\/2020\/06\/sentimenti-in-discussione\/#primaryimage"},"image":{"@id":"https:\/\/www.pressenza.com\/it\/2020\/06\/sentimenti-in-discussione\/#primaryimage"},"thumbnailUrl":"https:\/\/www.pressenza.com\/wp-content\/uploads\/2020\/06\/Pedro-Mata-fotomovimiento.jpg","datePublished":"2020-06-17T20:40:28+00:00","description":"\"Adesso non possiamo tentare di censurare il nostro passato\", il primo ministro britannico Boris Johnson ha avvertito le autorit\u00e0 dei 130 distretti che","breadcrumb":{"@id":"https:\/\/www.pressenza.com\/it\/2020\/06\/sentimenti-in-discussione\/#breadcrumb"},"inLanguage":"it-IT","potentialAction":[{"@type":"ReadAction","target":["https:\/\/www.pressenza.com\/it\/2020\/06\/sentimenti-in-discussione\/"]}]},{"@type":"ImageObject","inLanguage":"it-IT","@id":"https:\/\/www.pressenza.com\/it\/2020\/06\/sentimenti-in-discussione\/#primaryimage","url":"https:\/\/www.pressenza.com\/wp-content\/uploads\/2020\/06\/Pedro-Mata-fotomovimiento.jpg","contentUrl":"https:\/\/www.pressenza.com\/wp-content\/uploads\/2020\/06\/Pedro-Mata-fotomovimiento.jpg","width":1020,"height":680,"caption":"Mobilitazione contro il razzismo a Barcellona, 7 giugno 2020 (Immagine di Pedro Mata \/ Fotomovimiento)"},{"@type":"BreadcrumbList","@id":"https:\/\/www.pressenza.com\/it\/2020\/06\/sentimenti-in-discussione\/#breadcrumb","itemListElement":[{"@type":"ListItem","position":1,"name":"Accueil","item":"https:\/\/www.pressenza.com\/it\/"},{"@type":"ListItem","position":2,"name":"Sentimenti in discussione"}]},{"@type":"WebSite","@id":"https:\/\/www.pressenza.com\/it\/#website","url":"https:\/\/www.pressenza.com\/it\/","name":"Pressenza","description":"Agenzia di Stampa Internazionale","publisher":{"@id":"https:\/\/www.pressenza.com\/it\/#organization"},"potentialAction":[{"@type":"SearchAction","target":{"@type":"EntryPoint","urlTemplate":"https:\/\/www.pressenza.com\/it\/?s={search_term_string}"},"query-input":{"@type":"PropertyValueSpecification","valueRequired":true,"valueName":"search_term_string"}}],"inLanguage":"it-IT"},{"@type":"Organization","@id":"https:\/\/www.pressenza.com\/it\/#organization","name":"Pressenza","url":"https:\/\/www.pressenza.com\/it\/","logo":{"@type":"ImageObject","inLanguage":"it-IT","@id":"https:\/\/www.pressenza.com\/it\/#\/schema\/logo\/image\/","url":"https:\/\/www.pressenza.com\/wp-content\/uploads\/2022\/10\/pressenza_logo_200x200.jpg","contentUrl":"https:\/\/www.pressenza.com\/wp-content\/uploads\/2022\/10\/pressenza_logo_200x200.jpg","width":200,"height":200,"caption":"Pressenza"},"image":{"@id":"https:\/\/www.pressenza.com\/it\/#\/schema\/logo\/image\/"},"sameAs":["https:\/\/www.facebook.com\/PressenzaItalia","https:\/\/x.com\/PressenzaIPA"]},{"@type":"Person","@id":"https:\/\/www.pressenza.com\/it\/#\/schema\/person\/a0856fe41d8234b92503e6b28dc2585e","name":"Mariano Quiroga","description":"Born in Buenos Aires, Argentina, in 1976, Mariano is a journalist, poet and international editor for Pressenza. His career includes publications in different countries and languages. Currently he is presenter on radio programmes in Ecuador and Argentina. A humanist communicator specialising in international politics, his vocation has led him to seek to build bridges that allow relationships to be made between data, events, people and contexts in order to create an inclusive look that synthesises the noblest searches for social justice and humanisation of the planet.","sameAs":["https:\/\/www.facebook.com\/mariano.quiroga.779","https:\/\/x.com\/MaruchoQuiroga"],"url":"https:\/\/www.pressenza.com\/it\/author\/mariano-quiroga\/"}]}},"place":"Citt\u00e0 di Buenos Aires, Argentina","original_article_url":"","_links":{"self":[{"href":"https:\/\/www.pressenza.com\/it\/wp-json\/wp\/v2\/posts\/1137892","targetHints":{"allow":["GET"]}}],"collection":[{"href":"https:\/\/www.pressenza.com\/it\/wp-json\/wp\/v2\/posts"}],"about":[{"href":"https:\/\/www.pressenza.com\/it\/wp-json\/wp\/v2\/types\/post"}],"author":[{"embeddable":true,"href":"https:\/\/www.pressenza.com\/it\/wp-json\/wp\/v2\/users\/96"}],"replies":[{"embeddable":true,"href":"https:\/\/www.pressenza.com\/it\/wp-json\/wp\/v2\/comments?post=1137892"}],"version-history":[{"count":0,"href":"https:\/\/www.pressenza.com\/it\/wp-json\/wp\/v2\/posts\/1137892\/revisions"}],"wp:featuredmedia":[{"embeddable":true,"href":"https:\/\/www.pressenza.com\/it\/wp-json\/wp\/v2\/media\/1135451"}],"wp:attachment":[{"href":"https:\/\/www.pressenza.com\/it\/wp-json\/wp\/v2\/media?parent=1137892"}],"wp:term":[{"taxonomy":"category","embeddable":true,"href":"https:\/\/www.pressenza.com\/it\/wp-json\/wp\/v2\/categories?post=1137892"},{"taxonomy":"post_tag","embeddable":true,"href":"https:\/\/www.pressenza.com\/it\/wp-json\/wp\/v2\/tags?post=1137892"}],"curies":[{"name":"wp","href":"https:\/\/api.w.org\/{rel}","templated":true}]}}