{"id":1137183,"date":"2020-06-16T22:21:27","date_gmt":"2020-06-16T21:21:27","guid":{"rendered":"https:\/\/www.pressenza.com\/?p=1137183"},"modified":"2020-06-16T22:21:27","modified_gmt":"2020-06-16T21:21:27","slug":"il-mondo-che-sogniamo","status":"publish","type":"post","link":"https:\/\/www.pressenza.com\/it\/2020\/06\/il-mondo-che-sogniamo\/","title":{"rendered":"Il mondo che sogniamo"},"content":{"rendered":"<p align=\"JUSTIFY\">In questi momenti di incertezza, di forte accelerazione, di destabilizzazione senza precedenti, chiusi nelle nostre case, cercando di proteggerci da un nemico invisibile, abbiamo avuto uno scambio virtuale con alcuni amici a proposito di questa crisi, del futuro al quale aspiriamo e dell\u2019importanza delle immagini per costruire il mondo che vogliamo.<\/p>\n<p>Comincia la chiacchierata:<\/p>\n<p align=\"JUSTIFY\">X._ Affronta il tema della difficolt\u00e0 di molte persone nell\u2019accettare che la situazione di crisi attuale sia stata generata in modo intenzionale. <em>\u201cC\u2019\u00e8 molta gente che non crede al fatto che la crisi sanitaria e il confinamento siano stati prodotti dallo stesso sistema. Pu\u00f2 essere per una mancanza di mobilit\u00e0 di immagini o per ignoranza, per\u00f2 gran parte della popolazione continua a credere a quello che dicono i grandi mezzi di comunicazione, la televisione, la pubblicit\u00e0 etc, senza farsi domande sul grande inganno del quale siamo vittime\u201d<\/em>.<\/p>\n<p align=\"JUSTIFY\">S._ Non crede che esista un unico potere che abbia generato questa congiuntura di crisi mondiale, ma crede che questa situazione sia <strong>frutto di un sistema violento e anti umanista<\/strong>, un sistema che avanza verso il disastro.<\/p>\n<p align=\"JUSTIFY\">F._ Pensa che questo blocco dovuto al confinamento stia beneficiando le grandi corporazioni e il parastato. Mentre gli stati continuano a perdere potere e<strong> le banche indebiteranno stati e popoli.<\/strong> Questa situazione ci sta portando a un ulteriore indebolimento dei diritti di base del popolo come quello alla sanit\u00e0, all&#8217;istruzione o ad avere una casa. Si tratta di una situazione nella quale, paradossalmente, invece di essere controllati dal personale sanitario, siamo controllati dall\u2019esercito che favorisce l\u2019ascesa dell\u2019estrema destra.<\/p>\n<p align=\"JUSTIFY\">Aggiunge che inoltre, <strong>hanno confinato la protesta<\/strong>, immaginiamo che dopo la crisi sanitaria, ci sar\u00e0 una crisi economica che colpir\u00e0 in modo particolare i pi\u00f9 svantaggiati e in seguito, <strong>produrr\u00e0 esplosioni sociali<\/strong>. Abbiamo vissuto mesi durante i quali nessuno poteva dire o fare niente perch\u00e9 eravamo confinati, ma la situazione adesso sta esplodendo. Stanno avendo luogo molti avvenimenti critici dal punto di vista economico e sociale. Dobbiamo usare le reti sociali perch\u00e9 il mondo come lo conoscevamo prima, non torner\u00e0.<\/p>\n<p align=\"JUSTIFY\">E._Afferma che questa pandemia \u00e8 congiunturale, che in realt\u00e0 il sistema era in bilico da tempo, ora entra in crisi la globalizzazione e tutto questo rappresenta un\u2019occasione per produrre pi\u00f9 denaro e mantenere un po&#8217; di pi\u00f9 il sistema.<\/p>\n<p align=\"JUSTIFY\">M._ <em>\u201cIl fatto che questa crisi sia stata intenzionale o no da parte di qualche potere, \u00e8 difficile da definire e inoltre, \u00e8 qualcosa su cui non possiamo intervenire, mentre <strong>possiamo chiederci cosa ciascuno di noi pu\u00f2 fare <\/strong>in questa situazione\u201d<\/em>.<\/p>\n<p align=\"JUSTIFY\">R._ Commenta: <em>\u201c<strong>\u00e8 importante osservare se le immagini sulle quali mi concentro, mi aprono o mi chiudono rispetto all\u2019avvenire<\/strong>. Cambia molto se le immagini che occupano i miei pensieri mi trasmettono timore, sfiducia, il nonsenso o se mi riportano a un registro di speranza, di risolutezza ed elevazione\u201d<\/em>.<\/p>\n<p align=\"JUSTIFY\">M._Propone di immaginare come sarebbe il mondo che vorremmo costruire. Perch\u00e9 il fatto che una gran quantit\u00e0 di gente inizi a immaginare un futuro pi\u00f9 umano non \u00e8 qualcosa da sottovalutare. L\u2019immagine del mondo che vogliamo mobilizza azioni, nostre e altrui, nel mondo. Inoltre, \u00e8 pi\u00f9 interessante pensare alle opzioni future, rispetto a ci\u00f2 che ormai \u00e8 passato.<\/p>\n<p align=\"JUSTIFY\">X._ <em>\u201cL\u2019idea del mondo che io desidero, inizia con l\u2019uscire dal gregarismo stupido, dalla mancanza di interrelazione. Dovremmo motivare tutti a condividere le nostre visioni pi\u00f9 care per il futuro. <\/em><\/p>\n<p align=\"JUSTIFY\"><em>Nel mio caso, io vedo la fine del paradigma della conquista, un momento nel quale emerge l\u2019altro come valore centrale. Vedo la fine del paradigma antropologico <strong>della competizione che, finalmente, sar\u00e0 rimpiazzata da quello della cooperazione<\/strong>. Visualizzo la fine dell\u2019ingannevole giustificazione darwinista, che sar\u00e0 sostituita in milioni di cuori dalla compassione\u201d<\/em>.<\/p>\n<p align=\"JUSTIFY\">M._Immagina un futuro in cui tutto il mondo faccia appello al meglio che ha in s\u00e9. <strong>Immagina un futuro davvero umano e non animale<\/strong>.<\/p>\n<p align=\"JUSTIFY\">F._<em>\u201dMi piacerebbe poter vedere i germogli di un mondo in cui regni uno stile di vita etico e una condotta basata sulla solidariet\u00e0. <strong>Un mondo guidato da un\u2019intelligenza collettiva senza icone, in cui le decisioni siano adottate in maniera consensuale dalla cittadinanza<\/strong>\u201d<\/em>.<\/p>\n<p align=\"JUSTIFY\">P._ \u201cImmagino un mondo in cui il valore centrale sia il benessere delle persone e non il vantaggio economico, in cui non si speculi sui diritti fondamentali come la salute, l\u2019educazione, l\u2019alimentazione, l\u2019acqua o la casa. Un mondo in cui venga dato valore alla conoscenza e al contatto con il sacro\u201d.<\/p>\n<p>H._ Immagina un mondo <strong>tollerante e compassionevole.<\/strong><\/p>\n<p>A._ Sintetizza la sua visione del mondo al quale aspira con l\u2019espressione \u201c<strong>umanizzare la terra<\/strong>\u201d.<\/p>\n<p>Questo \u00e8 stato il nostro punto di partenza per iniziare a costruire insieme il mondo che desideriamo.<\/p>\n<p>&nbsp;<\/p>\n<p align=\"JUSTIFY\"><em>Tradotto dallo spagnolo da Maria Vittoria Morano <\/em><\/p>\n","protected":false},"excerpt":{"rendered":"<p>In questi momenti di incertezza, di forte accelerazione, di destabilizzazione senza precedenti, chiusi nelle nostre case, cercando di proteggerci da un nemico invisibile, abbiamo avuto uno scambio virtuale con alcuni amici a proposito di questa crisi, del futuro al quale&hellip;<\/p>\n","protected":false},"author":1691,"featured_media":1135423,"comment_status":"closed","ping_status":"closed","sticky":false,"template":"","format":"standard","meta":{"footnotes":""},"categories":[11388,162],"tags":[3687,4105],"class_list":["post-1137183","post","type-post","status-publish","format-standard","has-post-thumbnail","hentry","category-contenuti-originali","category-opinioni","tag-barcellona","tag-futuro-it"],"yoast_head":"<!-- This site is optimized with the Yoast SEO plugin v27.1.1 - https:\/\/yoast.com\/product\/yoast-seo-wordpress\/ -->\n<title>Il mondo che sogniamo<\/title>\n<meta name=\"description\" content=\"In questi momenti di incertezza, di forte accelerazione, di destabilizzazione senza precedenti, chiusi nelle nostre case, cercando di proteggerci da un\" \/>\n<meta name=\"robots\" content=\"index, follow, max-snippet:-1, max-image-preview:large, max-video-preview:-1\" \/>\n<link rel=\"canonical\" href=\"https:\/\/www.pressenza.com\/it\/2020\/06\/il-mondo-che-sogniamo\/\" \/>\n<meta property=\"og:locale\" content=\"it_IT\" \/>\n<meta property=\"og:type\" content=\"article\" \/>\n<meta property=\"og:title\" content=\"Il mondo che sogniamo\" \/>\n<meta property=\"og:description\" content=\"In questi momenti di incertezza, di forte accelerazione, di destabilizzazione senza precedenti, chiusi nelle nostre case, cercando di proteggerci da un\" \/>\n<meta property=\"og:url\" content=\"https:\/\/www.pressenza.com\/it\/2020\/06\/il-mondo-che-sogniamo\/\" \/>\n<meta property=\"og:site_name\" content=\"Pressenza\" \/>\n<meta property=\"article:publisher\" content=\"https:\/\/www.facebook.com\/PressenzaItalia\" \/>\n<meta property=\"article:published_time\" content=\"2020-06-16T21:21:27+00:00\" \/>\n<meta property=\"og:image\" content=\"https:\/\/www.pressenza.com\/wp-content\/uploads\/2020\/06\/pixabay.jpg\" \/>\n\t<meta property=\"og:image:width\" content=\"1920\" \/>\n\t<meta property=\"og:image:height\" content=\"1264\" \/>\n\t<meta property=\"og:image:type\" content=\"image\/jpeg\" \/>\n<meta name=\"author\" content=\"\u00c0gora Humanista\" \/>\n<meta name=\"twitter:card\" content=\"summary_large_image\" \/>\n<meta name=\"twitter:creator\" content=\"@PressenzaIPA\" \/>\n<meta name=\"twitter:site\" content=\"@PressenzaIPA\" \/>\n<meta name=\"twitter:label1\" content=\"Scritto da\" \/>\n\t<meta name=\"twitter:data1\" content=\"\u00c0gora Humanista\" \/>\n\t<meta name=\"twitter:label2\" content=\"Tempo di lettura stimato\" \/>\n\t<meta name=\"twitter:data2\" content=\"4 minuti\" \/>\n<script type=\"application\/ld+json\" class=\"yoast-schema-graph\">{\"@context\":\"https:\/\/schema.org\",\"@graph\":[{\"@type\":\"Article\",\"@id\":\"https:\/\/www.pressenza.com\/it\/2020\/06\/il-mondo-che-sogniamo\/#article\",\"isPartOf\":{\"@id\":\"https:\/\/www.pressenza.com\/it\/2020\/06\/il-mondo-che-sogniamo\/\"},\"author\":{\"name\":\"\u00c0gora Humanista\",\"@id\":\"https:\/\/www.pressenza.com\/it\/#\/schema\/person\/0148578445cadbbd1d1adc35f7ab4f96\"},\"headline\":\"Il mondo che sogniamo\",\"datePublished\":\"2020-06-16T21:21:27+00:00\",\"mainEntityOfPage\":{\"@id\":\"https:\/\/www.pressenza.com\/it\/2020\/06\/il-mondo-che-sogniamo\/\"},\"wordCount\":785,\"publisher\":{\"@id\":\"https:\/\/www.pressenza.com\/it\/#organization\"},\"image\":{\"@id\":\"https:\/\/www.pressenza.com\/it\/2020\/06\/il-mondo-che-sogniamo\/#primaryimage\"},\"thumbnailUrl\":\"https:\/\/www.pressenza.com\/wp-content\/uploads\/2020\/06\/pixabay.jpg\",\"keywords\":[\"Barcellona\",\"futuro\"],\"articleSection\":[\"contenuti originali\",\"Opinioni\"],\"inLanguage\":\"it-IT\"},{\"@type\":\"WebPage\",\"@id\":\"https:\/\/www.pressenza.com\/it\/2020\/06\/il-mondo-che-sogniamo\/\",\"url\":\"https:\/\/www.pressenza.com\/it\/2020\/06\/il-mondo-che-sogniamo\/\",\"name\":\"Il mondo che sogniamo\",\"isPartOf\":{\"@id\":\"https:\/\/www.pressenza.com\/it\/#website\"},\"primaryImageOfPage\":{\"@id\":\"https:\/\/www.pressenza.com\/it\/2020\/06\/il-mondo-che-sogniamo\/#primaryimage\"},\"image\":{\"@id\":\"https:\/\/www.pressenza.com\/it\/2020\/06\/il-mondo-che-sogniamo\/#primaryimage\"},\"thumbnailUrl\":\"https:\/\/www.pressenza.com\/wp-content\/uploads\/2020\/06\/pixabay.jpg\",\"datePublished\":\"2020-06-16T21:21:27+00:00\",\"description\":\"In questi momenti di incertezza, di forte accelerazione, di destabilizzazione senza precedenti, chiusi nelle nostre case, cercando di proteggerci da un\",\"breadcrumb\":{\"@id\":\"https:\/\/www.pressenza.com\/it\/2020\/06\/il-mondo-che-sogniamo\/#breadcrumb\"},\"inLanguage\":\"it-IT\",\"potentialAction\":[{\"@type\":\"ReadAction\",\"target\":[\"https:\/\/www.pressenza.com\/it\/2020\/06\/il-mondo-che-sogniamo\/\"]}]},{\"@type\":\"ImageObject\",\"inLanguage\":\"it-IT\",\"@id\":\"https:\/\/www.pressenza.com\/it\/2020\/06\/il-mondo-che-sogniamo\/#primaryimage\",\"url\":\"https:\/\/www.pressenza.com\/wp-content\/uploads\/2020\/06\/pixabay.jpg\",\"contentUrl\":\"https:\/\/www.pressenza.com\/wp-content\/uploads\/2020\/06\/pixabay.jpg\",\"width\":1920,\"height\":1264,\"caption\":\"Immagine di pixabay\"},{\"@type\":\"BreadcrumbList\",\"@id\":\"https:\/\/www.pressenza.com\/it\/2020\/06\/il-mondo-che-sogniamo\/#breadcrumb\",\"itemListElement\":[{\"@type\":\"ListItem\",\"position\":1,\"name\":\"Accueil\",\"item\":\"https:\/\/www.pressenza.com\/it\/\"},{\"@type\":\"ListItem\",\"position\":2,\"name\":\"Il mondo che sogniamo\"}]},{\"@type\":\"WebSite\",\"@id\":\"https:\/\/www.pressenza.com\/it\/#website\",\"url\":\"https:\/\/www.pressenza.com\/it\/\",\"name\":\"Pressenza\",\"description\":\"Agenzia di Stampa Internazionale\",\"publisher\":{\"@id\":\"https:\/\/www.pressenza.com\/it\/#organization\"},\"potentialAction\":[{\"@type\":\"SearchAction\",\"target\":{\"@type\":\"EntryPoint\",\"urlTemplate\":\"https:\/\/www.pressenza.com\/it\/?s={search_term_string}\"},\"query-input\":{\"@type\":\"PropertyValueSpecification\",\"valueRequired\":true,\"valueName\":\"search_term_string\"}}],\"inLanguage\":\"it-IT\"},{\"@type\":\"Organization\",\"@id\":\"https:\/\/www.pressenza.com\/it\/#organization\",\"name\":\"Pressenza\",\"url\":\"https:\/\/www.pressenza.com\/it\/\",\"logo\":{\"@type\":\"ImageObject\",\"inLanguage\":\"it-IT\",\"@id\":\"https:\/\/www.pressenza.com\/it\/#\/schema\/logo\/image\/\",\"url\":\"https:\/\/www.pressenza.com\/wp-content\/uploads\/2022\/10\/pressenza_logo_200x200.jpg\",\"contentUrl\":\"https:\/\/www.pressenza.com\/wp-content\/uploads\/2022\/10\/pressenza_logo_200x200.jpg\",\"width\":200,\"height\":200,\"caption\":\"Pressenza\"},\"image\":{\"@id\":\"https:\/\/www.pressenza.com\/it\/#\/schema\/logo\/image\/\"},\"sameAs\":[\"https:\/\/www.facebook.com\/PressenzaItalia\",\"https:\/\/x.com\/PressenzaIPA\"]},{\"@type\":\"Person\",\"@id\":\"https:\/\/www.pressenza.com\/it\/#\/schema\/person\/0148578445cadbbd1d1adc35f7ab4f96\",\"name\":\"\u00c0gora Humanista\",\"description\":\"\u00c0gora Humanista es un centro socio-cultural ubicado en Barcelona, que abri\u00f3 sus puertas en 2007. Sus promotores se han inspirado en las propuestas del Nuevo Humanismo Universalista. Partiendo de la convicci\u00f3n de que el conjunto mejora al individuo, se organizan encuentros abiertos peri\u00f3dicos para intercambiar sobre temas propuestos por los participantes, en torno a tem\u00e1ticas acordes con el cambio personal y social, la evoluci\u00f3n de la conciencia, los procesos hist\u00f3ricos y la espiritualidad; en estos debates, se intenta profundizar a partir de experiencias personales, adem\u00e1s de los aportes te\u00f3ricos de los participantes. http:\/\/agora9b.blogspot.com\/\",\"sameAs\":[\"http:\/\/agora9b.blogspot.com\/\"],\"url\":\"https:\/\/www.pressenza.com\/it\/author\/agora-humanista\/\"}]}<\/script>\n<!-- \/ Yoast SEO plugin. -->","yoast_head_json":{"title":"Il mondo che sogniamo","description":"In questi momenti di incertezza, di forte accelerazione, di destabilizzazione senza precedenti, chiusi nelle nostre case, cercando di proteggerci da un","robots":{"index":"index","follow":"follow","max-snippet":"max-snippet:-1","max-image-preview":"max-image-preview:large","max-video-preview":"max-video-preview:-1"},"canonical":"https:\/\/www.pressenza.com\/it\/2020\/06\/il-mondo-che-sogniamo\/","og_locale":"it_IT","og_type":"article","og_title":"Il mondo che sogniamo","og_description":"In questi momenti di incertezza, di forte accelerazione, di destabilizzazione senza precedenti, chiusi nelle nostre case, cercando di proteggerci da un","og_url":"https:\/\/www.pressenza.com\/it\/2020\/06\/il-mondo-che-sogniamo\/","og_site_name":"Pressenza","article_publisher":"https:\/\/www.facebook.com\/PressenzaItalia","article_published_time":"2020-06-16T21:21:27+00:00","og_image":[{"width":1920,"height":1264,"url":"https:\/\/www.pressenza.com\/wp-content\/uploads\/2020\/06\/pixabay.jpg","type":"image\/jpeg"}],"author":"\u00c0gora Humanista","twitter_card":"summary_large_image","twitter_creator":"@PressenzaIPA","twitter_site":"@PressenzaIPA","twitter_misc":{"Scritto da":"\u00c0gora Humanista","Tempo di lettura stimato":"4 minuti"},"schema":{"@context":"https:\/\/schema.org","@graph":[{"@type":"Article","@id":"https:\/\/www.pressenza.com\/it\/2020\/06\/il-mondo-che-sogniamo\/#article","isPartOf":{"@id":"https:\/\/www.pressenza.com\/it\/2020\/06\/il-mondo-che-sogniamo\/"},"author":{"name":"\u00c0gora Humanista","@id":"https:\/\/www.pressenza.com\/it\/#\/schema\/person\/0148578445cadbbd1d1adc35f7ab4f96"},"headline":"Il mondo che sogniamo","datePublished":"2020-06-16T21:21:27+00:00","mainEntityOfPage":{"@id":"https:\/\/www.pressenza.com\/it\/2020\/06\/il-mondo-che-sogniamo\/"},"wordCount":785,"publisher":{"@id":"https:\/\/www.pressenza.com\/it\/#organization"},"image":{"@id":"https:\/\/www.pressenza.com\/it\/2020\/06\/il-mondo-che-sogniamo\/#primaryimage"},"thumbnailUrl":"https:\/\/www.pressenza.com\/wp-content\/uploads\/2020\/06\/pixabay.jpg","keywords":["Barcellona","futuro"],"articleSection":["contenuti originali","Opinioni"],"inLanguage":"it-IT"},{"@type":"WebPage","@id":"https:\/\/www.pressenza.com\/it\/2020\/06\/il-mondo-che-sogniamo\/","url":"https:\/\/www.pressenza.com\/it\/2020\/06\/il-mondo-che-sogniamo\/","name":"Il mondo che sogniamo","isPartOf":{"@id":"https:\/\/www.pressenza.com\/it\/#website"},"primaryImageOfPage":{"@id":"https:\/\/www.pressenza.com\/it\/2020\/06\/il-mondo-che-sogniamo\/#primaryimage"},"image":{"@id":"https:\/\/www.pressenza.com\/it\/2020\/06\/il-mondo-che-sogniamo\/#primaryimage"},"thumbnailUrl":"https:\/\/www.pressenza.com\/wp-content\/uploads\/2020\/06\/pixabay.jpg","datePublished":"2020-06-16T21:21:27+00:00","description":"In questi momenti di incertezza, di forte accelerazione, di destabilizzazione senza precedenti, chiusi nelle nostre case, cercando di proteggerci da un","breadcrumb":{"@id":"https:\/\/www.pressenza.com\/it\/2020\/06\/il-mondo-che-sogniamo\/#breadcrumb"},"inLanguage":"it-IT","potentialAction":[{"@type":"ReadAction","target":["https:\/\/www.pressenza.com\/it\/2020\/06\/il-mondo-che-sogniamo\/"]}]},{"@type":"ImageObject","inLanguage":"it-IT","@id":"https:\/\/www.pressenza.com\/it\/2020\/06\/il-mondo-che-sogniamo\/#primaryimage","url":"https:\/\/www.pressenza.com\/wp-content\/uploads\/2020\/06\/pixabay.jpg","contentUrl":"https:\/\/www.pressenza.com\/wp-content\/uploads\/2020\/06\/pixabay.jpg","width":1920,"height":1264,"caption":"Immagine di pixabay"},{"@type":"BreadcrumbList","@id":"https:\/\/www.pressenza.com\/it\/2020\/06\/il-mondo-che-sogniamo\/#breadcrumb","itemListElement":[{"@type":"ListItem","position":1,"name":"Accueil","item":"https:\/\/www.pressenza.com\/it\/"},{"@type":"ListItem","position":2,"name":"Il mondo che sogniamo"}]},{"@type":"WebSite","@id":"https:\/\/www.pressenza.com\/it\/#website","url":"https:\/\/www.pressenza.com\/it\/","name":"Pressenza","description":"Agenzia di Stampa Internazionale","publisher":{"@id":"https:\/\/www.pressenza.com\/it\/#organization"},"potentialAction":[{"@type":"SearchAction","target":{"@type":"EntryPoint","urlTemplate":"https:\/\/www.pressenza.com\/it\/?s={search_term_string}"},"query-input":{"@type":"PropertyValueSpecification","valueRequired":true,"valueName":"search_term_string"}}],"inLanguage":"it-IT"},{"@type":"Organization","@id":"https:\/\/www.pressenza.com\/it\/#organization","name":"Pressenza","url":"https:\/\/www.pressenza.com\/it\/","logo":{"@type":"ImageObject","inLanguage":"it-IT","@id":"https:\/\/www.pressenza.com\/it\/#\/schema\/logo\/image\/","url":"https:\/\/www.pressenza.com\/wp-content\/uploads\/2022\/10\/pressenza_logo_200x200.jpg","contentUrl":"https:\/\/www.pressenza.com\/wp-content\/uploads\/2022\/10\/pressenza_logo_200x200.jpg","width":200,"height":200,"caption":"Pressenza"},"image":{"@id":"https:\/\/www.pressenza.com\/it\/#\/schema\/logo\/image\/"},"sameAs":["https:\/\/www.facebook.com\/PressenzaItalia","https:\/\/x.com\/PressenzaIPA"]},{"@type":"Person","@id":"https:\/\/www.pressenza.com\/it\/#\/schema\/person\/0148578445cadbbd1d1adc35f7ab4f96","name":"\u00c0gora Humanista","description":"\u00c0gora Humanista es un centro socio-cultural ubicado en Barcelona, que abri\u00f3 sus puertas en 2007. Sus promotores se han inspirado en las propuestas del Nuevo Humanismo Universalista. Partiendo de la convicci\u00f3n de que el conjunto mejora al individuo, se organizan encuentros abiertos peri\u00f3dicos para intercambiar sobre temas propuestos por los participantes, en torno a tem\u00e1ticas acordes con el cambio personal y social, la evoluci\u00f3n de la conciencia, los procesos hist\u00f3ricos y la espiritualidad; en estos debates, se intenta profundizar a partir de experiencias personales, adem\u00e1s de los aportes te\u00f3ricos de los participantes. http:\/\/agora9b.blogspot.com\/","sameAs":["http:\/\/agora9b.blogspot.com\/"],"url":"https:\/\/www.pressenza.com\/it\/author\/agora-humanista\/"}]}},"place":"","original_article_url":"","_links":{"self":[{"href":"https:\/\/www.pressenza.com\/it\/wp-json\/wp\/v2\/posts\/1137183","targetHints":{"allow":["GET"]}}],"collection":[{"href":"https:\/\/www.pressenza.com\/it\/wp-json\/wp\/v2\/posts"}],"about":[{"href":"https:\/\/www.pressenza.com\/it\/wp-json\/wp\/v2\/types\/post"}],"author":[{"embeddable":true,"href":"https:\/\/www.pressenza.com\/it\/wp-json\/wp\/v2\/users\/1691"}],"replies":[{"embeddable":true,"href":"https:\/\/www.pressenza.com\/it\/wp-json\/wp\/v2\/comments?post=1137183"}],"version-history":[{"count":0,"href":"https:\/\/www.pressenza.com\/it\/wp-json\/wp\/v2\/posts\/1137183\/revisions"}],"wp:featuredmedia":[{"embeddable":true,"href":"https:\/\/www.pressenza.com\/it\/wp-json\/wp\/v2\/media\/1135423"}],"wp:attachment":[{"href":"https:\/\/www.pressenza.com\/it\/wp-json\/wp\/v2\/media?parent=1137183"}],"wp:term":[{"taxonomy":"category","embeddable":true,"href":"https:\/\/www.pressenza.com\/it\/wp-json\/wp\/v2\/categories?post=1137183"},{"taxonomy":"post_tag","embeddable":true,"href":"https:\/\/www.pressenza.com\/it\/wp-json\/wp\/v2\/tags?post=1137183"}],"curies":[{"name":"wp","href":"https:\/\/api.w.org\/{rel}","templated":true}]}}