{"id":1128883,"date":"2020-06-07T12:29:12","date_gmt":"2020-06-07T11:29:12","guid":{"rendered":"https:\/\/www.pressenza.com\/?p=1128883"},"modified":"2020-06-07T12:29:12","modified_gmt":"2020-06-07T11:29:12","slug":"blacklivesmatter-a-napoli-la-citta-antirazzista-risponde-presente","status":"publish","type":"post","link":"https:\/\/www.pressenza.com\/it\/2020\/06\/blacklivesmatter-a-napoli-la-citta-antirazzista-risponde-presente\/","title":{"rendered":"#BlackLivesMatter a Napoli: la citt\u00e0 antirazzista risponde presente!"},"content":{"rendered":"<p>Ieri pomeriggio alle 15 davanti al Consolato Americano in Piazza della Repubblica, pi\u00f9 di 1000 persone hanno dato forma e vita al presidio \u201cGiustizia per George Floyd\u201d. L\u2019evento, nato ed organizzato spontaneamente su internet, e volutamente privo di simboli e bandiere, \u00e8 durato circa due ore.<\/p>\n<p>Al presidio hanno partecipato in larga maggioranza giovani, studenti ed universitari. Significativa la presenza delle rappresentanze delle comunit\u00e0 migranti, senegalese, burkinab\u00e9 e singalese. Al presidio hanno partecipato anche le realt\u00e0 partenopee che invocano giustizia per le vittime della violenza delle forze dell\u2019ordine in citt\u00e0: l\u2019Associazione Davide Bifolco, sedicenne del Rione Traiano, colpito da un carabiniere perch\u00e9 scambiato per un latitante, e il comitato \u201cGiustizia per Ugo Russo\u201d, anch&#8217;egli sedicenne ucciso a colpi di pistola da un carabiniere in borghese che il giovane stava provando a rapinare.<\/p>\n<p>I loro nomi sono stati inseriti nell&#8217;elenco di quelli urlati al cielo del lungomare durante il presidio: lo statuinitense George Floyd e il maliano Soumaila Sacko, ucciso a colpi di fucile mentre scavava tra le lamiere, in Calabria due anni fa. Il presidio &#8211; composto e ordinato, anche se non sempre rispettoso delle distanze nonostante gli sforzi del servizio d\u2019ordine e degli organizzatori \u2013 si \u00e8 articolato in una prima fase di cori e grida di sostegno alle lotte contro il razzismo in tutto il mondo, accompagnato da cartelli e scritte. Nella seconda parte coloro che hanno preso il microfono per spiegare le ragioni della manifestazione, hanno chiesto giustizia per George Floyd e condannato la violenza degli atti razzisti perpetrati dagli agenti della polizia nel mondo.<\/p>\n<p>Ma molte delle parole sono state rivolte anche per denunciare condizioni di sfruttamento e precariet\u00e0 generate da ideali e legislazioni razziste: continui ed importanti i riferimenti ai Decreti Sicurezza, all&#8217;incoerenza della regolarizzazione parziale dei migranti recentemente criticata anche dallo sciopero dei braccianti, e per altro in una situazione di emergenza come una pandemia globale.<\/p>\n<p>Ci sono state parole anche per le criticit\u00e0 affrontate dai \u201cneri italiani\u201d, seconde generazioni di migranti con problemi di cittadinanza, o cittadini a tutti gli effetti cui ai posti di blocco viene ancora chiesto inspiegabilmente il permesso di soggiorno. A tutto questo il presidio propone risoluzioni basate su di una legislazione ancora assente ispirata allo Ius Soli e alla piena regolarizzazione delle comunit\u00e0 migranti.<\/p>\n<p>Al termine del presidio, un divertente e coinvolgente intervento musicale di un gruppo di murgueri ha sciolto la rabbia e la tensione accumulate in un momento di distensione e divertente catarsi collettiva. Intorno alle 17.30 il presidio \u00e8 andato naturalmente a disperdersi, senza alcun problema n\u00e9 incidente.<\/p>\n<p>Svolto simbolicamente davanti al consolato americano per ovvi motivi, sottolineiamo che dalle finestre dello stesso \u00e8 stata esposta una simbolica bandiera arcobaleno, simbolo della pace e dei diritti. Un piccolo segnale, a nostro giudizio inequivocabile sulla presenza, nella comunit\u00e0 statunitense, di idee comunque non univoche e convergenti alle politiche violente dell\u2019amministrazione Trump.<\/p>\n","protected":false},"excerpt":{"rendered":"<p>Ieri pomeriggio alle 15 davanti al Consolato Americano in Piazza della Repubblica, pi\u00f9 di 1000 persone hanno dato forma e vita al presidio \u201cGiustizia per George Floyd\u201d. L\u2019evento, nato ed organizzato spontaneamente su internet, e volutamente privo di simboli e&hellip;<\/p>\n","protected":false},"author":1584,"featured_media":1129033,"comment_status":"closed","ping_status":"closed","sticky":false,"template":"","format":"standard","meta":{"footnotes":""},"categories":[11388,60,47,5677,49],"tags":[17111,76515,370,54562,3420,1634,25653],"class_list":["post-1128883","post","type-post","status-publish","format-standard","has-post-thumbnail","hentry","category-contenuti-originali","category-diritti-umani","category-europa","category-fotoreportages","category-nord-america","tag-brutalita-della-polizia","tag-george-floyd-it","tag-italia","tag-razzismo-es-it","tag-rifugiati","tag-solidarieta","tag-stati-uniti"],"yoast_head":"<!-- This site is optimized with the Yoast SEO plugin v27.1.1 - https:\/\/yoast.com\/product\/yoast-seo-wordpress\/ -->\n<title>#BlackLivesMatter a Napoli: la citt\u00e0 antirazzista risponde presente!<\/title>\n<meta name=\"description\" content=\"Ieri pomeriggio alle 15 davanti al Consolato Americano in Piazza della Repubblica, pi\u00f9 di 1000 persone hanno dato forma e vita al presidio \u201cGiustizia per\" \/>\n<meta name=\"robots\" content=\"index, follow, max-snippet:-1, max-image-preview:large, max-video-preview:-1\" \/>\n<link rel=\"canonical\" href=\"https:\/\/www.pressenza.com\/it\/2020\/06\/blacklivesmatter-a-napoli-la-citta-antirazzista-risponde-presente\/\" \/>\n<meta property=\"og:locale\" content=\"it_IT\" \/>\n<meta property=\"og:type\" content=\"article\" \/>\n<meta property=\"og:title\" content=\"#BlackLivesMatter a Napoli: la citt\u00e0 antirazzista risponde presente!\" \/>\n<meta property=\"og:description\" content=\"Ieri pomeriggio alle 15 davanti al Consolato Americano in Piazza della Repubblica, pi\u00f9 di 1000 persone hanno dato forma e vita al presidio \u201cGiustizia per\" \/>\n<meta property=\"og:url\" content=\"https:\/\/www.pressenza.com\/it\/2020\/06\/blacklivesmatter-a-napoli-la-citta-antirazzista-risponde-presente\/\" \/>\n<meta property=\"og:site_name\" content=\"Pressenza\" \/>\n<meta property=\"article:publisher\" content=\"https:\/\/www.facebook.com\/PressenzaItalia\" \/>\n<meta property=\"article:published_time\" content=\"2020-06-07T11:29:12+00:00\" \/>\n<meta property=\"og:image\" content=\"https:\/\/www.pressenza.com\/wp-content\/uploads\/2020\/06\/BLM-Napoli-30.jpg\" \/>\n\t<meta property=\"og:image:width\" content=\"1920\" \/>\n\t<meta property=\"og:image:height\" content=\"1440\" \/>\n\t<meta property=\"og:image:type\" content=\"image\/jpeg\" \/>\n<meta name=\"author\" content=\"Alberto Francesco Sanci\" \/>\n<meta name=\"twitter:card\" content=\"summary_large_image\" \/>\n<meta name=\"twitter:creator\" content=\"@PressenzaIPA\" \/>\n<meta name=\"twitter:site\" content=\"@PressenzaIPA\" \/>\n<meta name=\"twitter:label1\" content=\"Scritto da\" \/>\n\t<meta name=\"twitter:data1\" content=\"Alberto Francesco Sanci\" \/>\n\t<meta name=\"twitter:label2\" content=\"Tempo di lettura stimato\" \/>\n\t<meta name=\"twitter:data2\" content=\"2 minuti\" \/>\n<script type=\"application\/ld+json\" class=\"yoast-schema-graph\">{\"@context\":\"https:\/\/schema.org\",\"@graph\":[{\"@type\":\"Article\",\"@id\":\"https:\/\/www.pressenza.com\/it\/2020\/06\/blacklivesmatter-a-napoli-la-citta-antirazzista-risponde-presente\/#article\",\"isPartOf\":{\"@id\":\"https:\/\/www.pressenza.com\/it\/2020\/06\/blacklivesmatter-a-napoli-la-citta-antirazzista-risponde-presente\/\"},\"author\":{\"name\":\"Alberto Francesco Sanci\",\"@id\":\"https:\/\/www.pressenza.com\/it\/#\/schema\/person\/a046ace573e78a419db5579d1e7d3e85\"},\"headline\":\"#BlackLivesMatter a Napoli: la citt\u00e0 antirazzista risponde presente!\",\"datePublished\":\"2020-06-07T11:29:12+00:00\",\"mainEntityOfPage\":{\"@id\":\"https:\/\/www.pressenza.com\/it\/2020\/06\/blacklivesmatter-a-napoli-la-citta-antirazzista-risponde-presente\/\"},\"wordCount\":483,\"publisher\":{\"@id\":\"https:\/\/www.pressenza.com\/it\/#organization\"},\"image\":{\"@id\":\"https:\/\/www.pressenza.com\/it\/2020\/06\/blacklivesmatter-a-napoli-la-citta-antirazzista-risponde-presente\/#primaryimage\"},\"thumbnailUrl\":\"https:\/\/www.pressenza.com\/wp-content\/uploads\/2020\/06\/BLM-Napoli-30.jpg\",\"keywords\":[\"brutalit\u00e0 della polizia\",\"George Floyd\",\"Italia\",\"razzismo\",\"rifugiati\",\"solidariet\u00e0\",\"Stati Uniti\"],\"articleSection\":[\"contenuti originali\",\"Diritti Umani\",\"Europa\",\"Fotoreportages\",\"Nord America\"],\"inLanguage\":\"it-IT\"},{\"@type\":\"WebPage\",\"@id\":\"https:\/\/www.pressenza.com\/it\/2020\/06\/blacklivesmatter-a-napoli-la-citta-antirazzista-risponde-presente\/\",\"url\":\"https:\/\/www.pressenza.com\/it\/2020\/06\/blacklivesmatter-a-napoli-la-citta-antirazzista-risponde-presente\/\",\"name\":\"#BlackLivesMatter a Napoli: la citt\u00e0 antirazzista risponde presente!\",\"isPartOf\":{\"@id\":\"https:\/\/www.pressenza.com\/it\/#website\"},\"primaryImageOfPage\":{\"@id\":\"https:\/\/www.pressenza.com\/it\/2020\/06\/blacklivesmatter-a-napoli-la-citta-antirazzista-risponde-presente\/#primaryimage\"},\"image\":{\"@id\":\"https:\/\/www.pressenza.com\/it\/2020\/06\/blacklivesmatter-a-napoli-la-citta-antirazzista-risponde-presente\/#primaryimage\"},\"thumbnailUrl\":\"https:\/\/www.pressenza.com\/wp-content\/uploads\/2020\/06\/BLM-Napoli-30.jpg\",\"datePublished\":\"2020-06-07T11:29:12+00:00\",\"description\":\"Ieri pomeriggio alle 15 davanti al Consolato Americano in Piazza della Repubblica, pi\u00f9 di 1000 persone hanno dato forma e vita al presidio \u201cGiustizia per\",\"breadcrumb\":{\"@id\":\"https:\/\/www.pressenza.com\/it\/2020\/06\/blacklivesmatter-a-napoli-la-citta-antirazzista-risponde-presente\/#breadcrumb\"},\"inLanguage\":\"it-IT\",\"potentialAction\":[{\"@type\":\"ReadAction\",\"target\":[\"https:\/\/www.pressenza.com\/it\/2020\/06\/blacklivesmatter-a-napoli-la-citta-antirazzista-risponde-presente\/\"]}]},{\"@type\":\"ImageObject\",\"inLanguage\":\"it-IT\",\"@id\":\"https:\/\/www.pressenza.com\/it\/2020\/06\/blacklivesmatter-a-napoli-la-citta-antirazzista-risponde-presente\/#primaryimage\",\"url\":\"https:\/\/www.pressenza.com\/wp-content\/uploads\/2020\/06\/BLM-Napoli-30.jpg\",\"contentUrl\":\"https:\/\/www.pressenza.com\/wp-content\/uploads\/2020\/06\/BLM-Napoli-30.jpg\",\"width\":1920,\"height\":1440},{\"@type\":\"BreadcrumbList\",\"@id\":\"https:\/\/www.pressenza.com\/it\/2020\/06\/blacklivesmatter-a-napoli-la-citta-antirazzista-risponde-presente\/#breadcrumb\",\"itemListElement\":[{\"@type\":\"ListItem\",\"position\":1,\"name\":\"Accueil\",\"item\":\"https:\/\/www.pressenza.com\/it\/\"},{\"@type\":\"ListItem\",\"position\":2,\"name\":\"#BlackLivesMatter a Napoli: la citt\u00e0 antirazzista risponde presente!\"}]},{\"@type\":\"WebSite\",\"@id\":\"https:\/\/www.pressenza.com\/it\/#website\",\"url\":\"https:\/\/www.pressenza.com\/it\/\",\"name\":\"Pressenza\",\"description\":\"Agenzia di Stampa Internazionale\",\"publisher\":{\"@id\":\"https:\/\/www.pressenza.com\/it\/#organization\"},\"potentialAction\":[{\"@type\":\"SearchAction\",\"target\":{\"@type\":\"EntryPoint\",\"urlTemplate\":\"https:\/\/www.pressenza.com\/it\/?s={search_term_string}\"},\"query-input\":{\"@type\":\"PropertyValueSpecification\",\"valueRequired\":true,\"valueName\":\"search_term_string\"}}],\"inLanguage\":\"it-IT\"},{\"@type\":\"Organization\",\"@id\":\"https:\/\/www.pressenza.com\/it\/#organization\",\"name\":\"Pressenza\",\"url\":\"https:\/\/www.pressenza.com\/it\/\",\"logo\":{\"@type\":\"ImageObject\",\"inLanguage\":\"it-IT\",\"@id\":\"https:\/\/www.pressenza.com\/it\/#\/schema\/logo\/image\/\",\"url\":\"https:\/\/www.pressenza.com\/wp-content\/uploads\/2022\/10\/pressenza_logo_200x200.jpg\",\"contentUrl\":\"https:\/\/www.pressenza.com\/wp-content\/uploads\/2022\/10\/pressenza_logo_200x200.jpg\",\"width\":200,\"height\":200,\"caption\":\"Pressenza\"},\"image\":{\"@id\":\"https:\/\/www.pressenza.com\/it\/#\/schema\/logo\/image\/\"},\"sameAs\":[\"https:\/\/www.facebook.com\/PressenzaItalia\",\"https:\/\/x.com\/PressenzaIPA\"]},{\"@type\":\"Person\",\"@id\":\"https:\/\/www.pressenza.com\/it\/#\/schema\/person\/a046ace573e78a419db5579d1e7d3e85\",\"name\":\"Alberto Francesco Sanci\",\"description\":\"Napoletano, nonviolento, osservatore. SIloista dal 2007, umanista da sempre. Attivo per diversi anni nell'Associazione Umanista Reciprocit\u00e0 Onlus, nel Partito Umanista e ne La Comunit\u00e0 per lo Sviluppo Umano. Consegue la Laurea Magistrale in Lingue con una tesi sui Bambini Soldato nella letteratura africana anglofona. Attualmente fiducioso in un'evoluzione spirituale dell'umanit\u00e0. Giornalista pubblicista di estrazione sportiva dal 2016, collabora con Pressenza dalla fine del 2018.\",\"url\":\"https:\/\/www.pressenza.com\/it\/author\/alberto-francesco-sanci\/\"}]}<\/script>\n<!-- \/ Yoast SEO plugin. -->","yoast_head_json":{"title":"#BlackLivesMatter a Napoli: la citt\u00e0 antirazzista risponde presente!","description":"Ieri pomeriggio alle 15 davanti al Consolato Americano in Piazza della Repubblica, pi\u00f9 di 1000 persone hanno dato forma e vita al presidio \u201cGiustizia per","robots":{"index":"index","follow":"follow","max-snippet":"max-snippet:-1","max-image-preview":"max-image-preview:large","max-video-preview":"max-video-preview:-1"},"canonical":"https:\/\/www.pressenza.com\/it\/2020\/06\/blacklivesmatter-a-napoli-la-citta-antirazzista-risponde-presente\/","og_locale":"it_IT","og_type":"article","og_title":"#BlackLivesMatter a Napoli: la citt\u00e0 antirazzista risponde presente!","og_description":"Ieri pomeriggio alle 15 davanti al Consolato Americano in Piazza della Repubblica, pi\u00f9 di 1000 persone hanno dato forma e vita al presidio \u201cGiustizia per","og_url":"https:\/\/www.pressenza.com\/it\/2020\/06\/blacklivesmatter-a-napoli-la-citta-antirazzista-risponde-presente\/","og_site_name":"Pressenza","article_publisher":"https:\/\/www.facebook.com\/PressenzaItalia","article_published_time":"2020-06-07T11:29:12+00:00","og_image":[{"width":1920,"height":1440,"url":"https:\/\/www.pressenza.com\/wp-content\/uploads\/2020\/06\/BLM-Napoli-30.jpg","type":"image\/jpeg"}],"author":"Alberto Francesco Sanci","twitter_card":"summary_large_image","twitter_creator":"@PressenzaIPA","twitter_site":"@PressenzaIPA","twitter_misc":{"Scritto da":"Alberto Francesco Sanci","Tempo di lettura stimato":"2 minuti"},"schema":{"@context":"https:\/\/schema.org","@graph":[{"@type":"Article","@id":"https:\/\/www.pressenza.com\/it\/2020\/06\/blacklivesmatter-a-napoli-la-citta-antirazzista-risponde-presente\/#article","isPartOf":{"@id":"https:\/\/www.pressenza.com\/it\/2020\/06\/blacklivesmatter-a-napoli-la-citta-antirazzista-risponde-presente\/"},"author":{"name":"Alberto Francesco Sanci","@id":"https:\/\/www.pressenza.com\/it\/#\/schema\/person\/a046ace573e78a419db5579d1e7d3e85"},"headline":"#BlackLivesMatter a Napoli: la citt\u00e0 antirazzista risponde presente!","datePublished":"2020-06-07T11:29:12+00:00","mainEntityOfPage":{"@id":"https:\/\/www.pressenza.com\/it\/2020\/06\/blacklivesmatter-a-napoli-la-citta-antirazzista-risponde-presente\/"},"wordCount":483,"publisher":{"@id":"https:\/\/www.pressenza.com\/it\/#organization"},"image":{"@id":"https:\/\/www.pressenza.com\/it\/2020\/06\/blacklivesmatter-a-napoli-la-citta-antirazzista-risponde-presente\/#primaryimage"},"thumbnailUrl":"https:\/\/www.pressenza.com\/wp-content\/uploads\/2020\/06\/BLM-Napoli-30.jpg","keywords":["brutalit\u00e0 della polizia","George Floyd","Italia","razzismo","rifugiati","solidariet\u00e0","Stati Uniti"],"articleSection":["contenuti originali","Diritti Umani","Europa","Fotoreportages","Nord America"],"inLanguage":"it-IT"},{"@type":"WebPage","@id":"https:\/\/www.pressenza.com\/it\/2020\/06\/blacklivesmatter-a-napoli-la-citta-antirazzista-risponde-presente\/","url":"https:\/\/www.pressenza.com\/it\/2020\/06\/blacklivesmatter-a-napoli-la-citta-antirazzista-risponde-presente\/","name":"#BlackLivesMatter a Napoli: la citt\u00e0 antirazzista risponde presente!","isPartOf":{"@id":"https:\/\/www.pressenza.com\/it\/#website"},"primaryImageOfPage":{"@id":"https:\/\/www.pressenza.com\/it\/2020\/06\/blacklivesmatter-a-napoli-la-citta-antirazzista-risponde-presente\/#primaryimage"},"image":{"@id":"https:\/\/www.pressenza.com\/it\/2020\/06\/blacklivesmatter-a-napoli-la-citta-antirazzista-risponde-presente\/#primaryimage"},"thumbnailUrl":"https:\/\/www.pressenza.com\/wp-content\/uploads\/2020\/06\/BLM-Napoli-30.jpg","datePublished":"2020-06-07T11:29:12+00:00","description":"Ieri pomeriggio alle 15 davanti al Consolato Americano in Piazza della Repubblica, pi\u00f9 di 1000 persone hanno dato forma e vita al presidio \u201cGiustizia per","breadcrumb":{"@id":"https:\/\/www.pressenza.com\/it\/2020\/06\/blacklivesmatter-a-napoli-la-citta-antirazzista-risponde-presente\/#breadcrumb"},"inLanguage":"it-IT","potentialAction":[{"@type":"ReadAction","target":["https:\/\/www.pressenza.com\/it\/2020\/06\/blacklivesmatter-a-napoli-la-citta-antirazzista-risponde-presente\/"]}]},{"@type":"ImageObject","inLanguage":"it-IT","@id":"https:\/\/www.pressenza.com\/it\/2020\/06\/blacklivesmatter-a-napoli-la-citta-antirazzista-risponde-presente\/#primaryimage","url":"https:\/\/www.pressenza.com\/wp-content\/uploads\/2020\/06\/BLM-Napoli-30.jpg","contentUrl":"https:\/\/www.pressenza.com\/wp-content\/uploads\/2020\/06\/BLM-Napoli-30.jpg","width":1920,"height":1440},{"@type":"BreadcrumbList","@id":"https:\/\/www.pressenza.com\/it\/2020\/06\/blacklivesmatter-a-napoli-la-citta-antirazzista-risponde-presente\/#breadcrumb","itemListElement":[{"@type":"ListItem","position":1,"name":"Accueil","item":"https:\/\/www.pressenza.com\/it\/"},{"@type":"ListItem","position":2,"name":"#BlackLivesMatter a Napoli: la citt\u00e0 antirazzista risponde presente!"}]},{"@type":"WebSite","@id":"https:\/\/www.pressenza.com\/it\/#website","url":"https:\/\/www.pressenza.com\/it\/","name":"Pressenza","description":"Agenzia di Stampa Internazionale","publisher":{"@id":"https:\/\/www.pressenza.com\/it\/#organization"},"potentialAction":[{"@type":"SearchAction","target":{"@type":"EntryPoint","urlTemplate":"https:\/\/www.pressenza.com\/it\/?s={search_term_string}"},"query-input":{"@type":"PropertyValueSpecification","valueRequired":true,"valueName":"search_term_string"}}],"inLanguage":"it-IT"},{"@type":"Organization","@id":"https:\/\/www.pressenza.com\/it\/#organization","name":"Pressenza","url":"https:\/\/www.pressenza.com\/it\/","logo":{"@type":"ImageObject","inLanguage":"it-IT","@id":"https:\/\/www.pressenza.com\/it\/#\/schema\/logo\/image\/","url":"https:\/\/www.pressenza.com\/wp-content\/uploads\/2022\/10\/pressenza_logo_200x200.jpg","contentUrl":"https:\/\/www.pressenza.com\/wp-content\/uploads\/2022\/10\/pressenza_logo_200x200.jpg","width":200,"height":200,"caption":"Pressenza"},"image":{"@id":"https:\/\/www.pressenza.com\/it\/#\/schema\/logo\/image\/"},"sameAs":["https:\/\/www.facebook.com\/PressenzaItalia","https:\/\/x.com\/PressenzaIPA"]},{"@type":"Person","@id":"https:\/\/www.pressenza.com\/it\/#\/schema\/person\/a046ace573e78a419db5579d1e7d3e85","name":"Alberto Francesco Sanci","description":"Napoletano, nonviolento, osservatore. SIloista dal 2007, umanista da sempre. Attivo per diversi anni nell'Associazione Umanista Reciprocit\u00e0 Onlus, nel Partito Umanista e ne La Comunit\u00e0 per lo Sviluppo Umano. Consegue la Laurea Magistrale in Lingue con una tesi sui Bambini Soldato nella letteratura africana anglofona. Attualmente fiducioso in un'evoluzione spirituale dell'umanit\u00e0. Giornalista pubblicista di estrazione sportiva dal 2016, collabora con Pressenza dalla fine del 2018.","url":"https:\/\/www.pressenza.com\/it\/author\/alberto-francesco-sanci\/"}]}},"place":"","original_article_url":"","_links":{"self":[{"href":"https:\/\/www.pressenza.com\/it\/wp-json\/wp\/v2\/posts\/1128883","targetHints":{"allow":["GET"]}}],"collection":[{"href":"https:\/\/www.pressenza.com\/it\/wp-json\/wp\/v2\/posts"}],"about":[{"href":"https:\/\/www.pressenza.com\/it\/wp-json\/wp\/v2\/types\/post"}],"author":[{"embeddable":true,"href":"https:\/\/www.pressenza.com\/it\/wp-json\/wp\/v2\/users\/1584"}],"replies":[{"embeddable":true,"href":"https:\/\/www.pressenza.com\/it\/wp-json\/wp\/v2\/comments?post=1128883"}],"version-history":[{"count":0,"href":"https:\/\/www.pressenza.com\/it\/wp-json\/wp\/v2\/posts\/1128883\/revisions"}],"wp:featuredmedia":[{"embeddable":true,"href":"https:\/\/www.pressenza.com\/it\/wp-json\/wp\/v2\/media\/1129033"}],"wp:attachment":[{"href":"https:\/\/www.pressenza.com\/it\/wp-json\/wp\/v2\/media?parent=1128883"}],"wp:term":[{"taxonomy":"category","embeddable":true,"href":"https:\/\/www.pressenza.com\/it\/wp-json\/wp\/v2\/categories?post=1128883"},{"taxonomy":"post_tag","embeddable":true,"href":"https:\/\/www.pressenza.com\/it\/wp-json\/wp\/v2\/tags?post=1128883"}],"curies":[{"name":"wp","href":"https:\/\/api.w.org\/{rel}","templated":true}]}}