{"id":1128874,"date":"2020-06-07T12:17:04","date_gmt":"2020-06-07T11:17:04","guid":{"rendered":"https:\/\/www.pressenza.com\/?p=1128874"},"modified":"2020-06-08T13:54:24","modified_gmt":"2020-06-08T12:54:24","slug":"say-their-names-tutti-in-ginocchio-a-bologna-contro-il-razzismo","status":"publish","type":"post","link":"https:\/\/www.pressenza.com\/it\/2020\/06\/say-their-names-tutti-in-ginocchio-a-bologna-contro-il-razzismo\/","title":{"rendered":"Say their names: tutti in ginocchio a Bologna contro il razzismo"},"content":{"rendered":"<p><em>Sabato pomeriggio migliaia di persone in ginocchio in silenzio in Piazza Maggiore: cos\u00ec Bologna manifesta solidariet\u00e0 alle vittime afroamericane della polizia. Un flash mob di solidariet\u00e0, ma anche e soprattutto un presidio contro il razzismo endemico delle societ\u00e0 \u201coccidentali\u201d, compresa la nostra. Nel corso degli interventi diversi italiani, nati e cresciuti qui da genitori stranieri senza cittadinanza e rifugiati hanno raccontato le loro storie di emarginazione. Inoltre sono state ricordate tutte le vittime dei naufragi nel Mediterraneo e quelle dello sfruttamento da caporalato.<\/em><\/p>\n<p>Con mascherine e a distanza di sicurezza, inginocchiati prima in silenzio e poi intonando \u201cHell you talmbout, una canzone di protesta scritta nel 2015 del collettivo di cantanti guidati da Janelle Mona\u00e8. Il titolo \u00e8 l\u2019abbreviazione di \u201c What a hell are you talking about\u201d (Di cosa diavolo state parlando?) e la canzone \u00e8 un lunga lista di nomi di afroamericani morti per mano della polizia. In questo modo migliaia di persone a Bologna hanno ricordato George Floyd, l\u2019afroamericano di 46 anni ucciso il 25 maggio da Derek Chauvin durante un controllo di polizia a Minneapolis.<\/p>\n<p>Il flash mob \u00e8 stato organizzato dal circolo Arci Ritmo lento, un crocevia di attivismo ambientale, politico, studentesco, molto attivo durante la fase di pandemia con l\u2019iniziativa Dont\u2019 Panic. All&#8217;evento hanno aderito numerose realt\u00e0 sia all\u2019organizzazione che alla mobilitazione. Si va da Coalizione Civica a Refugee Welcome Italia, da associazioni lgbtq+ a movimenti ecologisti. L\u2019iniziativa si inserisce in una lunga lista di mobilitazioni simili in <a href=\"https:\/\/www.pressenza.com\/it\/2020\/06\/black-lives-matter-in-italia-le-manifestazioni-in-programma\/\">tutta Italia<\/a>.<\/p>\n<p>In questa \u201cnuova normalit\u00e0\u201d anche i flash mob sono cambiati e si sono adattati. Innanzitutto, distanza di sicurezza: il <em>crescentone<\/em> della piazza \u00e8 stato segnato da \u201cx\u201d distanziate tra loro per segnare i posti. In secondo luogo le mascherine. Il dispositivo di protezione individuale di cui non possiamo pi\u00f9 fare a meno \u00e8 diventato anche uno strumento di protesta: infatti gli organizzatori hanno invitato i partecipanti a scrivere sulle mascherine \u201cSay their names\u201d (dite i loro nomi). Una frase scritta per rompere il silenzio che avvalla condotte e pratiche da parte della polizia americana deliberatamente razziste. La frase \u00e8 ormai iconica e ha sostituito il celeberrimo \u201cBlack Lives Matter\u201d, che \u00e8 diventato l\u2019hashtag utilizzato dagli attivisti in USA durante le proteste per scambiarsi comunicazioni importanti.<\/p>\n<p>Il flash mob \u00e8 stato organizzato per dare risalto alle violenze sistemiche dei poliziotti USA contro gli afroamericani, ma ha avuto come obbiettivo pi\u00f9 grande quello di riconoscere \u201cil privilegio sociale che anche nella nostra societ\u00e0 avvantaggia le persone bianche\u201d, come si legge sulla bacheca dell\u2019evento. \u201cCi interessa mostrare la nostra solidariet\u00e0 alle mobilitazioni americane, ma bisogna espandere il fronte di indignazione nei confronti del razzismo che impera anche nel nostro paese\u201d precisano gli organizzatori.<\/p>\n<p>Durante l\u2019evento, andato avanti per pi\u00f9 di due ore, davanti ad una folla variegata si sono iscritti a parlare moltissimi esponenti della societ\u00e0 per testimoniare con le loro storie che anche qui da noi il razzismo \u00e8 un virus difficile da debellare. Una ragazza figlia di senegalesi, nata in Italia e ancora in attesa della cittadinanza; un ragazzo rifugiato con grandi difficolt\u00e0 a integrarsi. Storie di emarginazione e sfruttamento.\u00a0 Sono state ricordate le vittime sconosciute dei naufragi del Mediterraneo, le vittime del caporalato, tra tutti Soumayla Sacko, di cui campeggiava una foto in piazza.<\/p>\n<p>Insomma, un\u2019enorme e toccante manifestazione che ha ricordato che il razzismo esiste anche in Italia e che si accompagna sempre alla negazione di diritti fondamentali. Una necessit\u00e0 per la societ\u00e0 civile \u00e8 quella di unire le diverse lotte, accomunate dallo sfruttamento delle vite umane. Nei diversi interventi dal palco \u00e8 riecheggiata la volont\u00e0 di costruire anche a Bologna un grande fronte contro il razzismo, una speranza per il futuro in tempi di ripresa della socialit\u00e0.<\/p>\n<div class=\"post-gallery\">\n\t\t\t<figure class=\"post-gallery-item\">\n\t\t\t\t<img decoding=\"async\" src=\"https:\/\/www.pressenza.com\/wp-content\/uploads\/2020\/06\/cartellone-720x480.jpg\" loading=\"lazy\">\n\t\t\t\t<figcaption>\n\t\t\t\t\t\n\t\t\t\t<\/figcaption>\n\t\t\t<\/figure>\n\t\t\t<figure class=\"post-gallery-item\">\n\t\t\t\t<img decoding=\"async\" src=\"https:\/\/www.pressenza.com\/wp-content\/uploads\/2020\/06\/dal-basso-720x541.jpg\" loading=\"lazy\">\n\t\t\t\t<figcaption>\n\t\t\t\t\t\n\t\t\t\t<\/figcaption>\n\t\t\t<\/figure>\n\t\t\t<figure class=\"post-gallery-item\">\n\t\t\t\t<img decoding=\"async\" src=\"https:\/\/www.pressenza.com\/wp-content\/uploads\/2020\/06\/dallalto-720x540.jpg\" loading=\"lazy\">\n\t\t\t\t<figcaption>\n\t\t\t\t\t\n\t\t\t\t<\/figcaption>\n\t\t\t<\/figure>\n\t\t\t<figure class=\"post-gallery-item\">\n\t\t\t\t<img decoding=\"async\" src=\"https:\/\/www.pressenza.com\/wp-content\/uploads\/2020\/06\/open-mic-1-720x480.jpg\" loading=\"lazy\">\n\t\t\t\t<figcaption>\n\t\t\t\t\t\n\t\t\t\t<\/figcaption>\n\t\t\t<\/figure>\n\t\t\t<figure class=\"post-gallery-item\">\n\t\t\t\t<img decoding=\"async\" src=\"https:\/\/www.pressenza.com\/wp-content\/uploads\/2020\/06\/pungo-chiuso-720x480.jpg\" loading=\"lazy\">\n\t\t\t\t<figcaption>\n\t\t\t\t\t\n\t\t\t\t<\/figcaption>\n\t\t\t<\/figure>\n\t\t\t<figure class=\"post-gallery-item\">\n\t\t\t\t<img decoding=\"async\" src=\"https:\/\/www.pressenza.com\/wp-content\/uploads\/2020\/06\/soumaila-sacko-682x1024.jpg\" loading=\"lazy\">\n\t\t\t\t<figcaption>\n\t\t\t\t\t\n\t\t\t\t<\/figcaption>\n\t\t\t<\/figure>\n\t\t\t<figure class=\"post-gallery-item\">\n\t\t\t\t<img decoding=\"async\" src=\"https:\/\/www.pressenza.com\/wp-content\/uploads\/2020\/06\/IMG_20200606_190105-720x540.jpg\" loading=\"lazy\">\n\t\t\t\t<figcaption>\n\t\t\t\t\t\n\t\t\t\t<\/figcaption>\n\t\t\t<\/figure><\/div>\n<p>&nbsp;<\/p>\n","protected":false},"excerpt":{"rendered":"<p>Sabato pomeriggio migliaia di persone in ginocchio in silenzio in Piazza Maggiore: cos\u00ec Bologna manifesta solidariet\u00e0 alle vittime afroamericane della polizia. Un flash mob di solidariet\u00e0, ma anche e soprattutto un presidio contro il razzismo endemico delle societ\u00e0 \u201coccidentali\u201d, compresa&hellip;<\/p>\n","protected":false},"author":1784,"featured_media":1128919,"comment_status":"closed","ping_status":"closed","sticky":false,"template":"","format":"standard","meta":{"footnotes":""},"categories":[11388,60,47,5677,49],"tags":[17111,76515,370,54562,3420,1634,25653],"class_list":["post-1128874","post","type-post","status-publish","format-standard","has-post-thumbnail","hentry","category-contenuti-originali","category-diritti-umani","category-europa","category-fotoreportages","category-nord-america","tag-brutalita-della-polizia","tag-george-floyd-it","tag-italia","tag-razzismo-es-it","tag-rifugiati","tag-solidarieta","tag-stati-uniti"],"yoast_head":"<!-- This site is optimized with the Yoast SEO plugin v27.1.1 - https:\/\/yoast.com\/product\/yoast-seo-wordpress\/ -->\n<title>Say their names: tutti in ginocchio a Bologna contro il razzismo<\/title>\n<meta name=\"description\" content=\"Sabato pomeriggio migliaia di persone in ginocchio in silenzio in Piazza Maggiore: cos\u00ec Bologna manifesta solidariet\u00e0 alle vittime afroamericane della\" \/>\n<meta name=\"robots\" content=\"index, follow, max-snippet:-1, max-image-preview:large, max-video-preview:-1\" \/>\n<link rel=\"canonical\" href=\"https:\/\/www.pressenza.com\/it\/2020\/06\/say-their-names-tutti-in-ginocchio-a-bologna-contro-il-razzismo\/\" \/>\n<meta property=\"og:locale\" content=\"it_IT\" \/>\n<meta property=\"og:type\" content=\"article\" \/>\n<meta property=\"og:title\" content=\"Say their names: tutti in ginocchio a Bologna contro il razzismo\" \/>\n<meta property=\"og:description\" content=\"Sabato pomeriggio migliaia di persone in ginocchio in silenzio in Piazza Maggiore: cos\u00ec Bologna manifesta solidariet\u00e0 alle vittime afroamericane della\" \/>\n<meta property=\"og:url\" content=\"https:\/\/www.pressenza.com\/it\/2020\/06\/say-their-names-tutti-in-ginocchio-a-bologna-contro-il-razzismo\/\" \/>\n<meta property=\"og:site_name\" content=\"Pressenza\" \/>\n<meta property=\"article:publisher\" content=\"https:\/\/www.facebook.com\/PressenzaItalia\" \/>\n<meta property=\"article:published_time\" content=\"2020-06-07T11:17:04+00:00\" \/>\n<meta property=\"article:modified_time\" content=\"2020-06-08T12:54:24+00:00\" \/>\n<meta property=\"og:image\" content=\"https:\/\/www.pressenza.com\/wp-content\/uploads\/2020\/06\/dallalto.jpg\" \/>\n\t<meta property=\"og:image:width\" content=\"960\" \/>\n\t<meta property=\"og:image:height\" content=\"720\" \/>\n\t<meta property=\"og:image:type\" content=\"image\/jpeg\" \/>\n<meta name=\"author\" content=\"Pasquale Pagano\" \/>\n<meta name=\"twitter:card\" content=\"summary_large_image\" \/>\n<meta name=\"twitter:creator\" content=\"@PressenzaIPA\" \/>\n<meta name=\"twitter:site\" content=\"@PressenzaIPA\" \/>\n<meta name=\"twitter:label1\" content=\"Scritto da\" \/>\n\t<meta name=\"twitter:data1\" content=\"Pasquale Pagano\" \/>\n\t<meta name=\"twitter:label2\" content=\"Tempo di lettura stimato\" \/>\n\t<meta name=\"twitter:data2\" content=\"3 minuti\" \/>\n<script type=\"application\/ld+json\" class=\"yoast-schema-graph\">{\"@context\":\"https:\/\/schema.org\",\"@graph\":[{\"@type\":\"Article\",\"@id\":\"https:\/\/www.pressenza.com\/it\/2020\/06\/say-their-names-tutti-in-ginocchio-a-bologna-contro-il-razzismo\/#article\",\"isPartOf\":{\"@id\":\"https:\/\/www.pressenza.com\/it\/2020\/06\/say-their-names-tutti-in-ginocchio-a-bologna-contro-il-razzismo\/\"},\"author\":{\"name\":\"Pasquale Pagano\",\"@id\":\"https:\/\/www.pressenza.com\/it\/#\/schema\/person\/a50228caea162afaf9be7f66cd327a75\"},\"headline\":\"Say their names: tutti in ginocchio a Bologna contro il razzismo\",\"datePublished\":\"2020-06-07T11:17:04+00:00\",\"dateModified\":\"2020-06-08T12:54:24+00:00\",\"mainEntityOfPage\":{\"@id\":\"https:\/\/www.pressenza.com\/it\/2020\/06\/say-their-names-tutti-in-ginocchio-a-bologna-contro-il-razzismo\/\"},\"wordCount\":624,\"publisher\":{\"@id\":\"https:\/\/www.pressenza.com\/it\/#organization\"},\"image\":{\"@id\":\"https:\/\/www.pressenza.com\/it\/2020\/06\/say-their-names-tutti-in-ginocchio-a-bologna-contro-il-razzismo\/#primaryimage\"},\"thumbnailUrl\":\"https:\/\/www.pressenza.com\/wp-content\/uploads\/2020\/06\/dallalto.jpg\",\"keywords\":[\"brutalit\u00e0 della polizia\",\"George Floyd\",\"Italia\",\"razzismo\",\"rifugiati\",\"solidariet\u00e0\",\"Stati Uniti\"],\"articleSection\":[\"contenuti originali\",\"Diritti Umani\",\"Europa\",\"Fotoreportages\",\"Nord America\"],\"inLanguage\":\"it-IT\"},{\"@type\":\"WebPage\",\"@id\":\"https:\/\/www.pressenza.com\/it\/2020\/06\/say-their-names-tutti-in-ginocchio-a-bologna-contro-il-razzismo\/\",\"url\":\"https:\/\/www.pressenza.com\/it\/2020\/06\/say-their-names-tutti-in-ginocchio-a-bologna-contro-il-razzismo\/\",\"name\":\"Say their names: tutti in ginocchio a Bologna contro il razzismo\",\"isPartOf\":{\"@id\":\"https:\/\/www.pressenza.com\/it\/#website\"},\"primaryImageOfPage\":{\"@id\":\"https:\/\/www.pressenza.com\/it\/2020\/06\/say-their-names-tutti-in-ginocchio-a-bologna-contro-il-razzismo\/#primaryimage\"},\"image\":{\"@id\":\"https:\/\/www.pressenza.com\/it\/2020\/06\/say-their-names-tutti-in-ginocchio-a-bologna-contro-il-razzismo\/#primaryimage\"},\"thumbnailUrl\":\"https:\/\/www.pressenza.com\/wp-content\/uploads\/2020\/06\/dallalto.jpg\",\"datePublished\":\"2020-06-07T11:17:04+00:00\",\"dateModified\":\"2020-06-08T12:54:24+00:00\",\"description\":\"Sabato pomeriggio migliaia di persone in ginocchio in silenzio in Piazza Maggiore: cos\u00ec Bologna manifesta solidariet\u00e0 alle vittime afroamericane della\",\"breadcrumb\":{\"@id\":\"https:\/\/www.pressenza.com\/it\/2020\/06\/say-their-names-tutti-in-ginocchio-a-bologna-contro-il-razzismo\/#breadcrumb\"},\"inLanguage\":\"it-IT\",\"potentialAction\":[{\"@type\":\"ReadAction\",\"target\":[\"https:\/\/www.pressenza.com\/it\/2020\/06\/say-their-names-tutti-in-ginocchio-a-bologna-contro-il-razzismo\/\"]}]},{\"@type\":\"ImageObject\",\"inLanguage\":\"it-IT\",\"@id\":\"https:\/\/www.pressenza.com\/it\/2020\/06\/say-their-names-tutti-in-ginocchio-a-bologna-contro-il-razzismo\/#primaryimage\",\"url\":\"https:\/\/www.pressenza.com\/wp-content\/uploads\/2020\/06\/dallalto.jpg\",\"contentUrl\":\"https:\/\/www.pressenza.com\/wp-content\/uploads\/2020\/06\/dallalto.jpg\",\"width\":960,\"height\":720},{\"@type\":\"BreadcrumbList\",\"@id\":\"https:\/\/www.pressenza.com\/it\/2020\/06\/say-their-names-tutti-in-ginocchio-a-bologna-contro-il-razzismo\/#breadcrumb\",\"itemListElement\":[{\"@type\":\"ListItem\",\"position\":1,\"name\":\"Accueil\",\"item\":\"https:\/\/www.pressenza.com\/it\/\"},{\"@type\":\"ListItem\",\"position\":2,\"name\":\"Say their names: tutti in ginocchio a Bologna contro il razzismo\"}]},{\"@type\":\"WebSite\",\"@id\":\"https:\/\/www.pressenza.com\/it\/#website\",\"url\":\"https:\/\/www.pressenza.com\/it\/\",\"name\":\"Pressenza\",\"description\":\"Agenzia di Stampa Internazionale\",\"publisher\":{\"@id\":\"https:\/\/www.pressenza.com\/it\/#organization\"},\"potentialAction\":[{\"@type\":\"SearchAction\",\"target\":{\"@type\":\"EntryPoint\",\"urlTemplate\":\"https:\/\/www.pressenza.com\/it\/?s={search_term_string}\"},\"query-input\":{\"@type\":\"PropertyValueSpecification\",\"valueRequired\":true,\"valueName\":\"search_term_string\"}}],\"inLanguage\":\"it-IT\"},{\"@type\":\"Organization\",\"@id\":\"https:\/\/www.pressenza.com\/it\/#organization\",\"name\":\"Pressenza\",\"url\":\"https:\/\/www.pressenza.com\/it\/\",\"logo\":{\"@type\":\"ImageObject\",\"inLanguage\":\"it-IT\",\"@id\":\"https:\/\/www.pressenza.com\/it\/#\/schema\/logo\/image\/\",\"url\":\"https:\/\/www.pressenza.com\/wp-content\/uploads\/2022\/10\/pressenza_logo_200x200.jpg\",\"contentUrl\":\"https:\/\/www.pressenza.com\/wp-content\/uploads\/2022\/10\/pressenza_logo_200x200.jpg\",\"width\":200,\"height\":200,\"caption\":\"Pressenza\"},\"image\":{\"@id\":\"https:\/\/www.pressenza.com\/it\/#\/schema\/logo\/image\/\"},\"sameAs\":[\"https:\/\/www.facebook.com\/PressenzaItalia\",\"https:\/\/x.com\/PressenzaIPA\"]},{\"@type\":\"Person\",\"@id\":\"https:\/\/www.pressenza.com\/it\/#\/schema\/person\/a50228caea162afaf9be7f66cd327a75\",\"name\":\"Pasquale Pagano\",\"description\":\"Sono Pasquale Pagano trentenne lucano umanista, attivista e osservatore della realt\u00e0. Ho scritto di rinnovabili su https:\/\/anteritalia.org\/eco-design-magazine\/ e da ragazzo ho curato un blog di storie e viaggi http:\/\/persillo.blogspot.com\/. Mi interesso di ambiente, politica e relazioni internazionali.\",\"url\":\"https:\/\/www.pressenza.com\/it\/author\/pasquale-pagano\/\"}]}<\/script>\n<!-- \/ Yoast SEO plugin. -->","yoast_head_json":{"title":"Say their names: tutti in ginocchio a Bologna contro il razzismo","description":"Sabato pomeriggio migliaia di persone in ginocchio in silenzio in Piazza Maggiore: cos\u00ec Bologna manifesta solidariet\u00e0 alle vittime afroamericane della","robots":{"index":"index","follow":"follow","max-snippet":"max-snippet:-1","max-image-preview":"max-image-preview:large","max-video-preview":"max-video-preview:-1"},"canonical":"https:\/\/www.pressenza.com\/it\/2020\/06\/say-their-names-tutti-in-ginocchio-a-bologna-contro-il-razzismo\/","og_locale":"it_IT","og_type":"article","og_title":"Say their names: tutti in ginocchio a Bologna contro il razzismo","og_description":"Sabato pomeriggio migliaia di persone in ginocchio in silenzio in Piazza Maggiore: cos\u00ec Bologna manifesta solidariet\u00e0 alle vittime afroamericane della","og_url":"https:\/\/www.pressenza.com\/it\/2020\/06\/say-their-names-tutti-in-ginocchio-a-bologna-contro-il-razzismo\/","og_site_name":"Pressenza","article_publisher":"https:\/\/www.facebook.com\/PressenzaItalia","article_published_time":"2020-06-07T11:17:04+00:00","article_modified_time":"2020-06-08T12:54:24+00:00","og_image":[{"width":960,"height":720,"url":"https:\/\/www.pressenza.com\/wp-content\/uploads\/2020\/06\/dallalto.jpg","type":"image\/jpeg"}],"author":"Pasquale Pagano","twitter_card":"summary_large_image","twitter_creator":"@PressenzaIPA","twitter_site":"@PressenzaIPA","twitter_misc":{"Scritto da":"Pasquale Pagano","Tempo di lettura stimato":"3 minuti"},"schema":{"@context":"https:\/\/schema.org","@graph":[{"@type":"Article","@id":"https:\/\/www.pressenza.com\/it\/2020\/06\/say-their-names-tutti-in-ginocchio-a-bologna-contro-il-razzismo\/#article","isPartOf":{"@id":"https:\/\/www.pressenza.com\/it\/2020\/06\/say-their-names-tutti-in-ginocchio-a-bologna-contro-il-razzismo\/"},"author":{"name":"Pasquale Pagano","@id":"https:\/\/www.pressenza.com\/it\/#\/schema\/person\/a50228caea162afaf9be7f66cd327a75"},"headline":"Say their names: tutti in ginocchio a Bologna contro il razzismo","datePublished":"2020-06-07T11:17:04+00:00","dateModified":"2020-06-08T12:54:24+00:00","mainEntityOfPage":{"@id":"https:\/\/www.pressenza.com\/it\/2020\/06\/say-their-names-tutti-in-ginocchio-a-bologna-contro-il-razzismo\/"},"wordCount":624,"publisher":{"@id":"https:\/\/www.pressenza.com\/it\/#organization"},"image":{"@id":"https:\/\/www.pressenza.com\/it\/2020\/06\/say-their-names-tutti-in-ginocchio-a-bologna-contro-il-razzismo\/#primaryimage"},"thumbnailUrl":"https:\/\/www.pressenza.com\/wp-content\/uploads\/2020\/06\/dallalto.jpg","keywords":["brutalit\u00e0 della polizia","George Floyd","Italia","razzismo","rifugiati","solidariet\u00e0","Stati Uniti"],"articleSection":["contenuti originali","Diritti Umani","Europa","Fotoreportages","Nord America"],"inLanguage":"it-IT"},{"@type":"WebPage","@id":"https:\/\/www.pressenza.com\/it\/2020\/06\/say-their-names-tutti-in-ginocchio-a-bologna-contro-il-razzismo\/","url":"https:\/\/www.pressenza.com\/it\/2020\/06\/say-their-names-tutti-in-ginocchio-a-bologna-contro-il-razzismo\/","name":"Say their names: tutti in ginocchio a Bologna contro il razzismo","isPartOf":{"@id":"https:\/\/www.pressenza.com\/it\/#website"},"primaryImageOfPage":{"@id":"https:\/\/www.pressenza.com\/it\/2020\/06\/say-their-names-tutti-in-ginocchio-a-bologna-contro-il-razzismo\/#primaryimage"},"image":{"@id":"https:\/\/www.pressenza.com\/it\/2020\/06\/say-their-names-tutti-in-ginocchio-a-bologna-contro-il-razzismo\/#primaryimage"},"thumbnailUrl":"https:\/\/www.pressenza.com\/wp-content\/uploads\/2020\/06\/dallalto.jpg","datePublished":"2020-06-07T11:17:04+00:00","dateModified":"2020-06-08T12:54:24+00:00","description":"Sabato pomeriggio migliaia di persone in ginocchio in silenzio in Piazza Maggiore: cos\u00ec Bologna manifesta solidariet\u00e0 alle vittime afroamericane della","breadcrumb":{"@id":"https:\/\/www.pressenza.com\/it\/2020\/06\/say-their-names-tutti-in-ginocchio-a-bologna-contro-il-razzismo\/#breadcrumb"},"inLanguage":"it-IT","potentialAction":[{"@type":"ReadAction","target":["https:\/\/www.pressenza.com\/it\/2020\/06\/say-their-names-tutti-in-ginocchio-a-bologna-contro-il-razzismo\/"]}]},{"@type":"ImageObject","inLanguage":"it-IT","@id":"https:\/\/www.pressenza.com\/it\/2020\/06\/say-their-names-tutti-in-ginocchio-a-bologna-contro-il-razzismo\/#primaryimage","url":"https:\/\/www.pressenza.com\/wp-content\/uploads\/2020\/06\/dallalto.jpg","contentUrl":"https:\/\/www.pressenza.com\/wp-content\/uploads\/2020\/06\/dallalto.jpg","width":960,"height":720},{"@type":"BreadcrumbList","@id":"https:\/\/www.pressenza.com\/it\/2020\/06\/say-their-names-tutti-in-ginocchio-a-bologna-contro-il-razzismo\/#breadcrumb","itemListElement":[{"@type":"ListItem","position":1,"name":"Accueil","item":"https:\/\/www.pressenza.com\/it\/"},{"@type":"ListItem","position":2,"name":"Say their names: tutti in ginocchio a Bologna contro il razzismo"}]},{"@type":"WebSite","@id":"https:\/\/www.pressenza.com\/it\/#website","url":"https:\/\/www.pressenza.com\/it\/","name":"Pressenza","description":"Agenzia di Stampa Internazionale","publisher":{"@id":"https:\/\/www.pressenza.com\/it\/#organization"},"potentialAction":[{"@type":"SearchAction","target":{"@type":"EntryPoint","urlTemplate":"https:\/\/www.pressenza.com\/it\/?s={search_term_string}"},"query-input":{"@type":"PropertyValueSpecification","valueRequired":true,"valueName":"search_term_string"}}],"inLanguage":"it-IT"},{"@type":"Organization","@id":"https:\/\/www.pressenza.com\/it\/#organization","name":"Pressenza","url":"https:\/\/www.pressenza.com\/it\/","logo":{"@type":"ImageObject","inLanguage":"it-IT","@id":"https:\/\/www.pressenza.com\/it\/#\/schema\/logo\/image\/","url":"https:\/\/www.pressenza.com\/wp-content\/uploads\/2022\/10\/pressenza_logo_200x200.jpg","contentUrl":"https:\/\/www.pressenza.com\/wp-content\/uploads\/2022\/10\/pressenza_logo_200x200.jpg","width":200,"height":200,"caption":"Pressenza"},"image":{"@id":"https:\/\/www.pressenza.com\/it\/#\/schema\/logo\/image\/"},"sameAs":["https:\/\/www.facebook.com\/PressenzaItalia","https:\/\/x.com\/PressenzaIPA"]},{"@type":"Person","@id":"https:\/\/www.pressenza.com\/it\/#\/schema\/person\/a50228caea162afaf9be7f66cd327a75","name":"Pasquale Pagano","description":"Sono Pasquale Pagano trentenne lucano umanista, attivista e osservatore della realt\u00e0. Ho scritto di rinnovabili su https:\/\/anteritalia.org\/eco-design-magazine\/ e da ragazzo ho curato un blog di storie e viaggi http:\/\/persillo.blogspot.com\/. Mi interesso di ambiente, politica e relazioni internazionali.","url":"https:\/\/www.pressenza.com\/it\/author\/pasquale-pagano\/"}]}},"place":"Bologna","original_article_url":"","_links":{"self":[{"href":"https:\/\/www.pressenza.com\/it\/wp-json\/wp\/v2\/posts\/1128874","targetHints":{"allow":["GET"]}}],"collection":[{"href":"https:\/\/www.pressenza.com\/it\/wp-json\/wp\/v2\/posts"}],"about":[{"href":"https:\/\/www.pressenza.com\/it\/wp-json\/wp\/v2\/types\/post"}],"author":[{"embeddable":true,"href":"https:\/\/www.pressenza.com\/it\/wp-json\/wp\/v2\/users\/1784"}],"replies":[{"embeddable":true,"href":"https:\/\/www.pressenza.com\/it\/wp-json\/wp\/v2\/comments?post=1128874"}],"version-history":[{"count":0,"href":"https:\/\/www.pressenza.com\/it\/wp-json\/wp\/v2\/posts\/1128874\/revisions"}],"wp:featuredmedia":[{"embeddable":true,"href":"https:\/\/www.pressenza.com\/it\/wp-json\/wp\/v2\/media\/1128919"}],"wp:attachment":[{"href":"https:\/\/www.pressenza.com\/it\/wp-json\/wp\/v2\/media?parent=1128874"}],"wp:term":[{"taxonomy":"category","embeddable":true,"href":"https:\/\/www.pressenza.com\/it\/wp-json\/wp\/v2\/categories?post=1128874"},{"taxonomy":"post_tag","embeddable":true,"href":"https:\/\/www.pressenza.com\/it\/wp-json\/wp\/v2\/tags?post=1128874"}],"curies":[{"name":"wp","href":"https:\/\/api.w.org\/{rel}","templated":true}]}}