{"id":1124832,"date":"2020-06-03T16:55:42","date_gmt":"2020-06-03T15:55:42","guid":{"rendered":"https:\/\/www.pressenza.com\/?p=1124832"},"modified":"2020-06-03T16:59:05","modified_gmt":"2020-06-03T15:59:05","slug":"daddy-changed-the-world-scopriamo-il-mondo-nuovo","status":"publish","type":"post","link":"https:\/\/www.pressenza.com\/it\/2020\/06\/daddy-changed-the-world-scopriamo-il-mondo-nuovo\/","title":{"rendered":"\u201cDaddy changed the world\u201d: scopriamo il mondo nuovo"},"content":{"rendered":"<p>Quando \u00e8 iniziata la quarantena a causa dell\u2019emergenza Covid-19 ho percepito una paura diversa da quella provata per tutta la vita: quella dell\u2019incertezza assoluta. Mi sembrava tutto surreale, a tratti mi sentivo in quel famoso film, Contagion, che parlava proprio della diffusione di un virus trasmesso da goccioline respiratorie.<\/p>\n<p>Tra libri e allenamento (era cos\u00ec che tiravo sera) aspettavo le 18 per il bollettino della Protezione Civile. Quando tardava mi dicevo: \u201cAlmeno tiro un po\u2019 l\u2019orario\u201d. Poi il tg delle 20, con i giornalisti in studio vestiti di nero, che raccontavano il deserto in tutto il mondo e facevano vedere le immagini di Bergamo, a trenta minuti dal mio paesino, in cui vivono degli amici ai quali cercavo di stare pi\u00f9 vicina possibile.<\/p>\n<p>Quando hanno mostrato le immagini dei carri che portavano le salme fuori dalla citt\u00e0 dentro di me sono esplose mille sensazioni, ma la pi\u00f9 forte \u00e8 stata la speranza. Strano, lo so, \u00e8 stata una scena molto forte, ma \u00e8 stato anche il momento in cui ho pensato: \u201cAbbiamo toccato il fondo, \u00e8 ora di un nuovo slancio verso una luce diversa.\u201d<\/p>\n<p>Da l\u00ec la quarantena mi \u00e8 pesata molto di meno, anche se non \u00e8 stata una passeggiata. I momenti di sconforto li abbiamo tutti, per\u00f2 avevo un\u2019idea fissa in testa: quella del cambiamento. Il mondo ci ha lanciato un chiaro messaggio: fermatevi, state andando nella direzione sbagliata.<\/p>\n<p>Il 18 maggio in Italia abbiamo potuto ricominciare a uscire senza autocertificazione (dopo due mesi e otto giorni) e vedere il mondo mi ha emozionata. Volevo mettermi in gioco per davvero, sentivo dentro una fiamma nuova: quella del cambiamento. A partire da me stessa e dalle piccole cose che riguardano la mia vita quotidiana, del resto se non si inizia da se stessi \u00e8 un po\u2019 dura pretenderlo dagli altri. Cos\u00ec la prima settimana \u00e8 andata bene, mi sono sentita su un\u2019onda che avrebbe portato a una svolta che aspettavo da mesi.<\/p>\n<p>La seconda settimana si \u00e8 aperta in maniera drastica: sui social \u00e8 iniziato a girare un video, quel video, quello della morte di George Floyd, il cittadino afroamericano morto sotto al ginocchio di un poliziotto bianco a Minneapolis (Minnesota, Stati Uniti). Rabbia, paura, fame di giustizia. Quel giorno sono iniziate le proteste violente e nonviolente contro il razzismo a Minneapolis, che si sono poi diffuse a macchia d\u2019olio fino a comprendere tutti e 50 gli Stati degli USA in pochi giorni.<\/p>\n<p>\u00c8 un momento storico molto importante, in cui tutti gli Stati Uniti e, per risonanza, il resto del mondo si stanno alzando in piedi per un momento tanto aspettato: mobilitarsi in massa contro le discriminazioni.<\/p>\n<p>Le proteste sono nelle strade, ma anche sui social: il movimento \u201cBlack Lives Matter\u201d sta sensibilizzando, mostrando interviste, testimonianze ed episodi (anche violenti purtroppo) per rendere le persone consapevoli di quanto sia grave il problema del razzismo in tutto il mondo, non solo in America.<\/p>\n<p>Tutto questo mi ha preoccupata inizialmente, ma poi ho riflettuto: il cambiamento sta iniziando ad avvenire, possiamo vederlo, percepirlo e possiamo esserne parte.<\/p>\n<p>L\u2019attivismo non si \u00e8 mai fermato, nemmeno durante la pandemia, ma ora siamo in tanti. Possiamo cambiare il mondo iniziando da oggi.<\/p>\n<p>Come ha detto la figlia di 6 anni di George Floyd, \u201cDaddy changed the World\u201d (\u201cPap\u00e0 ha cambiato il mondo\u201d): lei lo vede gi\u00e0 il mondo nuovo. E\u2019 tempo di mostrarlo a tutti.<\/p>\n<p>&nbsp;<\/p>\n","protected":false},"excerpt":{"rendered":"<p>Quando \u00e8 iniziata la quarantena a causa dell\u2019emergenza Covid-19 ho percepito una paura diversa da quella provata per tutta la vita: quella dell\u2019incertezza assoluta. Mi sembrava tutto surreale, a tratti mi sentivo in quel famoso film, Contagion, che parlava proprio&hellip;<\/p>\n","protected":false},"author":1846,"featured_media":1124843,"comment_status":"closed","ping_status":"closed","sticky":false,"template":"","format":"standard","meta":{"footnotes":""},"categories":[11388,60,162,1259],"tags":[4380,76733,76617,70346,3502],"class_list":["post-1124832","post","type-post","status-publish","format-standard","has-post-thumbnail","hentry","category-contenuti-originali","category-diritti-umani","category-opinioni","category-salute-argomento","tag-attivismo","tag-mondo-nuovo","tag-morte-di-george-floyd","tag-pandemia","tag-proteste"],"yoast_head":"<!-- This site is optimized with the Yoast SEO plugin v27.1.1 - https:\/\/yoast.com\/product\/yoast-seo-wordpress\/ -->\n<title>\u201cDaddy changed the world\u201d: scopriamo il mondo nuovo<\/title>\n<meta name=\"description\" content=\"Quando \u00e8 iniziata la quarantena a causa dell\u2019emergenza Covid-19 ho percepito una paura diversa da quella provata per tutta la vita: quella dell\u2019incertezza\" \/>\n<meta name=\"robots\" content=\"index, follow, max-snippet:-1, max-image-preview:large, max-video-preview:-1\" \/>\n<link rel=\"canonical\" href=\"https:\/\/www.pressenza.com\/it\/2020\/06\/daddy-changed-the-world-scopriamo-il-mondo-nuovo\/\" \/>\n<meta property=\"og:locale\" content=\"it_IT\" \/>\n<meta property=\"og:type\" content=\"article\" \/>\n<meta property=\"og:title\" content=\"\u201cDaddy changed the world\u201d: scopriamo il mondo nuovo\" \/>\n<meta property=\"og:description\" content=\"Quando \u00e8 iniziata la quarantena a causa dell\u2019emergenza Covid-19 ho percepito una paura diversa da quella provata per tutta la vita: quella dell\u2019incertezza\" \/>\n<meta property=\"og:url\" content=\"https:\/\/www.pressenza.com\/it\/2020\/06\/daddy-changed-the-world-scopriamo-il-mondo-nuovo\/\" \/>\n<meta property=\"og:site_name\" content=\"Pressenza\" \/>\n<meta property=\"article:publisher\" content=\"https:\/\/www.facebook.com\/PressenzaItalia\" \/>\n<meta property=\"article:published_time\" content=\"2020-06-03T15:55:42+00:00\" \/>\n<meta property=\"article:modified_time\" content=\"2020-06-03T15:59:05+00:00\" \/>\n<meta property=\"og:image\" content=\"https:\/\/www.pressenza.com\/wp-content\/uploads\/2020\/06\/mondo-nuovo-Pixabay-1.jpg\" \/>\n\t<meta property=\"og:image:width\" content=\"1280\" \/>\n\t<meta property=\"og:image:height\" content=\"808\" \/>\n\t<meta property=\"og:image:type\" content=\"image\/jpeg\" \/>\n<meta name=\"author\" content=\"Benedetta Bartolo\" \/>\n<meta name=\"twitter:card\" content=\"summary_large_image\" \/>\n<meta name=\"twitter:creator\" content=\"@PressenzaIPA\" \/>\n<meta name=\"twitter:site\" content=\"@PressenzaIPA\" \/>\n<meta name=\"twitter:label1\" content=\"Scritto da\" \/>\n\t<meta name=\"twitter:data1\" content=\"Benedetta Bartolo\" \/>\n\t<meta name=\"twitter:label2\" content=\"Tempo di lettura stimato\" \/>\n\t<meta name=\"twitter:data2\" content=\"3 minuti\" \/>\n<script type=\"application\/ld+json\" class=\"yoast-schema-graph\">{\"@context\":\"https:\/\/schema.org\",\"@graph\":[{\"@type\":\"Article\",\"@id\":\"https:\/\/www.pressenza.com\/it\/2020\/06\/daddy-changed-the-world-scopriamo-il-mondo-nuovo\/#article\",\"isPartOf\":{\"@id\":\"https:\/\/www.pressenza.com\/it\/2020\/06\/daddy-changed-the-world-scopriamo-il-mondo-nuovo\/\"},\"author\":{\"name\":\"Benedetta Bartolo\",\"@id\":\"https:\/\/www.pressenza.com\/it\/#\/schema\/person\/ff8c4aa79732a4690c8c5217b338225b\"},\"headline\":\"\u201cDaddy changed the world\u201d: scopriamo il mondo nuovo\",\"datePublished\":\"2020-06-03T15:55:42+00:00\",\"dateModified\":\"2020-06-03T15:59:05+00:00\",\"mainEntityOfPage\":{\"@id\":\"https:\/\/www.pressenza.com\/it\/2020\/06\/daddy-changed-the-world-scopriamo-il-mondo-nuovo\/\"},\"wordCount\":561,\"publisher\":{\"@id\":\"https:\/\/www.pressenza.com\/it\/#organization\"},\"image\":{\"@id\":\"https:\/\/www.pressenza.com\/it\/2020\/06\/daddy-changed-the-world-scopriamo-il-mondo-nuovo\/#primaryimage\"},\"thumbnailUrl\":\"https:\/\/www.pressenza.com\/wp-content\/uploads\/2020\/06\/mondo-nuovo-Pixabay-1.jpg\",\"keywords\":[\"attivismo\",\"mondo nuovo\",\"morte di George Floyd\",\"pandemia\",\"proteste\"],\"articleSection\":[\"contenuti originali\",\"Diritti Umani\",\"Opinioni\",\"Salute\"],\"inLanguage\":\"it-IT\"},{\"@type\":\"WebPage\",\"@id\":\"https:\/\/www.pressenza.com\/it\/2020\/06\/daddy-changed-the-world-scopriamo-il-mondo-nuovo\/\",\"url\":\"https:\/\/www.pressenza.com\/it\/2020\/06\/daddy-changed-the-world-scopriamo-il-mondo-nuovo\/\",\"name\":\"\u201cDaddy changed the world\u201d: scopriamo il mondo nuovo\",\"isPartOf\":{\"@id\":\"https:\/\/www.pressenza.com\/it\/#website\"},\"primaryImageOfPage\":{\"@id\":\"https:\/\/www.pressenza.com\/it\/2020\/06\/daddy-changed-the-world-scopriamo-il-mondo-nuovo\/#primaryimage\"},\"image\":{\"@id\":\"https:\/\/www.pressenza.com\/it\/2020\/06\/daddy-changed-the-world-scopriamo-il-mondo-nuovo\/#primaryimage\"},\"thumbnailUrl\":\"https:\/\/www.pressenza.com\/wp-content\/uploads\/2020\/06\/mondo-nuovo-Pixabay-1.jpg\",\"datePublished\":\"2020-06-03T15:55:42+00:00\",\"dateModified\":\"2020-06-03T15:59:05+00:00\",\"description\":\"Quando \u00e8 iniziata la quarantena a causa dell\u2019emergenza Covid-19 ho percepito una paura diversa da quella provata per tutta la vita: quella dell\u2019incertezza\",\"breadcrumb\":{\"@id\":\"https:\/\/www.pressenza.com\/it\/2020\/06\/daddy-changed-the-world-scopriamo-il-mondo-nuovo\/#breadcrumb\"},\"inLanguage\":\"it-IT\",\"potentialAction\":[{\"@type\":\"ReadAction\",\"target\":[\"https:\/\/www.pressenza.com\/it\/2020\/06\/daddy-changed-the-world-scopriamo-il-mondo-nuovo\/\"]}]},{\"@type\":\"ImageObject\",\"inLanguage\":\"it-IT\",\"@id\":\"https:\/\/www.pressenza.com\/it\/2020\/06\/daddy-changed-the-world-scopriamo-il-mondo-nuovo\/#primaryimage\",\"url\":\"https:\/\/www.pressenza.com\/wp-content\/uploads\/2020\/06\/mondo-nuovo-Pixabay-1.jpg\",\"contentUrl\":\"https:\/\/www.pressenza.com\/wp-content\/uploads\/2020\/06\/mondo-nuovo-Pixabay-1.jpg\",\"width\":1280,\"height\":808},{\"@type\":\"BreadcrumbList\",\"@id\":\"https:\/\/www.pressenza.com\/it\/2020\/06\/daddy-changed-the-world-scopriamo-il-mondo-nuovo\/#breadcrumb\",\"itemListElement\":[{\"@type\":\"ListItem\",\"position\":1,\"name\":\"Accueil\",\"item\":\"https:\/\/www.pressenza.com\/it\/\"},{\"@type\":\"ListItem\",\"position\":2,\"name\":\"\u201cDaddy changed the world\u201d: scopriamo il mondo nuovo\"}]},{\"@type\":\"WebSite\",\"@id\":\"https:\/\/www.pressenza.com\/it\/#website\",\"url\":\"https:\/\/www.pressenza.com\/it\/\",\"name\":\"Pressenza\",\"description\":\"Agenzia di Stampa Internazionale\",\"publisher\":{\"@id\":\"https:\/\/www.pressenza.com\/it\/#organization\"},\"potentialAction\":[{\"@type\":\"SearchAction\",\"target\":{\"@type\":\"EntryPoint\",\"urlTemplate\":\"https:\/\/www.pressenza.com\/it\/?s={search_term_string}\"},\"query-input\":{\"@type\":\"PropertyValueSpecification\",\"valueRequired\":true,\"valueName\":\"search_term_string\"}}],\"inLanguage\":\"it-IT\"},{\"@type\":\"Organization\",\"@id\":\"https:\/\/www.pressenza.com\/it\/#organization\",\"name\":\"Pressenza\",\"url\":\"https:\/\/www.pressenza.com\/it\/\",\"logo\":{\"@type\":\"ImageObject\",\"inLanguage\":\"it-IT\",\"@id\":\"https:\/\/www.pressenza.com\/it\/#\/schema\/logo\/image\/\",\"url\":\"https:\/\/www.pressenza.com\/wp-content\/uploads\/2022\/10\/pressenza_logo_200x200.jpg\",\"contentUrl\":\"https:\/\/www.pressenza.com\/wp-content\/uploads\/2022\/10\/pressenza_logo_200x200.jpg\",\"width\":200,\"height\":200,\"caption\":\"Pressenza\"},\"image\":{\"@id\":\"https:\/\/www.pressenza.com\/it\/#\/schema\/logo\/image\/\"},\"sameAs\":[\"https:\/\/www.facebook.com\/PressenzaItalia\",\"https:\/\/x.com\/PressenzaIPA\"]},{\"@type\":\"Person\",\"@id\":\"https:\/\/www.pressenza.com\/it\/#\/schema\/person\/ff8c4aa79732a4690c8c5217b338225b\",\"name\":\"Benedetta Bartolo\",\"description\":\"Mi chiamo Benedetta Bartolo e sono una studentessa di scienze internazionali e istituzioni europee. Ho sempre avuto la passione per la scrittura e quando ha incontrato l\u2019interesse per l\u2019attualit\u00e0 non ho saputo trattenermi! Scrivo per fare del bene a me stessa sperando di farne anche a chi legge e non vedo l\u2019ora di imparare cose nuove e fare tanta esperienza!\",\"url\":\"https:\/\/www.pressenza.com\/it\/author\/benedetta-bartolo\/\"}]}<\/script>\n<!-- \/ Yoast SEO plugin. -->","yoast_head_json":{"title":"\u201cDaddy changed the world\u201d: scopriamo il mondo nuovo","description":"Quando \u00e8 iniziata la quarantena a causa dell\u2019emergenza Covid-19 ho percepito una paura diversa da quella provata per tutta la vita: quella dell\u2019incertezza","robots":{"index":"index","follow":"follow","max-snippet":"max-snippet:-1","max-image-preview":"max-image-preview:large","max-video-preview":"max-video-preview:-1"},"canonical":"https:\/\/www.pressenza.com\/it\/2020\/06\/daddy-changed-the-world-scopriamo-il-mondo-nuovo\/","og_locale":"it_IT","og_type":"article","og_title":"\u201cDaddy changed the world\u201d: scopriamo il mondo nuovo","og_description":"Quando \u00e8 iniziata la quarantena a causa dell\u2019emergenza Covid-19 ho percepito una paura diversa da quella provata per tutta la vita: quella dell\u2019incertezza","og_url":"https:\/\/www.pressenza.com\/it\/2020\/06\/daddy-changed-the-world-scopriamo-il-mondo-nuovo\/","og_site_name":"Pressenza","article_publisher":"https:\/\/www.facebook.com\/PressenzaItalia","article_published_time":"2020-06-03T15:55:42+00:00","article_modified_time":"2020-06-03T15:59:05+00:00","og_image":[{"width":1280,"height":808,"url":"https:\/\/www.pressenza.com\/wp-content\/uploads\/2020\/06\/mondo-nuovo-Pixabay-1.jpg","type":"image\/jpeg"}],"author":"Benedetta Bartolo","twitter_card":"summary_large_image","twitter_creator":"@PressenzaIPA","twitter_site":"@PressenzaIPA","twitter_misc":{"Scritto da":"Benedetta Bartolo","Tempo di lettura stimato":"3 minuti"},"schema":{"@context":"https:\/\/schema.org","@graph":[{"@type":"Article","@id":"https:\/\/www.pressenza.com\/it\/2020\/06\/daddy-changed-the-world-scopriamo-il-mondo-nuovo\/#article","isPartOf":{"@id":"https:\/\/www.pressenza.com\/it\/2020\/06\/daddy-changed-the-world-scopriamo-il-mondo-nuovo\/"},"author":{"name":"Benedetta Bartolo","@id":"https:\/\/www.pressenza.com\/it\/#\/schema\/person\/ff8c4aa79732a4690c8c5217b338225b"},"headline":"\u201cDaddy changed the world\u201d: scopriamo il mondo nuovo","datePublished":"2020-06-03T15:55:42+00:00","dateModified":"2020-06-03T15:59:05+00:00","mainEntityOfPage":{"@id":"https:\/\/www.pressenza.com\/it\/2020\/06\/daddy-changed-the-world-scopriamo-il-mondo-nuovo\/"},"wordCount":561,"publisher":{"@id":"https:\/\/www.pressenza.com\/it\/#organization"},"image":{"@id":"https:\/\/www.pressenza.com\/it\/2020\/06\/daddy-changed-the-world-scopriamo-il-mondo-nuovo\/#primaryimage"},"thumbnailUrl":"https:\/\/www.pressenza.com\/wp-content\/uploads\/2020\/06\/mondo-nuovo-Pixabay-1.jpg","keywords":["attivismo","mondo nuovo","morte di George Floyd","pandemia","proteste"],"articleSection":["contenuti originali","Diritti Umani","Opinioni","Salute"],"inLanguage":"it-IT"},{"@type":"WebPage","@id":"https:\/\/www.pressenza.com\/it\/2020\/06\/daddy-changed-the-world-scopriamo-il-mondo-nuovo\/","url":"https:\/\/www.pressenza.com\/it\/2020\/06\/daddy-changed-the-world-scopriamo-il-mondo-nuovo\/","name":"\u201cDaddy changed the world\u201d: scopriamo il mondo nuovo","isPartOf":{"@id":"https:\/\/www.pressenza.com\/it\/#website"},"primaryImageOfPage":{"@id":"https:\/\/www.pressenza.com\/it\/2020\/06\/daddy-changed-the-world-scopriamo-il-mondo-nuovo\/#primaryimage"},"image":{"@id":"https:\/\/www.pressenza.com\/it\/2020\/06\/daddy-changed-the-world-scopriamo-il-mondo-nuovo\/#primaryimage"},"thumbnailUrl":"https:\/\/www.pressenza.com\/wp-content\/uploads\/2020\/06\/mondo-nuovo-Pixabay-1.jpg","datePublished":"2020-06-03T15:55:42+00:00","dateModified":"2020-06-03T15:59:05+00:00","description":"Quando \u00e8 iniziata la quarantena a causa dell\u2019emergenza Covid-19 ho percepito una paura diversa da quella provata per tutta la vita: quella dell\u2019incertezza","breadcrumb":{"@id":"https:\/\/www.pressenza.com\/it\/2020\/06\/daddy-changed-the-world-scopriamo-il-mondo-nuovo\/#breadcrumb"},"inLanguage":"it-IT","potentialAction":[{"@type":"ReadAction","target":["https:\/\/www.pressenza.com\/it\/2020\/06\/daddy-changed-the-world-scopriamo-il-mondo-nuovo\/"]}]},{"@type":"ImageObject","inLanguage":"it-IT","@id":"https:\/\/www.pressenza.com\/it\/2020\/06\/daddy-changed-the-world-scopriamo-il-mondo-nuovo\/#primaryimage","url":"https:\/\/www.pressenza.com\/wp-content\/uploads\/2020\/06\/mondo-nuovo-Pixabay-1.jpg","contentUrl":"https:\/\/www.pressenza.com\/wp-content\/uploads\/2020\/06\/mondo-nuovo-Pixabay-1.jpg","width":1280,"height":808},{"@type":"BreadcrumbList","@id":"https:\/\/www.pressenza.com\/it\/2020\/06\/daddy-changed-the-world-scopriamo-il-mondo-nuovo\/#breadcrumb","itemListElement":[{"@type":"ListItem","position":1,"name":"Accueil","item":"https:\/\/www.pressenza.com\/it\/"},{"@type":"ListItem","position":2,"name":"\u201cDaddy changed the world\u201d: scopriamo il mondo nuovo"}]},{"@type":"WebSite","@id":"https:\/\/www.pressenza.com\/it\/#website","url":"https:\/\/www.pressenza.com\/it\/","name":"Pressenza","description":"Agenzia di Stampa Internazionale","publisher":{"@id":"https:\/\/www.pressenza.com\/it\/#organization"},"potentialAction":[{"@type":"SearchAction","target":{"@type":"EntryPoint","urlTemplate":"https:\/\/www.pressenza.com\/it\/?s={search_term_string}"},"query-input":{"@type":"PropertyValueSpecification","valueRequired":true,"valueName":"search_term_string"}}],"inLanguage":"it-IT"},{"@type":"Organization","@id":"https:\/\/www.pressenza.com\/it\/#organization","name":"Pressenza","url":"https:\/\/www.pressenza.com\/it\/","logo":{"@type":"ImageObject","inLanguage":"it-IT","@id":"https:\/\/www.pressenza.com\/it\/#\/schema\/logo\/image\/","url":"https:\/\/www.pressenza.com\/wp-content\/uploads\/2022\/10\/pressenza_logo_200x200.jpg","contentUrl":"https:\/\/www.pressenza.com\/wp-content\/uploads\/2022\/10\/pressenza_logo_200x200.jpg","width":200,"height":200,"caption":"Pressenza"},"image":{"@id":"https:\/\/www.pressenza.com\/it\/#\/schema\/logo\/image\/"},"sameAs":["https:\/\/www.facebook.com\/PressenzaItalia","https:\/\/x.com\/PressenzaIPA"]},{"@type":"Person","@id":"https:\/\/www.pressenza.com\/it\/#\/schema\/person\/ff8c4aa79732a4690c8c5217b338225b","name":"Benedetta Bartolo","description":"Mi chiamo Benedetta Bartolo e sono una studentessa di scienze internazionali e istituzioni europee. Ho sempre avuto la passione per la scrittura e quando ha incontrato l\u2019interesse per l\u2019attualit\u00e0 non ho saputo trattenermi! Scrivo per fare del bene a me stessa sperando di farne anche a chi legge e non vedo l\u2019ora di imparare cose nuove e fare tanta esperienza!","url":"https:\/\/www.pressenza.com\/it\/author\/benedetta-bartolo\/"}]}},"place":"","original_article_url":"","_links":{"self":[{"href":"https:\/\/www.pressenza.com\/it\/wp-json\/wp\/v2\/posts\/1124832","targetHints":{"allow":["GET"]}}],"collection":[{"href":"https:\/\/www.pressenza.com\/it\/wp-json\/wp\/v2\/posts"}],"about":[{"href":"https:\/\/www.pressenza.com\/it\/wp-json\/wp\/v2\/types\/post"}],"author":[{"embeddable":true,"href":"https:\/\/www.pressenza.com\/it\/wp-json\/wp\/v2\/users\/1846"}],"replies":[{"embeddable":true,"href":"https:\/\/www.pressenza.com\/it\/wp-json\/wp\/v2\/comments?post=1124832"}],"version-history":[{"count":0,"href":"https:\/\/www.pressenza.com\/it\/wp-json\/wp\/v2\/posts\/1124832\/revisions"}],"wp:featuredmedia":[{"embeddable":true,"href":"https:\/\/www.pressenza.com\/it\/wp-json\/wp\/v2\/media\/1124843"}],"wp:attachment":[{"href":"https:\/\/www.pressenza.com\/it\/wp-json\/wp\/v2\/media?parent=1124832"}],"wp:term":[{"taxonomy":"category","embeddable":true,"href":"https:\/\/www.pressenza.com\/it\/wp-json\/wp\/v2\/categories?post=1124832"},{"taxonomy":"post_tag","embeddable":true,"href":"https:\/\/www.pressenza.com\/it\/wp-json\/wp\/v2\/tags?post=1124832"}],"curies":[{"name":"wp","href":"https:\/\/api.w.org\/{rel}","templated":true}]}}