{"id":1122812,"date":"2020-05-31T16:45:56","date_gmt":"2020-05-31T15:45:56","guid":{"rendered":"https:\/\/www.pressenza.com\/?p=1122812"},"modified":"2020-06-14T10:08:01","modified_gmt":"2020-06-14T09:08:01","slug":"ritorno-alla-normalita-1-riccardo-noury-di-amnesty-international","status":"publish","type":"post","link":"https:\/\/www.pressenza.com\/it\/2020\/05\/ritorno-alla-normalita-1-riccardo-noury-di-amnesty-international\/","title":{"rendered":"Ritorno alla normalit\u00e0? 1. Riccardo Noury di Amnesty International"},"content":{"rendered":"<p><strong>Ora che stiamo uscendo dall\u2019emergenza Covid19 molti dicono: \u201cNon vogliamo tornare alla normalit\u00e0 perch\u00e9 la normalit\u00e0 era il problema\u201d. Questa dunque pu\u00f2 essere una grande occasione di cambiamento.\u00a0Qual \u00e8 secondo te la necessit\u00e0 di cambiamento pi\u00f9 urgente in questo momento e cosa sei disposto a fare in quella direzione?<\/strong><\/p>\n<p>Una profonda redistribuzione delle risorse disponibili, verso il rafforzamento della sanit\u00e0 pubblica (medicina del territorio e della prevenzione piuttosto che ospedali-aziende) e politiche che non escludano ulteriormente coloro che gi\u00e0 sono stati pi\u00f9 vulnerabili di altri durante la pandemia e che rischiano di essere tra i &#8220;non ripartenti&#8221;. Infine, sono convinto che debbano essere accertate in modo indipendente e imparziale eventuali responsabilit\u00e0 nel diniego del diritto alla salute e alle cure mediche durante la pandemia.<\/p>\n<p><strong>Cosa\u00a0servirebbe per appoggiare quel cambiamento, a livello personale e a livello sociale?<\/strong><\/p>\n<p>Mi auguro che aver condiviso, sebbene non tutti con la stessa drammaticit\u00e0 e con gli stessi lutti e perdite di vite umane, un&#8217;esperienza cos\u00ec totalizzante come mai dalla Seconda Guerra Mondiale (peraltro non vissuta da molte delle generazioni che hanno attraversato questa) possa spingere convintamente verso quel cambiamento sociale. Nella fase che io non chiamerei post-Covid ma con-Covid, abbiamo di fronte due scelte opposte: un ritorno alla divisione, alla xenofobia, alla demagogia, alle misure di austerit\u00e0 ancora una volta dirette contro i poveri, con la normalizzazione delle misure straordinarie di questi mesi; oppure la nascita, proprio dall\u2019aver condiviso un periodo cos\u00ec drammatico, di una nuova era di cooperazione, solidariet\u00e0 e unit\u00e0, un\u2019era di rinnovato impegno per ricucire le fratture sociali e le ineguaglianze cos\u00ec brutalmente messe in evidenza dalla pandemia.<\/p>\n<p>&nbsp;<\/p>\n","protected":false},"excerpt":{"rendered":"<p>Ora che stiamo uscendo dall\u2019emergenza Covid19 molti dicono: \u201cNon vogliamo tornare alla normalit\u00e0 perch\u00e9 la normalit\u00e0 era il problema\u201d. Questa dunque pu\u00f2 essere una grande occasione di cambiamento.\u00a0Qual \u00e8 secondo te la necessit\u00e0 di cambiamento pi\u00f9 urgente in questo momento&hellip;<\/p>\n","protected":false},"author":1722,"featured_media":1122813,"comment_status":"closed","ping_status":"closed","sticky":false,"template":"","format":"standard","meta":{"footnotes":""},"categories":[11388,60,157],"tags":[1120,2345,7229,74599,52427,1634],"class_list":["post-1122812","post","type-post","status-publish","format-standard","has-post-thumbnail","hentry","category-contenuti-originali","category-diritti-umani","category-interviste","tag-amnesty-international-2","tag-cambiamento","tag-disuguaglianze","tag-ritorno-alla-normalita","tag-sanita-pubblica","tag-solidarieta"],"yoast_head":"<!-- This site is optimized with the Yoast SEO plugin v27.1.1 - https:\/\/yoast.com\/product\/yoast-seo-wordpress\/ -->\n<title>Ritorno alla normalit\u00e0? 1. Riccardo Noury di Amnesty International<\/title>\n<meta name=\"description\" content=\"Ora che stiamo uscendo dall\u2019emergenza Covid19 molti dicono: \u201cNon vogliamo tornare alla normalit\u00e0 perch\u00e9 la normalit\u00e0 era il problema\u201d. Questa dunque pu\u00f2\" \/>\n<meta name=\"robots\" content=\"index, follow, max-snippet:-1, max-image-preview:large, max-video-preview:-1\" \/>\n<link rel=\"canonical\" href=\"https:\/\/www.pressenza.com\/it\/2020\/05\/ritorno-alla-normalita-1-riccardo-noury-di-amnesty-international\/\" \/>\n<meta property=\"og:locale\" content=\"it_IT\" \/>\n<meta property=\"og:type\" content=\"article\" \/>\n<meta property=\"og:title\" content=\"Ritorno alla normalit\u00e0? 1. Riccardo Noury di Amnesty International\" \/>\n<meta property=\"og:description\" content=\"Ora che stiamo uscendo dall\u2019emergenza Covid19 molti dicono: \u201cNon vogliamo tornare alla normalit\u00e0 perch\u00e9 la normalit\u00e0 era il problema\u201d. Questa dunque pu\u00f2\" \/>\n<meta property=\"og:url\" content=\"https:\/\/www.pressenza.com\/it\/2020\/05\/ritorno-alla-normalita-1-riccardo-noury-di-amnesty-international\/\" \/>\n<meta property=\"og:site_name\" content=\"Pressenza\" \/>\n<meta property=\"article:publisher\" content=\"https:\/\/www.facebook.com\/PressenzaItalia\" \/>\n<meta property=\"article:published_time\" content=\"2020-05-31T15:45:56+00:00\" \/>\n<meta property=\"article:modified_time\" content=\"2020-06-14T09:08:01+00:00\" \/>\n<meta property=\"og:image\" content=\"https:\/\/www.pressenza.com\/wp-content\/uploads\/2020\/05\/palco04-Noury.jpg\" \/>\n\t<meta property=\"og:image:width\" content=\"960\" \/>\n\t<meta property=\"og:image:height\" content=\"720\" \/>\n\t<meta property=\"og:image:type\" content=\"image\/jpeg\" \/>\n<meta name=\"author\" content=\"Redazione Milano\" \/>\n<meta name=\"twitter:card\" content=\"summary_large_image\" \/>\n<meta name=\"twitter:creator\" content=\"@PressenzaIPA\" \/>\n<meta name=\"twitter:site\" content=\"@PressenzaIPA\" \/>\n<meta name=\"twitter:label1\" content=\"Scritto da\" \/>\n\t<meta name=\"twitter:data1\" content=\"Redazione Milano\" \/>\n\t<meta name=\"twitter:label2\" content=\"Tempo di lettura stimato\" \/>\n\t<meta name=\"twitter:data2\" content=\"1 minuto\" \/>\n<script type=\"application\/ld+json\" class=\"yoast-schema-graph\">{\"@context\":\"https:\/\/schema.org\",\"@graph\":[{\"@type\":\"Article\",\"@id\":\"https:\/\/www.pressenza.com\/it\/2020\/05\/ritorno-alla-normalita-1-riccardo-noury-di-amnesty-international\/#article\",\"isPartOf\":{\"@id\":\"https:\/\/www.pressenza.com\/it\/2020\/05\/ritorno-alla-normalita-1-riccardo-noury-di-amnesty-international\/\"},\"author\":{\"name\":\"Redazione Milano\",\"@id\":\"https:\/\/www.pressenza.com\/it\/#\/schema\/person\/746fc8cdd6c8e3d918fb5714b3583e41\"},\"headline\":\"Ritorno alla normalit\u00e0? 1. Riccardo Noury di Amnesty International\",\"datePublished\":\"2020-05-31T15:45:56+00:00\",\"dateModified\":\"2020-06-14T09:08:01+00:00\",\"mainEntityOfPage\":{\"@id\":\"https:\/\/www.pressenza.com\/it\/2020\/05\/ritorno-alla-normalita-1-riccardo-noury-di-amnesty-international\/\"},\"wordCount\":280,\"publisher\":{\"@id\":\"https:\/\/www.pressenza.com\/it\/#organization\"},\"image\":{\"@id\":\"https:\/\/www.pressenza.com\/it\/2020\/05\/ritorno-alla-normalita-1-riccardo-noury-di-amnesty-international\/#primaryimage\"},\"thumbnailUrl\":\"https:\/\/www.pressenza.com\/wp-content\/uploads\/2020\/05\/palco04-Noury.jpg\",\"keywords\":[\"Amnesty International\",\"cambiamento\",\"disuguaglianze\",\"ritorno alla normalit\u00e0\",\"sanit\u00e0 pubblica\",\"solidariet\u00e0\"],\"articleSection\":[\"contenuti originali\",\"Diritti Umani\",\"Interviste\"],\"inLanguage\":\"it-IT\"},{\"@type\":\"WebPage\",\"@id\":\"https:\/\/www.pressenza.com\/it\/2020\/05\/ritorno-alla-normalita-1-riccardo-noury-di-amnesty-international\/\",\"url\":\"https:\/\/www.pressenza.com\/it\/2020\/05\/ritorno-alla-normalita-1-riccardo-noury-di-amnesty-international\/\",\"name\":\"Ritorno alla normalit\u00e0? 1. Riccardo Noury di Amnesty International\",\"isPartOf\":{\"@id\":\"https:\/\/www.pressenza.com\/it\/#website\"},\"primaryImageOfPage\":{\"@id\":\"https:\/\/www.pressenza.com\/it\/2020\/05\/ritorno-alla-normalita-1-riccardo-noury-di-amnesty-international\/#primaryimage\"},\"image\":{\"@id\":\"https:\/\/www.pressenza.com\/it\/2020\/05\/ritorno-alla-normalita-1-riccardo-noury-di-amnesty-international\/#primaryimage\"},\"thumbnailUrl\":\"https:\/\/www.pressenza.com\/wp-content\/uploads\/2020\/05\/palco04-Noury.jpg\",\"datePublished\":\"2020-05-31T15:45:56+00:00\",\"dateModified\":\"2020-06-14T09:08:01+00:00\",\"description\":\"Ora che stiamo uscendo dall\u2019emergenza Covid19 molti dicono: \u201cNon vogliamo tornare alla normalit\u00e0 perch\u00e9 la normalit\u00e0 era il problema\u201d. Questa dunque pu\u00f2\",\"breadcrumb\":{\"@id\":\"https:\/\/www.pressenza.com\/it\/2020\/05\/ritorno-alla-normalita-1-riccardo-noury-di-amnesty-international\/#breadcrumb\"},\"inLanguage\":\"it-IT\",\"potentialAction\":[{\"@type\":\"ReadAction\",\"target\":[\"https:\/\/www.pressenza.com\/it\/2020\/05\/ritorno-alla-normalita-1-riccardo-noury-di-amnesty-international\/\"]}]},{\"@type\":\"ImageObject\",\"inLanguage\":\"it-IT\",\"@id\":\"https:\/\/www.pressenza.com\/it\/2020\/05\/ritorno-alla-normalita-1-riccardo-noury-di-amnesty-international\/#primaryimage\",\"url\":\"https:\/\/www.pressenza.com\/wp-content\/uploads\/2020\/05\/palco04-Noury.jpg\",\"contentUrl\":\"https:\/\/www.pressenza.com\/wp-content\/uploads\/2020\/05\/palco04-Noury.jpg\",\"width\":960,\"height\":720},{\"@type\":\"BreadcrumbList\",\"@id\":\"https:\/\/www.pressenza.com\/it\/2020\/05\/ritorno-alla-normalita-1-riccardo-noury-di-amnesty-international\/#breadcrumb\",\"itemListElement\":[{\"@type\":\"ListItem\",\"position\":1,\"name\":\"Accueil\",\"item\":\"https:\/\/www.pressenza.com\/it\/\"},{\"@type\":\"ListItem\",\"position\":2,\"name\":\"Ritorno alla normalit\u00e0? 1. Riccardo Noury di Amnesty International\"}]},{\"@type\":\"WebSite\",\"@id\":\"https:\/\/www.pressenza.com\/it\/#website\",\"url\":\"https:\/\/www.pressenza.com\/it\/\",\"name\":\"Pressenza\",\"description\":\"Agenzia di Stampa Internazionale\",\"publisher\":{\"@id\":\"https:\/\/www.pressenza.com\/it\/#organization\"},\"potentialAction\":[{\"@type\":\"SearchAction\",\"target\":{\"@type\":\"EntryPoint\",\"urlTemplate\":\"https:\/\/www.pressenza.com\/it\/?s={search_term_string}\"},\"query-input\":{\"@type\":\"PropertyValueSpecification\",\"valueRequired\":true,\"valueName\":\"search_term_string\"}}],\"inLanguage\":\"it-IT\"},{\"@type\":\"Organization\",\"@id\":\"https:\/\/www.pressenza.com\/it\/#organization\",\"name\":\"Pressenza\",\"url\":\"https:\/\/www.pressenza.com\/it\/\",\"logo\":{\"@type\":\"ImageObject\",\"inLanguage\":\"it-IT\",\"@id\":\"https:\/\/www.pressenza.com\/it\/#\/schema\/logo\/image\/\",\"url\":\"https:\/\/www.pressenza.com\/wp-content\/uploads\/2022\/10\/pressenza_logo_200x200.jpg\",\"contentUrl\":\"https:\/\/www.pressenza.com\/wp-content\/uploads\/2022\/10\/pressenza_logo_200x200.jpg\",\"width\":200,\"height\":200,\"caption\":\"Pressenza\"},\"image\":{\"@id\":\"https:\/\/www.pressenza.com\/it\/#\/schema\/logo\/image\/\"},\"sameAs\":[\"https:\/\/www.facebook.com\/PressenzaItalia\",\"https:\/\/x.com\/PressenzaIPA\"]},{\"@type\":\"Person\",\"@id\":\"https:\/\/www.pressenza.com\/it\/#\/schema\/person\/746fc8cdd6c8e3d918fb5714b3583e41\",\"name\":\"Redazione Milano\",\"description\":\"News from the Pressenza Bureau in Milan, Italy\",\"url\":\"https:\/\/www.pressenza.com\/it\/author\/redazione-milano\/\"}]}<\/script>\n<!-- \/ Yoast SEO plugin. -->","yoast_head_json":{"title":"Ritorno alla normalit\u00e0? 1. Riccardo Noury di Amnesty International","description":"Ora che stiamo uscendo dall\u2019emergenza Covid19 molti dicono: \u201cNon vogliamo tornare alla normalit\u00e0 perch\u00e9 la normalit\u00e0 era il problema\u201d. Questa dunque pu\u00f2","robots":{"index":"index","follow":"follow","max-snippet":"max-snippet:-1","max-image-preview":"max-image-preview:large","max-video-preview":"max-video-preview:-1"},"canonical":"https:\/\/www.pressenza.com\/it\/2020\/05\/ritorno-alla-normalita-1-riccardo-noury-di-amnesty-international\/","og_locale":"it_IT","og_type":"article","og_title":"Ritorno alla normalit\u00e0? 1. Riccardo Noury di Amnesty International","og_description":"Ora che stiamo uscendo dall\u2019emergenza Covid19 molti dicono: \u201cNon vogliamo tornare alla normalit\u00e0 perch\u00e9 la normalit\u00e0 era il problema\u201d. Questa dunque pu\u00f2","og_url":"https:\/\/www.pressenza.com\/it\/2020\/05\/ritorno-alla-normalita-1-riccardo-noury-di-amnesty-international\/","og_site_name":"Pressenza","article_publisher":"https:\/\/www.facebook.com\/PressenzaItalia","article_published_time":"2020-05-31T15:45:56+00:00","article_modified_time":"2020-06-14T09:08:01+00:00","og_image":[{"width":960,"height":720,"url":"https:\/\/www.pressenza.com\/wp-content\/uploads\/2020\/05\/palco04-Noury.jpg","type":"image\/jpeg"}],"author":"Redazione Milano","twitter_card":"summary_large_image","twitter_creator":"@PressenzaIPA","twitter_site":"@PressenzaIPA","twitter_misc":{"Scritto da":"Redazione Milano","Tempo di lettura stimato":"1 minuto"},"schema":{"@context":"https:\/\/schema.org","@graph":[{"@type":"Article","@id":"https:\/\/www.pressenza.com\/it\/2020\/05\/ritorno-alla-normalita-1-riccardo-noury-di-amnesty-international\/#article","isPartOf":{"@id":"https:\/\/www.pressenza.com\/it\/2020\/05\/ritorno-alla-normalita-1-riccardo-noury-di-amnesty-international\/"},"author":{"name":"Redazione Milano","@id":"https:\/\/www.pressenza.com\/it\/#\/schema\/person\/746fc8cdd6c8e3d918fb5714b3583e41"},"headline":"Ritorno alla normalit\u00e0? 1. Riccardo Noury di Amnesty International","datePublished":"2020-05-31T15:45:56+00:00","dateModified":"2020-06-14T09:08:01+00:00","mainEntityOfPage":{"@id":"https:\/\/www.pressenza.com\/it\/2020\/05\/ritorno-alla-normalita-1-riccardo-noury-di-amnesty-international\/"},"wordCount":280,"publisher":{"@id":"https:\/\/www.pressenza.com\/it\/#organization"},"image":{"@id":"https:\/\/www.pressenza.com\/it\/2020\/05\/ritorno-alla-normalita-1-riccardo-noury-di-amnesty-international\/#primaryimage"},"thumbnailUrl":"https:\/\/www.pressenza.com\/wp-content\/uploads\/2020\/05\/palco04-Noury.jpg","keywords":["Amnesty International","cambiamento","disuguaglianze","ritorno alla normalit\u00e0","sanit\u00e0 pubblica","solidariet\u00e0"],"articleSection":["contenuti originali","Diritti Umani","Interviste"],"inLanguage":"it-IT"},{"@type":"WebPage","@id":"https:\/\/www.pressenza.com\/it\/2020\/05\/ritorno-alla-normalita-1-riccardo-noury-di-amnesty-international\/","url":"https:\/\/www.pressenza.com\/it\/2020\/05\/ritorno-alla-normalita-1-riccardo-noury-di-amnesty-international\/","name":"Ritorno alla normalit\u00e0? 1. Riccardo Noury di Amnesty International","isPartOf":{"@id":"https:\/\/www.pressenza.com\/it\/#website"},"primaryImageOfPage":{"@id":"https:\/\/www.pressenza.com\/it\/2020\/05\/ritorno-alla-normalita-1-riccardo-noury-di-amnesty-international\/#primaryimage"},"image":{"@id":"https:\/\/www.pressenza.com\/it\/2020\/05\/ritorno-alla-normalita-1-riccardo-noury-di-amnesty-international\/#primaryimage"},"thumbnailUrl":"https:\/\/www.pressenza.com\/wp-content\/uploads\/2020\/05\/palco04-Noury.jpg","datePublished":"2020-05-31T15:45:56+00:00","dateModified":"2020-06-14T09:08:01+00:00","description":"Ora che stiamo uscendo dall\u2019emergenza Covid19 molti dicono: \u201cNon vogliamo tornare alla normalit\u00e0 perch\u00e9 la normalit\u00e0 era il problema\u201d. Questa dunque pu\u00f2","breadcrumb":{"@id":"https:\/\/www.pressenza.com\/it\/2020\/05\/ritorno-alla-normalita-1-riccardo-noury-di-amnesty-international\/#breadcrumb"},"inLanguage":"it-IT","potentialAction":[{"@type":"ReadAction","target":["https:\/\/www.pressenza.com\/it\/2020\/05\/ritorno-alla-normalita-1-riccardo-noury-di-amnesty-international\/"]}]},{"@type":"ImageObject","inLanguage":"it-IT","@id":"https:\/\/www.pressenza.com\/it\/2020\/05\/ritorno-alla-normalita-1-riccardo-noury-di-amnesty-international\/#primaryimage","url":"https:\/\/www.pressenza.com\/wp-content\/uploads\/2020\/05\/palco04-Noury.jpg","contentUrl":"https:\/\/www.pressenza.com\/wp-content\/uploads\/2020\/05\/palco04-Noury.jpg","width":960,"height":720},{"@type":"BreadcrumbList","@id":"https:\/\/www.pressenza.com\/it\/2020\/05\/ritorno-alla-normalita-1-riccardo-noury-di-amnesty-international\/#breadcrumb","itemListElement":[{"@type":"ListItem","position":1,"name":"Accueil","item":"https:\/\/www.pressenza.com\/it\/"},{"@type":"ListItem","position":2,"name":"Ritorno alla normalit\u00e0? 1. Riccardo Noury di Amnesty International"}]},{"@type":"WebSite","@id":"https:\/\/www.pressenza.com\/it\/#website","url":"https:\/\/www.pressenza.com\/it\/","name":"Pressenza","description":"Agenzia di Stampa Internazionale","publisher":{"@id":"https:\/\/www.pressenza.com\/it\/#organization"},"potentialAction":[{"@type":"SearchAction","target":{"@type":"EntryPoint","urlTemplate":"https:\/\/www.pressenza.com\/it\/?s={search_term_string}"},"query-input":{"@type":"PropertyValueSpecification","valueRequired":true,"valueName":"search_term_string"}}],"inLanguage":"it-IT"},{"@type":"Organization","@id":"https:\/\/www.pressenza.com\/it\/#organization","name":"Pressenza","url":"https:\/\/www.pressenza.com\/it\/","logo":{"@type":"ImageObject","inLanguage":"it-IT","@id":"https:\/\/www.pressenza.com\/it\/#\/schema\/logo\/image\/","url":"https:\/\/www.pressenza.com\/wp-content\/uploads\/2022\/10\/pressenza_logo_200x200.jpg","contentUrl":"https:\/\/www.pressenza.com\/wp-content\/uploads\/2022\/10\/pressenza_logo_200x200.jpg","width":200,"height":200,"caption":"Pressenza"},"image":{"@id":"https:\/\/www.pressenza.com\/it\/#\/schema\/logo\/image\/"},"sameAs":["https:\/\/www.facebook.com\/PressenzaItalia","https:\/\/x.com\/PressenzaIPA"]},{"@type":"Person","@id":"https:\/\/www.pressenza.com\/it\/#\/schema\/person\/746fc8cdd6c8e3d918fb5714b3583e41","name":"Redazione Milano","description":"News from the Pressenza Bureau in Milan, Italy","url":"https:\/\/www.pressenza.com\/it\/author\/redazione-milano\/"}]}},"place":"","original_article_url":"","_links":{"self":[{"href":"https:\/\/www.pressenza.com\/it\/wp-json\/wp\/v2\/posts\/1122812","targetHints":{"allow":["GET"]}}],"collection":[{"href":"https:\/\/www.pressenza.com\/it\/wp-json\/wp\/v2\/posts"}],"about":[{"href":"https:\/\/www.pressenza.com\/it\/wp-json\/wp\/v2\/types\/post"}],"author":[{"embeddable":true,"href":"https:\/\/www.pressenza.com\/it\/wp-json\/wp\/v2\/users\/1722"}],"replies":[{"embeddable":true,"href":"https:\/\/www.pressenza.com\/it\/wp-json\/wp\/v2\/comments?post=1122812"}],"version-history":[{"count":0,"href":"https:\/\/www.pressenza.com\/it\/wp-json\/wp\/v2\/posts\/1122812\/revisions"}],"wp:featuredmedia":[{"embeddable":true,"href":"https:\/\/www.pressenza.com\/it\/wp-json\/wp\/v2\/media\/1122813"}],"wp:attachment":[{"href":"https:\/\/www.pressenza.com\/it\/wp-json\/wp\/v2\/media?parent=1122812"}],"wp:term":[{"taxonomy":"category","embeddable":true,"href":"https:\/\/www.pressenza.com\/it\/wp-json\/wp\/v2\/categories?post=1122812"},{"taxonomy":"post_tag","embeddable":true,"href":"https:\/\/www.pressenza.com\/it\/wp-json\/wp\/v2\/tags?post=1122812"}],"curies":[{"name":"wp","href":"https:\/\/api.w.org\/{rel}","templated":true}]}}