{"id":1120929,"date":"2020-05-29T20:16:22","date_gmt":"2020-05-29T19:16:22","guid":{"rendered":"https:\/\/www.pressenza.com\/?p=1120929"},"modified":"2020-05-29T20:20:11","modified_gmt":"2020-05-29T19:20:11","slug":"milano-due-giorni-dopo-ancora-in-piazza-contro-fontana-e-gallera","status":"publish","type":"post","link":"https:\/\/www.pressenza.com\/it\/2020\/05\/milano-due-giorni-dopo-ancora-in-piazza-contro-fontana-e-gallera\/","title":{"rendered":"Milano, due giorni dopo, ancora in piazza contro Fontana e Gallera"},"content":{"rendered":"<p>Altrettante persone <a href=\"https:\/\/www.pressenza.com\/it\/2020\/05\/milano-la-piazza-e-noi-in-carne-ed-ossa\/\">due giorni dopo<\/a>, e ben poche erano le stesse, ma il luogo era sempre la sede della Regione Lombardia.<\/p>\n<p><img loading=\"lazy\" decoding=\"async\" class=\"aligncenter wp-image-1120930 size-full\" src=\"https:\/\/www.pressenza.com\/wp-content\/uploads\/2020\/05\/presidio-29.5.jpg\" alt=\"\" width=\"1600\" height=\"1200\" srcset=\"https:\/\/www.pressenza.com\/wp-content\/uploads\/2020\/05\/presidio-29.5.jpg 1600w, https:\/\/www.pressenza.com\/wp-content\/uploads\/2020\/05\/presidio-29.5-300x225.jpg 300w, https:\/\/www.pressenza.com\/wp-content\/uploads\/2020\/05\/presidio-29.5-720x540.jpg 720w, https:\/\/www.pressenza.com\/wp-content\/uploads\/2020\/05\/presidio-29.5-768x576.jpg 768w, https:\/\/www.pressenza.com\/wp-content\/uploads\/2020\/05\/presidio-29.5-1536x1152.jpg 1536w\" sizes=\"auto, (max-width: 1600px) 100vw, 1600px\" \/><\/p>\n<p>Questa volta nessuna bandiera, ma tanti cartelli scritti a mano, e tutti e tutte a gridare: &#8220;DIMISSIONI!!&#8221; Oggi non c&#8217;erano i gruppi pi\u00f9 &#8220;politicizzati&#8221;, ma una serie di cittadini di ogni et\u00e0, assolutamente indignati per la disastrosa gestione dell\u2019emergenza sanitaria attuata dalla Regione Lombardia e in particolare dal presidente Fontana e dall\u2019assessore al welfare Gallera.<\/p>\n<p><img loading=\"lazy\" decoding=\"async\" class=\"aligncenter wp-image-1120940 size-full\" src=\"https:\/\/www.pressenza.com\/wp-content\/uploads\/2020\/05\/cartelli-donne-29.5.jpg\" alt=\"\" width=\"1600\" height=\"1200\" srcset=\"https:\/\/www.pressenza.com\/wp-content\/uploads\/2020\/05\/cartelli-donne-29.5.jpg 1600w, https:\/\/www.pressenza.com\/wp-content\/uploads\/2020\/05\/cartelli-donne-29.5-300x225.jpg 300w, https:\/\/www.pressenza.com\/wp-content\/uploads\/2020\/05\/cartelli-donne-29.5-720x540.jpg 720w, https:\/\/www.pressenza.com\/wp-content\/uploads\/2020\/05\/cartelli-donne-29.5-768x576.jpg 768w, https:\/\/www.pressenza.com\/wp-content\/uploads\/2020\/05\/cartelli-donne-29.5-1536x1152.jpg 1536w\" sizes=\"auto, (max-width: 1600px) 100vw, 1600px\" \/><\/p>\n<p><img loading=\"lazy\" decoding=\"async\" class=\"aligncenter wp-image-1120950 size-full\" src=\"https:\/\/www.pressenza.com\/wp-content\/uploads\/2020\/05\/cartelli-29.5.jpg\" alt=\"\" width=\"1600\" height=\"1200\" srcset=\"https:\/\/www.pressenza.com\/wp-content\/uploads\/2020\/05\/cartelli-29.5.jpg 1600w, https:\/\/www.pressenza.com\/wp-content\/uploads\/2020\/05\/cartelli-29.5-300x225.jpg 300w, https:\/\/www.pressenza.com\/wp-content\/uploads\/2020\/05\/cartelli-29.5-720x540.jpg 720w, https:\/\/www.pressenza.com\/wp-content\/uploads\/2020\/05\/cartelli-29.5-768x576.jpg 768w, https:\/\/www.pressenza.com\/wp-content\/uploads\/2020\/05\/cartelli-29.5-1536x1152.jpg 1536w\" sizes=\"auto, (max-width: 1600px) 100vw, 1600px\" \/><\/p>\n<p>Ad elencare le malefatte da Formigoni in gi\u00f9, con l&#8217;occupazione dei posti di funzionari da parte di Comunione e liberazione, e poi della Lega. Una serie di personaggi e dietro i poteri forti. E ora i morti.<\/p>\n<p>Un frullato di affari e perbenismo, di privatizzazioni e amici degli amici. Molta rabbia.<\/p>\n<p>La forza del poter prendere in mano un megafono appoggiato a terra a disposizione di chiunque. Per un&#8217;ora si susseguono gli interventi, nulla \u00e8 organizzato.<\/p>\n<p><img loading=\"lazy\" decoding=\"async\" class=\"aligncenter wp-image-1120961 size-full\" src=\"https:\/\/www.pressenza.com\/wp-content\/uploads\/2020\/05\/Andrea-con-megafono-29.5.jpg\" alt=\"\" width=\"1600\" height=\"1200\" srcset=\"https:\/\/www.pressenza.com\/wp-content\/uploads\/2020\/05\/Andrea-con-megafono-29.5.jpg 1600w, https:\/\/www.pressenza.com\/wp-content\/uploads\/2020\/05\/Andrea-con-megafono-29.5-300x225.jpg 300w, https:\/\/www.pressenza.com\/wp-content\/uploads\/2020\/05\/Andrea-con-megafono-29.5-720x540.jpg 720w, https:\/\/www.pressenza.com\/wp-content\/uploads\/2020\/05\/Andrea-con-megafono-29.5-768x576.jpg 768w, https:\/\/www.pressenza.com\/wp-content\/uploads\/2020\/05\/Andrea-con-megafono-29.5-1536x1152.jpg 1536w\" sizes=\"auto, (max-width: 1600px) 100vw, 1600px\" \/><\/p>\n<p>Alla fine qualcuno invoca che ci si veda regolarmente, magari una volta alla settimana, e cominciare a spingere, a spingere, come cantavano una volta i catalani:<\/p>\n<p><em>&#8220;Si tirem tots, ella caur\u00e0<br \/>\nI molt de temps no durar\u00e0<br \/>\nSegur que tomba, tomba, tomba,<br \/>\nmolt corcada ha d&#8217;estar ja.<\/em><\/p>\n<p><em>Si jo ho estire fort per ac\u00ed<\/em><br \/>\n<em>i tu ho estires fort per all\u00e0,<\/em><br \/>\n<em>Segur que tomba, tomba, tomba<\/em><br \/>\n<em>i ens podrem alliberar.&#8221;<\/em><\/p>\n<p><em>Se tiriamo forte, cadr\u00e0<\/em><br \/>\n<em>Molto tempo non pu\u00f2&#8217; durare<\/em><br \/>\n<em>Sicuro che andr\u00e0 gi\u00f9, andr\u00e0 gi\u00f9, andr\u00e0 gi\u00f9<\/em><br \/>\n<em>E&#8217; gi\u00e0 ben piena di tarli.<\/em><br \/>\n<em>Se tu tiri forte di qua<\/em><br \/>\n<em>E io tiro forte di l\u00e0<\/em><br \/>\n<em>Sicuro che cade, cade, cade<\/em><br \/>\n<em>E ci potremo liberare!!<\/em><\/p>\n<p>E domani alle 17 i <a href=\"https:\/\/www.pressenza.com\/it\/2020\/05\/un-reddito-di-continuita-per-gli-operatori-culturali\/\">lavoratori dello spettacolo<\/a> in stato di agitazione permanente manifesteranno in Piazza Duomo. Ci sar\u00e0 anche la Banda degli Ottoni, sempre presente in queste occasioni.<\/p>\n","protected":false},"excerpt":{"rendered":"<p>Altrettante persone due giorni dopo, e ben poche erano le stesse, ma il luogo era sempre la sede della Regione Lombardia. Questa volta nessuna bandiera, ma tanti cartelli scritti a mano, e tutti e tutte a gridare: &#8220;DIMISSIONI!!&#8221; Oggi non&hellip;<\/p>\n","protected":false},"author":1537,"featured_media":1120971,"comment_status":"closed","ping_status":"closed","sticky":false,"template":"","format":"standard","meta":{"footnotes":""},"categories":[11388,47,5677,1259],"tags":[11438,2689,2675,3582],"class_list":["post-1120929","post","type-post","status-publish","format-standard","has-post-thumbnail","hentry","category-contenuti-originali","category-europa","category-fotoreportages","category-salute-argomento","tag-emergenza-sanitaria","tag-privatizzazioni","tag-protesta","tag-regione-lombardia"],"yoast_head":"<!-- This site is optimized with the Yoast SEO plugin v27.1.1 - https:\/\/yoast.com\/product\/yoast-seo-wordpress\/ -->\n<title>Milano, due giorni dopo, ancora in piazza contro Fontana e Gallera<\/title>\n<meta name=\"description\" content=\"Altrettante persone due giorni dopo, e ben poche erano le stesse, ma il luogo era sempre la sede della Regione Lombardia. Questa volta nessuna bandiera,\" \/>\n<meta name=\"robots\" content=\"index, follow, max-snippet:-1, max-image-preview:large, max-video-preview:-1\" \/>\n<link rel=\"canonical\" href=\"https:\/\/www.pressenza.com\/it\/2020\/05\/milano-due-giorni-dopo-ancora-in-piazza-contro-fontana-e-gallera\/\" \/>\n<meta property=\"og:locale\" content=\"it_IT\" \/>\n<meta property=\"og:type\" content=\"article\" \/>\n<meta property=\"og:title\" content=\"Milano, due giorni dopo, ancora in piazza contro Fontana e Gallera\" \/>\n<meta property=\"og:description\" content=\"Altrettante persone due giorni dopo, e ben poche erano le stesse, ma il luogo era sempre la sede della Regione Lombardia. Questa volta nessuna bandiera,\" \/>\n<meta property=\"og:url\" content=\"https:\/\/www.pressenza.com\/it\/2020\/05\/milano-due-giorni-dopo-ancora-in-piazza-contro-fontana-e-gallera\/\" \/>\n<meta property=\"og:site_name\" content=\"Pressenza\" \/>\n<meta property=\"article:publisher\" content=\"https:\/\/www.facebook.com\/PressenzaItalia\" \/>\n<meta property=\"article:published_time\" content=\"2020-05-29T19:16:22+00:00\" \/>\n<meta property=\"article:modified_time\" content=\"2020-05-29T19:20:11+00:00\" \/>\n<meta property=\"og:image\" content=\"https:\/\/www.pressenza.com\/wp-content\/uploads\/2020\/05\/cartello-295.jpg\" \/>\n\t<meta property=\"og:image:width\" content=\"1600\" \/>\n\t<meta property=\"og:image:height\" content=\"1200\" \/>\n\t<meta property=\"og:image:type\" content=\"image\/jpeg\" \/>\n<meta name=\"author\" content=\"Andrea De Lotto\" \/>\n<meta name=\"twitter:card\" content=\"summary_large_image\" \/>\n<meta name=\"twitter:creator\" content=\"@PressenzaIPA\" \/>\n<meta name=\"twitter:site\" content=\"@PressenzaIPA\" \/>\n<meta name=\"twitter:label1\" content=\"Scritto da\" \/>\n\t<meta name=\"twitter:data1\" content=\"Andrea De Lotto\" \/>\n\t<meta name=\"twitter:label2\" content=\"Tempo di lettura stimato\" \/>\n\t<meta name=\"twitter:data2\" content=\"1 minuto\" \/>\n<script type=\"application\/ld+json\" class=\"yoast-schema-graph\">{\"@context\":\"https:\/\/schema.org\",\"@graph\":[{\"@type\":\"Article\",\"@id\":\"https:\/\/www.pressenza.com\/it\/2020\/05\/milano-due-giorni-dopo-ancora-in-piazza-contro-fontana-e-gallera\/#article\",\"isPartOf\":{\"@id\":\"https:\/\/www.pressenza.com\/it\/2020\/05\/milano-due-giorni-dopo-ancora-in-piazza-contro-fontana-e-gallera\/\"},\"author\":{\"name\":\"Andrea De Lotto\",\"@id\":\"https:\/\/www.pressenza.com\/it\/#\/schema\/person\/6388dc0281afd7eeb72a1763aca696a4\"},\"headline\":\"Milano, due giorni dopo, ancora in piazza contro Fontana e Gallera\",\"datePublished\":\"2020-05-29T19:16:22+00:00\",\"dateModified\":\"2020-05-29T19:20:11+00:00\",\"mainEntityOfPage\":{\"@id\":\"https:\/\/www.pressenza.com\/it\/2020\/05\/milano-due-giorni-dopo-ancora-in-piazza-contro-fontana-e-gallera\/\"},\"wordCount\":310,\"publisher\":{\"@id\":\"https:\/\/www.pressenza.com\/it\/#organization\"},\"image\":{\"@id\":\"https:\/\/www.pressenza.com\/it\/2020\/05\/milano-due-giorni-dopo-ancora-in-piazza-contro-fontana-e-gallera\/#primaryimage\"},\"thumbnailUrl\":\"https:\/\/www.pressenza.com\/wp-content\/uploads\/2020\/05\/cartello-295.jpg\",\"keywords\":[\"emergenza sanitaria\",\"privatizzazioni\",\"protesta\",\"Regione Lombardia\"],\"articleSection\":[\"contenuti originali\",\"Europa\",\"Fotoreportages\",\"Salute\"],\"inLanguage\":\"it-IT\"},{\"@type\":\"WebPage\",\"@id\":\"https:\/\/www.pressenza.com\/it\/2020\/05\/milano-due-giorni-dopo-ancora-in-piazza-contro-fontana-e-gallera\/\",\"url\":\"https:\/\/www.pressenza.com\/it\/2020\/05\/milano-due-giorni-dopo-ancora-in-piazza-contro-fontana-e-gallera\/\",\"name\":\"Milano, due giorni dopo, ancora in piazza contro Fontana e Gallera\",\"isPartOf\":{\"@id\":\"https:\/\/www.pressenza.com\/it\/#website\"},\"primaryImageOfPage\":{\"@id\":\"https:\/\/www.pressenza.com\/it\/2020\/05\/milano-due-giorni-dopo-ancora-in-piazza-contro-fontana-e-gallera\/#primaryimage\"},\"image\":{\"@id\":\"https:\/\/www.pressenza.com\/it\/2020\/05\/milano-due-giorni-dopo-ancora-in-piazza-contro-fontana-e-gallera\/#primaryimage\"},\"thumbnailUrl\":\"https:\/\/www.pressenza.com\/wp-content\/uploads\/2020\/05\/cartello-295.jpg\",\"datePublished\":\"2020-05-29T19:16:22+00:00\",\"dateModified\":\"2020-05-29T19:20:11+00:00\",\"description\":\"Altrettante persone due giorni dopo, e ben poche erano le stesse, ma il luogo era sempre la sede della Regione Lombardia. Questa volta nessuna bandiera,\",\"breadcrumb\":{\"@id\":\"https:\/\/www.pressenza.com\/it\/2020\/05\/milano-due-giorni-dopo-ancora-in-piazza-contro-fontana-e-gallera\/#breadcrumb\"},\"inLanguage\":\"it-IT\",\"potentialAction\":[{\"@type\":\"ReadAction\",\"target\":[\"https:\/\/www.pressenza.com\/it\/2020\/05\/milano-due-giorni-dopo-ancora-in-piazza-contro-fontana-e-gallera\/\"]}]},{\"@type\":\"ImageObject\",\"inLanguage\":\"it-IT\",\"@id\":\"https:\/\/www.pressenza.com\/it\/2020\/05\/milano-due-giorni-dopo-ancora-in-piazza-contro-fontana-e-gallera\/#primaryimage\",\"url\":\"https:\/\/www.pressenza.com\/wp-content\/uploads\/2020\/05\/cartello-295.jpg\",\"contentUrl\":\"https:\/\/www.pressenza.com\/wp-content\/uploads\/2020\/05\/cartello-295.jpg\",\"width\":1600,\"height\":1200},{\"@type\":\"BreadcrumbList\",\"@id\":\"https:\/\/www.pressenza.com\/it\/2020\/05\/milano-due-giorni-dopo-ancora-in-piazza-contro-fontana-e-gallera\/#breadcrumb\",\"itemListElement\":[{\"@type\":\"ListItem\",\"position\":1,\"name\":\"Accueil\",\"item\":\"https:\/\/www.pressenza.com\/it\/\"},{\"@type\":\"ListItem\",\"position\":2,\"name\":\"Milano, due giorni dopo, ancora in piazza contro Fontana e Gallera\"}]},{\"@type\":\"WebSite\",\"@id\":\"https:\/\/www.pressenza.com\/it\/#website\",\"url\":\"https:\/\/www.pressenza.com\/it\/\",\"name\":\"Pressenza\",\"description\":\"Agenzia di Stampa Internazionale\",\"publisher\":{\"@id\":\"https:\/\/www.pressenza.com\/it\/#organization\"},\"potentialAction\":[{\"@type\":\"SearchAction\",\"target\":{\"@type\":\"EntryPoint\",\"urlTemplate\":\"https:\/\/www.pressenza.com\/it\/?s={search_term_string}\"},\"query-input\":{\"@type\":\"PropertyValueSpecification\",\"valueRequired\":true,\"valueName\":\"search_term_string\"}}],\"inLanguage\":\"it-IT\"},{\"@type\":\"Organization\",\"@id\":\"https:\/\/www.pressenza.com\/it\/#organization\",\"name\":\"Pressenza\",\"url\":\"https:\/\/www.pressenza.com\/it\/\",\"logo\":{\"@type\":\"ImageObject\",\"inLanguage\":\"it-IT\",\"@id\":\"https:\/\/www.pressenza.com\/it\/#\/schema\/logo\/image\/\",\"url\":\"https:\/\/www.pressenza.com\/wp-content\/uploads\/2022\/10\/pressenza_logo_200x200.jpg\",\"contentUrl\":\"https:\/\/www.pressenza.com\/wp-content\/uploads\/2022\/10\/pressenza_logo_200x200.jpg\",\"width\":200,\"height\":200,\"caption\":\"Pressenza\"},\"image\":{\"@id\":\"https:\/\/www.pressenza.com\/it\/#\/schema\/logo\/image\/\"},\"sameAs\":[\"https:\/\/www.facebook.com\/PressenzaItalia\",\"https:\/\/x.com\/PressenzaIPA\"]},{\"@type\":\"Person\",\"@id\":\"https:\/\/www.pressenza.com\/it\/#\/schema\/person\/6388dc0281afd7eeb72a1763aca696a4\",\"name\":\"Andrea De Lotto\",\"url\":\"https:\/\/www.pressenza.com\/it\/author\/andrea-de-lotto\/\"}]}<\/script>\n<!-- \/ Yoast SEO plugin. -->","yoast_head_json":{"title":"Milano, due giorni dopo, ancora in piazza contro Fontana e Gallera","description":"Altrettante persone due giorni dopo, e ben poche erano le stesse, ma il luogo era sempre la sede della Regione Lombardia. Questa volta nessuna bandiera,","robots":{"index":"index","follow":"follow","max-snippet":"max-snippet:-1","max-image-preview":"max-image-preview:large","max-video-preview":"max-video-preview:-1"},"canonical":"https:\/\/www.pressenza.com\/it\/2020\/05\/milano-due-giorni-dopo-ancora-in-piazza-contro-fontana-e-gallera\/","og_locale":"it_IT","og_type":"article","og_title":"Milano, due giorni dopo, ancora in piazza contro Fontana e Gallera","og_description":"Altrettante persone due giorni dopo, e ben poche erano le stesse, ma il luogo era sempre la sede della Regione Lombardia. Questa volta nessuna bandiera,","og_url":"https:\/\/www.pressenza.com\/it\/2020\/05\/milano-due-giorni-dopo-ancora-in-piazza-contro-fontana-e-gallera\/","og_site_name":"Pressenza","article_publisher":"https:\/\/www.facebook.com\/PressenzaItalia","article_published_time":"2020-05-29T19:16:22+00:00","article_modified_time":"2020-05-29T19:20:11+00:00","og_image":[{"width":1600,"height":1200,"url":"https:\/\/www.pressenza.com\/wp-content\/uploads\/2020\/05\/cartello-295.jpg","type":"image\/jpeg"}],"author":"Andrea De Lotto","twitter_card":"summary_large_image","twitter_creator":"@PressenzaIPA","twitter_site":"@PressenzaIPA","twitter_misc":{"Scritto da":"Andrea De Lotto","Tempo di lettura stimato":"1 minuto"},"schema":{"@context":"https:\/\/schema.org","@graph":[{"@type":"Article","@id":"https:\/\/www.pressenza.com\/it\/2020\/05\/milano-due-giorni-dopo-ancora-in-piazza-contro-fontana-e-gallera\/#article","isPartOf":{"@id":"https:\/\/www.pressenza.com\/it\/2020\/05\/milano-due-giorni-dopo-ancora-in-piazza-contro-fontana-e-gallera\/"},"author":{"name":"Andrea De Lotto","@id":"https:\/\/www.pressenza.com\/it\/#\/schema\/person\/6388dc0281afd7eeb72a1763aca696a4"},"headline":"Milano, due giorni dopo, ancora in piazza contro Fontana e Gallera","datePublished":"2020-05-29T19:16:22+00:00","dateModified":"2020-05-29T19:20:11+00:00","mainEntityOfPage":{"@id":"https:\/\/www.pressenza.com\/it\/2020\/05\/milano-due-giorni-dopo-ancora-in-piazza-contro-fontana-e-gallera\/"},"wordCount":310,"publisher":{"@id":"https:\/\/www.pressenza.com\/it\/#organization"},"image":{"@id":"https:\/\/www.pressenza.com\/it\/2020\/05\/milano-due-giorni-dopo-ancora-in-piazza-contro-fontana-e-gallera\/#primaryimage"},"thumbnailUrl":"https:\/\/www.pressenza.com\/wp-content\/uploads\/2020\/05\/cartello-295.jpg","keywords":["emergenza sanitaria","privatizzazioni","protesta","Regione Lombardia"],"articleSection":["contenuti originali","Europa","Fotoreportages","Salute"],"inLanguage":"it-IT"},{"@type":"WebPage","@id":"https:\/\/www.pressenza.com\/it\/2020\/05\/milano-due-giorni-dopo-ancora-in-piazza-contro-fontana-e-gallera\/","url":"https:\/\/www.pressenza.com\/it\/2020\/05\/milano-due-giorni-dopo-ancora-in-piazza-contro-fontana-e-gallera\/","name":"Milano, due giorni dopo, ancora in piazza contro Fontana e Gallera","isPartOf":{"@id":"https:\/\/www.pressenza.com\/it\/#website"},"primaryImageOfPage":{"@id":"https:\/\/www.pressenza.com\/it\/2020\/05\/milano-due-giorni-dopo-ancora-in-piazza-contro-fontana-e-gallera\/#primaryimage"},"image":{"@id":"https:\/\/www.pressenza.com\/it\/2020\/05\/milano-due-giorni-dopo-ancora-in-piazza-contro-fontana-e-gallera\/#primaryimage"},"thumbnailUrl":"https:\/\/www.pressenza.com\/wp-content\/uploads\/2020\/05\/cartello-295.jpg","datePublished":"2020-05-29T19:16:22+00:00","dateModified":"2020-05-29T19:20:11+00:00","description":"Altrettante persone due giorni dopo, e ben poche erano le stesse, ma il luogo era sempre la sede della Regione Lombardia. Questa volta nessuna bandiera,","breadcrumb":{"@id":"https:\/\/www.pressenza.com\/it\/2020\/05\/milano-due-giorni-dopo-ancora-in-piazza-contro-fontana-e-gallera\/#breadcrumb"},"inLanguage":"it-IT","potentialAction":[{"@type":"ReadAction","target":["https:\/\/www.pressenza.com\/it\/2020\/05\/milano-due-giorni-dopo-ancora-in-piazza-contro-fontana-e-gallera\/"]}]},{"@type":"ImageObject","inLanguage":"it-IT","@id":"https:\/\/www.pressenza.com\/it\/2020\/05\/milano-due-giorni-dopo-ancora-in-piazza-contro-fontana-e-gallera\/#primaryimage","url":"https:\/\/www.pressenza.com\/wp-content\/uploads\/2020\/05\/cartello-295.jpg","contentUrl":"https:\/\/www.pressenza.com\/wp-content\/uploads\/2020\/05\/cartello-295.jpg","width":1600,"height":1200},{"@type":"BreadcrumbList","@id":"https:\/\/www.pressenza.com\/it\/2020\/05\/milano-due-giorni-dopo-ancora-in-piazza-contro-fontana-e-gallera\/#breadcrumb","itemListElement":[{"@type":"ListItem","position":1,"name":"Accueil","item":"https:\/\/www.pressenza.com\/it\/"},{"@type":"ListItem","position":2,"name":"Milano, due giorni dopo, ancora in piazza contro Fontana e Gallera"}]},{"@type":"WebSite","@id":"https:\/\/www.pressenza.com\/it\/#website","url":"https:\/\/www.pressenza.com\/it\/","name":"Pressenza","description":"Agenzia di Stampa Internazionale","publisher":{"@id":"https:\/\/www.pressenza.com\/it\/#organization"},"potentialAction":[{"@type":"SearchAction","target":{"@type":"EntryPoint","urlTemplate":"https:\/\/www.pressenza.com\/it\/?s={search_term_string}"},"query-input":{"@type":"PropertyValueSpecification","valueRequired":true,"valueName":"search_term_string"}}],"inLanguage":"it-IT"},{"@type":"Organization","@id":"https:\/\/www.pressenza.com\/it\/#organization","name":"Pressenza","url":"https:\/\/www.pressenza.com\/it\/","logo":{"@type":"ImageObject","inLanguage":"it-IT","@id":"https:\/\/www.pressenza.com\/it\/#\/schema\/logo\/image\/","url":"https:\/\/www.pressenza.com\/wp-content\/uploads\/2022\/10\/pressenza_logo_200x200.jpg","contentUrl":"https:\/\/www.pressenza.com\/wp-content\/uploads\/2022\/10\/pressenza_logo_200x200.jpg","width":200,"height":200,"caption":"Pressenza"},"image":{"@id":"https:\/\/www.pressenza.com\/it\/#\/schema\/logo\/image\/"},"sameAs":["https:\/\/www.facebook.com\/PressenzaItalia","https:\/\/x.com\/PressenzaIPA"]},{"@type":"Person","@id":"https:\/\/www.pressenza.com\/it\/#\/schema\/person\/6388dc0281afd7eeb72a1763aca696a4","name":"Andrea De Lotto","url":"https:\/\/www.pressenza.com\/it\/author\/andrea-de-lotto\/"}]}},"place":"Milano","original_article_url":"","_links":{"self":[{"href":"https:\/\/www.pressenza.com\/it\/wp-json\/wp\/v2\/posts\/1120929","targetHints":{"allow":["GET"]}}],"collection":[{"href":"https:\/\/www.pressenza.com\/it\/wp-json\/wp\/v2\/posts"}],"about":[{"href":"https:\/\/www.pressenza.com\/it\/wp-json\/wp\/v2\/types\/post"}],"author":[{"embeddable":true,"href":"https:\/\/www.pressenza.com\/it\/wp-json\/wp\/v2\/users\/1537"}],"replies":[{"embeddable":true,"href":"https:\/\/www.pressenza.com\/it\/wp-json\/wp\/v2\/comments?post=1120929"}],"version-history":[{"count":0,"href":"https:\/\/www.pressenza.com\/it\/wp-json\/wp\/v2\/posts\/1120929\/revisions"}],"wp:featuredmedia":[{"embeddable":true,"href":"https:\/\/www.pressenza.com\/it\/wp-json\/wp\/v2\/media\/1120971"}],"wp:attachment":[{"href":"https:\/\/www.pressenza.com\/it\/wp-json\/wp\/v2\/media?parent=1120929"}],"wp:term":[{"taxonomy":"category","embeddable":true,"href":"https:\/\/www.pressenza.com\/it\/wp-json\/wp\/v2\/categories?post=1120929"},{"taxonomy":"post_tag","embeddable":true,"href":"https:\/\/www.pressenza.com\/it\/wp-json\/wp\/v2\/tags?post=1120929"}],"curies":[{"name":"wp","href":"https:\/\/api.w.org\/{rel}","templated":true}]}}