{"id":1119203,"date":"2020-05-27T09:17:25","date_gmt":"2020-05-27T08:17:25","guid":{"rendered":"https:\/\/www.pressenza.com\/?p=1119203"},"modified":"2020-05-27T12:23:27","modified_gmt":"2020-05-27T11:23:27","slug":"fa-che-la-pace-sia-la-nuova-normalita","status":"publish","type":"post","link":"https:\/\/www.pressenza.com\/it\/2020\/05\/fa-che-la-pace-sia-la-nuova-normalita\/","title":{"rendered":"Fa\u2019 che la pace sia la nuova normalit\u00e0"},"content":{"rendered":"<p class=\"gmail-Standard\">Uscire dall&#8217;emergenza, riaprire, tornare alla normalit\u00e0: quante volte abbiamo sentito queste frasi, pi\u00f9 auspici che realt\u00e0, in questi giorni, in cui tutti avremmo voglia di credere che \u00e8 tutto finito, che ormai stiamo uscendo dalla pandemia.<\/p>\n<p class=\"gmail-Standard\">Ma quale normalit\u00e0? Quella di prima della pandemia? Non sarebbe auspicabile. Questa emergenza ci ha fatto dimenticare i problemi di una societ\u00e0, interna ed internazionale, piena di storture e problemi, a cominciare da quella terza guerra mondiale diffusa che sembra essere scomparsa dai nostri radar, ma non, ahim\u00e8, dalla realt\u00e0 di molti popoli che continuano a soffrire per combattimenti, bombardamenti, attentati, ben pi\u00f9 che per gli effetti del coronavirus; e l\u2019industria delle armi non si \u00e8 mai fermata, come i progetti di rinnovo degli arsenali atomici (\u00e8 recente la notizia che al Pentagono si sta discutendo di una possibile ripresa degli esperimenti atomici); qui in Piemonte, mentre mancavano posti letto negli ospedali e si lesinavano i tamponi, a Cameri in provincia di Novara, si continuava a lavorare alla costruzione degli F35.<\/p>\n<p class=\"gmail-Standard\">E come scordare il problema dei cambiamenti climatici; tra i mille dati che ogni sera tutte le tv hanno sciorinato sulla situazione sanitaria, non si \u00e8 fatto caso a quello che dice che l\u2019inverno appena trascorso \u00e8 stato il pi\u00f9 caldo da quando si prendono le temperature; i danni della modifica del clima saranno ben peggiori, e ben pi\u00f9 difficilmente riparabili di quelli del Covid-19. Occorre un radicale cambiamento del modello di sviluppo, e occorre fare in fretta, prima che sia troppo tardi.<\/p>\n<p class=\"gmail-Standard\">La pandemia, tuttora in corso, ha come conseguenza una grave crisi economica, che come tutte le crisi economiche, \u00e8 molto pi\u00f9 pesante per i ceti pi\u00f9 deboli. Occorre correre ai ripari, e realizzare una maggior perequazione tra la popolazione e tra i popoli; questo si pu\u00f2 realizzare solo con una maggior solidariet\u00e0, ossia i ricchi devono dare di pi\u00f9 per una maggiore giustizia nei confronti di chi ha di meno.<\/p>\n<p class=\"gmail-Standard\">I membri dell\u2019IFOR-International Fellowship of Reconciliation, che raggruppa branche di circa 40 Paesi, tra cui l\u2019Italia (MIR Italia), hanno meditato su queste problematiche, ed hanno elaborato <a href=\"https:\/\/www.pressenza.com\/wp-content\/uploads\/2020\/05\/Lettera-IFOR-al-SG-ONU-maggio-2020.pdf\" target=\"_blank\" rel=\"noopener noreferrer\">una lettera aperta indirizzata al Segretario Generale dell\u2019ONU<\/a>.<\/p>\n<p class=\"gmail-Standard\">Lo slogan che hanno coniato \u00e8: \u201cfacciamo che la pace sia la nuova normalit\u00e0\u201d.<\/p>\n<p class=\"gmail-Standard\">Occorre rendersi conto che le risorse sperperate nell&#8217;industria delle armi, sono risorse tolte altrove, che portano morte e distruzione.<\/p>\n<p class=\"gmail-Standard\">Il concetto stesso di sicurezza va mutato: la sicurezza che dobbiamo cercare \u00e8 quella che garantisce a tutti di vivere in salute e dignitosamente, quella che permette ai nostri figli e nipoti di poter vivere in un pianeta abitabile dove i diritti di ciascuno siano condizione per i diritti di tutti,<\/p>\n<p class=\"gmail-Standard\">Per far questo vengono suggerite alcune linee-guide, alcune realizzabili da ciascuno, altre dai governi e dalle istituzioni internazionali.<\/p>\n<p class=\"gmail-Standard\">Una cosa che ci ha insegnato questa pandemia \u00e8 che il destino di tutti i popoli \u00e8 strettamente legato: contro il virus non ci sono italiani, americani, cinesi, ognuno per conto suo, il Covid-19 non conosce confini e le armi non difendono da una pandemia. Invece ci sono tutte le donne e gli uomini di questo pianeta, che solo insieme potranno uscirne.<\/p>\n<p class=\"gmail-Standard\">Vediamo per\u00f2 che non sembra questa l\u2019idea di molti governi e delle classi dirigenti.<\/p>\n<p class=\"gmail-Standard\">Come indurre questo cambiamento? Come fare della pace la nuova normalit\u00e0, uno stile di vita, come rendere l\u2019attenzione all&#8217;ambiente una priorit\u00e0, e realizzare la giustizia sociale senza di cui la parola pace risulterebbe una vuota chimera?<\/p>\n<p class=\"gmail-Standard\">Attraverso un forte impegno di tutti, riprendendo l\u2019attivit\u00e0 politica e sociale forzatamente interrotta e con una forte e convinta azione nonviolenta.<\/p>\n<p class=\"gmail-Standard\">Per questo sempre l\u2019IFOR propone la giornata del 27 maggio come prima Giornata di Azione \u201c<a href=\"https:\/\/www.miritalia.org\/2020\/05\/25\/27-maggio-2020-fa-che-la-pace-sia-la-nuova-normalita\/\" target=\"_blank\" rel=\"noopener noreferrer\">FA\u2019 CHE LA PACE SIA LA NUOVA NORMALITA<\/a>\u201d; un\u2019iniziativa globale che si impernia sul concetto di compassione verso i pi\u00f9 vulnerabili, responsabilit\u00e0 dinanzi alle possibili violazioni dei diritti umani e il cambiamento di tutte quelle storture che minacciano la vita e la pace di tutti gli esseri umani e del pianeta<\/p>\n<p class=\"gmail-Standard\" style=\"text-align: right;\">Torino, 27 maggio 2020<\/p>\n<p><em>Mir-Mn Piemonte e Valle D\u2019Aosta<\/em><br \/>\n<em>gruppo locale del MIR Movimento Internazionale della Riconciliazione e del Movimento Nonviolento<\/em><\/p>\n","protected":false},"excerpt":{"rendered":"<p>Uscire dall&#8217;emergenza, riaprire, tornare alla normalit\u00e0: quante volte abbiamo sentito queste frasi, pi\u00f9 auspici che realt\u00e0, in questi giorni, in cui tutti avremmo voglia di credere che \u00e8 tutto finito, che ormai stiamo uscendo dalla pandemia. Ma quale normalit\u00e0? Quella&hellip;<\/p>\n","protected":false},"author":1640,"featured_media":1119214,"comment_status":"closed","ping_status":"closed","sticky":false,"template":"","format":"standard","meta":{"footnotes":""},"categories":[150,59,47,1262,1263],"tags":[76303,76304],"class_list":["post-1119203","post","type-post","status-publish","format-standard","has-post-thumbnail","hentry","category-comunicati-stampa","category-ambiente-ecologia","category-europa","category-nonviolenza-argomento","category-pace-disarmo","tag-ifor-mir-mn","tag-mpnn"],"yoast_head":"<!-- This site is optimized with the Yoast SEO plugin v27.1.1 - https:\/\/yoast.com\/product\/yoast-seo-wordpress\/ -->\n<title>Fa\u2019 che la pace sia la nuova normalit\u00e0<\/title>\n<meta name=\"description\" content=\"Uscire dall&#039;emergenza, riaprire, tornare alla normalit\u00e0: quante volte abbiamo sentito queste frasi, pi\u00f9 auspici che realt\u00e0, in questi giorni, in cui tutti\" \/>\n<meta name=\"robots\" content=\"index, follow, max-snippet:-1, max-image-preview:large, max-video-preview:-1\" \/>\n<link rel=\"canonical\" href=\"https:\/\/www.pressenza.com\/it\/2020\/05\/fa-che-la-pace-sia-la-nuova-normalita\/\" \/>\n<meta property=\"og:locale\" content=\"it_IT\" \/>\n<meta property=\"og:type\" content=\"article\" \/>\n<meta property=\"og:title\" content=\"Fa\u2019 che la pace sia la nuova normalit\u00e0\" \/>\n<meta property=\"og:description\" content=\"Uscire dall&#039;emergenza, riaprire, tornare alla normalit\u00e0: quante volte abbiamo sentito queste frasi, pi\u00f9 auspici che realt\u00e0, in questi giorni, in cui tutti\" \/>\n<meta property=\"og:url\" content=\"https:\/\/www.pressenza.com\/it\/2020\/05\/fa-che-la-pace-sia-la-nuova-normalita\/\" \/>\n<meta property=\"og:site_name\" content=\"Pressenza\" \/>\n<meta property=\"article:publisher\" content=\"https:\/\/www.facebook.com\/PressenzaItalia\" \/>\n<meta property=\"article:published_time\" content=\"2020-05-27T08:17:25+00:00\" \/>\n<meta property=\"article:modified_time\" content=\"2020-05-27T11:23:27+00:00\" \/>\n<meta property=\"og:image\" content=\"https:\/\/www.pressenza.com\/wp-content\/uploads\/2020\/05\/MPNN20200527.jpg\" \/>\n\t<meta property=\"og:image:width\" content=\"1920\" \/>\n\t<meta property=\"og:image:height\" content=\"1357\" \/>\n\t<meta property=\"og:image:type\" content=\"image\/jpeg\" \/>\n<meta name=\"author\" content=\"Redazione Torino\" \/>\n<meta name=\"twitter:card\" content=\"summary_large_image\" \/>\n<meta name=\"twitter:creator\" content=\"@PressenzaIPA\" \/>\n<meta name=\"twitter:site\" content=\"@PressenzaIPA\" \/>\n<meta name=\"twitter:label1\" content=\"Scritto da\" \/>\n\t<meta name=\"twitter:data1\" content=\"Redazione Torino\" \/>\n\t<meta name=\"twitter:label2\" content=\"Tempo di lettura stimato\" \/>\n\t<meta name=\"twitter:data2\" content=\"3 minuti\" \/>\n<script type=\"application\/ld+json\" class=\"yoast-schema-graph\">{\"@context\":\"https:\/\/schema.org\",\"@graph\":[{\"@type\":\"Article\",\"@id\":\"https:\/\/www.pressenza.com\/it\/2020\/05\/fa-che-la-pace-sia-la-nuova-normalita\/#article\",\"isPartOf\":{\"@id\":\"https:\/\/www.pressenza.com\/it\/2020\/05\/fa-che-la-pace-sia-la-nuova-normalita\/\"},\"author\":{\"name\":\"Redazione Torino\",\"@id\":\"https:\/\/www.pressenza.com\/it\/#\/schema\/person\/da0d4ca096515102c096dbbc39d69593\"},\"headline\":\"Fa\u2019 che la pace sia la nuova normalit\u00e0\",\"datePublished\":\"2020-05-27T08:17:25+00:00\",\"dateModified\":\"2020-05-27T11:23:27+00:00\",\"mainEntityOfPage\":{\"@id\":\"https:\/\/www.pressenza.com\/it\/2020\/05\/fa-che-la-pace-sia-la-nuova-normalita\/\"},\"wordCount\":684,\"publisher\":{\"@id\":\"https:\/\/www.pressenza.com\/it\/#organization\"},\"image\":{\"@id\":\"https:\/\/www.pressenza.com\/it\/2020\/05\/fa-che-la-pace-sia-la-nuova-normalita\/#primaryimage\"},\"thumbnailUrl\":\"https:\/\/www.pressenza.com\/wp-content\/uploads\/2020\/05\/MPNN20200527.jpg\",\"keywords\":[\"IFOR. MIR-MN\",\"MPNN\"],\"articleSection\":[\"Comunicati Stampa\",\"Ecologia ed Ambiente\",\"Europa\",\"Nonviolenza\",\"Pace e Disarmo\"],\"inLanguage\":\"it-IT\"},{\"@type\":\"WebPage\",\"@id\":\"https:\/\/www.pressenza.com\/it\/2020\/05\/fa-che-la-pace-sia-la-nuova-normalita\/\",\"url\":\"https:\/\/www.pressenza.com\/it\/2020\/05\/fa-che-la-pace-sia-la-nuova-normalita\/\",\"name\":\"Fa\u2019 che la pace sia la nuova normalit\u00e0\",\"isPartOf\":{\"@id\":\"https:\/\/www.pressenza.com\/it\/#website\"},\"primaryImageOfPage\":{\"@id\":\"https:\/\/www.pressenza.com\/it\/2020\/05\/fa-che-la-pace-sia-la-nuova-normalita\/#primaryimage\"},\"image\":{\"@id\":\"https:\/\/www.pressenza.com\/it\/2020\/05\/fa-che-la-pace-sia-la-nuova-normalita\/#primaryimage\"},\"thumbnailUrl\":\"https:\/\/www.pressenza.com\/wp-content\/uploads\/2020\/05\/MPNN20200527.jpg\",\"datePublished\":\"2020-05-27T08:17:25+00:00\",\"dateModified\":\"2020-05-27T11:23:27+00:00\",\"description\":\"Uscire dall'emergenza, riaprire, tornare alla normalit\u00e0: quante volte abbiamo sentito queste frasi, pi\u00f9 auspici che realt\u00e0, in questi giorni, in cui tutti\",\"breadcrumb\":{\"@id\":\"https:\/\/www.pressenza.com\/it\/2020\/05\/fa-che-la-pace-sia-la-nuova-normalita\/#breadcrumb\"},\"inLanguage\":\"it-IT\",\"potentialAction\":[{\"@type\":\"ReadAction\",\"target\":[\"https:\/\/www.pressenza.com\/it\/2020\/05\/fa-che-la-pace-sia-la-nuova-normalita\/\"]}]},{\"@type\":\"ImageObject\",\"inLanguage\":\"it-IT\",\"@id\":\"https:\/\/www.pressenza.com\/it\/2020\/05\/fa-che-la-pace-sia-la-nuova-normalita\/#primaryimage\",\"url\":\"https:\/\/www.pressenza.com\/wp-content\/uploads\/2020\/05\/MPNN20200527.jpg\",\"contentUrl\":\"https:\/\/www.pressenza.com\/wp-content\/uploads\/2020\/05\/MPNN20200527.jpg\",\"width\":1920,\"height\":1357},{\"@type\":\"BreadcrumbList\",\"@id\":\"https:\/\/www.pressenza.com\/it\/2020\/05\/fa-che-la-pace-sia-la-nuova-normalita\/#breadcrumb\",\"itemListElement\":[{\"@type\":\"ListItem\",\"position\":1,\"name\":\"Accueil\",\"item\":\"https:\/\/www.pressenza.com\/it\/\"},{\"@type\":\"ListItem\",\"position\":2,\"name\":\"Fa\u2019 che la pace sia la nuova normalit\u00e0\"}]},{\"@type\":\"WebSite\",\"@id\":\"https:\/\/www.pressenza.com\/it\/#website\",\"url\":\"https:\/\/www.pressenza.com\/it\/\",\"name\":\"Pressenza\",\"description\":\"Agenzia di Stampa Internazionale\",\"publisher\":{\"@id\":\"https:\/\/www.pressenza.com\/it\/#organization\"},\"potentialAction\":[{\"@type\":\"SearchAction\",\"target\":{\"@type\":\"EntryPoint\",\"urlTemplate\":\"https:\/\/www.pressenza.com\/it\/?s={search_term_string}\"},\"query-input\":{\"@type\":\"PropertyValueSpecification\",\"valueRequired\":true,\"valueName\":\"search_term_string\"}}],\"inLanguage\":\"it-IT\"},{\"@type\":\"Organization\",\"@id\":\"https:\/\/www.pressenza.com\/it\/#organization\",\"name\":\"Pressenza\",\"url\":\"https:\/\/www.pressenza.com\/it\/\",\"logo\":{\"@type\":\"ImageObject\",\"inLanguage\":\"it-IT\",\"@id\":\"https:\/\/www.pressenza.com\/it\/#\/schema\/logo\/image\/\",\"url\":\"https:\/\/www.pressenza.com\/wp-content\/uploads\/2022\/10\/pressenza_logo_200x200.jpg\",\"contentUrl\":\"https:\/\/www.pressenza.com\/wp-content\/uploads\/2022\/10\/pressenza_logo_200x200.jpg\",\"width\":200,\"height\":200,\"caption\":\"Pressenza\"},\"image\":{\"@id\":\"https:\/\/www.pressenza.com\/it\/#\/schema\/logo\/image\/\"},\"sameAs\":[\"https:\/\/www.facebook.com\/PressenzaItalia\",\"https:\/\/x.com\/PressenzaIPA\"]},{\"@type\":\"Person\",\"@id\":\"https:\/\/www.pressenza.com\/it\/#\/schema\/person\/da0d4ca096515102c096dbbc39d69593\",\"name\":\"Redazione Torino\",\"description\":\"News from the Pressenza Bureau in Turin, Italy redazione.torino@pressenza.com\",\"url\":\"https:\/\/www.pressenza.com\/it\/author\/redazione-torino\/\"}]}<\/script>\n<!-- \/ Yoast SEO plugin. -->","yoast_head_json":{"title":"Fa\u2019 che la pace sia la nuova normalit\u00e0","description":"Uscire dall'emergenza, riaprire, tornare alla normalit\u00e0: quante volte abbiamo sentito queste frasi, pi\u00f9 auspici che realt\u00e0, in questi giorni, in cui tutti","robots":{"index":"index","follow":"follow","max-snippet":"max-snippet:-1","max-image-preview":"max-image-preview:large","max-video-preview":"max-video-preview:-1"},"canonical":"https:\/\/www.pressenza.com\/it\/2020\/05\/fa-che-la-pace-sia-la-nuova-normalita\/","og_locale":"it_IT","og_type":"article","og_title":"Fa\u2019 che la pace sia la nuova normalit\u00e0","og_description":"Uscire dall'emergenza, riaprire, tornare alla normalit\u00e0: quante volte abbiamo sentito queste frasi, pi\u00f9 auspici che realt\u00e0, in questi giorni, in cui tutti","og_url":"https:\/\/www.pressenza.com\/it\/2020\/05\/fa-che-la-pace-sia-la-nuova-normalita\/","og_site_name":"Pressenza","article_publisher":"https:\/\/www.facebook.com\/PressenzaItalia","article_published_time":"2020-05-27T08:17:25+00:00","article_modified_time":"2020-05-27T11:23:27+00:00","og_image":[{"width":1920,"height":1357,"url":"https:\/\/www.pressenza.com\/wp-content\/uploads\/2020\/05\/MPNN20200527.jpg","type":"image\/jpeg"}],"author":"Redazione Torino","twitter_card":"summary_large_image","twitter_creator":"@PressenzaIPA","twitter_site":"@PressenzaIPA","twitter_misc":{"Scritto da":"Redazione Torino","Tempo di lettura stimato":"3 minuti"},"schema":{"@context":"https:\/\/schema.org","@graph":[{"@type":"Article","@id":"https:\/\/www.pressenza.com\/it\/2020\/05\/fa-che-la-pace-sia-la-nuova-normalita\/#article","isPartOf":{"@id":"https:\/\/www.pressenza.com\/it\/2020\/05\/fa-che-la-pace-sia-la-nuova-normalita\/"},"author":{"name":"Redazione Torino","@id":"https:\/\/www.pressenza.com\/it\/#\/schema\/person\/da0d4ca096515102c096dbbc39d69593"},"headline":"Fa\u2019 che la pace sia la nuova normalit\u00e0","datePublished":"2020-05-27T08:17:25+00:00","dateModified":"2020-05-27T11:23:27+00:00","mainEntityOfPage":{"@id":"https:\/\/www.pressenza.com\/it\/2020\/05\/fa-che-la-pace-sia-la-nuova-normalita\/"},"wordCount":684,"publisher":{"@id":"https:\/\/www.pressenza.com\/it\/#organization"},"image":{"@id":"https:\/\/www.pressenza.com\/it\/2020\/05\/fa-che-la-pace-sia-la-nuova-normalita\/#primaryimage"},"thumbnailUrl":"https:\/\/www.pressenza.com\/wp-content\/uploads\/2020\/05\/MPNN20200527.jpg","keywords":["IFOR. MIR-MN","MPNN"],"articleSection":["Comunicati Stampa","Ecologia ed Ambiente","Europa","Nonviolenza","Pace e Disarmo"],"inLanguage":"it-IT"},{"@type":"WebPage","@id":"https:\/\/www.pressenza.com\/it\/2020\/05\/fa-che-la-pace-sia-la-nuova-normalita\/","url":"https:\/\/www.pressenza.com\/it\/2020\/05\/fa-che-la-pace-sia-la-nuova-normalita\/","name":"Fa\u2019 che la pace sia la nuova normalit\u00e0","isPartOf":{"@id":"https:\/\/www.pressenza.com\/it\/#website"},"primaryImageOfPage":{"@id":"https:\/\/www.pressenza.com\/it\/2020\/05\/fa-che-la-pace-sia-la-nuova-normalita\/#primaryimage"},"image":{"@id":"https:\/\/www.pressenza.com\/it\/2020\/05\/fa-che-la-pace-sia-la-nuova-normalita\/#primaryimage"},"thumbnailUrl":"https:\/\/www.pressenza.com\/wp-content\/uploads\/2020\/05\/MPNN20200527.jpg","datePublished":"2020-05-27T08:17:25+00:00","dateModified":"2020-05-27T11:23:27+00:00","description":"Uscire dall'emergenza, riaprire, tornare alla normalit\u00e0: quante volte abbiamo sentito queste frasi, pi\u00f9 auspici che realt\u00e0, in questi giorni, in cui tutti","breadcrumb":{"@id":"https:\/\/www.pressenza.com\/it\/2020\/05\/fa-che-la-pace-sia-la-nuova-normalita\/#breadcrumb"},"inLanguage":"it-IT","potentialAction":[{"@type":"ReadAction","target":["https:\/\/www.pressenza.com\/it\/2020\/05\/fa-che-la-pace-sia-la-nuova-normalita\/"]}]},{"@type":"ImageObject","inLanguage":"it-IT","@id":"https:\/\/www.pressenza.com\/it\/2020\/05\/fa-che-la-pace-sia-la-nuova-normalita\/#primaryimage","url":"https:\/\/www.pressenza.com\/wp-content\/uploads\/2020\/05\/MPNN20200527.jpg","contentUrl":"https:\/\/www.pressenza.com\/wp-content\/uploads\/2020\/05\/MPNN20200527.jpg","width":1920,"height":1357},{"@type":"BreadcrumbList","@id":"https:\/\/www.pressenza.com\/it\/2020\/05\/fa-che-la-pace-sia-la-nuova-normalita\/#breadcrumb","itemListElement":[{"@type":"ListItem","position":1,"name":"Accueil","item":"https:\/\/www.pressenza.com\/it\/"},{"@type":"ListItem","position":2,"name":"Fa\u2019 che la pace sia la nuova normalit\u00e0"}]},{"@type":"WebSite","@id":"https:\/\/www.pressenza.com\/it\/#website","url":"https:\/\/www.pressenza.com\/it\/","name":"Pressenza","description":"Agenzia di Stampa Internazionale","publisher":{"@id":"https:\/\/www.pressenza.com\/it\/#organization"},"potentialAction":[{"@type":"SearchAction","target":{"@type":"EntryPoint","urlTemplate":"https:\/\/www.pressenza.com\/it\/?s={search_term_string}"},"query-input":{"@type":"PropertyValueSpecification","valueRequired":true,"valueName":"search_term_string"}}],"inLanguage":"it-IT"},{"@type":"Organization","@id":"https:\/\/www.pressenza.com\/it\/#organization","name":"Pressenza","url":"https:\/\/www.pressenza.com\/it\/","logo":{"@type":"ImageObject","inLanguage":"it-IT","@id":"https:\/\/www.pressenza.com\/it\/#\/schema\/logo\/image\/","url":"https:\/\/www.pressenza.com\/wp-content\/uploads\/2022\/10\/pressenza_logo_200x200.jpg","contentUrl":"https:\/\/www.pressenza.com\/wp-content\/uploads\/2022\/10\/pressenza_logo_200x200.jpg","width":200,"height":200,"caption":"Pressenza"},"image":{"@id":"https:\/\/www.pressenza.com\/it\/#\/schema\/logo\/image\/"},"sameAs":["https:\/\/www.facebook.com\/PressenzaItalia","https:\/\/x.com\/PressenzaIPA"]},{"@type":"Person","@id":"https:\/\/www.pressenza.com\/it\/#\/schema\/person\/da0d4ca096515102c096dbbc39d69593","name":"Redazione Torino","description":"News from the Pressenza Bureau in Turin, Italy redazione.torino@pressenza.com","url":"https:\/\/www.pressenza.com\/it\/author\/redazione-torino\/"}]}},"place":"","original_article_url":"","_links":{"self":[{"href":"https:\/\/www.pressenza.com\/it\/wp-json\/wp\/v2\/posts\/1119203","targetHints":{"allow":["GET"]}}],"collection":[{"href":"https:\/\/www.pressenza.com\/it\/wp-json\/wp\/v2\/posts"}],"about":[{"href":"https:\/\/www.pressenza.com\/it\/wp-json\/wp\/v2\/types\/post"}],"author":[{"embeddable":true,"href":"https:\/\/www.pressenza.com\/it\/wp-json\/wp\/v2\/users\/1640"}],"replies":[{"embeddable":true,"href":"https:\/\/www.pressenza.com\/it\/wp-json\/wp\/v2\/comments?post=1119203"}],"version-history":[{"count":0,"href":"https:\/\/www.pressenza.com\/it\/wp-json\/wp\/v2\/posts\/1119203\/revisions"}],"wp:featuredmedia":[{"embeddable":true,"href":"https:\/\/www.pressenza.com\/it\/wp-json\/wp\/v2\/media\/1119214"}],"wp:attachment":[{"href":"https:\/\/www.pressenza.com\/it\/wp-json\/wp\/v2\/media?parent=1119203"}],"wp:term":[{"taxonomy":"category","embeddable":true,"href":"https:\/\/www.pressenza.com\/it\/wp-json\/wp\/v2\/categories?post=1119203"},{"taxonomy":"post_tag","embeddable":true,"href":"https:\/\/www.pressenza.com\/it\/wp-json\/wp\/v2\/tags?post=1119203"}],"curies":[{"name":"wp","href":"https:\/\/api.w.org\/{rel}","templated":true}]}}