{"id":1118568,"date":"2020-05-26T14:52:40","date_gmt":"2020-05-26T13:52:40","guid":{"rendered":"https:\/\/www.pressenza.com\/?p=1118568"},"modified":"2020-05-26T15:14:22","modified_gmt":"2020-05-26T14:14:22","slug":"e-tempo-di-sfoderare-le-nostre-ambizioni","status":"publish","type":"post","link":"https:\/\/www.pressenza.com\/it\/2020\/05\/e-tempo-di-sfoderare-le-nostre-ambizioni\/","title":{"rendered":"\u00c8 tempo di sfoderare le nostre ambizioni"},"content":{"rendered":"<p class=\"western\" lang=\"en-GB\" align=\"justify\"><span style=\"font-family: Georgia, serif;\"><span style=\"font-size: large;\"><span lang=\"it-IT\"><i>La crisi del coronavirus ci sta mostrando che \u00e8 possibile fare cambiamenti trasformativi da un giorno all&#8217;altro. Infatti, improvvisamente, siamo stati spinti in un mondo diverso con una economia diversa. I governi stanno correndo per proteggere i loro cittadini, sia dal punto di vista sanitario che economico, e tutto questo in un tempio incredibilmente breve. Ma c&#8217;\u00e8 anche un\u2019altra questione: possiamo usare questa crisi per accompagnare un cambiamento sistemico a livello globale<\/i><\/span><\/span><\/span><span style=\"font-family: Georgia, serif;\"><span style=\"font-size: large;\"><span lang=\"it-IT\">. Kate Raworth.<\/span><\/span><\/span><\/p>\n<p class=\"western\" lang=\"en-GB\" align=\"justify\"><span style=\"font-family: Georgia, serif;\"><span style=\"font-size: large;\"><span lang=\"it-IT\">Nella citt\u00e0 di Amsterdam la vice<\/span><\/span><\/span><span style=\"font-family: Georgia, serif;\"><span style=\"font-size: large;\">&#8211;<\/span><\/span><span style=\"font-family: Georgia, serif;\"><span style=\"font-size: large;\"><span lang=\"it-IT\">sindac<\/span><\/span><\/span><span style=\"font-family: Georgia, serif;\"><span style=\"font-size: large;\">a<\/span><\/span><span style=\"font-family: Georgia, serif;\"><span style=\"font-size: large;\"><span lang=\"it-IT\"> assieme all<\/span><\/span><\/span><span style=\"font-family: Georgia, serif;\"><span style=\"font-size: large;\">\u2019<\/span><\/span><span style=\"font-family: Georgia, serif;\"><span style=\"font-size: large;\"><span lang=\"it-IT\">economista britannica Kate <\/span><\/span><\/span><span style=\"font-family: Georgia, serif;\"><span style=\"font-size: large;\">Raworth, nelle scorse settimane <\/span><\/span><span style=\"font-family: Georgia, serif;\"><span style=\"font-size: large;\"><span lang=\"it-IT\">hanno elaborato un piano per la citt\u00e0 di Amsterdam per la fase post<\/span><\/span><\/span><span style=\"font-family: Georgia, serif;\"><span style=\"font-size: large;\">&#8211;<\/span><\/span><span style=\"font-family: Georgia, serif;\"><span style=\"font-size: large;\"><span lang=\"it-IT\">covid<\/span><\/span><\/span><span style=\"font-family: Georgia, serif;\"><span style=\"font-size: large;\">.<\/span><\/span> <span style=\"font-family: Georgia, serif;\"><span style=\"font-size: large;\">L<\/span><\/span><span style=\"font-family: Georgia, serif;\"><span style=\"font-size: large;\"><span lang=\"it-IT\">&#8216;economista britannica <\/span><\/span><\/span><span style=\"font-family: Georgia, serif;\"><span style=\"font-size: large;\">\u00e8 <\/span><\/span><span style=\"font-family: Georgia, serif;\"><span style=\"font-size: large;\"><span lang=\"it-IT\">be<\/span><\/span><\/span><span style=\"font-family: Georgia, serif;\"><span style=\"font-size: large;\">n<\/span><\/span><span style=\"font-family: Georgia, serif;\"><span style=\"font-size: large;\"><span lang=\"it-IT\"> nota anche al pubblico dei non-addetti ai lavori per la sua teoria del <\/span><\/span><\/span><span style=\"font-family: Georgia, serif;\"><span style=\"font-size: large;\">\u201c<\/span><\/span><span style=\"font-family: Georgia, serif;\"><span style=\"font-size: large;\"><span lang=\"it-IT\">economia della ciambella<\/span><\/span><\/span><span style=\"font-family: Georgia, serif;\"><span style=\"font-size: large;\">\u201d<\/span><\/span><span style=\"font-family: Georgia, serif;\"><span style=\"font-size: large;\"><span lang=\"it-IT\"> che ha avuto una certa risonanza<\/span><\/span><\/span><span style=\"font-family: Georgia, serif;\"><span style=\"font-size: large;\"><span lang=\"it-IT\"> fin dalla pubblicazione del suo libro nel 2017. Prendendo in considerazione i 30 <\/span><\/span><\/span><span style=\"font-family: Georgia, serif;\"><span style=\"font-size: large;\">obiettivi sostenibili<\/span><\/span><span style=\"font-family: Georgia, serif;\"><span style=\"font-size: large;\"><span lang=\"it-IT\"> delineati dall&#8217;<\/span><\/span><\/span><span style=\"font-family: Georgia, serif;\"><span style=\"font-size: large;\">O<\/span><\/span><span style=\"font-family: Georgia, serif;\"><span style=\"font-size: large;\"><span lang=\"it-IT\">nu, Kate Raworth propone un nuovo assetto per l&#8217;economia del XXI secolo<\/span><\/span><\/span><span style=\"font-family: Georgia, serif;\"><span style=\"font-size: large;\">. I<\/span><\/span><span style=\"font-family: Georgia, serif;\"><span style=\"font-size: large;\"><span lang=\"it-IT\"> concetti fondamentali del \u201deconomia della ciambella\u201d<\/span><\/span><\/span><span style=\"font-family: Georgia, serif;\"><span style=\"font-size: large;\">,<\/span><\/span><span style=\"font-family: Georgia, serif;\"><span style=\"font-size: large;\"><span lang=\"it-IT\"> semplificati al massimo<\/span><\/span><\/span><span style=\"font-family: Georgia, serif;\"><span style=\"font-size: large;\">,<\/span><\/span><span style=\"font-family: Georgia, serif;\"><span style=\"font-size: large;\"><span lang=\"it-IT\"> sono che i diritti <\/span><\/span><\/span><span style=\"font-family: Georgia, serif;\"><span style=\"font-size: large;\">e<\/span><\/span><span style=\"font-family: Georgia, serif;\"><span style=\"font-size: large;\"><span lang=\"it-IT\"> bisogni delle persone<\/span><\/span><\/span><span style=\"font-family: Georgia, serif;\"><span style=\"font-size: large;\">,<\/span><\/span><span style=\"font-family: Georgia, serif;\"><span style=\"font-size: large;\"><span lang=\"it-IT\"> il lavoro<\/span><\/span><\/span><span style=\"font-family: Georgia, serif;\"><span style=\"font-size: large;\">,<\/span><\/span><span style=\"font-family: Georgia, serif;\"><span style=\"font-size: large;\"><span lang=\"it-IT\"> l&#8217;abitazione<\/span><\/span><\/span><span style=\"font-family: Georgia, serif;\"><span style=\"font-size: large;\">,<\/span><\/span><span style=\"font-family: Georgia, serif;\"><span style=\"font-size: large;\"><span lang=\"it-IT\"> la salute<\/span><\/span><\/span><span style=\"font-family: Georgia, serif;\"><span style=\"font-size: large;\">,<\/span><\/span><span style=\"font-family: Georgia, serif;\"><span style=\"font-size: large;\"><span lang=\"it-IT\"> il benessere fisico e psichico<\/span><\/span><\/span><span style=\"font-family: Georgia, serif;\"><span style=\"font-size: large;\">,<\/span><\/span><span style=\"font-family: Georgia, serif;\"><span style=\"font-size: large;\"><span lang=\"it-IT\"> l&#8217;educazione<\/span><\/span><\/span><span style=\"font-family: Georgia, serif;\"><span style=\"font-size: large;\">,<\/span><\/span> <span style=\"font-family: Georgia, serif;\"><span style=\"font-size: large;\">le <\/span><\/span><span style=\"font-family: Georgia, serif;\"><span style=\"font-size: large;\"><span lang=\"it-IT\">pari opportunit<\/span><\/span><\/span><span style=\"font-family: Georgia, serif;\"><span style=\"font-size: large;\">\u00e0,<\/span><\/span><span style=\"font-family: Georgia, serif;\"><span style=\"font-size: large;\"><span lang=\"it-IT\"> il diritto ad un reddito dignitoso e <\/span><\/span><\/span><span style=\"font-family: Georgia, serif;\"><span style=\"font-size: large;\">alla <\/span><\/span><span style=\"font-family: Georgia, serif;\"><span style=\"font-size: large;\"><span lang=\"it-IT\">rappresentanza politica<\/span><\/span><\/span><span style=\"font-family: Georgia, serif;\"><span style=\"font-size: large;\">,<\/span><\/span> <span style=\"font-family: Georgia, serif;\"><span style=\"font-size: large;\">q<\/span><\/span><span style=\"font-family: Georgia, serif;\"><span style=\"font-size: large;\"><span lang=\"it-IT\">uesti diritti fondamentali devono essere forniti dalla societ\u00e0 nel <\/span><\/span><\/span><span style=\"font-family: Georgia, serif;\"><span style=\"font-size: large;\"><span lang=\"it-IT\"><i>rispetto dei limiti<\/i><\/span><\/span><\/span><span style=\"font-family: Georgia, serif;\"><span style=\"font-size: large;\"><span lang=\"it-IT\"> imposti dal pianeta<\/span><\/span><\/span><span style=\"font-family: Georgia, serif;\"><span style=\"font-size: large;\">.<\/span><\/span> <span style=\"font-family: Georgia, serif;\"><span style=\"font-size: large;\">D<\/span><\/span><span style=\"font-family: Georgia, serif;\"><span style=\"font-size: large;\"><span lang=\"it-IT\">evono cio\u00e8 essere sostenibili<\/span><\/span><\/span><span style=\"font-family: Georgia, serif;\"><span style=\"font-size: large;\">,<\/span><\/span><span style=\"font-family: Georgia, serif;\"><span style=\"font-size: large;\"><span lang=\"it-IT\"> non possono sorpassare quel tetto ecologico che il sistema natura ci impone<\/span><\/span><\/span><span style=\"font-family: Georgia, serif;\"><span style=\"font-size: large;\">. In altre parole<\/span><\/span><span style=\"font-family: Georgia, serif;\"><span style=\"font-size: large;\"><span lang=\"it-IT\"> non possono inquinare le acque<\/span><\/span><\/span><span style=\"font-family: Georgia, serif;\"><span style=\"font-size: large;\">,<\/span><\/span><span style=\"font-family: Georgia, serif;\"><span style=\"font-size: large;\"><span lang=\"it-IT\"> i suoli<\/span><\/span><\/span><span style=\"font-family: Georgia, serif;\"><span style=\"font-size: large;\">,<\/span><\/span><span style=\"font-family: Georgia, serif;\"><span style=\"font-size: large;\"><span lang=\"it-IT\"> l&#8217;aria che respiriamo<\/span><\/span><\/span><span style=\"font-family: Georgia, serif;\"><span style=\"font-size: large;\">,<\/span><\/span><span style=\"font-family: Georgia, serif;\"><span style=\"font-size: large;\"><span lang=\"it-IT\"> minacciare la biodiversit\u00e0<\/span><\/span><\/span><span style=\"font-family: Georgia, serif;\"><span style=\"font-size: large;\"> e<\/span><\/span><span style=\"font-family: Georgia, serif;\"><span style=\"font-size: large;\"><span lang=\"it-IT\"> la vita degli oceani<\/span><\/span><\/span><span style=\"font-family: Georgia, serif;\"><span style=\"font-size: large;\">. <\/span><\/span><\/p>\n<p class=\"western\" lang=\"en-GB\" align=\"justify\"><span style=\"font-family: Georgia, serif;\"><span style=\"font-size: large;\">Il 10<\/span><\/span> <span style=\"font-family: Georgia, serif;\"><span style=\"font-size: large;\">a<\/span><\/span><span style=\"font-family: Georgia, serif;\"><span style=\"font-size: large;\"><span lang=\"it-IT\">prile questo modello economico \u00e8 stato formalmente adottato dal <\/span><\/span><\/span><span style=\"font-family: Georgia, serif;\"><span style=\"font-size: large;\">c<\/span><\/span><span style=\"font-family: Georgia, serif;\"><span style=\"font-size: large;\"><span lang=\"it-IT\">omune di Amsterdam come punto di partenza per le politiche pubbliche del post-emergenza facendo cos\u00ec di Amsterdam la prima citt\u00e0 nel mondo che si impegna<\/span><\/span><\/span><span style=\"font-family: Georgia, serif;\"><span style=\"font-size: large;\"> in una <\/span><\/span><span style=\"font-family: Georgia, serif;\"><span style=\"font-size: large;\"><span lang=\"it-IT\">direzione<\/span><\/span><\/span><span style=\"font-family: Georgia, serif;\"><span style=\"font-size: large;\"> di sostenibilit\u00e0 pubblica. <\/span><\/span><span style=\"font-family: Georgia, serif;\"><span style=\"font-size: large;\"><span lang=\"it-IT\">\u00c8 superfluo sottolineare quanto sia importante in questo periodo di pandemia globale, in cui ogni paese elabora il suo \u201cpiano Marshall\u201d. Qui \u00e8 stato lanciato un segnale molto forte che speriamo venga accolto anche dalle altre economie europee<\/span><\/span><\/span><span style=\"font-family: Georgia, serif;\"><span style=\"font-size: large;\">.<\/span><\/span><\/p>\n<p class=\"western\" lang=\"en-GB\" align=\"justify\"><span style=\"font-family: Georgia, serif;\"><span style=\"font-size: large;\"><span lang=\"it-IT\">Nello stesso tempo non dobbiamo dimenticare che anche le assemblee cittadine possono avere un ruolo importante nel dare forma ad una \u201cripresa verde\u201d. Sia in Francia che in Inghilterra le assemblee cittadine sono state messe in piedi per veicolare delle raccomandazioni al governo sulle politiche ambientali. Con l&#8217;inizio del <\/span><\/span><\/span><span style=\"font-family: Georgia, serif;\"><span style=\"font-size: large;\"><span lang=\"it-IT\"><i>lockdown<\/i><\/span><\/span><\/span><span style=\"font-family: Georgia, serif;\"><span style=\"font-size: large;\"><span lang=\"it-IT\"> in ambedue paesi si sono spostate on line per continuare alacremente i loro lavori. In Francia le assemblee dei cittadini sono state lanciate dopo le proteste dei \u201cgilet gialli\u201d del 2018 e 19 con lo scopo dichiarato di studiare prima, proporre poi, misure concrete per ridurre le emissioni del gas almeno a un 40%. Le assemblee dopo avere messo a punto una serie di proposte che riguardano settori come la mobilit\u00e0 sostenibile, incentivando piste ciclabili, investimenti sull\u2019agricoltura, il miglioramento dell\u2019efficienza energetica nelle case, la promozione della produzione di piccole unit\u00e0 di energia rinnovabile, la messa al bando della pubblicit\u00e0 per i prodotti pi\u00f9 inquinanti, le assemblee hanno caldamente avvisato il governo francese di non ripetere gli errori fatti dopo le crisi finanziarie del 2008 che videro cospicui investimenti statali nelle industrie del carbon fossile. Al contrario ha sollecitato il governo ad assicurare investimenti socialmente accettabili come parte dello sforzo della ripresa previlegiando soluzioni sostenibili alla transizione energetica. Si \u00e8 raccomandata per l\u2019adozione di misure che preparino la societ\u00e0 ad essere economicamente pi\u00f9 resiliente in vista di future probabili crisi. Anche in Inghilterra le assemblee dei cittadini sono nate per disegnare misure atte a raggiungere l&#8217;obiettivo di zero emissioni per il 2050, obiettivo fortemente contestato da <\/span><\/span><\/span><span style=\"font-family: Georgia, serif;\"><span style=\"font-size: large;\"><span lang=\"it-IT\"><i>Extintion Rebellion<\/i><\/span><\/span><\/span><span style=\"font-family: Georgia, serif;\"><span style=\"font-size: large;\"><span lang=\"it-IT\"> che ha invece proposto la data del 2025. <\/span><\/span><\/span><\/p>\n<p class=\"western\" lang=\"en-GB\" align=\"justify\"><span style=\"font-family: Georgia, serif;\"><span style=\"font-size: large;\"><span lang=\"it-IT\">Ma anche nel nostro paese qualcosa si \u00e8 mosso: il comune di Milano ha abbandonato il suo piano iniziale per la mobilit\u00e0 della Fase 2 e ha invece accolto la proposta dell\u2019associazione <\/span><\/span><\/span><span style=\"font-family: Georgia, serif;\"><span style=\"font-size: large;\"><span lang=\"it-IT\"><i>Bike Italia<\/i><\/span><\/span><\/span><span style=\"font-family: Georgia, serif;\"><span style=\"font-size: large;\"><span lang=\"it-IT\"> appoggiata da <\/span><\/span><\/span><span style=\"font-family: Georgia, serif;\"><span style=\"font-size: large;\"><span lang=\"it-IT\"><i>Extinction<\/i><\/span><\/span><\/span> <span style=\"font-family: Georgia, serif;\"><span style=\"font-size: large;\"><span lang=\"it-IT\"><i>Rebellion<\/i><\/span><\/span><\/span><span style=\"font-family: Georgia, serif;\"><span style=\"font-size: large;\"><span lang=\"it-IT\"> Milano, <\/span><\/span><\/span><span style=\"font-family: Georgia, serif;\"><span style=\"font-size: large;\"><span lang=\"it-IT\"><i>Fridays for future<\/i><\/span><\/span><\/span><span style=\"font-family: Georgia, serif;\"><span style=\"font-size: large;\"><span lang=\"it-IT\"> e Genitori antismog. <\/span><\/span><\/span><span style=\"font-family: Georgia, serif;\"><span style=\"font-size: large;\"><span lang=\"it-IT\"><i>Bike Italia<\/i><\/span><\/span><\/span><span style=\"font-family: Georgia, serif;\"><span style=\"font-size: large;\"><span lang=\"it-IT\"> ha presentato un piano dettagliato, sia nelle proposte che nei costi, per far s\u00ec che la mobilit\u00e0 sostenibile diventi <\/span><\/span><\/span><span style=\"font-family: Georgia, serif;\"><span style=\"font-size: large;\"><span lang=\"it-IT\"><b>il piano<\/b><\/span><\/span><\/span><span style=\"font-family: Georgia, serif;\"><span style=\"font-size: large;\"><span lang=\"it-IT\"> per la citt\u00e0 nella Fase 2. Anche a Roma le associazioni legate alla promozione della bicicletta hanno proposto alla Sindaca Virginia Raggi un piano dettagliato sulla mobilit\u00e0 sostenibile che prevede l&#8217;ampliamento delle piste ciclabili per biciclette e monopattini, momentaneamente in questa emergenza si propone di togliere spazio alla carreggiata delle macchine. Lo scopo preciso \u00e8 di limitare in questa Fase 2 l&#8217;uso delle auto in sostituzione di metro e autobus che viaggiano necessariamente a capienza ridotta lasciando a piedi un sacco di gente. Si \u00e8 attivata anche Legambiente sia a Roma sia con una lettera ai sindaci delle citt\u00e0 italiane a cui propone un piano in 5 punti: pi\u00f9 ciclabili, pi\u00f9 bici, pi\u00f9 <\/span><\/span><\/span><span style=\"font-family: Georgia, serif;\"><span style=\"font-size: large;\"><span lang=\"it-IT\"><i>car sharing<\/i><\/span><\/span><\/span><span style=\"font-family: Georgia, serif;\"><span style=\"font-size: large;\"><span lang=\"it-IT\"> e incentivi a chi sceglie lo <\/span><\/span><\/span><span style=\"font-family: Georgia, serif;\"><span style=\"font-size: large;\"><span lang=\"it-IT\"><i>smart working<\/i><\/span><\/span><\/span><span style=\"font-family: Georgia, serif;\"><span style=\"font-size: large;\"><span lang=\"it-IT\">, meno autobus e pi\u00f9 metropolitane. <\/span><\/span><\/span><\/p>\n<p class=\"western\" lang=\"en-GB\" align=\"justify\"><span style=\"color: #222222;\"><span style=\"font-family: Georgia, serif;\"><span style=\"font-size: large;\"><span lang=\"it-IT\">Sempre a Milano l&#8217;amministrazione ha aperto una piattaforma rivolgendosi ai cittadini e alle associazioni affinch\u00e9 contribuiscano a configurare tutti assieme la Fase 2. XR Milano ha deciso di farsi avanti e di proporre l\u2019istituzione delle assemblee per i cittadini. Intanto a Bologna un manipolo di associazioni che si \u00e8 dato il nome \u201cLa condotta comunale della bicicletta\u201d ha lanciato il <\/span><\/span><\/span><\/span><span style=\"color: #222222;\"><span style=\"font-family: Georgia, serif;\"><span style=\"font-size: large;\"><span lang=\"it-IT\"><i>crowdfunding Andr\u00e0TuttiInBici <\/i><\/span><\/span><\/span><\/span><span style=\"color: #222222;\"><span style=\"font-family: Georgia, serif;\"><span style=\"font-size: large;\"><span lang=\"it-IT\">su GoFundMe chiedendo 5.000euro- obiettivo ampiamente raggiunto- per lanciare una campagna di affissioni pubblicitaria per ricordare ai bolognesi i molteplici vantaggi degli spostamenti in bici sotto i 10-15 km : a livello personale ci guadagna la salute e il portafoglio, a livello cittadino ci guadagnano i trasporti, la viabilit\u00e0, la qualit\u00e0 dell\u2019aria che respiriamo. La campagna partir\u00e0 l\u20198 maggio dura due settimane e coprir\u00e0 48 autobus, 15 mega cartelloni, 100 bacheche comunali. <\/span><\/span><\/span><\/span><\/p>\n<p class=\"western\" lang=\"en-GB\" align=\"justify\"><span style=\"color: #222222;\"><span style=\"font-family: Georgia, serif;\"><span style=\"font-size: large;\"><span lang=\"it-IT\">Il 22 aprile, in occasione del <\/span><\/span><\/span><\/span><span style=\"color: #222222;\"><span style=\"font-family: Georgia, serif;\"><span style=\"font-size: large;\"><span lang=\"it-IT\"><i>Earth Day,<\/i><\/span><\/span><\/span><\/span> <span style=\"color: #222222;\"><span style=\"font-family: Georgia, serif;\"><span style=\"font-size: large;\"><span lang=\"it-IT\"><i>Fridays for future <\/i><\/span><\/span><\/span><\/span><span style=\"color: #222222;\"><span style=\"font-family: Georgia, serif;\"><span style=\"font-size: large;\"><span lang=\"it-IT\">ha inviato una lettera al nostro governo lanciando la campagna #ritorno al futuro#. Il movimento chiede al governo di prendere in considerazione le politiche ambientali per superare la crisi causata dal coronavirus ed in questo modo rispondere con un unico programma a due crisi quella economica e quella ambientale. <\/span><\/span><\/span><\/span><\/p>\n<p class=\"western\" lang=\"en-GB\" align=\"justify\"><span style=\"color: #222222;\"><span style=\"font-family: Georgia, serif;\"><span style=\"font-size: large;\"><span lang=\"it-IT\">\u00c8 tempo di mobilitare le energie positive che il coronavirus ha messo in circolazione, sto parlando di un diffuso spirito di solidariet\u00e0, di attenzione per i meno fortunati ma anche una maggiore consapevolezza che questa epidemia ha a che fare con l\u2019inquinamento, malgrado la stampa non dia tanto spazio alle ricerche in corso. Dopo il tempo delle proteste \u00e8 giunto il tempo che la societ\u00e0 civile, cio\u00e8 i singoli, le associazioni <\/span><\/span><\/span><\/span><span style=\"color: #222222;\"><span style=\"font-family: Georgia, serif;\"><span style=\"font-size: large;\"><span lang=\"it-IT\"><i>mainstream<\/i><\/span><\/span><\/span><\/span><span style=\"color: #222222;\"><span style=\"font-family: Georgia, serif;\"><span style=\"font-size: large;\"><span lang=\"it-IT\"> e i movimenti, si faccia avanti con le sue proposte. Come disse Milton Freeman: \u201cIn tempi di crisi le azioni che verranno intraprese si rifaranno alle idee che sono in circolo in quel momento\u201d ed \u00e8 esattamente a questo che dobbiamo fare attenzione ci ricorda Naomi Klein. \u00c8 adesso il nostro momento se vogliamo dar forma al nostro futuro perch\u00e9 se non lo facciamo noi lo faranno di nuovo quei poteri politico-finanziari che ci rimetteranno tutti alla triste dieta dell\u2019austerity per i prossimi anni. Le avvisaglie gi\u00e0 ci sono.<\/span><\/span><\/span><\/span><\/p>\n<p class=\"western\" lang=\"en-GB\" align=\"justify\"><span style=\"color: #222222;\"><span style=\"font-family: Georgia, serif;\"><span style=\"font-size: large;\"><span lang=\"it-IT\">\u00c8 tempo di farsi avanti, diventare propositive, chiamarsi a raccolta l\u2019un l\u2019altra e avanzare. \u00c8 tempo, come dice Naomi Klein, di essere ambiziose e ambiziosi. <\/span><\/span><\/span><\/span><\/p>\n<p class=\"western\" lang=\"en-GB\" align=\"justify\"><span style=\"color: #222222;\"><span style=\"font-family: Georgia, serif;\"><span style=\"font-size: large;\"><span lang=\"it-IT\">Fonti: <\/span><\/span><\/span><\/span><span style=\"color: #0000ff;\"><u><a href=\"https:\/\/www.theguardian.com\/world\/2020\/apr\/08\/amsterdam-doughnut-model-mend-post-coronavirus-economy\">https:\/\/www.theguardian.com\/world\/2020\/apr\/08\/amsterdam-doughnut-model-mend-post-coronavirus-economy<\/a><\/u><\/span><\/p>\n<p class=\"western\" lang=\"en-GB\" align=\"justify\"><span style=\"color: #0000ff;\"><u><a href=\"https:\/\/www.climatechangenews.com\/2020\/04\/17\/citizens-assemblies-climate-change-seek-shape-post-covid-recovery\/\">https:\/\/www.climatechangenews.com\/2020\/04\/17\/citizens-assemblies-climate-change-seek-shape-post-covid-recovery\/<\/a><\/u><\/span><\/p>\n<p class=\"western\" lang=\"en-GB\" align=\"justify\"><span style=\"color: #0000ff;\"><u><a href=\"https:\/\/ritornoalfuturo.org\/la-lettera\/?fbclid=IwAR0M1pj8tKyRcfX0ipmEEo5M76wOmAglVp0ewUi4PYgvEN7kdQ07lfNHzVw\">https:\/\/ritornoalfuturo.org\/la-lettera\/?fbclid=IwAR0M1pj8tKyRcfX0ipmEEo5M76wOmAglVp0ewUi4PYgvEN7kdQ07lfNHzVw<\/a><\/u><\/span><\/p>\n<div id=\"sdfootnote1\">\n<p class=\"sdfootnote-western\" lang=\"en-GB\">\n<\/div>\n","protected":false},"excerpt":{"rendered":"<p>La crisi del coronavirus ci sta mostrando che \u00e8 possibile fare cambiamenti trasformativi da un giorno all&#8217;altro. Infatti, improvvisamente, siamo stati spinti in un mondo diverso con una economia diversa. I governi stanno correndo per proteggere i loro cittadini, sia&hellip;<\/p>\n","protected":false},"author":1795,"featured_media":1118609,"comment_status":"closed","ping_status":"closed","sticky":false,"template":"","format":"standard","meta":{"footnotes":""},"categories":[11388,59,47,162,55],"tags":[44499,57914,53987,76255,286,76256],"class_list":["post-1118568","post","type-post","status-publish","format-standard","has-post-thumbnail","hentry","category-contenuti-originali","category-ambiente-ecologia","category-europa","category-opinioni","category-politica","tag-amsterdam","tag-extinction-rebellion-it","tag-fridays-for-future","tag-kate-raworth","tag-milano","tag-mobilita-in-bici"],"yoast_head":"<!-- This site is optimized with the Yoast SEO plugin v27.1.1 - https:\/\/yoast.com\/product\/yoast-seo-wordpress\/ -->\n<title>\u00c8 tempo di sfoderare le nostre ambizioni<\/title>\n<meta name=\"description\" content=\"La crisi del coronavirus ci sta mostrando che \u00e8 possibile fare cambiamenti trasformativi da un giorno all&#039;altro. Infatti, improvvisamente, siamo stati\" \/>\n<meta name=\"robots\" content=\"index, follow, max-snippet:-1, max-image-preview:large, max-video-preview:-1\" \/>\n<link rel=\"canonical\" href=\"https:\/\/www.pressenza.com\/it\/2020\/05\/e-tempo-di-sfoderare-le-nostre-ambizioni\/\" \/>\n<meta property=\"og:locale\" content=\"it_IT\" \/>\n<meta property=\"og:type\" content=\"article\" \/>\n<meta property=\"og:title\" content=\"\u00c8 tempo di sfoderare le nostre ambizioni\" \/>\n<meta property=\"og:description\" content=\"La crisi del coronavirus ci sta mostrando che \u00e8 possibile fare cambiamenti trasformativi da un giorno all&#039;altro. Infatti, improvvisamente, siamo stati\" \/>\n<meta property=\"og:url\" content=\"https:\/\/www.pressenza.com\/it\/2020\/05\/e-tempo-di-sfoderare-le-nostre-ambizioni\/\" \/>\n<meta property=\"og:site_name\" content=\"Pressenza\" \/>\n<meta property=\"article:publisher\" content=\"https:\/\/www.facebook.com\/PressenzaItalia\" \/>\n<meta property=\"article:published_time\" content=\"2020-05-26T13:52:40+00:00\" \/>\n<meta property=\"article:modified_time\" content=\"2020-05-26T14:14:22+00:00\" \/>\n<meta property=\"og:image\" content=\"https:\/\/www.pressenza.com\/wp-content\/uploads\/2020\/05\/KateRawort-avvenire.jpg\" \/>\n\t<meta property=\"og:image:width\" content=\"750\" \/>\n\t<meta property=\"og:image:height\" content=\"502\" \/>\n\t<meta property=\"og:image:type\" content=\"image\/jpeg\" \/>\n<meta name=\"author\" content=\"Fiorella Carollo\" \/>\n<meta name=\"twitter:card\" content=\"summary_large_image\" \/>\n<meta name=\"twitter:creator\" content=\"@PressenzaIPA\" \/>\n<meta name=\"twitter:site\" content=\"@PressenzaIPA\" \/>\n<meta name=\"twitter:label1\" content=\"Scritto da\" \/>\n\t<meta name=\"twitter:data1\" content=\"Fiorella Carollo\" \/>\n\t<meta name=\"twitter:label2\" content=\"Tempo di lettura stimato\" \/>\n\t<meta name=\"twitter:data2\" content=\"6 minuti\" \/>\n<script type=\"application\/ld+json\" class=\"yoast-schema-graph\">{\"@context\":\"https:\/\/schema.org\",\"@graph\":[{\"@type\":\"Article\",\"@id\":\"https:\/\/www.pressenza.com\/it\/2020\/05\/e-tempo-di-sfoderare-le-nostre-ambizioni\/#article\",\"isPartOf\":{\"@id\":\"https:\/\/www.pressenza.com\/it\/2020\/05\/e-tempo-di-sfoderare-le-nostre-ambizioni\/\"},\"author\":{\"name\":\"Fiorella Carollo\",\"@id\":\"https:\/\/www.pressenza.com\/it\/#\/schema\/person\/84ebf19dce4d902a223619c900b9d714\"},\"headline\":\"\u00c8 tempo di sfoderare le nostre ambizioni\",\"datePublished\":\"2020-05-26T13:52:40+00:00\",\"dateModified\":\"2020-05-26T14:14:22+00:00\",\"mainEntityOfPage\":{\"@id\":\"https:\/\/www.pressenza.com\/it\/2020\/05\/e-tempo-di-sfoderare-le-nostre-ambizioni\/\"},\"wordCount\":1206,\"publisher\":{\"@id\":\"https:\/\/www.pressenza.com\/it\/#organization\"},\"image\":{\"@id\":\"https:\/\/www.pressenza.com\/it\/2020\/05\/e-tempo-di-sfoderare-le-nostre-ambizioni\/#primaryimage\"},\"thumbnailUrl\":\"https:\/\/www.pressenza.com\/wp-content\/uploads\/2020\/05\/KateRawort-avvenire.jpg\",\"keywords\":[\"Amsterdam\",\"Extinction Rebellion\",\"Fridays for Future\",\"Kate Raworth\",\"Milano\",\"mobilit\u00e0 in bici\"],\"articleSection\":[\"contenuti originali\",\"Ecologia ed Ambiente\",\"Europa\",\"Opinioni\",\"Politica\"],\"inLanguage\":\"it-IT\"},{\"@type\":\"WebPage\",\"@id\":\"https:\/\/www.pressenza.com\/it\/2020\/05\/e-tempo-di-sfoderare-le-nostre-ambizioni\/\",\"url\":\"https:\/\/www.pressenza.com\/it\/2020\/05\/e-tempo-di-sfoderare-le-nostre-ambizioni\/\",\"name\":\"\u00c8 tempo di sfoderare le nostre ambizioni\",\"isPartOf\":{\"@id\":\"https:\/\/www.pressenza.com\/it\/#website\"},\"primaryImageOfPage\":{\"@id\":\"https:\/\/www.pressenza.com\/it\/2020\/05\/e-tempo-di-sfoderare-le-nostre-ambizioni\/#primaryimage\"},\"image\":{\"@id\":\"https:\/\/www.pressenza.com\/it\/2020\/05\/e-tempo-di-sfoderare-le-nostre-ambizioni\/#primaryimage\"},\"thumbnailUrl\":\"https:\/\/www.pressenza.com\/wp-content\/uploads\/2020\/05\/KateRawort-avvenire.jpg\",\"datePublished\":\"2020-05-26T13:52:40+00:00\",\"dateModified\":\"2020-05-26T14:14:22+00:00\",\"description\":\"La crisi del coronavirus ci sta mostrando che \u00e8 possibile fare cambiamenti trasformativi da un giorno all'altro. Infatti, improvvisamente, siamo stati\",\"breadcrumb\":{\"@id\":\"https:\/\/www.pressenza.com\/it\/2020\/05\/e-tempo-di-sfoderare-le-nostre-ambizioni\/#breadcrumb\"},\"inLanguage\":\"it-IT\",\"potentialAction\":[{\"@type\":\"ReadAction\",\"target\":[\"https:\/\/www.pressenza.com\/it\/2020\/05\/e-tempo-di-sfoderare-le-nostre-ambizioni\/\"]}]},{\"@type\":\"ImageObject\",\"inLanguage\":\"it-IT\",\"@id\":\"https:\/\/www.pressenza.com\/it\/2020\/05\/e-tempo-di-sfoderare-le-nostre-ambizioni\/#primaryimage\",\"url\":\"https:\/\/www.pressenza.com\/wp-content\/uploads\/2020\/05\/KateRawort-avvenire.jpg\",\"contentUrl\":\"https:\/\/www.pressenza.com\/wp-content\/uploads\/2020\/05\/KateRawort-avvenire.jpg\",\"width\":750,\"height\":502},{\"@type\":\"BreadcrumbList\",\"@id\":\"https:\/\/www.pressenza.com\/it\/2020\/05\/e-tempo-di-sfoderare-le-nostre-ambizioni\/#breadcrumb\",\"itemListElement\":[{\"@type\":\"ListItem\",\"position\":1,\"name\":\"Accueil\",\"item\":\"https:\/\/www.pressenza.com\/it\/\"},{\"@type\":\"ListItem\",\"position\":2,\"name\":\"\u00c8 tempo di sfoderare le nostre ambizioni\"}]},{\"@type\":\"WebSite\",\"@id\":\"https:\/\/www.pressenza.com\/it\/#website\",\"url\":\"https:\/\/www.pressenza.com\/it\/\",\"name\":\"Pressenza\",\"description\":\"Agenzia di Stampa Internazionale\",\"publisher\":{\"@id\":\"https:\/\/www.pressenza.com\/it\/#organization\"},\"potentialAction\":[{\"@type\":\"SearchAction\",\"target\":{\"@type\":\"EntryPoint\",\"urlTemplate\":\"https:\/\/www.pressenza.com\/it\/?s={search_term_string}\"},\"query-input\":{\"@type\":\"PropertyValueSpecification\",\"valueRequired\":true,\"valueName\":\"search_term_string\"}}],\"inLanguage\":\"it-IT\"},{\"@type\":\"Organization\",\"@id\":\"https:\/\/www.pressenza.com\/it\/#organization\",\"name\":\"Pressenza\",\"url\":\"https:\/\/www.pressenza.com\/it\/\",\"logo\":{\"@type\":\"ImageObject\",\"inLanguage\":\"it-IT\",\"@id\":\"https:\/\/www.pressenza.com\/it\/#\/schema\/logo\/image\/\",\"url\":\"https:\/\/www.pressenza.com\/wp-content\/uploads\/2022\/10\/pressenza_logo_200x200.jpg\",\"contentUrl\":\"https:\/\/www.pressenza.com\/wp-content\/uploads\/2022\/10\/pressenza_logo_200x200.jpg\",\"width\":200,\"height\":200,\"caption\":\"Pressenza\"},\"image\":{\"@id\":\"https:\/\/www.pressenza.com\/it\/#\/schema\/logo\/image\/\"},\"sameAs\":[\"https:\/\/www.facebook.com\/PressenzaItalia\",\"https:\/\/x.com\/PressenzaIPA\"]},{\"@type\":\"Person\",\"@id\":\"https:\/\/www.pressenza.com\/it\/#\/schema\/person\/84ebf19dce4d902a223619c900b9d714\",\"name\":\"Fiorella Carollo\",\"description\":\"Orientalista, nello specifico nipponista, con una formazione in antropologia, studiosa del pensiero femminista e di cinema delle donne. Ha vissuto a Venezia, Londra, Tokyo, Melbourne, Bali e Roma. Nel 2009 pubblica con il contributo del comune di Venezia la raccolta di recensioni \u201cNuove eroine al cinema. Venti anni di cinema declinato al femminile\u201d. Nel biennio 2014-15 due campagne di crowdfunding finanziano il progetto \u201cI Reportage di Donna Reporter: diamo voce e visibilit\u00e0 alle donne che in Asia stanno cambiando il mondo\u201d. Questi reportage, le interviste e gli articoli scritti per The Bali Times hanno fornito il materiale per un libro di prossima pubblicazione. Il 2019 ha visto l\u2019emergere prepotente della questione climatica a cui dedica il libro \u201cExtinction Rebellion e la rivoluzione climatica\u201d 2020 Multimage. Nel marzo del 2022 grazie ad una campagna di crowdfunding \u00e8 stato pubblicato il libro \u201cDonne tra protesta e attivismo. Ambiente, economia, societ\u00e0\u201d sempre per la casa editrice Multimage di Firenze.\",\"url\":\"https:\/\/www.pressenza.com\/it\/author\/fiorella-carollo\/\"}]}<\/script>\n<!-- \/ Yoast SEO plugin. -->","yoast_head_json":{"title":"\u00c8 tempo di sfoderare le nostre ambizioni","description":"La crisi del coronavirus ci sta mostrando che \u00e8 possibile fare cambiamenti trasformativi da un giorno all'altro. Infatti, improvvisamente, siamo stati","robots":{"index":"index","follow":"follow","max-snippet":"max-snippet:-1","max-image-preview":"max-image-preview:large","max-video-preview":"max-video-preview:-1"},"canonical":"https:\/\/www.pressenza.com\/it\/2020\/05\/e-tempo-di-sfoderare-le-nostre-ambizioni\/","og_locale":"it_IT","og_type":"article","og_title":"\u00c8 tempo di sfoderare le nostre ambizioni","og_description":"La crisi del coronavirus ci sta mostrando che \u00e8 possibile fare cambiamenti trasformativi da un giorno all'altro. Infatti, improvvisamente, siamo stati","og_url":"https:\/\/www.pressenza.com\/it\/2020\/05\/e-tempo-di-sfoderare-le-nostre-ambizioni\/","og_site_name":"Pressenza","article_publisher":"https:\/\/www.facebook.com\/PressenzaItalia","article_published_time":"2020-05-26T13:52:40+00:00","article_modified_time":"2020-05-26T14:14:22+00:00","og_image":[{"width":750,"height":502,"url":"https:\/\/www.pressenza.com\/wp-content\/uploads\/2020\/05\/KateRawort-avvenire.jpg","type":"image\/jpeg"}],"author":"Fiorella Carollo","twitter_card":"summary_large_image","twitter_creator":"@PressenzaIPA","twitter_site":"@PressenzaIPA","twitter_misc":{"Scritto da":"Fiorella Carollo","Tempo di lettura stimato":"6 minuti"},"schema":{"@context":"https:\/\/schema.org","@graph":[{"@type":"Article","@id":"https:\/\/www.pressenza.com\/it\/2020\/05\/e-tempo-di-sfoderare-le-nostre-ambizioni\/#article","isPartOf":{"@id":"https:\/\/www.pressenza.com\/it\/2020\/05\/e-tempo-di-sfoderare-le-nostre-ambizioni\/"},"author":{"name":"Fiorella Carollo","@id":"https:\/\/www.pressenza.com\/it\/#\/schema\/person\/84ebf19dce4d902a223619c900b9d714"},"headline":"\u00c8 tempo di sfoderare le nostre ambizioni","datePublished":"2020-05-26T13:52:40+00:00","dateModified":"2020-05-26T14:14:22+00:00","mainEntityOfPage":{"@id":"https:\/\/www.pressenza.com\/it\/2020\/05\/e-tempo-di-sfoderare-le-nostre-ambizioni\/"},"wordCount":1206,"publisher":{"@id":"https:\/\/www.pressenza.com\/it\/#organization"},"image":{"@id":"https:\/\/www.pressenza.com\/it\/2020\/05\/e-tempo-di-sfoderare-le-nostre-ambizioni\/#primaryimage"},"thumbnailUrl":"https:\/\/www.pressenza.com\/wp-content\/uploads\/2020\/05\/KateRawort-avvenire.jpg","keywords":["Amsterdam","Extinction Rebellion","Fridays for Future","Kate Raworth","Milano","mobilit\u00e0 in bici"],"articleSection":["contenuti originali","Ecologia ed Ambiente","Europa","Opinioni","Politica"],"inLanguage":"it-IT"},{"@type":"WebPage","@id":"https:\/\/www.pressenza.com\/it\/2020\/05\/e-tempo-di-sfoderare-le-nostre-ambizioni\/","url":"https:\/\/www.pressenza.com\/it\/2020\/05\/e-tempo-di-sfoderare-le-nostre-ambizioni\/","name":"\u00c8 tempo di sfoderare le nostre ambizioni","isPartOf":{"@id":"https:\/\/www.pressenza.com\/it\/#website"},"primaryImageOfPage":{"@id":"https:\/\/www.pressenza.com\/it\/2020\/05\/e-tempo-di-sfoderare-le-nostre-ambizioni\/#primaryimage"},"image":{"@id":"https:\/\/www.pressenza.com\/it\/2020\/05\/e-tempo-di-sfoderare-le-nostre-ambizioni\/#primaryimage"},"thumbnailUrl":"https:\/\/www.pressenza.com\/wp-content\/uploads\/2020\/05\/KateRawort-avvenire.jpg","datePublished":"2020-05-26T13:52:40+00:00","dateModified":"2020-05-26T14:14:22+00:00","description":"La crisi del coronavirus ci sta mostrando che \u00e8 possibile fare cambiamenti trasformativi da un giorno all'altro. Infatti, improvvisamente, siamo stati","breadcrumb":{"@id":"https:\/\/www.pressenza.com\/it\/2020\/05\/e-tempo-di-sfoderare-le-nostre-ambizioni\/#breadcrumb"},"inLanguage":"it-IT","potentialAction":[{"@type":"ReadAction","target":["https:\/\/www.pressenza.com\/it\/2020\/05\/e-tempo-di-sfoderare-le-nostre-ambizioni\/"]}]},{"@type":"ImageObject","inLanguage":"it-IT","@id":"https:\/\/www.pressenza.com\/it\/2020\/05\/e-tempo-di-sfoderare-le-nostre-ambizioni\/#primaryimage","url":"https:\/\/www.pressenza.com\/wp-content\/uploads\/2020\/05\/KateRawort-avvenire.jpg","contentUrl":"https:\/\/www.pressenza.com\/wp-content\/uploads\/2020\/05\/KateRawort-avvenire.jpg","width":750,"height":502},{"@type":"BreadcrumbList","@id":"https:\/\/www.pressenza.com\/it\/2020\/05\/e-tempo-di-sfoderare-le-nostre-ambizioni\/#breadcrumb","itemListElement":[{"@type":"ListItem","position":1,"name":"Accueil","item":"https:\/\/www.pressenza.com\/it\/"},{"@type":"ListItem","position":2,"name":"\u00c8 tempo di sfoderare le nostre ambizioni"}]},{"@type":"WebSite","@id":"https:\/\/www.pressenza.com\/it\/#website","url":"https:\/\/www.pressenza.com\/it\/","name":"Pressenza","description":"Agenzia di Stampa Internazionale","publisher":{"@id":"https:\/\/www.pressenza.com\/it\/#organization"},"potentialAction":[{"@type":"SearchAction","target":{"@type":"EntryPoint","urlTemplate":"https:\/\/www.pressenza.com\/it\/?s={search_term_string}"},"query-input":{"@type":"PropertyValueSpecification","valueRequired":true,"valueName":"search_term_string"}}],"inLanguage":"it-IT"},{"@type":"Organization","@id":"https:\/\/www.pressenza.com\/it\/#organization","name":"Pressenza","url":"https:\/\/www.pressenza.com\/it\/","logo":{"@type":"ImageObject","inLanguage":"it-IT","@id":"https:\/\/www.pressenza.com\/it\/#\/schema\/logo\/image\/","url":"https:\/\/www.pressenza.com\/wp-content\/uploads\/2022\/10\/pressenza_logo_200x200.jpg","contentUrl":"https:\/\/www.pressenza.com\/wp-content\/uploads\/2022\/10\/pressenza_logo_200x200.jpg","width":200,"height":200,"caption":"Pressenza"},"image":{"@id":"https:\/\/www.pressenza.com\/it\/#\/schema\/logo\/image\/"},"sameAs":["https:\/\/www.facebook.com\/PressenzaItalia","https:\/\/x.com\/PressenzaIPA"]},{"@type":"Person","@id":"https:\/\/www.pressenza.com\/it\/#\/schema\/person\/84ebf19dce4d902a223619c900b9d714","name":"Fiorella Carollo","description":"Orientalista, nello specifico nipponista, con una formazione in antropologia, studiosa del pensiero femminista e di cinema delle donne. Ha vissuto a Venezia, Londra, Tokyo, Melbourne, Bali e Roma. Nel 2009 pubblica con il contributo del comune di Venezia la raccolta di recensioni \u201cNuove eroine al cinema. Venti anni di cinema declinato al femminile\u201d. Nel biennio 2014-15 due campagne di crowdfunding finanziano il progetto \u201cI Reportage di Donna Reporter: diamo voce e visibilit\u00e0 alle donne che in Asia stanno cambiando il mondo\u201d. Questi reportage, le interviste e gli articoli scritti per The Bali Times hanno fornito il materiale per un libro di prossima pubblicazione. Il 2019 ha visto l\u2019emergere prepotente della questione climatica a cui dedica il libro \u201cExtinction Rebellion e la rivoluzione climatica\u201d 2020 Multimage. Nel marzo del 2022 grazie ad una campagna di crowdfunding \u00e8 stato pubblicato il libro \u201cDonne tra protesta e attivismo. Ambiente, economia, societ\u00e0\u201d sempre per la casa editrice Multimage di Firenze.","url":"https:\/\/www.pressenza.com\/it\/author\/fiorella-carollo\/"}]}},"place":"","original_article_url":"","_links":{"self":[{"href":"https:\/\/www.pressenza.com\/it\/wp-json\/wp\/v2\/posts\/1118568","targetHints":{"allow":["GET"]}}],"collection":[{"href":"https:\/\/www.pressenza.com\/it\/wp-json\/wp\/v2\/posts"}],"about":[{"href":"https:\/\/www.pressenza.com\/it\/wp-json\/wp\/v2\/types\/post"}],"author":[{"embeddable":true,"href":"https:\/\/www.pressenza.com\/it\/wp-json\/wp\/v2\/users\/1795"}],"replies":[{"embeddable":true,"href":"https:\/\/www.pressenza.com\/it\/wp-json\/wp\/v2\/comments?post=1118568"}],"version-history":[{"count":0,"href":"https:\/\/www.pressenza.com\/it\/wp-json\/wp\/v2\/posts\/1118568\/revisions"}],"wp:featuredmedia":[{"embeddable":true,"href":"https:\/\/www.pressenza.com\/it\/wp-json\/wp\/v2\/media\/1118609"}],"wp:attachment":[{"href":"https:\/\/www.pressenza.com\/it\/wp-json\/wp\/v2\/media?parent=1118568"}],"wp:term":[{"taxonomy":"category","embeddable":true,"href":"https:\/\/www.pressenza.com\/it\/wp-json\/wp\/v2\/categories?post=1118568"},{"taxonomy":"post_tag","embeddable":true,"href":"https:\/\/www.pressenza.com\/it\/wp-json\/wp\/v2\/tags?post=1118568"}],"curies":[{"name":"wp","href":"https:\/\/api.w.org\/{rel}","templated":true}]}}