{"id":1115043,"date":"2020-05-23T09:03:03","date_gmt":"2020-05-23T08:03:03","guid":{"rendered":"https:\/\/www.pressenza.com\/?p=1115043"},"modified":"2020-05-23T09:03:03","modified_gmt":"2020-05-23T08:03:03","slug":"come-previsto-gli-usa-si-ritirano-anche-dal-trattato-open-skies","status":"publish","type":"post","link":"https:\/\/www.pressenza.com\/it\/2020\/05\/come-previsto-gli-usa-si-ritirano-anche-dal-trattato-open-skies\/","title":{"rendered":"Come previsto, gli USA si ritirano anche dal trattato Open Skies"},"content":{"rendered":"<p>Gioved\u00ec 21 maggio il segretario di stato americano Mike Pompeo ha annunciato il ritiro unilaterale degli USA dal trattato internazionale <i>Open Skies<\/i> , in vigore dal 1\u00b0 gennaio 2002; nello stesso giorno anche il dipartimento della difesa ha confermato la decisione del ritiro a partire dal giorno 22 maggio. Il ritiro diverr\u00e0 operativo fra sei mesi e le parti dovranno incontrarsi entro 30-60 giorni per discutere sulle sue implicazioni.<\/p>\n<p>L\u2019intenzione americana era gi\u00e0 trapelata lo scorso ottobre ( <a href=\"https:\/\/ilbolive.unipd.it\/it\/blog-page\/nuovo-trattato-estinzione-laccordo-open-skies\">https:\/\/ilbolive.unipd.it\/it\/blog-page\/nuovo-trattato-estinzione-laccordo-open-skies<\/a>) e rientra nell\u2019ostilit\u00e0 della presente amministrazione americana rispetto a ogni vincolo legale internazionale.<\/p>\n<p>Il trattato, negoziato fra la NATO e il Patto di Varsavia, vale fra 34 dei 35 paesi allora membri delle due organizzazioni difensive (il Kyrgyzstan non lo ha ancora ratificato): copre quindi quasi tutta l\u2019Europa, incluse l\u2019Ucraina, la Bielorussia, la Russia e la Turchia, oltre al Canada, la Groenlandia e gli Stati Uniti. Il trattato prevede un regime di voli di osservazione aerea disarmati per promuovere la prevedibilit\u00e0 e la stabilit\u00e0 strategica: i partecipanti hanno volontariamente aperto il proprio spazio aereo su base reciproca, consentendo il sorvolo del loro territorio al fine di rafforzare la fiducia e la trasparenza rispetto alle loro attivit\u00e0 militari a riassicurazione che nessuno stia pianificando una grave offensiva contro un altro.<\/p>\n<p>Particolarmente importante per garantire operativit\u00e0 e continuit\u00e0 alle operazioni previste dal trattato la commissione consultiva per i cieli aperti (OSCC) che conduce i suoi lavori per consenso in riunioni plenarie mensili presso la sede dell\u2019OSCE a Vienna.<\/p>\n<p>Nel contesto del trattato sono stati effettuati circa 1500 voli di osservazione, un centinaio all\u2019anno: in particolare 70 della Russia sugli USA e 200 degli USA sulla Russia, incluse delicate missioni nel 2014 dopo l\u2019annessione russa della Crimea e nel 2018 quando i russi sequestrarono tre navi ucraine e i loro equipaggi nel Mar Nero .<\/p>\n<p>Come per ogni trattato internazionale, anche <i>Open Skies<\/i> non \u00e8 stato perfettamente rispettato, in particolare a seguito del raffreddamento dei rapporti fra i paesi occidentali e la Russia. A partire dal 2017 negli USA si sono andate intensificando le critiche anche a questo trattato, sostenendo che possa essere di interesse solo per la Russia, dato che l\u2019osservazione satellitare americana fornisce informazioni superiori a quelle aeree permesse dai \u201ccieli aperti\u201d.<\/p>\n<p>Va osservato che se il trattato pu\u00f2 essere di maggior interesse per la Russia rispetto agli USA, date le minori capacit\u00e0 tecnologiche, esso svolge un cruciale ruolo di garanzia di sicurezza anche per tutti i paesi europei, e contribuisce a creare una situazione di trasparenza e di stabilit\u00e0 nel nostro continente. Il comunicato di Pompeo tiene conto di questo interesse degli alleati, senza il quale \u201cgli USA sarebbero usciti gi\u00e0 da tempo\u201d, precisa che essi sono stati consultati e assicura che gli USA forniranno loro immagini raccolte con i propri mezzi satellitari. Lo stesso 22 maggio \u00e8 previsto un incontro della NATO per discutere il destino del trattato, che ovviamente potrebbe continuare a valere fra i paesi rimanenti; \u00e8 tuttavia difficile che la Russia sia disposta ad accogliere missioni da parte dei paesi europei della NATO se le viene preclusa ogni osservazione sugli Stati Unti.<\/p>\n<p>Mentre le motivazioni adottate nell\u2019ottobre scorso per il ritiro americano erano la violazione russa del trattato, Pompeo usa ora accuse ben pi\u00f9 gravi: \u201dMosca risulta utilizzare le immagini raccolte con Open Skies a supporto di una nuova dottrina russa aggressiva mirante a bersagliare infrastrutture critiche negli USA e in Europa con munizioni convenzionali guidate con precisione. Invece di usare il trattato Open Skies come un meccanismo per migliorare la fiducia e la confidenza attraverso la trasparenza militare, la Russia ha di fatto trasformato il trattato in un <i>arma <\/i> rendendolo uno strumento di intimidazione e minaccia.\u201d<\/p>\n<p>Questo innalzamento dei toni, da violazione di un trattato per il rafforzamento della fiducia reciproca a minaccia armata alla sicurezza americana, pu\u00f2 essere strumentale per convincere gli alleati a seguire gli USA nell\u2019affossamento di un altro strumento di controllo degli armamenti, ma certamente rientra nel conflitto fra il presidente americano e il Congresso, relativamente ai suoi poteri costituzionali in termini di rescissione di trattati ratificati dal Senato americano.<\/p>\n<p>Il Congresso nella sezione 1234 degli National Defense Autorization Acts per il 2020 ha posto delle precondizioni all\u2019amministrazione Trump per il possibile ritiro dal trattato Open Skies, chiedendo in particolare che i segretari di stato e della difesa presentino congiuntamente, sei mesi prima dell\u2019annuncio del ritiro, alle pertinenti commissioni parlamentari una notificazione che il ritiro sia nel massimo interesse della sicurezza nazionale e che gli altri partner siano stati consultati. Chiaramente un ritardo di sei mesi allungherebbe ulteriormente la vita del trattato con la possibilit\u00e0 che sia il nuovo presidente americano a dire l\u2019ultima parola. L\u2019amministrazione Trump invocando la questione di sicurezza nazionale ritiene di poter ignorare la prescrizione parlamentare aprendo un conflitto costituzionale con il Congresso.<\/p>\n<p>Questa prova di forza esercitata su un trattato non cruciale per la stabilit\u00e0 nucleare mondiale si annuncia propedeutica alla manifesta intenzione di Trump di non estendere il ben pi\u00f9 cruciale trattato di limitazione delle armi strategiche New START, che altrimenti verr\u00e0 a cessare il prossimo 5 febbraio. L\u2019amministrazione americana richiede per la sua conservazione il coinvolgimento della Cina, che non \u00e8 parte del trattato bilaterale Russia-USA e non intende farne parte.<\/p>\n<p><a name=\"_GoBack\"><\/a> Il New START \u00e8 l\u2019ultimo accordo rimasto a limitare gli armamenti nucleari russi e americani, con precise forme di controllo reciproco, e la sua cessazione nella presente tesa situazione di duro confronto fra Cina, Russia e Stati Uniti in un panorama internazionale di molteplici conflitti fra paesi con armi nucleari ci esporrebbe a <span style=\"font-size: medium;\"><span lang=\"it-IT\">un rischio<\/span><\/span> nucleare analogo a quello esistente nei momenti pi\u00f9 tesi della guerra fredda.<\/p>\n","protected":false},"excerpt":{"rendered":"<p>Gioved\u00ec 21 maggio il segretario di stato americano Mike Pompeo ha annunciato il ritiro unilaterale degli USA dal trattato internazionale Open Skies , in vigore dal 1\u00b0 gennaio 2002; nello stesso giorno anche il dipartimento della difesa ha confermato la&hellip;<\/p>\n","protected":false},"author":1595,"featured_media":1006934,"comment_status":"closed","ping_status":"closed","sticky":false,"template":"","format":"standard","meta":{"footnotes":""},"categories":[11388,38,49,1263],"tags":[75486,76068,1453],"class_list":["post-1115043","post","type-post","status-publish","format-standard","has-post-thumbnail","hentry","category-contenuti-originali","category-internazionale","category-nord-america","category-pace-disarmo","tag-mike-pompeo-it","tag-open-skies","tag-usa-it"],"yoast_head":"<!-- This site is optimized with the Yoast SEO plugin v27.1.1 - https:\/\/yoast.com\/product\/yoast-seo-wordpress\/ -->\n<title>Come previsto, gli USA si ritirano anche dal trattato Open Skies<\/title>\n<meta name=\"description\" content=\"Gioved\u00ec 21 maggio il segretario di stato americano Mike Pompeo ha annunciato il ritiro unilaterale degli USA dal trattato internazionale Open Skies , in\" \/>\n<meta name=\"robots\" content=\"index, follow, max-snippet:-1, max-image-preview:large, max-video-preview:-1\" \/>\n<link rel=\"canonical\" href=\"https:\/\/www.pressenza.com\/it\/2020\/05\/come-previsto-gli-usa-si-ritirano-anche-dal-trattato-open-skies\/\" \/>\n<meta property=\"og:locale\" content=\"it_IT\" \/>\n<meta property=\"og:type\" content=\"article\" \/>\n<meta property=\"og:title\" content=\"Come previsto, gli USA si ritirano anche dal trattato Open Skies\" \/>\n<meta property=\"og:description\" content=\"Gioved\u00ec 21 maggio il segretario di stato americano Mike Pompeo ha annunciato il ritiro unilaterale degli USA dal trattato internazionale Open Skies , in\" \/>\n<meta property=\"og:url\" content=\"https:\/\/www.pressenza.com\/it\/2020\/05\/come-previsto-gli-usa-si-ritirano-anche-dal-trattato-open-skies\/\" \/>\n<meta property=\"og:site_name\" content=\"Pressenza\" \/>\n<meta property=\"article:publisher\" content=\"https:\/\/www.facebook.com\/PressenzaItalia\" \/>\n<meta property=\"article:published_time\" content=\"2020-05-23T08:03:03+00:00\" \/>\n<meta property=\"og:image\" content=\"https:\/\/www.pressenza.com\/wp-content\/uploads\/2020\/01\/aerei-con-bombe-nucleari.jpg\" \/>\n\t<meta property=\"og:image:width\" content=\"800\" \/>\n\t<meta property=\"og:image:height\" content=\"450\" \/>\n\t<meta property=\"og:image:type\" content=\"image\/jpeg\" \/>\n<meta name=\"author\" content=\"Alessandro Pascolini\" \/>\n<meta name=\"twitter:card\" content=\"summary_large_image\" \/>\n<meta name=\"twitter:creator\" content=\"@PressenzaIPA\" \/>\n<meta name=\"twitter:site\" content=\"@PressenzaIPA\" \/>\n<meta name=\"twitter:label1\" content=\"Scritto da\" \/>\n\t<meta name=\"twitter:data1\" content=\"Alessandro Pascolini\" \/>\n\t<meta name=\"twitter:label2\" content=\"Tempo di lettura stimato\" \/>\n\t<meta name=\"twitter:data2\" content=\"5 minuti\" \/>\n<script type=\"application\/ld+json\" class=\"yoast-schema-graph\">{\"@context\":\"https:\/\/schema.org\",\"@graph\":[{\"@type\":\"Article\",\"@id\":\"https:\/\/www.pressenza.com\/it\/2020\/05\/come-previsto-gli-usa-si-ritirano-anche-dal-trattato-open-skies\/#article\",\"isPartOf\":{\"@id\":\"https:\/\/www.pressenza.com\/it\/2020\/05\/come-previsto-gli-usa-si-ritirano-anche-dal-trattato-open-skies\/\"},\"author\":{\"name\":\"Alessandro Pascolini\",\"@id\":\"https:\/\/www.pressenza.com\/it\/#\/schema\/person\/c9e87175288d9b465de137e2c61e3883\"},\"headline\":\"Come previsto, gli USA si ritirano anche dal trattato Open Skies\",\"datePublished\":\"2020-05-23T08:03:03+00:00\",\"mainEntityOfPage\":{\"@id\":\"https:\/\/www.pressenza.com\/it\/2020\/05\/come-previsto-gli-usa-si-ritirano-anche-dal-trattato-open-skies\/\"},\"wordCount\":942,\"publisher\":{\"@id\":\"https:\/\/www.pressenza.com\/it\/#organization\"},\"image\":{\"@id\":\"https:\/\/www.pressenza.com\/it\/2020\/05\/come-previsto-gli-usa-si-ritirano-anche-dal-trattato-open-skies\/#primaryimage\"},\"thumbnailUrl\":\"https:\/\/www.pressenza.com\/wp-content\/uploads\/2020\/01\/aerei-con-bombe-nucleari.jpg\",\"keywords\":[\"Mike Pompeo\",\"Open Skies\",\"USA\"],\"articleSection\":[\"contenuti originali\",\"Internazionale\",\"Nord America\",\"Pace e Disarmo\"],\"inLanguage\":\"it-IT\"},{\"@type\":\"WebPage\",\"@id\":\"https:\/\/www.pressenza.com\/it\/2020\/05\/come-previsto-gli-usa-si-ritirano-anche-dal-trattato-open-skies\/\",\"url\":\"https:\/\/www.pressenza.com\/it\/2020\/05\/come-previsto-gli-usa-si-ritirano-anche-dal-trattato-open-skies\/\",\"name\":\"Come previsto, gli USA si ritirano anche dal trattato Open Skies\",\"isPartOf\":{\"@id\":\"https:\/\/www.pressenza.com\/it\/#website\"},\"primaryImageOfPage\":{\"@id\":\"https:\/\/www.pressenza.com\/it\/2020\/05\/come-previsto-gli-usa-si-ritirano-anche-dal-trattato-open-skies\/#primaryimage\"},\"image\":{\"@id\":\"https:\/\/www.pressenza.com\/it\/2020\/05\/come-previsto-gli-usa-si-ritirano-anche-dal-trattato-open-skies\/#primaryimage\"},\"thumbnailUrl\":\"https:\/\/www.pressenza.com\/wp-content\/uploads\/2020\/01\/aerei-con-bombe-nucleari.jpg\",\"datePublished\":\"2020-05-23T08:03:03+00:00\",\"description\":\"Gioved\u00ec 21 maggio il segretario di stato americano Mike Pompeo ha annunciato il ritiro unilaterale degli USA dal trattato internazionale Open Skies , in\",\"breadcrumb\":{\"@id\":\"https:\/\/www.pressenza.com\/it\/2020\/05\/come-previsto-gli-usa-si-ritirano-anche-dal-trattato-open-skies\/#breadcrumb\"},\"inLanguage\":\"it-IT\",\"potentialAction\":[{\"@type\":\"ReadAction\",\"target\":[\"https:\/\/www.pressenza.com\/it\/2020\/05\/come-previsto-gli-usa-si-ritirano-anche-dal-trattato-open-skies\/\"]}]},{\"@type\":\"ImageObject\",\"inLanguage\":\"it-IT\",\"@id\":\"https:\/\/www.pressenza.com\/it\/2020\/05\/come-previsto-gli-usa-si-ritirano-anche-dal-trattato-open-skies\/#primaryimage\",\"url\":\"https:\/\/www.pressenza.com\/wp-content\/uploads\/2020\/01\/aerei-con-bombe-nucleari.jpg\",\"contentUrl\":\"https:\/\/www.pressenza.com\/wp-content\/uploads\/2020\/01\/aerei-con-bombe-nucleari.jpg\",\"width\":800,\"height\":450},{\"@type\":\"BreadcrumbList\",\"@id\":\"https:\/\/www.pressenza.com\/it\/2020\/05\/come-previsto-gli-usa-si-ritirano-anche-dal-trattato-open-skies\/#breadcrumb\",\"itemListElement\":[{\"@type\":\"ListItem\",\"position\":1,\"name\":\"Accueil\",\"item\":\"https:\/\/www.pressenza.com\/it\/\"},{\"@type\":\"ListItem\",\"position\":2,\"name\":\"Come previsto, gli USA si ritirano anche dal trattato Open Skies\"}]},{\"@type\":\"WebSite\",\"@id\":\"https:\/\/www.pressenza.com\/it\/#website\",\"url\":\"https:\/\/www.pressenza.com\/it\/\",\"name\":\"Pressenza\",\"description\":\"Agenzia di Stampa Internazionale\",\"publisher\":{\"@id\":\"https:\/\/www.pressenza.com\/it\/#organization\"},\"potentialAction\":[{\"@type\":\"SearchAction\",\"target\":{\"@type\":\"EntryPoint\",\"urlTemplate\":\"https:\/\/www.pressenza.com\/it\/?s={search_term_string}\"},\"query-input\":{\"@type\":\"PropertyValueSpecification\",\"valueRequired\":true,\"valueName\":\"search_term_string\"}}],\"inLanguage\":\"it-IT\"},{\"@type\":\"Organization\",\"@id\":\"https:\/\/www.pressenza.com\/it\/#organization\",\"name\":\"Pressenza\",\"url\":\"https:\/\/www.pressenza.com\/it\/\",\"logo\":{\"@type\":\"ImageObject\",\"inLanguage\":\"it-IT\",\"@id\":\"https:\/\/www.pressenza.com\/it\/#\/schema\/logo\/image\/\",\"url\":\"https:\/\/www.pressenza.com\/wp-content\/uploads\/2022\/10\/pressenza_logo_200x200.jpg\",\"contentUrl\":\"https:\/\/www.pressenza.com\/wp-content\/uploads\/2022\/10\/pressenza_logo_200x200.jpg\",\"width\":200,\"height\":200,\"caption\":\"Pressenza\"},\"image\":{\"@id\":\"https:\/\/www.pressenza.com\/it\/#\/schema\/logo\/image\/\"},\"sameAs\":[\"https:\/\/www.facebook.com\/PressenzaItalia\",\"https:\/\/x.com\/PressenzaIPA\"]},{\"@type\":\"Person\",\"@id\":\"https:\/\/www.pressenza.com\/it\/#\/schema\/person\/c9e87175288d9b465de137e2c61e3883\",\"name\":\"Alessandro Pascolini\",\"description\":\"Alessandro Pascolini \u00e8 uno studioso senior dell\u2019Universit\u00e0 di Padova, gi\u00e0 docente di fisica teorica e di scienze per la pace, ed \u00e8 vice-direttore del Master in comunicazione delle scienze. Si occupa di fisica nucleare, controllo degli armamenti e divulgazione scientifica. Dal 1988 al 2002 \u00e8 stato responsabile delle attivit\u00e0 di promozione della cultura scientifica dell\u2019Istituto Nazionale di Fisica Nucleare, producendo una sessantina di mostre in Italia e all\u2019estero e predisponendo testi e materiali audiovisivi, cinematografici e multimediali. La Societ\u00e0 Europea di Fisica gli ha conferito il premio 2004 per la divulgazione scientifica. \u00c8 vicepresidente dell\u2019ISODARCO e partecipa alle Pugwash Conferences on Science and World Affairs.\",\"url\":\"https:\/\/www.pressenza.com\/it\/author\/alessandro-pascolini\/\"}]}<\/script>\n<!-- \/ Yoast SEO plugin. -->","yoast_head_json":{"title":"Come previsto, gli USA si ritirano anche dal trattato Open Skies","description":"Gioved\u00ec 21 maggio il segretario di stato americano Mike Pompeo ha annunciato il ritiro unilaterale degli USA dal trattato internazionale Open Skies , in","robots":{"index":"index","follow":"follow","max-snippet":"max-snippet:-1","max-image-preview":"max-image-preview:large","max-video-preview":"max-video-preview:-1"},"canonical":"https:\/\/www.pressenza.com\/it\/2020\/05\/come-previsto-gli-usa-si-ritirano-anche-dal-trattato-open-skies\/","og_locale":"it_IT","og_type":"article","og_title":"Come previsto, gli USA si ritirano anche dal trattato Open Skies","og_description":"Gioved\u00ec 21 maggio il segretario di stato americano Mike Pompeo ha annunciato il ritiro unilaterale degli USA dal trattato internazionale Open Skies , in","og_url":"https:\/\/www.pressenza.com\/it\/2020\/05\/come-previsto-gli-usa-si-ritirano-anche-dal-trattato-open-skies\/","og_site_name":"Pressenza","article_publisher":"https:\/\/www.facebook.com\/PressenzaItalia","article_published_time":"2020-05-23T08:03:03+00:00","og_image":[{"width":800,"height":450,"url":"https:\/\/www.pressenza.com\/wp-content\/uploads\/2020\/01\/aerei-con-bombe-nucleari.jpg","type":"image\/jpeg"}],"author":"Alessandro Pascolini","twitter_card":"summary_large_image","twitter_creator":"@PressenzaIPA","twitter_site":"@PressenzaIPA","twitter_misc":{"Scritto da":"Alessandro Pascolini","Tempo di lettura stimato":"5 minuti"},"schema":{"@context":"https:\/\/schema.org","@graph":[{"@type":"Article","@id":"https:\/\/www.pressenza.com\/it\/2020\/05\/come-previsto-gli-usa-si-ritirano-anche-dal-trattato-open-skies\/#article","isPartOf":{"@id":"https:\/\/www.pressenza.com\/it\/2020\/05\/come-previsto-gli-usa-si-ritirano-anche-dal-trattato-open-skies\/"},"author":{"name":"Alessandro Pascolini","@id":"https:\/\/www.pressenza.com\/it\/#\/schema\/person\/c9e87175288d9b465de137e2c61e3883"},"headline":"Come previsto, gli USA si ritirano anche dal trattato Open Skies","datePublished":"2020-05-23T08:03:03+00:00","mainEntityOfPage":{"@id":"https:\/\/www.pressenza.com\/it\/2020\/05\/come-previsto-gli-usa-si-ritirano-anche-dal-trattato-open-skies\/"},"wordCount":942,"publisher":{"@id":"https:\/\/www.pressenza.com\/it\/#organization"},"image":{"@id":"https:\/\/www.pressenza.com\/it\/2020\/05\/come-previsto-gli-usa-si-ritirano-anche-dal-trattato-open-skies\/#primaryimage"},"thumbnailUrl":"https:\/\/www.pressenza.com\/wp-content\/uploads\/2020\/01\/aerei-con-bombe-nucleari.jpg","keywords":["Mike Pompeo","Open Skies","USA"],"articleSection":["contenuti originali","Internazionale","Nord America","Pace e Disarmo"],"inLanguage":"it-IT"},{"@type":"WebPage","@id":"https:\/\/www.pressenza.com\/it\/2020\/05\/come-previsto-gli-usa-si-ritirano-anche-dal-trattato-open-skies\/","url":"https:\/\/www.pressenza.com\/it\/2020\/05\/come-previsto-gli-usa-si-ritirano-anche-dal-trattato-open-skies\/","name":"Come previsto, gli USA si ritirano anche dal trattato Open Skies","isPartOf":{"@id":"https:\/\/www.pressenza.com\/it\/#website"},"primaryImageOfPage":{"@id":"https:\/\/www.pressenza.com\/it\/2020\/05\/come-previsto-gli-usa-si-ritirano-anche-dal-trattato-open-skies\/#primaryimage"},"image":{"@id":"https:\/\/www.pressenza.com\/it\/2020\/05\/come-previsto-gli-usa-si-ritirano-anche-dal-trattato-open-skies\/#primaryimage"},"thumbnailUrl":"https:\/\/www.pressenza.com\/wp-content\/uploads\/2020\/01\/aerei-con-bombe-nucleari.jpg","datePublished":"2020-05-23T08:03:03+00:00","description":"Gioved\u00ec 21 maggio il segretario di stato americano Mike Pompeo ha annunciato il ritiro unilaterale degli USA dal trattato internazionale Open Skies , in","breadcrumb":{"@id":"https:\/\/www.pressenza.com\/it\/2020\/05\/come-previsto-gli-usa-si-ritirano-anche-dal-trattato-open-skies\/#breadcrumb"},"inLanguage":"it-IT","potentialAction":[{"@type":"ReadAction","target":["https:\/\/www.pressenza.com\/it\/2020\/05\/come-previsto-gli-usa-si-ritirano-anche-dal-trattato-open-skies\/"]}]},{"@type":"ImageObject","inLanguage":"it-IT","@id":"https:\/\/www.pressenza.com\/it\/2020\/05\/come-previsto-gli-usa-si-ritirano-anche-dal-trattato-open-skies\/#primaryimage","url":"https:\/\/www.pressenza.com\/wp-content\/uploads\/2020\/01\/aerei-con-bombe-nucleari.jpg","contentUrl":"https:\/\/www.pressenza.com\/wp-content\/uploads\/2020\/01\/aerei-con-bombe-nucleari.jpg","width":800,"height":450},{"@type":"BreadcrumbList","@id":"https:\/\/www.pressenza.com\/it\/2020\/05\/come-previsto-gli-usa-si-ritirano-anche-dal-trattato-open-skies\/#breadcrumb","itemListElement":[{"@type":"ListItem","position":1,"name":"Accueil","item":"https:\/\/www.pressenza.com\/it\/"},{"@type":"ListItem","position":2,"name":"Come previsto, gli USA si ritirano anche dal trattato Open Skies"}]},{"@type":"WebSite","@id":"https:\/\/www.pressenza.com\/it\/#website","url":"https:\/\/www.pressenza.com\/it\/","name":"Pressenza","description":"Agenzia di Stampa Internazionale","publisher":{"@id":"https:\/\/www.pressenza.com\/it\/#organization"},"potentialAction":[{"@type":"SearchAction","target":{"@type":"EntryPoint","urlTemplate":"https:\/\/www.pressenza.com\/it\/?s={search_term_string}"},"query-input":{"@type":"PropertyValueSpecification","valueRequired":true,"valueName":"search_term_string"}}],"inLanguage":"it-IT"},{"@type":"Organization","@id":"https:\/\/www.pressenza.com\/it\/#organization","name":"Pressenza","url":"https:\/\/www.pressenza.com\/it\/","logo":{"@type":"ImageObject","inLanguage":"it-IT","@id":"https:\/\/www.pressenza.com\/it\/#\/schema\/logo\/image\/","url":"https:\/\/www.pressenza.com\/wp-content\/uploads\/2022\/10\/pressenza_logo_200x200.jpg","contentUrl":"https:\/\/www.pressenza.com\/wp-content\/uploads\/2022\/10\/pressenza_logo_200x200.jpg","width":200,"height":200,"caption":"Pressenza"},"image":{"@id":"https:\/\/www.pressenza.com\/it\/#\/schema\/logo\/image\/"},"sameAs":["https:\/\/www.facebook.com\/PressenzaItalia","https:\/\/x.com\/PressenzaIPA"]},{"@type":"Person","@id":"https:\/\/www.pressenza.com\/it\/#\/schema\/person\/c9e87175288d9b465de137e2c61e3883","name":"Alessandro Pascolini","description":"Alessandro Pascolini \u00e8 uno studioso senior dell\u2019Universit\u00e0 di Padova, gi\u00e0 docente di fisica teorica e di scienze per la pace, ed \u00e8 vice-direttore del Master in comunicazione delle scienze. Si occupa di fisica nucleare, controllo degli armamenti e divulgazione scientifica. Dal 1988 al 2002 \u00e8 stato responsabile delle attivit\u00e0 di promozione della cultura scientifica dell\u2019Istituto Nazionale di Fisica Nucleare, producendo una sessantina di mostre in Italia e all\u2019estero e predisponendo testi e materiali audiovisivi, cinematografici e multimediali. La Societ\u00e0 Europea di Fisica gli ha conferito il premio 2004 per la divulgazione scientifica. \u00c8 vicepresidente dell\u2019ISODARCO e partecipa alle Pugwash Conferences on Science and World Affairs.","url":"https:\/\/www.pressenza.com\/it\/author\/alessandro-pascolini\/"}]}},"place":"","original_article_url":"","_links":{"self":[{"href":"https:\/\/www.pressenza.com\/it\/wp-json\/wp\/v2\/posts\/1115043","targetHints":{"allow":["GET"]}}],"collection":[{"href":"https:\/\/www.pressenza.com\/it\/wp-json\/wp\/v2\/posts"}],"about":[{"href":"https:\/\/www.pressenza.com\/it\/wp-json\/wp\/v2\/types\/post"}],"author":[{"embeddable":true,"href":"https:\/\/www.pressenza.com\/it\/wp-json\/wp\/v2\/users\/1595"}],"replies":[{"embeddable":true,"href":"https:\/\/www.pressenza.com\/it\/wp-json\/wp\/v2\/comments?post=1115043"}],"version-history":[{"count":0,"href":"https:\/\/www.pressenza.com\/it\/wp-json\/wp\/v2\/posts\/1115043\/revisions"}],"wp:featuredmedia":[{"embeddable":true,"href":"https:\/\/www.pressenza.com\/it\/wp-json\/wp\/v2\/media\/1006934"}],"wp:attachment":[{"href":"https:\/\/www.pressenza.com\/it\/wp-json\/wp\/v2\/media?parent=1115043"}],"wp:term":[{"taxonomy":"category","embeddable":true,"href":"https:\/\/www.pressenza.com\/it\/wp-json\/wp\/v2\/categories?post=1115043"},{"taxonomy":"post_tag","embeddable":true,"href":"https:\/\/www.pressenza.com\/it\/wp-json\/wp\/v2\/tags?post=1115043"}],"curies":[{"name":"wp","href":"https:\/\/api.w.org\/{rel}","templated":true}]}}