{"id":1114107,"date":"2020-05-21T15:52:42","date_gmt":"2020-05-21T14:52:42","guid":{"rendered":"https:\/\/www.pressenza.com\/?p=1114107"},"modified":"2020-05-21T15:56:01","modified_gmt":"2020-05-21T14:56:01","slug":"pienamente-riuscito-lo-sciopero-dei-braccianti","status":"publish","type":"post","link":"https:\/\/www.pressenza.com\/it\/2020\/05\/pienamente-riuscito-lo-sciopero-dei-braccianti\/","title":{"rendered":"Pienamente riuscito lo sciopero dei braccianti"},"content":{"rendered":"<p><strong>USB al governo: rivedere le norme sulla regolarizzazione o seguiranno altre mobilitazioni degli invisibili.<\/strong><\/p>\n<p>Ha avuto una partecipazione straordinaria lo sciopero dei braccianti proclamato dall\u2019Unione Sindacale di Base Lavoro Agricolo contro la mancata regolarizzazione di tutti gli invisibili. Deserti i campi, solidariet\u00e0 anche dai contadini che hanno spento i loro trattori e dai consumatori che hanno fermato i carrelli, facendo lo sciopero della spesa di frutta e verdura.<\/p>\n<p>Molti i presidi organizzati davanti alle prefetture per la consegna dei prodotti agricoli tanto cari al governo Conte bis, come a Torino, Brescia, Cremona, Piacenza, Rimini, Livorno, Roma, Caserta, Reggio Calabria.<\/p>\n<p>L\u2019appuntamento principale \u00e8 stato il partecipatissimo corteo degli invisibili che dall\u2019insediamento di Torretta Antonacci, nel comune di Rignano Garganico, ha attraversato le campagne del Foggiano. Una delegazione ha poi raggiunto la Prefettura di Foggia, dove \u2013 nonostante le forze dell\u2019ordine abbiano impedito ai lavoratori di raggiungere l\u2019ingresso &#8211; sono stati lasciati frutta e verdura per il Presidente del Consiglio. Al termine Aboubakar Soumahoro ha tracciato un bilancio della giornata, illustrando ai molti media presenti i punti principali della protesta e annunciando le prossime iniziative.<\/p>\n<p><strong>USB Lavoro Agricolo<\/strong> contesta l\u2019ottica di categorizzazione del Decreto Rilancio, che anzich\u00e9 preoccuparsi degli esseri umani guarda soltanto alle braccia utili per salvare i raccolti.\u00a0 Una categorizzazione che si \u00e8 tradotta in ghettizzazione e invisibilit\u00e0, non soltanto per i braccianti ma per tutte le altre categorie condannate alla marginalit\u00e0, come i riders, i facchini della logistica, i lavapiatti, le badanti.<\/p>\n<p>Il governo ha rinunciato all\u2019audacia di garantire a tutti un permesso di soggiorno per emergenza, convertibile in permesso di lavoro, limitandosi a permessi temporanei per chi possiede requisiti stringenti. Si \u00e8 cio\u00e8 adeguato al dettato dei decreti sicurezza salviniani, tuttora in vigore, tuttora fabbrica di invisibilit\u00e0.<\/p>\n<p><strong>USB Lavoro Agricolo<\/strong> lancia un messaggio al governo che si definisce del nuovo umanesimo: se non arriveranno risposte per tutti gli esseri umani che affollano le campagne e le periferie, ci saranno altri scioperi, altre mobilitazioni, con buona pace della frutta e della verdura. E il prossimo corteo non raggiunger\u00e0 una prefettura, ma il Parlamento.<\/p>\n<p><strong>USB Lavoro Agricolo<\/strong> organizzer\u00e0 a\u00a0luglio\u00a0una grande assemblea di tutti i braccianti e gli invisibili italiani, aperta ai cittadini, ai consumatori, agli agricoltori, da tenersi nel Foggiano.<\/p>\n<p>&nbsp;<\/p>\n","protected":false},"excerpt":{"rendered":"<p>USB al governo: rivedere le norme sulla regolarizzazione o seguiranno altre mobilitazioni degli invisibili. Ha avuto una partecipazione straordinaria lo sciopero dei braccianti proclamato dall\u2019Unione Sindacale di Base Lavoro Agricolo contro la mancata regolarizzazione di tutti gli invisibili. Deserti i&hellip;<\/p>\n","protected":false},"author":907,"featured_media":1114108,"comment_status":"closed","ping_status":"closed","sticky":false,"template":"","format":"standard","meta":{"footnotes":""},"categories":[150,60,47],"tags":[48685,64742,75938,11134,45390,34408,68338,75985],"class_list":["post-1114107","post","type-post","status-publish","format-standard","has-post-thumbnail","hentry","category-comunicati-stampa","category-diritti-umani","category-europa","tag-aboubakar-soumahoro","tag-decreti-sicurezza","tag-decreto-rilancio","tag-governo-italiano","tag-invisibili","tag-permesso-di-soggiorno","tag-regolarizzazione","tag-sciopero-dei-braccianti"],"yoast_head":"<!-- This site is optimized with the Yoast SEO plugin v27.1.1 - https:\/\/yoast.com\/product\/yoast-seo-wordpress\/ -->\n<title>Pienamente riuscito lo sciopero dei braccianti<\/title>\n<meta name=\"description\" content=\"USB al governo: rivedere le norme sulla regolarizzazione o seguiranno altre mobilitazioni degli invisibili. Ha avuto una partecipazione straordinaria lo\" \/>\n<meta name=\"robots\" content=\"index, follow, max-snippet:-1, max-image-preview:large, max-video-preview:-1\" \/>\n<link rel=\"canonical\" href=\"https:\/\/www.pressenza.com\/it\/2020\/05\/pienamente-riuscito-lo-sciopero-dei-braccianti\/\" \/>\n<meta property=\"og:locale\" content=\"it_IT\" \/>\n<meta property=\"og:type\" content=\"article\" \/>\n<meta property=\"og:title\" content=\"Pienamente riuscito lo sciopero dei braccianti\" \/>\n<meta property=\"og:description\" content=\"USB al governo: rivedere le norme sulla regolarizzazione o seguiranno altre mobilitazioni degli invisibili. Ha avuto una partecipazione straordinaria lo\" \/>\n<meta property=\"og:url\" content=\"https:\/\/www.pressenza.com\/it\/2020\/05\/pienamente-riuscito-lo-sciopero-dei-braccianti\/\" \/>\n<meta property=\"og:site_name\" content=\"Pressenza\" \/>\n<meta property=\"article:publisher\" content=\"https:\/\/www.facebook.com\/PressenzaItalia\" \/>\n<meta property=\"article:author\" content=\"https:\/\/www.facebook.com\/unionesindacaledibase\" \/>\n<meta property=\"article:published_time\" content=\"2020-05-21T14:52:42+00:00\" \/>\n<meta property=\"article:modified_time\" content=\"2020-05-21T14:56:01+00:00\" \/>\n<meta property=\"og:image\" content=\"https:\/\/www.pressenza.com\/wp-content\/uploads\/2020\/05\/sciopero-braccianti-1.jpg\" \/>\n\t<meta property=\"og:image:width\" content=\"1361\" \/>\n\t<meta property=\"og:image:height\" content=\"900\" \/>\n\t<meta property=\"og:image:type\" content=\"image\/jpeg\" \/>\n<meta name=\"author\" content=\"Unione Sindacale di Base\" \/>\n<meta name=\"twitter:card\" content=\"summary_large_image\" \/>\n<meta name=\"twitter:creator\" content=\"@usbsindacato\" \/>\n<meta name=\"twitter:site\" content=\"@PressenzaIPA\" \/>\n<meta name=\"twitter:label1\" content=\"Scritto da\" \/>\n\t<meta name=\"twitter:data1\" content=\"Unione Sindacale di Base\" \/>\n\t<meta name=\"twitter:label2\" content=\"Tempo di lettura stimato\" \/>\n\t<meta name=\"twitter:data2\" content=\"2 minuti\" \/>\n<script type=\"application\/ld+json\" class=\"yoast-schema-graph\">{\"@context\":\"https:\/\/schema.org\",\"@graph\":[{\"@type\":\"Article\",\"@id\":\"https:\/\/www.pressenza.com\/it\/2020\/05\/pienamente-riuscito-lo-sciopero-dei-braccianti\/#article\",\"isPartOf\":{\"@id\":\"https:\/\/www.pressenza.com\/it\/2020\/05\/pienamente-riuscito-lo-sciopero-dei-braccianti\/\"},\"author\":{\"name\":\"Unione Sindacale di Base\",\"@id\":\"https:\/\/www.pressenza.com\/it\/#\/schema\/person\/cdb44ed73dfee4d78886fc4dd9a21ede\"},\"headline\":\"Pienamente riuscito lo sciopero dei braccianti\",\"datePublished\":\"2020-05-21T14:52:42+00:00\",\"dateModified\":\"2020-05-21T14:56:01+00:00\",\"mainEntityOfPage\":{\"@id\":\"https:\/\/www.pressenza.com\/it\/2020\/05\/pienamente-riuscito-lo-sciopero-dei-braccianti\/\"},\"wordCount\":382,\"publisher\":{\"@id\":\"https:\/\/www.pressenza.com\/it\/#organization\"},\"image\":{\"@id\":\"https:\/\/www.pressenza.com\/it\/2020\/05\/pienamente-riuscito-lo-sciopero-dei-braccianti\/#primaryimage\"},\"thumbnailUrl\":\"https:\/\/www.pressenza.com\/wp-content\/uploads\/2020\/05\/sciopero-braccianti-1.jpg\",\"keywords\":[\"Aboubakar Soumahoro\",\"decreti sicurezza\",\"decreto rilancio\",\"governo italiano\",\"Invisibili\",\"permesso di soggiorno\",\"regolarizzazione\",\"sciopero dei braccianti\"],\"articleSection\":[\"Comunicati Stampa\",\"Diritti Umani\",\"Europa\"],\"inLanguage\":\"it-IT\"},{\"@type\":\"WebPage\",\"@id\":\"https:\/\/www.pressenza.com\/it\/2020\/05\/pienamente-riuscito-lo-sciopero-dei-braccianti\/\",\"url\":\"https:\/\/www.pressenza.com\/it\/2020\/05\/pienamente-riuscito-lo-sciopero-dei-braccianti\/\",\"name\":\"Pienamente riuscito lo sciopero dei braccianti\",\"isPartOf\":{\"@id\":\"https:\/\/www.pressenza.com\/it\/#website\"},\"primaryImageOfPage\":{\"@id\":\"https:\/\/www.pressenza.com\/it\/2020\/05\/pienamente-riuscito-lo-sciopero-dei-braccianti\/#primaryimage\"},\"image\":{\"@id\":\"https:\/\/www.pressenza.com\/it\/2020\/05\/pienamente-riuscito-lo-sciopero-dei-braccianti\/#primaryimage\"},\"thumbnailUrl\":\"https:\/\/www.pressenza.com\/wp-content\/uploads\/2020\/05\/sciopero-braccianti-1.jpg\",\"datePublished\":\"2020-05-21T14:52:42+00:00\",\"dateModified\":\"2020-05-21T14:56:01+00:00\",\"description\":\"USB al governo: rivedere le norme sulla regolarizzazione o seguiranno altre mobilitazioni degli invisibili. Ha avuto una partecipazione straordinaria lo\",\"breadcrumb\":{\"@id\":\"https:\/\/www.pressenza.com\/it\/2020\/05\/pienamente-riuscito-lo-sciopero-dei-braccianti\/#breadcrumb\"},\"inLanguage\":\"it-IT\",\"potentialAction\":[{\"@type\":\"ReadAction\",\"target\":[\"https:\/\/www.pressenza.com\/it\/2020\/05\/pienamente-riuscito-lo-sciopero-dei-braccianti\/\"]}]},{\"@type\":\"ImageObject\",\"inLanguage\":\"it-IT\",\"@id\":\"https:\/\/www.pressenza.com\/it\/2020\/05\/pienamente-riuscito-lo-sciopero-dei-braccianti\/#primaryimage\",\"url\":\"https:\/\/www.pressenza.com\/wp-content\/uploads\/2020\/05\/sciopero-braccianti-1.jpg\",\"contentUrl\":\"https:\/\/www.pressenza.com\/wp-content\/uploads\/2020\/05\/sciopero-braccianti-1.jpg\",\"width\":1361,\"height\":900},{\"@type\":\"BreadcrumbList\",\"@id\":\"https:\/\/www.pressenza.com\/it\/2020\/05\/pienamente-riuscito-lo-sciopero-dei-braccianti\/#breadcrumb\",\"itemListElement\":[{\"@type\":\"ListItem\",\"position\":1,\"name\":\"Accueil\",\"item\":\"https:\/\/www.pressenza.com\/it\/\"},{\"@type\":\"ListItem\",\"position\":2,\"name\":\"Pienamente riuscito lo sciopero dei braccianti\"}]},{\"@type\":\"WebSite\",\"@id\":\"https:\/\/www.pressenza.com\/it\/#website\",\"url\":\"https:\/\/www.pressenza.com\/it\/\",\"name\":\"Pressenza\",\"description\":\"Agenzia di Stampa Internazionale\",\"publisher\":{\"@id\":\"https:\/\/www.pressenza.com\/it\/#organization\"},\"potentialAction\":[{\"@type\":\"SearchAction\",\"target\":{\"@type\":\"EntryPoint\",\"urlTemplate\":\"https:\/\/www.pressenza.com\/it\/?s={search_term_string}\"},\"query-input\":{\"@type\":\"PropertyValueSpecification\",\"valueRequired\":true,\"valueName\":\"search_term_string\"}}],\"inLanguage\":\"it-IT\"},{\"@type\":\"Organization\",\"@id\":\"https:\/\/www.pressenza.com\/it\/#organization\",\"name\":\"Pressenza\",\"url\":\"https:\/\/www.pressenza.com\/it\/\",\"logo\":{\"@type\":\"ImageObject\",\"inLanguage\":\"it-IT\",\"@id\":\"https:\/\/www.pressenza.com\/it\/#\/schema\/logo\/image\/\",\"url\":\"https:\/\/www.pressenza.com\/wp-content\/uploads\/2022\/10\/pressenza_logo_200x200.jpg\",\"contentUrl\":\"https:\/\/www.pressenza.com\/wp-content\/uploads\/2022\/10\/pressenza_logo_200x200.jpg\",\"width\":200,\"height\":200,\"caption\":\"Pressenza\"},\"image\":{\"@id\":\"https:\/\/www.pressenza.com\/it\/#\/schema\/logo\/image\/\"},\"sameAs\":[\"https:\/\/www.facebook.com\/PressenzaItalia\",\"https:\/\/x.com\/PressenzaIPA\"]},{\"@type\":\"Person\",\"@id\":\"https:\/\/www.pressenza.com\/it\/#\/schema\/person\/cdb44ed73dfee4d78886fc4dd9a21ede\",\"name\":\"Unione Sindacale di Base\",\"description\":\"Un\u2019organizzazione per milioni di lavoratori www.usb.it\",\"sameAs\":[\"https:\/\/www.facebook.com\/unionesindacaledibase\",\"https:\/\/x.com\/usbsindacato\"],\"url\":\"https:\/\/www.pressenza.com\/it\/author\/unione-sindacale-di-base\/\"}]}<\/script>\n<!-- \/ Yoast SEO plugin. -->","yoast_head_json":{"title":"Pienamente riuscito lo sciopero dei braccianti","description":"USB al governo: rivedere le norme sulla regolarizzazione o seguiranno altre mobilitazioni degli invisibili. Ha avuto una partecipazione straordinaria lo","robots":{"index":"index","follow":"follow","max-snippet":"max-snippet:-1","max-image-preview":"max-image-preview:large","max-video-preview":"max-video-preview:-1"},"canonical":"https:\/\/www.pressenza.com\/it\/2020\/05\/pienamente-riuscito-lo-sciopero-dei-braccianti\/","og_locale":"it_IT","og_type":"article","og_title":"Pienamente riuscito lo sciopero dei braccianti","og_description":"USB al governo: rivedere le norme sulla regolarizzazione o seguiranno altre mobilitazioni degli invisibili. Ha avuto una partecipazione straordinaria lo","og_url":"https:\/\/www.pressenza.com\/it\/2020\/05\/pienamente-riuscito-lo-sciopero-dei-braccianti\/","og_site_name":"Pressenza","article_publisher":"https:\/\/www.facebook.com\/PressenzaItalia","article_author":"https:\/\/www.facebook.com\/unionesindacaledibase","article_published_time":"2020-05-21T14:52:42+00:00","article_modified_time":"2020-05-21T14:56:01+00:00","og_image":[{"width":1361,"height":900,"url":"https:\/\/www.pressenza.com\/wp-content\/uploads\/2020\/05\/sciopero-braccianti-1.jpg","type":"image\/jpeg"}],"author":"Unione Sindacale di Base","twitter_card":"summary_large_image","twitter_creator":"@usbsindacato","twitter_site":"@PressenzaIPA","twitter_misc":{"Scritto da":"Unione Sindacale di Base","Tempo di lettura stimato":"2 minuti"},"schema":{"@context":"https:\/\/schema.org","@graph":[{"@type":"Article","@id":"https:\/\/www.pressenza.com\/it\/2020\/05\/pienamente-riuscito-lo-sciopero-dei-braccianti\/#article","isPartOf":{"@id":"https:\/\/www.pressenza.com\/it\/2020\/05\/pienamente-riuscito-lo-sciopero-dei-braccianti\/"},"author":{"name":"Unione Sindacale di Base","@id":"https:\/\/www.pressenza.com\/it\/#\/schema\/person\/cdb44ed73dfee4d78886fc4dd9a21ede"},"headline":"Pienamente riuscito lo sciopero dei braccianti","datePublished":"2020-05-21T14:52:42+00:00","dateModified":"2020-05-21T14:56:01+00:00","mainEntityOfPage":{"@id":"https:\/\/www.pressenza.com\/it\/2020\/05\/pienamente-riuscito-lo-sciopero-dei-braccianti\/"},"wordCount":382,"publisher":{"@id":"https:\/\/www.pressenza.com\/it\/#organization"},"image":{"@id":"https:\/\/www.pressenza.com\/it\/2020\/05\/pienamente-riuscito-lo-sciopero-dei-braccianti\/#primaryimage"},"thumbnailUrl":"https:\/\/www.pressenza.com\/wp-content\/uploads\/2020\/05\/sciopero-braccianti-1.jpg","keywords":["Aboubakar Soumahoro","decreti sicurezza","decreto rilancio","governo italiano","Invisibili","permesso di soggiorno","regolarizzazione","sciopero dei braccianti"],"articleSection":["Comunicati Stampa","Diritti Umani","Europa"],"inLanguage":"it-IT"},{"@type":"WebPage","@id":"https:\/\/www.pressenza.com\/it\/2020\/05\/pienamente-riuscito-lo-sciopero-dei-braccianti\/","url":"https:\/\/www.pressenza.com\/it\/2020\/05\/pienamente-riuscito-lo-sciopero-dei-braccianti\/","name":"Pienamente riuscito lo sciopero dei braccianti","isPartOf":{"@id":"https:\/\/www.pressenza.com\/it\/#website"},"primaryImageOfPage":{"@id":"https:\/\/www.pressenza.com\/it\/2020\/05\/pienamente-riuscito-lo-sciopero-dei-braccianti\/#primaryimage"},"image":{"@id":"https:\/\/www.pressenza.com\/it\/2020\/05\/pienamente-riuscito-lo-sciopero-dei-braccianti\/#primaryimage"},"thumbnailUrl":"https:\/\/www.pressenza.com\/wp-content\/uploads\/2020\/05\/sciopero-braccianti-1.jpg","datePublished":"2020-05-21T14:52:42+00:00","dateModified":"2020-05-21T14:56:01+00:00","description":"USB al governo: rivedere le norme sulla regolarizzazione o seguiranno altre mobilitazioni degli invisibili. Ha avuto una partecipazione straordinaria lo","breadcrumb":{"@id":"https:\/\/www.pressenza.com\/it\/2020\/05\/pienamente-riuscito-lo-sciopero-dei-braccianti\/#breadcrumb"},"inLanguage":"it-IT","potentialAction":[{"@type":"ReadAction","target":["https:\/\/www.pressenza.com\/it\/2020\/05\/pienamente-riuscito-lo-sciopero-dei-braccianti\/"]}]},{"@type":"ImageObject","inLanguage":"it-IT","@id":"https:\/\/www.pressenza.com\/it\/2020\/05\/pienamente-riuscito-lo-sciopero-dei-braccianti\/#primaryimage","url":"https:\/\/www.pressenza.com\/wp-content\/uploads\/2020\/05\/sciopero-braccianti-1.jpg","contentUrl":"https:\/\/www.pressenza.com\/wp-content\/uploads\/2020\/05\/sciopero-braccianti-1.jpg","width":1361,"height":900},{"@type":"BreadcrumbList","@id":"https:\/\/www.pressenza.com\/it\/2020\/05\/pienamente-riuscito-lo-sciopero-dei-braccianti\/#breadcrumb","itemListElement":[{"@type":"ListItem","position":1,"name":"Accueil","item":"https:\/\/www.pressenza.com\/it\/"},{"@type":"ListItem","position":2,"name":"Pienamente riuscito lo sciopero dei braccianti"}]},{"@type":"WebSite","@id":"https:\/\/www.pressenza.com\/it\/#website","url":"https:\/\/www.pressenza.com\/it\/","name":"Pressenza","description":"Agenzia di Stampa Internazionale","publisher":{"@id":"https:\/\/www.pressenza.com\/it\/#organization"},"potentialAction":[{"@type":"SearchAction","target":{"@type":"EntryPoint","urlTemplate":"https:\/\/www.pressenza.com\/it\/?s={search_term_string}"},"query-input":{"@type":"PropertyValueSpecification","valueRequired":true,"valueName":"search_term_string"}}],"inLanguage":"it-IT"},{"@type":"Organization","@id":"https:\/\/www.pressenza.com\/it\/#organization","name":"Pressenza","url":"https:\/\/www.pressenza.com\/it\/","logo":{"@type":"ImageObject","inLanguage":"it-IT","@id":"https:\/\/www.pressenza.com\/it\/#\/schema\/logo\/image\/","url":"https:\/\/www.pressenza.com\/wp-content\/uploads\/2022\/10\/pressenza_logo_200x200.jpg","contentUrl":"https:\/\/www.pressenza.com\/wp-content\/uploads\/2022\/10\/pressenza_logo_200x200.jpg","width":200,"height":200,"caption":"Pressenza"},"image":{"@id":"https:\/\/www.pressenza.com\/it\/#\/schema\/logo\/image\/"},"sameAs":["https:\/\/www.facebook.com\/PressenzaItalia","https:\/\/x.com\/PressenzaIPA"]},{"@type":"Person","@id":"https:\/\/www.pressenza.com\/it\/#\/schema\/person\/cdb44ed73dfee4d78886fc4dd9a21ede","name":"Unione Sindacale di Base","description":"Un\u2019organizzazione per milioni di lavoratori www.usb.it","sameAs":["https:\/\/www.facebook.com\/unionesindacaledibase","https:\/\/x.com\/usbsindacato"],"url":"https:\/\/www.pressenza.com\/it\/author\/unione-sindacale-di-base\/"}]}},"place":"","original_article_url":"","_links":{"self":[{"href":"https:\/\/www.pressenza.com\/it\/wp-json\/wp\/v2\/posts\/1114107","targetHints":{"allow":["GET"]}}],"collection":[{"href":"https:\/\/www.pressenza.com\/it\/wp-json\/wp\/v2\/posts"}],"about":[{"href":"https:\/\/www.pressenza.com\/it\/wp-json\/wp\/v2\/types\/post"}],"author":[{"embeddable":true,"href":"https:\/\/www.pressenza.com\/it\/wp-json\/wp\/v2\/users\/907"}],"replies":[{"embeddable":true,"href":"https:\/\/www.pressenza.com\/it\/wp-json\/wp\/v2\/comments?post=1114107"}],"version-history":[{"count":0,"href":"https:\/\/www.pressenza.com\/it\/wp-json\/wp\/v2\/posts\/1114107\/revisions"}],"wp:featuredmedia":[{"embeddable":true,"href":"https:\/\/www.pressenza.com\/it\/wp-json\/wp\/v2\/media\/1114108"}],"wp:attachment":[{"href":"https:\/\/www.pressenza.com\/it\/wp-json\/wp\/v2\/media?parent=1114107"}],"wp:term":[{"taxonomy":"category","embeddable":true,"href":"https:\/\/www.pressenza.com\/it\/wp-json\/wp\/v2\/categories?post=1114107"},{"taxonomy":"post_tag","embeddable":true,"href":"https:\/\/www.pressenza.com\/it\/wp-json\/wp\/v2\/tags?post=1114107"}],"curies":[{"name":"wp","href":"https:\/\/api.w.org\/{rel}","templated":true}]}}