{"id":1109474,"date":"2020-05-17T17:23:48","date_gmt":"2020-05-17T16:23:48","guid":{"rendered":"https:\/\/www.pressenza.com\/?p=1109474"},"modified":"2020-05-17T17:23:48","modified_gmt":"2020-05-17T16:23:48","slug":"leni-deve-cambiare-mestiere","status":"publish","type":"post","link":"https:\/\/www.pressenza.com\/it\/2020\/05\/leni-deve-cambiare-mestiere\/","title":{"rendered":"L\u2019Eni deve cambiare mestiere"},"content":{"rendered":"<p><em><strong><span style=\"color: #800000;\">Articolo di Giuseppe Onufrio<\/span> *<\/strong><\/em><\/p>\n<p class=\"has-drop-cap\">L&#8217;assemblea degli azionisti di Eni che ha escluso, in modo abbastanza arrogante, la partecipazione (pur virtuale) di azionisti \u00abcritici\u00bb \u2013 come Re:Common, Fondazione Finanza Etica e Greenpeace, che avevano presentato una analisi delle strategie dell\u2019azienda \u2013 <strong>ha approvato un piano strategico che, nonostante alcuni elementi innovativi, manterr\u00e0 l\u2019azienda \u00abdalla parte sbagliata della storia\u00bb e cio\u00e8 tra quelle che continueranno ad alimentare la crisi climatica.<\/strong><\/p>\n<p>Seppur siano previsti interventi per \u00abambientalizzare\u00bb le attivit\u00e0 dell\u2019azienda, basati in parte sulla tecnologia del Carbon Capture and Storage di assai dubbia affidabilit\u00e0 e sicurezza ambientale, <strong>il core business rimane quello di continuare a estrarre idrocarburi.<\/strong> E, va ricordato, le emissioni di gas serra di petrolio e gas estratto da Eni sono circa 6 volte quelle delle proprie attivit\u00e0 industriali.<\/p>\n<p><strong>Gli investimenti in direzione delle rinnovabili a breve e medio periodo sono assolutamente marginali.<\/strong><\/p>\n<p>Se per la produzione di idrocarburi l\u2019Eni prevede<strong> un investimento di 24 miliardi entro il 2023<\/strong>, quelli in fonti rinnovabili sono circa un decimo \u2013 <strong>2,6 miliardi \u2013 e altri 1,4 miliardi di investimenti \u201cverdi\u201d non meglio specificati.<\/strong><\/p>\n<p>Si annuncia (ed era ora) l\u2019uscita dalla produzione di biodiesel da olio di palma (oggi l\u201980% della bio-raffinazione a sei zampe) ma non \u00e8 chiaro come intende sostituirli: si cita il Pome (effluenti da oleifici da palma) che avrebbe impatti ambientali comunque negativi.<\/p>\n<p><strong>Se l\u2019Eni \u00e8 tra le aziende petrolifere a muoversi con ambizione ambientale maggiore, come riconosce il rapporto della influente Transition Pathway Initiative, una coalizione di investitori, il piano industriale non \u00e8 comunque allineato all\u2019obiettivo degli Accordi di Parigi, <\/strong>con un percorso di decarbonizzazione che non arriva alla traiettoria (meno ambiziosa) di mantenere la temperatura globale entro i 2\u00b0C.<\/p>\n<p>I prossimi 10 anni, com\u2019\u00e8 noto, saranno decisivi per abbattere le emissioni globali e mantenere aperta la possibilit\u00e0 di limitare il riscaldamento globale entro 1,5\u00b0C.<\/p>\n<p>Eni invece focalizza l\u2019attenzione <strong>agli obiettivi di riduzione delle emissioni di gas serra solo sul lungo periodo (2035-2050)<\/strong> e rinvia l\u2019adozione di misure drastiche fino al 2025 \u2013 cio\u00e8 per i prossimi due mandati del CdA \u2013 non contribuisce granch\u00e9 agli obiettivi a breve e conferma un sostanziale disimpegno climatico.<\/p>\n<p><strong>Dunque Eni, in questi prossimi anni decisivi, intende giocare ancora dalla parte del problema e non della soluzione.<\/strong> E, siccome gli investimenti certi sono quelli che si metteranno in campo in questi prossimi anni, l\u2019operazione di De Scalzi \u00e8 quella di una confezione rinverdita di una azienda che \u00e8 e intende rimanere nel settore dell\u2019estrazione di idrocarburi (anche se con pi\u00f9 gas e meno petrolio).<\/p>\n<p><strong>La sfida della decarbonizzazione \u00e8 complessa e difficile e richiede necessariamente la partecipazione di tanti attori, incluse le grandi aziende energetiche.<\/strong> Se per una parte della trasformazione il ruolo dei cittadini \u2013 \u00abprosumer\u00bb \u2013 \u00e8 gi\u00e0 e potr\u00e0 essere ancora pi\u00f9 rilevante, non sar\u00e0 possibile vincere la sfida climatica se le aziende grandi, medie e piccole non contribuiscono al loro livello.<\/p>\n<p><strong>Per un\u2019azienda come Eni la vera sfida \u00e8 di \u00abcambiare mestiere\u00bb <\/strong>\u2013 rinnovabili, efficienza degli edifici, sviluppo di gas di sintesi da rinnovabili come l\u2019idrogeno \u2013 e anche abbastanza in fretta.<\/p>\n<p style=\"text-align: right;\"><span style=\"color: #800000;\"><em>* direttore Greenpeace Italia<\/em><\/span><\/p>\n<p style=\"text-align: right;\"><span style=\"color: #800000;\">Articolo pubblicato anche su il Manifesto<\/span><\/p>\n","protected":false},"excerpt":{"rendered":"<p>Articolo di Giuseppe Onufrio * L&#8217;assemblea degli azionisti di Eni che ha escluso, in modo abbastanza arrogante, la partecipazione (pur virtuale) di azionisti \u00abcritici\u00bb \u2013 come Re:Common, Fondazione Finanza Etica e Greenpeace, che avevano presentato una analisi delle strategie dell\u2019azienda&hellip;<\/p>\n","protected":false},"author":1436,"featured_media":1109475,"comment_status":"closed","ping_status":"closed","sticky":false,"template":"","format":"standard","meta":{"footnotes":""},"categories":[59,47,162],"tags":[6933,7908,10978,1781,5490,17892],"class_list":["post-1109474","post","type-post","status-publish","format-standard","has-post-thumbnail","hentry","category-ambiente-ecologia","category-europa","category-opinioni","tag-cambiamenti-climatici","tag-clima","tag-energie-fossili","tag-energie-rinnovabili","tag-eni","tag-idrocarburi"],"yoast_head":"<!-- This site is optimized with the Yoast SEO plugin v27.1.1 - https:\/\/yoast.com\/product\/yoast-seo-wordpress\/ -->\n<title>L\u2019Eni deve cambiare mestiere<\/title>\n<meta name=\"description\" content=\"Articolo di Giuseppe Onufrio * L&#039;assemblea degli azionisti di Eni che ha escluso, in modo abbastanza arrogante, la partecipazione (pur virtuale) di\" \/>\n<meta name=\"robots\" content=\"index, follow, max-snippet:-1, max-image-preview:large, max-video-preview:-1\" \/>\n<link rel=\"canonical\" href=\"https:\/\/www.pressenza.com\/it\/2020\/05\/leni-deve-cambiare-mestiere\/\" \/>\n<meta property=\"og:locale\" content=\"it_IT\" \/>\n<meta property=\"og:type\" content=\"article\" \/>\n<meta property=\"og:title\" content=\"L\u2019Eni deve cambiare mestiere\" \/>\n<meta property=\"og:description\" content=\"Articolo di Giuseppe Onufrio * L&#039;assemblea degli azionisti di Eni che ha escluso, in modo abbastanza arrogante, la partecipazione (pur virtuale) di\" \/>\n<meta property=\"og:url\" content=\"https:\/\/www.pressenza.com\/it\/2020\/05\/leni-deve-cambiare-mestiere\/\" \/>\n<meta property=\"og:site_name\" content=\"Pressenza\" \/>\n<meta property=\"article:publisher\" content=\"https:\/\/www.facebook.com\/PressenzaItalia\" \/>\n<meta property=\"article:published_time\" content=\"2020-05-17T16:23:48+00:00\" \/>\n<meta property=\"og:image\" content=\"https:\/\/www.pressenza.com\/wp-content\/uploads\/2020\/05\/97121217_1763381140468045_3127042731893850112_n.jpg\" \/>\n\t<meta property=\"og:image:width\" content=\"960\" \/>\n\t<meta property=\"og:image:height\" content=\"720\" \/>\n\t<meta property=\"og:image:type\" content=\"image\/jpeg\" \/>\n<meta name=\"author\" content=\"Comune-info\" \/>\n<meta name=\"twitter:card\" content=\"summary_large_image\" \/>\n<meta name=\"twitter:creator\" content=\"@PressenzaIPA\" \/>\n<meta name=\"twitter:site\" content=\"@PressenzaIPA\" \/>\n<meta name=\"twitter:label1\" content=\"Scritto da\" \/>\n\t<meta name=\"twitter:data1\" content=\"Comune-info\" \/>\n\t<meta name=\"twitter:label2\" content=\"Tempo di lettura stimato\" \/>\n\t<meta name=\"twitter:data2\" content=\"3 minuti\" \/>\n<script type=\"application\/ld+json\" class=\"yoast-schema-graph\">{\"@context\":\"https:\/\/schema.org\",\"@graph\":[{\"@type\":\"Article\",\"@id\":\"https:\/\/www.pressenza.com\/it\/2020\/05\/leni-deve-cambiare-mestiere\/#article\",\"isPartOf\":{\"@id\":\"https:\/\/www.pressenza.com\/it\/2020\/05\/leni-deve-cambiare-mestiere\/\"},\"author\":{\"name\":\"Comune-info\",\"@id\":\"https:\/\/www.pressenza.com\/it\/#\/schema\/person\/1ee2824dbc73024ca26b2ff0897954a1\"},\"headline\":\"L\u2019Eni deve cambiare mestiere\",\"datePublished\":\"2020-05-17T16:23:48+00:00\",\"mainEntityOfPage\":{\"@id\":\"https:\/\/www.pressenza.com\/it\/2020\/05\/leni-deve-cambiare-mestiere\/\"},\"wordCount\":517,\"publisher\":{\"@id\":\"https:\/\/www.pressenza.com\/it\/#organization\"},\"image\":{\"@id\":\"https:\/\/www.pressenza.com\/it\/2020\/05\/leni-deve-cambiare-mestiere\/#primaryimage\"},\"thumbnailUrl\":\"https:\/\/www.pressenza.com\/wp-content\/uploads\/2020\/05\/97121217_1763381140468045_3127042731893850112_n.jpg\",\"keywords\":[\"cambiamenti climatici\",\"clima\",\"energie fossili\",\"energie rinnovabili\",\"ENI\",\"idrocarburi\"],\"articleSection\":[\"Ecologia ed Ambiente\",\"Europa\",\"Opinioni\"],\"inLanguage\":\"it-IT\"},{\"@type\":\"WebPage\",\"@id\":\"https:\/\/www.pressenza.com\/it\/2020\/05\/leni-deve-cambiare-mestiere\/\",\"url\":\"https:\/\/www.pressenza.com\/it\/2020\/05\/leni-deve-cambiare-mestiere\/\",\"name\":\"L\u2019Eni deve cambiare mestiere\",\"isPartOf\":{\"@id\":\"https:\/\/www.pressenza.com\/it\/#website\"},\"primaryImageOfPage\":{\"@id\":\"https:\/\/www.pressenza.com\/it\/2020\/05\/leni-deve-cambiare-mestiere\/#primaryimage\"},\"image\":{\"@id\":\"https:\/\/www.pressenza.com\/it\/2020\/05\/leni-deve-cambiare-mestiere\/#primaryimage\"},\"thumbnailUrl\":\"https:\/\/www.pressenza.com\/wp-content\/uploads\/2020\/05\/97121217_1763381140468045_3127042731893850112_n.jpg\",\"datePublished\":\"2020-05-17T16:23:48+00:00\",\"description\":\"Articolo di Giuseppe Onufrio * L'assemblea degli azionisti di Eni che ha escluso, in modo abbastanza arrogante, la partecipazione (pur virtuale) di\",\"breadcrumb\":{\"@id\":\"https:\/\/www.pressenza.com\/it\/2020\/05\/leni-deve-cambiare-mestiere\/#breadcrumb\"},\"inLanguage\":\"it-IT\",\"potentialAction\":[{\"@type\":\"ReadAction\",\"target\":[\"https:\/\/www.pressenza.com\/it\/2020\/05\/leni-deve-cambiare-mestiere\/\"]}]},{\"@type\":\"ImageObject\",\"inLanguage\":\"it-IT\",\"@id\":\"https:\/\/www.pressenza.com\/it\/2020\/05\/leni-deve-cambiare-mestiere\/#primaryimage\",\"url\":\"https:\/\/www.pressenza.com\/wp-content\/uploads\/2020\/05\/97121217_1763381140468045_3127042731893850112_n.jpg\",\"contentUrl\":\"https:\/\/www.pressenza.com\/wp-content\/uploads\/2020\/05\/97121217_1763381140468045_3127042731893850112_n.jpg\",\"width\":960,\"height\":720},{\"@type\":\"BreadcrumbList\",\"@id\":\"https:\/\/www.pressenza.com\/it\/2020\/05\/leni-deve-cambiare-mestiere\/#breadcrumb\",\"itemListElement\":[{\"@type\":\"ListItem\",\"position\":1,\"name\":\"Accueil\",\"item\":\"https:\/\/www.pressenza.com\/it\/\"},{\"@type\":\"ListItem\",\"position\":2,\"name\":\"L\u2019Eni deve cambiare mestiere\"}]},{\"@type\":\"WebSite\",\"@id\":\"https:\/\/www.pressenza.com\/it\/#website\",\"url\":\"https:\/\/www.pressenza.com\/it\/\",\"name\":\"Pressenza\",\"description\":\"Agenzia di Stampa Internazionale\",\"publisher\":{\"@id\":\"https:\/\/www.pressenza.com\/it\/#organization\"},\"potentialAction\":[{\"@type\":\"SearchAction\",\"target\":{\"@type\":\"EntryPoint\",\"urlTemplate\":\"https:\/\/www.pressenza.com\/it\/?s={search_term_string}\"},\"query-input\":{\"@type\":\"PropertyValueSpecification\",\"valueRequired\":true,\"valueName\":\"search_term_string\"}}],\"inLanguage\":\"it-IT\"},{\"@type\":\"Organization\",\"@id\":\"https:\/\/www.pressenza.com\/it\/#organization\",\"name\":\"Pressenza\",\"url\":\"https:\/\/www.pressenza.com\/it\/\",\"logo\":{\"@type\":\"ImageObject\",\"inLanguage\":\"it-IT\",\"@id\":\"https:\/\/www.pressenza.com\/it\/#\/schema\/logo\/image\/\",\"url\":\"https:\/\/www.pressenza.com\/wp-content\/uploads\/2022\/10\/pressenza_logo_200x200.jpg\",\"contentUrl\":\"https:\/\/www.pressenza.com\/wp-content\/uploads\/2022\/10\/pressenza_logo_200x200.jpg\",\"width\":200,\"height\":200,\"caption\":\"Pressenza\"},\"image\":{\"@id\":\"https:\/\/www.pressenza.com\/it\/#\/schema\/logo\/image\/\"},\"sameAs\":[\"https:\/\/www.facebook.com\/PressenzaItalia\",\"https:\/\/x.com\/PressenzaIPA\"]},{\"@type\":\"Person\",\"@id\":\"https:\/\/www.pressenza.com\/it\/#\/schema\/person\/1ee2824dbc73024ca26b2ff0897954a1\",\"name\":\"Comune-info\",\"description\":\"Informazione indipendente su beni comuni, decrescita, altra economia\",\"sameAs\":[\"http:\/\/comune-info.net\/\"],\"url\":\"https:\/\/www.pressenza.com\/it\/author\/comune-info\/\"}]}<\/script>\n<!-- \/ Yoast SEO plugin. -->","yoast_head_json":{"title":"L\u2019Eni deve cambiare mestiere","description":"Articolo di Giuseppe Onufrio * L'assemblea degli azionisti di Eni che ha escluso, in modo abbastanza arrogante, la partecipazione (pur virtuale) di","robots":{"index":"index","follow":"follow","max-snippet":"max-snippet:-1","max-image-preview":"max-image-preview:large","max-video-preview":"max-video-preview:-1"},"canonical":"https:\/\/www.pressenza.com\/it\/2020\/05\/leni-deve-cambiare-mestiere\/","og_locale":"it_IT","og_type":"article","og_title":"L\u2019Eni deve cambiare mestiere","og_description":"Articolo di Giuseppe Onufrio * L'assemblea degli azionisti di Eni che ha escluso, in modo abbastanza arrogante, la partecipazione (pur virtuale) di","og_url":"https:\/\/www.pressenza.com\/it\/2020\/05\/leni-deve-cambiare-mestiere\/","og_site_name":"Pressenza","article_publisher":"https:\/\/www.facebook.com\/PressenzaItalia","article_published_time":"2020-05-17T16:23:48+00:00","og_image":[{"width":960,"height":720,"url":"https:\/\/www.pressenza.com\/wp-content\/uploads\/2020\/05\/97121217_1763381140468045_3127042731893850112_n.jpg","type":"image\/jpeg"}],"author":"Comune-info","twitter_card":"summary_large_image","twitter_creator":"@PressenzaIPA","twitter_site":"@PressenzaIPA","twitter_misc":{"Scritto da":"Comune-info","Tempo di lettura stimato":"3 minuti"},"schema":{"@context":"https:\/\/schema.org","@graph":[{"@type":"Article","@id":"https:\/\/www.pressenza.com\/it\/2020\/05\/leni-deve-cambiare-mestiere\/#article","isPartOf":{"@id":"https:\/\/www.pressenza.com\/it\/2020\/05\/leni-deve-cambiare-mestiere\/"},"author":{"name":"Comune-info","@id":"https:\/\/www.pressenza.com\/it\/#\/schema\/person\/1ee2824dbc73024ca26b2ff0897954a1"},"headline":"L\u2019Eni deve cambiare mestiere","datePublished":"2020-05-17T16:23:48+00:00","mainEntityOfPage":{"@id":"https:\/\/www.pressenza.com\/it\/2020\/05\/leni-deve-cambiare-mestiere\/"},"wordCount":517,"publisher":{"@id":"https:\/\/www.pressenza.com\/it\/#organization"},"image":{"@id":"https:\/\/www.pressenza.com\/it\/2020\/05\/leni-deve-cambiare-mestiere\/#primaryimage"},"thumbnailUrl":"https:\/\/www.pressenza.com\/wp-content\/uploads\/2020\/05\/97121217_1763381140468045_3127042731893850112_n.jpg","keywords":["cambiamenti climatici","clima","energie fossili","energie rinnovabili","ENI","idrocarburi"],"articleSection":["Ecologia ed Ambiente","Europa","Opinioni"],"inLanguage":"it-IT"},{"@type":"WebPage","@id":"https:\/\/www.pressenza.com\/it\/2020\/05\/leni-deve-cambiare-mestiere\/","url":"https:\/\/www.pressenza.com\/it\/2020\/05\/leni-deve-cambiare-mestiere\/","name":"L\u2019Eni deve cambiare mestiere","isPartOf":{"@id":"https:\/\/www.pressenza.com\/it\/#website"},"primaryImageOfPage":{"@id":"https:\/\/www.pressenza.com\/it\/2020\/05\/leni-deve-cambiare-mestiere\/#primaryimage"},"image":{"@id":"https:\/\/www.pressenza.com\/it\/2020\/05\/leni-deve-cambiare-mestiere\/#primaryimage"},"thumbnailUrl":"https:\/\/www.pressenza.com\/wp-content\/uploads\/2020\/05\/97121217_1763381140468045_3127042731893850112_n.jpg","datePublished":"2020-05-17T16:23:48+00:00","description":"Articolo di Giuseppe Onufrio * L'assemblea degli azionisti di Eni che ha escluso, in modo abbastanza arrogante, la partecipazione (pur virtuale) di","breadcrumb":{"@id":"https:\/\/www.pressenza.com\/it\/2020\/05\/leni-deve-cambiare-mestiere\/#breadcrumb"},"inLanguage":"it-IT","potentialAction":[{"@type":"ReadAction","target":["https:\/\/www.pressenza.com\/it\/2020\/05\/leni-deve-cambiare-mestiere\/"]}]},{"@type":"ImageObject","inLanguage":"it-IT","@id":"https:\/\/www.pressenza.com\/it\/2020\/05\/leni-deve-cambiare-mestiere\/#primaryimage","url":"https:\/\/www.pressenza.com\/wp-content\/uploads\/2020\/05\/97121217_1763381140468045_3127042731893850112_n.jpg","contentUrl":"https:\/\/www.pressenza.com\/wp-content\/uploads\/2020\/05\/97121217_1763381140468045_3127042731893850112_n.jpg","width":960,"height":720},{"@type":"BreadcrumbList","@id":"https:\/\/www.pressenza.com\/it\/2020\/05\/leni-deve-cambiare-mestiere\/#breadcrumb","itemListElement":[{"@type":"ListItem","position":1,"name":"Accueil","item":"https:\/\/www.pressenza.com\/it\/"},{"@type":"ListItem","position":2,"name":"L\u2019Eni deve cambiare mestiere"}]},{"@type":"WebSite","@id":"https:\/\/www.pressenza.com\/it\/#website","url":"https:\/\/www.pressenza.com\/it\/","name":"Pressenza","description":"Agenzia di Stampa Internazionale","publisher":{"@id":"https:\/\/www.pressenza.com\/it\/#organization"},"potentialAction":[{"@type":"SearchAction","target":{"@type":"EntryPoint","urlTemplate":"https:\/\/www.pressenza.com\/it\/?s={search_term_string}"},"query-input":{"@type":"PropertyValueSpecification","valueRequired":true,"valueName":"search_term_string"}}],"inLanguage":"it-IT"},{"@type":"Organization","@id":"https:\/\/www.pressenza.com\/it\/#organization","name":"Pressenza","url":"https:\/\/www.pressenza.com\/it\/","logo":{"@type":"ImageObject","inLanguage":"it-IT","@id":"https:\/\/www.pressenza.com\/it\/#\/schema\/logo\/image\/","url":"https:\/\/www.pressenza.com\/wp-content\/uploads\/2022\/10\/pressenza_logo_200x200.jpg","contentUrl":"https:\/\/www.pressenza.com\/wp-content\/uploads\/2022\/10\/pressenza_logo_200x200.jpg","width":200,"height":200,"caption":"Pressenza"},"image":{"@id":"https:\/\/www.pressenza.com\/it\/#\/schema\/logo\/image\/"},"sameAs":["https:\/\/www.facebook.com\/PressenzaItalia","https:\/\/x.com\/PressenzaIPA"]},{"@type":"Person","@id":"https:\/\/www.pressenza.com\/it\/#\/schema\/person\/1ee2824dbc73024ca26b2ff0897954a1","name":"Comune-info","description":"Informazione indipendente su beni comuni, decrescita, altra economia","sameAs":["http:\/\/comune-info.net\/"],"url":"https:\/\/www.pressenza.com\/it\/author\/comune-info\/"}]}},"place":"","original_article_url":"https:\/\/comune-info.net\/leni-deve-cambiare-mestiere\/","_links":{"self":[{"href":"https:\/\/www.pressenza.com\/it\/wp-json\/wp\/v2\/posts\/1109474","targetHints":{"allow":["GET"]}}],"collection":[{"href":"https:\/\/www.pressenza.com\/it\/wp-json\/wp\/v2\/posts"}],"about":[{"href":"https:\/\/www.pressenza.com\/it\/wp-json\/wp\/v2\/types\/post"}],"author":[{"embeddable":true,"href":"https:\/\/www.pressenza.com\/it\/wp-json\/wp\/v2\/users\/1436"}],"replies":[{"embeddable":true,"href":"https:\/\/www.pressenza.com\/it\/wp-json\/wp\/v2\/comments?post=1109474"}],"version-history":[{"count":0,"href":"https:\/\/www.pressenza.com\/it\/wp-json\/wp\/v2\/posts\/1109474\/revisions"}],"wp:featuredmedia":[{"embeddable":true,"href":"https:\/\/www.pressenza.com\/it\/wp-json\/wp\/v2\/media\/1109475"}],"wp:attachment":[{"href":"https:\/\/www.pressenza.com\/it\/wp-json\/wp\/v2\/media?parent=1109474"}],"wp:term":[{"taxonomy":"category","embeddable":true,"href":"https:\/\/www.pressenza.com\/it\/wp-json\/wp\/v2\/categories?post=1109474"},{"taxonomy":"post_tag","embeddable":true,"href":"https:\/\/www.pressenza.com\/it\/wp-json\/wp\/v2\/tags?post=1109474"}],"curies":[{"name":"wp","href":"https:\/\/api.w.org\/{rel}","templated":true}]}}