{"id":110871,"date":"2014-06-03T14:05:31","date_gmt":"2014-06-03T13:05:31","guid":{"rendered":"http:\/\/www.pressenza.com\/?p=110871"},"modified":"2014-06-03T14:05:49","modified_gmt":"2014-06-03T13:05:49","slug":"regione-lombardia-sponsorizza-i-gruppi-neonazisti","status":"publish","type":"post","link":"https:\/\/www.pressenza.com\/it\/2014\/06\/regione-lombardia-sponsorizza-i-gruppi-neonazisti\/","title":{"rendered":"E ora anche la Regione Lombardia sponsorizza i gruppi neonazisti"},"content":{"rendered":"<p align=\"left\">E cos\u00ec anche il Consiglio Regionale della Lombardia si aggiunge alla lunga lista di attori istituzionali che ultimamente si mettono a legittimare i gruppi militanti di estrema destra. Infatti, il 19 maggio scorso l\u2019Ufficio di Presidenza, che comprende anche due componenti dell\u2019opposizione, Pd e M5S, ha deliberato la concessione del patrocinio gratuito, cio\u00e8 l\u2019uso del logo istituzionale, a un torneo di calcio organizzato dal circuito dell\u2019organizzazione neonazista Lealt\u00e0 e Azione, che si terr\u00e0 l\u20198 giugno prossimo.<\/p>\n<p align=\"left\">Chiss\u00e0 perch\u00e9 l\u2019hanno fatto, cio\u00e8 se erano consapevoli o meno a chi avrebbero dato la sponsorizzazione istituzionale. Considerata la composizione plurale dell\u2019Ufficio (1 Ncd, 1 Lega, 1 Lista Maroni, 1 Pd, 1 M5S) mi pare lecito supporre che c\u2019era chi sapesse e chi invece no. Comunque sia, aspettiamo che i diretti interessati ce lo spieghino in prima persona e che, in caso di errore, facciano i passi necessari per revocare questo scandaloso patrocinio (la delibera dell\u2019Ufficio di Presidenza puoi trovarla\u00a0<a href=\"http:\/\/www.osservatoriodemocratico.org\/page.asp?ID=3478&amp;Class_ID=1004\" target=\"_blank\">qui<\/a>).<\/p>\n<p align=\"left\">Ma quello che colpisce di pi\u00f9 in questa faccenda, come in altre simili, \u00e8 l\u2019estrema semplicit\u00e0 con cui ormai si realizzano questi fattacci. Insomma, non occorreva certamente essere degli agenti segreti per capire cosa ci fosse dietro a quella richiesta di patrocinio, a partire dalla stranezza che mancasse ogni indicazione sul luogo per l\u2019iniziativa (tenuto tuttora riservato) o che il programma comprendesse una conferenza \u2013definita incredibilmente \u201cconferenza tra esperti\u201d nella delibera regionale-, dove in realt\u00e0, come da programma, interverranno quasi esclusivamente relatori di un\u2019organizzazione collaterale di Lealt\u00e0 e Azione, cio\u00e8 l\u2019associazione<i>Bran.Co<\/i>.<\/p>\n<p align=\"left\">N\u00e9 poteva trarre in inganno il titolo dell\u2019iniziativa, \u201cUn calcio alla pedofilia\u201d, poich\u00e9 \u00e8 ormai risaputo che la lotta alla pedofilia, cos\u00ec come la tutela degli animali, fungono abitualmente da paravento per le attivit\u00e0 politiche del circuito dei neonazisti. E poi, come ricorda la stessa delibera, siamo ormai alla settima edizione di questo torneo, che ogni anno suscita grandi polemiche, anche grazie al patrocinio che la Provincia di Milano ultimamente concede. Ma in Provincia, si sa, le cose vanno cos\u00ec, visto che c\u2019\u00e8 un Presidente, Podest\u00e0, che da sempre tiene le porte aperte a destra, e che c\u2019\u00e8 anche una vice-capogruppo dei Fratelli d\u2019Italia, Roberta Capotosti, nota per i suoi saluti romani in pubblico e le sue partecipazioni alle peggiori parate nazisfasciste. In Regione, nonostante l\u2019abbraccio Lega-Front National, pensavamo invece che non fossimo ancora a quei livelli\u2026<\/p>\n<p align=\"left\">Ebbene, ora c\u2019\u00e8 in giro quel manifesto (in rete lo trovate facilmente) che annuncia il torneo di domenica, dove il logo del gruppo neonazista Lealt\u00e0 e Azione sta vicino a quello del Consiglio Regionale della Lombardia e della Provincia di Milano. Ottimo, bravi, complimenti!<\/p>\n<p align=\"left\">E poi, giusto per non farci mancare nulla, lo stesso circuito hammerskin ha annunciato anche un concerto nazirock a Milano per il 14 giugno. L\u2019anno scorso si disse \u201cmai pi\u00f9\u201d, ma \u00e8 probabile che finisca come con il 29 aprile, quando le tante parole sul divieto di esibire simboli nazifascisti da parte della Questura si sono rilevate chiacchiere senza consistenza.<\/p>\n<p align=\"left\">Ma il problema non \u00e8 la Questura, poich\u00e9 la Questura \u00e8 e fa la Questura, il problema \u00e8 tutto il resto, a partire dal continuo abbassare la guardia e dal far finta di non vedere che Milano sta diventando un crocevia dei gruppi e delle iniziative nazifasciste. E cos\u00ec, capita che proprio quando pi\u00f9 si grida al pericolo fascista in Europa, non si vede pi\u00f9 quello che succede sotto casa. O meglio, magari si vede, ma non si \u00e8 pi\u00f9 in grado di capire.<\/p>\n<p align=\"left\">\n","protected":false},"excerpt":{"rendered":"<p>E cos\u00ec anche il Consiglio Regionale della Lombardia si aggiunge alla lunga lista di attori istituzionali che ultimamente si mettono a legittimare i gruppi militanti di estrema destra. Infatti, il 19 maggio scorso l\u2019Ufficio di Presidenza, che comprende anche due&hellip;<\/p>\n","protected":false},"author":982,"featured_media":110873,"comment_status":"closed","ping_status":"open","sticky":false,"template":"","format":"standard","meta":{"footnotes":""},"categories":[47,162,55],"tags":[6792,10816,3582],"class_list":["post-110871","post","type-post","status-publish","format-standard","has-post-thumbnail","hentry","category-europa","category-opinioni","category-politica","tag-anti-fascismo","tag-gruppi-nazisti","tag-regione-lombardia"],"yoast_head":"<!-- This site is optimized with the Yoast SEO plugin v27.1.1 - https:\/\/yoast.com\/product\/yoast-seo-wordpress\/ -->\n<title>E ora anche la Regione Lombardia sponsorizza i gruppi neonazisti<\/title>\n<meta name=\"description\" content=\"E cos\u00ec anche il Consiglio Regionale della Lombardia si aggiunge alla lunga lista di attori istituzionali che ultimamente si mettono a legittimare i gruppi\" \/>\n<meta name=\"robots\" content=\"index, follow, max-snippet:-1, max-image-preview:large, max-video-preview:-1\" \/>\n<link rel=\"canonical\" href=\"https:\/\/www.pressenza.com\/it\/2014\/06\/regione-lombardia-sponsorizza-i-gruppi-neonazisti\/\" \/>\n<meta property=\"og:locale\" content=\"it_IT\" \/>\n<meta property=\"og:type\" content=\"article\" \/>\n<meta property=\"og:title\" content=\"E ora anche la Regione Lombardia sponsorizza i gruppi neonazisti\" \/>\n<meta property=\"og:description\" content=\"E cos\u00ec anche il Consiglio Regionale della Lombardia si aggiunge alla lunga lista di attori istituzionali che ultimamente si mettono a legittimare i gruppi\" \/>\n<meta property=\"og:url\" content=\"https:\/\/www.pressenza.com\/it\/2014\/06\/regione-lombardia-sponsorizza-i-gruppi-neonazisti\/\" \/>\n<meta property=\"og:site_name\" content=\"Pressenza\" \/>\n<meta property=\"article:publisher\" content=\"https:\/\/www.facebook.com\/PressenzaItalia\" \/>\n<meta property=\"article:author\" content=\"https:\/\/www.facebook.com\/luciano.muhlbauer\" \/>\n<meta property=\"article:published_time\" content=\"2014-06-03T13:05:31+00:00\" \/>\n<meta property=\"article:modified_time\" content=\"2014-06-03T13:05:49+00:00\" \/>\n<meta property=\"og:image\" content=\"https:\/\/www.pressenza.com\/wp-content\/uploads\/2014\/06\/NoNazi.jpg\" \/>\n\t<meta property=\"og:image:width\" content=\"150\" \/>\n\t<meta property=\"og:image:height\" content=\"139\" \/>\n\t<meta property=\"og:image:type\" content=\"image\/jpeg\" \/>\n<meta name=\"author\" content=\"Luciano Muhlbauer\" \/>\n<meta name=\"twitter:card\" content=\"summary_large_image\" \/>\n<meta name=\"twitter:creator\" content=\"@Muhlbauer_\" \/>\n<meta name=\"twitter:site\" content=\"@PressenzaIPA\" \/>\n<meta name=\"twitter:label1\" content=\"Scritto da\" \/>\n\t<meta name=\"twitter:data1\" content=\"Luciano Muhlbauer\" \/>\n\t<meta name=\"twitter:label2\" content=\"Tempo di lettura stimato\" \/>\n\t<meta name=\"twitter:data2\" content=\"3 minuti\" \/>\n<script type=\"application\/ld+json\" class=\"yoast-schema-graph\">{\"@context\":\"https:\/\/schema.org\",\"@graph\":[{\"@type\":\"Article\",\"@id\":\"https:\/\/www.pressenza.com\/it\/2014\/06\/regione-lombardia-sponsorizza-i-gruppi-neonazisti\/#article\",\"isPartOf\":{\"@id\":\"https:\/\/www.pressenza.com\/it\/2014\/06\/regione-lombardia-sponsorizza-i-gruppi-neonazisti\/\"},\"author\":{\"name\":\"Luciano Muhlbauer\",\"@id\":\"https:\/\/www.pressenza.com\/it\/#\/schema\/person\/39da6bde67055a1b8cddb12c57da5142\"},\"headline\":\"E ora anche la Regione Lombardia sponsorizza i gruppi neonazisti\",\"datePublished\":\"2014-06-03T13:05:31+00:00\",\"dateModified\":\"2014-06-03T13:05:49+00:00\",\"mainEntityOfPage\":{\"@id\":\"https:\/\/www.pressenza.com\/it\/2014\/06\/regione-lombardia-sponsorizza-i-gruppi-neonazisti\/\"},\"wordCount\":587,\"publisher\":{\"@id\":\"https:\/\/www.pressenza.com\/it\/#organization\"},\"image\":{\"@id\":\"https:\/\/www.pressenza.com\/it\/2014\/06\/regione-lombardia-sponsorizza-i-gruppi-neonazisti\/#primaryimage\"},\"thumbnailUrl\":\"https:\/\/www.pressenza.com\/wp-content\/uploads\/2014\/06\/NoNazi.jpg\",\"keywords\":[\"anti-fascismo\",\"gruppi nazisti\",\"Regione Lombardia\"],\"articleSection\":[\"Europa\",\"Opinioni\",\"Politica\"],\"inLanguage\":\"it-IT\"},{\"@type\":\"WebPage\",\"@id\":\"https:\/\/www.pressenza.com\/it\/2014\/06\/regione-lombardia-sponsorizza-i-gruppi-neonazisti\/\",\"url\":\"https:\/\/www.pressenza.com\/it\/2014\/06\/regione-lombardia-sponsorizza-i-gruppi-neonazisti\/\",\"name\":\"E ora anche la Regione Lombardia sponsorizza i gruppi neonazisti\",\"isPartOf\":{\"@id\":\"https:\/\/www.pressenza.com\/it\/#website\"},\"primaryImageOfPage\":{\"@id\":\"https:\/\/www.pressenza.com\/it\/2014\/06\/regione-lombardia-sponsorizza-i-gruppi-neonazisti\/#primaryimage\"},\"image\":{\"@id\":\"https:\/\/www.pressenza.com\/it\/2014\/06\/regione-lombardia-sponsorizza-i-gruppi-neonazisti\/#primaryimage\"},\"thumbnailUrl\":\"https:\/\/www.pressenza.com\/wp-content\/uploads\/2014\/06\/NoNazi.jpg\",\"datePublished\":\"2014-06-03T13:05:31+00:00\",\"dateModified\":\"2014-06-03T13:05:49+00:00\",\"description\":\"E cos\u00ec anche il Consiglio Regionale della Lombardia si aggiunge alla lunga lista di attori istituzionali che ultimamente si mettono a legittimare i gruppi\",\"breadcrumb\":{\"@id\":\"https:\/\/www.pressenza.com\/it\/2014\/06\/regione-lombardia-sponsorizza-i-gruppi-neonazisti\/#breadcrumb\"},\"inLanguage\":\"it-IT\",\"potentialAction\":[{\"@type\":\"ReadAction\",\"target\":[\"https:\/\/www.pressenza.com\/it\/2014\/06\/regione-lombardia-sponsorizza-i-gruppi-neonazisti\/\"]}]},{\"@type\":\"ImageObject\",\"inLanguage\":\"it-IT\",\"@id\":\"https:\/\/www.pressenza.com\/it\/2014\/06\/regione-lombardia-sponsorizza-i-gruppi-neonazisti\/#primaryimage\",\"url\":\"https:\/\/www.pressenza.com\/wp-content\/uploads\/2014\/06\/NoNazi.jpg\",\"contentUrl\":\"https:\/\/www.pressenza.com\/wp-content\/uploads\/2014\/06\/NoNazi.jpg\",\"width\":150,\"height\":139},{\"@type\":\"BreadcrumbList\",\"@id\":\"https:\/\/www.pressenza.com\/it\/2014\/06\/regione-lombardia-sponsorizza-i-gruppi-neonazisti\/#breadcrumb\",\"itemListElement\":[{\"@type\":\"ListItem\",\"position\":1,\"name\":\"Accueil\",\"item\":\"https:\/\/www.pressenza.com\/it\/\"},{\"@type\":\"ListItem\",\"position\":2,\"name\":\"E ora anche la Regione Lombardia sponsorizza i gruppi neonazisti\"}]},{\"@type\":\"WebSite\",\"@id\":\"https:\/\/www.pressenza.com\/it\/#website\",\"url\":\"https:\/\/www.pressenza.com\/it\/\",\"name\":\"Pressenza\",\"description\":\"Agenzia di Stampa Internazionale\",\"publisher\":{\"@id\":\"https:\/\/www.pressenza.com\/it\/#organization\"},\"potentialAction\":[{\"@type\":\"SearchAction\",\"target\":{\"@type\":\"EntryPoint\",\"urlTemplate\":\"https:\/\/www.pressenza.com\/it\/?s={search_term_string}\"},\"query-input\":{\"@type\":\"PropertyValueSpecification\",\"valueRequired\":true,\"valueName\":\"search_term_string\"}}],\"inLanguage\":\"it-IT\"},{\"@type\":\"Organization\",\"@id\":\"https:\/\/www.pressenza.com\/it\/#organization\",\"name\":\"Pressenza\",\"url\":\"https:\/\/www.pressenza.com\/it\/\",\"logo\":{\"@type\":\"ImageObject\",\"inLanguage\":\"it-IT\",\"@id\":\"https:\/\/www.pressenza.com\/it\/#\/schema\/logo\/image\/\",\"url\":\"https:\/\/www.pressenza.com\/wp-content\/uploads\/2022\/10\/pressenza_logo_200x200.jpg\",\"contentUrl\":\"https:\/\/www.pressenza.com\/wp-content\/uploads\/2022\/10\/pressenza_logo_200x200.jpg\",\"width\":200,\"height\":200,\"caption\":\"Pressenza\"},\"image\":{\"@id\":\"https:\/\/www.pressenza.com\/it\/#\/schema\/logo\/image\/\"},\"sameAs\":[\"https:\/\/www.facebook.com\/PressenzaItalia\",\"https:\/\/x.com\/PressenzaIPA\"]},{\"@type\":\"Person\",\"@id\":\"https:\/\/www.pressenza.com\/it\/#\/schema\/person\/39da6bde67055a1b8cddb12c57da5142\",\"name\":\"Luciano Muhlbauer\",\"description\":\"Collabora con le testate di informazione alternativa on line MilanoX e Milano In Movimento, \u00e8 stato tra i portavoce del Genoa Social Forum nel 2001 e uno dei segretari nazionali del sindacato di base SinCobas fino al 2005. Dal 2005 al 2010 \u00e8 stato consigliere regionale in Lombardia. www.lucianomuhlbauer.it\/blog\/\",\"sameAs\":[\"https:\/\/www.facebook.com\/luciano.muhlbauer\",\"https:\/\/x.com\/Muhlbauer_\"],\"url\":\"https:\/\/www.pressenza.com\/it\/author\/luciano-muhlbauer\/\"}]}<\/script>\n<!-- \/ Yoast SEO plugin. -->","yoast_head_json":{"title":"E ora anche la Regione Lombardia sponsorizza i gruppi neonazisti","description":"E cos\u00ec anche il Consiglio Regionale della Lombardia si aggiunge alla lunga lista di attori istituzionali che ultimamente si mettono a legittimare i gruppi","robots":{"index":"index","follow":"follow","max-snippet":"max-snippet:-1","max-image-preview":"max-image-preview:large","max-video-preview":"max-video-preview:-1"},"canonical":"https:\/\/www.pressenza.com\/it\/2014\/06\/regione-lombardia-sponsorizza-i-gruppi-neonazisti\/","og_locale":"it_IT","og_type":"article","og_title":"E ora anche la Regione Lombardia sponsorizza i gruppi neonazisti","og_description":"E cos\u00ec anche il Consiglio Regionale della Lombardia si aggiunge alla lunga lista di attori istituzionali che ultimamente si mettono a legittimare i gruppi","og_url":"https:\/\/www.pressenza.com\/it\/2014\/06\/regione-lombardia-sponsorizza-i-gruppi-neonazisti\/","og_site_name":"Pressenza","article_publisher":"https:\/\/www.facebook.com\/PressenzaItalia","article_author":"https:\/\/www.facebook.com\/luciano.muhlbauer","article_published_time":"2014-06-03T13:05:31+00:00","article_modified_time":"2014-06-03T13:05:49+00:00","og_image":[{"width":150,"height":139,"url":"https:\/\/www.pressenza.com\/wp-content\/uploads\/2014\/06\/NoNazi.jpg","type":"image\/jpeg"}],"author":"Luciano Muhlbauer","twitter_card":"summary_large_image","twitter_creator":"@Muhlbauer_","twitter_site":"@PressenzaIPA","twitter_misc":{"Scritto da":"Luciano Muhlbauer","Tempo di lettura stimato":"3 minuti"},"schema":{"@context":"https:\/\/schema.org","@graph":[{"@type":"Article","@id":"https:\/\/www.pressenza.com\/it\/2014\/06\/regione-lombardia-sponsorizza-i-gruppi-neonazisti\/#article","isPartOf":{"@id":"https:\/\/www.pressenza.com\/it\/2014\/06\/regione-lombardia-sponsorizza-i-gruppi-neonazisti\/"},"author":{"name":"Luciano Muhlbauer","@id":"https:\/\/www.pressenza.com\/it\/#\/schema\/person\/39da6bde67055a1b8cddb12c57da5142"},"headline":"E ora anche la Regione Lombardia sponsorizza i gruppi neonazisti","datePublished":"2014-06-03T13:05:31+00:00","dateModified":"2014-06-03T13:05:49+00:00","mainEntityOfPage":{"@id":"https:\/\/www.pressenza.com\/it\/2014\/06\/regione-lombardia-sponsorizza-i-gruppi-neonazisti\/"},"wordCount":587,"publisher":{"@id":"https:\/\/www.pressenza.com\/it\/#organization"},"image":{"@id":"https:\/\/www.pressenza.com\/it\/2014\/06\/regione-lombardia-sponsorizza-i-gruppi-neonazisti\/#primaryimage"},"thumbnailUrl":"https:\/\/www.pressenza.com\/wp-content\/uploads\/2014\/06\/NoNazi.jpg","keywords":["anti-fascismo","gruppi nazisti","Regione Lombardia"],"articleSection":["Europa","Opinioni","Politica"],"inLanguage":"it-IT"},{"@type":"WebPage","@id":"https:\/\/www.pressenza.com\/it\/2014\/06\/regione-lombardia-sponsorizza-i-gruppi-neonazisti\/","url":"https:\/\/www.pressenza.com\/it\/2014\/06\/regione-lombardia-sponsorizza-i-gruppi-neonazisti\/","name":"E ora anche la Regione Lombardia sponsorizza i gruppi neonazisti","isPartOf":{"@id":"https:\/\/www.pressenza.com\/it\/#website"},"primaryImageOfPage":{"@id":"https:\/\/www.pressenza.com\/it\/2014\/06\/regione-lombardia-sponsorizza-i-gruppi-neonazisti\/#primaryimage"},"image":{"@id":"https:\/\/www.pressenza.com\/it\/2014\/06\/regione-lombardia-sponsorizza-i-gruppi-neonazisti\/#primaryimage"},"thumbnailUrl":"https:\/\/www.pressenza.com\/wp-content\/uploads\/2014\/06\/NoNazi.jpg","datePublished":"2014-06-03T13:05:31+00:00","dateModified":"2014-06-03T13:05:49+00:00","description":"E cos\u00ec anche il Consiglio Regionale della Lombardia si aggiunge alla lunga lista di attori istituzionali che ultimamente si mettono a legittimare i gruppi","breadcrumb":{"@id":"https:\/\/www.pressenza.com\/it\/2014\/06\/regione-lombardia-sponsorizza-i-gruppi-neonazisti\/#breadcrumb"},"inLanguage":"it-IT","potentialAction":[{"@type":"ReadAction","target":["https:\/\/www.pressenza.com\/it\/2014\/06\/regione-lombardia-sponsorizza-i-gruppi-neonazisti\/"]}]},{"@type":"ImageObject","inLanguage":"it-IT","@id":"https:\/\/www.pressenza.com\/it\/2014\/06\/regione-lombardia-sponsorizza-i-gruppi-neonazisti\/#primaryimage","url":"https:\/\/www.pressenza.com\/wp-content\/uploads\/2014\/06\/NoNazi.jpg","contentUrl":"https:\/\/www.pressenza.com\/wp-content\/uploads\/2014\/06\/NoNazi.jpg","width":150,"height":139},{"@type":"BreadcrumbList","@id":"https:\/\/www.pressenza.com\/it\/2014\/06\/regione-lombardia-sponsorizza-i-gruppi-neonazisti\/#breadcrumb","itemListElement":[{"@type":"ListItem","position":1,"name":"Accueil","item":"https:\/\/www.pressenza.com\/it\/"},{"@type":"ListItem","position":2,"name":"E ora anche la Regione Lombardia sponsorizza i gruppi neonazisti"}]},{"@type":"WebSite","@id":"https:\/\/www.pressenza.com\/it\/#website","url":"https:\/\/www.pressenza.com\/it\/","name":"Pressenza","description":"Agenzia di Stampa Internazionale","publisher":{"@id":"https:\/\/www.pressenza.com\/it\/#organization"},"potentialAction":[{"@type":"SearchAction","target":{"@type":"EntryPoint","urlTemplate":"https:\/\/www.pressenza.com\/it\/?s={search_term_string}"},"query-input":{"@type":"PropertyValueSpecification","valueRequired":true,"valueName":"search_term_string"}}],"inLanguage":"it-IT"},{"@type":"Organization","@id":"https:\/\/www.pressenza.com\/it\/#organization","name":"Pressenza","url":"https:\/\/www.pressenza.com\/it\/","logo":{"@type":"ImageObject","inLanguage":"it-IT","@id":"https:\/\/www.pressenza.com\/it\/#\/schema\/logo\/image\/","url":"https:\/\/www.pressenza.com\/wp-content\/uploads\/2022\/10\/pressenza_logo_200x200.jpg","contentUrl":"https:\/\/www.pressenza.com\/wp-content\/uploads\/2022\/10\/pressenza_logo_200x200.jpg","width":200,"height":200,"caption":"Pressenza"},"image":{"@id":"https:\/\/www.pressenza.com\/it\/#\/schema\/logo\/image\/"},"sameAs":["https:\/\/www.facebook.com\/PressenzaItalia","https:\/\/x.com\/PressenzaIPA"]},{"@type":"Person","@id":"https:\/\/www.pressenza.com\/it\/#\/schema\/person\/39da6bde67055a1b8cddb12c57da5142","name":"Luciano Muhlbauer","description":"Collabora con le testate di informazione alternativa on line MilanoX e Milano In Movimento, \u00e8 stato tra i portavoce del Genoa Social Forum nel 2001 e uno dei segretari nazionali del sindacato di base SinCobas fino al 2005. Dal 2005 al 2010 \u00e8 stato consigliere regionale in Lombardia. www.lucianomuhlbauer.it\/blog\/","sameAs":["https:\/\/www.facebook.com\/luciano.muhlbauer","https:\/\/x.com\/Muhlbauer_"],"url":"https:\/\/www.pressenza.com\/it\/author\/luciano-muhlbauer\/"}]}},"place":"Milano","original_article_url":"","_links":{"self":[{"href":"https:\/\/www.pressenza.com\/it\/wp-json\/wp\/v2\/posts\/110871","targetHints":{"allow":["GET"]}}],"collection":[{"href":"https:\/\/www.pressenza.com\/it\/wp-json\/wp\/v2\/posts"}],"about":[{"href":"https:\/\/www.pressenza.com\/it\/wp-json\/wp\/v2\/types\/post"}],"author":[{"embeddable":true,"href":"https:\/\/www.pressenza.com\/it\/wp-json\/wp\/v2\/users\/982"}],"replies":[{"embeddable":true,"href":"https:\/\/www.pressenza.com\/it\/wp-json\/wp\/v2\/comments?post=110871"}],"version-history":[{"count":0,"href":"https:\/\/www.pressenza.com\/it\/wp-json\/wp\/v2\/posts\/110871\/revisions"}],"wp:featuredmedia":[{"embeddable":true,"href":"https:\/\/www.pressenza.com\/it\/wp-json\/wp\/v2\/media\/110873"}],"wp:attachment":[{"href":"https:\/\/www.pressenza.com\/it\/wp-json\/wp\/v2\/media?parent=110871"}],"wp:term":[{"taxonomy":"category","embeddable":true,"href":"https:\/\/www.pressenza.com\/it\/wp-json\/wp\/v2\/categories?post=110871"},{"taxonomy":"post_tag","embeddable":true,"href":"https:\/\/www.pressenza.com\/it\/wp-json\/wp\/v2\/tags?post=110871"}],"curies":[{"name":"wp","href":"https:\/\/api.w.org\/{rel}","templated":true}]}}