{"id":1106687,"date":"2020-05-13T18:15:07","date_gmt":"2020-05-13T17:15:07","guid":{"rendered":"https:\/\/www.pressenza.com\/?p=1106687"},"modified":"2020-05-13T18:58:32","modified_gmt":"2020-05-13T17:58:32","slug":"non-e-il-momento-di-analizzare-niente","status":"publish","type":"post","link":"https:\/\/www.pressenza.com\/it\/2020\/05\/non-e-il-momento-di-analizzare-niente\/","title":{"rendered":"Non \u00e8 il momento di analizzare niente"},"content":{"rendered":"<p>Al contrario di quanto si dice in giro, non credo che questo sia il momento di analizzare niente.<\/p>\n<p>Non \u00e8 il momento di pensare troppo, non \u00e8 il momento di prendere decisioni, non \u00e8 tempo di affrontare grandi cambiamenti, non \u00e8 il momento di analizzare le profondit\u00e0 dell\u2019anima, niente di tutto questo.<\/p>\n<p>Credo invece che sia necessario ibernarsi, rimanere sospesi.<\/p>\n<p>Fluttuare in un sogno, per quanto possibile. Per quanto pancia e portafoglio lo permettano.<\/p>\n<p>Non prendere decisioni drastiche: n\u00e9 grandi, n\u00e9 piccole.<\/p>\n<p>In questo momento siamo senza equilibrio.<\/p>\n<p>Ci mancano gli incontri e gli abbracci, e le frenate d\u2019auto, necessarie per pensare e agire.<\/p>\n<p>Ci manca la battuta che sdrammatizza ci\u00f2 che ci succede e ci\u00f2 che sentiamo. Lo sguardo altrui, la diversit\u00e0.<\/p>\n<p>Ci manca tutto ci\u00f2 che \u00e8 l\u00ec fuori, il contatto. L\u2019energia degli altri, le loro idee, le prese di giro, le assurdit\u00e0, il loro modo di farti rimettere il cavo a terra.<\/p>\n<p>Non \u00e8 vero che ci si capisce meglio quando si sta da soli, perch\u00e9 nessuno \u00e8 solo. Siamo con gli altri.<\/p>\n<p>Quindi, in questo momento, lasciamo le cose importanti a dopo. Adesso non siamo nelle condizioni di poterle affrontare.<\/p>\n<p>Credo che in momenti come questo sia necessario ibernarsi, sospendersi.<\/p>\n<p>Fluttuare in un mare di quotidianit\u00e0. Far saltare sassi sull\u2019acqua e lasciar perdere tutto.<\/p>\n<p>&nbsp;<\/p>\n<p>Di Luciano Debanne<\/p>\n<p>&nbsp;<\/p>\n<p><em>Tradotto dallo spagnolo da Maria Vittoria Morano<\/em><\/p>\n","protected":false},"excerpt":{"rendered":"<p>Al contrario di quanto si dice in giro, non credo che questo sia il momento di analizzare niente. Non \u00e8 il momento di pensare troppo, non \u00e8 il momento di prendere decisioni, non \u00e8 tempo di affrontare grandi cambiamenti, non&hellip;<\/p>\n","protected":false},"author":87,"featured_media":1105832,"comment_status":"closed","ping_status":"closed","sticky":false,"template":"","format":"standard","meta":{"footnotes":""},"categories":[11388,38,162,1260],"tags":[70348,75536,75537,75538,24290,75539],"class_list":["post-1106687","post","type-post","status-publish","format-standard","has-post-thumbnail","hentry","category-contenuti-originali","category-internazionale","category-opinioni","category-umanesimo-spiritualita","tag-coronavirus-it","tag-decisioni","tag-laltro","tag-mancanza","tag-meditazione","tag-soledad-it"],"yoast_head":"<!-- This site is optimized with the Yoast SEO plugin v27.1.1 - https:\/\/yoast.com\/product\/yoast-seo-wordpress\/ -->\n<title>Non \u00e8 il momento di analizzare niente<\/title>\n<meta name=\"description\" content=\"Al contrario di quanto si dice in giro, non credo che questo sia il momento di analizzare niente. Non \u00e8 il momento di pensare troppo, non \u00e8 il momento di\" \/>\n<meta name=\"robots\" content=\"index, follow, max-snippet:-1, max-image-preview:large, max-video-preview:-1\" \/>\n<link rel=\"canonical\" href=\"https:\/\/www.pressenza.com\/it\/2020\/05\/non-e-il-momento-di-analizzare-niente\/\" \/>\n<meta property=\"og:locale\" content=\"it_IT\" \/>\n<meta property=\"og:type\" content=\"article\" \/>\n<meta property=\"og:title\" content=\"Non \u00e8 il momento di analizzare niente\" \/>\n<meta property=\"og:description\" content=\"Al contrario di quanto si dice in giro, non credo che questo sia il momento di analizzare niente. Non \u00e8 il momento di pensare troppo, non \u00e8 il momento di\" \/>\n<meta property=\"og:url\" content=\"https:\/\/www.pressenza.com\/it\/2020\/05\/non-e-il-momento-di-analizzare-niente\/\" \/>\n<meta property=\"og:site_name\" content=\"Pressenza\" \/>\n<meta property=\"article:publisher\" content=\"https:\/\/www.facebook.com\/PressenzaItalia\" \/>\n<meta property=\"article:published_time\" content=\"2020-05-13T17:15:07+00:00\" \/>\n<meta property=\"article:modified_time\" content=\"2020-05-13T17:58:32+00:00\" \/>\n<meta property=\"og:image\" content=\"https:\/\/www.pressenza.com\/wp-content\/uploads\/2020\/05\/photoshop-2828863_1920.jpg\" \/>\n\t<meta property=\"og:image:width\" content=\"1920\" \/>\n\t<meta property=\"og:image:height\" content=\"1151\" \/>\n\t<meta property=\"og:image:type\" content=\"image\/jpeg\" \/>\n<meta name=\"author\" content=\"Redacci\u00f3n Argentina\" \/>\n<meta name=\"twitter:card\" content=\"summary_large_image\" \/>\n<meta name=\"twitter:creator\" content=\"@pressenza\" \/>\n<meta name=\"twitter:site\" content=\"@PressenzaIPA\" \/>\n<meta name=\"twitter:label1\" content=\"Scritto da\" \/>\n\t<meta name=\"twitter:data1\" content=\"Redacci\u00f3n Argentina\" \/>\n\t<meta name=\"twitter:label2\" content=\"Tempo di lettura stimato\" \/>\n\t<meta name=\"twitter:data2\" content=\"1 minuto\" \/>\n<script type=\"application\/ld+json\" class=\"yoast-schema-graph\">{\"@context\":\"https:\/\/schema.org\",\"@graph\":[{\"@type\":\"Article\",\"@id\":\"https:\/\/www.pressenza.com\/it\/2020\/05\/non-e-il-momento-di-analizzare-niente\/#article\",\"isPartOf\":{\"@id\":\"https:\/\/www.pressenza.com\/it\/2020\/05\/non-e-il-momento-di-analizzare-niente\/\"},\"author\":{\"name\":\"Redacci\u00f3n Argentina\",\"@id\":\"https:\/\/www.pressenza.com\/it\/#\/schema\/person\/0dda7d1b68267ad95b1e1d83abc98c89\"},\"headline\":\"Non \u00e8 il momento di analizzare niente\",\"datePublished\":\"2020-05-13T17:15:07+00:00\",\"dateModified\":\"2020-05-13T17:58:32+00:00\",\"mainEntityOfPage\":{\"@id\":\"https:\/\/www.pressenza.com\/it\/2020\/05\/non-e-il-momento-di-analizzare-niente\/\"},\"wordCount\":233,\"publisher\":{\"@id\":\"https:\/\/www.pressenza.com\/it\/#organization\"},\"image\":{\"@id\":\"https:\/\/www.pressenza.com\/it\/2020\/05\/non-e-il-momento-di-analizzare-niente\/#primaryimage\"},\"thumbnailUrl\":\"https:\/\/www.pressenza.com\/wp-content\/uploads\/2020\/05\/photoshop-2828863_1920.jpg\",\"keywords\":[\"coronavirus\",\"decisioni\",\"l'altro\",\"mancanza\",\"Meditazione\",\"soledad\"],\"articleSection\":[\"contenuti originali\",\"Internazionale\",\"Opinioni\",\"Umanesimo e Spiritualit\u00e0\"],\"inLanguage\":\"it-IT\"},{\"@type\":\"WebPage\",\"@id\":\"https:\/\/www.pressenza.com\/it\/2020\/05\/non-e-il-momento-di-analizzare-niente\/\",\"url\":\"https:\/\/www.pressenza.com\/it\/2020\/05\/non-e-il-momento-di-analizzare-niente\/\",\"name\":\"Non \u00e8 il momento di analizzare niente\",\"isPartOf\":{\"@id\":\"https:\/\/www.pressenza.com\/it\/#website\"},\"primaryImageOfPage\":{\"@id\":\"https:\/\/www.pressenza.com\/it\/2020\/05\/non-e-il-momento-di-analizzare-niente\/#primaryimage\"},\"image\":{\"@id\":\"https:\/\/www.pressenza.com\/it\/2020\/05\/non-e-il-momento-di-analizzare-niente\/#primaryimage\"},\"thumbnailUrl\":\"https:\/\/www.pressenza.com\/wp-content\/uploads\/2020\/05\/photoshop-2828863_1920.jpg\",\"datePublished\":\"2020-05-13T17:15:07+00:00\",\"dateModified\":\"2020-05-13T17:58:32+00:00\",\"description\":\"Al contrario di quanto si dice in giro, non credo che questo sia il momento di analizzare niente. Non \u00e8 il momento di pensare troppo, non \u00e8 il momento di\",\"breadcrumb\":{\"@id\":\"https:\/\/www.pressenza.com\/it\/2020\/05\/non-e-il-momento-di-analizzare-niente\/#breadcrumb\"},\"inLanguage\":\"it-IT\",\"potentialAction\":[{\"@type\":\"ReadAction\",\"target\":[\"https:\/\/www.pressenza.com\/it\/2020\/05\/non-e-il-momento-di-analizzare-niente\/\"]}]},{\"@type\":\"ImageObject\",\"inLanguage\":\"it-IT\",\"@id\":\"https:\/\/www.pressenza.com\/it\/2020\/05\/non-e-il-momento-di-analizzare-niente\/#primaryimage\",\"url\":\"https:\/\/www.pressenza.com\/wp-content\/uploads\/2020\/05\/photoshop-2828863_1920.jpg\",\"contentUrl\":\"https:\/\/www.pressenza.com\/wp-content\/uploads\/2020\/05\/photoshop-2828863_1920.jpg\",\"width\":1920,\"height\":1151,\"caption\":\"(immagine di BaroneStudio\/pixabay)\"},{\"@type\":\"BreadcrumbList\",\"@id\":\"https:\/\/www.pressenza.com\/it\/2020\/05\/non-e-il-momento-di-analizzare-niente\/#breadcrumb\",\"itemListElement\":[{\"@type\":\"ListItem\",\"position\":1,\"name\":\"Accueil\",\"item\":\"https:\/\/www.pressenza.com\/it\/\"},{\"@type\":\"ListItem\",\"position\":2,\"name\":\"Non \u00e8 il momento di analizzare niente\"}]},{\"@type\":\"WebSite\",\"@id\":\"https:\/\/www.pressenza.com\/it\/#website\",\"url\":\"https:\/\/www.pressenza.com\/it\/\",\"name\":\"Pressenza\",\"description\":\"Agenzia di Stampa Internazionale\",\"publisher\":{\"@id\":\"https:\/\/www.pressenza.com\/it\/#organization\"},\"potentialAction\":[{\"@type\":\"SearchAction\",\"target\":{\"@type\":\"EntryPoint\",\"urlTemplate\":\"https:\/\/www.pressenza.com\/it\/?s={search_term_string}\"},\"query-input\":{\"@type\":\"PropertyValueSpecification\",\"valueRequired\":true,\"valueName\":\"search_term_string\"}}],\"inLanguage\":\"it-IT\"},{\"@type\":\"Organization\",\"@id\":\"https:\/\/www.pressenza.com\/it\/#organization\",\"name\":\"Pressenza\",\"url\":\"https:\/\/www.pressenza.com\/it\/\",\"logo\":{\"@type\":\"ImageObject\",\"inLanguage\":\"it-IT\",\"@id\":\"https:\/\/www.pressenza.com\/it\/#\/schema\/logo\/image\/\",\"url\":\"https:\/\/www.pressenza.com\/wp-content\/uploads\/2022\/10\/pressenza_logo_200x200.jpg\",\"contentUrl\":\"https:\/\/www.pressenza.com\/wp-content\/uploads\/2022\/10\/pressenza_logo_200x200.jpg\",\"width\":200,\"height\":200,\"caption\":\"Pressenza\"},\"image\":{\"@id\":\"https:\/\/www.pressenza.com\/it\/#\/schema\/logo\/image\/\"},\"sameAs\":[\"https:\/\/www.facebook.com\/PressenzaItalia\",\"https:\/\/x.com\/PressenzaIPA\"]},{\"@type\":\"Person\",\"@id\":\"https:\/\/www.pressenza.com\/it\/#\/schema\/person\/0dda7d1b68267ad95b1e1d83abc98c89\",\"name\":\"Redacci\u00f3n Argentina\",\"description\":\"News from the Pressenza Bureau in Argentina.\",\"sameAs\":[\"https:\/\/x.com\/pressenza\"],\"url\":\"https:\/\/www.pressenza.com\/it\/author\/redaccion-argentina\/\"}]}<\/script>\n<!-- \/ Yoast SEO plugin. -->","yoast_head_json":{"title":"Non \u00e8 il momento di analizzare niente","description":"Al contrario di quanto si dice in giro, non credo che questo sia il momento di analizzare niente. Non \u00e8 il momento di pensare troppo, non \u00e8 il momento di","robots":{"index":"index","follow":"follow","max-snippet":"max-snippet:-1","max-image-preview":"max-image-preview:large","max-video-preview":"max-video-preview:-1"},"canonical":"https:\/\/www.pressenza.com\/it\/2020\/05\/non-e-il-momento-di-analizzare-niente\/","og_locale":"it_IT","og_type":"article","og_title":"Non \u00e8 il momento di analizzare niente","og_description":"Al contrario di quanto si dice in giro, non credo che questo sia il momento di analizzare niente. Non \u00e8 il momento di pensare troppo, non \u00e8 il momento di","og_url":"https:\/\/www.pressenza.com\/it\/2020\/05\/non-e-il-momento-di-analizzare-niente\/","og_site_name":"Pressenza","article_publisher":"https:\/\/www.facebook.com\/PressenzaItalia","article_published_time":"2020-05-13T17:15:07+00:00","article_modified_time":"2020-05-13T17:58:32+00:00","og_image":[{"width":1920,"height":1151,"url":"https:\/\/www.pressenza.com\/wp-content\/uploads\/2020\/05\/photoshop-2828863_1920.jpg","type":"image\/jpeg"}],"author":"Redacci\u00f3n Argentina","twitter_card":"summary_large_image","twitter_creator":"@pressenza","twitter_site":"@PressenzaIPA","twitter_misc":{"Scritto da":"Redacci\u00f3n Argentina","Tempo di lettura stimato":"1 minuto"},"schema":{"@context":"https:\/\/schema.org","@graph":[{"@type":"Article","@id":"https:\/\/www.pressenza.com\/it\/2020\/05\/non-e-il-momento-di-analizzare-niente\/#article","isPartOf":{"@id":"https:\/\/www.pressenza.com\/it\/2020\/05\/non-e-il-momento-di-analizzare-niente\/"},"author":{"name":"Redacci\u00f3n Argentina","@id":"https:\/\/www.pressenza.com\/it\/#\/schema\/person\/0dda7d1b68267ad95b1e1d83abc98c89"},"headline":"Non \u00e8 il momento di analizzare niente","datePublished":"2020-05-13T17:15:07+00:00","dateModified":"2020-05-13T17:58:32+00:00","mainEntityOfPage":{"@id":"https:\/\/www.pressenza.com\/it\/2020\/05\/non-e-il-momento-di-analizzare-niente\/"},"wordCount":233,"publisher":{"@id":"https:\/\/www.pressenza.com\/it\/#organization"},"image":{"@id":"https:\/\/www.pressenza.com\/it\/2020\/05\/non-e-il-momento-di-analizzare-niente\/#primaryimage"},"thumbnailUrl":"https:\/\/www.pressenza.com\/wp-content\/uploads\/2020\/05\/photoshop-2828863_1920.jpg","keywords":["coronavirus","decisioni","l'altro","mancanza","Meditazione","soledad"],"articleSection":["contenuti originali","Internazionale","Opinioni","Umanesimo e Spiritualit\u00e0"],"inLanguage":"it-IT"},{"@type":"WebPage","@id":"https:\/\/www.pressenza.com\/it\/2020\/05\/non-e-il-momento-di-analizzare-niente\/","url":"https:\/\/www.pressenza.com\/it\/2020\/05\/non-e-il-momento-di-analizzare-niente\/","name":"Non \u00e8 il momento di analizzare niente","isPartOf":{"@id":"https:\/\/www.pressenza.com\/it\/#website"},"primaryImageOfPage":{"@id":"https:\/\/www.pressenza.com\/it\/2020\/05\/non-e-il-momento-di-analizzare-niente\/#primaryimage"},"image":{"@id":"https:\/\/www.pressenza.com\/it\/2020\/05\/non-e-il-momento-di-analizzare-niente\/#primaryimage"},"thumbnailUrl":"https:\/\/www.pressenza.com\/wp-content\/uploads\/2020\/05\/photoshop-2828863_1920.jpg","datePublished":"2020-05-13T17:15:07+00:00","dateModified":"2020-05-13T17:58:32+00:00","description":"Al contrario di quanto si dice in giro, non credo che questo sia il momento di analizzare niente. Non \u00e8 il momento di pensare troppo, non \u00e8 il momento di","breadcrumb":{"@id":"https:\/\/www.pressenza.com\/it\/2020\/05\/non-e-il-momento-di-analizzare-niente\/#breadcrumb"},"inLanguage":"it-IT","potentialAction":[{"@type":"ReadAction","target":["https:\/\/www.pressenza.com\/it\/2020\/05\/non-e-il-momento-di-analizzare-niente\/"]}]},{"@type":"ImageObject","inLanguage":"it-IT","@id":"https:\/\/www.pressenza.com\/it\/2020\/05\/non-e-il-momento-di-analizzare-niente\/#primaryimage","url":"https:\/\/www.pressenza.com\/wp-content\/uploads\/2020\/05\/photoshop-2828863_1920.jpg","contentUrl":"https:\/\/www.pressenza.com\/wp-content\/uploads\/2020\/05\/photoshop-2828863_1920.jpg","width":1920,"height":1151,"caption":"(immagine di BaroneStudio\/pixabay)"},{"@type":"BreadcrumbList","@id":"https:\/\/www.pressenza.com\/it\/2020\/05\/non-e-il-momento-di-analizzare-niente\/#breadcrumb","itemListElement":[{"@type":"ListItem","position":1,"name":"Accueil","item":"https:\/\/www.pressenza.com\/it\/"},{"@type":"ListItem","position":2,"name":"Non \u00e8 il momento di analizzare niente"}]},{"@type":"WebSite","@id":"https:\/\/www.pressenza.com\/it\/#website","url":"https:\/\/www.pressenza.com\/it\/","name":"Pressenza","description":"Agenzia di Stampa Internazionale","publisher":{"@id":"https:\/\/www.pressenza.com\/it\/#organization"},"potentialAction":[{"@type":"SearchAction","target":{"@type":"EntryPoint","urlTemplate":"https:\/\/www.pressenza.com\/it\/?s={search_term_string}"},"query-input":{"@type":"PropertyValueSpecification","valueRequired":true,"valueName":"search_term_string"}}],"inLanguage":"it-IT"},{"@type":"Organization","@id":"https:\/\/www.pressenza.com\/it\/#organization","name":"Pressenza","url":"https:\/\/www.pressenza.com\/it\/","logo":{"@type":"ImageObject","inLanguage":"it-IT","@id":"https:\/\/www.pressenza.com\/it\/#\/schema\/logo\/image\/","url":"https:\/\/www.pressenza.com\/wp-content\/uploads\/2022\/10\/pressenza_logo_200x200.jpg","contentUrl":"https:\/\/www.pressenza.com\/wp-content\/uploads\/2022\/10\/pressenza_logo_200x200.jpg","width":200,"height":200,"caption":"Pressenza"},"image":{"@id":"https:\/\/www.pressenza.com\/it\/#\/schema\/logo\/image\/"},"sameAs":["https:\/\/www.facebook.com\/PressenzaItalia","https:\/\/x.com\/PressenzaIPA"]},{"@type":"Person","@id":"https:\/\/www.pressenza.com\/it\/#\/schema\/person\/0dda7d1b68267ad95b1e1d83abc98c89","name":"Redacci\u00f3n Argentina","description":"News from the Pressenza Bureau in Argentina.","sameAs":["https:\/\/x.com\/pressenza"],"url":"https:\/\/www.pressenza.com\/it\/author\/redaccion-argentina\/"}]}},"place":"Cordoba, Argentina","original_article_url":"","_links":{"self":[{"href":"https:\/\/www.pressenza.com\/it\/wp-json\/wp\/v2\/posts\/1106687","targetHints":{"allow":["GET"]}}],"collection":[{"href":"https:\/\/www.pressenza.com\/it\/wp-json\/wp\/v2\/posts"}],"about":[{"href":"https:\/\/www.pressenza.com\/it\/wp-json\/wp\/v2\/types\/post"}],"author":[{"embeddable":true,"href":"https:\/\/www.pressenza.com\/it\/wp-json\/wp\/v2\/users\/87"}],"replies":[{"embeddable":true,"href":"https:\/\/www.pressenza.com\/it\/wp-json\/wp\/v2\/comments?post=1106687"}],"version-history":[{"count":0,"href":"https:\/\/www.pressenza.com\/it\/wp-json\/wp\/v2\/posts\/1106687\/revisions"}],"wp:featuredmedia":[{"embeddable":true,"href":"https:\/\/www.pressenza.com\/it\/wp-json\/wp\/v2\/media\/1105832"}],"wp:attachment":[{"href":"https:\/\/www.pressenza.com\/it\/wp-json\/wp\/v2\/media?parent=1106687"}],"wp:term":[{"taxonomy":"category","embeddable":true,"href":"https:\/\/www.pressenza.com\/it\/wp-json\/wp\/v2\/categories?post=1106687"},{"taxonomy":"post_tag","embeddable":true,"href":"https:\/\/www.pressenza.com\/it\/wp-json\/wp\/v2\/tags?post=1106687"}],"curies":[{"name":"wp","href":"https:\/\/api.w.org\/{rel}","templated":true}]}}