{"id":1106644,"date":"2020-05-13T16:35:34","date_gmt":"2020-05-13T15:35:34","guid":{"rendered":"https:\/\/www.pressenza.com\/?p=1106644"},"modified":"2020-05-13T16:37:19","modified_gmt":"2020-05-13T15:37:19","slug":"francia-la-solidarieta-non-e-un-reato-assoluzione-definitiva-per-cedric-herrou","status":"publish","type":"post","link":"https:\/\/www.pressenza.com\/it\/2020\/05\/francia-la-solidarieta-non-e-un-reato-assoluzione-definitiva-per-cedric-herrou\/","title":{"rendered":"Francia: la solidariet\u00e0 non \u00e8 un reato. Assoluzione definitiva per C\u00e9dric Herrou"},"content":{"rendered":"<p>Una vittoria della giustizia e anche del senso comune: il 13 maggio la corte d&#8217;appello di Lione ha assolto in via definitiva C\u00e9dric Herrou, l&#8217;agricoltore francese che era stato condannato nel 2017 dal tribunale di Nizza per &#8220;favoreggiamento dell&#8217;ingresso irregolare&#8221; attraverso il confine italo-francese della Val Roja.<\/p>\n<p>Questa e precedenti sentenze, cos\u00ec come la pronuncia nel 2018 del Consiglio costituzionale secondo cui &#8220;l&#8217;aiuto disinteressato al soggiorno irregolare non \u00e8 passibile di conseguenze giuridiche&#8221;, dovrebbero convincere le autorit\u00e0 di Parigi a rivedere le leggi in modo che azioni di solidariet\u00e0 non siano mai pi\u00f9 considerate un reato.<\/p>\n<p>&nbsp;<\/p>\n","protected":false},"excerpt":{"rendered":"<p>Una vittoria della giustizia e anche del senso comune: il 13 maggio la corte d&#8217;appello di Lione ha assolto in via definitiva C\u00e9dric Herrou, l&#8217;agricoltore francese che era stato condannato nel 2017 dal tribunale di Nizza per &#8220;favoreggiamento dell&#8217;ingresso irregolare&#8221;&hellip;<\/p>\n","protected":false},"author":1334,"featured_media":1106646,"comment_status":"closed","ping_status":"closed","sticky":false,"template":"","format":"standard","meta":{"footnotes":""},"categories":[11388,47,54572],"tags":[51292,75528,3208,1634],"class_list":["post-1106644","post","type-post","status-publish","format-standard","has-post-thumbnail","hentry","category-contenuti-originali","category-europa","category-migranti","tag-assoluzione","tag-cedric-herrou-it","tag-francia-it","tag-solidarieta"],"yoast_head":"<!-- This site is optimized with the Yoast SEO plugin v27.1.1 - https:\/\/yoast.com\/product\/yoast-seo-wordpress\/ -->\n<title>Francia: la solidariet\u00e0 non \u00e8 un reato. Assoluzione definitiva per C\u00e9dric Herrou<\/title>\n<meta name=\"description\" content=\"Una vittoria della giustizia e anche del senso comune: il 13 maggio la corte d&#039;appello di Lione ha assolto in via definitiva C\u00e9dric Herrou, l&#039;agricoltore\" \/>\n<meta name=\"robots\" content=\"index, follow, max-snippet:-1, max-image-preview:large, max-video-preview:-1\" \/>\n<link rel=\"canonical\" href=\"https:\/\/www.pressenza.com\/it\/2020\/05\/francia-la-solidarieta-non-e-un-reato-assoluzione-definitiva-per-cedric-herrou\/\" \/>\n<meta property=\"og:locale\" content=\"it_IT\" \/>\n<meta property=\"og:type\" content=\"article\" \/>\n<meta property=\"og:title\" content=\"Francia: la solidariet\u00e0 non \u00e8 un reato. Assoluzione definitiva per C\u00e9dric Herrou\" \/>\n<meta property=\"og:description\" content=\"Una vittoria della giustizia e anche del senso comune: il 13 maggio la corte d&#039;appello di Lione ha assolto in via definitiva C\u00e9dric Herrou, l&#039;agricoltore\" \/>\n<meta property=\"og:url\" content=\"https:\/\/www.pressenza.com\/it\/2020\/05\/francia-la-solidarieta-non-e-un-reato-assoluzione-definitiva-per-cedric-herrou\/\" \/>\n<meta property=\"og:site_name\" content=\"Pressenza\" \/>\n<meta property=\"article:publisher\" content=\"https:\/\/www.facebook.com\/PressenzaItalia\" \/>\n<meta property=\"article:author\" content=\"https:\/\/www.facebook.com\/p\/Riccardo-Noury-100041166531808\/\" \/>\n<meta property=\"article:published_time\" content=\"2020-05-13T15:35:34+00:00\" \/>\n<meta property=\"article:modified_time\" content=\"2020-05-13T15:37:19+00:00\" \/>\n<meta property=\"og:image\" content=\"https:\/\/www.pressenza.com\/wp-content\/uploads\/2020\/05\/francia_solidarieta.jpeg\" \/>\n\t<meta property=\"og:image:width\" content=\"1920\" \/>\n\t<meta property=\"og:image:height\" content=\"1440\" \/>\n\t<meta property=\"og:image:type\" content=\"image\/jpeg\" \/>\n<meta name=\"author\" content=\"Riccardo Noury\" \/>\n<meta name=\"twitter:card\" content=\"summary_large_image\" \/>\n<meta name=\"twitter:creator\" content=\"@riccardonoury\" \/>\n<meta name=\"twitter:site\" content=\"@PressenzaIPA\" \/>\n<meta name=\"twitter:label1\" content=\"Scritto da\" \/>\n\t<meta name=\"twitter:data1\" content=\"Riccardo Noury\" \/>\n<script type=\"application\/ld+json\" class=\"yoast-schema-graph\">{\"@context\":\"https:\/\/schema.org\",\"@graph\":[{\"@type\":\"Article\",\"@id\":\"https:\/\/www.pressenza.com\/it\/2020\/05\/francia-la-solidarieta-non-e-un-reato-assoluzione-definitiva-per-cedric-herrou\/#article\",\"isPartOf\":{\"@id\":\"https:\/\/www.pressenza.com\/it\/2020\/05\/francia-la-solidarieta-non-e-un-reato-assoluzione-definitiva-per-cedric-herrou\/\"},\"author\":{\"name\":\"Riccardo Noury\",\"@id\":\"https:\/\/www.pressenza.com\/it\/#\/schema\/person\/8f342cd59f9d5aae911255240684f81e\"},\"headline\":\"Francia: la solidariet\u00e0 non \u00e8 un reato. Assoluzione definitiva per C\u00e9dric Herrou\",\"datePublished\":\"2020-05-13T15:35:34+00:00\",\"dateModified\":\"2020-05-13T15:37:19+00:00\",\"mainEntityOfPage\":{\"@id\":\"https:\/\/www.pressenza.com\/it\/2020\/05\/francia-la-solidarieta-non-e-un-reato-assoluzione-definitiva-per-cedric-herrou\/\"},\"wordCount\":110,\"publisher\":{\"@id\":\"https:\/\/www.pressenza.com\/it\/#organization\"},\"image\":{\"@id\":\"https:\/\/www.pressenza.com\/it\/2020\/05\/francia-la-solidarieta-non-e-un-reato-assoluzione-definitiva-per-cedric-herrou\/#primaryimage\"},\"thumbnailUrl\":\"https:\/\/www.pressenza.com\/wp-content\/uploads\/2020\/05\/francia_solidarieta.jpeg\",\"keywords\":[\"assoluzione\",\"C\u00e9dric Herrou\",\"Francia\",\"solidariet\u00e0\"],\"articleSection\":[\"contenuti originali\",\"Europa\",\"Migranti\"],\"inLanguage\":\"it-IT\"},{\"@type\":\"WebPage\",\"@id\":\"https:\/\/www.pressenza.com\/it\/2020\/05\/francia-la-solidarieta-non-e-un-reato-assoluzione-definitiva-per-cedric-herrou\/\",\"url\":\"https:\/\/www.pressenza.com\/it\/2020\/05\/francia-la-solidarieta-non-e-un-reato-assoluzione-definitiva-per-cedric-herrou\/\",\"name\":\"Francia: la solidariet\u00e0 non \u00e8 un reato. Assoluzione definitiva per C\u00e9dric Herrou\",\"isPartOf\":{\"@id\":\"https:\/\/www.pressenza.com\/it\/#website\"},\"primaryImageOfPage\":{\"@id\":\"https:\/\/www.pressenza.com\/it\/2020\/05\/francia-la-solidarieta-non-e-un-reato-assoluzione-definitiva-per-cedric-herrou\/#primaryimage\"},\"image\":{\"@id\":\"https:\/\/www.pressenza.com\/it\/2020\/05\/francia-la-solidarieta-non-e-un-reato-assoluzione-definitiva-per-cedric-herrou\/#primaryimage\"},\"thumbnailUrl\":\"https:\/\/www.pressenza.com\/wp-content\/uploads\/2020\/05\/francia_solidarieta.jpeg\",\"datePublished\":\"2020-05-13T15:35:34+00:00\",\"dateModified\":\"2020-05-13T15:37:19+00:00\",\"description\":\"Una vittoria della giustizia e anche del senso comune: il 13 maggio la corte d'appello di Lione ha assolto in via definitiva C\u00e9dric Herrou, l'agricoltore\",\"breadcrumb\":{\"@id\":\"https:\/\/www.pressenza.com\/it\/2020\/05\/francia-la-solidarieta-non-e-un-reato-assoluzione-definitiva-per-cedric-herrou\/#breadcrumb\"},\"inLanguage\":\"it-IT\",\"potentialAction\":[{\"@type\":\"ReadAction\",\"target\":[\"https:\/\/www.pressenza.com\/it\/2020\/05\/francia-la-solidarieta-non-e-un-reato-assoluzione-definitiva-per-cedric-herrou\/\"]}]},{\"@type\":\"ImageObject\",\"inLanguage\":\"it-IT\",\"@id\":\"https:\/\/www.pressenza.com\/it\/2020\/05\/francia-la-solidarieta-non-e-un-reato-assoluzione-definitiva-per-cedric-herrou\/#primaryimage\",\"url\":\"https:\/\/www.pressenza.com\/wp-content\/uploads\/2020\/05\/francia_solidarieta.jpeg\",\"contentUrl\":\"https:\/\/www.pressenza.com\/wp-content\/uploads\/2020\/05\/francia_solidarieta.jpeg\",\"width\":1920,\"height\":1440},{\"@type\":\"BreadcrumbList\",\"@id\":\"https:\/\/www.pressenza.com\/it\/2020\/05\/francia-la-solidarieta-non-e-un-reato-assoluzione-definitiva-per-cedric-herrou\/#breadcrumb\",\"itemListElement\":[{\"@type\":\"ListItem\",\"position\":1,\"name\":\"Accueil\",\"item\":\"https:\/\/www.pressenza.com\/it\/\"},{\"@type\":\"ListItem\",\"position\":2,\"name\":\"Francia: la solidariet\u00e0 non \u00e8 un reato. Assoluzione definitiva per C\u00e9dric Herrou\"}]},{\"@type\":\"WebSite\",\"@id\":\"https:\/\/www.pressenza.com\/it\/#website\",\"url\":\"https:\/\/www.pressenza.com\/it\/\",\"name\":\"Pressenza\",\"description\":\"Agenzia di Stampa Internazionale\",\"publisher\":{\"@id\":\"https:\/\/www.pressenza.com\/it\/#organization\"},\"potentialAction\":[{\"@type\":\"SearchAction\",\"target\":{\"@type\":\"EntryPoint\",\"urlTemplate\":\"https:\/\/www.pressenza.com\/it\/?s={search_term_string}\"},\"query-input\":{\"@type\":\"PropertyValueSpecification\",\"valueRequired\":true,\"valueName\":\"search_term_string\"}}],\"inLanguage\":\"it-IT\"},{\"@type\":\"Organization\",\"@id\":\"https:\/\/www.pressenza.com\/it\/#organization\",\"name\":\"Pressenza\",\"url\":\"https:\/\/www.pressenza.com\/it\/\",\"logo\":{\"@type\":\"ImageObject\",\"inLanguage\":\"it-IT\",\"@id\":\"https:\/\/www.pressenza.com\/it\/#\/schema\/logo\/image\/\",\"url\":\"https:\/\/www.pressenza.com\/wp-content\/uploads\/2022\/10\/pressenza_logo_200x200.jpg\",\"contentUrl\":\"https:\/\/www.pressenza.com\/wp-content\/uploads\/2022\/10\/pressenza_logo_200x200.jpg\",\"width\":200,\"height\":200,\"caption\":\"Pressenza\"},\"image\":{\"@id\":\"https:\/\/www.pressenza.com\/it\/#\/schema\/logo\/image\/\"},\"sameAs\":[\"https:\/\/www.facebook.com\/PressenzaItalia\",\"https:\/\/x.com\/PressenzaIPA\"]},{\"@type\":\"Person\",\"@id\":\"https:\/\/www.pressenza.com\/it\/#\/schema\/person\/8f342cd59f9d5aae911255240684f81e\",\"name\":\"Riccardo Noury\",\"sameAs\":[\"http:\/\/www.amnesty.it\/\",\"https:\/\/www.facebook.com\/p\/Riccardo-Noury-100041166531808\/\",\"https:\/\/www.instagram.com\/riccardonoury9241\",\"https:\/\/x.com\/riccardonoury\"],\"url\":\"https:\/\/www.pressenza.com\/it\/author\/riccardo-noury\/\"}]}<\/script>\n<!-- \/ Yoast SEO plugin. -->","yoast_head_json":{"title":"Francia: la solidariet\u00e0 non \u00e8 un reato. Assoluzione definitiva per C\u00e9dric Herrou","description":"Una vittoria della giustizia e anche del senso comune: il 13 maggio la corte d'appello di Lione ha assolto in via definitiva C\u00e9dric Herrou, l'agricoltore","robots":{"index":"index","follow":"follow","max-snippet":"max-snippet:-1","max-image-preview":"max-image-preview:large","max-video-preview":"max-video-preview:-1"},"canonical":"https:\/\/www.pressenza.com\/it\/2020\/05\/francia-la-solidarieta-non-e-un-reato-assoluzione-definitiva-per-cedric-herrou\/","og_locale":"it_IT","og_type":"article","og_title":"Francia: la solidariet\u00e0 non \u00e8 un reato. Assoluzione definitiva per C\u00e9dric Herrou","og_description":"Una vittoria della giustizia e anche del senso comune: il 13 maggio la corte d'appello di Lione ha assolto in via definitiva C\u00e9dric Herrou, l'agricoltore","og_url":"https:\/\/www.pressenza.com\/it\/2020\/05\/francia-la-solidarieta-non-e-un-reato-assoluzione-definitiva-per-cedric-herrou\/","og_site_name":"Pressenza","article_publisher":"https:\/\/www.facebook.com\/PressenzaItalia","article_author":"https:\/\/www.facebook.com\/p\/Riccardo-Noury-100041166531808\/","article_published_time":"2020-05-13T15:35:34+00:00","article_modified_time":"2020-05-13T15:37:19+00:00","og_image":[{"width":1920,"height":1440,"url":"https:\/\/www.pressenza.com\/wp-content\/uploads\/2020\/05\/francia_solidarieta.jpeg","type":"image\/jpeg"}],"author":"Riccardo Noury","twitter_card":"summary_large_image","twitter_creator":"@riccardonoury","twitter_site":"@PressenzaIPA","twitter_misc":{"Scritto da":"Riccardo Noury"},"schema":{"@context":"https:\/\/schema.org","@graph":[{"@type":"Article","@id":"https:\/\/www.pressenza.com\/it\/2020\/05\/francia-la-solidarieta-non-e-un-reato-assoluzione-definitiva-per-cedric-herrou\/#article","isPartOf":{"@id":"https:\/\/www.pressenza.com\/it\/2020\/05\/francia-la-solidarieta-non-e-un-reato-assoluzione-definitiva-per-cedric-herrou\/"},"author":{"name":"Riccardo Noury","@id":"https:\/\/www.pressenza.com\/it\/#\/schema\/person\/8f342cd59f9d5aae911255240684f81e"},"headline":"Francia: la solidariet\u00e0 non \u00e8 un reato. Assoluzione definitiva per C\u00e9dric Herrou","datePublished":"2020-05-13T15:35:34+00:00","dateModified":"2020-05-13T15:37:19+00:00","mainEntityOfPage":{"@id":"https:\/\/www.pressenza.com\/it\/2020\/05\/francia-la-solidarieta-non-e-un-reato-assoluzione-definitiva-per-cedric-herrou\/"},"wordCount":110,"publisher":{"@id":"https:\/\/www.pressenza.com\/it\/#organization"},"image":{"@id":"https:\/\/www.pressenza.com\/it\/2020\/05\/francia-la-solidarieta-non-e-un-reato-assoluzione-definitiva-per-cedric-herrou\/#primaryimage"},"thumbnailUrl":"https:\/\/www.pressenza.com\/wp-content\/uploads\/2020\/05\/francia_solidarieta.jpeg","keywords":["assoluzione","C\u00e9dric Herrou","Francia","solidariet\u00e0"],"articleSection":["contenuti originali","Europa","Migranti"],"inLanguage":"it-IT"},{"@type":"WebPage","@id":"https:\/\/www.pressenza.com\/it\/2020\/05\/francia-la-solidarieta-non-e-un-reato-assoluzione-definitiva-per-cedric-herrou\/","url":"https:\/\/www.pressenza.com\/it\/2020\/05\/francia-la-solidarieta-non-e-un-reato-assoluzione-definitiva-per-cedric-herrou\/","name":"Francia: la solidariet\u00e0 non \u00e8 un reato. Assoluzione definitiva per C\u00e9dric Herrou","isPartOf":{"@id":"https:\/\/www.pressenza.com\/it\/#website"},"primaryImageOfPage":{"@id":"https:\/\/www.pressenza.com\/it\/2020\/05\/francia-la-solidarieta-non-e-un-reato-assoluzione-definitiva-per-cedric-herrou\/#primaryimage"},"image":{"@id":"https:\/\/www.pressenza.com\/it\/2020\/05\/francia-la-solidarieta-non-e-un-reato-assoluzione-definitiva-per-cedric-herrou\/#primaryimage"},"thumbnailUrl":"https:\/\/www.pressenza.com\/wp-content\/uploads\/2020\/05\/francia_solidarieta.jpeg","datePublished":"2020-05-13T15:35:34+00:00","dateModified":"2020-05-13T15:37:19+00:00","description":"Una vittoria della giustizia e anche del senso comune: il 13 maggio la corte d'appello di Lione ha assolto in via definitiva C\u00e9dric Herrou, l'agricoltore","breadcrumb":{"@id":"https:\/\/www.pressenza.com\/it\/2020\/05\/francia-la-solidarieta-non-e-un-reato-assoluzione-definitiva-per-cedric-herrou\/#breadcrumb"},"inLanguage":"it-IT","potentialAction":[{"@type":"ReadAction","target":["https:\/\/www.pressenza.com\/it\/2020\/05\/francia-la-solidarieta-non-e-un-reato-assoluzione-definitiva-per-cedric-herrou\/"]}]},{"@type":"ImageObject","inLanguage":"it-IT","@id":"https:\/\/www.pressenza.com\/it\/2020\/05\/francia-la-solidarieta-non-e-un-reato-assoluzione-definitiva-per-cedric-herrou\/#primaryimage","url":"https:\/\/www.pressenza.com\/wp-content\/uploads\/2020\/05\/francia_solidarieta.jpeg","contentUrl":"https:\/\/www.pressenza.com\/wp-content\/uploads\/2020\/05\/francia_solidarieta.jpeg","width":1920,"height":1440},{"@type":"BreadcrumbList","@id":"https:\/\/www.pressenza.com\/it\/2020\/05\/francia-la-solidarieta-non-e-un-reato-assoluzione-definitiva-per-cedric-herrou\/#breadcrumb","itemListElement":[{"@type":"ListItem","position":1,"name":"Accueil","item":"https:\/\/www.pressenza.com\/it\/"},{"@type":"ListItem","position":2,"name":"Francia: la solidariet\u00e0 non \u00e8 un reato. Assoluzione definitiva per C\u00e9dric Herrou"}]},{"@type":"WebSite","@id":"https:\/\/www.pressenza.com\/it\/#website","url":"https:\/\/www.pressenza.com\/it\/","name":"Pressenza","description":"Agenzia di Stampa Internazionale","publisher":{"@id":"https:\/\/www.pressenza.com\/it\/#organization"},"potentialAction":[{"@type":"SearchAction","target":{"@type":"EntryPoint","urlTemplate":"https:\/\/www.pressenza.com\/it\/?s={search_term_string}"},"query-input":{"@type":"PropertyValueSpecification","valueRequired":true,"valueName":"search_term_string"}}],"inLanguage":"it-IT"},{"@type":"Organization","@id":"https:\/\/www.pressenza.com\/it\/#organization","name":"Pressenza","url":"https:\/\/www.pressenza.com\/it\/","logo":{"@type":"ImageObject","inLanguage":"it-IT","@id":"https:\/\/www.pressenza.com\/it\/#\/schema\/logo\/image\/","url":"https:\/\/www.pressenza.com\/wp-content\/uploads\/2022\/10\/pressenza_logo_200x200.jpg","contentUrl":"https:\/\/www.pressenza.com\/wp-content\/uploads\/2022\/10\/pressenza_logo_200x200.jpg","width":200,"height":200,"caption":"Pressenza"},"image":{"@id":"https:\/\/www.pressenza.com\/it\/#\/schema\/logo\/image\/"},"sameAs":["https:\/\/www.facebook.com\/PressenzaItalia","https:\/\/x.com\/PressenzaIPA"]},{"@type":"Person","@id":"https:\/\/www.pressenza.com\/it\/#\/schema\/person\/8f342cd59f9d5aae911255240684f81e","name":"Riccardo Noury","sameAs":["http:\/\/www.amnesty.it\/","https:\/\/www.facebook.com\/p\/Riccardo-Noury-100041166531808\/","https:\/\/www.instagram.com\/riccardonoury9241","https:\/\/x.com\/riccardonoury"],"url":"https:\/\/www.pressenza.com\/it\/author\/riccardo-noury\/"}]}},"place":"","original_article_url":"","_links":{"self":[{"href":"https:\/\/www.pressenza.com\/it\/wp-json\/wp\/v2\/posts\/1106644","targetHints":{"allow":["GET"]}}],"collection":[{"href":"https:\/\/www.pressenza.com\/it\/wp-json\/wp\/v2\/posts"}],"about":[{"href":"https:\/\/www.pressenza.com\/it\/wp-json\/wp\/v2\/types\/post"}],"author":[{"embeddable":true,"href":"https:\/\/www.pressenza.com\/it\/wp-json\/wp\/v2\/users\/1334"}],"replies":[{"embeddable":true,"href":"https:\/\/www.pressenza.com\/it\/wp-json\/wp\/v2\/comments?post=1106644"}],"version-history":[{"count":0,"href":"https:\/\/www.pressenza.com\/it\/wp-json\/wp\/v2\/posts\/1106644\/revisions"}],"wp:featuredmedia":[{"embeddable":true,"href":"https:\/\/www.pressenza.com\/it\/wp-json\/wp\/v2\/media\/1106646"}],"wp:attachment":[{"href":"https:\/\/www.pressenza.com\/it\/wp-json\/wp\/v2\/media?parent=1106644"}],"wp:term":[{"taxonomy":"category","embeddable":true,"href":"https:\/\/www.pressenza.com\/it\/wp-json\/wp\/v2\/categories?post=1106644"},{"taxonomy":"post_tag","embeddable":true,"href":"https:\/\/www.pressenza.com\/it\/wp-json\/wp\/v2\/tags?post=1106644"}],"curies":[{"name":"wp","href":"https:\/\/api.w.org\/{rel}","templated":true}]}}