{"id":1101013,"date":"2020-05-07T14:21:07","date_gmt":"2020-05-07T13:21:07","guid":{"rendered":"https:\/\/www.pressenza.com\/?p=1101013"},"modified":"2020-05-07T14:52:39","modified_gmt":"2020-05-07T13:52:39","slug":"covid-19-rispunta-il-virus-dellintellettuale-organico","status":"publish","type":"post","link":"https:\/\/www.pressenza.com\/it\/2020\/05\/covid-19-rispunta-il-virus-dellintellettuale-organico\/","title":{"rendered":"Covid 19: rispunta il virus dell\u2019intellettuale organico"},"content":{"rendered":"<p>Alcuni giorni fa ho proposto a vari organi d\u2019informazione un mio articolo sul dopo pandemia. Mi \u00e8 stato rifiutato e il miglior appellativo che mi sono beccato \u00e8 stato quello di essere troppo pessimista. Ebbene s\u00ec, lo ammetto, caratterialmente sono pessimista ma per cultura e formazione sono portato (o comunque mi sforzo)a essere il contrario. Cieco no per\u00f2, giacch\u00e9 ci\u00f2 che ci prospetta il futuro non sembra sia motivo per gioire.<\/p>\n<p>Certamente alcune cose dovranno essere modificate e andranno meglio per tutti: la ricerca, l\u2019assistenza, la medicina e le condizioni economiche e lavorative di chi opera in questi settori. Il pianeta, \u00e8 assodato (e oggi ne abbiamo la prova provata) che necessita di pause, di respiro e sarebbe interessante se si prendesse in considerazione di programmare un mese l\u2019anno di lockdown per farlo riposare e respirare proteggendolo dalle attivit\u00e0 umane).<\/p>\n<p>Forse sar\u00e0 necessario ripensare modelli diversi di sviluppo rispetto al capitalismo finanziario che sta dimostrando i suoi evidenti limiti, una diversa distribuzione delle ricchezze e maggiore giustizia sociale se non si vuole vedere un pezzo numeroso di mondo alla fame e nella povert\u00e0.<\/p>\n<p>Ecco, questi sono tutti elementi interessanti e positivi sui quali concentrarsi da adesso e per il dopo, che la pandemia da Coronavirus ha messo in luce facendoli emergere ottimisticamente come priorit\u00e0. Altra storia \u00e8 se essi saranno all\u2019ordine del giorno dei governi o se passata la buriana si torner\u00e0 a ballare sotto la pioggia come prima.<\/p>\n<p>Io ho i miei dubbi ma sono comunque moderatamente ottimista. Diciamo che vedo il bicchiere mezzo pieno, che non vuol dire adagiarsi sugli allori aspettando che si riempia da solo, ma parlarne, denunciare i problemi e mantenerli al centro del nostro modo di comportarci e per quelli come me che lavorano con le parole, costringere le amministrazioni pubbliche a tenerli sottolineati in rosso nelle loro agende politiche ed economiche. E quindi: giornalisti, intellettuali, scrittori, artisti ma anche gli scienziati, i medici, i virologi che di questo tempo vanno tanto di moda, possono incidere e fare la differenza tra sviluppo e oblio, se manterranno fede alla loro professione\/passione\/missione. Se continueranno a incalzare i governi, a stimolare la classe dirigente, a riflettere e far riflettere proponendo modelli di pensiero diversi, alternativi e (anche) rivoluzionari. Lo faranno? E lo faranno senza farsi prendere la mano dal potere e dal successo che una politica balbettante e incompetente qualche volta gli consegna? Lo faranno i giuristi che stanno forzando la Carta costituzionale consigliando (o scrivendo) i decreti che il Presidente del consiglio ci presenta settimanalmente infarciti di divieti, di consigli \u201cobbligati\u201d , coattazioni e restringimenti delle libert\u00e0 personali? Lo faranno gli operatori dell\u2019informazione prima di elencarci \u201cacriticamente\u201d tali provvedimenti governativi?<\/p>\n<p>Ebbene, su tale questione sono invece piuttosto pessimista anche se io, nel mio piccolo mi impegner\u00f2. Sono pessimista se fior fiore di intellettuali del calibro di Archibugi, Bazzicalupo, Belvisi, Bonaga, Falcone, Ferrajoli, Gatta, Marramao, Revelli, Urbinati, Castellina e altre decine, in questi giorni hanno utilizzato con convinzione il loro tempo e il loro intelletto per ideare e firmare un appello in difesa&#8230; ( c\u2019\u00e8 da non crederci) del Presidente del Consiglio dei ministri Giuseppe Conte. Invitati a farlo, pensate un po\u2019, da un giornale di area progressista e di sinistra. Ecco, questa storia non mi fa essere per nulla ottimista anzi, mi ricorda il famoso ruolo dell\u2019 \u201cintellettuale organico\u201d di passata memoria trattato tanto tempo fa da Antonio Gramsci.<\/p>\n<p>Mai, nei tanti anni della mia vita almeno in Italia, mi era capitato di leggere un appello di intellettuali in favore di un capo di governo in carica. O meglio, questo \u00e8 successo negli anni \u201930 del secolo passato durante il ventennio fascista, succedeva nell\u2019Unione sovietica di Breznev, nella Cina di Mao e in tutti i regimi autoritari e le democrazie illiberali di oggi.<\/p>\n<p>Immagino i mal di pancia di altri uomini e donne, intellettuali diversi tra di loro ma che sono stati sempre onestamente \u201ccontro\u201d come Pier Paolo Pasolini, Alda Merini\u2026 ma anche Gian Maria Volont\u00e9, Montanelli, Moravia, Oriana Fallaci, Sciascia, Primo Levi, Pannella nel sentire una cosa del genere e mi chiedo se non siamo scivolati troppo in basso in termini di asservimento e di rinunzia al confronto, all\u2019elaborazione critica e, se questa fosse la situazione, come si fa a essere ottimisti.<\/p>\n<p>Poi per\u00f2, scorrendo il lungo elenco di firme, constato che all\u2019appello mancano i nomi di molti giovani studiosi, artisti, scienziati, scrittori emergenti e mi torna finalmente la fiducia, pensando che forse non tutto \u00e8 perduto e che \u201d il dopo\u201d potrebbe anche essere diverso da come lo avevo immaginato. E comunque non cos\u00ec buio come sembrava presagirsi.<\/p>\n","protected":false},"excerpt":{"rendered":"<p>Alcuni giorni fa ho proposto a vari organi d\u2019informazione un mio articolo sul dopo pandemia. Mi \u00e8 stato rifiutato e il miglior appellativo che mi sono beccato \u00e8 stato quello di essere troppo pessimista. Ebbene s\u00ec, lo ammetto, caratterialmente sono&hellip;<\/p>\n","protected":false},"author":1779,"featured_media":1101030,"comment_status":"closed","ping_status":"closed","sticky":false,"template":"","format":"standard","meta":{"footnotes":""},"categories":[56,47,162],"tags":[71543,19654],"class_list":["post-1101013","post","type-post","status-publish","format-standard","has-post-thumbnail","hentry","category-cultura","category-europa","category-opinioni","tag-covid-19","tag-intellettuali"],"yoast_head":"<!-- This site is optimized with the Yoast SEO plugin v27.1.1 - https:\/\/yoast.com\/product\/yoast-seo-wordpress\/ -->\n<title>Covid 19: rispunta il virus dell\u2019intellettuale organico<\/title>\n<meta name=\"description\" content=\"Alcuni giorni fa ho proposto a vari organi d\u2019informazione un mio articolo sul dopo pandemia. Mi \u00e8 stato rifiutato e il miglior appellativo che mi sono\" \/>\n<meta name=\"robots\" content=\"index, follow, max-snippet:-1, max-image-preview:large, max-video-preview:-1\" \/>\n<link rel=\"canonical\" href=\"https:\/\/www.pressenza.com\/it\/2020\/05\/covid-19-rispunta-il-virus-dellintellettuale-organico\/\" \/>\n<meta property=\"og:locale\" content=\"it_IT\" \/>\n<meta property=\"og:type\" content=\"article\" \/>\n<meta property=\"og:title\" content=\"Covid 19: rispunta il virus dell\u2019intellettuale organico\" \/>\n<meta property=\"og:description\" content=\"Alcuni giorni fa ho proposto a vari organi d\u2019informazione un mio articolo sul dopo pandemia. Mi \u00e8 stato rifiutato e il miglior appellativo che mi sono\" \/>\n<meta property=\"og:url\" content=\"https:\/\/www.pressenza.com\/it\/2020\/05\/covid-19-rispunta-il-virus-dellintellettuale-organico\/\" \/>\n<meta property=\"og:site_name\" content=\"Pressenza\" \/>\n<meta property=\"article:publisher\" content=\"https:\/\/www.facebook.com\/PressenzaItalia\" \/>\n<meta property=\"article:published_time\" content=\"2020-05-07T13:21:07+00:00\" \/>\n<meta property=\"article:modified_time\" content=\"2020-05-07T13:52:39+00:00\" \/>\n<meta property=\"og:image\" content=\"https:\/\/www.pressenza.com\/wp-content\/uploads\/2020\/05\/intellettuale-organico.jpg\" \/>\n\t<meta property=\"og:image:width\" content=\"770\" \/>\n\t<meta property=\"og:image:height\" content=\"462\" \/>\n\t<meta property=\"og:image:type\" content=\"image\/jpeg\" \/>\n<meta name=\"author\" content=\"Umberto Fausto Silvestri\" \/>\n<meta name=\"twitter:card\" content=\"summary_large_image\" \/>\n<meta name=\"twitter:creator\" content=\"@PressenzaIPA\" \/>\n<meta name=\"twitter:site\" content=\"@PressenzaIPA\" \/>\n<meta name=\"twitter:label1\" content=\"Scritto da\" \/>\n\t<meta name=\"twitter:data1\" content=\"Umberto Fausto Silvestri\" \/>\n\t<meta name=\"twitter:label2\" content=\"Tempo di lettura stimato\" \/>\n\t<meta name=\"twitter:data2\" content=\"4 minuti\" \/>\n<script type=\"application\/ld+json\" class=\"yoast-schema-graph\">{\"@context\":\"https:\/\/schema.org\",\"@graph\":[{\"@type\":\"Article\",\"@id\":\"https:\/\/www.pressenza.com\/it\/2020\/05\/covid-19-rispunta-il-virus-dellintellettuale-organico\/#article\",\"isPartOf\":{\"@id\":\"https:\/\/www.pressenza.com\/it\/2020\/05\/covid-19-rispunta-il-virus-dellintellettuale-organico\/\"},\"author\":{\"name\":\"Umberto Fausto Silvestri\",\"@id\":\"https:\/\/www.pressenza.com\/it\/#\/schema\/person\/7d5c54aeb52c19ec42a3f0a0f028d716\"},\"headline\":\"Covid 19: rispunta il virus dell\u2019intellettuale organico\",\"datePublished\":\"2020-05-07T13:21:07+00:00\",\"dateModified\":\"2020-05-07T13:52:39+00:00\",\"mainEntityOfPage\":{\"@id\":\"https:\/\/www.pressenza.com\/it\/2020\/05\/covid-19-rispunta-il-virus-dellintellettuale-organico\/\"},\"wordCount\":772,\"publisher\":{\"@id\":\"https:\/\/www.pressenza.com\/it\/#organization\"},\"image\":{\"@id\":\"https:\/\/www.pressenza.com\/it\/2020\/05\/covid-19-rispunta-il-virus-dellintellettuale-organico\/#primaryimage\"},\"thumbnailUrl\":\"https:\/\/www.pressenza.com\/wp-content\/uploads\/2020\/05\/intellettuale-organico.jpg\",\"keywords\":[\"COVID-19\",\"intellettuali\"],\"articleSection\":[\"Cultura e Media\",\"Europa\",\"Opinioni\"],\"inLanguage\":\"it-IT\"},{\"@type\":\"WebPage\",\"@id\":\"https:\/\/www.pressenza.com\/it\/2020\/05\/covid-19-rispunta-il-virus-dellintellettuale-organico\/\",\"url\":\"https:\/\/www.pressenza.com\/it\/2020\/05\/covid-19-rispunta-il-virus-dellintellettuale-organico\/\",\"name\":\"Covid 19: rispunta il virus dell\u2019intellettuale organico\",\"isPartOf\":{\"@id\":\"https:\/\/www.pressenza.com\/it\/#website\"},\"primaryImageOfPage\":{\"@id\":\"https:\/\/www.pressenza.com\/it\/2020\/05\/covid-19-rispunta-il-virus-dellintellettuale-organico\/#primaryimage\"},\"image\":{\"@id\":\"https:\/\/www.pressenza.com\/it\/2020\/05\/covid-19-rispunta-il-virus-dellintellettuale-organico\/#primaryimage\"},\"thumbnailUrl\":\"https:\/\/www.pressenza.com\/wp-content\/uploads\/2020\/05\/intellettuale-organico.jpg\",\"datePublished\":\"2020-05-07T13:21:07+00:00\",\"dateModified\":\"2020-05-07T13:52:39+00:00\",\"description\":\"Alcuni giorni fa ho proposto a vari organi d\u2019informazione un mio articolo sul dopo pandemia. Mi \u00e8 stato rifiutato e il miglior appellativo che mi sono\",\"breadcrumb\":{\"@id\":\"https:\/\/www.pressenza.com\/it\/2020\/05\/covid-19-rispunta-il-virus-dellintellettuale-organico\/#breadcrumb\"},\"inLanguage\":\"it-IT\",\"potentialAction\":[{\"@type\":\"ReadAction\",\"target\":[\"https:\/\/www.pressenza.com\/it\/2020\/05\/covid-19-rispunta-il-virus-dellintellettuale-organico\/\"]}]},{\"@type\":\"ImageObject\",\"inLanguage\":\"it-IT\",\"@id\":\"https:\/\/www.pressenza.com\/it\/2020\/05\/covid-19-rispunta-il-virus-dellintellettuale-organico\/#primaryimage\",\"url\":\"https:\/\/www.pressenza.com\/wp-content\/uploads\/2020\/05\/intellettuale-organico.jpg\",\"contentUrl\":\"https:\/\/www.pressenza.com\/wp-content\/uploads\/2020\/05\/intellettuale-organico.jpg\",\"width\":770,\"height\":462},{\"@type\":\"BreadcrumbList\",\"@id\":\"https:\/\/www.pressenza.com\/it\/2020\/05\/covid-19-rispunta-il-virus-dellintellettuale-organico\/#breadcrumb\",\"itemListElement\":[{\"@type\":\"ListItem\",\"position\":1,\"name\":\"Accueil\",\"item\":\"https:\/\/www.pressenza.com\/it\/\"},{\"@type\":\"ListItem\",\"position\":2,\"name\":\"Covid 19: rispunta il virus dell\u2019intellettuale organico\"}]},{\"@type\":\"WebSite\",\"@id\":\"https:\/\/www.pressenza.com\/it\/#website\",\"url\":\"https:\/\/www.pressenza.com\/it\/\",\"name\":\"Pressenza\",\"description\":\"Agenzia di Stampa Internazionale\",\"publisher\":{\"@id\":\"https:\/\/www.pressenza.com\/it\/#organization\"},\"potentialAction\":[{\"@type\":\"SearchAction\",\"target\":{\"@type\":\"EntryPoint\",\"urlTemplate\":\"https:\/\/www.pressenza.com\/it\/?s={search_term_string}\"},\"query-input\":{\"@type\":\"PropertyValueSpecification\",\"valueRequired\":true,\"valueName\":\"search_term_string\"}}],\"inLanguage\":\"it-IT\"},{\"@type\":\"Organization\",\"@id\":\"https:\/\/www.pressenza.com\/it\/#organization\",\"name\":\"Pressenza\",\"url\":\"https:\/\/www.pressenza.com\/it\/\",\"logo\":{\"@type\":\"ImageObject\",\"inLanguage\":\"it-IT\",\"@id\":\"https:\/\/www.pressenza.com\/it\/#\/schema\/logo\/image\/\",\"url\":\"https:\/\/www.pressenza.com\/wp-content\/uploads\/2022\/10\/pressenza_logo_200x200.jpg\",\"contentUrl\":\"https:\/\/www.pressenza.com\/wp-content\/uploads\/2022\/10\/pressenza_logo_200x200.jpg\",\"width\":200,\"height\":200,\"caption\":\"Pressenza\"},\"image\":{\"@id\":\"https:\/\/www.pressenza.com\/it\/#\/schema\/logo\/image\/\"},\"sameAs\":[\"https:\/\/www.facebook.com\/PressenzaItalia\",\"https:\/\/x.com\/PressenzaIPA\"]},{\"@type\":\"Person\",\"@id\":\"https:\/\/www.pressenza.com\/it\/#\/schema\/person\/7d5c54aeb52c19ec42a3f0a0f028d716\",\"name\":\"Umberto Fausto Silvestri\",\"description\":\"Giornalista, Scrittore, Manager sportivo. E' stato operaio, Funzionario pubblico, Sindacalista, Atleta, Dirigente di numerose associazioni sociali e sportive, Organizzatore di manifestazioni sportive di massa, Consigliere speciale Fao per i giovani. Attualmente \u00e8 il Delegato romano del Comitato Nazionale Fair Play.\",\"url\":\"https:\/\/www.pressenza.com\/it\/author\/umberto-silvestri\/\"}]}<\/script>\n<!-- \/ Yoast SEO plugin. -->","yoast_head_json":{"title":"Covid 19: rispunta il virus dell\u2019intellettuale organico","description":"Alcuni giorni fa ho proposto a vari organi d\u2019informazione un mio articolo sul dopo pandemia. Mi \u00e8 stato rifiutato e il miglior appellativo che mi sono","robots":{"index":"index","follow":"follow","max-snippet":"max-snippet:-1","max-image-preview":"max-image-preview:large","max-video-preview":"max-video-preview:-1"},"canonical":"https:\/\/www.pressenza.com\/it\/2020\/05\/covid-19-rispunta-il-virus-dellintellettuale-organico\/","og_locale":"it_IT","og_type":"article","og_title":"Covid 19: rispunta il virus dell\u2019intellettuale organico","og_description":"Alcuni giorni fa ho proposto a vari organi d\u2019informazione un mio articolo sul dopo pandemia. Mi \u00e8 stato rifiutato e il miglior appellativo che mi sono","og_url":"https:\/\/www.pressenza.com\/it\/2020\/05\/covid-19-rispunta-il-virus-dellintellettuale-organico\/","og_site_name":"Pressenza","article_publisher":"https:\/\/www.facebook.com\/PressenzaItalia","article_published_time":"2020-05-07T13:21:07+00:00","article_modified_time":"2020-05-07T13:52:39+00:00","og_image":[{"width":770,"height":462,"url":"https:\/\/www.pressenza.com\/wp-content\/uploads\/2020\/05\/intellettuale-organico.jpg","type":"image\/jpeg"}],"author":"Umberto Fausto Silvestri","twitter_card":"summary_large_image","twitter_creator":"@PressenzaIPA","twitter_site":"@PressenzaIPA","twitter_misc":{"Scritto da":"Umberto Fausto Silvestri","Tempo di lettura stimato":"4 minuti"},"schema":{"@context":"https:\/\/schema.org","@graph":[{"@type":"Article","@id":"https:\/\/www.pressenza.com\/it\/2020\/05\/covid-19-rispunta-il-virus-dellintellettuale-organico\/#article","isPartOf":{"@id":"https:\/\/www.pressenza.com\/it\/2020\/05\/covid-19-rispunta-il-virus-dellintellettuale-organico\/"},"author":{"name":"Umberto Fausto Silvestri","@id":"https:\/\/www.pressenza.com\/it\/#\/schema\/person\/7d5c54aeb52c19ec42a3f0a0f028d716"},"headline":"Covid 19: rispunta il virus dell\u2019intellettuale organico","datePublished":"2020-05-07T13:21:07+00:00","dateModified":"2020-05-07T13:52:39+00:00","mainEntityOfPage":{"@id":"https:\/\/www.pressenza.com\/it\/2020\/05\/covid-19-rispunta-il-virus-dellintellettuale-organico\/"},"wordCount":772,"publisher":{"@id":"https:\/\/www.pressenza.com\/it\/#organization"},"image":{"@id":"https:\/\/www.pressenza.com\/it\/2020\/05\/covid-19-rispunta-il-virus-dellintellettuale-organico\/#primaryimage"},"thumbnailUrl":"https:\/\/www.pressenza.com\/wp-content\/uploads\/2020\/05\/intellettuale-organico.jpg","keywords":["COVID-19","intellettuali"],"articleSection":["Cultura e Media","Europa","Opinioni"],"inLanguage":"it-IT"},{"@type":"WebPage","@id":"https:\/\/www.pressenza.com\/it\/2020\/05\/covid-19-rispunta-il-virus-dellintellettuale-organico\/","url":"https:\/\/www.pressenza.com\/it\/2020\/05\/covid-19-rispunta-il-virus-dellintellettuale-organico\/","name":"Covid 19: rispunta il virus dell\u2019intellettuale organico","isPartOf":{"@id":"https:\/\/www.pressenza.com\/it\/#website"},"primaryImageOfPage":{"@id":"https:\/\/www.pressenza.com\/it\/2020\/05\/covid-19-rispunta-il-virus-dellintellettuale-organico\/#primaryimage"},"image":{"@id":"https:\/\/www.pressenza.com\/it\/2020\/05\/covid-19-rispunta-il-virus-dellintellettuale-organico\/#primaryimage"},"thumbnailUrl":"https:\/\/www.pressenza.com\/wp-content\/uploads\/2020\/05\/intellettuale-organico.jpg","datePublished":"2020-05-07T13:21:07+00:00","dateModified":"2020-05-07T13:52:39+00:00","description":"Alcuni giorni fa ho proposto a vari organi d\u2019informazione un mio articolo sul dopo pandemia. Mi \u00e8 stato rifiutato e il miglior appellativo che mi sono","breadcrumb":{"@id":"https:\/\/www.pressenza.com\/it\/2020\/05\/covid-19-rispunta-il-virus-dellintellettuale-organico\/#breadcrumb"},"inLanguage":"it-IT","potentialAction":[{"@type":"ReadAction","target":["https:\/\/www.pressenza.com\/it\/2020\/05\/covid-19-rispunta-il-virus-dellintellettuale-organico\/"]}]},{"@type":"ImageObject","inLanguage":"it-IT","@id":"https:\/\/www.pressenza.com\/it\/2020\/05\/covid-19-rispunta-il-virus-dellintellettuale-organico\/#primaryimage","url":"https:\/\/www.pressenza.com\/wp-content\/uploads\/2020\/05\/intellettuale-organico.jpg","contentUrl":"https:\/\/www.pressenza.com\/wp-content\/uploads\/2020\/05\/intellettuale-organico.jpg","width":770,"height":462},{"@type":"BreadcrumbList","@id":"https:\/\/www.pressenza.com\/it\/2020\/05\/covid-19-rispunta-il-virus-dellintellettuale-organico\/#breadcrumb","itemListElement":[{"@type":"ListItem","position":1,"name":"Accueil","item":"https:\/\/www.pressenza.com\/it\/"},{"@type":"ListItem","position":2,"name":"Covid 19: rispunta il virus dell\u2019intellettuale organico"}]},{"@type":"WebSite","@id":"https:\/\/www.pressenza.com\/it\/#website","url":"https:\/\/www.pressenza.com\/it\/","name":"Pressenza","description":"Agenzia di Stampa Internazionale","publisher":{"@id":"https:\/\/www.pressenza.com\/it\/#organization"},"potentialAction":[{"@type":"SearchAction","target":{"@type":"EntryPoint","urlTemplate":"https:\/\/www.pressenza.com\/it\/?s={search_term_string}"},"query-input":{"@type":"PropertyValueSpecification","valueRequired":true,"valueName":"search_term_string"}}],"inLanguage":"it-IT"},{"@type":"Organization","@id":"https:\/\/www.pressenza.com\/it\/#organization","name":"Pressenza","url":"https:\/\/www.pressenza.com\/it\/","logo":{"@type":"ImageObject","inLanguage":"it-IT","@id":"https:\/\/www.pressenza.com\/it\/#\/schema\/logo\/image\/","url":"https:\/\/www.pressenza.com\/wp-content\/uploads\/2022\/10\/pressenza_logo_200x200.jpg","contentUrl":"https:\/\/www.pressenza.com\/wp-content\/uploads\/2022\/10\/pressenza_logo_200x200.jpg","width":200,"height":200,"caption":"Pressenza"},"image":{"@id":"https:\/\/www.pressenza.com\/it\/#\/schema\/logo\/image\/"},"sameAs":["https:\/\/www.facebook.com\/PressenzaItalia","https:\/\/x.com\/PressenzaIPA"]},{"@type":"Person","@id":"https:\/\/www.pressenza.com\/it\/#\/schema\/person\/7d5c54aeb52c19ec42a3f0a0f028d716","name":"Umberto Fausto Silvestri","description":"Giornalista, Scrittore, Manager sportivo. E' stato operaio, Funzionario pubblico, Sindacalista, Atleta, Dirigente di numerose associazioni sociali e sportive, Organizzatore di manifestazioni sportive di massa, Consigliere speciale Fao per i giovani. Attualmente \u00e8 il Delegato romano del Comitato Nazionale Fair Play.","url":"https:\/\/www.pressenza.com\/it\/author\/umberto-silvestri\/"}]}},"place":"","original_article_url":"","_links":{"self":[{"href":"https:\/\/www.pressenza.com\/it\/wp-json\/wp\/v2\/posts\/1101013","targetHints":{"allow":["GET"]}}],"collection":[{"href":"https:\/\/www.pressenza.com\/it\/wp-json\/wp\/v2\/posts"}],"about":[{"href":"https:\/\/www.pressenza.com\/it\/wp-json\/wp\/v2\/types\/post"}],"author":[{"embeddable":true,"href":"https:\/\/www.pressenza.com\/it\/wp-json\/wp\/v2\/users\/1779"}],"replies":[{"embeddable":true,"href":"https:\/\/www.pressenza.com\/it\/wp-json\/wp\/v2\/comments?post=1101013"}],"version-history":[{"count":0,"href":"https:\/\/www.pressenza.com\/it\/wp-json\/wp\/v2\/posts\/1101013\/revisions"}],"wp:featuredmedia":[{"embeddable":true,"href":"https:\/\/www.pressenza.com\/it\/wp-json\/wp\/v2\/media\/1101030"}],"wp:attachment":[{"href":"https:\/\/www.pressenza.com\/it\/wp-json\/wp\/v2\/media?parent=1101013"}],"wp:term":[{"taxonomy":"category","embeddable":true,"href":"https:\/\/www.pressenza.com\/it\/wp-json\/wp\/v2\/categories?post=1101013"},{"taxonomy":"post_tag","embeddable":true,"href":"https:\/\/www.pressenza.com\/it\/wp-json\/wp\/v2\/tags?post=1101013"}],"curies":[{"name":"wp","href":"https:\/\/api.w.org\/{rel}","templated":true}]}}