{"id":1100901,"date":"2020-05-07T13:08:23","date_gmt":"2020-05-07T12:08:23","guid":{"rendered":"https:\/\/www.pressenza.com\/?p=1100901"},"modified":"2020-05-07T13:10:28","modified_gmt":"2020-05-07T12:10:28","slug":"pressenza-italia-arriva-su-instagram","status":"publish","type":"post","link":"https:\/\/www.pressenza.com\/it\/2020\/05\/pressenza-italia-arriva-su-instagram\/","title":{"rendered":"Pressenza Italia arriva su Instagram"},"content":{"rendered":"<p>\u00c8 nata da poco la nuova pagina Instagram della redazione italiana di Pressenza.<\/p>\n<p>Lo scopo \u00e8 quello di far avvicinare anche un pubblico pi\u00f9 giovane ai temi che ci sono cari, tra cui i diritti umani, la nonviolenza e il cambiamento climatico, tutto in un\u2019ottica umanista.<\/p>\n<p>Sulla pagina verranno ripostati gli articoli che pi\u00f9 possono interessare ai giovani, ma anche contenuti e rubriche originali, tra cui una sulle resistenze e le proteste in tutto il mondo, una sui 17 obiettivi per lo sviluppo sostenibile etc.<\/p>\n<p>Essendo su Instagram, tutti i contenuti privilegeranno la parte grafica, senza per\u00f2 mai dimenticare il contenuto e soprattutto il messaggio.<\/p>\n<p>Se vuoi darci una mano e rimanere aggiornato, seguici su @pressenza_italia!<\/p>\n<p>Andrea, Alice, Benedetta, Raffaella, Sofia<\/p>\n<p>&nbsp;<\/p>\n","protected":false},"excerpt":{"rendered":"<p>\u00c8 nata da poco la nuova pagina Instagram della redazione italiana di Pressenza. Lo scopo \u00e8 quello di far avvicinare anche un pubblico pi\u00f9 giovane ai temi che ci sono cari, tra cui i diritti umani, la nonviolenza e il&hellip;<\/p>\n","protected":false},"author":594,"featured_media":1100904,"comment_status":"closed","ping_status":"closed","sticky":false,"template":"","format":"standard","meta":{"footnotes":""},"categories":[11388,56,46975],"tags":[75166,22801],"class_list":["post-1100901","post","type-post","status-publish","format-standard","has-post-thumbnail","hentry","category-contenuti-originali","category-cultura","category-giovani","tag-instagram-it","tag-pressenza-italia"],"yoast_head":"<!-- This site is optimized with the Yoast SEO plugin v27.1.1 - https:\/\/yoast.com\/product\/yoast-seo-wordpress\/ -->\n<title>Pressenza Italia arriva su Instagram<\/title>\n<meta name=\"description\" content=\"\u00c8 nata da poco la nuova pagina Instagram della redazione italiana di Pressenza. Lo scopo \u00e8 quello di far avvicinare anche un pubblico pi\u00f9 giovane ai temi\" \/>\n<meta name=\"robots\" content=\"index, follow, max-snippet:-1, max-image-preview:large, max-video-preview:-1\" \/>\n<link rel=\"canonical\" href=\"https:\/\/www.pressenza.com\/it\/2020\/05\/pressenza-italia-arriva-su-instagram\/\" \/>\n<meta property=\"og:locale\" content=\"it_IT\" \/>\n<meta property=\"og:type\" content=\"article\" \/>\n<meta property=\"og:title\" content=\"Pressenza Italia arriva su Instagram\" \/>\n<meta property=\"og:description\" content=\"\u00c8 nata da poco la nuova pagina Instagram della redazione italiana di Pressenza. Lo scopo \u00e8 quello di far avvicinare anche un pubblico pi\u00f9 giovane ai temi\" \/>\n<meta property=\"og:url\" content=\"https:\/\/www.pressenza.com\/it\/2020\/05\/pressenza-italia-arriva-su-instagram\/\" \/>\n<meta property=\"og:site_name\" content=\"Pressenza\" \/>\n<meta property=\"article:publisher\" content=\"https:\/\/www.facebook.com\/PressenzaItalia\" \/>\n<meta property=\"article:author\" content=\"https:\/\/www.facebook.com\/PressenzaItalia\" \/>\n<meta property=\"article:published_time\" content=\"2020-05-07T12:08:23+00:00\" \/>\n<meta property=\"article:modified_time\" content=\"2020-05-07T12:10:28+00:00\" \/>\n<meta property=\"og:image\" content=\"https:\/\/www.pressenza.com\/wp-content\/uploads\/2020\/05\/Instagram.jpg\" \/>\n\t<meta property=\"og:image:width\" content=\"1706\" \/>\n\t<meta property=\"og:image:height\" content=\"960\" \/>\n\t<meta property=\"og:image:type\" content=\"image\/jpeg\" \/>\n<meta name=\"author\" content=\"Redazione Italia\" \/>\n<meta name=\"twitter:card\" content=\"summary_large_image\" \/>\n<meta name=\"twitter:creator\" content=\"@pressenza_it\" \/>\n<meta name=\"twitter:site\" content=\"@PressenzaIPA\" \/>\n<meta name=\"twitter:label1\" content=\"Scritto da\" \/>\n\t<meta name=\"twitter:data1\" content=\"Redazione Italia\" \/>\n\t<meta name=\"twitter:label2\" content=\"Tempo di lettura stimato\" \/>\n\t<meta name=\"twitter:data2\" content=\"1 minuto\" \/>\n<script type=\"application\/ld+json\" class=\"yoast-schema-graph\">{\"@context\":\"https:\/\/schema.org\",\"@graph\":[{\"@type\":\"Article\",\"@id\":\"https:\/\/www.pressenza.com\/it\/2020\/05\/pressenza-italia-arriva-su-instagram\/#article\",\"isPartOf\":{\"@id\":\"https:\/\/www.pressenza.com\/it\/2020\/05\/pressenza-italia-arriva-su-instagram\/\"},\"author\":{\"name\":\"Redazione Italia\",\"@id\":\"https:\/\/www.pressenza.com\/it\/#\/schema\/person\/d983e81827ae24f2c7b1a2123d197f8d\"},\"headline\":\"Pressenza Italia arriva su Instagram\",\"datePublished\":\"2020-05-07T12:08:23+00:00\",\"dateModified\":\"2020-05-07T12:10:28+00:00\",\"mainEntityOfPage\":{\"@id\":\"https:\/\/www.pressenza.com\/it\/2020\/05\/pressenza-italia-arriva-su-instagram\/\"},\"wordCount\":126,\"publisher\":{\"@id\":\"https:\/\/www.pressenza.com\/it\/#organization\"},\"image\":{\"@id\":\"https:\/\/www.pressenza.com\/it\/2020\/05\/pressenza-italia-arriva-su-instagram\/#primaryimage\"},\"thumbnailUrl\":\"https:\/\/www.pressenza.com\/wp-content\/uploads\/2020\/05\/Instagram.jpg\",\"keywords\":[\"instagram\",\"Pressenza Italia\"],\"articleSection\":[\"contenuti originali\",\"Cultura e Media\",\"Giovani\"],\"inLanguage\":\"it-IT\"},{\"@type\":\"WebPage\",\"@id\":\"https:\/\/www.pressenza.com\/it\/2020\/05\/pressenza-italia-arriva-su-instagram\/\",\"url\":\"https:\/\/www.pressenza.com\/it\/2020\/05\/pressenza-italia-arriva-su-instagram\/\",\"name\":\"Pressenza Italia arriva su Instagram\",\"isPartOf\":{\"@id\":\"https:\/\/www.pressenza.com\/it\/#website\"},\"primaryImageOfPage\":{\"@id\":\"https:\/\/www.pressenza.com\/it\/2020\/05\/pressenza-italia-arriva-su-instagram\/#primaryimage\"},\"image\":{\"@id\":\"https:\/\/www.pressenza.com\/it\/2020\/05\/pressenza-italia-arriva-su-instagram\/#primaryimage\"},\"thumbnailUrl\":\"https:\/\/www.pressenza.com\/wp-content\/uploads\/2020\/05\/Instagram.jpg\",\"datePublished\":\"2020-05-07T12:08:23+00:00\",\"dateModified\":\"2020-05-07T12:10:28+00:00\",\"description\":\"\u00c8 nata da poco la nuova pagina Instagram della redazione italiana di Pressenza. Lo scopo \u00e8 quello di far avvicinare anche un pubblico pi\u00f9 giovane ai temi\",\"breadcrumb\":{\"@id\":\"https:\/\/www.pressenza.com\/it\/2020\/05\/pressenza-italia-arriva-su-instagram\/#breadcrumb\"},\"inLanguage\":\"it-IT\",\"potentialAction\":[{\"@type\":\"ReadAction\",\"target\":[\"https:\/\/www.pressenza.com\/it\/2020\/05\/pressenza-italia-arriva-su-instagram\/\"]}]},{\"@type\":\"ImageObject\",\"inLanguage\":\"it-IT\",\"@id\":\"https:\/\/www.pressenza.com\/it\/2020\/05\/pressenza-italia-arriva-su-instagram\/#primaryimage\",\"url\":\"https:\/\/www.pressenza.com\/wp-content\/uploads\/2020\/05\/Instagram.jpg\",\"contentUrl\":\"https:\/\/www.pressenza.com\/wp-content\/uploads\/2020\/05\/Instagram.jpg\",\"width\":1706,\"height\":960},{\"@type\":\"BreadcrumbList\",\"@id\":\"https:\/\/www.pressenza.com\/it\/2020\/05\/pressenza-italia-arriva-su-instagram\/#breadcrumb\",\"itemListElement\":[{\"@type\":\"ListItem\",\"position\":1,\"name\":\"Accueil\",\"item\":\"https:\/\/www.pressenza.com\/it\/\"},{\"@type\":\"ListItem\",\"position\":2,\"name\":\"Pressenza Italia arriva su Instagram\"}]},{\"@type\":\"WebSite\",\"@id\":\"https:\/\/www.pressenza.com\/it\/#website\",\"url\":\"https:\/\/www.pressenza.com\/it\/\",\"name\":\"Pressenza\",\"description\":\"Agenzia di Stampa Internazionale\",\"publisher\":{\"@id\":\"https:\/\/www.pressenza.com\/it\/#organization\"},\"potentialAction\":[{\"@type\":\"SearchAction\",\"target\":{\"@type\":\"EntryPoint\",\"urlTemplate\":\"https:\/\/www.pressenza.com\/it\/?s={search_term_string}\"},\"query-input\":{\"@type\":\"PropertyValueSpecification\",\"valueRequired\":true,\"valueName\":\"search_term_string\"}}],\"inLanguage\":\"it-IT\"},{\"@type\":\"Organization\",\"@id\":\"https:\/\/www.pressenza.com\/it\/#organization\",\"name\":\"Pressenza\",\"url\":\"https:\/\/www.pressenza.com\/it\/\",\"logo\":{\"@type\":\"ImageObject\",\"inLanguage\":\"it-IT\",\"@id\":\"https:\/\/www.pressenza.com\/it\/#\/schema\/logo\/image\/\",\"url\":\"https:\/\/www.pressenza.com\/wp-content\/uploads\/2022\/10\/pressenza_logo_200x200.jpg\",\"contentUrl\":\"https:\/\/www.pressenza.com\/wp-content\/uploads\/2022\/10\/pressenza_logo_200x200.jpg\",\"width\":200,\"height\":200,\"caption\":\"Pressenza\"},\"image\":{\"@id\":\"https:\/\/www.pressenza.com\/it\/#\/schema\/logo\/image\/\"},\"sameAs\":[\"https:\/\/www.facebook.com\/PressenzaItalia\",\"https:\/\/x.com\/PressenzaIPA\"]},{\"@type\":\"Person\",\"@id\":\"https:\/\/www.pressenza.com\/it\/#\/schema\/person\/d983e81827ae24f2c7b1a2123d197f8d\",\"name\":\"Redazione Italia\",\"description\":\"News from the Pressenza Bureau in Italy\",\"sameAs\":[\"https:\/\/www.pressenza.com\/it\/author\/redazione-italia\/\",\"https:\/\/www.facebook.com\/PressenzaItalia\",\"https:\/\/www.instagram.com\/pressenza_italia\/\",\"https:\/\/x.com\/pressenza_it\",\"https:\/\/www.youtube.com\/channel\/UCSalEIWjE1RSxkwjfftFuqg\"],\"url\":\"https:\/\/www.pressenza.com\/it\/author\/redazione-italia\/\"}]}<\/script>\n<!-- \/ Yoast SEO plugin. -->","yoast_head_json":{"title":"Pressenza Italia arriva su Instagram","description":"\u00c8 nata da poco la nuova pagina Instagram della redazione italiana di Pressenza. Lo scopo \u00e8 quello di far avvicinare anche un pubblico pi\u00f9 giovane ai temi","robots":{"index":"index","follow":"follow","max-snippet":"max-snippet:-1","max-image-preview":"max-image-preview:large","max-video-preview":"max-video-preview:-1"},"canonical":"https:\/\/www.pressenza.com\/it\/2020\/05\/pressenza-italia-arriva-su-instagram\/","og_locale":"it_IT","og_type":"article","og_title":"Pressenza Italia arriva su Instagram","og_description":"\u00c8 nata da poco la nuova pagina Instagram della redazione italiana di Pressenza. Lo scopo \u00e8 quello di far avvicinare anche un pubblico pi\u00f9 giovane ai temi","og_url":"https:\/\/www.pressenza.com\/it\/2020\/05\/pressenza-italia-arriva-su-instagram\/","og_site_name":"Pressenza","article_publisher":"https:\/\/www.facebook.com\/PressenzaItalia","article_author":"https:\/\/www.facebook.com\/PressenzaItalia","article_published_time":"2020-05-07T12:08:23+00:00","article_modified_time":"2020-05-07T12:10:28+00:00","og_image":[{"width":1706,"height":960,"url":"https:\/\/www.pressenza.com\/wp-content\/uploads\/2020\/05\/Instagram.jpg","type":"image\/jpeg"}],"author":"Redazione Italia","twitter_card":"summary_large_image","twitter_creator":"@pressenza_it","twitter_site":"@PressenzaIPA","twitter_misc":{"Scritto da":"Redazione Italia","Tempo di lettura stimato":"1 minuto"},"schema":{"@context":"https:\/\/schema.org","@graph":[{"@type":"Article","@id":"https:\/\/www.pressenza.com\/it\/2020\/05\/pressenza-italia-arriva-su-instagram\/#article","isPartOf":{"@id":"https:\/\/www.pressenza.com\/it\/2020\/05\/pressenza-italia-arriva-su-instagram\/"},"author":{"name":"Redazione Italia","@id":"https:\/\/www.pressenza.com\/it\/#\/schema\/person\/d983e81827ae24f2c7b1a2123d197f8d"},"headline":"Pressenza Italia arriva su Instagram","datePublished":"2020-05-07T12:08:23+00:00","dateModified":"2020-05-07T12:10:28+00:00","mainEntityOfPage":{"@id":"https:\/\/www.pressenza.com\/it\/2020\/05\/pressenza-italia-arriva-su-instagram\/"},"wordCount":126,"publisher":{"@id":"https:\/\/www.pressenza.com\/it\/#organization"},"image":{"@id":"https:\/\/www.pressenza.com\/it\/2020\/05\/pressenza-italia-arriva-su-instagram\/#primaryimage"},"thumbnailUrl":"https:\/\/www.pressenza.com\/wp-content\/uploads\/2020\/05\/Instagram.jpg","keywords":["instagram","Pressenza Italia"],"articleSection":["contenuti originali","Cultura e Media","Giovani"],"inLanguage":"it-IT"},{"@type":"WebPage","@id":"https:\/\/www.pressenza.com\/it\/2020\/05\/pressenza-italia-arriva-su-instagram\/","url":"https:\/\/www.pressenza.com\/it\/2020\/05\/pressenza-italia-arriva-su-instagram\/","name":"Pressenza Italia arriva su Instagram","isPartOf":{"@id":"https:\/\/www.pressenza.com\/it\/#website"},"primaryImageOfPage":{"@id":"https:\/\/www.pressenza.com\/it\/2020\/05\/pressenza-italia-arriva-su-instagram\/#primaryimage"},"image":{"@id":"https:\/\/www.pressenza.com\/it\/2020\/05\/pressenza-italia-arriva-su-instagram\/#primaryimage"},"thumbnailUrl":"https:\/\/www.pressenza.com\/wp-content\/uploads\/2020\/05\/Instagram.jpg","datePublished":"2020-05-07T12:08:23+00:00","dateModified":"2020-05-07T12:10:28+00:00","description":"\u00c8 nata da poco la nuova pagina Instagram della redazione italiana di Pressenza. Lo scopo \u00e8 quello di far avvicinare anche un pubblico pi\u00f9 giovane ai temi","breadcrumb":{"@id":"https:\/\/www.pressenza.com\/it\/2020\/05\/pressenza-italia-arriva-su-instagram\/#breadcrumb"},"inLanguage":"it-IT","potentialAction":[{"@type":"ReadAction","target":["https:\/\/www.pressenza.com\/it\/2020\/05\/pressenza-italia-arriva-su-instagram\/"]}]},{"@type":"ImageObject","inLanguage":"it-IT","@id":"https:\/\/www.pressenza.com\/it\/2020\/05\/pressenza-italia-arriva-su-instagram\/#primaryimage","url":"https:\/\/www.pressenza.com\/wp-content\/uploads\/2020\/05\/Instagram.jpg","contentUrl":"https:\/\/www.pressenza.com\/wp-content\/uploads\/2020\/05\/Instagram.jpg","width":1706,"height":960},{"@type":"BreadcrumbList","@id":"https:\/\/www.pressenza.com\/it\/2020\/05\/pressenza-italia-arriva-su-instagram\/#breadcrumb","itemListElement":[{"@type":"ListItem","position":1,"name":"Accueil","item":"https:\/\/www.pressenza.com\/it\/"},{"@type":"ListItem","position":2,"name":"Pressenza Italia arriva su Instagram"}]},{"@type":"WebSite","@id":"https:\/\/www.pressenza.com\/it\/#website","url":"https:\/\/www.pressenza.com\/it\/","name":"Pressenza","description":"Agenzia di Stampa Internazionale","publisher":{"@id":"https:\/\/www.pressenza.com\/it\/#organization"},"potentialAction":[{"@type":"SearchAction","target":{"@type":"EntryPoint","urlTemplate":"https:\/\/www.pressenza.com\/it\/?s={search_term_string}"},"query-input":{"@type":"PropertyValueSpecification","valueRequired":true,"valueName":"search_term_string"}}],"inLanguage":"it-IT"},{"@type":"Organization","@id":"https:\/\/www.pressenza.com\/it\/#organization","name":"Pressenza","url":"https:\/\/www.pressenza.com\/it\/","logo":{"@type":"ImageObject","inLanguage":"it-IT","@id":"https:\/\/www.pressenza.com\/it\/#\/schema\/logo\/image\/","url":"https:\/\/www.pressenza.com\/wp-content\/uploads\/2022\/10\/pressenza_logo_200x200.jpg","contentUrl":"https:\/\/www.pressenza.com\/wp-content\/uploads\/2022\/10\/pressenza_logo_200x200.jpg","width":200,"height":200,"caption":"Pressenza"},"image":{"@id":"https:\/\/www.pressenza.com\/it\/#\/schema\/logo\/image\/"},"sameAs":["https:\/\/www.facebook.com\/PressenzaItalia","https:\/\/x.com\/PressenzaIPA"]},{"@type":"Person","@id":"https:\/\/www.pressenza.com\/it\/#\/schema\/person\/d983e81827ae24f2c7b1a2123d197f8d","name":"Redazione Italia","description":"News from the Pressenza Bureau in Italy","sameAs":["https:\/\/www.pressenza.com\/it\/author\/redazione-italia\/","https:\/\/www.facebook.com\/PressenzaItalia","https:\/\/www.instagram.com\/pressenza_italia\/","https:\/\/x.com\/pressenza_it","https:\/\/www.youtube.com\/channel\/UCSalEIWjE1RSxkwjfftFuqg"],"url":"https:\/\/www.pressenza.com\/it\/author\/redazione-italia\/"}]}},"place":"","original_article_url":"","_links":{"self":[{"href":"https:\/\/www.pressenza.com\/it\/wp-json\/wp\/v2\/posts\/1100901","targetHints":{"allow":["GET"]}}],"collection":[{"href":"https:\/\/www.pressenza.com\/it\/wp-json\/wp\/v2\/posts"}],"about":[{"href":"https:\/\/www.pressenza.com\/it\/wp-json\/wp\/v2\/types\/post"}],"author":[{"embeddable":true,"href":"https:\/\/www.pressenza.com\/it\/wp-json\/wp\/v2\/users\/594"}],"replies":[{"embeddable":true,"href":"https:\/\/www.pressenza.com\/it\/wp-json\/wp\/v2\/comments?post=1100901"}],"version-history":[{"count":0,"href":"https:\/\/www.pressenza.com\/it\/wp-json\/wp\/v2\/posts\/1100901\/revisions"}],"wp:featuredmedia":[{"embeddable":true,"href":"https:\/\/www.pressenza.com\/it\/wp-json\/wp\/v2\/media\/1100904"}],"wp:attachment":[{"href":"https:\/\/www.pressenza.com\/it\/wp-json\/wp\/v2\/media?parent=1100901"}],"wp:term":[{"taxonomy":"category","embeddable":true,"href":"https:\/\/www.pressenza.com\/it\/wp-json\/wp\/v2\/categories?post=1100901"},{"taxonomy":"post_tag","embeddable":true,"href":"https:\/\/www.pressenza.com\/it\/wp-json\/wp\/v2\/tags?post=1100901"}],"curies":[{"name":"wp","href":"https:\/\/api.w.org\/{rel}","templated":true}]}}