{"id":1094080,"date":"2020-04-28T15:36:44","date_gmt":"2020-04-28T14:36:44","guid":{"rendered":"https:\/\/www.pressenza.com\/?p=1094080"},"modified":"2020-04-28T15:39:44","modified_gmt":"2020-04-28T14:39:44","slug":"emergenza-coronavirus-cosi-migranti-e-italiani-si-aiutano-tra-loro","status":"publish","type":"post","link":"https:\/\/www.pressenza.com\/it\/2020\/04\/emergenza-coronavirus-cosi-migranti-e-italiani-si-aiutano-tra-loro\/","title":{"rendered":"Emergenza Coronavirus, cos\u00ec migranti e italiani si aiutano tra loro"},"content":{"rendered":"<p style=\"margin: 0cm; margin-bottom: .0001pt; background: white;\"><b><span style=\"font-size: 11.0pt; font-family: 'Calibri','sans-serif'; color: black;\">Il minimo comune denominatore \u00e8 uno: la solidariet\u00e0<\/span><\/b><span style=\"font-size: 11.0pt; font-family: 'Calibri','sans-serif'; color: black;\">.\u00a0<b>Ancora pi\u00f9 preziosa se si pensa che arriva da stranieri e italiani che, nell\u2019<a style=\"outline: none;\" href=\"https:\/\/www.unimondo.org\/Guide\/Sviluppo\/Emergenze\" target=\"_blank\" rel=\"noopener noreferrer\"><span style=\"color: #095fb9; text-decoration: none; text-underline: none;\">emergenza<\/span><\/a>, si aiutano gli uni con gli altri.<\/b> Piccoli gesti ma che sono come non mai importanti, se si pensa che arrivano da contesti particolarmente vulnerabili. Si porta cibo, medicine e beni di prima necessit\u00e0 ad <a style=\"outline: none;\" href=\"https:\/\/www.unimondo.org\/Guide\/Diritti-umani\/Anziani\" target=\"_blank\" rel=\"noopener noreferrer\"><span style=\"color: #095fb9; text-decoration: none; text-underline: none;\">anziani<\/span><\/a>\u00a0e immunodepressi che proprio non possono uscire. E si aiutano i senzatetto, di qualunque nazionalit\u00e0 siano. Ma anche si condividono le informazioni con chi non capisce la lingua e ha meno accesso a cure e servizi.\u00a0<\/span><\/p>\n<p style=\"margin: 0cm; margin-bottom: .0001pt; background: white; font-variant-ligatures: normal; font-variant-caps: normal; orphans: 2; widows: 2; -webkit-text-stroke-width: 0px; text-decoration-style: initial; text-decoration-color: initial; word-spacing: 0px;\"><b><span style=\"font-size: 11.0pt; font-family: 'Calibri','sans-serif'; color: black;\">\u00a0<\/span><\/b><\/p>\n<p style=\"margin: 0cm; margin-bottom: .0001pt; background: white;\"><b><span style=\"font-size: 11.0pt; font-family: 'Calibri','sans-serif'; color: black;\">Da nord a sud sono tante le realt\u00e0 che in questi anni hanno lanciato le loro attivit\u00e0 grazie al progetto PartecipAzione di Intersos e Unhcr, l\u2019Alto commissariato delle Nazioni Unite per i rifugiati.<\/span><\/b><span style=\"font-size: 11.0pt; font-family: 'Calibri','sans-serif'; color: black;\">\u00a0A Torino l\u2019associazione di\u00a0<a style=\"outline: none;\" href=\"https:\/\/www.unimondo.org\/Guide\/Diritti-umani\/Rifugiati\" target=\"_blank\" rel=\"noopener noreferrer\"><span style=\"color: #095fb9; text-decoration: none; text-underline: none;\">rifugiati<\/span><\/a>\u00a0Mosaico, fondata nel 2006, consegna cibo, pannolini, detergenti e beni di prima necessit\u00e0 alle persone che vivono negli edifici occupati. Nel mentre i volontari stanno collaborando con il Comune per trovare soluzioni per coloro che passano la notte nei dormitori ma poi la mattina non sanno dove andare visto che tutte le strutture sono chiuse per l\u2019emergenza. In questi giorni &#8211; racconta il presidente Berthin Nzonza \u2013 gli operatori dell\u2019associazione, nell\u2019ambito del progetto Oasi on the street, stanno monitorando le strade della citt\u00e0 e le stazioni, stanno cercando di capire cosa succede negli edifici occupati, quali sono i bisogni di chi vive l\u00ec e anche di chi passa la notte nei dormitori ma al mattino si ritrova in strada. Con le restrizioni previste dai decreti -spiega Nzonza &#8211; le mense, le case di quartiere, le biblioteche e tutti gli spazi diurni di aggregazione sono chiusi. E in tanti restano per strada tutto il giorno senza la possibilit\u00e0 di proteggersi da un eventuale contagio.\u00a0<\/span><\/p>\n<p style=\"margin: 0cm; margin-bottom: .0001pt; background: white; font-variant-ligatures: normal; font-variant-caps: normal; orphans: 2; widows: 2; -webkit-text-stroke-width: 0px; text-decoration-style: initial; text-decoration-color: initial; word-spacing: 0px;\"><span style=\"font-size: 11.0pt; font-family: 'Calibri','sans-serif'; color: black;\">\u00a0<\/span><\/p>\n<p style=\"margin: 0cm; margin-bottom: .0001pt; background: white;\"><span style=\"font-size: 11.0pt; font-family: 'Calibri','sans-serif'; color: black;\">Ma qualcosa si sta muovendo nel verso giusto: l\u2019associazione Mosaico \u00e8 stata invitata al tavolo convocato dall\u2019assessorato dei Diritti e delle Pari Opportunit\u00e0 del Comune di Torino, insieme ai responsabili dell\u2019ufficio stranieri e dei servizi sociali, e qui ha presentato le sue proposte: portare cibo e kit igienici negli insediamenti informali della citt\u00e0 e intervenire, dove necessario, con assistenza sanitaria attraverso i medici della rete GrIs (Gruppi Immigrazione e Salute).\u00a0<\/span><\/p>\n<p style=\"margin: 0cm; margin-bottom: .0001pt; background: white; font-variant-ligatures: normal; font-variant-caps: normal; orphans: 2; widows: 2; -webkit-text-stroke-width: 0px; text-decoration-style: initial; text-decoration-color: initial; word-spacing: 0px;\"><b><span style=\"font-size: 11.0pt; font-family: 'Calibri','sans-serif'; color: black;\">\u00a0<\/span><\/b><\/p>\n<p style=\"margin: 0cm; margin-bottom: .0001pt; background: white;\"><b><span style=\"font-size: 11.0pt; font-family: 'Calibri','sans-serif'; color: black;\">L\u2019associazione Irpinia Altruista, composta anche da ragazzi rifugiati, consegna spesa e medicinali alle persone in difficolt\u00e0<\/span><\/b><span style=\"font-size: 11.0pt; font-family: 'Calibri','sans-serif'; color: black;\">: anziani, immunodepressi, gente che non ha i mezzi per raggiungere gli unici negozi aperti. E serve i pasti della mensa ai senzatetto. I volontari collaborano con il Comune di Avellino e hanno attivato un centralino. I viveri in alcuni casi vengono acquistati dalle persone che richiedono il servizio in quanto sono soggetti a rischio o senza mezzi di trasporto per raggiungere i pochi negozi aperti, oppure sono pasti e beni di prima necessit\u00e0 destinati dal Comune a chi ha bisogno e non pu\u00f2 usufruire della mensa dei\u00a0<a style=\"outline: none;\" href=\"https:\/\/www.unimondo.org\/Guide\/Sviluppo\/Poverta\" target=\"_blank\" rel=\"noopener noreferrer\"><span style=\"color: #095fb9; text-decoration: none; text-underline: none;\">pover<\/span><\/a>i chiusa in questo periodo. A gestire il centralino (numero: 0825 78 46 31) che raccoglie le richieste dei\u00a0<a style=\"outline: none;\" href=\"https:\/\/www.unimondo.org\/Guide\/Politica\/Cittadinanza\" target=\"_blank\" rel=\"noopener noreferrer\"><span style=\"color: #095fb9; text-decoration: none; text-underline: none;\">cittadini<\/span><\/a>\u00a0\u00e8 sempre l\u2019amministrazione comunale, attraverso Misericordia, un servizio del 118.\u00a0<\/span><\/p>\n<p style=\"margin: 0cm; margin-bottom: .0001pt; background: white; font-variant-ligatures: normal; font-variant-caps: normal; orphans: 2; widows: 2; -webkit-text-stroke-width: 0px; text-decoration-style: initial; text-decoration-color: initial; word-spacing: 0px;\"><b><span style=\"font-size: 11.0pt; font-family: 'Calibri','sans-serif'; color: black;\">\u00a0<\/span><\/b><\/p>\n<p style=\"margin: 0cm; margin-bottom: .0001pt; background: white;\"><b><span style=\"font-size: 11.0pt; font-family: 'Calibri','sans-serif'; color: black;\">E se importante \u00e8 l\u2019aiuto pratico altrettanto utile \u00e8 la condivisione di informazioni a Castel Volturno, dove spiccano i Kalifoo ground, gruppo musicale di rifugiati che, oltre a distribuire spesa e medicinali gratuitamente, realizza video informativi in diverse lingue.\u00a0<\/span><\/b><span style=\"font-size: 11.0pt; font-family: 'Calibri','sans-serif'; color: black;\">Ma soprattutto &#8211; come racconta Gianluca Castaldi &#8211; in queste ore \u00e8 riuscito ad attivare un servizio di speakeraggio sul territorio per informare i braccianti sulla prevenzione, categoria particolarmente esposta al contagio data la necessit\u00e0 di continuare a lavorare.\u00a0<\/span><\/p>\n<p style=\"margin: 0cm; margin-bottom: .0001pt; background: white; font-variant-ligatures: normal; font-variant-caps: normal; orphans: 2; widows: 2; -webkit-text-stroke-width: 0px; text-decoration-style: initial; text-decoration-color: initial; word-spacing: 0px;\"><b><span style=\"font-size: 11.0pt; font-family: 'Calibri','sans-serif'; color: black;\">\u00a0<\/span><\/b><\/p>\n<p style=\"margin: 0cm; margin-bottom: .0001pt; background: white;\"><b><span style=\"font-size: 11.0pt; font-family: 'Calibri','sans-serif'; color: black;\">Infine importante \u00e8 il contributo di Grande Colibr\u00ec associazione di rifugiati Lgbt con sedi territoriali a Torino, Lecco, Piacenza e Bologna\u00a0che insieme ad una rete di associazioni, ha tradotto in 46 lingue tutte le informazioni sulla prevenzione e le misure del governo per l\u2019emergenza Covid-19.<\/span><\/b><span style=\"font-size: 11.0pt; font-family: 'Calibri','sans-serif'; color: black;\">\u00a0Gesti e iniziative che possono sembrare gocce nel mare nella gestione di una pandemia. Ma che sono importanti pi\u00f9 che mai, tanto pi\u00f9 se si pensa che le categorie pi\u00f9 esposte al virus sono proprio quelle pi\u00f9 deboli e meno integrate. E che vanno tutelate. Per il bene di tutti.<\/span><\/p>\n<p style=\"margin: 0cm; margin-bottom: .0001pt; background: white; font-variant-ligatures: normal; font-variant-caps: normal; orphans: 2; widows: 2; -webkit-text-stroke-width: 0px; text-decoration-style: initial; text-decoration-color: initial; word-spacing: 0px;\"><b><i><span style=\"font-size: 11.0pt; font-family: 'Calibri','sans-serif'; color: black;\">\u00a0<\/span><\/i><\/b><\/p>\n<p style=\"margin: 0cm; margin-bottom: .0001pt; background: white;\"><b><i><span style=\"font-size: 11.0pt; font-family: 'Calibri','sans-serif'; color: black;\">Marta Serafini\u00a0<\/span><\/i><\/b><span style=\"font-size: 11.0pt; font-family: 'Calibri','sans-serif'; color: black;\">da\u00a0<a style=\"outline: none;\" href=\"https:\/\/www.corriere.it\/buone-notizie\/20_aprile_02\/emergenza-coronavirus-cosi-migranti-italiani-si-aiutano-loro-3b249250-74cb-11ea-b9c4-182209d6cca4.shtml\" target=\"_blank\" rel=\"noopener noreferrer\"><span style=\"color: #095fb9; text-decoration: none; text-underline: none;\">Corriere.it<\/span><\/a><\/span><\/p>\n","protected":false},"excerpt":{"rendered":"<p>Il minimo comune denominatore \u00e8 uno: la solidariet\u00e0.\u00a0Ancora pi\u00f9 preziosa se si pensa che arriva da stranieri e italiani che, nell\u2019emergenza, si aiutano gli uni con gli altri. Piccoli gesti ma che sono come non mai importanti, se si pensa&hellip;<\/p>\n","protected":false},"author":599,"featured_media":1094093,"comment_status":"closed","ping_status":"closed","sticky":false,"template":"","format":"standard","meta":{"footnotes":""},"categories":[47,1259],"tags":[72143,3420,34110,1634],"class_list":["post-1094080","post","type-post","status-publish","format-standard","has-post-thumbnail","hentry","category-europa","category-salute-argomento","tag-emergenza-coronavirus","tag-rifugiati","tag-senzatetto","tag-solidarieta"],"yoast_head":"<!-- This site is optimized with the Yoast SEO plugin v27.1.1 - https:\/\/yoast.com\/product\/yoast-seo-wordpress\/ -->\n<title>Emergenza Coronavirus, cos\u00ec migranti e italiani si aiutano tra loro<\/title>\n<meta name=\"description\" content=\"Il minimo comune denominatore \u00e8 uno: la solidariet\u00e0.\u00a0Ancora pi\u00f9 preziosa se si pensa che arriva da stranieri e italiani che, nell\u2019emergenza, si aiutano\" \/>\n<meta name=\"robots\" content=\"index, follow, max-snippet:-1, max-image-preview:large, max-video-preview:-1\" \/>\n<link rel=\"canonical\" href=\"https:\/\/www.pressenza.com\/it\/2020\/04\/emergenza-coronavirus-cosi-migranti-e-italiani-si-aiutano-tra-loro\/\" \/>\n<meta property=\"og:locale\" content=\"it_IT\" \/>\n<meta property=\"og:type\" content=\"article\" \/>\n<meta property=\"og:title\" content=\"Emergenza Coronavirus, cos\u00ec migranti e italiani si aiutano tra loro\" \/>\n<meta property=\"og:description\" content=\"Il minimo comune denominatore \u00e8 uno: la solidariet\u00e0.\u00a0Ancora pi\u00f9 preziosa se si pensa che arriva da stranieri e italiani che, nell\u2019emergenza, si aiutano\" \/>\n<meta property=\"og:url\" content=\"https:\/\/www.pressenza.com\/it\/2020\/04\/emergenza-coronavirus-cosi-migranti-e-italiani-si-aiutano-tra-loro\/\" \/>\n<meta property=\"og:site_name\" content=\"Pressenza\" \/>\n<meta property=\"article:publisher\" content=\"https:\/\/www.facebook.com\/PressenzaItalia\" \/>\n<meta property=\"article:published_time\" content=\"2020-04-28T14:36:44+00:00\" \/>\n<meta property=\"article:modified_time\" content=\"2020-04-28T14:39:44+00:00\" \/>\n<meta property=\"og:image\" content=\"https:\/\/www.pressenza.com\/wp-content\/uploads\/2020\/04\/aiuti-Fuori-Luogo.jpg\" \/>\n\t<meta property=\"og:image:width\" content=\"1600\" \/>\n\t<meta property=\"og:image:height\" content=\"1200\" \/>\n\t<meta property=\"og:image:type\" content=\"image\/jpeg\" \/>\n<meta name=\"author\" content=\"Unimondo\" \/>\n<meta name=\"twitter:card\" content=\"summary_large_image\" \/>\n<meta name=\"twitter:creator\" content=\"@PressenzaIPA\" \/>\n<meta name=\"twitter:site\" content=\"@PressenzaIPA\" \/>\n<meta name=\"twitter:label1\" content=\"Scritto da\" \/>\n\t<meta name=\"twitter:data1\" content=\"Unimondo\" \/>\n\t<meta name=\"twitter:label2\" content=\"Tempo di lettura stimato\" \/>\n\t<meta name=\"twitter:data2\" content=\"3 minuti\" \/>\n<script type=\"application\/ld+json\" class=\"yoast-schema-graph\">{\"@context\":\"https:\/\/schema.org\",\"@graph\":[{\"@type\":\"Article\",\"@id\":\"https:\/\/www.pressenza.com\/it\/2020\/04\/emergenza-coronavirus-cosi-migranti-e-italiani-si-aiutano-tra-loro\/#article\",\"isPartOf\":{\"@id\":\"https:\/\/www.pressenza.com\/it\/2020\/04\/emergenza-coronavirus-cosi-migranti-e-italiani-si-aiutano-tra-loro\/\"},\"author\":{\"name\":\"Unimondo\",\"@id\":\"https:\/\/www.pressenza.com\/it\/#\/schema\/person\/c1522125703ef99487d4e50b9fbc1ecf\"},\"headline\":\"Emergenza Coronavirus, cos\u00ec migranti e italiani si aiutano tra loro\",\"datePublished\":\"2020-04-28T14:36:44+00:00\",\"dateModified\":\"2020-04-28T14:39:44+00:00\",\"mainEntityOfPage\":{\"@id\":\"https:\/\/www.pressenza.com\/it\/2020\/04\/emergenza-coronavirus-cosi-migranti-e-italiani-si-aiutano-tra-loro\/\"},\"wordCount\":686,\"publisher\":{\"@id\":\"https:\/\/www.pressenza.com\/it\/#organization\"},\"image\":{\"@id\":\"https:\/\/www.pressenza.com\/it\/2020\/04\/emergenza-coronavirus-cosi-migranti-e-italiani-si-aiutano-tra-loro\/#primaryimage\"},\"thumbnailUrl\":\"https:\/\/www.pressenza.com\/wp-content\/uploads\/2020\/04\/aiuti-Fuori-Luogo.jpg\",\"keywords\":[\"emergenza coronavirus\",\"rifugiati\",\"senzatetto\",\"solidariet\u00e0\"],\"articleSection\":[\"Europa\",\"Salute\"],\"inLanguage\":\"it-IT\"},{\"@type\":\"WebPage\",\"@id\":\"https:\/\/www.pressenza.com\/it\/2020\/04\/emergenza-coronavirus-cosi-migranti-e-italiani-si-aiutano-tra-loro\/\",\"url\":\"https:\/\/www.pressenza.com\/it\/2020\/04\/emergenza-coronavirus-cosi-migranti-e-italiani-si-aiutano-tra-loro\/\",\"name\":\"Emergenza Coronavirus, cos\u00ec migranti e italiani si aiutano tra loro\",\"isPartOf\":{\"@id\":\"https:\/\/www.pressenza.com\/it\/#website\"},\"primaryImageOfPage\":{\"@id\":\"https:\/\/www.pressenza.com\/it\/2020\/04\/emergenza-coronavirus-cosi-migranti-e-italiani-si-aiutano-tra-loro\/#primaryimage\"},\"image\":{\"@id\":\"https:\/\/www.pressenza.com\/it\/2020\/04\/emergenza-coronavirus-cosi-migranti-e-italiani-si-aiutano-tra-loro\/#primaryimage\"},\"thumbnailUrl\":\"https:\/\/www.pressenza.com\/wp-content\/uploads\/2020\/04\/aiuti-Fuori-Luogo.jpg\",\"datePublished\":\"2020-04-28T14:36:44+00:00\",\"dateModified\":\"2020-04-28T14:39:44+00:00\",\"description\":\"Il minimo comune denominatore \u00e8 uno: la solidariet\u00e0.\u00a0Ancora pi\u00f9 preziosa se si pensa che arriva da stranieri e italiani che, nell\u2019emergenza, si aiutano\",\"breadcrumb\":{\"@id\":\"https:\/\/www.pressenza.com\/it\/2020\/04\/emergenza-coronavirus-cosi-migranti-e-italiani-si-aiutano-tra-loro\/#breadcrumb\"},\"inLanguage\":\"it-IT\",\"potentialAction\":[{\"@type\":\"ReadAction\",\"target\":[\"https:\/\/www.pressenza.com\/it\/2020\/04\/emergenza-coronavirus-cosi-migranti-e-italiani-si-aiutano-tra-loro\/\"]}]},{\"@type\":\"ImageObject\",\"inLanguage\":\"it-IT\",\"@id\":\"https:\/\/www.pressenza.com\/it\/2020\/04\/emergenza-coronavirus-cosi-migranti-e-italiani-si-aiutano-tra-loro\/#primaryimage\",\"url\":\"https:\/\/www.pressenza.com\/wp-content\/uploads\/2020\/04\/aiuti-Fuori-Luogo.jpg\",\"contentUrl\":\"https:\/\/www.pressenza.com\/wp-content\/uploads\/2020\/04\/aiuti-Fuori-Luogo.jpg\",\"width\":1600,\"height\":1200},{\"@type\":\"BreadcrumbList\",\"@id\":\"https:\/\/www.pressenza.com\/it\/2020\/04\/emergenza-coronavirus-cosi-migranti-e-italiani-si-aiutano-tra-loro\/#breadcrumb\",\"itemListElement\":[{\"@type\":\"ListItem\",\"position\":1,\"name\":\"Accueil\",\"item\":\"https:\/\/www.pressenza.com\/it\/\"},{\"@type\":\"ListItem\",\"position\":2,\"name\":\"Emergenza Coronavirus, cos\u00ec migranti e italiani si aiutano tra loro\"}]},{\"@type\":\"WebSite\",\"@id\":\"https:\/\/www.pressenza.com\/it\/#website\",\"url\":\"https:\/\/www.pressenza.com\/it\/\",\"name\":\"Pressenza\",\"description\":\"Agenzia di Stampa Internazionale\",\"publisher\":{\"@id\":\"https:\/\/www.pressenza.com\/it\/#organization\"},\"potentialAction\":[{\"@type\":\"SearchAction\",\"target\":{\"@type\":\"EntryPoint\",\"urlTemplate\":\"https:\/\/www.pressenza.com\/it\/?s={search_term_string}\"},\"query-input\":{\"@type\":\"PropertyValueSpecification\",\"valueRequired\":true,\"valueName\":\"search_term_string\"}}],\"inLanguage\":\"it-IT\"},{\"@type\":\"Organization\",\"@id\":\"https:\/\/www.pressenza.com\/it\/#organization\",\"name\":\"Pressenza\",\"url\":\"https:\/\/www.pressenza.com\/it\/\",\"logo\":{\"@type\":\"ImageObject\",\"inLanguage\":\"it-IT\",\"@id\":\"https:\/\/www.pressenza.com\/it\/#\/schema\/logo\/image\/\",\"url\":\"https:\/\/www.pressenza.com\/wp-content\/uploads\/2022\/10\/pressenza_logo_200x200.jpg\",\"contentUrl\":\"https:\/\/www.pressenza.com\/wp-content\/uploads\/2022\/10\/pressenza_logo_200x200.jpg\",\"width\":200,\"height\":200,\"caption\":\"Pressenza\"},\"image\":{\"@id\":\"https:\/\/www.pressenza.com\/it\/#\/schema\/logo\/image\/\"},\"sameAs\":[\"https:\/\/www.facebook.com\/PressenzaItalia\",\"https:\/\/x.com\/PressenzaIPA\"]},{\"@type\":\"Person\",\"@id\":\"https:\/\/www.pressenza.com\/it\/#\/schema\/person\/c1522125703ef99487d4e50b9fbc1ecf\",\"name\":\"Unimondo\",\"description\":\"www.unimondo.org\",\"url\":\"https:\/\/www.pressenza.com\/it\/author\/unimondo\/\"}]}<\/script>\n<!-- \/ Yoast SEO plugin. -->","yoast_head_json":{"title":"Emergenza Coronavirus, cos\u00ec migranti e italiani si aiutano tra loro","description":"Il minimo comune denominatore \u00e8 uno: la solidariet\u00e0.\u00a0Ancora pi\u00f9 preziosa se si pensa che arriva da stranieri e italiani che, nell\u2019emergenza, si aiutano","robots":{"index":"index","follow":"follow","max-snippet":"max-snippet:-1","max-image-preview":"max-image-preview:large","max-video-preview":"max-video-preview:-1"},"canonical":"https:\/\/www.pressenza.com\/it\/2020\/04\/emergenza-coronavirus-cosi-migranti-e-italiani-si-aiutano-tra-loro\/","og_locale":"it_IT","og_type":"article","og_title":"Emergenza Coronavirus, cos\u00ec migranti e italiani si aiutano tra loro","og_description":"Il minimo comune denominatore \u00e8 uno: la solidariet\u00e0.\u00a0Ancora pi\u00f9 preziosa se si pensa che arriva da stranieri e italiani che, nell\u2019emergenza, si aiutano","og_url":"https:\/\/www.pressenza.com\/it\/2020\/04\/emergenza-coronavirus-cosi-migranti-e-italiani-si-aiutano-tra-loro\/","og_site_name":"Pressenza","article_publisher":"https:\/\/www.facebook.com\/PressenzaItalia","article_published_time":"2020-04-28T14:36:44+00:00","article_modified_time":"2020-04-28T14:39:44+00:00","og_image":[{"width":1600,"height":1200,"url":"https:\/\/www.pressenza.com\/wp-content\/uploads\/2020\/04\/aiuti-Fuori-Luogo.jpg","type":"image\/jpeg"}],"author":"Unimondo","twitter_card":"summary_large_image","twitter_creator":"@PressenzaIPA","twitter_site":"@PressenzaIPA","twitter_misc":{"Scritto da":"Unimondo","Tempo di lettura stimato":"3 minuti"},"schema":{"@context":"https:\/\/schema.org","@graph":[{"@type":"Article","@id":"https:\/\/www.pressenza.com\/it\/2020\/04\/emergenza-coronavirus-cosi-migranti-e-italiani-si-aiutano-tra-loro\/#article","isPartOf":{"@id":"https:\/\/www.pressenza.com\/it\/2020\/04\/emergenza-coronavirus-cosi-migranti-e-italiani-si-aiutano-tra-loro\/"},"author":{"name":"Unimondo","@id":"https:\/\/www.pressenza.com\/it\/#\/schema\/person\/c1522125703ef99487d4e50b9fbc1ecf"},"headline":"Emergenza Coronavirus, cos\u00ec migranti e italiani si aiutano tra loro","datePublished":"2020-04-28T14:36:44+00:00","dateModified":"2020-04-28T14:39:44+00:00","mainEntityOfPage":{"@id":"https:\/\/www.pressenza.com\/it\/2020\/04\/emergenza-coronavirus-cosi-migranti-e-italiani-si-aiutano-tra-loro\/"},"wordCount":686,"publisher":{"@id":"https:\/\/www.pressenza.com\/it\/#organization"},"image":{"@id":"https:\/\/www.pressenza.com\/it\/2020\/04\/emergenza-coronavirus-cosi-migranti-e-italiani-si-aiutano-tra-loro\/#primaryimage"},"thumbnailUrl":"https:\/\/www.pressenza.com\/wp-content\/uploads\/2020\/04\/aiuti-Fuori-Luogo.jpg","keywords":["emergenza coronavirus","rifugiati","senzatetto","solidariet\u00e0"],"articleSection":["Europa","Salute"],"inLanguage":"it-IT"},{"@type":"WebPage","@id":"https:\/\/www.pressenza.com\/it\/2020\/04\/emergenza-coronavirus-cosi-migranti-e-italiani-si-aiutano-tra-loro\/","url":"https:\/\/www.pressenza.com\/it\/2020\/04\/emergenza-coronavirus-cosi-migranti-e-italiani-si-aiutano-tra-loro\/","name":"Emergenza Coronavirus, cos\u00ec migranti e italiani si aiutano tra loro","isPartOf":{"@id":"https:\/\/www.pressenza.com\/it\/#website"},"primaryImageOfPage":{"@id":"https:\/\/www.pressenza.com\/it\/2020\/04\/emergenza-coronavirus-cosi-migranti-e-italiani-si-aiutano-tra-loro\/#primaryimage"},"image":{"@id":"https:\/\/www.pressenza.com\/it\/2020\/04\/emergenza-coronavirus-cosi-migranti-e-italiani-si-aiutano-tra-loro\/#primaryimage"},"thumbnailUrl":"https:\/\/www.pressenza.com\/wp-content\/uploads\/2020\/04\/aiuti-Fuori-Luogo.jpg","datePublished":"2020-04-28T14:36:44+00:00","dateModified":"2020-04-28T14:39:44+00:00","description":"Il minimo comune denominatore \u00e8 uno: la solidariet\u00e0.\u00a0Ancora pi\u00f9 preziosa se si pensa che arriva da stranieri e italiani che, nell\u2019emergenza, si aiutano","breadcrumb":{"@id":"https:\/\/www.pressenza.com\/it\/2020\/04\/emergenza-coronavirus-cosi-migranti-e-italiani-si-aiutano-tra-loro\/#breadcrumb"},"inLanguage":"it-IT","potentialAction":[{"@type":"ReadAction","target":["https:\/\/www.pressenza.com\/it\/2020\/04\/emergenza-coronavirus-cosi-migranti-e-italiani-si-aiutano-tra-loro\/"]}]},{"@type":"ImageObject","inLanguage":"it-IT","@id":"https:\/\/www.pressenza.com\/it\/2020\/04\/emergenza-coronavirus-cosi-migranti-e-italiani-si-aiutano-tra-loro\/#primaryimage","url":"https:\/\/www.pressenza.com\/wp-content\/uploads\/2020\/04\/aiuti-Fuori-Luogo.jpg","contentUrl":"https:\/\/www.pressenza.com\/wp-content\/uploads\/2020\/04\/aiuti-Fuori-Luogo.jpg","width":1600,"height":1200},{"@type":"BreadcrumbList","@id":"https:\/\/www.pressenza.com\/it\/2020\/04\/emergenza-coronavirus-cosi-migranti-e-italiani-si-aiutano-tra-loro\/#breadcrumb","itemListElement":[{"@type":"ListItem","position":1,"name":"Accueil","item":"https:\/\/www.pressenza.com\/it\/"},{"@type":"ListItem","position":2,"name":"Emergenza Coronavirus, cos\u00ec migranti e italiani si aiutano tra loro"}]},{"@type":"WebSite","@id":"https:\/\/www.pressenza.com\/it\/#website","url":"https:\/\/www.pressenza.com\/it\/","name":"Pressenza","description":"Agenzia di Stampa Internazionale","publisher":{"@id":"https:\/\/www.pressenza.com\/it\/#organization"},"potentialAction":[{"@type":"SearchAction","target":{"@type":"EntryPoint","urlTemplate":"https:\/\/www.pressenza.com\/it\/?s={search_term_string}"},"query-input":{"@type":"PropertyValueSpecification","valueRequired":true,"valueName":"search_term_string"}}],"inLanguage":"it-IT"},{"@type":"Organization","@id":"https:\/\/www.pressenza.com\/it\/#organization","name":"Pressenza","url":"https:\/\/www.pressenza.com\/it\/","logo":{"@type":"ImageObject","inLanguage":"it-IT","@id":"https:\/\/www.pressenza.com\/it\/#\/schema\/logo\/image\/","url":"https:\/\/www.pressenza.com\/wp-content\/uploads\/2022\/10\/pressenza_logo_200x200.jpg","contentUrl":"https:\/\/www.pressenza.com\/wp-content\/uploads\/2022\/10\/pressenza_logo_200x200.jpg","width":200,"height":200,"caption":"Pressenza"},"image":{"@id":"https:\/\/www.pressenza.com\/it\/#\/schema\/logo\/image\/"},"sameAs":["https:\/\/www.facebook.com\/PressenzaItalia","https:\/\/x.com\/PressenzaIPA"]},{"@type":"Person","@id":"https:\/\/www.pressenza.com\/it\/#\/schema\/person\/c1522125703ef99487d4e50b9fbc1ecf","name":"Unimondo","description":"www.unimondo.org","url":"https:\/\/www.pressenza.com\/it\/author\/unimondo\/"}]}},"place":"","original_article_url":"https:\/\/www.unimondo.org\/Notizie\/Emergenza-Coronavirus-cosi-migranti-e-italiani-si-aiutano-tra-loro-195009","_links":{"self":[{"href":"https:\/\/www.pressenza.com\/it\/wp-json\/wp\/v2\/posts\/1094080","targetHints":{"allow":["GET"]}}],"collection":[{"href":"https:\/\/www.pressenza.com\/it\/wp-json\/wp\/v2\/posts"}],"about":[{"href":"https:\/\/www.pressenza.com\/it\/wp-json\/wp\/v2\/types\/post"}],"author":[{"embeddable":true,"href":"https:\/\/www.pressenza.com\/it\/wp-json\/wp\/v2\/users\/599"}],"replies":[{"embeddable":true,"href":"https:\/\/www.pressenza.com\/it\/wp-json\/wp\/v2\/comments?post=1094080"}],"version-history":[{"count":0,"href":"https:\/\/www.pressenza.com\/it\/wp-json\/wp\/v2\/posts\/1094080\/revisions"}],"wp:featuredmedia":[{"embeddable":true,"href":"https:\/\/www.pressenza.com\/it\/wp-json\/wp\/v2\/media\/1094093"}],"wp:attachment":[{"href":"https:\/\/www.pressenza.com\/it\/wp-json\/wp\/v2\/media?parent=1094080"}],"wp:term":[{"taxonomy":"category","embeddable":true,"href":"https:\/\/www.pressenza.com\/it\/wp-json\/wp\/v2\/categories?post=1094080"},{"taxonomy":"post_tag","embeddable":true,"href":"https:\/\/www.pressenza.com\/it\/wp-json\/wp\/v2\/tags?post=1094080"}],"curies":[{"name":"wp","href":"https:\/\/api.w.org\/{rel}","templated":true}]}}