{"id":1088785,"date":"2020-04-21T16:01:52","date_gmt":"2020-04-21T15:01:52","guid":{"rendered":"https:\/\/www.pressenza.com\/?p=1088785"},"modified":"2020-04-21T16:04:49","modified_gmt":"2020-04-21T15:04:49","slug":"24-aprile-il-quinto-sciopero-globale-per-il-clima-in-digitale-davanti-a-palazzo-chigi","status":"publish","type":"post","link":"https:\/\/www.pressenza.com\/it\/2020\/04\/24-aprile-il-quinto-sciopero-globale-per-il-clima-in-digitale-davanti-a-palazzo-chigi\/","title":{"rendered":"24 aprile, il quinto sciopero globale per il clima in digitale davanti a Palazzo Chigi"},"content":{"rendered":"<p>Dopo pi\u00f9 di un anno di scioperi globali, come Fridays For Future venerd\u00ec 24 aprile promuoveremo per la quinta volta una mobilitazione planetaria. Questa volta non in piazza, ma sulle piattaforme social: Fridaysforfuture continua la lotta per la giustizia climatica anche durante la quarantena.\u00a0<strong>La mobilitazione pi\u00f9 interessante sar\u00e0 manifestare con il proprio avatar geolocalizzandosi online con Palazzo Chigi.<\/strong><\/p>\n<p>Come Fridaysforfuture Roma abbiamo pensato e organizzato il Quinto Global Strike grazie ad una assemblea virtuale che ha visto la partecipazione di pi\u00f9 di 50 studenti e studentesse di licei e istituti romani e limitrofi. Questo momento di confronto e partecipazione \u00e8 stato molto produttivo e ha consentito di conoscerci meglio, sebbene in via virtuale.<\/p>\n<p>Ribadiamo che<strong>\u00a0la lotta contro la crisi climatica \u00e8 anche una lotta per la salute dell&#8217;essere umano.<\/strong>\u00a0Infatti gli scienziati ci spiegano che con l&#8217;aumentare della temperatura media globale, i ghiacciai e il permafrost si scioglieranno pi\u00f9 velocemente, liberando numerosi agenti patogeni che metteranno nuovamente in ginocchio le nostre societ\u00e0. Raddoppiando i ritmi della deforestazione, gli equilibri ecologici si modificheranno in modo irreversibile,\u00a0<strong>creando condizioni favorevoli alla diffusione dei virus.<\/strong><\/p>\n<p>&#8220;L\u2019uscita dalla crisi sanitaria dovr\u00e0 essere il momento per ripartire e la transizione ecologica sar\u00e0 il cuore e il cervello di questa rinascita: il punto di partenza per una rivoluzione del nostro intero sistema&#8221;\u00a0<strong>abbiamo scritto in una <a href=\"https:\/\/ritornoalfuturo.org\/\">lettera aperta per l&#8217;Italia<\/a>.<\/strong><\/p>\n<p><strong>Dal 24 aprile infatti porteremo avanti la grande campagna Ritorno al Futuro,<\/strong>\u00a0a cui hanno gi\u00e0 dato il sostegno oltre 50 scienziati\/e ed esperti\/e, per immaginare un piano di ricostruzione della nostra societ\u00e0 che possa arginare la crisi climatica e trovare soluzioni alla crisi economica. Quando questa crisi sanitaria sar\u00e0 passata non vogliamo tornare alla normalit\u00e0, perch\u00e9 la normalit\u00e0 era il problema e dovremo affrontare la crisi climatica.<\/p>\n<p><strong>Pretendiamo che la salute delle persone venga anteposta ai profitti di pochi.<\/strong><\/p>\n<p>Vogliamo vedere attuata una transizione ecologica che rispetti il criterio di giustizia sociale e di democrazia energetica. Non vogliamo che nessuno\/a sia lasciato indietro.<\/p>\n<p>Non vogliamo un ritorno al passato, ma al futuro.<\/p>\n<p><strong>Date le misure restrittive vigenti, non \u00e8 possibile organizzare nessun tipo di corteo.<\/strong><\/p>\n<p><strong>Per questo<\/strong>\u00a0<strong>il quinto sciopero globale sar\u00e0 un digital strike.<\/strong><\/p>\n<p><strong>Dalla pagina di Fridaysforfuture Italia trasmetteremo in diretta un webinair con il climatologo Luca Mercalli e a seguire concerti di artisti\/e, che si concluderanno verso le 13-13:30.<\/strong><\/p>\n<p>Come<strong> Fridaysforfuture Roma<\/strong> rilanciamo cinque possibili modalit\u00e0 di sciopero.<\/p>\n<ul>\n<li>Manifesteremo da casa ma insieme. Presto sui canali di Fridays For Future Italia verr\u00e0 condiviso il link al quale collegarsi alle ore 10:00\u00a0<strong>per creare ognuno il proprio avatar e geolocalizzarsi virtualmente davanti a Palazzo Chigi.\u00a0<\/strong>Sar\u00e0 il primo sciopero in cui attivisti e attiviste di tutta Italia si daranno appuntamento nella stessa piazza.<\/li>\n<li>Proponiamo di condividere sui social, taggando Fridaysforfuture Roma,\u00a0<strong>foto con dei cartelli che rimandino al tema dello sciopero,<\/strong>oppure di produrre del contenuto artistico: canzoni, disegni o qualsiasi forma di arte, come il ballo, sempre in linea con il tema.<\/li>\n<li>Alle ore 18:00 dalle pagine instagram e facebook di\u00a0<strong>Fridays for future Roma andr\u00e0 in diretta &#8220;Live Strike&#8221;<\/strong>. Gli attivisti e le attiviste si potranno collegare in una live Instagram di FFF Roma (che sar\u00e0 trasmessa anche su Facebook) dando la possibilit\u00e0 a tutti gli studenti e le studentesse di inviare le richieste e partecipare alla diretta per raccontare le battaglie a cui tengono maggiormente. Sar\u00e0 anche l&#8217;occasione per approfondire la campagna &#8220;Ritorno al Futuro&#8221;\u00a0e parlare insieme del futuro per cui stiamo lottando<\/li>\n<li><strong>I professori\/esse possono tenere delle lezioni riconvertite<\/strong>, o lasciare uno spazio agli attivisti e alle attiviste di FridaysforFuture per parlare e discutere della crisi climatica con gli studenti e le studentesse.<\/li>\n<li><strong>In alternativa, si possono proiettare video e documentari sul tema<\/strong>, i cui titoli saranno condivisi dalle nostre pagine social nei prossimi giorni, o la diretta della webinair della pagina di FridaysforFuture Italia.<\/li>\n<\/ul>\n<p>&nbsp;<\/p>\n","protected":false},"excerpt":{"rendered":"<p>Dopo pi\u00f9 di un anno di scioperi globali, come Fridays For Future venerd\u00ec 24 aprile promuoveremo per la quinta volta una mobilitazione planetaria. Questa volta non in piazza, ma sulle piattaforme social: Fridaysforfuture continua la lotta per la giustizia climatica&hellip;<\/p>\n","protected":false},"author":1713,"featured_media":1086442,"comment_status":"closed","ping_status":"closed","sticky":false,"template":"","format":"standard","meta":{"footnotes":""},"categories":[150,59,1259],"tags":[74232,39211,11438,73521,74230],"class_list":["post-1088785","post","type-post","status-publish","format-standard","has-post-thumbnail","hentry","category-comunicati-stampa","category-ambiente-ecologia","category-salute-argomento","tag-campagna-ritorno-al-futuro","tag-emergenza-climatica","tag-emergenza-sanitaria","tag-palazzo-chigi","tag-quinto-sciopero-globale-per-il-clima"],"yoast_head":"<!-- This site is optimized with the Yoast SEO plugin v27.1.1 - https:\/\/yoast.com\/product\/yoast-seo-wordpress\/ -->\n<title>24 aprile, il quinto sciopero globale per il clima in digitale davanti a Palazzo Chigi<\/title>\n<meta name=\"description\" content=\"Dopo pi\u00f9 di un anno di scioperi globali, come Fridays For Future venerd\u00ec 24 aprile promuoveremo per la quinta volta una mobilitazione planetaria. Questa\" \/>\n<meta name=\"robots\" content=\"index, follow, max-snippet:-1, max-image-preview:large, max-video-preview:-1\" \/>\n<link rel=\"canonical\" href=\"https:\/\/www.pressenza.com\/it\/2020\/04\/24-aprile-il-quinto-sciopero-globale-per-il-clima-in-digitale-davanti-a-palazzo-chigi\/\" \/>\n<meta property=\"og:locale\" content=\"it_IT\" \/>\n<meta property=\"og:type\" content=\"article\" \/>\n<meta property=\"og:title\" content=\"24 aprile, il quinto sciopero globale per il clima in digitale davanti a Palazzo Chigi\" \/>\n<meta property=\"og:description\" content=\"Dopo pi\u00f9 di un anno di scioperi globali, come Fridays For Future venerd\u00ec 24 aprile promuoveremo per la quinta volta una mobilitazione planetaria. Questa\" \/>\n<meta property=\"og:url\" content=\"https:\/\/www.pressenza.com\/it\/2020\/04\/24-aprile-il-quinto-sciopero-globale-per-il-clima-in-digitale-davanti-a-palazzo-chigi\/\" \/>\n<meta property=\"og:site_name\" content=\"Pressenza\" \/>\n<meta property=\"article:publisher\" content=\"https:\/\/www.facebook.com\/PressenzaItalia\" \/>\n<meta property=\"article:published_time\" content=\"2020-04-21T15:01:52+00:00\" \/>\n<meta property=\"article:modified_time\" content=\"2020-04-21T15:04:49+00:00\" \/>\n<meta property=\"og:image\" content=\"https:\/\/www.pressenza.com\/wp-content\/uploads\/2020\/04\/scipero-24.4.2020.jpg\" \/>\n\t<meta property=\"og:image:width\" content=\"1920\" \/>\n\t<meta property=\"og:image:height\" content=\"1080\" \/>\n\t<meta property=\"og:image:type\" content=\"image\/jpeg\" \/>\n<meta name=\"author\" content=\"Fridays For Future\" \/>\n<meta name=\"twitter:card\" content=\"summary_large_image\" \/>\n<meta name=\"twitter:creator\" content=\"@PressenzaIPA\" \/>\n<meta name=\"twitter:site\" content=\"@PressenzaIPA\" \/>\n<meta name=\"twitter:label1\" content=\"Scritto da\" \/>\n\t<meta name=\"twitter:data1\" content=\"Fridays For Future\" \/>\n\t<meta name=\"twitter:label2\" content=\"Tempo di lettura stimato\" \/>\n\t<meta name=\"twitter:data2\" content=\"3 minuti\" \/>\n<script type=\"application\/ld+json\" class=\"yoast-schema-graph\">{\"@context\":\"https:\/\/schema.org\",\"@graph\":[{\"@type\":\"Article\",\"@id\":\"https:\/\/www.pressenza.com\/it\/2020\/04\/24-aprile-il-quinto-sciopero-globale-per-il-clima-in-digitale-davanti-a-palazzo-chigi\/#article\",\"isPartOf\":{\"@id\":\"https:\/\/www.pressenza.com\/it\/2020\/04\/24-aprile-il-quinto-sciopero-globale-per-il-clima-in-digitale-davanti-a-palazzo-chigi\/\"},\"author\":{\"name\":\"Fridays For Future\",\"@id\":\"https:\/\/www.pressenza.com\/it\/#\/schema\/person\/8f0c1d2e26efb7c5c7cad8108dd14b21\"},\"headline\":\"24 aprile, il quinto sciopero globale per il clima in digitale davanti a Palazzo Chigi\",\"datePublished\":\"2020-04-21T15:01:52+00:00\",\"dateModified\":\"2020-04-21T15:04:49+00:00\",\"mainEntityOfPage\":{\"@id\":\"https:\/\/www.pressenza.com\/it\/2020\/04\/24-aprile-il-quinto-sciopero-globale-per-il-clima-in-digitale-davanti-a-palazzo-chigi\/\"},\"wordCount\":655,\"publisher\":{\"@id\":\"https:\/\/www.pressenza.com\/it\/#organization\"},\"image\":{\"@id\":\"https:\/\/www.pressenza.com\/it\/2020\/04\/24-aprile-il-quinto-sciopero-globale-per-il-clima-in-digitale-davanti-a-palazzo-chigi\/#primaryimage\"},\"thumbnailUrl\":\"https:\/\/www.pressenza.com\/wp-content\/uploads\/2020\/04\/scipero-24.4.2020.jpg\",\"keywords\":[\"campagna Ritorno al Futuro\",\"emergenza climatica\",\"emergenza sanitaria\",\"Palazzo Chigi\",\"quinto sciopero globale per il clima\"],\"articleSection\":[\"Comunicati Stampa\",\"Ecologia ed Ambiente\",\"Salute\"],\"inLanguage\":\"it-IT\"},{\"@type\":\"WebPage\",\"@id\":\"https:\/\/www.pressenza.com\/it\/2020\/04\/24-aprile-il-quinto-sciopero-globale-per-il-clima-in-digitale-davanti-a-palazzo-chigi\/\",\"url\":\"https:\/\/www.pressenza.com\/it\/2020\/04\/24-aprile-il-quinto-sciopero-globale-per-il-clima-in-digitale-davanti-a-palazzo-chigi\/\",\"name\":\"24 aprile, il quinto sciopero globale per il clima in digitale davanti a Palazzo Chigi\",\"isPartOf\":{\"@id\":\"https:\/\/www.pressenza.com\/it\/#website\"},\"primaryImageOfPage\":{\"@id\":\"https:\/\/www.pressenza.com\/it\/2020\/04\/24-aprile-il-quinto-sciopero-globale-per-il-clima-in-digitale-davanti-a-palazzo-chigi\/#primaryimage\"},\"image\":{\"@id\":\"https:\/\/www.pressenza.com\/it\/2020\/04\/24-aprile-il-quinto-sciopero-globale-per-il-clima-in-digitale-davanti-a-palazzo-chigi\/#primaryimage\"},\"thumbnailUrl\":\"https:\/\/www.pressenza.com\/wp-content\/uploads\/2020\/04\/scipero-24.4.2020.jpg\",\"datePublished\":\"2020-04-21T15:01:52+00:00\",\"dateModified\":\"2020-04-21T15:04:49+00:00\",\"description\":\"Dopo pi\u00f9 di un anno di scioperi globali, come Fridays For Future venerd\u00ec 24 aprile promuoveremo per la quinta volta una mobilitazione planetaria. Questa\",\"breadcrumb\":{\"@id\":\"https:\/\/www.pressenza.com\/it\/2020\/04\/24-aprile-il-quinto-sciopero-globale-per-il-clima-in-digitale-davanti-a-palazzo-chigi\/#breadcrumb\"},\"inLanguage\":\"it-IT\",\"potentialAction\":[{\"@type\":\"ReadAction\",\"target\":[\"https:\/\/www.pressenza.com\/it\/2020\/04\/24-aprile-il-quinto-sciopero-globale-per-il-clima-in-digitale-davanti-a-palazzo-chigi\/\"]}]},{\"@type\":\"ImageObject\",\"inLanguage\":\"it-IT\",\"@id\":\"https:\/\/www.pressenza.com\/it\/2020\/04\/24-aprile-il-quinto-sciopero-globale-per-il-clima-in-digitale-davanti-a-palazzo-chigi\/#primaryimage\",\"url\":\"https:\/\/www.pressenza.com\/wp-content\/uploads\/2020\/04\/scipero-24.4.2020.jpg\",\"contentUrl\":\"https:\/\/www.pressenza.com\/wp-content\/uploads\/2020\/04\/scipero-24.4.2020.jpg\",\"width\":1920,\"height\":1080},{\"@type\":\"BreadcrumbList\",\"@id\":\"https:\/\/www.pressenza.com\/it\/2020\/04\/24-aprile-il-quinto-sciopero-globale-per-il-clima-in-digitale-davanti-a-palazzo-chigi\/#breadcrumb\",\"itemListElement\":[{\"@type\":\"ListItem\",\"position\":1,\"name\":\"Accueil\",\"item\":\"https:\/\/www.pressenza.com\/it\/\"},{\"@type\":\"ListItem\",\"position\":2,\"name\":\"24 aprile, il quinto sciopero globale per il clima in digitale davanti a Palazzo Chigi\"}]},{\"@type\":\"WebSite\",\"@id\":\"https:\/\/www.pressenza.com\/it\/#website\",\"url\":\"https:\/\/www.pressenza.com\/it\/\",\"name\":\"Pressenza\",\"description\":\"Agenzia di Stampa Internazionale\",\"publisher\":{\"@id\":\"https:\/\/www.pressenza.com\/it\/#organization\"},\"potentialAction\":[{\"@type\":\"SearchAction\",\"target\":{\"@type\":\"EntryPoint\",\"urlTemplate\":\"https:\/\/www.pressenza.com\/it\/?s={search_term_string}\"},\"query-input\":{\"@type\":\"PropertyValueSpecification\",\"valueRequired\":true,\"valueName\":\"search_term_string\"}}],\"inLanguage\":\"it-IT\"},{\"@type\":\"Organization\",\"@id\":\"https:\/\/www.pressenza.com\/it\/#organization\",\"name\":\"Pressenza\",\"url\":\"https:\/\/www.pressenza.com\/it\/\",\"logo\":{\"@type\":\"ImageObject\",\"inLanguage\":\"it-IT\",\"@id\":\"https:\/\/www.pressenza.com\/it\/#\/schema\/logo\/image\/\",\"url\":\"https:\/\/www.pressenza.com\/wp-content\/uploads\/2022\/10\/pressenza_logo_200x200.jpg\",\"contentUrl\":\"https:\/\/www.pressenza.com\/wp-content\/uploads\/2022\/10\/pressenza_logo_200x200.jpg\",\"width\":200,\"height\":200,\"caption\":\"Pressenza\"},\"image\":{\"@id\":\"https:\/\/www.pressenza.com\/it\/#\/schema\/logo\/image\/\"},\"sameAs\":[\"https:\/\/www.facebook.com\/PressenzaItalia\",\"https:\/\/x.com\/PressenzaIPA\"]},{\"@type\":\"Person\",\"@id\":\"https:\/\/www.pressenza.com\/it\/#\/schema\/person\/8f0c1d2e26efb7c5c7cad8108dd14b21\",\"name\":\"Fridays For Future\",\"description\":\"#FridaysForFuture is a movement that began in August 2018, after 15 years old Greta Thunberg sat in front of the Swedish parliament every schoolday for three weeks, to protest against the lack of action on the climate crisis. She posted what she was doing on Instagram and Twitter and it soon went viral. On the 8th of September, Greta decided to continue striking every Friday until the Swedish policies provided a safe pathway well under 2-degree C, i.e. in line with the Paris agreement. The hashtags #FridaysForFuture and #Climatestrike spread and many students and adults began to protest outside of their parliaments and local city halls all over the world. This has also inspired the Belgium Thursday school strikes.\",\"url\":\"https:\/\/www.pressenza.com\/it\/author\/fff\/\"}]}<\/script>\n<!-- \/ Yoast SEO plugin. -->","yoast_head_json":{"title":"24 aprile, il quinto sciopero globale per il clima in digitale davanti a Palazzo Chigi","description":"Dopo pi\u00f9 di un anno di scioperi globali, come Fridays For Future venerd\u00ec 24 aprile promuoveremo per la quinta volta una mobilitazione planetaria. Questa","robots":{"index":"index","follow":"follow","max-snippet":"max-snippet:-1","max-image-preview":"max-image-preview:large","max-video-preview":"max-video-preview:-1"},"canonical":"https:\/\/www.pressenza.com\/it\/2020\/04\/24-aprile-il-quinto-sciopero-globale-per-il-clima-in-digitale-davanti-a-palazzo-chigi\/","og_locale":"it_IT","og_type":"article","og_title":"24 aprile, il quinto sciopero globale per il clima in digitale davanti a Palazzo Chigi","og_description":"Dopo pi\u00f9 di un anno di scioperi globali, come Fridays For Future venerd\u00ec 24 aprile promuoveremo per la quinta volta una mobilitazione planetaria. Questa","og_url":"https:\/\/www.pressenza.com\/it\/2020\/04\/24-aprile-il-quinto-sciopero-globale-per-il-clima-in-digitale-davanti-a-palazzo-chigi\/","og_site_name":"Pressenza","article_publisher":"https:\/\/www.facebook.com\/PressenzaItalia","article_published_time":"2020-04-21T15:01:52+00:00","article_modified_time":"2020-04-21T15:04:49+00:00","og_image":[{"width":1920,"height":1080,"url":"https:\/\/www.pressenza.com\/wp-content\/uploads\/2020\/04\/scipero-24.4.2020.jpg","type":"image\/jpeg"}],"author":"Fridays For Future","twitter_card":"summary_large_image","twitter_creator":"@PressenzaIPA","twitter_site":"@PressenzaIPA","twitter_misc":{"Scritto da":"Fridays For Future","Tempo di lettura stimato":"3 minuti"},"schema":{"@context":"https:\/\/schema.org","@graph":[{"@type":"Article","@id":"https:\/\/www.pressenza.com\/it\/2020\/04\/24-aprile-il-quinto-sciopero-globale-per-il-clima-in-digitale-davanti-a-palazzo-chigi\/#article","isPartOf":{"@id":"https:\/\/www.pressenza.com\/it\/2020\/04\/24-aprile-il-quinto-sciopero-globale-per-il-clima-in-digitale-davanti-a-palazzo-chigi\/"},"author":{"name":"Fridays For Future","@id":"https:\/\/www.pressenza.com\/it\/#\/schema\/person\/8f0c1d2e26efb7c5c7cad8108dd14b21"},"headline":"24 aprile, il quinto sciopero globale per il clima in digitale davanti a Palazzo Chigi","datePublished":"2020-04-21T15:01:52+00:00","dateModified":"2020-04-21T15:04:49+00:00","mainEntityOfPage":{"@id":"https:\/\/www.pressenza.com\/it\/2020\/04\/24-aprile-il-quinto-sciopero-globale-per-il-clima-in-digitale-davanti-a-palazzo-chigi\/"},"wordCount":655,"publisher":{"@id":"https:\/\/www.pressenza.com\/it\/#organization"},"image":{"@id":"https:\/\/www.pressenza.com\/it\/2020\/04\/24-aprile-il-quinto-sciopero-globale-per-il-clima-in-digitale-davanti-a-palazzo-chigi\/#primaryimage"},"thumbnailUrl":"https:\/\/www.pressenza.com\/wp-content\/uploads\/2020\/04\/scipero-24.4.2020.jpg","keywords":["campagna Ritorno al Futuro","emergenza climatica","emergenza sanitaria","Palazzo Chigi","quinto sciopero globale per il clima"],"articleSection":["Comunicati Stampa","Ecologia ed Ambiente","Salute"],"inLanguage":"it-IT"},{"@type":"WebPage","@id":"https:\/\/www.pressenza.com\/it\/2020\/04\/24-aprile-il-quinto-sciopero-globale-per-il-clima-in-digitale-davanti-a-palazzo-chigi\/","url":"https:\/\/www.pressenza.com\/it\/2020\/04\/24-aprile-il-quinto-sciopero-globale-per-il-clima-in-digitale-davanti-a-palazzo-chigi\/","name":"24 aprile, il quinto sciopero globale per il clima in digitale davanti a Palazzo Chigi","isPartOf":{"@id":"https:\/\/www.pressenza.com\/it\/#website"},"primaryImageOfPage":{"@id":"https:\/\/www.pressenza.com\/it\/2020\/04\/24-aprile-il-quinto-sciopero-globale-per-il-clima-in-digitale-davanti-a-palazzo-chigi\/#primaryimage"},"image":{"@id":"https:\/\/www.pressenza.com\/it\/2020\/04\/24-aprile-il-quinto-sciopero-globale-per-il-clima-in-digitale-davanti-a-palazzo-chigi\/#primaryimage"},"thumbnailUrl":"https:\/\/www.pressenza.com\/wp-content\/uploads\/2020\/04\/scipero-24.4.2020.jpg","datePublished":"2020-04-21T15:01:52+00:00","dateModified":"2020-04-21T15:04:49+00:00","description":"Dopo pi\u00f9 di un anno di scioperi globali, come Fridays For Future venerd\u00ec 24 aprile promuoveremo per la quinta volta una mobilitazione planetaria. Questa","breadcrumb":{"@id":"https:\/\/www.pressenza.com\/it\/2020\/04\/24-aprile-il-quinto-sciopero-globale-per-il-clima-in-digitale-davanti-a-palazzo-chigi\/#breadcrumb"},"inLanguage":"it-IT","potentialAction":[{"@type":"ReadAction","target":["https:\/\/www.pressenza.com\/it\/2020\/04\/24-aprile-il-quinto-sciopero-globale-per-il-clima-in-digitale-davanti-a-palazzo-chigi\/"]}]},{"@type":"ImageObject","inLanguage":"it-IT","@id":"https:\/\/www.pressenza.com\/it\/2020\/04\/24-aprile-il-quinto-sciopero-globale-per-il-clima-in-digitale-davanti-a-palazzo-chigi\/#primaryimage","url":"https:\/\/www.pressenza.com\/wp-content\/uploads\/2020\/04\/scipero-24.4.2020.jpg","contentUrl":"https:\/\/www.pressenza.com\/wp-content\/uploads\/2020\/04\/scipero-24.4.2020.jpg","width":1920,"height":1080},{"@type":"BreadcrumbList","@id":"https:\/\/www.pressenza.com\/it\/2020\/04\/24-aprile-il-quinto-sciopero-globale-per-il-clima-in-digitale-davanti-a-palazzo-chigi\/#breadcrumb","itemListElement":[{"@type":"ListItem","position":1,"name":"Accueil","item":"https:\/\/www.pressenza.com\/it\/"},{"@type":"ListItem","position":2,"name":"24 aprile, il quinto sciopero globale per il clima in digitale davanti a Palazzo Chigi"}]},{"@type":"WebSite","@id":"https:\/\/www.pressenza.com\/it\/#website","url":"https:\/\/www.pressenza.com\/it\/","name":"Pressenza","description":"Agenzia di Stampa Internazionale","publisher":{"@id":"https:\/\/www.pressenza.com\/it\/#organization"},"potentialAction":[{"@type":"SearchAction","target":{"@type":"EntryPoint","urlTemplate":"https:\/\/www.pressenza.com\/it\/?s={search_term_string}"},"query-input":{"@type":"PropertyValueSpecification","valueRequired":true,"valueName":"search_term_string"}}],"inLanguage":"it-IT"},{"@type":"Organization","@id":"https:\/\/www.pressenza.com\/it\/#organization","name":"Pressenza","url":"https:\/\/www.pressenza.com\/it\/","logo":{"@type":"ImageObject","inLanguage":"it-IT","@id":"https:\/\/www.pressenza.com\/it\/#\/schema\/logo\/image\/","url":"https:\/\/www.pressenza.com\/wp-content\/uploads\/2022\/10\/pressenza_logo_200x200.jpg","contentUrl":"https:\/\/www.pressenza.com\/wp-content\/uploads\/2022\/10\/pressenza_logo_200x200.jpg","width":200,"height":200,"caption":"Pressenza"},"image":{"@id":"https:\/\/www.pressenza.com\/it\/#\/schema\/logo\/image\/"},"sameAs":["https:\/\/www.facebook.com\/PressenzaItalia","https:\/\/x.com\/PressenzaIPA"]},{"@type":"Person","@id":"https:\/\/www.pressenza.com\/it\/#\/schema\/person\/8f0c1d2e26efb7c5c7cad8108dd14b21","name":"Fridays For Future","description":"#FridaysForFuture is a movement that began in August 2018, after 15 years old Greta Thunberg sat in front of the Swedish parliament every schoolday for three weeks, to protest against the lack of action on the climate crisis. She posted what she was doing on Instagram and Twitter and it soon went viral. On the 8th of September, Greta decided to continue striking every Friday until the Swedish policies provided a safe pathway well under 2-degree C, i.e. in line with the Paris agreement. The hashtags #FridaysForFuture and #Climatestrike spread and many students and adults began to protest outside of their parliaments and local city halls all over the world. This has also inspired the Belgium Thursday school strikes.","url":"https:\/\/www.pressenza.com\/it\/author\/fff\/"}]}},"place":"","original_article_url":"","_links":{"self":[{"href":"https:\/\/www.pressenza.com\/it\/wp-json\/wp\/v2\/posts\/1088785","targetHints":{"allow":["GET"]}}],"collection":[{"href":"https:\/\/www.pressenza.com\/it\/wp-json\/wp\/v2\/posts"}],"about":[{"href":"https:\/\/www.pressenza.com\/it\/wp-json\/wp\/v2\/types\/post"}],"author":[{"embeddable":true,"href":"https:\/\/www.pressenza.com\/it\/wp-json\/wp\/v2\/users\/1713"}],"replies":[{"embeddable":true,"href":"https:\/\/www.pressenza.com\/it\/wp-json\/wp\/v2\/comments?post=1088785"}],"version-history":[{"count":0,"href":"https:\/\/www.pressenza.com\/it\/wp-json\/wp\/v2\/posts\/1088785\/revisions"}],"wp:featuredmedia":[{"embeddable":true,"href":"https:\/\/www.pressenza.com\/it\/wp-json\/wp\/v2\/media\/1086442"}],"wp:attachment":[{"href":"https:\/\/www.pressenza.com\/it\/wp-json\/wp\/v2\/media?parent=1088785"}],"wp:term":[{"taxonomy":"category","embeddable":true,"href":"https:\/\/www.pressenza.com\/it\/wp-json\/wp\/v2\/categories?post=1088785"},{"taxonomy":"post_tag","embeddable":true,"href":"https:\/\/www.pressenza.com\/it\/wp-json\/wp\/v2\/tags?post=1088785"}],"curies":[{"name":"wp","href":"https:\/\/api.w.org\/{rel}","templated":true}]}}