{"id":108471,"date":"2014-05-22T10:42:28","date_gmt":"2014-05-22T09:42:28","guid":{"rendered":"http:\/\/www.pressenza.com\/?p=108471"},"modified":"2014-05-22T10:42:46","modified_gmt":"2014-05-22T09:42:46","slug":"perche-zona-libero-scambio-pericolo-per-diritto-per-lazione-sindacale","status":"publish","type":"post","link":"https:\/\/www.pressenza.com\/it\/2014\/05\/perche-zona-libero-scambio-pericolo-per-diritto-per-lazione-sindacale\/","title":{"rendered":"Perch\u00e9 la zona di libero scambio \u00e8 un pericolo per il diritto del lavoro e per l&#8217;azione sindacale"},"content":{"rendered":"<p lang=\"it-IT\"><strong>Di\u00a0<a href=\"http:\/\/www.bastamag.net\/Rachel-Knaebel\" target=\"_blank\">Rachel Knaebel<\/a><\/strong><\/p>\n<p lang=\"it-IT\"><span style=\"color: #5e6066;\"><span style=\"font-family: Helvetica, Arial, sans-serif;\"><span style=\"font-size: small;\">La zona di libero scambio, al momento oggetto di negoziato tra l&#8217;Unione europea e gli Stati Uniti, rischia di mettere a repentaglio le norme ambientali e sanitarie europee, e di permettere alle multinazionali di portare in giudizio gli stati europei. Il futuro trattato costituisce inoltre una minaccia per l&#8217;esercizio del diritto sindacale e per molte protezioni sociali, come il salario minimo. Infatti, gli Stati Uniti non riconoscono la maggior parte delle convenzioni fondamentali dell&#8217;Organizzazione internazionale del lavoro. La tutela dei lavoratori verr\u00e0 dunque presto considerata come un ostacolo agli scambi, suscettibile di azioni giudiziarie?<\/span><\/span><\/span><\/p>\n<p><span style=\"color: #5e6066;\"><span style=\"font-family: Helvetica, Arial, sans-serif;\"><span style=\"font-size: small;\">I diritti dei lavoratori, l&#8217;esercizio della libert\u00e0 sindacale e la tutela della salute sul posto di lavoro sono minacciati dall&#8217;accordo commerciale in corso di negoziazione tra l&#8217;Europa e gli Stati Uniti? \u00c8 ci\u00f2 che temono i sindacati europei. I negoziati per il trattato commerciale transatlantico, conosciuto con la sigla TTIP (Transatlantic Trade and Investment Partnership) o a volte Tafta, iniziano a luglio 2013 (vedi nostra <\/span><\/span><\/span><a href=\"http:\/\/www.bastamag.net\/Mariage-commercial-Europe-Etats\" target=\"_blank\"><span style=\"color: #217dd3;\"><span style=\"font-family: Helvetica, Arial, sans-serif;\"><span style=\"font-size: small;\">inchiesta<\/span><\/span><\/span><\/a><span style=\"color: #5e6066;\"><span style=\"font-family: Helvetica, Arial, sans-serif;\"><span style=\"font-size: small;\">), circondati da fumosit\u00e0. Gli elettori non ne sanno granch\u00e9. I governi ed i deputati europei ne sono tenuti lontani. \u00c8 la Commissione europea a negoziare il trattato direttamente con l&#8217;esecutivo americano.<\/span><\/span><\/span><\/p>\n<p lang=\"it-IT\"><span style=\"color: #5e6066;\"><span style=\"font-family: Helvetica, Arial, sans-serif;\"><span style=\"font-size: small;\">Il trattato mira ad instaurare una vasta zona di libero scambio: 29 stati, 820 milioni di abitanti, separati dal Nord Atlantico. Eliminazione dei dazi doganali, soppressione degli \u201costacoli non tariffari\u201e al commercio (licenza d&#8217;esportazione, controllo qualit\u00e0 delle importazioni\u2026), armonizzazione delle norme e delle regolamentazioni, questi gli argomenti sul tavolo dei negoziati. Le norme europee in materia sociale o ambientale potrebbero a loro volta essere considerate troppo restrittive. Tale trattato potr\u00e0 ad esempio aprire i porti europei all&#8217;arrivo del manzo agli ormoni americano.<\/span><\/span><\/span><\/p>\n<p lang=\"it-IT\"><span style=\"color: #5e6066;\"><span style=\"font-family: Helvetica, Arial, sans-serif;\"><span style=\"font-size: small;\"><b>Gli Stati Uniti, pessimo esempio nel campo dei diritti dei lavoratori<\/b><\/span><\/span><\/span><\/p>\n<p><span style=\"color: #5e6066;\"><span style=\"font-family: Helvetica, Arial, sans-serif;\"><span style=\"font-size: small;\">Altro punto delicato: i meccanismi di \u201cprotezione degli investimenti\u201e. Questi meccanismi permettono alle multinazionali statunitensi ed europee che si sentissero \u201cdiscriminate\u201e da una legge di richiedere un risarcimento agli stati, tramite tribunali d&#8217;arbitrato privati, nel caso stimassero che quella legge mette a rischio i loro investimenti. Tali tribunali d&#8217;arbitrato esistono gi\u00e0. E i loro \u201carbitraggi\u201e sono generalmente a favore degli interessi privati (vedere il nostro\u00a0<\/span><\/span><\/span><a href=\"http:\/\/www.bastamag.net\/Conflits-entre-Etats-et\" target=\"_blank\"><span style=\"color: #217dd3;\"><span style=\"font-family: Helvetica, Arial, sans-serif;\"><span style=\"font-size: small;\">articolo<\/span><\/span><\/span><\/a><span style=\"color: #5e6066;\"><span style=\"font-family: Helvetica, Arial, sans-serif;\"><span style=\"font-size: small;\">). Cos\u00ec, ad esempio, alcune imprese europee hanno potuto intentare causa contro l&#8217;aumento del salario minimo in Egitto o contro l&#8217;uscita del nucleare decisa dalla Germania nel 2011. La sola minaccia di un reclamo, per esempio contro l&#8217;interdizione di un prodotto giudicato tossico, di una tecnica d&#8217;estrazione o del lavoro festivo, pu\u00f2 a volte bastare a fare abortire le scelte di qualche governo, a profitto delle imprese.<\/span><\/span><\/span><\/p>\n<p><span style=\"color: #5e6066;\"><span style=\"font-family: Helvetica, Arial, sans-serif;\"><span style=\"font-size: small;\">Ma per la Commissione europea il gioco vale la candela. Secondo <\/span><\/span><\/span><a href=\"http:\/\/ec.europa.eu\/trade\/policy\/in-focus\/ttip\/about-ttip\/index_fr.htm\" target=\"_blank\"><span style=\"color: #217dd3;\"><span style=\"font-family: Helvetica, Arial, sans-serif;\"><span style=\"font-size: small;\">la Commissione<\/span><\/span><\/span><\/a><span style=\"color: #5e6066;\"><span style=\"font-family: Helvetica, Arial, sans-serif;\"><span style=\"font-size: small;\">, l&#8217;accordo transatlantico <\/span><\/span><\/span><span style=\"color: #5e6066;\"><span style=\"font-family: Helvetica, Arial, sans-serif;\"><span style=\"font-size: small;\"><i>\u201cstimoler\u00e0 la crescita e creer\u00e0 posti di lavoro\u201e<\/i><\/span><\/span><\/span><span style=\"color: #5e6066;\"><span style=\"font-family: Helvetica, Arial, sans-serif;\"><span style=\"font-size: small;\">. Un ottimismo che non basta a convincere i sindacati europei. A parte i dati poco chiari sui reali effetti positivi che potrebbe avere il trattato sulla salute economica europea (un incremento delllo 0,5% di crescita in Europa grazie al trattato, secondo uno studio ordinato dalla stessa Commissione), i sindacati del vecchio continente si preoccupano per le conseguenze potenzialmente devastanti sul diritto al lavoro.<\/span><\/span><\/span><\/p>\n<p lang=\"it-IT\"><span style=\"color: #5e6066;\"><span style=\"font-family: Helvetica, Arial, sans-serif;\"><span style=\"font-size: small;\"><b>Un&#8217;armonizzazione\u2026 verso il basso<\/b><\/span><\/span><\/span><\/p>\n<p><span style=\"color: #5e6066;\">\u201c<span style=\"font-family: Helvetica, Arial, sans-serif;\"><span style=\"font-size: small;\"><i>Noi non siamo contro gli accordi di libero scambio per principio. In alcuni settori, quale quello automobilistico, l&#8217;Unione Europea e gli Stati Uniti hanno ciascuno delle norme di sicurezza rigorose e comparabili, ma procedure di controllo differenti. In questo caso, un&#8217;armonizzazione non sarebbe una cosa negativa<\/i><\/span><\/span><\/span><span style=\"color: #5e6066;\"><span style=\"font-family: Helvetica, Arial, sans-serif;\"><span style=\"font-size: small;\">, come analizza Mathieu Moriamez, segretario confederale della confederazione sindacale CGT incaricato delle questioni internazionali.\u00a0<\/span><\/span><\/span><span style=\"color: #5e6066;\"><span style=\"font-family: Helvetica, Arial, sans-serif;\"><span style=\"font-size: small;\"><i>Ma sappiamo che gli accordi di libero scambio si fanno per aumentare i profitti delle multinazionali ed a sfavore delle popolazioni\u00bb.<\/i><\/span><\/span><\/span><\/p>\n<p><span style=\"color: #5e6066;\"><span style=\"font-family: Helvetica, Arial, sans-serif;\"><span style=\"font-size: small;\">Nello specifico, quello che preoccupa la CGT, come d&#8217;altronde il resto dei sindacati europei, \u00e8 la prospettiva di una armonizzazione verso il basso. Nei settori dell&#8217;agricoltura e dell&#8217;ambiente, ma anche in materia di protezione sociale e di lavoro. \u201c<\/span><\/span><\/span><span style=\"color: #5e6066;\"><span style=\"font-family: Helvetica, Arial, sans-serif;\"><span style=\"font-size: small;\"><i>Anche il principio del salario minimo e la protezione sociale potrebbero essere rimessi in discussione se considerati come un ostacolo alla concorrenza\u201e<\/i><\/span><\/span><\/span><span style=\"color: #5e6066;\"><span style=\"font-family: Helvetica, Arial, sans-serif;\"><span style=\"font-size: small;\">, avverte la CGT. Un timore tanto pi\u00f9 forte in quanto lo zio Sam non \u00e8 certo un esempio da seguire in materia di protezione dei lavoratori.<\/span><\/span><\/span><span style=\"color: #5e6066;\"><span style=\"font-family: Helvetica, Arial, sans-serif;\"><span style=\"font-size: small;\"><i>\u201cNel settore privato, il personale d&#8217;inquadramento o di direzione, gli imprenditori indipendenti ed i lavoratori domestici non hanno il diritto di costituire un sindacato n\u00e9 di aderirvi. La stessa cosa vale per i lavoratori agricoli eccetto in un piccolo numero di stati\u201e<\/i><\/span><\/span><\/span><span style=\"color: #5e6066;\"><span style=\"font-family: Helvetica, Arial, sans-serif;\"><span style=\"font-size: small;\">, come rileva il bilancio annuale della confederazione sindacale internazionale sui \u201cpaesi a rischio\u201e in materia di violazione dei diritti sindacali. In altre parole, al 15% della mano d&#8217;opera nel settore privato \u00e8 vietato far parte di un sindacato! Divieto di pubblicizzazione sindacale all&#8217;interno delle imprese, minaccia di chiusura in caso di costituzione di un sindacato, rifiuto di negoziare con i sindacati rappresentativi: le violazione della libert\u00e0 sindacale sono numerose.<\/span><\/span><\/span><\/p>\n<p><span style=\"color: #5e6066;\">\u201c<span style=\"font-family: Helvetica, Arial, sans-serif;\"><span style=\"font-size: small;\"><i>Gli Stati Uniti non hanno ratificato tutte le convenzioni dell&#8217;Organizzazione internazionale del lavoro(OIL)\u00a0\u201e<\/i><\/span><\/span><\/span><span style=\"color: #5e6066;\"><span style=\"font-family: Helvetica, Arial, sans-serif;\"><span style=\"font-size: small;\">,<\/span><\/span><\/span><a href=\"http:\/\/www.etuc.org\/documents\/etuc-position-transatlantic-trade-and-investment-partnership#.U06dJ8d9soY\" target=\"_blank\"><span style=\"color: #217dd3;\"><span style=\"font-family: Helvetica, Arial, sans-serif;\"><span style=\"font-size: small;\">ricordava<\/span><\/span><\/span><\/a><span style=\"color: #5e6066;\"><span style=\"font-family: Helvetica, Arial, sans-serif;\"><span style=\"font-size: small;\">\u00a0fin dall&#8217;aprile 2013 la Confederazione europea dei sindacati (CES). L&#8217;organizzazione \u00e8 preoccupata anche per le <\/span><\/span><\/span><span style=\"color: #5e6066;\"><span style=\"font-family: Helvetica, Arial, sans-serif;\"><span style=\"font-size: small;\"><i>\u201cviolazioni dei diritti fondamentali dei lavoratori negli Stati Uniti, in particolare quello di organizzarsi e negoziare collettivamente&#8221;. <\/i><\/span><\/span><\/span><span style=\"color: #5e6066;\"><span style=\"font-family: Helvetica, Arial, sans-serif;\"><span style=\"font-size: small;\">La federazione sindacale tedesca DGB ha a sua volta lanciato l&#8217;allarme, lo scorso anno: i negoziati sono iniziati senza che gli Stati Uniti avessero ratificato sei delle otto convenzioni fondamentali dell&#8217;IOIL, tra cui quelle sulla libert\u00e0 di riunione e sul diritto alla contrattazione collettiva. \u201c<\/span><\/span><\/span><span style=\"color: #5e6066;\"><span style=\"font-family: Helvetica, Arial, sans-serif;\"><span style=\"font-size: small;\"><i>Negli Stati Uniti continuano a verificarsi casi in cui le attivit\u00e0 sindacali sono impedite, a volte anche in filiali di grandi gruppi tedeschi\u201e<\/i><\/span><\/span><\/span><span style=\"color: #5e6066;\"><span style=\"font-family: Helvetica, Arial, sans-serif;\"><span style=\"font-size: small;\">, aggiunge il sindacato tedesco.<\/span><\/span><\/span><\/p>\n<p lang=\"it-IT\"><span style=\"color: #5e6066;\"><span style=\"font-family: Helvetica, Arial, sans-serif;\"><span style=\"font-size: small;\"><b>Libert\u00e0 sindacale, un ostacolo al commercio\u00a0?<\/b><\/span><\/span><\/span><\/p>\n<p><a name=\"nh1\"><\/a><span style=\"color: #5e6066;\"><span style=\"font-family: Helvetica, Arial, sans-serif;\"><span style=\"font-size: small;\">\u00a0Spiega Wolfgang Uellenberg, della confederazione sindacale tedesca dei servizi Verdi: <\/span><\/span><\/span><span style=\"color: #5e6066;\"><span style=\"font-family: Helvetica, Arial, sans-serif;\"><span style=\"font-size: small;\"><i>\u201cQuesto trattato non metter\u00e0 direttamente in pericolo i diritti sindacali in Europa. Ma gli Stati Uniti possono produrre a costi inferiori perch\u00e9 le norme fondamentali del diritto del lavoro e della libert\u00e0 sindacale non vi sono rispettate. Con il partenariato transatlantico, le imprese potranno contestare gli standard dell&#8217;OIL come discriminanti. Potranno sostenere che la tutela dei lavoratori e dei diritti sindacali \u00e8 un ostacolo al commercio ed al libero scambio.\u201e<\/i><\/span><\/span><\/span><span style=\"color: #5e6066;\"><span style=\"font-family: Helvetica, Arial, sans-serif;\"><span style=\"font-size: small;\">\u00a0Il ricorso ai tribunali d&#8217;arbitrato privati in nome della protezione dei loro investimenti verr\u00e0 loro in aiuto. Anche l&#8217;unione sindacale svedese, pur abbastanza favorevole al trattato,\u00a0<\/span><\/span><\/span><a href=\"http:\/\/www.lo.se\/english\/news\/swedish_trade_unions_policy_on_negotiations_on_a_free_trade_agreement_between_eu_and_usa\" target=\"_blank\"><span style=\"color: #217dd3;\"><span style=\"font-family: Helvetica, Arial, sans-serif;\"><span style=\"font-size: small;\">rigetta<\/span><\/span><\/span><\/a><span style=\"color: #5e6066;\"><span style=\"font-family: Helvetica, Arial, sans-serif;\"><span style=\"font-size: small;\">\u00a0tale meccanismo, considerato<\/span><\/span><\/span><span style=\"color: #5e6066;\"><span style=\"font-family: Helvetica, Arial, sans-serif;\"><span style=\"font-size: small;\"><i>\u201cin conflitto con il principio di sovranit\u00e0 degli stati&#8221;. <\/i><\/span><\/span><\/span><span style=\"color: #5e6066;\"><span style=\"font-family: Helvetica, Arial, sans-serif;\"><span style=\"font-size: small;\">E anche i sindacati americani contestano la presenza di tale meccanismo all&#8217;interno del partenariato [<\/span><\/span><\/span><a href=\"http:\/\/www.bastamag.net\/Accord-commercial-Europe-USA#nb1\" target=\"_blank\"><span style=\"color: #217dd3;\"><span style=\"font-family: Helvetica, Arial, sans-serif;\"><span style=\"font-size: small;\">1<\/span><\/span><\/span><\/a><span style=\"color: #5e6066;\"><span style=\"font-family: Helvetica, Arial, sans-serif;\"><span style=\"font-size: small;\">].<\/span><\/span><\/span><\/p>\n<p><a name=\"nh2\"><\/a><span style=\"color: #5e6066;\"><span style=\"font-family: Helvetica, Arial, sans-serif;\"><span style=\"font-size: small;\">Senza respingere in blocco il principio di un accordo, i sindacati europei vogliono un trattato che protegga il lavoro. <\/span><\/span><\/span><span style=\"color: #5e6066;\"><span style=\"font-family: Helvetica, Arial, sans-serif;\"><span style=\"font-size: small;\"><i>\u201cUn tale accordo dovrebbe piuttosto ratificare come obiettivo la piena occupazione, il lavoro dignitoso e migliori condizioni di vita per tutti<\/i><\/span><\/span><\/span><span style=\"color: #5e6066;\"><span style=\"font-family: Helvetica, Arial, sans-serif;\"><span style=\"font-size: small;\">\u201e, insiste la CGT. Per il potente sindacato tedesco dell&#8217;industria IG Metall\u00a0[<\/span><\/span><\/span><a href=\"http:\/\/www.bastamag.net\/Accord-commercial-Europe-USA#nb2\" target=\"_blank\"><span style=\"color: #217dd3;\"><span style=\"font-family: Helvetica, Arial, sans-serif;\"><span style=\"font-size: small;\">2<\/span><\/span><\/span><\/a><span style=\"color: #5e6066;\"><span style=\"font-family: Helvetica, Arial, sans-serif;\"><span style=\"font-size: small;\">], <\/span><\/span><\/span><span style=\"color: #5e6066;\"><span style=\"font-family: Helvetica, Arial, sans-serif;\"><span style=\"font-size: small;\"><i>\u201cl&#8217;accordo deve contenere una clausola specifica che proibisca lo smantellamento dei diritti dei lavoratori e delle norme sociali e garantisca di volta in volta lo standard pi\u00f9 elevato.\u00bb<\/i><\/span><\/span><\/span><\/p>\n<p lang=\"it-IT\"><span style=\"color: #5e6066;\"><span style=\"font-family: Helvetica, Arial, sans-serif;\"><span style=\"font-size: small;\"><b>Il governo tedesco dalla parte dei sindacati\u00a0?<\/b><\/span><\/span><\/span><\/p>\n<p><a name=\"nh3\"><\/a><a name=\"nh4\"><\/a> <span style=\"color: #5e6066;\"><span style=\"font-family: Helvetica, Arial, sans-serif;\"><span style=\"font-size: small;\">In Germania, i sindacati hanno trovato un orecchio attento da parte del governo. <\/span><\/span><\/span><span style=\"color: #5e6066;\"><span style=\"font-family: Helvetica, Arial, sans-serif;\"><span style=\"font-size: small;\"><i>&#8220;Stiamo lavorando insieme, con il Ministero dell&#8217;economia, su punti chiave da imporre nei negoziati<\/i><\/span><\/span><\/span><span style=\"color: #5e6066;\"><span style=\"font-family: Helvetica, Arial, sans-serif;\"><span style=\"font-size: small;\">, sottolinea Wolfgang Uellenberg. <\/span><\/span><\/span><span style=\"color: #5e6066;\"><span style=\"font-family: Helvetica, Arial, sans-serif;\"><span style=\"font-size: small;\"><i>Ma nessuno sa realmente cosa sappia il governo sullo stato dei negoziati e cosa pu\u00f2 fare per influenzarli\u00bb. <\/i><\/span><\/span><\/span><span style=\"color: #5e6066;\"><span style=\"font-family: Helvetica, Arial, sans-serif;\"><span style=\"font-size: small;\">Fatto sta che in Germania, dove la stampa e persino le televisioni\u00a0[<\/span><\/span><\/span><a href=\"http:\/\/www.bastamag.net\/Accord-commercial-Europe-USA#nb3\" target=\"_blank\"><span style=\"color: #217dd3;\"><span style=\"font-family: Helvetica, Arial, sans-serif;\"><span style=\"font-size: small;\">3<\/span><\/span><\/span><\/a><span style=\"color: #5e6066;\"><span style=\"font-family: Helvetica, Arial, sans-serif;\"><span style=\"font-size: small;\">], trattano abbondantemente dei pericoli del TTIP, il governo ha pubblicamente respinto il meccanismo dei tribunali arbitrali\u00a0[<\/span><\/span><\/span><a href=\"http:\/\/www.bastamag.net\/Accord-commercial-Europe-USA#nb4\" target=\"_blank\"><span style=\"color: #217dd3;\"><span style=\"font-family: Helvetica, Arial, sans-serif;\"><span style=\"font-size: small;\">4<\/span><\/span><\/span><\/a><span style=\"color: #5e6066;\"><span style=\"font-family: Helvetica, Arial, sans-serif;\"><span style=\"font-size: small;\">]. La mobilitazione dei cittadini \u00e8 ampia: la campagna stop-TTIP dell&#8217;organizzazione\u00a0<\/span><\/span><\/span><a href=\"https:\/\/www.campact.de\/ttip\/appell\/teilnehmen\/\" target=\"_blank\"><span style=\"color: #217dd3;\"><span style=\"font-family: Helvetica, Arial, sans-serif;\"><span style=\"font-size: small;\">Campact<\/span><\/span><\/span><\/a><span style=\"color: #5e6066;\"><span style=\"font-family: Helvetica, Arial, sans-serif;\"><span style=\"font-size: small;\">\u00a0ha raccolto pi\u00f9 di 460.000 firme contro l&#8217;accordo transatlantico (leggere anche\u00a0<\/span><\/span><\/span><a href=\"http:\/\/www.bastamag.net\/En-Allemagne-l-accord-commercial\" target=\"_blank\"><span style=\"color: #217dd3;\"><span style=\"font-family: Helvetica, Arial, sans-serif;\"><span style=\"font-size: small;\">qui<\/span><\/span><\/span><\/a><span style=\"color: #5e6066;\"><span style=\"font-family: Helvetica, Arial, sans-serif;\"><span style=\"font-size: small;\">).<\/span><\/span><\/span><\/p>\n<p><span style=\"color: #5e6066;\"><span style=\"font-family: Helvetica, Arial, sans-serif;\"><span style=\"font-size: small;\">In tutta l&#8217;Europa montano le proteste della societ\u00e0 civile contro il trattato e l&#8217;opacit\u00e0 dei negoziati. Per cercare di rispondere, la Commissione ha avviato una consultazione pubblica sul capitolo dei diritti degli investitori. Una consultazione online per\u00a0<\/span><\/span><\/span><span style=\"color: #5e6066;\"><span style=\"font-family: Helvetica, Arial, sans-serif;\"><span style=\"font-size: small;\"><i>\u201csapere se l&#8217;approccio proposto dall&#8217;UE per la TTIP rappresenta un corretto equilibrio tra la protezione degli investitori e la salvaguardia della capacit\u00e0 e del diritto assoluti dei governi dell&#8217;UE di legiferare nell&#8217;interesse generale\u201e<\/i><\/span><\/span><\/span><span style=\"color: #5e6066;\"><span style=\"font-family: Helvetica, Arial, sans-serif;\"><span style=\"font-size: small;\">,\u00a0<\/span><\/span><\/span><a href=\"http:\/\/europa.eu\/rapid\/press-release_IP-14-292_fr.htm\" target=\"_blank\"><span style=\"color: #217dd3;\"><span style=\"font-family: Helvetica, Arial, sans-serif;\"><span style=\"font-size: small;\">sostiene<\/span><\/span><\/span><\/a><span style=\"color: #5e6066;\"><span style=\"font-family: Helvetica, Arial, sans-serif;\"><span style=\"font-size: small;\">\u00a0il commissario europeo al commercio, Karel de Gucht. <\/span><\/span><\/span><span style=\"color: #5e6066;\"><span style=\"font-family: Helvetica, Arial, sans-serif;\"><span style=\"font-size: small;\"><i>\u201cUna parodia di consultazione democratica\u201e<\/i><\/span><\/span><\/span><span style=\"color: #5e6066;\"><span style=\"font-family: Helvetica, Arial, sans-serif;\"><span style=\"font-size: small;\">, la giudica\u00a0<\/span><\/span><\/span><a href=\"http:\/\/france.attac.org\/actus-et-medias\/salle-de-presse\/article\/accord-transatlantique-la\" target=\"_blank\"><span style=\"color: #217dd3;\"><span style=\"font-family: Helvetica, Arial, sans-serif;\"><span style=\"font-size: small;\">Attac<\/span><\/span><\/span><\/a><span style=\"color: #5e6066;\"><span style=\"font-family: Helvetica, Arial, sans-serif;\"><span style=\"font-size: small;\">:\u00a0<\/span><\/span><\/span><span style=\"color: #5e6066;\"><span style=\"font-family: Helvetica, Arial, sans-serif;\"><span style=\"font-size: small;\"><i>\u201cQuanti respingono questo sistema di regolamentazione delle controversie Investitori-stati perch\u00e9 pericoloso e iniquo non avranno alcuna possibilit\u00e0 per esprimersi visto che il questionario della Commissione, con la sua impostazione di parte, non offre alcuno spazio per farlo. La Commissione dovrebbe al contrario mostrare la sua disponibilit\u00e0 per un vero dibattito, anzich\u00e9 proporci una campagna pubblicitaria dissimulata che strizza l&#8217;occhio alle multinazionali.\u00a0\u00bb<\/i><\/span><\/span><\/span><\/p>\n<p><span style=\"color: #5e6066;\"><span style=\"font-family: Helvetica, Arial, sans-serif;\"><span style=\"font-size: small;\">Una volta i negoziati terminati, il trattato dovr\u00e0 in ogni caso essere ratificato dal Parlamento europeo per entrare in vigore. Parlamento che sar\u00e0 rinnovato dopo\u00a0<\/span><\/span><\/span><span style=\"color: #217dd3;\"><span style=\"font-family: Helvetica, Arial, sans-serif;\"><span style=\"font-size: small;\"><a href=\"http:\/\/www.bastamag.net\/spip.php?page=dossier&amp;id_mot=141\" target=\"_blank\">le elezioni europee del 25 maggio<\/a><\/span><\/span><\/span><\/p>\n<p><span style=\"color: #5e6066;\"><span style=\"font-family: Helvetica, Arial, sans-serif;\"><span style=\"font-size: small;\">Foto\u00a0:\u00a0<\/span><\/span><\/span><span style=\"color: #217dd3;\"><span style=\"font-family: Helvetica, Arial, sans-serif;\"><span style=\"font-size: small;\"><a href=\"http:\/\/www.phototheque.org\/details.php?image_id=20612\" target=\"_blank\">Archivio fotografico del movimento sociale<\/a>.<\/span><\/span><\/span><\/p>\n<p><span style=\"color: #5e6066;\"><span style=\"font-family: Helvetica, Arial, sans-serif;\"><span style=\"font-size: small;\"><b>Note<\/b><\/span><\/span><\/span><\/p>\n<p style=\"display: inline !important;\"><span style=\"color: #000000;\"><span style=\"font-family: 'Times New Roman', serif;\"><span style=\"font-size: small;\">[<\/span><\/span><\/span><a href=\"http:\/\/www.bastamag.net\/Accord-commercial-Europe-USA#nh1\" target=\"_blank\"><span style=\"color: #217dd3;\"><span style=\"font-family: 'Times New Roman', serif;\"><span style=\"font-size: small;\">1<\/span><\/span><\/span><\/a><span style=\"color: #000000;\"><span style=\"font-family: 'Times New Roman', serif;\"><span style=\"font-size: small;\">]\u00a0Vedere\u00a0<\/span><\/span><\/span><a href=\"http:\/\/www.aflcio.org\/content\/download\/83241\/2300531\/AFL-CIO+Comments+on+TTIP+%26+Request+to+Testify+May13.docx.pdf\" target=\"_blank\"><span style=\"color: #217dd3;\"><span style=\"font-family: 'Times New Roman', serif;\"><span style=\"font-size: small;\">qui<\/span><\/span><\/span><\/a><span style=\"color: #000000;\"><span style=\"font-family: 'Times New Roman', serif;\"><span style=\"font-size: small;\">\u00a0la posizione sul Trattato transatlantico dell&#8217;unione sindacale americana American Federation of Labor\u2013Congress of Industrial Organizations (AFL-CIO).<\/span><\/span><\/span><\/p>\n<div dir=\"LTR\" id=\"Sezione2\">\n<p><span style=\"color: #5e6066;\"><span style=\"font-family: Helvetica, Arial, sans-serif;\"><span style=\"font-size: small;\">[<\/span><\/span><\/span><a href=\"http:\/\/www.bastamag.net\/Accord-commercial-Europe-USA#nh2\" target=\"_blank\"><span style=\"color: #217dd3;\"><span style=\"font-family: Helvetica, Arial, sans-serif;\"><span style=\"font-size: small;\">2<\/span><\/span><\/span><\/a><span style=\"color: #5e6066;\"><span style=\"font-family: Helvetica, Arial, sans-serif;\"><span style=\"font-size: small;\">]\u00a0<\/span><\/span><\/span><a href=\"http:\/\/www.igmetall.de\/ttip-transatlantisches-freihandelsabkommen-zwischen-der-eu-und-13347.htm\" target=\"_blank\"><span style=\"color: #217dd3;\"><span style=\"font-family: Helvetica, Arial, sans-serif;\"><span style=\"font-size: small;\">Vedere qui<\/span><\/span><\/span><\/a><span style=\"color: #5e6066;\"><span style=\"font-family: Helvetica, Arial, sans-serif;\"><span style=\"font-size: small;\">.<\/span><\/span><\/span><\/p>\n<\/div>\n<div dir=\"LTR\" id=\"Sezione3\">\n<p><span style=\"color: #5e6066;\"><span style=\"font-family: Helvetica, Arial, sans-serif;\"><span style=\"font-size: small;\">[<\/span><\/span><\/span><a href=\"http:\/\/www.bastamag.net\/Accord-commercial-Europe-USA#nh3\" target=\"_blank\"><span style=\"color: #217dd3;\"><span style=\"font-family: Helvetica, Arial, sans-serif;\"><span style=\"font-size: small;\">3<\/span><\/span><\/span><\/a><span style=\"color: #5e6066;\"><span style=\"font-family: Helvetica, Arial, sans-serif;\"><span style=\"font-size: small;\">]\u00a0<\/span><\/span><\/span><a href=\"http:\/\/www.wdr.de\/tv\/monitor\/sendungen\/2014\/0130\/freihandelsabkommen.php5\" target=\"_blank\"><span style=\"color: #217dd3;\"><span style=\"font-family: Helvetica, Arial, sans-serif;\"><span style=\"font-size: small;\">Qui<\/span><\/span><\/span><\/a><span style=\"color: #5e6066;\"><span style=\"font-family: Helvetica, Arial, sans-serif;\"><span style=\"font-size: small;\">, ad esempio, sulla televisione pubblica.<\/span><\/span><\/span><\/p>\n<\/div>\n<p><span style=\"color: #5e6066;\"><span style=\"font-family: Helvetica, Arial, sans-serif;\"><span style=\"font-size: small;\">[<\/span><\/span><\/span><a href=\"http:\/\/www.bastamag.net\/Accord-commercial-Europe-USA#nh4\" target=\"_blank\"><span style=\"color: #217dd3;\"><span style=\"font-family: Helvetica, Arial, sans-serif;\"><span style=\"font-size: small;\">4<\/span><\/span><\/span><\/a><span style=\"color: #5e6066;\"><span style=\"font-family: Helvetica, Arial, sans-serif;\"><span style=\"font-size: small;\">]\u00a0<\/span><\/span><\/span><span style=\"color: #5e6066;\"><span style=\"font-family: Helvetica, Arial, sans-serif;\"><span style=\"font-size: small;\">In particolare per voce della segretaria di Stato del ministero dell&#8217;economia, Brigitte Zypries, davanti ai deputati del Bundestag, il 12 marzo scorso\u00a0:\u00a0<\/span><\/span><\/span><span style=\"color: #5e6066;\"><span style=\"font-family: Helvetica, Arial, sans-serif;\"><span style=\"font-size: small;\"><i>\u201c\u00a0combattiamo attualmente perch\u00e9 il sistema dei tribunali d&#8217;arbitrato non sia incluso nell&#8217;accordo.\u00a0\u00bb<\/i><\/span><\/span><\/span><span style=\"color: #5e6066;\"><span style=\"font-family: Helvetica, Arial, sans-serif;\"><span style=\"font-size: small;\">.<\/span><\/span><\/span><\/p>\n<p lang=\"it-IT\"><span style=\"color: #5e6066;\"><span style=\"font-family: Helvetica, Arial, sans-serif;\"><span style=\"font-size: small;\"><span style=\"color: #217dd3;\">Fonte: <\/span><a href=\"http:\/\/www.bastamag.net\/Accord-commercial-Europe-USA\">http:\/\/www.bastamag.net\/Accord-commercial-Europe-USA<\/a><\/span><\/span><\/span><\/p>\n<p>Traduzione dal francese di <a href=\"http:\/\/it.linkedin.com\/pub\/giuseppina-vecchia\/2b\/942\/802\/en\">Giuseppina Vecchia<\/a> per Pressenza<\/p>\n<p>Altri approfondimenti sull&#8217;argomento:<\/p>\n<p><a href=\"http:\/\/www.pressenza.com\/it\/2014\/04\/grande-mercato-transatlantico-norme-sociali-in-vigore-in-ue-smantellamento-programmato\/\">Smantellamento norme sociali<\/a><\/p>\n<p><a href=\"http:\/\/www.pressenza.com\/it\/2013\/11\/accordo-transatlantico-di-libero-scambio-la-democrazia-pericolo\/\">Democrazia in pericolo<\/a><\/p>\n<p><a href=\"http:\/\/www.pressenza.com\/it\/2013\/10\/laccordo-libero-scambio-unione-europea-canada-inaccettabile\/\">Un accordo inaccettabile<\/a><\/p>\n","protected":false},"excerpt":{"rendered":"<p>Di\u00a0Rachel Knaebel La zona di libero scambio, al momento oggetto di negoziato tra l&#8217;Unione europea e gli Stati Uniti, rischia di mettere a repentaglio le norme ambientali e sanitarie europee, e di permettere alle multinazionali di portare in giudizio gli&hellip;<\/p>\n","protected":false},"author":1043,"featured_media":108076,"comment_status":"closed","ping_status":"open","sticky":false,"template":"","format":"standard","meta":{"footnotes":""},"categories":[62,47,38,49,162],"tags":[7807,10585,7364],"class_list":["post-108471","post","type-post","status-publish","format-standard","has-post-thumbnail","hentry","category-economia","category-europa","category-internazionale","category-nord-america","category-opinioni","tag-tafta-it","tag-trattato-di-libero-scambio","tag-ttip-it"],"yoast_head":"<!-- This site is optimized with the Yoast SEO plugin v27.1.1 - https:\/\/yoast.com\/product\/yoast-seo-wordpress\/ -->\n<title>Perch\u00e9 la zona di libero scambio \u00e8 un pericolo per il diritto del lavoro e per l&#039;azione sindacale<\/title>\n<meta name=\"description\" content=\"Di\u00a0Rachel Knaebel La zona di libero scambio, al momento oggetto di negoziato tra l&#039;Unione europea e gli Stati Uniti, rischia di mettere a repentaglio le\" \/>\n<meta name=\"robots\" content=\"index, follow, max-snippet:-1, max-image-preview:large, max-video-preview:-1\" \/>\n<link rel=\"canonical\" href=\"https:\/\/www.pressenza.com\/it\/2014\/05\/perche-zona-libero-scambio-pericolo-per-diritto-per-lazione-sindacale\/\" \/>\n<meta property=\"og:locale\" content=\"it_IT\" \/>\n<meta property=\"og:type\" content=\"article\" \/>\n<meta property=\"og:title\" content=\"Perch\u00e9 la zona di libero scambio \u00e8 un pericolo per il diritto del lavoro e per l&#039;azione sindacale\" \/>\n<meta property=\"og:description\" content=\"Di\u00a0Rachel Knaebel La zona di libero scambio, al momento oggetto di negoziato tra l&#039;Unione europea e gli Stati Uniti, rischia di mettere a repentaglio le\" \/>\n<meta property=\"og:url\" content=\"https:\/\/www.pressenza.com\/it\/2014\/05\/perche-zona-libero-scambio-pericolo-per-diritto-per-lazione-sindacale\/\" \/>\n<meta property=\"og:site_name\" content=\"Pressenza\" \/>\n<meta property=\"article:publisher\" content=\"https:\/\/www.facebook.com\/PressenzaItalia\" \/>\n<meta property=\"article:author\" content=\"https:\/\/www.facebook.com\/pages\/Basta-Site-dinformation-sur-les-luttes-environnementales-et-sociales\/262286559891\" \/>\n<meta property=\"article:published_time\" content=\"2014-05-22T09:42:28+00:00\" \/>\n<meta property=\"article:modified_time\" content=\"2014-05-22T09:42:46+00:00\" \/>\n<meta property=\"og:image\" content=\"https:\/\/www.pressenza.com\/wp-content\/uploads\/2014\/05\/Pourquoi-le-trait\u00e9-de-libre-\u00e9change-constitue-une-menace-pour-le-droit-du-travail-et-l\u2019action-syndicale.jpg\" \/>\n\t<meta property=\"og:image:width\" content=\"540\" \/>\n\t<meta property=\"og:image:height\" content=\"362\" \/>\n\t<meta property=\"og:image:type\" content=\"image\/jpeg\" \/>\n<meta name=\"author\" content=\"Bastamag\" \/>\n<meta name=\"twitter:card\" content=\"summary_large_image\" \/>\n<meta name=\"twitter:creator\" content=\"@bastamag\" \/>\n<meta name=\"twitter:site\" content=\"@PressenzaIPA\" \/>\n<meta name=\"twitter:label1\" content=\"Scritto da\" \/>\n\t<meta name=\"twitter:data1\" content=\"Bastamag\" \/>\n\t<meta name=\"twitter:label2\" content=\"Tempo di lettura stimato\" \/>\n\t<meta name=\"twitter:data2\" content=\"7 minuti\" \/>\n<script type=\"application\/ld+json\" class=\"yoast-schema-graph\">{\"@context\":\"https:\/\/schema.org\",\"@graph\":[{\"@type\":\"Article\",\"@id\":\"https:\/\/www.pressenza.com\/it\/2014\/05\/perche-zona-libero-scambio-pericolo-per-diritto-per-lazione-sindacale\/#article\",\"isPartOf\":{\"@id\":\"https:\/\/www.pressenza.com\/it\/2014\/05\/perche-zona-libero-scambio-pericolo-per-diritto-per-lazione-sindacale\/\"},\"author\":{\"name\":\"Bastamag\",\"@id\":\"https:\/\/www.pressenza.com\/it\/#\/schema\/person\/017dfcd67def6ac675c187e710c4e749\"},\"headline\":\"Perch\u00e9 la zona di libero scambio \u00e8 un pericolo per il diritto del lavoro e per l&#8217;azione sindacale\",\"datePublished\":\"2014-05-22T09:42:28+00:00\",\"dateModified\":\"2014-05-22T09:42:46+00:00\",\"mainEntityOfPage\":{\"@id\":\"https:\/\/www.pressenza.com\/it\/2014\/05\/perche-zona-libero-scambio-pericolo-per-diritto-per-lazione-sindacale\/\"},\"wordCount\":1553,\"publisher\":{\"@id\":\"https:\/\/www.pressenza.com\/it\/#organization\"},\"image\":{\"@id\":\"https:\/\/www.pressenza.com\/it\/2014\/05\/perche-zona-libero-scambio-pericolo-per-diritto-per-lazione-sindacale\/#primaryimage\"},\"thumbnailUrl\":\"https:\/\/www.pressenza.com\/wp-content\/uploads\/2014\/05\/Pourquoi-le-trait\u00e9-de-libre-\u00e9change-constitue-une-menace-pour-le-droit-du-travail-et-l\u2019action-syndicale.jpg\",\"keywords\":[\"TAFTA\",\"trattato di libero scambio\",\"TTIP\"],\"articleSection\":[\"Economia\",\"Europa\",\"Internazionale\",\"Nord America\",\"Opinioni\"],\"inLanguage\":\"it-IT\"},{\"@type\":\"WebPage\",\"@id\":\"https:\/\/www.pressenza.com\/it\/2014\/05\/perche-zona-libero-scambio-pericolo-per-diritto-per-lazione-sindacale\/\",\"url\":\"https:\/\/www.pressenza.com\/it\/2014\/05\/perche-zona-libero-scambio-pericolo-per-diritto-per-lazione-sindacale\/\",\"name\":\"Perch\u00e9 la zona di libero scambio \u00e8 un pericolo per il diritto del lavoro e per l'azione sindacale\",\"isPartOf\":{\"@id\":\"https:\/\/www.pressenza.com\/it\/#website\"},\"primaryImageOfPage\":{\"@id\":\"https:\/\/www.pressenza.com\/it\/2014\/05\/perche-zona-libero-scambio-pericolo-per-diritto-per-lazione-sindacale\/#primaryimage\"},\"image\":{\"@id\":\"https:\/\/www.pressenza.com\/it\/2014\/05\/perche-zona-libero-scambio-pericolo-per-diritto-per-lazione-sindacale\/#primaryimage\"},\"thumbnailUrl\":\"https:\/\/www.pressenza.com\/wp-content\/uploads\/2014\/05\/Pourquoi-le-trait\u00e9-de-libre-\u00e9change-constitue-une-menace-pour-le-droit-du-travail-et-l\u2019action-syndicale.jpg\",\"datePublished\":\"2014-05-22T09:42:28+00:00\",\"dateModified\":\"2014-05-22T09:42:46+00:00\",\"description\":\"Di\u00a0Rachel Knaebel La zona di libero scambio, al momento oggetto di negoziato tra l'Unione europea e gli Stati Uniti, rischia di mettere a repentaglio le\",\"breadcrumb\":{\"@id\":\"https:\/\/www.pressenza.com\/it\/2014\/05\/perche-zona-libero-scambio-pericolo-per-diritto-per-lazione-sindacale\/#breadcrumb\"},\"inLanguage\":\"it-IT\",\"potentialAction\":[{\"@type\":\"ReadAction\",\"target\":[\"https:\/\/www.pressenza.com\/it\/2014\/05\/perche-zona-libero-scambio-pericolo-per-diritto-per-lazione-sindacale\/\"]}]},{\"@type\":\"ImageObject\",\"inLanguage\":\"it-IT\",\"@id\":\"https:\/\/www.pressenza.com\/it\/2014\/05\/perche-zona-libero-scambio-pericolo-per-diritto-per-lazione-sindacale\/#primaryimage\",\"url\":\"https:\/\/www.pressenza.com\/wp-content\/uploads\/2014\/05\/Pourquoi-le-trait\u00e9-de-libre-\u00e9change-constitue-une-menace-pour-le-droit-du-travail-et-l\u2019action-syndicale.jpg\",\"contentUrl\":\"https:\/\/www.pressenza.com\/wp-content\/uploads\/2014\/05\/Pourquoi-le-trait\u00e9-de-libre-\u00e9change-constitue-une-menace-pour-le-droit-du-travail-et-l\u2019action-syndicale.jpg\",\"width\":540,\"height\":362},{\"@type\":\"BreadcrumbList\",\"@id\":\"https:\/\/www.pressenza.com\/it\/2014\/05\/perche-zona-libero-scambio-pericolo-per-diritto-per-lazione-sindacale\/#breadcrumb\",\"itemListElement\":[{\"@type\":\"ListItem\",\"position\":1,\"name\":\"Accueil\",\"item\":\"https:\/\/www.pressenza.com\/it\/\"},{\"@type\":\"ListItem\",\"position\":2,\"name\":\"Perch\u00e9 la zona di libero scambio \u00e8 un pericolo per il diritto del lavoro e per l&#8217;azione sindacale\"}]},{\"@type\":\"WebSite\",\"@id\":\"https:\/\/www.pressenza.com\/it\/#website\",\"url\":\"https:\/\/www.pressenza.com\/it\/\",\"name\":\"Pressenza\",\"description\":\"Agenzia di Stampa Internazionale\",\"publisher\":{\"@id\":\"https:\/\/www.pressenza.com\/it\/#organization\"},\"potentialAction\":[{\"@type\":\"SearchAction\",\"target\":{\"@type\":\"EntryPoint\",\"urlTemplate\":\"https:\/\/www.pressenza.com\/it\/?s={search_term_string}\"},\"query-input\":{\"@type\":\"PropertyValueSpecification\",\"valueRequired\":true,\"valueName\":\"search_term_string\"}}],\"inLanguage\":\"it-IT\"},{\"@type\":\"Organization\",\"@id\":\"https:\/\/www.pressenza.com\/it\/#organization\",\"name\":\"Pressenza\",\"url\":\"https:\/\/www.pressenza.com\/it\/\",\"logo\":{\"@type\":\"ImageObject\",\"inLanguage\":\"it-IT\",\"@id\":\"https:\/\/www.pressenza.com\/it\/#\/schema\/logo\/image\/\",\"url\":\"https:\/\/www.pressenza.com\/wp-content\/uploads\/2022\/10\/pressenza_logo_200x200.jpg\",\"contentUrl\":\"https:\/\/www.pressenza.com\/wp-content\/uploads\/2022\/10\/pressenza_logo_200x200.jpg\",\"width\":200,\"height\":200,\"caption\":\"Pressenza\"},\"image\":{\"@id\":\"https:\/\/www.pressenza.com\/it\/#\/schema\/logo\/image\/\"},\"sameAs\":[\"https:\/\/www.facebook.com\/PressenzaItalia\",\"https:\/\/x.com\/PressenzaIPA\"]},{\"@type\":\"Person\",\"@id\":\"https:\/\/www.pressenza.com\/it\/#\/schema\/person\/017dfcd67def6ac675c187e710c4e749\",\"name\":\"Bastamag\",\"description\":\"Basta ! est un site d\u2019information ind\u00e9pendant sur l\u2019actualit\u00e9 sociale et environnementale. Constitu\u00e9 d\u2019une \u00e9quipe de journalistes et de militants associatifs, Basta ! contribue \u00e0 donner une visibilit\u00e9 aux enjeux \u00e9cologiques, aux actions citoyennes, aux revendications sociales, aux mouvements de solidarit\u00e9 et aux alternatives mises en \u0153uvre. www.basta.media\",\"sameAs\":[\"http:\/\/www.bastamag.net\",\"https:\/\/www.facebook.com\/pages\/Basta-Site-dinformation-sur-les-luttes-environnementales-et-sociales\/262286559891\",\"https:\/\/x.com\/bastamag\"],\"url\":\"https:\/\/www.pressenza.com\/it\/author\/bastamag\/\"}]}<\/script>\n<!-- \/ Yoast SEO plugin. -->","yoast_head_json":{"title":"Perch\u00e9 la zona di libero scambio \u00e8 un pericolo per il diritto del lavoro e per l'azione sindacale","description":"Di\u00a0Rachel Knaebel La zona di libero scambio, al momento oggetto di negoziato tra l'Unione europea e gli Stati Uniti, rischia di mettere a repentaglio le","robots":{"index":"index","follow":"follow","max-snippet":"max-snippet:-1","max-image-preview":"max-image-preview:large","max-video-preview":"max-video-preview:-1"},"canonical":"https:\/\/www.pressenza.com\/it\/2014\/05\/perche-zona-libero-scambio-pericolo-per-diritto-per-lazione-sindacale\/","og_locale":"it_IT","og_type":"article","og_title":"Perch\u00e9 la zona di libero scambio \u00e8 un pericolo per il diritto del lavoro e per l'azione sindacale","og_description":"Di\u00a0Rachel Knaebel La zona di libero scambio, al momento oggetto di negoziato tra l'Unione europea e gli Stati Uniti, rischia di mettere a repentaglio le","og_url":"https:\/\/www.pressenza.com\/it\/2014\/05\/perche-zona-libero-scambio-pericolo-per-diritto-per-lazione-sindacale\/","og_site_name":"Pressenza","article_publisher":"https:\/\/www.facebook.com\/PressenzaItalia","article_author":"https:\/\/www.facebook.com\/pages\/Basta-Site-dinformation-sur-les-luttes-environnementales-et-sociales\/262286559891","article_published_time":"2014-05-22T09:42:28+00:00","article_modified_time":"2014-05-22T09:42:46+00:00","og_image":[{"width":540,"height":362,"url":"https:\/\/www.pressenza.com\/wp-content\/uploads\/2014\/05\/Pourquoi-le-trait\u00e9-de-libre-\u00e9change-constitue-une-menace-pour-le-droit-du-travail-et-l\u2019action-syndicale.jpg","type":"image\/jpeg"}],"author":"Bastamag","twitter_card":"summary_large_image","twitter_creator":"@bastamag","twitter_site":"@PressenzaIPA","twitter_misc":{"Scritto da":"Bastamag","Tempo di lettura stimato":"7 minuti"},"schema":{"@context":"https:\/\/schema.org","@graph":[{"@type":"Article","@id":"https:\/\/www.pressenza.com\/it\/2014\/05\/perche-zona-libero-scambio-pericolo-per-diritto-per-lazione-sindacale\/#article","isPartOf":{"@id":"https:\/\/www.pressenza.com\/it\/2014\/05\/perche-zona-libero-scambio-pericolo-per-diritto-per-lazione-sindacale\/"},"author":{"name":"Bastamag","@id":"https:\/\/www.pressenza.com\/it\/#\/schema\/person\/017dfcd67def6ac675c187e710c4e749"},"headline":"Perch\u00e9 la zona di libero scambio \u00e8 un pericolo per il diritto del lavoro e per l&#8217;azione sindacale","datePublished":"2014-05-22T09:42:28+00:00","dateModified":"2014-05-22T09:42:46+00:00","mainEntityOfPage":{"@id":"https:\/\/www.pressenza.com\/it\/2014\/05\/perche-zona-libero-scambio-pericolo-per-diritto-per-lazione-sindacale\/"},"wordCount":1553,"publisher":{"@id":"https:\/\/www.pressenza.com\/it\/#organization"},"image":{"@id":"https:\/\/www.pressenza.com\/it\/2014\/05\/perche-zona-libero-scambio-pericolo-per-diritto-per-lazione-sindacale\/#primaryimage"},"thumbnailUrl":"https:\/\/www.pressenza.com\/wp-content\/uploads\/2014\/05\/Pourquoi-le-trait\u00e9-de-libre-\u00e9change-constitue-une-menace-pour-le-droit-du-travail-et-l\u2019action-syndicale.jpg","keywords":["TAFTA","trattato di libero scambio","TTIP"],"articleSection":["Economia","Europa","Internazionale","Nord America","Opinioni"],"inLanguage":"it-IT"},{"@type":"WebPage","@id":"https:\/\/www.pressenza.com\/it\/2014\/05\/perche-zona-libero-scambio-pericolo-per-diritto-per-lazione-sindacale\/","url":"https:\/\/www.pressenza.com\/it\/2014\/05\/perche-zona-libero-scambio-pericolo-per-diritto-per-lazione-sindacale\/","name":"Perch\u00e9 la zona di libero scambio \u00e8 un pericolo per il diritto del lavoro e per l'azione sindacale","isPartOf":{"@id":"https:\/\/www.pressenza.com\/it\/#website"},"primaryImageOfPage":{"@id":"https:\/\/www.pressenza.com\/it\/2014\/05\/perche-zona-libero-scambio-pericolo-per-diritto-per-lazione-sindacale\/#primaryimage"},"image":{"@id":"https:\/\/www.pressenza.com\/it\/2014\/05\/perche-zona-libero-scambio-pericolo-per-diritto-per-lazione-sindacale\/#primaryimage"},"thumbnailUrl":"https:\/\/www.pressenza.com\/wp-content\/uploads\/2014\/05\/Pourquoi-le-trait\u00e9-de-libre-\u00e9change-constitue-une-menace-pour-le-droit-du-travail-et-l\u2019action-syndicale.jpg","datePublished":"2014-05-22T09:42:28+00:00","dateModified":"2014-05-22T09:42:46+00:00","description":"Di\u00a0Rachel Knaebel La zona di libero scambio, al momento oggetto di negoziato tra l'Unione europea e gli Stati Uniti, rischia di mettere a repentaglio le","breadcrumb":{"@id":"https:\/\/www.pressenza.com\/it\/2014\/05\/perche-zona-libero-scambio-pericolo-per-diritto-per-lazione-sindacale\/#breadcrumb"},"inLanguage":"it-IT","potentialAction":[{"@type":"ReadAction","target":["https:\/\/www.pressenza.com\/it\/2014\/05\/perche-zona-libero-scambio-pericolo-per-diritto-per-lazione-sindacale\/"]}]},{"@type":"ImageObject","inLanguage":"it-IT","@id":"https:\/\/www.pressenza.com\/it\/2014\/05\/perche-zona-libero-scambio-pericolo-per-diritto-per-lazione-sindacale\/#primaryimage","url":"https:\/\/www.pressenza.com\/wp-content\/uploads\/2014\/05\/Pourquoi-le-trait\u00e9-de-libre-\u00e9change-constitue-une-menace-pour-le-droit-du-travail-et-l\u2019action-syndicale.jpg","contentUrl":"https:\/\/www.pressenza.com\/wp-content\/uploads\/2014\/05\/Pourquoi-le-trait\u00e9-de-libre-\u00e9change-constitue-une-menace-pour-le-droit-du-travail-et-l\u2019action-syndicale.jpg","width":540,"height":362},{"@type":"BreadcrumbList","@id":"https:\/\/www.pressenza.com\/it\/2014\/05\/perche-zona-libero-scambio-pericolo-per-diritto-per-lazione-sindacale\/#breadcrumb","itemListElement":[{"@type":"ListItem","position":1,"name":"Accueil","item":"https:\/\/www.pressenza.com\/it\/"},{"@type":"ListItem","position":2,"name":"Perch\u00e9 la zona di libero scambio \u00e8 un pericolo per il diritto del lavoro e per l&#8217;azione sindacale"}]},{"@type":"WebSite","@id":"https:\/\/www.pressenza.com\/it\/#website","url":"https:\/\/www.pressenza.com\/it\/","name":"Pressenza","description":"Agenzia di Stampa Internazionale","publisher":{"@id":"https:\/\/www.pressenza.com\/it\/#organization"},"potentialAction":[{"@type":"SearchAction","target":{"@type":"EntryPoint","urlTemplate":"https:\/\/www.pressenza.com\/it\/?s={search_term_string}"},"query-input":{"@type":"PropertyValueSpecification","valueRequired":true,"valueName":"search_term_string"}}],"inLanguage":"it-IT"},{"@type":"Organization","@id":"https:\/\/www.pressenza.com\/it\/#organization","name":"Pressenza","url":"https:\/\/www.pressenza.com\/it\/","logo":{"@type":"ImageObject","inLanguage":"it-IT","@id":"https:\/\/www.pressenza.com\/it\/#\/schema\/logo\/image\/","url":"https:\/\/www.pressenza.com\/wp-content\/uploads\/2022\/10\/pressenza_logo_200x200.jpg","contentUrl":"https:\/\/www.pressenza.com\/wp-content\/uploads\/2022\/10\/pressenza_logo_200x200.jpg","width":200,"height":200,"caption":"Pressenza"},"image":{"@id":"https:\/\/www.pressenza.com\/it\/#\/schema\/logo\/image\/"},"sameAs":["https:\/\/www.facebook.com\/PressenzaItalia","https:\/\/x.com\/PressenzaIPA"]},{"@type":"Person","@id":"https:\/\/www.pressenza.com\/it\/#\/schema\/person\/017dfcd67def6ac675c187e710c4e749","name":"Bastamag","description":"Basta ! est un site d\u2019information ind\u00e9pendant sur l\u2019actualit\u00e9 sociale et environnementale. Constitu\u00e9 d\u2019une \u00e9quipe de journalistes et de militants associatifs, Basta ! contribue \u00e0 donner une visibilit\u00e9 aux enjeux \u00e9cologiques, aux actions citoyennes, aux revendications sociales, aux mouvements de solidarit\u00e9 et aux alternatives mises en \u0153uvre. www.basta.media","sameAs":["http:\/\/www.bastamag.net","https:\/\/www.facebook.com\/pages\/Basta-Site-dinformation-sur-les-luttes-environnementales-et-sociales\/262286559891","https:\/\/x.com\/bastamag"],"url":"https:\/\/www.pressenza.com\/it\/author\/bastamag\/"}]}},"place":"","original_article_url":"","_links":{"self":[{"href":"https:\/\/www.pressenza.com\/it\/wp-json\/wp\/v2\/posts\/108471","targetHints":{"allow":["GET"]}}],"collection":[{"href":"https:\/\/www.pressenza.com\/it\/wp-json\/wp\/v2\/posts"}],"about":[{"href":"https:\/\/www.pressenza.com\/it\/wp-json\/wp\/v2\/types\/post"}],"author":[{"embeddable":true,"href":"https:\/\/www.pressenza.com\/it\/wp-json\/wp\/v2\/users\/1043"}],"replies":[{"embeddable":true,"href":"https:\/\/www.pressenza.com\/it\/wp-json\/wp\/v2\/comments?post=108471"}],"version-history":[{"count":0,"href":"https:\/\/www.pressenza.com\/it\/wp-json\/wp\/v2\/posts\/108471\/revisions"}],"wp:featuredmedia":[{"embeddable":true,"href":"https:\/\/www.pressenza.com\/it\/wp-json\/wp\/v2\/media\/108076"}],"wp:attachment":[{"href":"https:\/\/www.pressenza.com\/it\/wp-json\/wp\/v2\/media?parent=108471"}],"wp:term":[{"taxonomy":"category","embeddable":true,"href":"https:\/\/www.pressenza.com\/it\/wp-json\/wp\/v2\/categories?post=108471"},{"taxonomy":"post_tag","embeddable":true,"href":"https:\/\/www.pressenza.com\/it\/wp-json\/wp\/v2\/tags?post=108471"}],"curies":[{"name":"wp","href":"https:\/\/api.w.org\/{rel}","templated":true}]}}