{"id":108118,"date":"2014-05-20T07:37:03","date_gmt":"2014-05-20T06:37:03","guid":{"rendered":"http:\/\/www.pressenza.com\/?p=108118"},"modified":"2014-05-20T07:37:22","modified_gmt":"2014-05-20T06:37:22","slug":"assemblea-cittadina-antifascista-milano","status":"publish","type":"post","link":"https:\/\/www.pressenza.com\/it\/2014\/05\/assemblea-cittadina-antifascista-milano\/","title":{"rendered":"Assemblea cittadina antifascista a Milano"},"content":{"rendered":"<p align=\"left\"><b>Mercoled\u00ec 21 maggio 2014 alle 21 al circolo ARCI di Via Bellezza<\/b><\/p>\n<p align=\"left\">In occasione del 29 aprile molte delle realt\u00e0 che hanno condiviso il percorso che ha portato al corteo antifascista, oltre a dare una valutazione positiva della mobilitazione, si sono dette di proseguire su questa strada e da molti \u00e8 stato chiesto di convocare a breve un\u2019assemblea cittadina per fare una valutazione complessiva e collettiva.<\/p>\n<p align=\"left\">Per questo Memoria Antifascista e il comitato &#8220;Milano 29 aprile: Nazisti no grazie!&#8221; propone di riunirsi il 21 maggio. Noi riteniamo utile non disperdere il patrimonio di forze che si sono riunite su un tema come l&#8217;antifascismo, che resta sempre di forte attualit\u00e0 in Italia e non solo, in particolare a Milano, dove i fascisti\u00a0stanno cercando di ricavarsi spazi politici. Non rinunceranno tanto facilmente a utilizzare gli strumenti necessari per raggiungere il loro obiettivo e noi non dobbiamo sottovalutare il fatto che nei prossimi\u00a0mesi saranno messe in campo iniziative a livello anche europeo, come la riproposizione di un \u00a0appuntamento simile a quello dello scorso giugno nel capannone di Rogoredo. Cercheranno di conquistare territorio in citt\u00e0 e le prove le stanno facendo tastando il terreno in diversi quartieri: solo poco ora fa \u00e8 giunta la notizia delle scritte nel quartiere Isola di Milano.<\/p>\n<p align=\"left\">I segnali positivi che si sono avuti nei giorni seguenti al corteo fanno ben sperare in una risposta antifascista forte, ma per questo \u00e8 necessario mantenere viva l&#8217;iniziativa: non possiamo pensare di mettere in naftalina la cosa, per poi tirarla fuori il prossimo 29 aprile. E\u2019 perci\u00f2 importante vedersi e organizzare diverse iniziative, anche piccole, ma che diano un segnale concreto alla citt\u00e0 che la nostra azione non si \u00e8 conclusa la sera del 29 aprile 2014 e per contrastare in modo collettivo eventuali iniziative neofasciste.<\/p>\n<p align=\"left\">Il prossimo anno sar\u00e0 il 40\u00b0 anniversario delle morti di Varalli, Zibecchi e Brasili: tra il 16 aprile e il 25 maggio sar\u00e0 necessario mettere in piedi iniziative per condividere e coinvolgere tutta la citt\u00e0.<\/p>\n<p align=\"left\">\n","protected":false},"excerpt":{"rendered":"<p>Mercoled\u00ec 21 maggio 2014 alle 21 al circolo ARCI di Via Bellezza In occasione del 29 aprile molte delle realt\u00e0 che hanno condiviso il percorso che ha portato al corteo antifascista, oltre a dare una valutazione positiva della mobilitazione, si&hellip;<\/p>\n","protected":false},"author":1007,"featured_media":108119,"comment_status":"closed","ping_status":"open","sticky":false,"template":"","format":"standard","meta":{"footnotes":""},"categories":[150,47,55],"tags":[6792,286],"class_list":["post-108118","post","type-post","status-publish","format-standard","has-post-thumbnail","hentry","category-comunicati-stampa","category-europa","category-politica","tag-anti-fascismo","tag-milano"],"yoast_head":"<!-- This site is optimized with the Yoast SEO plugin v27.1.1 - https:\/\/yoast.com\/product\/yoast-seo-wordpress\/ -->\n<title>Assemblea cittadina antifascista a Milano<\/title>\n<meta name=\"description\" content=\"Mercoled\u00ec 21 maggio 2014 alle 21 al circolo ARCI di Via Bellezza In occasione del 29 aprile molte delle realt\u00e0 che hanno condiviso il percorso che ha\" \/>\n<meta name=\"robots\" content=\"index, follow, max-snippet:-1, max-image-preview:large, max-video-preview:-1\" \/>\n<link rel=\"canonical\" href=\"https:\/\/www.pressenza.com\/it\/2014\/05\/assemblea-cittadina-antifascista-milano\/\" \/>\n<meta property=\"og:locale\" content=\"it_IT\" \/>\n<meta property=\"og:type\" content=\"article\" \/>\n<meta property=\"og:title\" content=\"Assemblea cittadina antifascista a Milano\" \/>\n<meta property=\"og:description\" content=\"Mercoled\u00ec 21 maggio 2014 alle 21 al circolo ARCI di Via Bellezza In occasione del 29 aprile molte delle realt\u00e0 che hanno condiviso il percorso che ha\" \/>\n<meta property=\"og:url\" content=\"https:\/\/www.pressenza.com\/it\/2014\/05\/assemblea-cittadina-antifascista-milano\/\" \/>\n<meta property=\"og:site_name\" content=\"Pressenza\" \/>\n<meta property=\"article:publisher\" content=\"https:\/\/www.facebook.com\/PressenzaItalia\" \/>\n<meta property=\"article:published_time\" content=\"2014-05-20T06:37:03+00:00\" \/>\n<meta property=\"article:modified_time\" content=\"2014-05-20T06:37:22+00:00\" \/>\n<meta property=\"og:image\" content=\"https:\/\/www.pressenza.com\/wp-content\/uploads\/2014\/05\/RAM.jpg\" \/>\n\t<meta property=\"og:image:width\" content=\"225\" \/>\n\t<meta property=\"og:image:height\" content=\"225\" \/>\n\t<meta property=\"og:image:type\" content=\"image\/jpeg\" \/>\n<meta name=\"author\" content=\"Anita Sonego\" \/>\n<meta name=\"twitter:card\" content=\"summary_large_image\" \/>\n<meta name=\"twitter:creator\" content=\"@PressenzaIPA\" \/>\n<meta name=\"twitter:site\" content=\"@PressenzaIPA\" \/>\n<meta name=\"twitter:label1\" content=\"Scritto da\" \/>\n\t<meta name=\"twitter:data1\" content=\"Anita Sonego\" \/>\n\t<meta name=\"twitter:label2\" content=\"Tempo di lettura stimato\" \/>\n\t<meta name=\"twitter:data2\" content=\"2 minuti\" \/>\n<script type=\"application\/ld+json\" class=\"yoast-schema-graph\">{\"@context\":\"https:\/\/schema.org\",\"@graph\":[{\"@type\":\"Article\",\"@id\":\"https:\/\/www.pressenza.com\/it\/2014\/05\/assemblea-cittadina-antifascista-milano\/#article\",\"isPartOf\":{\"@id\":\"https:\/\/www.pressenza.com\/it\/2014\/05\/assemblea-cittadina-antifascista-milano\/\"},\"author\":{\"name\":\"Anita Sonego\",\"@id\":\"https:\/\/www.pressenza.com\/it\/#\/schema\/person\/508a428987d2880e3d65bd35e6c7cbc5\"},\"headline\":\"Assemblea cittadina antifascista a Milano\",\"datePublished\":\"2014-05-20T06:37:03+00:00\",\"dateModified\":\"2014-05-20T06:37:22+00:00\",\"mainEntityOfPage\":{\"@id\":\"https:\/\/www.pressenza.com\/it\/2014\/05\/assemblea-cittadina-antifascista-milano\/\"},\"wordCount\":323,\"publisher\":{\"@id\":\"https:\/\/www.pressenza.com\/it\/#organization\"},\"image\":{\"@id\":\"https:\/\/www.pressenza.com\/it\/2014\/05\/assemblea-cittadina-antifascista-milano\/#primaryimage\"},\"thumbnailUrl\":\"https:\/\/www.pressenza.com\/wp-content\/uploads\/2014\/05\/RAM.jpg\",\"keywords\":[\"anti-fascismo\",\"Milano\"],\"articleSection\":[\"Comunicati Stampa\",\"Europa\",\"Politica\"],\"inLanguage\":\"it-IT\"},{\"@type\":\"WebPage\",\"@id\":\"https:\/\/www.pressenza.com\/it\/2014\/05\/assemblea-cittadina-antifascista-milano\/\",\"url\":\"https:\/\/www.pressenza.com\/it\/2014\/05\/assemblea-cittadina-antifascista-milano\/\",\"name\":\"Assemblea cittadina antifascista a Milano\",\"isPartOf\":{\"@id\":\"https:\/\/www.pressenza.com\/it\/#website\"},\"primaryImageOfPage\":{\"@id\":\"https:\/\/www.pressenza.com\/it\/2014\/05\/assemblea-cittadina-antifascista-milano\/#primaryimage\"},\"image\":{\"@id\":\"https:\/\/www.pressenza.com\/it\/2014\/05\/assemblea-cittadina-antifascista-milano\/#primaryimage\"},\"thumbnailUrl\":\"https:\/\/www.pressenza.com\/wp-content\/uploads\/2014\/05\/RAM.jpg\",\"datePublished\":\"2014-05-20T06:37:03+00:00\",\"dateModified\":\"2014-05-20T06:37:22+00:00\",\"description\":\"Mercoled\u00ec 21 maggio 2014 alle 21 al circolo ARCI di Via Bellezza In occasione del 29 aprile molte delle realt\u00e0 che hanno condiviso il percorso che ha\",\"breadcrumb\":{\"@id\":\"https:\/\/www.pressenza.com\/it\/2014\/05\/assemblea-cittadina-antifascista-milano\/#breadcrumb\"},\"inLanguage\":\"it-IT\",\"potentialAction\":[{\"@type\":\"ReadAction\",\"target\":[\"https:\/\/www.pressenza.com\/it\/2014\/05\/assemblea-cittadina-antifascista-milano\/\"]}]},{\"@type\":\"ImageObject\",\"inLanguage\":\"it-IT\",\"@id\":\"https:\/\/www.pressenza.com\/it\/2014\/05\/assemblea-cittadina-antifascista-milano\/#primaryimage\",\"url\":\"https:\/\/www.pressenza.com\/wp-content\/uploads\/2014\/05\/RAM.jpg\",\"contentUrl\":\"https:\/\/www.pressenza.com\/wp-content\/uploads\/2014\/05\/RAM.jpg\",\"width\":225,\"height\":225},{\"@type\":\"BreadcrumbList\",\"@id\":\"https:\/\/www.pressenza.com\/it\/2014\/05\/assemblea-cittadina-antifascista-milano\/#breadcrumb\",\"itemListElement\":[{\"@type\":\"ListItem\",\"position\":1,\"name\":\"Accueil\",\"item\":\"https:\/\/www.pressenza.com\/it\/\"},{\"@type\":\"ListItem\",\"position\":2,\"name\":\"Assemblea cittadina antifascista a Milano\"}]},{\"@type\":\"WebSite\",\"@id\":\"https:\/\/www.pressenza.com\/it\/#website\",\"url\":\"https:\/\/www.pressenza.com\/it\/\",\"name\":\"Pressenza\",\"description\":\"Agenzia di Stampa Internazionale\",\"publisher\":{\"@id\":\"https:\/\/www.pressenza.com\/it\/#organization\"},\"potentialAction\":[{\"@type\":\"SearchAction\",\"target\":{\"@type\":\"EntryPoint\",\"urlTemplate\":\"https:\/\/www.pressenza.com\/it\/?s={search_term_string}\"},\"query-input\":{\"@type\":\"PropertyValueSpecification\",\"valueRequired\":true,\"valueName\":\"search_term_string\"}}],\"inLanguage\":\"it-IT\"},{\"@type\":\"Organization\",\"@id\":\"https:\/\/www.pressenza.com\/it\/#organization\",\"name\":\"Pressenza\",\"url\":\"https:\/\/www.pressenza.com\/it\/\",\"logo\":{\"@type\":\"ImageObject\",\"inLanguage\":\"it-IT\",\"@id\":\"https:\/\/www.pressenza.com\/it\/#\/schema\/logo\/image\/\",\"url\":\"https:\/\/www.pressenza.com\/wp-content\/uploads\/2022\/10\/pressenza_logo_200x200.jpg\",\"contentUrl\":\"https:\/\/www.pressenza.com\/wp-content\/uploads\/2022\/10\/pressenza_logo_200x200.jpg\",\"width\":200,\"height\":200,\"caption\":\"Pressenza\"},\"image\":{\"@id\":\"https:\/\/www.pressenza.com\/it\/#\/schema\/logo\/image\/\"},\"sameAs\":[\"https:\/\/www.facebook.com\/PressenzaItalia\",\"https:\/\/x.com\/PressenzaIPA\"]},{\"@type\":\"Person\",\"@id\":\"https:\/\/www.pressenza.com\/it\/#\/schema\/person\/508a428987d2880e3d65bd35e6c7cbc5\",\"name\":\"Anita Sonego\",\"description\":\"Consigliera comunale a Milano per la lista Sinistra per Pisapia. \u00c8 stata presidente della Libera Universit\u00e0 delle Donne che ha fondato, assieme ad altre, nel 1987. All'interno della stessa Universit\u00e0 ha dato vita al gruppo \\\" Soggettivit\u00e0 Lesbica\\\". Quale Presidente della Commissione Pari Opportunit\u00e0 ha promosso i \\\" Tavoli delle Donne\\\", forme di partecipazione attiva della cittadinanza in relazione con l'Amministrazione Comunale. Si \u00e8 impegnata per realizzare i punti qualificanti del suo programma: -Istituzione del Registro delle Unioni Civili -Istituzione della Casa delle Donne -Difesa e potenziamento dei Consultori per la salute delle donne La sua attivit\u00e0 all'interno del Comune di Milano ha come ambito privilegiato la promozione della partecipazione, la difesa dei beni comuni, i diritti, il dare voce a chi non ha voce.\",\"url\":\"https:\/\/www.pressenza.com\/it\/author\/anita-sonego\/\"}]}<\/script>\n<!-- \/ Yoast SEO plugin. -->","yoast_head_json":{"title":"Assemblea cittadina antifascista a Milano","description":"Mercoled\u00ec 21 maggio 2014 alle 21 al circolo ARCI di Via Bellezza In occasione del 29 aprile molte delle realt\u00e0 che hanno condiviso il percorso che ha","robots":{"index":"index","follow":"follow","max-snippet":"max-snippet:-1","max-image-preview":"max-image-preview:large","max-video-preview":"max-video-preview:-1"},"canonical":"https:\/\/www.pressenza.com\/it\/2014\/05\/assemblea-cittadina-antifascista-milano\/","og_locale":"it_IT","og_type":"article","og_title":"Assemblea cittadina antifascista a Milano","og_description":"Mercoled\u00ec 21 maggio 2014 alle 21 al circolo ARCI di Via Bellezza In occasione del 29 aprile molte delle realt\u00e0 che hanno condiviso il percorso che ha","og_url":"https:\/\/www.pressenza.com\/it\/2014\/05\/assemblea-cittadina-antifascista-milano\/","og_site_name":"Pressenza","article_publisher":"https:\/\/www.facebook.com\/PressenzaItalia","article_published_time":"2014-05-20T06:37:03+00:00","article_modified_time":"2014-05-20T06:37:22+00:00","og_image":[{"width":225,"height":225,"url":"https:\/\/www.pressenza.com\/wp-content\/uploads\/2014\/05\/RAM.jpg","type":"image\/jpeg"}],"author":"Anita Sonego","twitter_card":"summary_large_image","twitter_creator":"@PressenzaIPA","twitter_site":"@PressenzaIPA","twitter_misc":{"Scritto da":"Anita Sonego","Tempo di lettura stimato":"2 minuti"},"schema":{"@context":"https:\/\/schema.org","@graph":[{"@type":"Article","@id":"https:\/\/www.pressenza.com\/it\/2014\/05\/assemblea-cittadina-antifascista-milano\/#article","isPartOf":{"@id":"https:\/\/www.pressenza.com\/it\/2014\/05\/assemblea-cittadina-antifascista-milano\/"},"author":{"name":"Anita Sonego","@id":"https:\/\/www.pressenza.com\/it\/#\/schema\/person\/508a428987d2880e3d65bd35e6c7cbc5"},"headline":"Assemblea cittadina antifascista a Milano","datePublished":"2014-05-20T06:37:03+00:00","dateModified":"2014-05-20T06:37:22+00:00","mainEntityOfPage":{"@id":"https:\/\/www.pressenza.com\/it\/2014\/05\/assemblea-cittadina-antifascista-milano\/"},"wordCount":323,"publisher":{"@id":"https:\/\/www.pressenza.com\/it\/#organization"},"image":{"@id":"https:\/\/www.pressenza.com\/it\/2014\/05\/assemblea-cittadina-antifascista-milano\/#primaryimage"},"thumbnailUrl":"https:\/\/www.pressenza.com\/wp-content\/uploads\/2014\/05\/RAM.jpg","keywords":["anti-fascismo","Milano"],"articleSection":["Comunicati Stampa","Europa","Politica"],"inLanguage":"it-IT"},{"@type":"WebPage","@id":"https:\/\/www.pressenza.com\/it\/2014\/05\/assemblea-cittadina-antifascista-milano\/","url":"https:\/\/www.pressenza.com\/it\/2014\/05\/assemblea-cittadina-antifascista-milano\/","name":"Assemblea cittadina antifascista a Milano","isPartOf":{"@id":"https:\/\/www.pressenza.com\/it\/#website"},"primaryImageOfPage":{"@id":"https:\/\/www.pressenza.com\/it\/2014\/05\/assemblea-cittadina-antifascista-milano\/#primaryimage"},"image":{"@id":"https:\/\/www.pressenza.com\/it\/2014\/05\/assemblea-cittadina-antifascista-milano\/#primaryimage"},"thumbnailUrl":"https:\/\/www.pressenza.com\/wp-content\/uploads\/2014\/05\/RAM.jpg","datePublished":"2014-05-20T06:37:03+00:00","dateModified":"2014-05-20T06:37:22+00:00","description":"Mercoled\u00ec 21 maggio 2014 alle 21 al circolo ARCI di Via Bellezza In occasione del 29 aprile molte delle realt\u00e0 che hanno condiviso il percorso che ha","breadcrumb":{"@id":"https:\/\/www.pressenza.com\/it\/2014\/05\/assemblea-cittadina-antifascista-milano\/#breadcrumb"},"inLanguage":"it-IT","potentialAction":[{"@type":"ReadAction","target":["https:\/\/www.pressenza.com\/it\/2014\/05\/assemblea-cittadina-antifascista-milano\/"]}]},{"@type":"ImageObject","inLanguage":"it-IT","@id":"https:\/\/www.pressenza.com\/it\/2014\/05\/assemblea-cittadina-antifascista-milano\/#primaryimage","url":"https:\/\/www.pressenza.com\/wp-content\/uploads\/2014\/05\/RAM.jpg","contentUrl":"https:\/\/www.pressenza.com\/wp-content\/uploads\/2014\/05\/RAM.jpg","width":225,"height":225},{"@type":"BreadcrumbList","@id":"https:\/\/www.pressenza.com\/it\/2014\/05\/assemblea-cittadina-antifascista-milano\/#breadcrumb","itemListElement":[{"@type":"ListItem","position":1,"name":"Accueil","item":"https:\/\/www.pressenza.com\/it\/"},{"@type":"ListItem","position":2,"name":"Assemblea cittadina antifascista a Milano"}]},{"@type":"WebSite","@id":"https:\/\/www.pressenza.com\/it\/#website","url":"https:\/\/www.pressenza.com\/it\/","name":"Pressenza","description":"Agenzia di Stampa Internazionale","publisher":{"@id":"https:\/\/www.pressenza.com\/it\/#organization"},"potentialAction":[{"@type":"SearchAction","target":{"@type":"EntryPoint","urlTemplate":"https:\/\/www.pressenza.com\/it\/?s={search_term_string}"},"query-input":{"@type":"PropertyValueSpecification","valueRequired":true,"valueName":"search_term_string"}}],"inLanguage":"it-IT"},{"@type":"Organization","@id":"https:\/\/www.pressenza.com\/it\/#organization","name":"Pressenza","url":"https:\/\/www.pressenza.com\/it\/","logo":{"@type":"ImageObject","inLanguage":"it-IT","@id":"https:\/\/www.pressenza.com\/it\/#\/schema\/logo\/image\/","url":"https:\/\/www.pressenza.com\/wp-content\/uploads\/2022\/10\/pressenza_logo_200x200.jpg","contentUrl":"https:\/\/www.pressenza.com\/wp-content\/uploads\/2022\/10\/pressenza_logo_200x200.jpg","width":200,"height":200,"caption":"Pressenza"},"image":{"@id":"https:\/\/www.pressenza.com\/it\/#\/schema\/logo\/image\/"},"sameAs":["https:\/\/www.facebook.com\/PressenzaItalia","https:\/\/x.com\/PressenzaIPA"]},{"@type":"Person","@id":"https:\/\/www.pressenza.com\/it\/#\/schema\/person\/508a428987d2880e3d65bd35e6c7cbc5","name":"Anita Sonego","description":"Consigliera comunale a Milano per la lista Sinistra per Pisapia. \u00c8 stata presidente della Libera Universit\u00e0 delle Donne che ha fondato, assieme ad altre, nel 1987. All'interno della stessa Universit\u00e0 ha dato vita al gruppo \" Soggettivit\u00e0 Lesbica\". Quale Presidente della Commissione Pari Opportunit\u00e0 ha promosso i \" Tavoli delle Donne\", forme di partecipazione attiva della cittadinanza in relazione con l'Amministrazione Comunale. Si \u00e8 impegnata per realizzare i punti qualificanti del suo programma: -Istituzione del Registro delle Unioni Civili -Istituzione della Casa delle Donne -Difesa e potenziamento dei Consultori per la salute delle donne La sua attivit\u00e0 all'interno del Comune di Milano ha come ambito privilegiato la promozione della partecipazione, la difesa dei beni comuni, i diritti, il dare voce a chi non ha voce.","url":"https:\/\/www.pressenza.com\/it\/author\/anita-sonego\/"}]}},"place":"Milano","original_article_url":"","_links":{"self":[{"href":"https:\/\/www.pressenza.com\/it\/wp-json\/wp\/v2\/posts\/108118","targetHints":{"allow":["GET"]}}],"collection":[{"href":"https:\/\/www.pressenza.com\/it\/wp-json\/wp\/v2\/posts"}],"about":[{"href":"https:\/\/www.pressenza.com\/it\/wp-json\/wp\/v2\/types\/post"}],"author":[{"embeddable":true,"href":"https:\/\/www.pressenza.com\/it\/wp-json\/wp\/v2\/users\/1007"}],"replies":[{"embeddable":true,"href":"https:\/\/www.pressenza.com\/it\/wp-json\/wp\/v2\/comments?post=108118"}],"version-history":[{"count":0,"href":"https:\/\/www.pressenza.com\/it\/wp-json\/wp\/v2\/posts\/108118\/revisions"}],"wp:featuredmedia":[{"embeddable":true,"href":"https:\/\/www.pressenza.com\/it\/wp-json\/wp\/v2\/media\/108119"}],"wp:attachment":[{"href":"https:\/\/www.pressenza.com\/it\/wp-json\/wp\/v2\/media?parent=108118"}],"wp:term":[{"taxonomy":"category","embeddable":true,"href":"https:\/\/www.pressenza.com\/it\/wp-json\/wp\/v2\/categories?post=108118"},{"taxonomy":"post_tag","embeddable":true,"href":"https:\/\/www.pressenza.com\/it\/wp-json\/wp\/v2\/tags?post=108118"}],"curies":[{"name":"wp","href":"https:\/\/api.w.org\/{rel}","templated":true}]}}