{"id":108021,"date":"2014-05-19T16:47:45","date_gmt":"2014-05-19T15:47:45","guid":{"rendered":"http:\/\/www.pressenza.com\/?p=108021"},"modified":"2014-05-20T11:44:02","modified_gmt":"2014-05-20T10:44:02","slug":"riscrivere-nuova-legge-sui-disastri-ambientali-rischio-principio-inquina-paga","status":"publish","type":"post","link":"https:\/\/www.pressenza.com\/it\/2014\/05\/riscrivere-nuova-legge-sui-disastri-ambientali-rischio-principio-inquina-paga\/","title":{"rendered":"Riscrivere la nuova legge sui \u201cdisastri ambientali\u201d: a rischio il principio \u201cchi inquina paga\u201d"},"content":{"rendered":"<h2><\/h2>\n<p><img decoding=\"async\" alt=\"\" src=\"http:\/\/www.leggerifiutizero.it\/images\/comunicati\/inceneritore.jpg\" border=\"0\" \/><\/p>\n<p>Il Movimento Legge Rifiuti Zero ritiene fondate le preoccupazioni espresse da diversi\u00a0 giuristi ambientali che hanno\u00a0 sollevato critiche e perplessit\u00e0 in relazione allo stravolgimento in atto delle norme penali e delle stesse procedure in vigore a tutela in particolare dei reati di \u201cdisastro ambientale\u201d; Movimento condivide per questo il giudizio negativo sull\u2019impianto legislativo proposto. Il Movimento Legge Rifiuti Zero invita dunque ad attivarsi nei confronti dei Membri del Parlamento\u00a0 per evitare che la legge passi, nella attuale versione.<\/p>\n<p>Occorre a nostro avviso varare norme legislative efficaci ed applicabili, e che non mettano a rischio la tutela della salute e dell\u2019ambiente specie nei contesti processuali pi\u00f9 a rischio come quello dell\u2019ILVA di Taranto. Infatti definire il \u201cdisastro\u201d come \u201calterazione irreversibile dell\u2019equilibrio dell\u2019ecosistema\u201d quando quasi mai, per fortuna, il danno ambientale si rivela tale o prevedere un evento dannoso solo nel caso che il ripristino sia \u201cparticolarmente oneroso\u201d e conseguibile solo con \u201cprovvedimenti eccezionali\u201d \u00e8 di fatto limitare l\u2019applicazione del \u201cdisastro innominato\u201d (previsto dall\u2019art. 434 del codice penale, comma primo). Questa norma ha consentito sinora di contrastare i reati ambientali di particolare pericolosit\u00e0 potenziale anche in assenza dell\u2019\u201devento-disastro\u201d, come nel caso dell\u2019amianto o dell\u2019inquinamento da incenerimento con dispersione atmosferica di nano-particelle come diossine, PCB o metalli pesanti o con inquinamento da combustibili fossili, il disastro pu\u00f2 restare \u201cinvisibile\u201d a lungo prima che emergano i segnali della compromissione dell\u2019ambiente e della salute della collettivit\u00e0, sebbene se ne conosca gi\u00e0 perfettamente la pericolosit\u00e0 sulla salute pubblica e sull\u2019ambiente<br \/>\n.<br \/>\nRicordiamo che nella proposta di Legge Rifiuti Zero n. 1647, depositata alla Camera sin da fine ottobre 2013, abbiamo inserito un apposito articolo n. 21 per il reato di \u201cdanno ambientale\u201d allo scopo di definire e rafforzare la pena e soprattutto le norme in materia di risarcimento e di bonifica a carico dei soggetti causa del danno stesso. Abbiamo infatti ritenuto che non fosse opportuno andare a modificare le norme che ancora oggi consentono di perseguire tali reati per inserire ulteriori specifiche o casistiche particolari che invece di migliorarne l\u2019efficacia sono di fatto impugnate come armi di difesa per affossare i procedimenti giudiziari.<br \/>\nInvitando quindi i firmatari a rivedere totalmente in Senato il testo, chiediamo a tutti di aderire alla raccolta firme lanciata on-line da Peacelink firmando ed invitando a firmare al link\u00a0 <a href=\"http:\/\/chn.ge\/1mhjXOg\" target=\"_blank\">http:\/\/chn.ge\/1mhjXOg<\/a> .<\/p>\n<p>Per approfondimenti:<br \/>\n<a href=\"http:\/\/www.ilfattoquotidiano.it\/2014\/04\/26\/ddl-reati-ambientali-la-legge-che-fa-saltare-i-processi-e-la-grande-industria-ringrazia\/962184\/\" target=\"_blank\">http:\/\/www.ilfattoquotidiano.it\/2014\/04\/26\/ddl-reati-ambientali-la-legge-che-fa-saltare-i-processi-e-la-grande-industria-ringrazia\/962184\/<\/a><br \/>\n<a href=\"http:\/\/www.peacelink.it\/ecologia\/a\/40120.html\" target=\"_blank\">http:\/\/www.peacelink.it\/ecologia\/a\/40120.html<\/a><br \/>\n<a href=\"http:\/\/www.dirittoambiente.net\/file\/news_3076.pdf\" target=\"_blank\">http:\/\/www.dirittoambiente.net\/file\/news_3076.pdf<\/a><\/p>\n<p>MOVIMENTO LEGGE RIFIUTI ZERO<\/p>\n<p><a href=\"http:\/\/www.leggerifiutizero.it\/\" target=\"_blank\">www.leggerifiutizero.it<\/a><\/p>\n<p><a href=\"mailto:leggerifiutizero@gmail.com\">leggerifiutizero@gmail.com<\/a><\/p>\n","protected":false},"excerpt":{"rendered":"<p>Il Movimento Legge Rifiuti Zero ritiene fondate le preoccupazioni espresse da diversi\u00a0 giuristi ambientali che hanno\u00a0 sollevato critiche e perplessit\u00e0 in relazione allo stravolgimento in atto delle norme penali e delle stesse procedure in vigore a tutela in particolare dei&hellip;<\/p>\n","protected":false},"author":594,"featured_media":0,"comment_status":"closed","ping_status":"open","sticky":false,"template":"","format":"standard","meta":{"footnotes":""},"categories":[150,59,47,55],"tags":[10547,5600,359,7045],"class_list":["post-108021","post","type-post","status-publish","format-standard","hentry","category-comunicati-stampa","category-ambiente-ecologia","category-europa","category-politica","tag-disastri-ambientali","tag-legge-rifiuti-zero","tag-peacelink-2","tag-zero-waste"],"yoast_head":"<!-- This site is optimized with the Yoast SEO plugin v27.1.1 - https:\/\/yoast.com\/product\/yoast-seo-wordpress\/ -->\n<title>Riscrivere la nuova legge sui \u201cdisastri ambientali\u201d: a rischio il principio \u201cchi inquina paga\u201d<\/title>\n<meta name=\"description\" content=\"La legge sui disastri ambientali cos\u00ec com&#039;\u00e8 non va approvata dal parlamento. Cos\u00ec dichiara il Movimento Legge Rifiuti Zero\" \/>\n<meta name=\"robots\" content=\"index, follow, max-snippet:-1, max-image-preview:large, max-video-preview:-1\" \/>\n<link rel=\"canonical\" href=\"https:\/\/www.pressenza.com\/it\/2014\/05\/riscrivere-nuova-legge-sui-disastri-ambientali-rischio-principio-inquina-paga\/\" \/>\n<meta property=\"og:locale\" content=\"it_IT\" \/>\n<meta property=\"og:type\" content=\"article\" \/>\n<meta property=\"og:title\" content=\"Riscrivere la nuova legge sui \u201cdisastri ambientali\u201d: a rischio il principio \u201cchi inquina paga\u201d\" \/>\n<meta property=\"og:description\" content=\"La legge sui disastri ambientali cos\u00ec com&#039;\u00e8 non va approvata dal parlamento. Cos\u00ec dichiara il Movimento Legge Rifiuti Zero\" \/>\n<meta property=\"og:url\" content=\"https:\/\/www.pressenza.com\/it\/2014\/05\/riscrivere-nuova-legge-sui-disastri-ambientali-rischio-principio-inquina-paga\/\" \/>\n<meta property=\"og:site_name\" content=\"Pressenza\" \/>\n<meta property=\"article:publisher\" content=\"https:\/\/www.facebook.com\/PressenzaItalia\" \/>\n<meta property=\"article:author\" content=\"https:\/\/www.facebook.com\/PressenzaItalia\" \/>\n<meta property=\"article:published_time\" content=\"2014-05-19T15:47:45+00:00\" \/>\n<meta property=\"article:modified_time\" content=\"2014-05-20T10:44:02+00:00\" \/>\n<meta property=\"og:image\" content=\"http:\/\/www.leggerifiutizero.it\/images\/comunicati\/inceneritore.jpg\" \/>\n<meta name=\"author\" content=\"Redazione Italia\" \/>\n<meta name=\"twitter:card\" content=\"summary_large_image\" \/>\n<meta name=\"twitter:creator\" content=\"@pressenza_it\" \/>\n<meta name=\"twitter:site\" content=\"@PressenzaIPA\" \/>\n<meta name=\"twitter:label1\" content=\"Scritto da\" \/>\n\t<meta name=\"twitter:data1\" content=\"Redazione Italia\" \/>\n\t<meta name=\"twitter:label2\" content=\"Tempo di lettura stimato\" \/>\n\t<meta name=\"twitter:data2\" content=\"2 minuti\" \/>\n<script type=\"application\/ld+json\" class=\"yoast-schema-graph\">{\"@context\":\"https:\/\/schema.org\",\"@graph\":[{\"@type\":\"Article\",\"@id\":\"https:\/\/www.pressenza.com\/it\/2014\/05\/riscrivere-nuova-legge-sui-disastri-ambientali-rischio-principio-inquina-paga\/#article\",\"isPartOf\":{\"@id\":\"https:\/\/www.pressenza.com\/it\/2014\/05\/riscrivere-nuova-legge-sui-disastri-ambientali-rischio-principio-inquina-paga\/\"},\"author\":{\"name\":\"Redazione Italia\",\"@id\":\"https:\/\/www.pressenza.com\/it\/#\/schema\/person\/d983e81827ae24f2c7b1a2123d197f8d\"},\"headline\":\"Riscrivere la nuova legge sui \u201cdisastri ambientali\u201d: a rischio il principio \u201cchi inquina paga\u201d\",\"datePublished\":\"2014-05-19T15:47:45+00:00\",\"dateModified\":\"2014-05-20T10:44:02+00:00\",\"mainEntityOfPage\":{\"@id\":\"https:\/\/www.pressenza.com\/it\/2014\/05\/riscrivere-nuova-legge-sui-disastri-ambientali-rischio-principio-inquina-paga\/\"},\"wordCount\":434,\"publisher\":{\"@id\":\"https:\/\/www.pressenza.com\/it\/#organization\"},\"image\":{\"@id\":\"https:\/\/www.pressenza.com\/it\/2014\/05\/riscrivere-nuova-legge-sui-disastri-ambientali-rischio-principio-inquina-paga\/#primaryimage\"},\"thumbnailUrl\":\"http:\/\/www.leggerifiutizero.it\/images\/comunicati\/inceneritore.jpg\",\"keywords\":[\"disastri ambientali\",\"legge Rifiuti Zero\",\"PeaceLink\",\"Zero Waste\"],\"articleSection\":[\"Comunicati Stampa\",\"Ecologia ed Ambiente\",\"Europa\",\"Politica\"],\"inLanguage\":\"it-IT\"},{\"@type\":\"WebPage\",\"@id\":\"https:\/\/www.pressenza.com\/it\/2014\/05\/riscrivere-nuova-legge-sui-disastri-ambientali-rischio-principio-inquina-paga\/\",\"url\":\"https:\/\/www.pressenza.com\/it\/2014\/05\/riscrivere-nuova-legge-sui-disastri-ambientali-rischio-principio-inquina-paga\/\",\"name\":\"Riscrivere la nuova legge sui \u201cdisastri ambientali\u201d: a rischio il principio \u201cchi inquina paga\u201d\",\"isPartOf\":{\"@id\":\"https:\/\/www.pressenza.com\/it\/#website\"},\"primaryImageOfPage\":{\"@id\":\"https:\/\/www.pressenza.com\/it\/2014\/05\/riscrivere-nuova-legge-sui-disastri-ambientali-rischio-principio-inquina-paga\/#primaryimage\"},\"image\":{\"@id\":\"https:\/\/www.pressenza.com\/it\/2014\/05\/riscrivere-nuova-legge-sui-disastri-ambientali-rischio-principio-inquina-paga\/#primaryimage\"},\"thumbnailUrl\":\"http:\/\/www.leggerifiutizero.it\/images\/comunicati\/inceneritore.jpg\",\"datePublished\":\"2014-05-19T15:47:45+00:00\",\"dateModified\":\"2014-05-20T10:44:02+00:00\",\"description\":\"La legge sui disastri ambientali cos\u00ec com'\u00e8 non va approvata dal parlamento. Cos\u00ec dichiara il Movimento Legge Rifiuti Zero\",\"breadcrumb\":{\"@id\":\"https:\/\/www.pressenza.com\/it\/2014\/05\/riscrivere-nuova-legge-sui-disastri-ambientali-rischio-principio-inquina-paga\/#breadcrumb\"},\"inLanguage\":\"it-IT\",\"potentialAction\":[{\"@type\":\"ReadAction\",\"target\":[\"https:\/\/www.pressenza.com\/it\/2014\/05\/riscrivere-nuova-legge-sui-disastri-ambientali-rischio-principio-inquina-paga\/\"]}]},{\"@type\":\"ImageObject\",\"inLanguage\":\"it-IT\",\"@id\":\"https:\/\/www.pressenza.com\/it\/2014\/05\/riscrivere-nuova-legge-sui-disastri-ambientali-rischio-principio-inquina-paga\/#primaryimage\",\"url\":\"http:\/\/www.leggerifiutizero.it\/images\/comunicati\/inceneritore.jpg\",\"contentUrl\":\"http:\/\/www.leggerifiutizero.it\/images\/comunicati\/inceneritore.jpg\"},{\"@type\":\"BreadcrumbList\",\"@id\":\"https:\/\/www.pressenza.com\/it\/2014\/05\/riscrivere-nuova-legge-sui-disastri-ambientali-rischio-principio-inquina-paga\/#breadcrumb\",\"itemListElement\":[{\"@type\":\"ListItem\",\"position\":1,\"name\":\"Accueil\",\"item\":\"https:\/\/www.pressenza.com\/it\/\"},{\"@type\":\"ListItem\",\"position\":2,\"name\":\"Riscrivere la nuova legge sui \u201cdisastri ambientali\u201d: a rischio il principio \u201cchi inquina paga\u201d\"}]},{\"@type\":\"WebSite\",\"@id\":\"https:\/\/www.pressenza.com\/it\/#website\",\"url\":\"https:\/\/www.pressenza.com\/it\/\",\"name\":\"Pressenza\",\"description\":\"Agenzia di Stampa Internazionale\",\"publisher\":{\"@id\":\"https:\/\/www.pressenza.com\/it\/#organization\"},\"potentialAction\":[{\"@type\":\"SearchAction\",\"target\":{\"@type\":\"EntryPoint\",\"urlTemplate\":\"https:\/\/www.pressenza.com\/it\/?s={search_term_string}\"},\"query-input\":{\"@type\":\"PropertyValueSpecification\",\"valueRequired\":true,\"valueName\":\"search_term_string\"}}],\"inLanguage\":\"it-IT\"},{\"@type\":\"Organization\",\"@id\":\"https:\/\/www.pressenza.com\/it\/#organization\",\"name\":\"Pressenza\",\"url\":\"https:\/\/www.pressenza.com\/it\/\",\"logo\":{\"@type\":\"ImageObject\",\"inLanguage\":\"it-IT\",\"@id\":\"https:\/\/www.pressenza.com\/it\/#\/schema\/logo\/image\/\",\"url\":\"https:\/\/www.pressenza.com\/wp-content\/uploads\/2022\/10\/pressenza_logo_200x200.jpg\",\"contentUrl\":\"https:\/\/www.pressenza.com\/wp-content\/uploads\/2022\/10\/pressenza_logo_200x200.jpg\",\"width\":200,\"height\":200,\"caption\":\"Pressenza\"},\"image\":{\"@id\":\"https:\/\/www.pressenza.com\/it\/#\/schema\/logo\/image\/\"},\"sameAs\":[\"https:\/\/www.facebook.com\/PressenzaItalia\",\"https:\/\/x.com\/PressenzaIPA\"]},{\"@type\":\"Person\",\"@id\":\"https:\/\/www.pressenza.com\/it\/#\/schema\/person\/d983e81827ae24f2c7b1a2123d197f8d\",\"name\":\"Redazione Italia\",\"description\":\"News from the Pressenza Bureau in Italy\",\"sameAs\":[\"https:\/\/www.pressenza.com\/it\/author\/redazione-italia\/\",\"https:\/\/www.facebook.com\/PressenzaItalia\",\"https:\/\/www.instagram.com\/pressenza_italia\/\",\"https:\/\/x.com\/pressenza_it\",\"https:\/\/www.youtube.com\/channel\/UCSalEIWjE1RSxkwjfftFuqg\"],\"url\":\"https:\/\/www.pressenza.com\/it\/author\/redazione-italia\/\"}]}<\/script>\n<!-- \/ Yoast SEO plugin. -->","yoast_head_json":{"title":"Riscrivere la nuova legge sui \u201cdisastri ambientali\u201d: a rischio il principio \u201cchi inquina paga\u201d","description":"La legge sui disastri ambientali cos\u00ec com'\u00e8 non va approvata dal parlamento. Cos\u00ec dichiara il Movimento Legge Rifiuti Zero","robots":{"index":"index","follow":"follow","max-snippet":"max-snippet:-1","max-image-preview":"max-image-preview:large","max-video-preview":"max-video-preview:-1"},"canonical":"https:\/\/www.pressenza.com\/it\/2014\/05\/riscrivere-nuova-legge-sui-disastri-ambientali-rischio-principio-inquina-paga\/","og_locale":"it_IT","og_type":"article","og_title":"Riscrivere la nuova legge sui \u201cdisastri ambientali\u201d: a rischio il principio \u201cchi inquina paga\u201d","og_description":"La legge sui disastri ambientali cos\u00ec com'\u00e8 non va approvata dal parlamento. Cos\u00ec dichiara il Movimento Legge Rifiuti Zero","og_url":"https:\/\/www.pressenza.com\/it\/2014\/05\/riscrivere-nuova-legge-sui-disastri-ambientali-rischio-principio-inquina-paga\/","og_site_name":"Pressenza","article_publisher":"https:\/\/www.facebook.com\/PressenzaItalia","article_author":"https:\/\/www.facebook.com\/PressenzaItalia","article_published_time":"2014-05-19T15:47:45+00:00","article_modified_time":"2014-05-20T10:44:02+00:00","og_image":[{"url":"http:\/\/www.leggerifiutizero.it\/images\/comunicati\/inceneritore.jpg","type":"","width":"","height":""}],"author":"Redazione Italia","twitter_card":"summary_large_image","twitter_creator":"@pressenza_it","twitter_site":"@PressenzaIPA","twitter_misc":{"Scritto da":"Redazione Italia","Tempo di lettura stimato":"2 minuti"},"schema":{"@context":"https:\/\/schema.org","@graph":[{"@type":"Article","@id":"https:\/\/www.pressenza.com\/it\/2014\/05\/riscrivere-nuova-legge-sui-disastri-ambientali-rischio-principio-inquina-paga\/#article","isPartOf":{"@id":"https:\/\/www.pressenza.com\/it\/2014\/05\/riscrivere-nuova-legge-sui-disastri-ambientali-rischio-principio-inquina-paga\/"},"author":{"name":"Redazione Italia","@id":"https:\/\/www.pressenza.com\/it\/#\/schema\/person\/d983e81827ae24f2c7b1a2123d197f8d"},"headline":"Riscrivere la nuova legge sui \u201cdisastri ambientali\u201d: a rischio il principio \u201cchi inquina paga\u201d","datePublished":"2014-05-19T15:47:45+00:00","dateModified":"2014-05-20T10:44:02+00:00","mainEntityOfPage":{"@id":"https:\/\/www.pressenza.com\/it\/2014\/05\/riscrivere-nuova-legge-sui-disastri-ambientali-rischio-principio-inquina-paga\/"},"wordCount":434,"publisher":{"@id":"https:\/\/www.pressenza.com\/it\/#organization"},"image":{"@id":"https:\/\/www.pressenza.com\/it\/2014\/05\/riscrivere-nuova-legge-sui-disastri-ambientali-rischio-principio-inquina-paga\/#primaryimage"},"thumbnailUrl":"http:\/\/www.leggerifiutizero.it\/images\/comunicati\/inceneritore.jpg","keywords":["disastri ambientali","legge Rifiuti Zero","PeaceLink","Zero Waste"],"articleSection":["Comunicati Stampa","Ecologia ed Ambiente","Europa","Politica"],"inLanguage":"it-IT"},{"@type":"WebPage","@id":"https:\/\/www.pressenza.com\/it\/2014\/05\/riscrivere-nuova-legge-sui-disastri-ambientali-rischio-principio-inquina-paga\/","url":"https:\/\/www.pressenza.com\/it\/2014\/05\/riscrivere-nuova-legge-sui-disastri-ambientali-rischio-principio-inquina-paga\/","name":"Riscrivere la nuova legge sui \u201cdisastri ambientali\u201d: a rischio il principio \u201cchi inquina paga\u201d","isPartOf":{"@id":"https:\/\/www.pressenza.com\/it\/#website"},"primaryImageOfPage":{"@id":"https:\/\/www.pressenza.com\/it\/2014\/05\/riscrivere-nuova-legge-sui-disastri-ambientali-rischio-principio-inquina-paga\/#primaryimage"},"image":{"@id":"https:\/\/www.pressenza.com\/it\/2014\/05\/riscrivere-nuova-legge-sui-disastri-ambientali-rischio-principio-inquina-paga\/#primaryimage"},"thumbnailUrl":"http:\/\/www.leggerifiutizero.it\/images\/comunicati\/inceneritore.jpg","datePublished":"2014-05-19T15:47:45+00:00","dateModified":"2014-05-20T10:44:02+00:00","description":"La legge sui disastri ambientali cos\u00ec com'\u00e8 non va approvata dal parlamento. Cos\u00ec dichiara il Movimento Legge Rifiuti Zero","breadcrumb":{"@id":"https:\/\/www.pressenza.com\/it\/2014\/05\/riscrivere-nuova-legge-sui-disastri-ambientali-rischio-principio-inquina-paga\/#breadcrumb"},"inLanguage":"it-IT","potentialAction":[{"@type":"ReadAction","target":["https:\/\/www.pressenza.com\/it\/2014\/05\/riscrivere-nuova-legge-sui-disastri-ambientali-rischio-principio-inquina-paga\/"]}]},{"@type":"ImageObject","inLanguage":"it-IT","@id":"https:\/\/www.pressenza.com\/it\/2014\/05\/riscrivere-nuova-legge-sui-disastri-ambientali-rischio-principio-inquina-paga\/#primaryimage","url":"http:\/\/www.leggerifiutizero.it\/images\/comunicati\/inceneritore.jpg","contentUrl":"http:\/\/www.leggerifiutizero.it\/images\/comunicati\/inceneritore.jpg"},{"@type":"BreadcrumbList","@id":"https:\/\/www.pressenza.com\/it\/2014\/05\/riscrivere-nuova-legge-sui-disastri-ambientali-rischio-principio-inquina-paga\/#breadcrumb","itemListElement":[{"@type":"ListItem","position":1,"name":"Accueil","item":"https:\/\/www.pressenza.com\/it\/"},{"@type":"ListItem","position":2,"name":"Riscrivere la nuova legge sui \u201cdisastri ambientali\u201d: a rischio il principio \u201cchi inquina paga\u201d"}]},{"@type":"WebSite","@id":"https:\/\/www.pressenza.com\/it\/#website","url":"https:\/\/www.pressenza.com\/it\/","name":"Pressenza","description":"Agenzia di Stampa Internazionale","publisher":{"@id":"https:\/\/www.pressenza.com\/it\/#organization"},"potentialAction":[{"@type":"SearchAction","target":{"@type":"EntryPoint","urlTemplate":"https:\/\/www.pressenza.com\/it\/?s={search_term_string}"},"query-input":{"@type":"PropertyValueSpecification","valueRequired":true,"valueName":"search_term_string"}}],"inLanguage":"it-IT"},{"@type":"Organization","@id":"https:\/\/www.pressenza.com\/it\/#organization","name":"Pressenza","url":"https:\/\/www.pressenza.com\/it\/","logo":{"@type":"ImageObject","inLanguage":"it-IT","@id":"https:\/\/www.pressenza.com\/it\/#\/schema\/logo\/image\/","url":"https:\/\/www.pressenza.com\/wp-content\/uploads\/2022\/10\/pressenza_logo_200x200.jpg","contentUrl":"https:\/\/www.pressenza.com\/wp-content\/uploads\/2022\/10\/pressenza_logo_200x200.jpg","width":200,"height":200,"caption":"Pressenza"},"image":{"@id":"https:\/\/www.pressenza.com\/it\/#\/schema\/logo\/image\/"},"sameAs":["https:\/\/www.facebook.com\/PressenzaItalia","https:\/\/x.com\/PressenzaIPA"]},{"@type":"Person","@id":"https:\/\/www.pressenza.com\/it\/#\/schema\/person\/d983e81827ae24f2c7b1a2123d197f8d","name":"Redazione Italia","description":"News from the Pressenza Bureau in Italy","sameAs":["https:\/\/www.pressenza.com\/it\/author\/redazione-italia\/","https:\/\/www.facebook.com\/PressenzaItalia","https:\/\/www.instagram.com\/pressenza_italia\/","https:\/\/x.com\/pressenza_it","https:\/\/www.youtube.com\/channel\/UCSalEIWjE1RSxkwjfftFuqg"],"url":"https:\/\/www.pressenza.com\/it\/author\/redazione-italia\/"}]}},"place":"","original_article_url":"","_links":{"self":[{"href":"https:\/\/www.pressenza.com\/it\/wp-json\/wp\/v2\/posts\/108021","targetHints":{"allow":["GET"]}}],"collection":[{"href":"https:\/\/www.pressenza.com\/it\/wp-json\/wp\/v2\/posts"}],"about":[{"href":"https:\/\/www.pressenza.com\/it\/wp-json\/wp\/v2\/types\/post"}],"author":[{"embeddable":true,"href":"https:\/\/www.pressenza.com\/it\/wp-json\/wp\/v2\/users\/594"}],"replies":[{"embeddable":true,"href":"https:\/\/www.pressenza.com\/it\/wp-json\/wp\/v2\/comments?post=108021"}],"version-history":[{"count":0,"href":"https:\/\/www.pressenza.com\/it\/wp-json\/wp\/v2\/posts\/108021\/revisions"}],"wp:attachment":[{"href":"https:\/\/www.pressenza.com\/it\/wp-json\/wp\/v2\/media?parent=108021"}],"wp:term":[{"taxonomy":"category","embeddable":true,"href":"https:\/\/www.pressenza.com\/it\/wp-json\/wp\/v2\/categories?post=108021"},{"taxonomy":"post_tag","embeddable":true,"href":"https:\/\/www.pressenza.com\/it\/wp-json\/wp\/v2\/tags?post=108021"}],"curies":[{"name":"wp","href":"https:\/\/api.w.org\/{rel}","templated":true}]}}