{"id":1068734,"date":"2020-03-31T13:21:05","date_gmt":"2020-03-31T12:21:05","guid":{"rendered":"https:\/\/www.pressenza.com\/?p=1068734"},"modified":"2020-03-31T14:51:50","modified_gmt":"2020-03-31T13:51:50","slug":"coronavirus-in-abruzzo-il-centro-antiviolenza-donn-e-cambia-strategia","status":"publish","type":"post","link":"https:\/\/www.pressenza.com\/it\/2020\/03\/coronavirus-in-abruzzo-il-centro-antiviolenza-donn-e-cambia-strategia\/","title":{"rendered":"Coronavirus in Abruzzo: il centro antiviolenza Donn.\u00e8 cambia strategia"},"content":{"rendered":"<p>Sono settimane ormai che il governo italiano invita giustamente l\u2019intera popolazione a non uscire, creando anche l\u2019hashtag #iorestoacasa, chiudendo negozi e servizi non necessari sul territorio.<\/p>\n<p>E\u2019 chiaro che i divieti sono necessari per impedire il contagio, ma queste restrizioni non mettono al sicuro tutt*, creando dei veri e propri <strong>effetti collaterali \u201csecondari\u201d<\/strong> ma comunque molto importanti e degni di nota.<\/p>\n<p>Ci sono infatti dei casi in cui <strong>la convivenza forzata<\/strong>, a volte in spazi anche ristretti, diventa una vera e propria gabbia per quelle donne il cui marito o compagno \u00e8 violento, aumentando quindi <strong>il rischio di violenza domestica e femminicidio.<\/strong><\/p>\n<p>I casi sono sicuramente aumentati, viste le premesse, ma <strong>le chiamate sono diminuite<\/strong> ed \u00e8 facilmente intuibile il motivo del calo: le donne, rinchiuse a casa con il carnefice, non hanno possibilit\u00e0 di contattare il 1522, il numero di emergenza in caso di violenza. Fortunatamente i\u00a0 centri antiviolenza si sono attivati per cambiare strategia, tra cui il Centro Donn.\u00e8 di Ortona (CH), creando dei metodi alternativi per chiamare aiuto.<\/p>\n<p>Ce ne parla <strong>Sara di Rado<\/strong>, Responsabile del centro antiviolenza <strong>Donn.\u00e8 di Ortona<\/strong>.<\/p>\n<p>&nbsp;<\/p>\n<p><strong>Cos&#8217;\u00e8 Donn.\u00e8? raccontaci la storia del centro, come \u00e8 nato, da quanto tempo \u00e8 attivo e quante persone collaborano con voi? <\/strong><\/p>\n<p>&nbsp;<\/p>\n<p>Donn.\u00e8 nasce come associazione di promozione sociale nell\u2019agosto del 2012 dalla volont\u00e0 di 4 quattro donne, amiche nella vita, e professioniste impegnate a diverso titolo nel lavoro al fianco delle donne. Da questa volont\u00e0 e dalla determinazione di creare anche nella citt\u00e0 di Ortona una <strong>realt\u00e0 ed uno spazio che si occupasse di donne a 360\u00b0<\/strong> nasce Donn.\u00e8.<\/p>\n<p>Gi\u00e0 il nome \u00e8 molto chiaro: <strong>riaffermare la dimensione femminile<\/strong> in una societ\u00e0 che vuole le donne come invisibili. Nel settembre 2012 l\u2019associazione partecipa ad un bando della regione Abruzzo per il finanziamento dei centri antiviolenza e le case di accoglienza per donne maltrattate, vincendolo e il 14 febbraio 2013 inaugura il <strong>primo centro antiviolenza sul territorio<\/strong>. In questi 7 anni di attivit\u00e0 il centro ha avuto la possibilit\u00e0 di espandersi aprendo altri sportelli su Tollo, Fossacesia e Torino di Sangro. Cosa ancor pi\u00f9 importante \u00e8 stata la firma di una <strong>convenzione<\/strong> con la ASL02 Lanciano-Vasto-Chieti\u00a0 che ha portato all\u2019apertura di due sportelli all\u2019interno dei presidi ospedalieri Bernabeo di Ortona e Renzetti di Lanciano. Questi sportelli sono punti di riferimento importante per le donne vittime di violenza che chiedono aiuto. Attualmente l\u2019equipe del centro, tutta al femminile, \u00e8 composta da 10 operatrici impegnate tra l\u2019accoglienza telefonica, la costruzione di percorsi di uscita dalla violenza, consulenze legali e psicologiche. Sono professioniste: avvocate penaliste e civiliste, assistenti sociali, psicologhe, mediatrici culturali, tutte con una specifica formazione nel contrasto alla violenza di genere sulle donne. Oltre al lavoro del centro con le donne vittime di violenza, Donn.\u00e8 porta avanti <strong>attivit\u00e0 di formazione della rete territoriale antiviolenza<\/strong>, attivit\u00e0 di informazione, prevenzione e sensibilizzazione.<\/p>\n<p>&nbsp;<\/p>\n<p><strong>Com&#8217;era la situazione pre Covid-19 per quanto riguarda la violenza domestica? Che tipo di situazioni riscontravate nel vostro centro? <\/strong><\/p>\n<p>Prima dell\u2019emergenza sanitaria presso il nostro centro antiviolenza abbiamo ricevuto chiamate di aiuto da parte di donne che si trovavano in situazioni di violenza fisica, di mobbing sul lavoro, di violenza economica. Insieme si sono <strong>costruiti percorsi di uscita dalla violenza<\/strong> attraverso incontri quotidiani, costruendo piccole strategie di \u201cnon contatto con il maltrattante\u201d, lavorando sulla loro consapevolezza della situazione e sul recupero della loro identit\u00e0.<\/p>\n<p>&nbsp;<\/p>\n<p><strong>E&#8217; cambiata molto la situazione con la pandemia? Anche voi avete riscontrato una diminuzione di chiamate da parte delle donne?<\/strong><\/p>\n<p>Assolutamente si. Questo non vuol dire per\u00f2 che la violenza domestica si \u00e8 fermata, no al contrario continua ad essere agita ed \u00e8 in aumento proprio a causa della stretta convivenza forzata con il maltrattante. <strong>Le donne hanno difficolt\u00e0 a chiedere aiuto<\/strong> perch\u00e9 maggiormente controllate dal maltrattante, fanno fatica a trovare uno spazio in cui chiamare senza essere scoperte. In questi giorni riceviamo telefonate brevissime, sussurrate dalle donne che hanno gi\u00e0 intrapreso un percorso con noi, dove ci chiedono come rimanere in casa, cosa fare, come tutelare i\/le figli\/e che, costretti anche loro a casa, assistono alle violenze. Non sono mai telefonate semplici. <strong>Abbiamo dovuto riorganizzare le modalit\u00e0 operative<\/strong> facendo fronte all\u2019emergenza nel rispetto delle misure di contenimento dei contagi da Covid-19 adottate dal Governo, pur continuando ad assicurare alle donne le attivit\u00e0 di ascolto, accoglienza, informazione e consulenza, ovviamente a distanza, telefonicamente e\/o tramite chat, videochiamate quando possibile, chiaramente registriamo maggiori difficolt\u00e0 nella gestione delle situazioni soprattutto con quelle ad elevato rischio che richiederebbero una <strong>messa in protezione della donne<\/strong> e dei loro figli\/e al di fuori della loro abitazione e questo per motivi sanitari, attualmente diventa molto complesso.<\/p>\n<p><strong>Parlami di questo vademecum che avete creato. Cosa consigliate dunque di fare in caso di violenza domestica?<\/strong><\/p>\n<p>Il vademecum, realizzato attraverso un lavoro sinergico tra le operatrici del centro Donn.\u00e8, nasce per aiutare tutte le donne che vivono una situazione di violenza in casa e soprattutto per quelle che non riescono a chiedere aiuto. Nel vademecum abbiamo inserito tutta una <strong>serie di indicazioni<\/strong>, contatti utili e strategie che le donne possono adottare e mettere in pratica affinch\u00e9 non si sentano sole in questo momento.Consigliamo di <strong>utilizzare la necessit\u00e0 di fare la spesa<\/strong>, o di recarsi in farmacia, o di buttare la spazzatura o di acquistare giornali o tabacchi o se hanno un cane di portarlo fuori <strong>per uscire di casa e contattare il centro antiviolenza<\/strong> o le forze dell\u2019ordine. Se invece si trovano a subire episodi violenti in casa, e si sentono particolarmente in pericolo, consigliamo di <strong>chiudersi in una stanza<\/strong> della quale hanno solo loro la chiave e di chiamare le forze dell\u2019ordine al 112 o al 113 oppure di chiamare un\/una vicino\/a di casa. Raccomandiamo di <strong>avere sempre il cellulare carico<\/strong> con s\u00e9 e di tenere nella \u201cstanza protetta\u201d un carica batterie e i propri documenti. Consigliamo di scaricare la APP del 1522 dove possono chattare prontamente con un\u2019operatrice. Inoltre, al Vademecum abbiamo allegato un breve ed efficace <strong>questionario di autovalutazione<\/strong> del rischio, realizzato dalla Dott.ssa Margherita Carlini, utile per le donne affinch\u00e9 possano innanzitutto prendere consapevolezza della situazione di violenza in cui si trovano, al fine di avere una miglior percezione della gravit\u00e0 e del rischio al quale sono esposte.<\/p>\n<p><strong>Quale messaggio dobbiamo e possiamo mandare alle vittime?<\/strong><\/p>\n<p>Alle donne voglio dire che non sono sole e che non abbiamo nessuna intenzione di lasciarle sole. <strong>NOI CI SIAMO<\/strong>. Le donne devono sapere che in questo momento il centro antiviolenza \u00e8 operativo e che stiamo lavorando in sinergia con la regione e la prefettura anche per trovare soluzioni per le situazioni maggiormente a rischio. Stiamo inoltre dialogando con le procure del territorio\u00a0 per\u00a0 attivare percorsi condivisi nella scelta delle misure cautelari da adottarsi.<\/p>\n<p>&nbsp;<\/p>\n<p><strong>Il vademecum anti-violenza di Donn.\u00e8<\/strong><\/p>\n<p><img loading=\"lazy\" decoding=\"async\" class=\"alignnone wp-image-1068756 size-full\" src=\"https:\/\/www.pressenza.com\/wp-content\/uploads\/2020\/03\/FB_IMG_1585651435711.jpg\" alt=\"\" width=\"679\" height=\"960\" srcset=\"https:\/\/www.pressenza.com\/wp-content\/uploads\/2020\/03\/FB_IMG_1585651435711.jpg 679w, https:\/\/www.pressenza.com\/wp-content\/uploads\/2020\/03\/FB_IMG_1585651435711-212x300.jpg 212w\" sizes=\"auto, (max-width: 679px) 100vw, 679px\" \/> <img loading=\"lazy\" decoding=\"async\" class=\"alignnone wp-image-1068766 size-full\" src=\"https:\/\/www.pressenza.com\/wp-content\/uploads\/2020\/03\/FB_IMG_1585651424338.jpg\" alt=\"\" width=\"679\" height=\"960\" srcset=\"https:\/\/www.pressenza.com\/wp-content\/uploads\/2020\/03\/FB_IMG_1585651424338.jpg 679w, https:\/\/www.pressenza.com\/wp-content\/uploads\/2020\/03\/FB_IMG_1585651424338-212x300.jpg 212w\" sizes=\"auto, (max-width: 679px) 100vw, 679px\" \/><\/p>\n","protected":false},"excerpt":{"rendered":"<p>Sono settimane ormai che il governo italiano invita giustamente l\u2019intera popolazione a non uscire, creando anche l\u2019hashtag #iorestoacasa, chiudendo negozi e servizi non necessari sul territorio. E\u2019 chiaro che i divieti sono necessari per impedire il contagio, ma queste restrizioni&hellip;<\/p>\n","protected":false},"author":1703,"featured_media":1068735,"comment_status":"closed","ping_status":"closed","sticky":false,"template":"","format":"standard","meta":{"footnotes":""},"categories":[11388,60,47],"tags":[4285,26405,72363,73149,3403],"class_list":["post-1068734","post","type-post","status-publish","format-standard","has-post-thumbnail","hentry","category-contenuti-originali","category-diritti-umani","category-europa","tag-abruzzo","tag-centro-antiviolenza","tag-covid19-it","tag-ortona","tag-violenza-contro-le-donne"],"yoast_head":"<!-- This site is optimized with the Yoast SEO plugin v27.1.1 - https:\/\/yoast.com\/product\/yoast-seo-wordpress\/ -->\n<title>Coronavirus in Abruzzo: il centro antiviolenza Donn.\u00e8 cambia strategia<\/title>\n<meta name=\"description\" content=\"Sono settimane ormai che il governo italiano invita giustamente l\u2019intera popolazione a non uscire, creando anche l\u2019hashtag #iorestoacasa, chiudendo negozi\" \/>\n<meta name=\"robots\" content=\"index, follow, max-snippet:-1, max-image-preview:large, max-video-preview:-1\" \/>\n<link rel=\"canonical\" href=\"https:\/\/www.pressenza.com\/it\/2020\/03\/coronavirus-in-abruzzo-il-centro-antiviolenza-donn-e-cambia-strategia\/\" \/>\n<meta property=\"og:locale\" content=\"it_IT\" \/>\n<meta property=\"og:type\" content=\"article\" \/>\n<meta property=\"og:title\" content=\"Coronavirus in Abruzzo: il centro antiviolenza Donn.\u00e8 cambia strategia\" \/>\n<meta property=\"og:description\" content=\"Sono settimane ormai che il governo italiano invita giustamente l\u2019intera popolazione a non uscire, creando anche l\u2019hashtag #iorestoacasa, chiudendo negozi\" \/>\n<meta property=\"og:url\" content=\"https:\/\/www.pressenza.com\/it\/2020\/03\/coronavirus-in-abruzzo-il-centro-antiviolenza-donn-e-cambia-strategia\/\" \/>\n<meta property=\"og:site_name\" content=\"Pressenza\" \/>\n<meta property=\"article:publisher\" content=\"https:\/\/www.facebook.com\/PressenzaItalia\" \/>\n<meta property=\"article:published_time\" content=\"2020-03-31T12:21:05+00:00\" \/>\n<meta property=\"article:modified_time\" content=\"2020-03-31T13:51:50+00:00\" \/>\n<meta property=\"og:image\" content=\"https:\/\/www.pressenza.com\/wp-content\/uploads\/2020\/03\/centroortonaxbenedetta.jpg\" \/>\n\t<meta property=\"og:image:width\" content=\"1088\" \/>\n\t<meta property=\"og:image:height\" content=\"722\" \/>\n\t<meta property=\"og:image:type\" content=\"image\/jpeg\" \/>\n<meta name=\"author\" content=\"Benedetta La Penna\" \/>\n<meta name=\"twitter:card\" content=\"summary_large_image\" \/>\n<meta name=\"twitter:creator\" content=\"@PressenzaIPA\" \/>\n<meta name=\"twitter:site\" content=\"@PressenzaIPA\" \/>\n<meta name=\"twitter:label1\" content=\"Scritto da\" \/>\n\t<meta name=\"twitter:data1\" content=\"Benedetta La Penna\" \/>\n\t<meta name=\"twitter:label2\" content=\"Tempo di lettura stimato\" \/>\n\t<meta name=\"twitter:data2\" content=\"6 minuti\" \/>\n<script type=\"application\/ld+json\" class=\"yoast-schema-graph\">{\"@context\":\"https:\/\/schema.org\",\"@graph\":[{\"@type\":\"Article\",\"@id\":\"https:\/\/www.pressenza.com\/it\/2020\/03\/coronavirus-in-abruzzo-il-centro-antiviolenza-donn-e-cambia-strategia\/#article\",\"isPartOf\":{\"@id\":\"https:\/\/www.pressenza.com\/it\/2020\/03\/coronavirus-in-abruzzo-il-centro-antiviolenza-donn-e-cambia-strategia\/\"},\"author\":{\"name\":\"Benedetta La Penna\",\"@id\":\"https:\/\/www.pressenza.com\/it\/#\/schema\/person\/19d617012f8d8cb82d4c1025776f9a53\"},\"headline\":\"Coronavirus in Abruzzo: il centro antiviolenza Donn.\u00e8 cambia strategia\",\"datePublished\":\"2020-03-31T12:21:05+00:00\",\"dateModified\":\"2020-03-31T13:51:50+00:00\",\"mainEntityOfPage\":{\"@id\":\"https:\/\/www.pressenza.com\/it\/2020\/03\/coronavirus-in-abruzzo-il-centro-antiviolenza-donn-e-cambia-strategia\/\"},\"wordCount\":1130,\"publisher\":{\"@id\":\"https:\/\/www.pressenza.com\/it\/#organization\"},\"image\":{\"@id\":\"https:\/\/www.pressenza.com\/it\/2020\/03\/coronavirus-in-abruzzo-il-centro-antiviolenza-donn-e-cambia-strategia\/#primaryimage\"},\"thumbnailUrl\":\"https:\/\/www.pressenza.com\/wp-content\/uploads\/2020\/03\/centroortonaxbenedetta.jpg\",\"keywords\":[\"Abruzzo\",\"Centro Antiviolenza\",\"COVID19\",\"ortona\",\"violenza contro le donne\"],\"articleSection\":[\"contenuti originali\",\"Diritti Umani\",\"Europa\"],\"inLanguage\":\"it-IT\"},{\"@type\":\"WebPage\",\"@id\":\"https:\/\/www.pressenza.com\/it\/2020\/03\/coronavirus-in-abruzzo-il-centro-antiviolenza-donn-e-cambia-strategia\/\",\"url\":\"https:\/\/www.pressenza.com\/it\/2020\/03\/coronavirus-in-abruzzo-il-centro-antiviolenza-donn-e-cambia-strategia\/\",\"name\":\"Coronavirus in Abruzzo: il centro antiviolenza Donn.\u00e8 cambia strategia\",\"isPartOf\":{\"@id\":\"https:\/\/www.pressenza.com\/it\/#website\"},\"primaryImageOfPage\":{\"@id\":\"https:\/\/www.pressenza.com\/it\/2020\/03\/coronavirus-in-abruzzo-il-centro-antiviolenza-donn-e-cambia-strategia\/#primaryimage\"},\"image\":{\"@id\":\"https:\/\/www.pressenza.com\/it\/2020\/03\/coronavirus-in-abruzzo-il-centro-antiviolenza-donn-e-cambia-strategia\/#primaryimage\"},\"thumbnailUrl\":\"https:\/\/www.pressenza.com\/wp-content\/uploads\/2020\/03\/centroortonaxbenedetta.jpg\",\"datePublished\":\"2020-03-31T12:21:05+00:00\",\"dateModified\":\"2020-03-31T13:51:50+00:00\",\"description\":\"Sono settimane ormai che il governo italiano invita giustamente l\u2019intera popolazione a non uscire, creando anche l\u2019hashtag #iorestoacasa, chiudendo negozi\",\"breadcrumb\":{\"@id\":\"https:\/\/www.pressenza.com\/it\/2020\/03\/coronavirus-in-abruzzo-il-centro-antiviolenza-donn-e-cambia-strategia\/#breadcrumb\"},\"inLanguage\":\"it-IT\",\"potentialAction\":[{\"@type\":\"ReadAction\",\"target\":[\"https:\/\/www.pressenza.com\/it\/2020\/03\/coronavirus-in-abruzzo-il-centro-antiviolenza-donn-e-cambia-strategia\/\"]}]},{\"@type\":\"ImageObject\",\"inLanguage\":\"it-IT\",\"@id\":\"https:\/\/www.pressenza.com\/it\/2020\/03\/coronavirus-in-abruzzo-il-centro-antiviolenza-donn-e-cambia-strategia\/#primaryimage\",\"url\":\"https:\/\/www.pressenza.com\/wp-content\/uploads\/2020\/03\/centroortonaxbenedetta.jpg\",\"contentUrl\":\"https:\/\/www.pressenza.com\/wp-content\/uploads\/2020\/03\/centroortonaxbenedetta.jpg\",\"width\":1088,\"height\":722,\"caption\":\"fonte pixabay\"},{\"@type\":\"BreadcrumbList\",\"@id\":\"https:\/\/www.pressenza.com\/it\/2020\/03\/coronavirus-in-abruzzo-il-centro-antiviolenza-donn-e-cambia-strategia\/#breadcrumb\",\"itemListElement\":[{\"@type\":\"ListItem\",\"position\":1,\"name\":\"Accueil\",\"item\":\"https:\/\/www.pressenza.com\/it\/\"},{\"@type\":\"ListItem\",\"position\":2,\"name\":\"Coronavirus in Abruzzo: il centro antiviolenza Donn.\u00e8 cambia strategia\"}]},{\"@type\":\"WebSite\",\"@id\":\"https:\/\/www.pressenza.com\/it\/#website\",\"url\":\"https:\/\/www.pressenza.com\/it\/\",\"name\":\"Pressenza\",\"description\":\"Agenzia di Stampa Internazionale\",\"publisher\":{\"@id\":\"https:\/\/www.pressenza.com\/it\/#organization\"},\"potentialAction\":[{\"@type\":\"SearchAction\",\"target\":{\"@type\":\"EntryPoint\",\"urlTemplate\":\"https:\/\/www.pressenza.com\/it\/?s={search_term_string}\"},\"query-input\":{\"@type\":\"PropertyValueSpecification\",\"valueRequired\":true,\"valueName\":\"search_term_string\"}}],\"inLanguage\":\"it-IT\"},{\"@type\":\"Organization\",\"@id\":\"https:\/\/www.pressenza.com\/it\/#organization\",\"name\":\"Pressenza\",\"url\":\"https:\/\/www.pressenza.com\/it\/\",\"logo\":{\"@type\":\"ImageObject\",\"inLanguage\":\"it-IT\",\"@id\":\"https:\/\/www.pressenza.com\/it\/#\/schema\/logo\/image\/\",\"url\":\"https:\/\/www.pressenza.com\/wp-content\/uploads\/2022\/10\/pressenza_logo_200x200.jpg\",\"contentUrl\":\"https:\/\/www.pressenza.com\/wp-content\/uploads\/2022\/10\/pressenza_logo_200x200.jpg\",\"width\":200,\"height\":200,\"caption\":\"Pressenza\"},\"image\":{\"@id\":\"https:\/\/www.pressenza.com\/it\/#\/schema\/logo\/image\/\"},\"sameAs\":[\"https:\/\/www.facebook.com\/PressenzaItalia\",\"https:\/\/x.com\/PressenzaIPA\"]},{\"@type\":\"Person\",\"@id\":\"https:\/\/www.pressenza.com\/it\/#\/schema\/person\/19d617012f8d8cb82d4c1025776f9a53\",\"name\":\"Benedetta La Penna\",\"url\":\"https:\/\/www.pressenza.com\/it\/author\/benedetta-la-penna\/\"}]}<\/script>\n<!-- \/ Yoast SEO plugin. -->","yoast_head_json":{"title":"Coronavirus in Abruzzo: il centro antiviolenza Donn.\u00e8 cambia strategia","description":"Sono settimane ormai che il governo italiano invita giustamente l\u2019intera popolazione a non uscire, creando anche l\u2019hashtag #iorestoacasa, chiudendo negozi","robots":{"index":"index","follow":"follow","max-snippet":"max-snippet:-1","max-image-preview":"max-image-preview:large","max-video-preview":"max-video-preview:-1"},"canonical":"https:\/\/www.pressenza.com\/it\/2020\/03\/coronavirus-in-abruzzo-il-centro-antiviolenza-donn-e-cambia-strategia\/","og_locale":"it_IT","og_type":"article","og_title":"Coronavirus in Abruzzo: il centro antiviolenza Donn.\u00e8 cambia strategia","og_description":"Sono settimane ormai che il governo italiano invita giustamente l\u2019intera popolazione a non uscire, creando anche l\u2019hashtag #iorestoacasa, chiudendo negozi","og_url":"https:\/\/www.pressenza.com\/it\/2020\/03\/coronavirus-in-abruzzo-il-centro-antiviolenza-donn-e-cambia-strategia\/","og_site_name":"Pressenza","article_publisher":"https:\/\/www.facebook.com\/PressenzaItalia","article_published_time":"2020-03-31T12:21:05+00:00","article_modified_time":"2020-03-31T13:51:50+00:00","og_image":[{"width":1088,"height":722,"url":"https:\/\/www.pressenza.com\/wp-content\/uploads\/2020\/03\/centroortonaxbenedetta.jpg","type":"image\/jpeg"}],"author":"Benedetta La Penna","twitter_card":"summary_large_image","twitter_creator":"@PressenzaIPA","twitter_site":"@PressenzaIPA","twitter_misc":{"Scritto da":"Benedetta La Penna","Tempo di lettura stimato":"6 minuti"},"schema":{"@context":"https:\/\/schema.org","@graph":[{"@type":"Article","@id":"https:\/\/www.pressenza.com\/it\/2020\/03\/coronavirus-in-abruzzo-il-centro-antiviolenza-donn-e-cambia-strategia\/#article","isPartOf":{"@id":"https:\/\/www.pressenza.com\/it\/2020\/03\/coronavirus-in-abruzzo-il-centro-antiviolenza-donn-e-cambia-strategia\/"},"author":{"name":"Benedetta La Penna","@id":"https:\/\/www.pressenza.com\/it\/#\/schema\/person\/19d617012f8d8cb82d4c1025776f9a53"},"headline":"Coronavirus in Abruzzo: il centro antiviolenza Donn.\u00e8 cambia strategia","datePublished":"2020-03-31T12:21:05+00:00","dateModified":"2020-03-31T13:51:50+00:00","mainEntityOfPage":{"@id":"https:\/\/www.pressenza.com\/it\/2020\/03\/coronavirus-in-abruzzo-il-centro-antiviolenza-donn-e-cambia-strategia\/"},"wordCount":1130,"publisher":{"@id":"https:\/\/www.pressenza.com\/it\/#organization"},"image":{"@id":"https:\/\/www.pressenza.com\/it\/2020\/03\/coronavirus-in-abruzzo-il-centro-antiviolenza-donn-e-cambia-strategia\/#primaryimage"},"thumbnailUrl":"https:\/\/www.pressenza.com\/wp-content\/uploads\/2020\/03\/centroortonaxbenedetta.jpg","keywords":["Abruzzo","Centro Antiviolenza","COVID19","ortona","violenza contro le donne"],"articleSection":["contenuti originali","Diritti Umani","Europa"],"inLanguage":"it-IT"},{"@type":"WebPage","@id":"https:\/\/www.pressenza.com\/it\/2020\/03\/coronavirus-in-abruzzo-il-centro-antiviolenza-donn-e-cambia-strategia\/","url":"https:\/\/www.pressenza.com\/it\/2020\/03\/coronavirus-in-abruzzo-il-centro-antiviolenza-donn-e-cambia-strategia\/","name":"Coronavirus in Abruzzo: il centro antiviolenza Donn.\u00e8 cambia strategia","isPartOf":{"@id":"https:\/\/www.pressenza.com\/it\/#website"},"primaryImageOfPage":{"@id":"https:\/\/www.pressenza.com\/it\/2020\/03\/coronavirus-in-abruzzo-il-centro-antiviolenza-donn-e-cambia-strategia\/#primaryimage"},"image":{"@id":"https:\/\/www.pressenza.com\/it\/2020\/03\/coronavirus-in-abruzzo-il-centro-antiviolenza-donn-e-cambia-strategia\/#primaryimage"},"thumbnailUrl":"https:\/\/www.pressenza.com\/wp-content\/uploads\/2020\/03\/centroortonaxbenedetta.jpg","datePublished":"2020-03-31T12:21:05+00:00","dateModified":"2020-03-31T13:51:50+00:00","description":"Sono settimane ormai che il governo italiano invita giustamente l\u2019intera popolazione a non uscire, creando anche l\u2019hashtag #iorestoacasa, chiudendo negozi","breadcrumb":{"@id":"https:\/\/www.pressenza.com\/it\/2020\/03\/coronavirus-in-abruzzo-il-centro-antiviolenza-donn-e-cambia-strategia\/#breadcrumb"},"inLanguage":"it-IT","potentialAction":[{"@type":"ReadAction","target":["https:\/\/www.pressenza.com\/it\/2020\/03\/coronavirus-in-abruzzo-il-centro-antiviolenza-donn-e-cambia-strategia\/"]}]},{"@type":"ImageObject","inLanguage":"it-IT","@id":"https:\/\/www.pressenza.com\/it\/2020\/03\/coronavirus-in-abruzzo-il-centro-antiviolenza-donn-e-cambia-strategia\/#primaryimage","url":"https:\/\/www.pressenza.com\/wp-content\/uploads\/2020\/03\/centroortonaxbenedetta.jpg","contentUrl":"https:\/\/www.pressenza.com\/wp-content\/uploads\/2020\/03\/centroortonaxbenedetta.jpg","width":1088,"height":722,"caption":"fonte pixabay"},{"@type":"BreadcrumbList","@id":"https:\/\/www.pressenza.com\/it\/2020\/03\/coronavirus-in-abruzzo-il-centro-antiviolenza-donn-e-cambia-strategia\/#breadcrumb","itemListElement":[{"@type":"ListItem","position":1,"name":"Accueil","item":"https:\/\/www.pressenza.com\/it\/"},{"@type":"ListItem","position":2,"name":"Coronavirus in Abruzzo: il centro antiviolenza Donn.\u00e8 cambia strategia"}]},{"@type":"WebSite","@id":"https:\/\/www.pressenza.com\/it\/#website","url":"https:\/\/www.pressenza.com\/it\/","name":"Pressenza","description":"Agenzia di Stampa Internazionale","publisher":{"@id":"https:\/\/www.pressenza.com\/it\/#organization"},"potentialAction":[{"@type":"SearchAction","target":{"@type":"EntryPoint","urlTemplate":"https:\/\/www.pressenza.com\/it\/?s={search_term_string}"},"query-input":{"@type":"PropertyValueSpecification","valueRequired":true,"valueName":"search_term_string"}}],"inLanguage":"it-IT"},{"@type":"Organization","@id":"https:\/\/www.pressenza.com\/it\/#organization","name":"Pressenza","url":"https:\/\/www.pressenza.com\/it\/","logo":{"@type":"ImageObject","inLanguage":"it-IT","@id":"https:\/\/www.pressenza.com\/it\/#\/schema\/logo\/image\/","url":"https:\/\/www.pressenza.com\/wp-content\/uploads\/2022\/10\/pressenza_logo_200x200.jpg","contentUrl":"https:\/\/www.pressenza.com\/wp-content\/uploads\/2022\/10\/pressenza_logo_200x200.jpg","width":200,"height":200,"caption":"Pressenza"},"image":{"@id":"https:\/\/www.pressenza.com\/it\/#\/schema\/logo\/image\/"},"sameAs":["https:\/\/www.facebook.com\/PressenzaItalia","https:\/\/x.com\/PressenzaIPA"]},{"@type":"Person","@id":"https:\/\/www.pressenza.com\/it\/#\/schema\/person\/19d617012f8d8cb82d4c1025776f9a53","name":"Benedetta La Penna","url":"https:\/\/www.pressenza.com\/it\/author\/benedetta-la-penna\/"}]}},"place":"","original_article_url":"","_links":{"self":[{"href":"https:\/\/www.pressenza.com\/it\/wp-json\/wp\/v2\/posts\/1068734","targetHints":{"allow":["GET"]}}],"collection":[{"href":"https:\/\/www.pressenza.com\/it\/wp-json\/wp\/v2\/posts"}],"about":[{"href":"https:\/\/www.pressenza.com\/it\/wp-json\/wp\/v2\/types\/post"}],"author":[{"embeddable":true,"href":"https:\/\/www.pressenza.com\/it\/wp-json\/wp\/v2\/users\/1703"}],"replies":[{"embeddable":true,"href":"https:\/\/www.pressenza.com\/it\/wp-json\/wp\/v2\/comments?post=1068734"}],"version-history":[{"count":0,"href":"https:\/\/www.pressenza.com\/it\/wp-json\/wp\/v2\/posts\/1068734\/revisions"}],"wp:featuredmedia":[{"embeddable":true,"href":"https:\/\/www.pressenza.com\/it\/wp-json\/wp\/v2\/media\/1068735"}],"wp:attachment":[{"href":"https:\/\/www.pressenza.com\/it\/wp-json\/wp\/v2\/media?parent=1068734"}],"wp:term":[{"taxonomy":"category","embeddable":true,"href":"https:\/\/www.pressenza.com\/it\/wp-json\/wp\/v2\/categories?post=1068734"},{"taxonomy":"post_tag","embeddable":true,"href":"https:\/\/www.pressenza.com\/it\/wp-json\/wp\/v2\/tags?post=1068734"}],"curies":[{"name":"wp","href":"https:\/\/api.w.org\/{rel}","templated":true}]}}