{"id":1067950,"date":"2020-03-30T16:25:10","date_gmt":"2020-03-30T15:25:10","guid":{"rendered":"https:\/\/www.pressenza.com\/?p=1067950"},"modified":"2020-03-30T16:28:24","modified_gmt":"2020-03-30T15:28:24","slug":"noam-chomsky-supereremo-la-crisi-del-coronavirus-ma-abbiamo-davanti-a-noi-crisi-piu-gravi","status":"publish","type":"post","link":"https:\/\/www.pressenza.com\/it\/2020\/03\/noam-chomsky-supereremo-la-crisi-del-coronavirus-ma-abbiamo-davanti-a-noi-crisi-piu-gravi\/","title":{"rendered":"Noam Chomsky: &#8220;Supereremo la crisi del coronavirus, ma abbiamo davanti a noi crisi pi\u00f9 gravi&#8221;"},"content":{"rendered":"<p align=\"JUSTIFY\"><strong><span style=\"font-family: Verdana, serif;\"><span style=\"font-size: medium;\">Noam Chomsky, noto linguista e analista politico americano di 91 anni, ha parlato con Sre\u0107ko Horvat su DiEM25 TV dall&#8217;Arizona, USA, dove si trova in autoisolamento a causa della pandemia. Chomsky ha sottolineato che la crisi sanitaria del coronavirus \u00e8 molto grave e avr\u00e0 gravi conseguenze, ma sar\u00e0 temporanea, mentre ci sono altri due gravi orrori per l&#8217;umanit\u00e0, la guerra nucleare e il riscaldamento globale. La sua analisi sottolinea che tutte queste minacce sono intensificate dalle politiche neoliberali, e dopo la fine di questa crisi le opzioni saranno o stati pi\u00f9 autoritari, brutali o una ricostruzione radicale della societ\u00e0 in termini pi\u00f9 umani.<\/span><\/span><\/strong><\/p>\n<p align=\"JUSTIFY\"><span style=\"font-family: Verdana, serif;\"><span style=\"font-size: medium;\">Secondo Chomsky \u00e8 scioccante che in questo momento cruciale sia in testa Donald Trump, che descrive come un buffone sociopatico. &#8220;Il coronavirus \u00e8 gi\u00e0 abbastanza grave, ma vale la pena ricordare che si stanno avvicinando due minacce molto pi\u00f9 grandi, molto peggiori di qualsiasi cosa sia accaduta nella storia dell&#8217;umanit\u00e0: una \u00e8 la crescente minaccia di una guerra nucleare e l&#8217;altra, naturalmente, \u00e8 la crescente minaccia del riscaldamento globale. Il Coronavirus \u00e8 orribile e pu\u00f2 avere conseguenze terrificanti, ma ci sar\u00e0 una ripresa. Mentre se gli altri non saranno recuperati, \u00e8 finita&#8221;.<\/span><\/span><\/p>\n<p align=\"JUSTIFY\"><span style=\"font-family: Verdana, serif;\"><span style=\"font-size: medium;\">Il potere degli Stati Uniti \u00e8 travolgente. \u00c8 l&#8217;unico Paese che, quando impone sanzioni ad altri Stati come Iran e Cuba, obbliga tutti gli altri a seguirli. Anche l&#8217;Europa segue il maestro, sostiene Chomsky. Questi Paesi soffrono per le sanzioni degli Stati Uniti, tuttavia &#8220;uno degli elementi pi\u00f9 ironici dell&#8217;attuale crisi del virus \u00e8 che Cuba sta aiutando l&#8217;Europa&#8221;. La Germania non pu\u00f2 aiutare la Grecia, ma Cuba pu\u00f2 aiutare i Paesi europei&#8221;. Aggiungendo le morti di migliaia di immigrati e rifugiati nel Mediterraneo, Chomsky pensa che la crisi dellla civilt\u00e0 dell&#8217;Occidente a questo punto sia devastante.<\/span><\/span><\/p>\n<p align=\"JUSTIFY\"><span style=\"font-family: Verdana, serif;\"><span style=\"font-size: medium;\">La retorica di oggi che si riferisce alla guerra ha un certo significato, secondo Chomsky. Se vogliamo affrontare questa crisi dobbiamo passare a qualcosa di simile alla <strong>mobilitazione bellica<\/strong>. Per esempio la mobilitazione finanziaria degli Stati Uniti per la seconda guerra mondiale, che ha portato il paese a un debito molto maggiore, ha quadruplicato il settore manifatturiero statunitense e ha portato alla crescita. Abbiamo bisogno di questa mentalit\u00e0, ora, per superare questa crisi a breve termine, che pu\u00f2 essere affrontata dai paesi ricchi. &#8220;In un mondo civilizzato, i paesi ricchi darebbero assistenza a chi ne ha bisogno, invece di strangolarlo&#8221;. &#8220;<strong>La crisi del coronavirus potrebbe portare la gente a pensare a che tipo di mondo vogliamo<\/strong>&#8220;.<\/span><\/span><\/p>\n<p align=\"JUSTIFY\"><span style=\"font-family: Verdana, serif;\"><span style=\"font-size: medium;\">Chomsky ritiene che le origini di questa crisi siano state un <strong>colossale fallimento del mercato<\/strong> e delle politiche neoliberali che hanno intensificato i profondi problemi socio-economici. &#8220;<strong>Si sapeva da tempo che era molto probabile che si\u00a0 verificassero delle pandemie<\/strong> e si era capito molto bene che delle leggere modifiche dell&#8217;epidemia di SARS dovute alla pandemia di coronavirus erano probabili. Avrebbero potuto lavorare sui vaccini, sullo sviluppo di una protezione per potenziali pandemie da coronavirus, e con lievi modifiche avremmo potuto avere i vaccini disponibili oggi&#8221;. Per quanto riguarda Big Pharma, una le tirannie private al punto che \u00e8 impossibile per il governo intervenire, \u00e8 pi\u00f9 redditizio fare nuove creme per il corpo che trovare un vaccino che protegga la gente dalla distruzione totale. La minaccia della polio si \u00e8 conclusa con il vaccino Salk fornito da un&#8217;istituzione governativa, senza brevetti, a disposizione di tutti. &#8220;Questa volta si sarebbe potuto fare, ma la peste neoliberale l&#8217;ha bloccato&#8221;.<\/span><\/span><\/p>\n<p align=\"JUSTIFY\"><strong><span style=\"font-family: Verdana, serif;\"><span style=\"font-size: medium;\">Le informazioni c&#8217;erano, ma non abbiamo prestato attenzione.<\/span><\/span><\/strong><\/p>\n<p align=\"JUSTIFY\"><span style=\"font-family: Verdana, serif;\"><span style=\"font-size: medium;\">&#8220;Nell&#8217;ottobre 2019 c&#8217;\u00e8 stata una simulazione su larga scala di una possibile pandemia di questo tipo negli Stati Uniti, ma non \u00e8 stato fatto nulla. Non abbiamo prestato attenzione alle informazioni. Il 31 dicembre la Cina ha informato l&#8217;Organizzazione Mondiale della Sanit\u00e0 della polmonite, una settimana dopo alcuni scienziati cinesi hanno identificato l&#8217;agente patogeno come coronavirus e hanno dato l&#8217;informazione al mondo. I Paesi della zona, Cina, Corea del Sud, Taiwan, hanno cominciato a fare qualcosa e sembra siano riusciti a contenere almeno la prima ondata di crisi. Anche in Europa, in una certa misura, \u00e8 successo questo. La Germania, che si era mossa appena in tempo, ha un buon sistema ospedaliero e ha agito in modo altamente egoistico, senza aiutare gli altri, ma almeno ha attuato per se stessa un ragionevole contenimento. Altri Paesi l&#8217;hanno semplicemente ignorato, come il peggiore di loro, il Regno Unito. Ma il peggiore di tutti sono stati gli Stati Uniti&#8221;.<\/span><\/span><\/p>\n<p align=\"JUSTIFY\"><span style=\"font-family: Verdana, serif;\"><span style=\"font-size: medium;\">Nel momento in cui supereremo, in qualche modo, questa crisi, le opzioni andranno dall&#8217;installazione di Stati brutali altamente autoritari fino alla ricostruzione radicale della societ\u00e0 in termini pi\u00f9 umani, preoccupati dei bisogni umani invece che del profitto privato. &#8220;<strong>C&#8217;\u00e8 la possibilit\u00e0 che la gente si organizzi, si impegni, come molti stanno facendo, e porti a un mondo molto migliore, che affronti anche gli enormi problemi che stiamo affrontando lungo la strada<\/strong>, i problemi della guerra nucleare, pi\u00f9 vicina di quanto sia mai stata, e i problemi della catastrofe ambientale da cui non ci sar\u00e0 ripresa una volta che saremo arrivati a quella fase, e che non \u00e8 lontana, a meno che non agiamo con decisione&#8221;.<\/span><\/span><\/p>\n<p align=\"JUSTIFY\"><span style=\"font-family: Verdana, serif;\"><span style=\"font-size: medium;\">&#8220;Quindi ci troviamo in un momento critico della storia umana e non solo a causa del coronavirus. Questo dovrebbe portarci alla consapevolezza dei profondi difetti del mondo, delle profonde e disfunzionali caratteristiche dell&#8217;intero sistema socio-economico, che deve cambiare se vogliamo sopravvivere nel futuro. Quindi questo potrebbe essere un segnale d&#8217;allarme e una lezione per affrontarlo oggi o per evitare che esploda. Ma \u00e8 necessario pensare alle sue radici e a come queste radici porteranno ad altre crisi, peggiori di questa&#8221;.<\/span><\/span><\/p>\n<p align=\"JUSTIFY\"><span style=\"font-family: Verdana, serif;\"><span style=\"font-size: medium;\">A proposito della situazione di quarantena che oggi pi\u00f9 di 2 miliardi di persone sul pianeta affrontano, Chomsky sottolinea che una forma di isolamento sociale esiste da anni ed \u00e8 molto dannosa.<\/span><\/span><\/p>\n<p align=\"JUSTIFY\"><span style=\"font-family: Verdana, serif;\"><span style=\"font-size: medium;\">&#8220;<strong>Ci troviamo ora in una situazione di vero e proprio isolamento sociale. Deve essere superata ricreando i legami sociali in qualsiasi modo si possa fare<\/strong>, in qualsiasi modo si possano aiutare le persone in difficolt\u00e0: contattandoli, sviluppando organizzazioni, espandendo l&#8217;analisi, e prima di farli diventare funzionali e operativi, fare progetti per il futuro, riunire le persone come si pu\u00f2 nell&#8217;era di internet, unirsi, consultarsi deliberatamente per trovare risposte ai problemi che si devono affrontare e lavorare su di essi. Si pu\u00f2 fare. La comunicazione faccia a faccia non \u00e8 essenziale per gli esseri umani. Anche se ne saranno privati per un po&#8217; di tempo, la si pu\u00f2 mettere in attesa&#8221;.<\/span><\/span><\/p>\n<p align=\"JUSTIFY\"><span style=\"font-family: Verdana, serif;\"><span style=\"font-size: medium;\">Noam Chomsky conclude dicendo: &#8220;<strong>Trova altre strade e continua, anzi, amplia e approfondisci le attivit\u00e0 svolte<\/strong>&#8220;. Si pu\u00f2 fare. Non sar\u00e0 facile, ma gli esseri umani hanno affrontato problemi in passato&#8221;.<\/span><\/span><\/p>\n<p><iframe loading=\"lazy\" src=\"https:\/\/www.youtube.com\/embed\/t-N3In2rLI4\" width=\"560\" height=\"315\" frameborder=\"0\" allowfullscreen=\"allowfullscreen\" data-mce-fragment=\"1\"><\/iframe><\/p>\n<p align=\"JUSTIFY\"><span style=\"font-family: Verdana, serif;\"><span style=\"font-size: medium;\"><i>Traduzione dall&#8217;inglese di Francesco Alimena<\/i><\/span><\/span><\/p>\n<p>&nbsp;<\/p>\n","protected":false},"excerpt":{"rendered":"<p>Noam Chomsky, noto linguista e analista politico americano di 91 anni, ha parlato con Sre\u0107ko Horvat su DiEM25 TV dall&#8217;Arizona, USA, dove si trova in autoisolamento a causa della pandemia. Chomsky ha sottolineato che la crisi sanitaria del coronavirus \u00e8&hellip;<\/p>\n","protected":false},"author":1220,"featured_media":1067191,"comment_status":"closed","ping_status":"closed","sticky":false,"template":"","format":"standard","meta":{"footnotes":""},"categories":[11388,157,49,162,55,27065],"tags":[6933,70348,20794,8306,1524,70346,1453],"class_list":["post-1067950","post","type-post","status-publish","format-standard","has-post-thumbnail","hentry","category-contenuti-originali","category-interviste","category-nord-america","category-opinioni","category-politica","category-video-it","tag-cambiamenti-climatici","tag-coronavirus-it","tag-guerra-nucleare","tag-neoliberismo","tag-noam-chomsky-it","tag-pandemia","tag-usa-it"],"yoast_head":"<!-- This site is optimized with the Yoast SEO plugin v27.1.1 - https:\/\/yoast.com\/product\/yoast-seo-wordpress\/ -->\n<title>Noam Chomsky: &quot;Supereremo la crisi del coronavirus, ma abbiamo davanti a noi crisi pi\u00f9 gravi&quot;<\/title>\n<meta name=\"description\" content=\"La crisi sanitaria del coronavirus \u00e8 molto grave e avr\u00e0 gravi conseguenze, ma sar\u00e0 temporanea, mentre ci sono altri due gravi orrori per l&#039;umanit\u00e0, la guerra nucleare e il riscaldamento globale. Ma questa stessa crisi potrebbe portare la gente a pensare a che tipo di mondo vogliamo\" \/>\n<meta name=\"robots\" content=\"index, follow, max-snippet:-1, max-image-preview:large, max-video-preview:-1\" \/>\n<link rel=\"canonical\" href=\"https:\/\/www.pressenza.com\/it\/2020\/03\/noam-chomsky-supereremo-la-crisi-del-coronavirus-ma-abbiamo-davanti-a-noi-crisi-piu-gravi\/\" \/>\n<meta property=\"og:locale\" content=\"it_IT\" \/>\n<meta property=\"og:type\" content=\"article\" \/>\n<meta property=\"og:title\" content=\"Noam Chomsky: &quot;Supereremo la crisi del coronavirus, ma abbiamo davanti a noi crisi pi\u00f9 gravi&quot;\" \/>\n<meta property=\"og:description\" content=\"La crisi sanitaria del coronavirus \u00e8 molto grave e avr\u00e0 gravi conseguenze, ma sar\u00e0 temporanea, mentre ci sono altri due gravi orrori per l&#039;umanit\u00e0, la guerra nucleare e il riscaldamento globale. Ma questa stessa crisi potrebbe portare la gente a pensare a che tipo di mondo vogliamo\" \/>\n<meta property=\"og:url\" content=\"https:\/\/www.pressenza.com\/it\/2020\/03\/noam-chomsky-supereremo-la-crisi-del-coronavirus-ma-abbiamo-davanti-a-noi-crisi-piu-gravi\/\" \/>\n<meta property=\"og:site_name\" content=\"Pressenza\" \/>\n<meta property=\"article:publisher\" content=\"https:\/\/www.facebook.com\/PressenzaItalia\" \/>\n<meta property=\"article:author\" content=\"https:\/\/www.facebook.com\/pressenzagr\/\" \/>\n<meta property=\"article:published_time\" content=\"2020-03-30T15:25:10+00:00\" \/>\n<meta property=\"article:modified_time\" content=\"2020-03-30T15:28:24+00:00\" \/>\n<meta property=\"og:image\" content=\"https:\/\/www.pressenza.com\/wp-content\/uploads\/2020\/03\/Noam-Chomsky-coronavirus.jpg\" \/>\n\t<meta property=\"og:image:width\" content=\"750\" \/>\n\t<meta property=\"og:image:height\" content=\"422\" \/>\n\t<meta property=\"og:image:type\" content=\"image\/jpeg\" \/>\n<meta name=\"author\" content=\"Pressenza Athens\" \/>\n<meta name=\"twitter:card\" content=\"summary_large_image\" \/>\n<meta name=\"twitter:creator\" content=\"@Pressenza_ath\" \/>\n<meta name=\"twitter:site\" content=\"@PressenzaIPA\" \/>\n<meta name=\"twitter:label1\" content=\"Scritto da\" \/>\n\t<meta name=\"twitter:data1\" content=\"Pressenza Athens\" \/>\n\t<meta name=\"twitter:label2\" content=\"Tempo di lettura stimato\" \/>\n\t<meta name=\"twitter:data2\" content=\"5 minuti\" \/>\n<script type=\"application\/ld+json\" class=\"yoast-schema-graph\">{\"@context\":\"https:\/\/schema.org\",\"@graph\":[{\"@type\":\"Article\",\"@id\":\"https:\/\/www.pressenza.com\/it\/2020\/03\/noam-chomsky-supereremo-la-crisi-del-coronavirus-ma-abbiamo-davanti-a-noi-crisi-piu-gravi\/#article\",\"isPartOf\":{\"@id\":\"https:\/\/www.pressenza.com\/it\/2020\/03\/noam-chomsky-supereremo-la-crisi-del-coronavirus-ma-abbiamo-davanti-a-noi-crisi-piu-gravi\/\"},\"author\":{\"name\":\"Pressenza Athens\",\"@id\":\"https:\/\/www.pressenza.com\/it\/#\/schema\/person\/9eae8d7f0aad5ec6a7f6f21ec94480fb\"},\"headline\":\"Noam Chomsky: &#8220;Supereremo la crisi del coronavirus, ma abbiamo davanti a noi crisi pi\u00f9 gravi&#8221;\",\"datePublished\":\"2020-03-30T15:25:10+00:00\",\"dateModified\":\"2020-03-30T15:28:24+00:00\",\"mainEntityOfPage\":{\"@id\":\"https:\/\/www.pressenza.com\/it\/2020\/03\/noam-chomsky-supereremo-la-crisi-del-coronavirus-ma-abbiamo-davanti-a-noi-crisi-piu-gravi\/\"},\"wordCount\":1119,\"publisher\":{\"@id\":\"https:\/\/www.pressenza.com\/it\/#organization\"},\"image\":{\"@id\":\"https:\/\/www.pressenza.com\/it\/2020\/03\/noam-chomsky-supereremo-la-crisi-del-coronavirus-ma-abbiamo-davanti-a-noi-crisi-piu-gravi\/#primaryimage\"},\"thumbnailUrl\":\"https:\/\/www.pressenza.com\/wp-content\/uploads\/2020\/03\/Noam-Chomsky-coronavirus.jpg\",\"keywords\":[\"cambiamenti climatici\",\"coronavirus\",\"guerra nucleare\",\"neoliberismo\",\"Noam Chomsky\",\"pandemia\",\"USA\"],\"articleSection\":[\"contenuti originali\",\"Interviste\",\"Nord America\",\"Opinioni\",\"Politica\",\"Video\"],\"inLanguage\":\"it-IT\"},{\"@type\":\"WebPage\",\"@id\":\"https:\/\/www.pressenza.com\/it\/2020\/03\/noam-chomsky-supereremo-la-crisi-del-coronavirus-ma-abbiamo-davanti-a-noi-crisi-piu-gravi\/\",\"url\":\"https:\/\/www.pressenza.com\/it\/2020\/03\/noam-chomsky-supereremo-la-crisi-del-coronavirus-ma-abbiamo-davanti-a-noi-crisi-piu-gravi\/\",\"name\":\"Noam Chomsky: \\\"Supereremo la crisi del coronavirus, ma abbiamo davanti a noi crisi pi\u00f9 gravi\\\"\",\"isPartOf\":{\"@id\":\"https:\/\/www.pressenza.com\/it\/#website\"},\"primaryImageOfPage\":{\"@id\":\"https:\/\/www.pressenza.com\/it\/2020\/03\/noam-chomsky-supereremo-la-crisi-del-coronavirus-ma-abbiamo-davanti-a-noi-crisi-piu-gravi\/#primaryimage\"},\"image\":{\"@id\":\"https:\/\/www.pressenza.com\/it\/2020\/03\/noam-chomsky-supereremo-la-crisi-del-coronavirus-ma-abbiamo-davanti-a-noi-crisi-piu-gravi\/#primaryimage\"},\"thumbnailUrl\":\"https:\/\/www.pressenza.com\/wp-content\/uploads\/2020\/03\/Noam-Chomsky-coronavirus.jpg\",\"datePublished\":\"2020-03-30T15:25:10+00:00\",\"dateModified\":\"2020-03-30T15:28:24+00:00\",\"description\":\"La crisi sanitaria del coronavirus \u00e8 molto grave e avr\u00e0 gravi conseguenze, ma sar\u00e0 temporanea, mentre ci sono altri due gravi orrori per l'umanit\u00e0, la guerra nucleare e il riscaldamento globale. Ma questa stessa crisi potrebbe portare la gente a pensare a che tipo di mondo vogliamo\",\"breadcrumb\":{\"@id\":\"https:\/\/www.pressenza.com\/it\/2020\/03\/noam-chomsky-supereremo-la-crisi-del-coronavirus-ma-abbiamo-davanti-a-noi-crisi-piu-gravi\/#breadcrumb\"},\"inLanguage\":\"it-IT\",\"potentialAction\":[{\"@type\":\"ReadAction\",\"target\":[\"https:\/\/www.pressenza.com\/it\/2020\/03\/noam-chomsky-supereremo-la-crisi-del-coronavirus-ma-abbiamo-davanti-a-noi-crisi-piu-gravi\/\"]}]},{\"@type\":\"ImageObject\",\"inLanguage\":\"it-IT\",\"@id\":\"https:\/\/www.pressenza.com\/it\/2020\/03\/noam-chomsky-supereremo-la-crisi-del-coronavirus-ma-abbiamo-davanti-a-noi-crisi-piu-gravi\/#primaryimage\",\"url\":\"https:\/\/www.pressenza.com\/wp-content\/uploads\/2020\/03\/Noam-Chomsky-coronavirus.jpg\",\"contentUrl\":\"https:\/\/www.pressenza.com\/wp-content\/uploads\/2020\/03\/Noam-Chomsky-coronavirus.jpg\",\"width\":750,\"height\":422,\"caption\":\"\u201cNoam Chomsky : \u00ab Nous allons surmonter la crise du coronavirus, mais nous avons des crises plus graves devant nous \u00bb\u201d est verrouill\u00e9 Noam Chomsky : \u00ab Nous allons surmonter la crise du coronavirus, mais nous avons des crises plus graves devant nous \u00bb\"},{\"@type\":\"BreadcrumbList\",\"@id\":\"https:\/\/www.pressenza.com\/it\/2020\/03\/noam-chomsky-supereremo-la-crisi-del-coronavirus-ma-abbiamo-davanti-a-noi-crisi-piu-gravi\/#breadcrumb\",\"itemListElement\":[{\"@type\":\"ListItem\",\"position\":1,\"name\":\"Accueil\",\"item\":\"https:\/\/www.pressenza.com\/it\/\"},{\"@type\":\"ListItem\",\"position\":2,\"name\":\"Noam Chomsky: &#8220;Supereremo la crisi del coronavirus, ma abbiamo davanti a noi crisi pi\u00f9 gravi&#8221;\"}]},{\"@type\":\"WebSite\",\"@id\":\"https:\/\/www.pressenza.com\/it\/#website\",\"url\":\"https:\/\/www.pressenza.com\/it\/\",\"name\":\"Pressenza\",\"description\":\"Agenzia di Stampa Internazionale\",\"publisher\":{\"@id\":\"https:\/\/www.pressenza.com\/it\/#organization\"},\"potentialAction\":[{\"@type\":\"SearchAction\",\"target\":{\"@type\":\"EntryPoint\",\"urlTemplate\":\"https:\/\/www.pressenza.com\/it\/?s={search_term_string}\"},\"query-input\":{\"@type\":\"PropertyValueSpecification\",\"valueRequired\":true,\"valueName\":\"search_term_string\"}}],\"inLanguage\":\"it-IT\"},{\"@type\":\"Organization\",\"@id\":\"https:\/\/www.pressenza.com\/it\/#organization\",\"name\":\"Pressenza\",\"url\":\"https:\/\/www.pressenza.com\/it\/\",\"logo\":{\"@type\":\"ImageObject\",\"inLanguage\":\"it-IT\",\"@id\":\"https:\/\/www.pressenza.com\/it\/#\/schema\/logo\/image\/\",\"url\":\"https:\/\/www.pressenza.com\/wp-content\/uploads\/2022\/10\/pressenza_logo_200x200.jpg\",\"contentUrl\":\"https:\/\/www.pressenza.com\/wp-content\/uploads\/2022\/10\/pressenza_logo_200x200.jpg\",\"width\":200,\"height\":200,\"caption\":\"Pressenza\"},\"image\":{\"@id\":\"https:\/\/www.pressenza.com\/it\/#\/schema\/logo\/image\/\"},\"sameAs\":[\"https:\/\/www.facebook.com\/PressenzaItalia\",\"https:\/\/x.com\/PressenzaIPA\"]},{\"@type\":\"Person\",\"@id\":\"https:\/\/www.pressenza.com\/it\/#\/schema\/person\/9eae8d7f0aad5ec6a7f6f21ec94480fb\",\"name\":\"Pressenza Athens\",\"description\":\"News from the Pressenza Bureau in Athens, Greece\",\"sameAs\":[\"https:\/\/www.facebook.com\/pressenzagr\/\",\"https:\/\/x.com\/Pressenza_ath\"],\"url\":\"https:\/\/www.pressenza.com\/it\/author\/pressenza-athens\/\"}]}<\/script>\n<!-- \/ Yoast SEO plugin. -->","yoast_head_json":{"title":"Noam Chomsky: \"Supereremo la crisi del coronavirus, ma abbiamo davanti a noi crisi pi\u00f9 gravi\"","description":"La crisi sanitaria del coronavirus \u00e8 molto grave e avr\u00e0 gravi conseguenze, ma sar\u00e0 temporanea, mentre ci sono altri due gravi orrori per l'umanit\u00e0, la guerra nucleare e il riscaldamento globale. Ma questa stessa crisi potrebbe portare la gente a pensare a che tipo di mondo vogliamo","robots":{"index":"index","follow":"follow","max-snippet":"max-snippet:-1","max-image-preview":"max-image-preview:large","max-video-preview":"max-video-preview:-1"},"canonical":"https:\/\/www.pressenza.com\/it\/2020\/03\/noam-chomsky-supereremo-la-crisi-del-coronavirus-ma-abbiamo-davanti-a-noi-crisi-piu-gravi\/","og_locale":"it_IT","og_type":"article","og_title":"Noam Chomsky: \"Supereremo la crisi del coronavirus, ma abbiamo davanti a noi crisi pi\u00f9 gravi\"","og_description":"La crisi sanitaria del coronavirus \u00e8 molto grave e avr\u00e0 gravi conseguenze, ma sar\u00e0 temporanea, mentre ci sono altri due gravi orrori per l'umanit\u00e0, la guerra nucleare e il riscaldamento globale. Ma questa stessa crisi potrebbe portare la gente a pensare a che tipo di mondo vogliamo","og_url":"https:\/\/www.pressenza.com\/it\/2020\/03\/noam-chomsky-supereremo-la-crisi-del-coronavirus-ma-abbiamo-davanti-a-noi-crisi-piu-gravi\/","og_site_name":"Pressenza","article_publisher":"https:\/\/www.facebook.com\/PressenzaItalia","article_author":"https:\/\/www.facebook.com\/pressenzagr\/","article_published_time":"2020-03-30T15:25:10+00:00","article_modified_time":"2020-03-30T15:28:24+00:00","og_image":[{"width":750,"height":422,"url":"https:\/\/www.pressenza.com\/wp-content\/uploads\/2020\/03\/Noam-Chomsky-coronavirus.jpg","type":"image\/jpeg"}],"author":"Pressenza Athens","twitter_card":"summary_large_image","twitter_creator":"@Pressenza_ath","twitter_site":"@PressenzaIPA","twitter_misc":{"Scritto da":"Pressenza Athens","Tempo di lettura stimato":"5 minuti"},"schema":{"@context":"https:\/\/schema.org","@graph":[{"@type":"Article","@id":"https:\/\/www.pressenza.com\/it\/2020\/03\/noam-chomsky-supereremo-la-crisi-del-coronavirus-ma-abbiamo-davanti-a-noi-crisi-piu-gravi\/#article","isPartOf":{"@id":"https:\/\/www.pressenza.com\/it\/2020\/03\/noam-chomsky-supereremo-la-crisi-del-coronavirus-ma-abbiamo-davanti-a-noi-crisi-piu-gravi\/"},"author":{"name":"Pressenza Athens","@id":"https:\/\/www.pressenza.com\/it\/#\/schema\/person\/9eae8d7f0aad5ec6a7f6f21ec94480fb"},"headline":"Noam Chomsky: &#8220;Supereremo la crisi del coronavirus, ma abbiamo davanti a noi crisi pi\u00f9 gravi&#8221;","datePublished":"2020-03-30T15:25:10+00:00","dateModified":"2020-03-30T15:28:24+00:00","mainEntityOfPage":{"@id":"https:\/\/www.pressenza.com\/it\/2020\/03\/noam-chomsky-supereremo-la-crisi-del-coronavirus-ma-abbiamo-davanti-a-noi-crisi-piu-gravi\/"},"wordCount":1119,"publisher":{"@id":"https:\/\/www.pressenza.com\/it\/#organization"},"image":{"@id":"https:\/\/www.pressenza.com\/it\/2020\/03\/noam-chomsky-supereremo-la-crisi-del-coronavirus-ma-abbiamo-davanti-a-noi-crisi-piu-gravi\/#primaryimage"},"thumbnailUrl":"https:\/\/www.pressenza.com\/wp-content\/uploads\/2020\/03\/Noam-Chomsky-coronavirus.jpg","keywords":["cambiamenti climatici","coronavirus","guerra nucleare","neoliberismo","Noam Chomsky","pandemia","USA"],"articleSection":["contenuti originali","Interviste","Nord America","Opinioni","Politica","Video"],"inLanguage":"it-IT"},{"@type":"WebPage","@id":"https:\/\/www.pressenza.com\/it\/2020\/03\/noam-chomsky-supereremo-la-crisi-del-coronavirus-ma-abbiamo-davanti-a-noi-crisi-piu-gravi\/","url":"https:\/\/www.pressenza.com\/it\/2020\/03\/noam-chomsky-supereremo-la-crisi-del-coronavirus-ma-abbiamo-davanti-a-noi-crisi-piu-gravi\/","name":"Noam Chomsky: \"Supereremo la crisi del coronavirus, ma abbiamo davanti a noi crisi pi\u00f9 gravi\"","isPartOf":{"@id":"https:\/\/www.pressenza.com\/it\/#website"},"primaryImageOfPage":{"@id":"https:\/\/www.pressenza.com\/it\/2020\/03\/noam-chomsky-supereremo-la-crisi-del-coronavirus-ma-abbiamo-davanti-a-noi-crisi-piu-gravi\/#primaryimage"},"image":{"@id":"https:\/\/www.pressenza.com\/it\/2020\/03\/noam-chomsky-supereremo-la-crisi-del-coronavirus-ma-abbiamo-davanti-a-noi-crisi-piu-gravi\/#primaryimage"},"thumbnailUrl":"https:\/\/www.pressenza.com\/wp-content\/uploads\/2020\/03\/Noam-Chomsky-coronavirus.jpg","datePublished":"2020-03-30T15:25:10+00:00","dateModified":"2020-03-30T15:28:24+00:00","description":"La crisi sanitaria del coronavirus \u00e8 molto grave e avr\u00e0 gravi conseguenze, ma sar\u00e0 temporanea, mentre ci sono altri due gravi orrori per l'umanit\u00e0, la guerra nucleare e il riscaldamento globale. Ma questa stessa crisi potrebbe portare la gente a pensare a che tipo di mondo vogliamo","breadcrumb":{"@id":"https:\/\/www.pressenza.com\/it\/2020\/03\/noam-chomsky-supereremo-la-crisi-del-coronavirus-ma-abbiamo-davanti-a-noi-crisi-piu-gravi\/#breadcrumb"},"inLanguage":"it-IT","potentialAction":[{"@type":"ReadAction","target":["https:\/\/www.pressenza.com\/it\/2020\/03\/noam-chomsky-supereremo-la-crisi-del-coronavirus-ma-abbiamo-davanti-a-noi-crisi-piu-gravi\/"]}]},{"@type":"ImageObject","inLanguage":"it-IT","@id":"https:\/\/www.pressenza.com\/it\/2020\/03\/noam-chomsky-supereremo-la-crisi-del-coronavirus-ma-abbiamo-davanti-a-noi-crisi-piu-gravi\/#primaryimage","url":"https:\/\/www.pressenza.com\/wp-content\/uploads\/2020\/03\/Noam-Chomsky-coronavirus.jpg","contentUrl":"https:\/\/www.pressenza.com\/wp-content\/uploads\/2020\/03\/Noam-Chomsky-coronavirus.jpg","width":750,"height":422,"caption":"\u201cNoam Chomsky : \u00ab Nous allons surmonter la crise du coronavirus, mais nous avons des crises plus graves devant nous \u00bb\u201d est verrouill\u00e9 Noam Chomsky : \u00ab Nous allons surmonter la crise du coronavirus, mais nous avons des crises plus graves devant nous \u00bb"},{"@type":"BreadcrumbList","@id":"https:\/\/www.pressenza.com\/it\/2020\/03\/noam-chomsky-supereremo-la-crisi-del-coronavirus-ma-abbiamo-davanti-a-noi-crisi-piu-gravi\/#breadcrumb","itemListElement":[{"@type":"ListItem","position":1,"name":"Accueil","item":"https:\/\/www.pressenza.com\/it\/"},{"@type":"ListItem","position":2,"name":"Noam Chomsky: &#8220;Supereremo la crisi del coronavirus, ma abbiamo davanti a noi crisi pi\u00f9 gravi&#8221;"}]},{"@type":"WebSite","@id":"https:\/\/www.pressenza.com\/it\/#website","url":"https:\/\/www.pressenza.com\/it\/","name":"Pressenza","description":"Agenzia di Stampa Internazionale","publisher":{"@id":"https:\/\/www.pressenza.com\/it\/#organization"},"potentialAction":[{"@type":"SearchAction","target":{"@type":"EntryPoint","urlTemplate":"https:\/\/www.pressenza.com\/it\/?s={search_term_string}"},"query-input":{"@type":"PropertyValueSpecification","valueRequired":true,"valueName":"search_term_string"}}],"inLanguage":"it-IT"},{"@type":"Organization","@id":"https:\/\/www.pressenza.com\/it\/#organization","name":"Pressenza","url":"https:\/\/www.pressenza.com\/it\/","logo":{"@type":"ImageObject","inLanguage":"it-IT","@id":"https:\/\/www.pressenza.com\/it\/#\/schema\/logo\/image\/","url":"https:\/\/www.pressenza.com\/wp-content\/uploads\/2022\/10\/pressenza_logo_200x200.jpg","contentUrl":"https:\/\/www.pressenza.com\/wp-content\/uploads\/2022\/10\/pressenza_logo_200x200.jpg","width":200,"height":200,"caption":"Pressenza"},"image":{"@id":"https:\/\/www.pressenza.com\/it\/#\/schema\/logo\/image\/"},"sameAs":["https:\/\/www.facebook.com\/PressenzaItalia","https:\/\/x.com\/PressenzaIPA"]},{"@type":"Person","@id":"https:\/\/www.pressenza.com\/it\/#\/schema\/person\/9eae8d7f0aad5ec6a7f6f21ec94480fb","name":"Pressenza Athens","description":"News from the Pressenza Bureau in Athens, Greece","sameAs":["https:\/\/www.facebook.com\/pressenzagr\/","https:\/\/x.com\/Pressenza_ath"],"url":"https:\/\/www.pressenza.com\/it\/author\/pressenza-athens\/"}]}},"place":"","original_article_url":"","_links":{"self":[{"href":"https:\/\/www.pressenza.com\/it\/wp-json\/wp\/v2\/posts\/1067950","targetHints":{"allow":["GET"]}}],"collection":[{"href":"https:\/\/www.pressenza.com\/it\/wp-json\/wp\/v2\/posts"}],"about":[{"href":"https:\/\/www.pressenza.com\/it\/wp-json\/wp\/v2\/types\/post"}],"author":[{"embeddable":true,"href":"https:\/\/www.pressenza.com\/it\/wp-json\/wp\/v2\/users\/1220"}],"replies":[{"embeddable":true,"href":"https:\/\/www.pressenza.com\/it\/wp-json\/wp\/v2\/comments?post=1067950"}],"version-history":[{"count":0,"href":"https:\/\/www.pressenza.com\/it\/wp-json\/wp\/v2\/posts\/1067950\/revisions"}],"wp:featuredmedia":[{"embeddable":true,"href":"https:\/\/www.pressenza.com\/it\/wp-json\/wp\/v2\/media\/1067191"}],"wp:attachment":[{"href":"https:\/\/www.pressenza.com\/it\/wp-json\/wp\/v2\/media?parent=1067950"}],"wp:term":[{"taxonomy":"category","embeddable":true,"href":"https:\/\/www.pressenza.com\/it\/wp-json\/wp\/v2\/categories?post=1067950"},{"taxonomy":"post_tag","embeddable":true,"href":"https:\/\/www.pressenza.com\/it\/wp-json\/wp\/v2\/tags?post=1067950"}],"curies":[{"name":"wp","href":"https:\/\/api.w.org\/{rel}","templated":true}]}}