{"id":1067821,"date":"2020-03-30T11:55:36","date_gmt":"2020-03-30T10:55:36","guid":{"rendered":"https:\/\/www.pressenza.com\/?p=1067821"},"modified":"2020-03-30T13:07:40","modified_gmt":"2020-03-30T12:07:40","slug":"showdown-kosovaro","status":"publish","type":"post","link":"https:\/\/www.pressenza.com\/it\/2020\/03\/showdown-kosovaro\/","title":{"rendered":"Showdown Kosovaro"},"content":{"rendered":"<p align=\"justify\">E cos\u00ec, con qualche sorpresa, ma molte trappole disseminate nel percorso istituzionale degli ultimi tempi, si \u00e8 giunti allo show-down del neonato governo di Albin Kurti, in Kosovo: \u201cparlamentarizzata\u201d la crisi, approvata una clamorosa mozione di sfiducia, caduto il governo. Uno show-down che tuttavia \u00e8 difficile considerare, a tutti gli effetti, una sorpresa, anticipato com\u2019\u00e8 stato da una serie di vicende che hanno letteralmente terremotato il sistema politico dell\u2019auto-governo kosovaro e con una serie di momenti, interni ed esterni, che ne hanno decisamente condizionato la sopravvivenza.<\/p>\n<p align=\"justify\">Con una premessa fondamentale, come talvolta si sente ripetere nella regione, \u00abnella politica del Kosovo, nulla si muove che l\u2019ambasciata statunitense non voglia\u00bb. E proprio cos\u00ec sembra essere andata anche questa volta. La prima tappa di questa vera e propria escalation istituzionale \u00e8 stata lo \u00abscontro sui dazi\u00bb: da tempo, il Kosovo ha imposto delle tariffe \u201cdoganali\u201d ai prodotti importati dalla Serbia e dalla Bosnia Erzegovina, una misura delicata e particolarmente sensibile, oggi senza dubbio oscurata dalla vicenda coronavirus, ieri tuttavia al centro della crisi internazionale dei dazi, nel pieno della \u201cguerra commerciale\u201d che, avendo opposto in primo luogo gli Stati Uniti alla Cina, aveva poi finito per scatenare le proprie ripercussioni sull\u2019intero commercio internazionale. Il superamento del conflitto commerciale tra Belgrado e Prishtina era stato posto come condizione per la ripresa del dialogo tra le due capitali, volto al raggiungimento di una soluzione negoziata, politica, per dare finalmente seguito alla volont\u00e0, da tante parti dichiarata e in tante circostanze ribadita, di provare a risolvere la controversia kosovara.<\/p>\n<p align=\"justify\">Da una parte, la presenza dominante degli Stati Uniti, sostenitori della rimozione dei dazi per la ripresa del dialogo; dall\u2019altra, il conflitto istituzionale tra le principali cariche dell\u2019auto-governo kosovaro, il premier Kurti, intenzionato a mantenere i dazi in assenza di analoghe mosse da parte di Belgrado, il presidente Thaci, propenso a riprendere il percorso istituzionale e non \u201cincrinare\u201d, come pure si \u00e8 detto, le relazioni con Washington. Ripercussioni economiche finir\u00e0 inevitabilmente con avere adesso, peraltro, anche la crisi epidemiologica da coronavirus, che pure sta attraversando pesantemente il Kosovo, che si avvicina pericolosamente alla soglia dei cento contagi e gi\u00e0 conta, purtroppo, una vittima.<\/p>\n<p align=\"justify\">Anche il Kosovo \u00e8 dunque entrato nella fase delle gravi decisioni in ordine alla calibratura della risposta da organizzare e delle misure da intraprendere per contrastare la pandemia ed anche su questo si \u00e8 consumato su uno scontro tra Kurti, pi\u00f9 propenso a misure fortemente restrittive contro il COVID, e Thaci, che, in una conferenza stampa, ha sferrato un durissimo uno-due al premier: dapprima ricordando di avere inviato una lettera ufficiale a Kurti con la richiesta di rivedere la decisione sulle misure restrittive proposte che avrebbero creato \u00abpaura e panico, confusione e incertezza tra i cittadini\u00bb, poi appellandosi direttamente alla Corte Costituzionale per sospendere le nuove misure intraprese dal governo in quanto \u00abfortemente restrittive della libert\u00e0 di movimento dei cittadini\u00bb.<\/p>\n<p align=\"justify\">In questa maniera, al di l\u00e0 del merito delle dichiarazioni e delle misure intraprese, il conflitto politico \u00e8 tracimato in conflitto istituzionale, e la rottura ha finito per condizionare inevitabilmente i rapporti all\u2019interno del governo e gli equilibri nel dibattito parlamentare: non va dimenticato infatti che il governo Kurti si \u00e8 retto su una delicata alleanza tra il suo movimento politico, Vet\u00ebvendosje (Autodeterminazione), e uno storico esponente della scena politica kosovara, la LDK (Lega Democratica del Kosovo), per anni protagonista di alleanze parlamentari e \u201cdi governo\u201d con l\u2019altro rappresentate storico della politica kosovara, vale a dire il PDK (Partito Democratico del Kosovo), pi\u00f9 fortemente orientato in senso conservatore, espressione del presidente Thaci.<\/p>\n<p align=\"justify\">E cos\u00ec la rottura ha finito per coinvolgere tutti gli attori politici della scena kosovara e la crisi \u00e8 risultata non pi\u00f9 rinviabile: quando il ministro dell\u2019interno dell\u2019autogoverno kosovaro, Agim Veliu dell\u2019LDK, ha sostenuto ufficialmente la posizione del presidente sull\u2019emergenza coronavirus, Kurti ha pensato bene di proporne le dimissioni; a tal punto l\u2019LDK ha ritirato il proprio sostegno al governo, e la mozione di sfiducia presentata al parlamento ha finito con il ricevere 82 voti sui 120 del plenum. Si apriranno nuove consultazioni e si definir\u00e0 una nuova alleanza di governo, al momento difficile da prevedere; ci\u00f2 che si pu\u00f2 dire \u00e8 che, a dispetto di quanto possa sembrare, non si tratta di una \u201ccrisi da coronavirus\u201d. Ancora una volta si tratta di una crisi con al suo sfondo i rapporti e il dialogo, da rilanciare, tra Belgrado e Prishtina: \u00e8 stato lo stesso Kurti a denunciare in aula l\u2019esistenza di un accordo segreto tra Thaci e il presidente serbo Aleksandar Vu\u010di\u0107 per risolvere la questione kosovara con uno \u00abscambio di territori\u00bb: una vecchia proposta con la quale il Nord del Kosovo sarebbe definitivamente integrato alla Serbia e la Serbia proporrebbe in cambio la Valle di Pre\u0161evo al Kosovo.<\/p>\n<p align=\"justify\">Ma gli interrogativi restano: una divisione territoriale su base etnica per rilanciare e promuovere il dialogo tra serbi e albanesi?<\/p>\n","protected":false},"excerpt":{"rendered":"<p>E cos\u00ec, con qualche sorpresa, ma molte trappole disseminate nel percorso istituzionale degli ultimi tempi, si \u00e8 giunti allo show-down del neonato governo di Albin Kurti, in Kosovo: \u201cparlamentarizzata\u201d la crisi, approvata una clamorosa mozione di sfiducia, caduto il governo.&hellip;<\/p>\n","protected":false},"author":986,"featured_media":1067823,"comment_status":"closed","ping_status":"closed","sticky":false,"template":"","format":"standard","meta":{"footnotes":""},"categories":[11388,47,55],"tags":[46522,4468],"class_list":["post-1067821","post","type-post","status-publish","format-standard","has-post-thumbnail","hentry","category-contenuti-originali","category-europa","category-politica","tag-crisi-istituzionale","tag-kosovo"],"yoast_head":"<!-- This site is optimized with the Yoast SEO plugin v27.1.1 - https:\/\/yoast.com\/product\/yoast-seo-wordpress\/ -->\n<title>Showdown Kosovaro<\/title>\n<meta name=\"description\" content=\"E cos\u00ec, con qualche sorpresa, ma molte trappole disseminate nel percorso istituzionale degli ultimi tempi, si \u00e8 giunti allo show-down del neonato governo\" \/>\n<meta name=\"robots\" content=\"index, follow, max-snippet:-1, max-image-preview:large, max-video-preview:-1\" \/>\n<link rel=\"canonical\" href=\"https:\/\/www.pressenza.com\/it\/2020\/03\/showdown-kosovaro\/\" \/>\n<meta property=\"og:locale\" content=\"it_IT\" \/>\n<meta property=\"og:type\" content=\"article\" \/>\n<meta property=\"og:title\" content=\"Showdown Kosovaro\" \/>\n<meta property=\"og:description\" content=\"E cos\u00ec, con qualche sorpresa, ma molte trappole disseminate nel percorso istituzionale degli ultimi tempi, si \u00e8 giunti allo show-down del neonato governo\" \/>\n<meta property=\"og:url\" content=\"https:\/\/www.pressenza.com\/it\/2020\/03\/showdown-kosovaro\/\" \/>\n<meta property=\"og:site_name\" content=\"Pressenza\" \/>\n<meta property=\"article:publisher\" content=\"https:\/\/www.facebook.com\/PressenzaItalia\" \/>\n<meta property=\"article:published_time\" content=\"2020-03-30T10:55:36+00:00\" \/>\n<meta property=\"article:modified_time\" content=\"2020-03-30T12:07:40+00:00\" \/>\n<meta property=\"og:image\" content=\"https:\/\/www.pressenza.com\/wp-content\/uploads\/2020\/03\/Governo-del-Kosovo.jpg\" \/>\n\t<meta property=\"og:image:width\" content=\"1495\" \/>\n\t<meta property=\"og:image:height\" content=\"996\" \/>\n\t<meta property=\"og:image:type\" content=\"image\/jpeg\" \/>\n<meta name=\"author\" content=\"Gianmarco Pisa\" \/>\n<meta name=\"twitter:card\" content=\"summary_large_image\" \/>\n<meta name=\"twitter:creator\" content=\"@PressenzaIPA\" \/>\n<meta name=\"twitter:site\" content=\"@PressenzaIPA\" \/>\n<meta name=\"twitter:label1\" content=\"Scritto da\" \/>\n\t<meta name=\"twitter:data1\" content=\"Gianmarco Pisa\" \/>\n\t<meta name=\"twitter:label2\" content=\"Tempo di lettura stimato\" \/>\n\t<meta name=\"twitter:data2\" content=\"4 minuti\" \/>\n<script type=\"application\/ld+json\" class=\"yoast-schema-graph\">{\"@context\":\"https:\/\/schema.org\",\"@graph\":[{\"@type\":\"Article\",\"@id\":\"https:\/\/www.pressenza.com\/it\/2020\/03\/showdown-kosovaro\/#article\",\"isPartOf\":{\"@id\":\"https:\/\/www.pressenza.com\/it\/2020\/03\/showdown-kosovaro\/\"},\"author\":{\"name\":\"Gianmarco Pisa\",\"@id\":\"https:\/\/www.pressenza.com\/it\/#\/schema\/person\/065812a20954baed70c01f7c30620d66\"},\"headline\":\"Showdown Kosovaro\",\"datePublished\":\"2020-03-30T10:55:36+00:00\",\"dateModified\":\"2020-03-30T12:07:40+00:00\",\"mainEntityOfPage\":{\"@id\":\"https:\/\/www.pressenza.com\/it\/2020\/03\/showdown-kosovaro\/\"},\"wordCount\":813,\"publisher\":{\"@id\":\"https:\/\/www.pressenza.com\/it\/#organization\"},\"image\":{\"@id\":\"https:\/\/www.pressenza.com\/it\/2020\/03\/showdown-kosovaro\/#primaryimage\"},\"thumbnailUrl\":\"https:\/\/www.pressenza.com\/wp-content\/uploads\/2020\/03\/Governo-del-Kosovo.jpg\",\"keywords\":[\"Crisi istituzionale\",\"Kosovo\"],\"articleSection\":[\"contenuti originali\",\"Europa\",\"Politica\"],\"inLanguage\":\"it-IT\"},{\"@type\":\"WebPage\",\"@id\":\"https:\/\/www.pressenza.com\/it\/2020\/03\/showdown-kosovaro\/\",\"url\":\"https:\/\/www.pressenza.com\/it\/2020\/03\/showdown-kosovaro\/\",\"name\":\"Showdown Kosovaro\",\"isPartOf\":{\"@id\":\"https:\/\/www.pressenza.com\/it\/#website\"},\"primaryImageOfPage\":{\"@id\":\"https:\/\/www.pressenza.com\/it\/2020\/03\/showdown-kosovaro\/#primaryimage\"},\"image\":{\"@id\":\"https:\/\/www.pressenza.com\/it\/2020\/03\/showdown-kosovaro\/#primaryimage\"},\"thumbnailUrl\":\"https:\/\/www.pressenza.com\/wp-content\/uploads\/2020\/03\/Governo-del-Kosovo.jpg\",\"datePublished\":\"2020-03-30T10:55:36+00:00\",\"dateModified\":\"2020-03-30T12:07:40+00:00\",\"description\":\"E cos\u00ec, con qualche sorpresa, ma molte trappole disseminate nel percorso istituzionale degli ultimi tempi, si \u00e8 giunti allo show-down del neonato governo\",\"breadcrumb\":{\"@id\":\"https:\/\/www.pressenza.com\/it\/2020\/03\/showdown-kosovaro\/#breadcrumb\"},\"inLanguage\":\"it-IT\",\"potentialAction\":[{\"@type\":\"ReadAction\",\"target\":[\"https:\/\/www.pressenza.com\/it\/2020\/03\/showdown-kosovaro\/\"]}]},{\"@type\":\"ImageObject\",\"inLanguage\":\"it-IT\",\"@id\":\"https:\/\/www.pressenza.com\/it\/2020\/03\/showdown-kosovaro\/#primaryimage\",\"url\":\"https:\/\/www.pressenza.com\/wp-content\/uploads\/2020\/03\/Governo-del-Kosovo.jpg\",\"contentUrl\":\"https:\/\/www.pressenza.com\/wp-content\/uploads\/2020\/03\/Governo-del-Kosovo.jpg\",\"width\":1495,\"height\":996},{\"@type\":\"BreadcrumbList\",\"@id\":\"https:\/\/www.pressenza.com\/it\/2020\/03\/showdown-kosovaro\/#breadcrumb\",\"itemListElement\":[{\"@type\":\"ListItem\",\"position\":1,\"name\":\"Accueil\",\"item\":\"https:\/\/www.pressenza.com\/it\/\"},{\"@type\":\"ListItem\",\"position\":2,\"name\":\"Showdown Kosovaro\"}]},{\"@type\":\"WebSite\",\"@id\":\"https:\/\/www.pressenza.com\/it\/#website\",\"url\":\"https:\/\/www.pressenza.com\/it\/\",\"name\":\"Pressenza\",\"description\":\"Agenzia di Stampa Internazionale\",\"publisher\":{\"@id\":\"https:\/\/www.pressenza.com\/it\/#organization\"},\"potentialAction\":[{\"@type\":\"SearchAction\",\"target\":{\"@type\":\"EntryPoint\",\"urlTemplate\":\"https:\/\/www.pressenza.com\/it\/?s={search_term_string}\"},\"query-input\":{\"@type\":\"PropertyValueSpecification\",\"valueRequired\":true,\"valueName\":\"search_term_string\"}}],\"inLanguage\":\"it-IT\"},{\"@type\":\"Organization\",\"@id\":\"https:\/\/www.pressenza.com\/it\/#organization\",\"name\":\"Pressenza\",\"url\":\"https:\/\/www.pressenza.com\/it\/\",\"logo\":{\"@type\":\"ImageObject\",\"inLanguage\":\"it-IT\",\"@id\":\"https:\/\/www.pressenza.com\/it\/#\/schema\/logo\/image\/\",\"url\":\"https:\/\/www.pressenza.com\/wp-content\/uploads\/2022\/10\/pressenza_logo_200x200.jpg\",\"contentUrl\":\"https:\/\/www.pressenza.com\/wp-content\/uploads\/2022\/10\/pressenza_logo_200x200.jpg\",\"width\":200,\"height\":200,\"caption\":\"Pressenza\"},\"image\":{\"@id\":\"https:\/\/www.pressenza.com\/it\/#\/schema\/logo\/image\/\"},\"sameAs\":[\"https:\/\/www.facebook.com\/PressenzaItalia\",\"https:\/\/x.com\/PressenzaIPA\"]},{\"@type\":\"Person\",\"@id\":\"https:\/\/www.pressenza.com\/it\/#\/schema\/person\/065812a20954baed70c01f7c30620d66\",\"name\":\"Gianmarco Pisa\",\"url\":\"https:\/\/www.pressenza.com\/it\/author\/gianmarco-pisa\/\"}]}<\/script>\n<!-- \/ Yoast SEO plugin. -->","yoast_head_json":{"title":"Showdown Kosovaro","description":"E cos\u00ec, con qualche sorpresa, ma molte trappole disseminate nel percorso istituzionale degli ultimi tempi, si \u00e8 giunti allo show-down del neonato governo","robots":{"index":"index","follow":"follow","max-snippet":"max-snippet:-1","max-image-preview":"max-image-preview:large","max-video-preview":"max-video-preview:-1"},"canonical":"https:\/\/www.pressenza.com\/it\/2020\/03\/showdown-kosovaro\/","og_locale":"it_IT","og_type":"article","og_title":"Showdown Kosovaro","og_description":"E cos\u00ec, con qualche sorpresa, ma molte trappole disseminate nel percorso istituzionale degli ultimi tempi, si \u00e8 giunti allo show-down del neonato governo","og_url":"https:\/\/www.pressenza.com\/it\/2020\/03\/showdown-kosovaro\/","og_site_name":"Pressenza","article_publisher":"https:\/\/www.facebook.com\/PressenzaItalia","article_published_time":"2020-03-30T10:55:36+00:00","article_modified_time":"2020-03-30T12:07:40+00:00","og_image":[{"width":1495,"height":996,"url":"https:\/\/www.pressenza.com\/wp-content\/uploads\/2020\/03\/Governo-del-Kosovo.jpg","type":"image\/jpeg"}],"author":"Gianmarco Pisa","twitter_card":"summary_large_image","twitter_creator":"@PressenzaIPA","twitter_site":"@PressenzaIPA","twitter_misc":{"Scritto da":"Gianmarco Pisa","Tempo di lettura stimato":"4 minuti"},"schema":{"@context":"https:\/\/schema.org","@graph":[{"@type":"Article","@id":"https:\/\/www.pressenza.com\/it\/2020\/03\/showdown-kosovaro\/#article","isPartOf":{"@id":"https:\/\/www.pressenza.com\/it\/2020\/03\/showdown-kosovaro\/"},"author":{"name":"Gianmarco Pisa","@id":"https:\/\/www.pressenza.com\/it\/#\/schema\/person\/065812a20954baed70c01f7c30620d66"},"headline":"Showdown Kosovaro","datePublished":"2020-03-30T10:55:36+00:00","dateModified":"2020-03-30T12:07:40+00:00","mainEntityOfPage":{"@id":"https:\/\/www.pressenza.com\/it\/2020\/03\/showdown-kosovaro\/"},"wordCount":813,"publisher":{"@id":"https:\/\/www.pressenza.com\/it\/#organization"},"image":{"@id":"https:\/\/www.pressenza.com\/it\/2020\/03\/showdown-kosovaro\/#primaryimage"},"thumbnailUrl":"https:\/\/www.pressenza.com\/wp-content\/uploads\/2020\/03\/Governo-del-Kosovo.jpg","keywords":["Crisi istituzionale","Kosovo"],"articleSection":["contenuti originali","Europa","Politica"],"inLanguage":"it-IT"},{"@type":"WebPage","@id":"https:\/\/www.pressenza.com\/it\/2020\/03\/showdown-kosovaro\/","url":"https:\/\/www.pressenza.com\/it\/2020\/03\/showdown-kosovaro\/","name":"Showdown Kosovaro","isPartOf":{"@id":"https:\/\/www.pressenza.com\/it\/#website"},"primaryImageOfPage":{"@id":"https:\/\/www.pressenza.com\/it\/2020\/03\/showdown-kosovaro\/#primaryimage"},"image":{"@id":"https:\/\/www.pressenza.com\/it\/2020\/03\/showdown-kosovaro\/#primaryimage"},"thumbnailUrl":"https:\/\/www.pressenza.com\/wp-content\/uploads\/2020\/03\/Governo-del-Kosovo.jpg","datePublished":"2020-03-30T10:55:36+00:00","dateModified":"2020-03-30T12:07:40+00:00","description":"E cos\u00ec, con qualche sorpresa, ma molte trappole disseminate nel percorso istituzionale degli ultimi tempi, si \u00e8 giunti allo show-down del neonato governo","breadcrumb":{"@id":"https:\/\/www.pressenza.com\/it\/2020\/03\/showdown-kosovaro\/#breadcrumb"},"inLanguage":"it-IT","potentialAction":[{"@type":"ReadAction","target":["https:\/\/www.pressenza.com\/it\/2020\/03\/showdown-kosovaro\/"]}]},{"@type":"ImageObject","inLanguage":"it-IT","@id":"https:\/\/www.pressenza.com\/it\/2020\/03\/showdown-kosovaro\/#primaryimage","url":"https:\/\/www.pressenza.com\/wp-content\/uploads\/2020\/03\/Governo-del-Kosovo.jpg","contentUrl":"https:\/\/www.pressenza.com\/wp-content\/uploads\/2020\/03\/Governo-del-Kosovo.jpg","width":1495,"height":996},{"@type":"BreadcrumbList","@id":"https:\/\/www.pressenza.com\/it\/2020\/03\/showdown-kosovaro\/#breadcrumb","itemListElement":[{"@type":"ListItem","position":1,"name":"Accueil","item":"https:\/\/www.pressenza.com\/it\/"},{"@type":"ListItem","position":2,"name":"Showdown Kosovaro"}]},{"@type":"WebSite","@id":"https:\/\/www.pressenza.com\/it\/#website","url":"https:\/\/www.pressenza.com\/it\/","name":"Pressenza","description":"Agenzia di Stampa Internazionale","publisher":{"@id":"https:\/\/www.pressenza.com\/it\/#organization"},"potentialAction":[{"@type":"SearchAction","target":{"@type":"EntryPoint","urlTemplate":"https:\/\/www.pressenza.com\/it\/?s={search_term_string}"},"query-input":{"@type":"PropertyValueSpecification","valueRequired":true,"valueName":"search_term_string"}}],"inLanguage":"it-IT"},{"@type":"Organization","@id":"https:\/\/www.pressenza.com\/it\/#organization","name":"Pressenza","url":"https:\/\/www.pressenza.com\/it\/","logo":{"@type":"ImageObject","inLanguage":"it-IT","@id":"https:\/\/www.pressenza.com\/it\/#\/schema\/logo\/image\/","url":"https:\/\/www.pressenza.com\/wp-content\/uploads\/2022\/10\/pressenza_logo_200x200.jpg","contentUrl":"https:\/\/www.pressenza.com\/wp-content\/uploads\/2022\/10\/pressenza_logo_200x200.jpg","width":200,"height":200,"caption":"Pressenza"},"image":{"@id":"https:\/\/www.pressenza.com\/it\/#\/schema\/logo\/image\/"},"sameAs":["https:\/\/www.facebook.com\/PressenzaItalia","https:\/\/x.com\/PressenzaIPA"]},{"@type":"Person","@id":"https:\/\/www.pressenza.com\/it\/#\/schema\/person\/065812a20954baed70c01f7c30620d66","name":"Gianmarco Pisa","url":"https:\/\/www.pressenza.com\/it\/author\/gianmarco-pisa\/"}]}},"place":"","original_article_url":"","_links":{"self":[{"href":"https:\/\/www.pressenza.com\/it\/wp-json\/wp\/v2\/posts\/1067821","targetHints":{"allow":["GET"]}}],"collection":[{"href":"https:\/\/www.pressenza.com\/it\/wp-json\/wp\/v2\/posts"}],"about":[{"href":"https:\/\/www.pressenza.com\/it\/wp-json\/wp\/v2\/types\/post"}],"author":[{"embeddable":true,"href":"https:\/\/www.pressenza.com\/it\/wp-json\/wp\/v2\/users\/986"}],"replies":[{"embeddable":true,"href":"https:\/\/www.pressenza.com\/it\/wp-json\/wp\/v2\/comments?post=1067821"}],"version-history":[{"count":0,"href":"https:\/\/www.pressenza.com\/it\/wp-json\/wp\/v2\/posts\/1067821\/revisions"}],"wp:featuredmedia":[{"embeddable":true,"href":"https:\/\/www.pressenza.com\/it\/wp-json\/wp\/v2\/media\/1067823"}],"wp:attachment":[{"href":"https:\/\/www.pressenza.com\/it\/wp-json\/wp\/v2\/media?parent=1067821"}],"wp:term":[{"taxonomy":"category","embeddable":true,"href":"https:\/\/www.pressenza.com\/it\/wp-json\/wp\/v2\/categories?post=1067821"},{"taxonomy":"post_tag","embeddable":true,"href":"https:\/\/www.pressenza.com\/it\/wp-json\/wp\/v2\/tags?post=1067821"}],"curies":[{"name":"wp","href":"https:\/\/api.w.org\/{rel}","templated":true}]}}