{"id":106629,"date":"2014-05-09T13:50:11","date_gmt":"2014-05-09T12:50:11","guid":{"rendered":"http:\/\/www.pressenza.com\/?p=106629"},"modified":"2020-05-14T16:27:24","modified_gmt":"2020-05-14T15:27:24","slug":"bring-back-girls-riportiamo-casa-le-studentesse-rapite","status":"publish","type":"post","link":"https:\/\/www.pressenza.com\/it\/2014\/05\/bring-back-girls-riportiamo-casa-le-studentesse-rapite\/","title":{"rendered":"Bring Back Our Girls: riportiamo a casa le studentesse rapite"},"content":{"rendered":"<p style=\"text-align: justify;\"><span style=\"line-height: 1.5em;\">\u201cBring Back Our Girls\u201d \u00e8 lo slogan della campagna mondiale per riportare a casa le oltre 200 studentesse nigeriane rapite da Boko Haram lo scorso 14 aprile nello stato del Borno. Ha fatto il giro del mondo in poche ore grazie ai social network e alle personalit\u00e0 note che hanno aderito con una loro foto e un cartello con il leitmotiv della campagna.<\/span><\/p>\n<p style=\"text-align: justify;\">Ha aderito anche la giovane Malala Yousafzai, icona della lotta a favore dei diritti umani e dei diritti all\u2019istruzione delle ragazze, sopravvissuta a un attentato dei talebani nel 2012, che ha sottolineato l\u2019importanza di non rimanere in silenzio di fronte ad atti di violenza come questo.<\/p>\n<p style=\"text-align: justify;\">Il gruppo ultra-radicale Boko Haram, il cui nome in lingua Hausa significa proprio &#8220;l\u2019educazione occidentale \u00e8 peccato&#8221;, &#8220;\u00e8 vietata&#8221;, \u00a0ha rivendicato il rapimento attraverso un <a href=\"https:\/\/www.youtube.com\/watch?v=-69EIafqrFI\" target=\"_blank\" rel=\"noopener noreferrer\">video<\/a> di 57 minuti\u00a0e dichiarato che le ragazze saranno vendute, trattate come schiave e sposate a forza perch\u00e9, dice il capo dei ribelli Abubakar Shekau, le ragazze devono lasciare la scuola e sposarsi. Il gruppo si oppone con forza all\u2019istruzione occidentale e all\u2019istruzione delle donne cercando in questo modo di accrescere l\u2019analfabetismo\u00a0e la povert\u00e0 nel paese e di conseguenza il suo controllo sulla popolazione della Nigeria.<\/p>\n<p style=\"text-align: justify;\">Intanto continuano le proteste nel paese dove il governo di Goodluck Jonathan ha fatto un appello, divulgato dalla BBC, ai governi e alla comunit\u00e0 internazionale perch\u00e9 aiutino le autorit\u00e0 nigeriane a ritrovare e riportare a casa le ragazze. Le madri delle giovani che protestano da settimane avevano accusato il leader nigeriano di non aver fatto abbastanza per fermare la violenza del gruppo fondamentalista islamico, cercando al contrario di mettere l\u2019intera faccenda a tacere. Negli ultimi giorni sono\u00a0circolate notizie su un possibile trasferimento delle studentesse fuori dal paese dove sarebbero state vendute per 12 dollari ciascuna.<\/p>\n<p style=\"text-align: justify;\">I terroristi di Boko Haram rivendicano il rapimento in nome di Allah, tuttavia questi atti non hanno nulla a che fare con l\u2019Islam che non solo non giustifica nessun tipo di rapimento, ma non lascia nessuno spazio alle discriminazioni di genere e non accenna neanche al fatto che una donna non debba studiare e debba essere resa schiava o sposata a forza. Il profeta stesso incitava gli uomini a trattare le donne con gentilezza e generosit\u00e0 affermando negli <i>hadith<\/i> (tradizioni profetiche) che \u201ci migliori tra voi sono quelli che trattano bene le donne\u201d e che \u201cgli uomini generosi rispettano le donne, mentre gli uomini vili mancano loro di rispetto e sono sgarbati con loro\u201d. Il Corano\u00a0<span style=\"line-height: 1.5em;\">(Sura 4)<\/span><span style=\"line-height: 1.5em;\">\u00a0<\/span><span style=\"line-height: 1.5em;\">\u00a0infine recita: \u201cO voi che credete, non vi \u00e8 lecito ereditare delle mogli contro la loro volont\u00e0. [\u2026] Comportatevi verso di loro convenientemente. Se provate avversione nei loro confronti, pu\u00f2 darsi che abbiate avversione per qualcosa in cui Allah ha riposto un grande bene\u201d. La proibizione dell\u2019omicidio poi \u00e8 assoluta nel Corano.<\/span><\/p>\n<p style=\"text-align: justify;\">Boko Haram ha una visione dell\u2019Islam completamente distorta e perversa, al punto di rifiutare anche la teoria darwiniana sull\u2019evoluzione della specie. Vedono l\u2019istruzione delle ragazze, e pi\u00f9 in generale tutto ci\u00f2 che \u00e8 occidentale, come un pericolo perch\u00e9 con l\u2019istruzione si diventa capaci di pensare e quindi difficili da controllare e manipolare.<\/p>\n<p style=\"text-align: justify;\">Il gruppo terroristico ha dichiarato guerra al governo e alla popolazione cristiana della Nigeria ormai da cinque anni, e da allora rapimenti e omicidi sono diventati all\u2019ordine del giorno.<\/p>\n<p style=\"text-align: justify;\">La campagna continua su Twitter e Facebook con l\u2019hashtag #bringbackourgirls.<\/p>\n","protected":false},"excerpt":{"rendered":"<p>\u201cBring Back Our Girls\u201d \u00e8 lo slogan della campagna mondiale per riportare a casa le oltre 200 studentesse nigeriane rapite da Boko Haram lo scorso 14 aprile nello stato del Borno. Ha fatto il giro del mondo in poche ore&hellip;<\/p>\n","protected":false},"author":594,"featured_media":149238,"comment_status":"closed","ping_status":"open","sticky":false,"template":"","format":"standard","meta":{"footnotes":""},"categories":[45,60,1258,38,1262],"tags":[10428,9032,4595,54560,2116,5953,13881],"class_list":["post-106629","post","type-post","status-publish","format-standard","has-post-thumbnail","hentry","category-africa-it","category-diritti-umani","category-educazione","category-internazionale","category-nonviolenza-argomento","tag-bringbackourgirls","tag-boko-haram","tag-diritti-delle-donne","tag-diritti-umani-es-it","tag-istruzione","tag-malala","tag-nigeria-it-3"],"yoast_head":"<!-- This site is optimized with the Yoast SEO plugin v27.1.1 - https:\/\/yoast.com\/product\/yoast-seo-wordpress\/ -->\n<title>Bring Back Our Girls: riportiamo a casa le studentesse rapite<\/title>\n<meta name=\"description\" content=\"\u201cBring Back Our Girls\u201d \u00e8 lo slogan della campagna mondiale per riportare a casa le oltre 200 studentesse nigeriane rapite da Boko Haram lo scorso 14\" \/>\n<meta name=\"robots\" content=\"index, follow, max-snippet:-1, max-image-preview:large, max-video-preview:-1\" \/>\n<link rel=\"canonical\" href=\"https:\/\/www.pressenza.com\/it\/2014\/05\/bring-back-girls-riportiamo-casa-le-studentesse-rapite\/\" \/>\n<meta property=\"og:locale\" content=\"it_IT\" \/>\n<meta property=\"og:type\" content=\"article\" \/>\n<meta property=\"og:title\" content=\"Bring Back Our Girls: riportiamo a casa le studentesse rapite\" \/>\n<meta property=\"og:description\" content=\"\u201cBring Back Our Girls\u201d \u00e8 lo slogan della campagna mondiale per riportare a casa le oltre 200 studentesse nigeriane rapite da Boko Haram lo scorso 14\" \/>\n<meta property=\"og:url\" content=\"https:\/\/www.pressenza.com\/it\/2014\/05\/bring-back-girls-riportiamo-casa-le-studentesse-rapite\/\" \/>\n<meta property=\"og:site_name\" content=\"Pressenza\" \/>\n<meta property=\"article:publisher\" content=\"https:\/\/www.facebook.com\/PressenzaItalia\" \/>\n<meta property=\"article:author\" content=\"https:\/\/www.facebook.com\/PressenzaItalia\" \/>\n<meta property=\"article:published_time\" content=\"2014-05-09T12:50:11+00:00\" \/>\n<meta property=\"article:modified_time\" content=\"2020-05-14T15:27:24+00:00\" \/>\n<meta property=\"og:image\" content=\"https:\/\/www.pressenza.com\/wp-content\/uploads\/2014\/05\/Bring-Back-Our-Girls-Malala1.jpg\" \/>\n\t<meta property=\"og:image:width\" content=\"468\" \/>\n\t<meta property=\"og:image:height\" content=\"468\" \/>\n\t<meta property=\"og:image:type\" content=\"image\/jpeg\" \/>\n<meta name=\"author\" content=\"Redazione Italia\" \/>\n<meta name=\"twitter:card\" content=\"summary_large_image\" \/>\n<meta name=\"twitter:creator\" content=\"@pressenza_it\" \/>\n<meta name=\"twitter:site\" content=\"@PressenzaIPA\" \/>\n<meta name=\"twitter:label1\" content=\"Scritto da\" \/>\n\t<meta name=\"twitter:data1\" content=\"Redazione Italia\" \/>\n\t<meta name=\"twitter:label2\" content=\"Tempo di lettura stimato\" \/>\n\t<meta name=\"twitter:data2\" content=\"3 minuti\" \/>\n<script type=\"application\/ld+json\" class=\"yoast-schema-graph\">{\"@context\":\"https:\/\/schema.org\",\"@graph\":[{\"@type\":\"Article\",\"@id\":\"https:\/\/www.pressenza.com\/it\/2014\/05\/bring-back-girls-riportiamo-casa-le-studentesse-rapite\/#article\",\"isPartOf\":{\"@id\":\"https:\/\/www.pressenza.com\/it\/2014\/05\/bring-back-girls-riportiamo-casa-le-studentesse-rapite\/\"},\"author\":{\"name\":\"Redazione Italia\",\"@id\":\"https:\/\/www.pressenza.com\/it\/#\/schema\/person\/d983e81827ae24f2c7b1a2123d197f8d\"},\"headline\":\"Bring Back Our Girls: riportiamo a casa le studentesse rapite\",\"datePublished\":\"2014-05-09T12:50:11+00:00\",\"dateModified\":\"2020-05-14T15:27:24+00:00\",\"mainEntityOfPage\":{\"@id\":\"https:\/\/www.pressenza.com\/it\/2014\/05\/bring-back-girls-riportiamo-casa-le-studentesse-rapite\/\"},\"wordCount\":571,\"publisher\":{\"@id\":\"https:\/\/www.pressenza.com\/it\/#organization\"},\"image\":{\"@id\":\"https:\/\/www.pressenza.com\/it\/2014\/05\/bring-back-girls-riportiamo-casa-le-studentesse-rapite\/#primaryimage\"},\"thumbnailUrl\":\"https:\/\/www.pressenza.com\/wp-content\/uploads\/2014\/05\/Bring-Back-Our-Girls-Malala1.jpg\",\"keywords\":[\"#BringBackOurGirls\",\"Boko Haram\",\"diritti delle donne\",\"diritti umani\",\"istruzione\",\"Malala\",\"Nigeria\"],\"articleSection\":[\"Africa\",\"Diritti Umani\",\"Educazione\",\"Internazionale\",\"Nonviolenza\"],\"inLanguage\":\"it-IT\"},{\"@type\":\"WebPage\",\"@id\":\"https:\/\/www.pressenza.com\/it\/2014\/05\/bring-back-girls-riportiamo-casa-le-studentesse-rapite\/\",\"url\":\"https:\/\/www.pressenza.com\/it\/2014\/05\/bring-back-girls-riportiamo-casa-le-studentesse-rapite\/\",\"name\":\"Bring Back Our Girls: riportiamo a casa le studentesse rapite\",\"isPartOf\":{\"@id\":\"https:\/\/www.pressenza.com\/it\/#website\"},\"primaryImageOfPage\":{\"@id\":\"https:\/\/www.pressenza.com\/it\/2014\/05\/bring-back-girls-riportiamo-casa-le-studentesse-rapite\/#primaryimage\"},\"image\":{\"@id\":\"https:\/\/www.pressenza.com\/it\/2014\/05\/bring-back-girls-riportiamo-casa-le-studentesse-rapite\/#primaryimage\"},\"thumbnailUrl\":\"https:\/\/www.pressenza.com\/wp-content\/uploads\/2014\/05\/Bring-Back-Our-Girls-Malala1.jpg\",\"datePublished\":\"2014-05-09T12:50:11+00:00\",\"dateModified\":\"2020-05-14T15:27:24+00:00\",\"description\":\"\u201cBring Back Our Girls\u201d \u00e8 lo slogan della campagna mondiale per riportare a casa le oltre 200 studentesse nigeriane rapite da Boko Haram lo scorso 14\",\"breadcrumb\":{\"@id\":\"https:\/\/www.pressenza.com\/it\/2014\/05\/bring-back-girls-riportiamo-casa-le-studentesse-rapite\/#breadcrumb\"},\"inLanguage\":\"it-IT\",\"potentialAction\":[{\"@type\":\"ReadAction\",\"target\":[\"https:\/\/www.pressenza.com\/it\/2014\/05\/bring-back-girls-riportiamo-casa-le-studentesse-rapite\/\"]}]},{\"@type\":\"ImageObject\",\"inLanguage\":\"it-IT\",\"@id\":\"https:\/\/www.pressenza.com\/it\/2014\/05\/bring-back-girls-riportiamo-casa-le-studentesse-rapite\/#primaryimage\",\"url\":\"https:\/\/www.pressenza.com\/wp-content\/uploads\/2014\/05\/Bring-Back-Our-Girls-Malala1.jpg\",\"contentUrl\":\"https:\/\/www.pressenza.com\/wp-content\/uploads\/2014\/05\/Bring-Back-Our-Girls-Malala1.jpg\",\"width\":468,\"height\":468,\"caption\":\"Malala per la campagna \u201cBring Back Our Girls\u201d\"},{\"@type\":\"BreadcrumbList\",\"@id\":\"https:\/\/www.pressenza.com\/it\/2014\/05\/bring-back-girls-riportiamo-casa-le-studentesse-rapite\/#breadcrumb\",\"itemListElement\":[{\"@type\":\"ListItem\",\"position\":1,\"name\":\"Accueil\",\"item\":\"https:\/\/www.pressenza.com\/it\/\"},{\"@type\":\"ListItem\",\"position\":2,\"name\":\"Bring Back Our Girls: riportiamo a casa le studentesse rapite\"}]},{\"@type\":\"WebSite\",\"@id\":\"https:\/\/www.pressenza.com\/it\/#website\",\"url\":\"https:\/\/www.pressenza.com\/it\/\",\"name\":\"Pressenza\",\"description\":\"Agenzia di Stampa Internazionale\",\"publisher\":{\"@id\":\"https:\/\/www.pressenza.com\/it\/#organization\"},\"potentialAction\":[{\"@type\":\"SearchAction\",\"target\":{\"@type\":\"EntryPoint\",\"urlTemplate\":\"https:\/\/www.pressenza.com\/it\/?s={search_term_string}\"},\"query-input\":{\"@type\":\"PropertyValueSpecification\",\"valueRequired\":true,\"valueName\":\"search_term_string\"}}],\"inLanguage\":\"it-IT\"},{\"@type\":\"Organization\",\"@id\":\"https:\/\/www.pressenza.com\/it\/#organization\",\"name\":\"Pressenza\",\"url\":\"https:\/\/www.pressenza.com\/it\/\",\"logo\":{\"@type\":\"ImageObject\",\"inLanguage\":\"it-IT\",\"@id\":\"https:\/\/www.pressenza.com\/it\/#\/schema\/logo\/image\/\",\"url\":\"https:\/\/www.pressenza.com\/wp-content\/uploads\/2022\/10\/pressenza_logo_200x200.jpg\",\"contentUrl\":\"https:\/\/www.pressenza.com\/wp-content\/uploads\/2022\/10\/pressenza_logo_200x200.jpg\",\"width\":200,\"height\":200,\"caption\":\"Pressenza\"},\"image\":{\"@id\":\"https:\/\/www.pressenza.com\/it\/#\/schema\/logo\/image\/\"},\"sameAs\":[\"https:\/\/www.facebook.com\/PressenzaItalia\",\"https:\/\/x.com\/PressenzaIPA\"]},{\"@type\":\"Person\",\"@id\":\"https:\/\/www.pressenza.com\/it\/#\/schema\/person\/d983e81827ae24f2c7b1a2123d197f8d\",\"name\":\"Redazione Italia\",\"description\":\"News from the Pressenza Bureau in Italy\",\"sameAs\":[\"https:\/\/www.pressenza.com\/it\/author\/redazione-italia\/\",\"https:\/\/www.facebook.com\/PressenzaItalia\",\"https:\/\/www.instagram.com\/pressenza_italia\/\",\"https:\/\/x.com\/pressenza_it\",\"https:\/\/www.youtube.com\/channel\/UCSalEIWjE1RSxkwjfftFuqg\"],\"url\":\"https:\/\/www.pressenza.com\/it\/author\/redazione-italia\/\"}]}<\/script>\n<!-- \/ Yoast SEO plugin. -->","yoast_head_json":{"title":"Bring Back Our Girls: riportiamo a casa le studentesse rapite","description":"\u201cBring Back Our Girls\u201d \u00e8 lo slogan della campagna mondiale per riportare a casa le oltre 200 studentesse nigeriane rapite da Boko Haram lo scorso 14","robots":{"index":"index","follow":"follow","max-snippet":"max-snippet:-1","max-image-preview":"max-image-preview:large","max-video-preview":"max-video-preview:-1"},"canonical":"https:\/\/www.pressenza.com\/it\/2014\/05\/bring-back-girls-riportiamo-casa-le-studentesse-rapite\/","og_locale":"it_IT","og_type":"article","og_title":"Bring Back Our Girls: riportiamo a casa le studentesse rapite","og_description":"\u201cBring Back Our Girls\u201d \u00e8 lo slogan della campagna mondiale per riportare a casa le oltre 200 studentesse nigeriane rapite da Boko Haram lo scorso 14","og_url":"https:\/\/www.pressenza.com\/it\/2014\/05\/bring-back-girls-riportiamo-casa-le-studentesse-rapite\/","og_site_name":"Pressenza","article_publisher":"https:\/\/www.facebook.com\/PressenzaItalia","article_author":"https:\/\/www.facebook.com\/PressenzaItalia","article_published_time":"2014-05-09T12:50:11+00:00","article_modified_time":"2020-05-14T15:27:24+00:00","og_image":[{"width":468,"height":468,"url":"https:\/\/www.pressenza.com\/wp-content\/uploads\/2014\/05\/Bring-Back-Our-Girls-Malala1.jpg","type":"image\/jpeg"}],"author":"Redazione Italia","twitter_card":"summary_large_image","twitter_creator":"@pressenza_it","twitter_site":"@PressenzaIPA","twitter_misc":{"Scritto da":"Redazione Italia","Tempo di lettura stimato":"3 minuti"},"schema":{"@context":"https:\/\/schema.org","@graph":[{"@type":"Article","@id":"https:\/\/www.pressenza.com\/it\/2014\/05\/bring-back-girls-riportiamo-casa-le-studentesse-rapite\/#article","isPartOf":{"@id":"https:\/\/www.pressenza.com\/it\/2014\/05\/bring-back-girls-riportiamo-casa-le-studentesse-rapite\/"},"author":{"name":"Redazione Italia","@id":"https:\/\/www.pressenza.com\/it\/#\/schema\/person\/d983e81827ae24f2c7b1a2123d197f8d"},"headline":"Bring Back Our Girls: riportiamo a casa le studentesse rapite","datePublished":"2014-05-09T12:50:11+00:00","dateModified":"2020-05-14T15:27:24+00:00","mainEntityOfPage":{"@id":"https:\/\/www.pressenza.com\/it\/2014\/05\/bring-back-girls-riportiamo-casa-le-studentesse-rapite\/"},"wordCount":571,"publisher":{"@id":"https:\/\/www.pressenza.com\/it\/#organization"},"image":{"@id":"https:\/\/www.pressenza.com\/it\/2014\/05\/bring-back-girls-riportiamo-casa-le-studentesse-rapite\/#primaryimage"},"thumbnailUrl":"https:\/\/www.pressenza.com\/wp-content\/uploads\/2014\/05\/Bring-Back-Our-Girls-Malala1.jpg","keywords":["#BringBackOurGirls","Boko Haram","diritti delle donne","diritti umani","istruzione","Malala","Nigeria"],"articleSection":["Africa","Diritti Umani","Educazione","Internazionale","Nonviolenza"],"inLanguage":"it-IT"},{"@type":"WebPage","@id":"https:\/\/www.pressenza.com\/it\/2014\/05\/bring-back-girls-riportiamo-casa-le-studentesse-rapite\/","url":"https:\/\/www.pressenza.com\/it\/2014\/05\/bring-back-girls-riportiamo-casa-le-studentesse-rapite\/","name":"Bring Back Our Girls: riportiamo a casa le studentesse rapite","isPartOf":{"@id":"https:\/\/www.pressenza.com\/it\/#website"},"primaryImageOfPage":{"@id":"https:\/\/www.pressenza.com\/it\/2014\/05\/bring-back-girls-riportiamo-casa-le-studentesse-rapite\/#primaryimage"},"image":{"@id":"https:\/\/www.pressenza.com\/it\/2014\/05\/bring-back-girls-riportiamo-casa-le-studentesse-rapite\/#primaryimage"},"thumbnailUrl":"https:\/\/www.pressenza.com\/wp-content\/uploads\/2014\/05\/Bring-Back-Our-Girls-Malala1.jpg","datePublished":"2014-05-09T12:50:11+00:00","dateModified":"2020-05-14T15:27:24+00:00","description":"\u201cBring Back Our Girls\u201d \u00e8 lo slogan della campagna mondiale per riportare a casa le oltre 200 studentesse nigeriane rapite da Boko Haram lo scorso 14","breadcrumb":{"@id":"https:\/\/www.pressenza.com\/it\/2014\/05\/bring-back-girls-riportiamo-casa-le-studentesse-rapite\/#breadcrumb"},"inLanguage":"it-IT","potentialAction":[{"@type":"ReadAction","target":["https:\/\/www.pressenza.com\/it\/2014\/05\/bring-back-girls-riportiamo-casa-le-studentesse-rapite\/"]}]},{"@type":"ImageObject","inLanguage":"it-IT","@id":"https:\/\/www.pressenza.com\/it\/2014\/05\/bring-back-girls-riportiamo-casa-le-studentesse-rapite\/#primaryimage","url":"https:\/\/www.pressenza.com\/wp-content\/uploads\/2014\/05\/Bring-Back-Our-Girls-Malala1.jpg","contentUrl":"https:\/\/www.pressenza.com\/wp-content\/uploads\/2014\/05\/Bring-Back-Our-Girls-Malala1.jpg","width":468,"height":468,"caption":"Malala per la campagna \u201cBring Back Our Girls\u201d"},{"@type":"BreadcrumbList","@id":"https:\/\/www.pressenza.com\/it\/2014\/05\/bring-back-girls-riportiamo-casa-le-studentesse-rapite\/#breadcrumb","itemListElement":[{"@type":"ListItem","position":1,"name":"Accueil","item":"https:\/\/www.pressenza.com\/it\/"},{"@type":"ListItem","position":2,"name":"Bring Back Our Girls: riportiamo a casa le studentesse rapite"}]},{"@type":"WebSite","@id":"https:\/\/www.pressenza.com\/it\/#website","url":"https:\/\/www.pressenza.com\/it\/","name":"Pressenza","description":"Agenzia di Stampa Internazionale","publisher":{"@id":"https:\/\/www.pressenza.com\/it\/#organization"},"potentialAction":[{"@type":"SearchAction","target":{"@type":"EntryPoint","urlTemplate":"https:\/\/www.pressenza.com\/it\/?s={search_term_string}"},"query-input":{"@type":"PropertyValueSpecification","valueRequired":true,"valueName":"search_term_string"}}],"inLanguage":"it-IT"},{"@type":"Organization","@id":"https:\/\/www.pressenza.com\/it\/#organization","name":"Pressenza","url":"https:\/\/www.pressenza.com\/it\/","logo":{"@type":"ImageObject","inLanguage":"it-IT","@id":"https:\/\/www.pressenza.com\/it\/#\/schema\/logo\/image\/","url":"https:\/\/www.pressenza.com\/wp-content\/uploads\/2022\/10\/pressenza_logo_200x200.jpg","contentUrl":"https:\/\/www.pressenza.com\/wp-content\/uploads\/2022\/10\/pressenza_logo_200x200.jpg","width":200,"height":200,"caption":"Pressenza"},"image":{"@id":"https:\/\/www.pressenza.com\/it\/#\/schema\/logo\/image\/"},"sameAs":["https:\/\/www.facebook.com\/PressenzaItalia","https:\/\/x.com\/PressenzaIPA"]},{"@type":"Person","@id":"https:\/\/www.pressenza.com\/it\/#\/schema\/person\/d983e81827ae24f2c7b1a2123d197f8d","name":"Redazione Italia","description":"News from the Pressenza Bureau in Italy","sameAs":["https:\/\/www.pressenza.com\/it\/author\/redazione-italia\/","https:\/\/www.facebook.com\/PressenzaItalia","https:\/\/www.instagram.com\/pressenza_italia\/","https:\/\/x.com\/pressenza_it","https:\/\/www.youtube.com\/channel\/UCSalEIWjE1RSxkwjfftFuqg"],"url":"https:\/\/www.pressenza.com\/it\/author\/redazione-italia\/"}]}},"place":"","original_article_url":"","_links":{"self":[{"href":"https:\/\/www.pressenza.com\/it\/wp-json\/wp\/v2\/posts\/106629","targetHints":{"allow":["GET"]}}],"collection":[{"href":"https:\/\/www.pressenza.com\/it\/wp-json\/wp\/v2\/posts"}],"about":[{"href":"https:\/\/www.pressenza.com\/it\/wp-json\/wp\/v2\/types\/post"}],"author":[{"embeddable":true,"href":"https:\/\/www.pressenza.com\/it\/wp-json\/wp\/v2\/users\/594"}],"replies":[{"embeddable":true,"href":"https:\/\/www.pressenza.com\/it\/wp-json\/wp\/v2\/comments?post=106629"}],"version-history":[{"count":0,"href":"https:\/\/www.pressenza.com\/it\/wp-json\/wp\/v2\/posts\/106629\/revisions"}],"wp:featuredmedia":[{"embeddable":true,"href":"https:\/\/www.pressenza.com\/it\/wp-json\/wp\/v2\/media\/149238"}],"wp:attachment":[{"href":"https:\/\/www.pressenza.com\/it\/wp-json\/wp\/v2\/media?parent=106629"}],"wp:term":[{"taxonomy":"category","embeddable":true,"href":"https:\/\/www.pressenza.com\/it\/wp-json\/wp\/v2\/categories?post=106629"},{"taxonomy":"post_tag","embeddable":true,"href":"https:\/\/www.pressenza.com\/it\/wp-json\/wp\/v2\/tags?post=106629"}],"curies":[{"name":"wp","href":"https:\/\/api.w.org\/{rel}","templated":true}]}}