{"id":1064267,"date":"2020-03-24T11:14:07","date_gmt":"2020-03-24T11:14:07","guid":{"rendered":"https:\/\/www.pressenza.com\/?p=1064267"},"modified":"2020-03-24T11:18:03","modified_gmt":"2020-03-24T11:18:03","slug":"colorado-usa-ufficialmente-abolita-la-pena-di-morte","status":"publish","type":"post","link":"https:\/\/www.pressenza.com\/it\/2020\/03\/colorado-usa-ufficialmente-abolita-la-pena-di-morte\/","title":{"rendered":"Colorado (Usa): ufficialmente abolita la pena di morte"},"content":{"rendered":"<p>Dopo l&#8217;approvazione dei due rami del Parlamento e la firma del governatore Jared Polis, il 23 marzo 2020 il Colorado \u00e8 diventato ufficialmente il 22\u00b0 Stato degli Usa ad aver abolito la pena di morte.<\/p>\n<p>Contemporaneamente, il governatore Polis ha commutato in ergastolo le tre condanne a morte ancora in attesa di esecuzione.<\/p>\n<p>Questo il comunicato diffuso ieri dal governatore Polis: &#8220;Queste commutazioni, seppure relative a persone colpevoli che non hanno mostrato cambiamenti straordinari nella loro vita in carcere, sono coerenti con l&#8217;abolizione della pena di morte nello Stato del Colorado e con la constatazione che la pena di morte non pu\u00f2 essere e non \u00e8 mai stata applicata con equit\u00e0 nel nostro Stato&#8221;.<\/p>\n<p>&nbsp;<\/p>\n","protected":false},"excerpt":{"rendered":"<p>Dopo l&#8217;approvazione dei due rami del Parlamento e la firma del governatore Jared Polis, il 23 marzo 2020 il Colorado \u00e8 diventato ufficialmente il 22\u00b0 Stato degli Usa ad aver abolito la pena di morte. Contemporaneamente, il governatore Polis ha&hellip;<\/p>\n","protected":false},"author":1334,"featured_media":736463,"comment_status":"closed","ping_status":"closed","sticky":false,"template":"","format":"standard","meta":{"footnotes":""},"categories":[11388,60,49],"tags":[40554,3563,739,25653],"class_list":["post-1064267","post","type-post","status-publish","format-standard","has-post-thumbnail","hentry","category-contenuti-originali","category-diritti-umani","category-nord-america","tag-abolizione","tag-colorado-it","tag-pena-di-morte","tag-stati-uniti"],"yoast_head":"<!-- This site is optimized with the Yoast SEO plugin v27.1.1 - https:\/\/yoast.com\/product\/yoast-seo-wordpress\/ -->\n<title>Colorado (Usa): ufficialmente abolita la pena di morte<\/title>\n<meta name=\"description\" content=\"Dopo l&#039;approvazione dei due rami del Parlamento e la firma del governatore Jared Polis, il 23 marzo 2020 il Colorado \u00e8 diventato ufficialmente il 22\u00b0\" \/>\n<meta name=\"robots\" content=\"index, follow, max-snippet:-1, max-image-preview:large, max-video-preview:-1\" \/>\n<link rel=\"canonical\" href=\"https:\/\/www.pressenza.com\/it\/2020\/03\/colorado-usa-ufficialmente-abolita-la-pena-di-morte\/\" \/>\n<meta property=\"og:locale\" content=\"it_IT\" \/>\n<meta property=\"og:type\" content=\"article\" \/>\n<meta property=\"og:title\" content=\"Colorado (Usa): ufficialmente abolita la pena di morte\" \/>\n<meta property=\"og:description\" content=\"Dopo l&#039;approvazione dei due rami del Parlamento e la firma del governatore Jared Polis, il 23 marzo 2020 il Colorado \u00e8 diventato ufficialmente il 22\u00b0\" \/>\n<meta property=\"og:url\" content=\"https:\/\/www.pressenza.com\/it\/2020\/03\/colorado-usa-ufficialmente-abolita-la-pena-di-morte\/\" \/>\n<meta property=\"og:site_name\" content=\"Pressenza\" \/>\n<meta property=\"article:publisher\" content=\"https:\/\/www.facebook.com\/PressenzaItalia\" \/>\n<meta property=\"article:author\" content=\"https:\/\/www.facebook.com\/p\/Riccardo-Noury-100041166531808\/\" \/>\n<meta property=\"article:published_time\" content=\"2020-03-24T11:14:07+00:00\" \/>\n<meta property=\"article:modified_time\" content=\"2020-03-24T11:18:03+00:00\" \/>\n<meta property=\"og:image\" content=\"https:\/\/www.pressenza.com\/wp-content\/uploads\/2018\/10\/no-to-death-penalty-santegidio.jpg\" \/>\n\t<meta property=\"og:image:width\" content=\"1024\" \/>\n\t<meta property=\"og:image:height\" content=\"559\" \/>\n\t<meta property=\"og:image:type\" content=\"image\/jpeg\" \/>\n<meta name=\"author\" content=\"Riccardo Noury\" \/>\n<meta name=\"twitter:card\" content=\"summary_large_image\" \/>\n<meta name=\"twitter:creator\" content=\"@riccardonoury\" \/>\n<meta name=\"twitter:site\" content=\"@PressenzaIPA\" \/>\n<meta name=\"twitter:label1\" content=\"Scritto da\" \/>\n\t<meta name=\"twitter:data1\" content=\"Riccardo Noury\" \/>\n\t<meta name=\"twitter:label2\" content=\"Tempo di lettura stimato\" \/>\n\t<meta name=\"twitter:data2\" content=\"1 minuto\" \/>\n<script type=\"application\/ld+json\" class=\"yoast-schema-graph\">{\"@context\":\"https:\/\/schema.org\",\"@graph\":[{\"@type\":\"Article\",\"@id\":\"https:\/\/www.pressenza.com\/it\/2020\/03\/colorado-usa-ufficialmente-abolita-la-pena-di-morte\/#article\",\"isPartOf\":{\"@id\":\"https:\/\/www.pressenza.com\/it\/2020\/03\/colorado-usa-ufficialmente-abolita-la-pena-di-morte\/\"},\"author\":{\"name\":\"Riccardo Noury\",\"@id\":\"https:\/\/www.pressenza.com\/it\/#\/schema\/person\/8f342cd59f9d5aae911255240684f81e\"},\"headline\":\"Colorado (Usa): ufficialmente abolita la pena di morte\",\"datePublished\":\"2020-03-24T11:14:07+00:00\",\"dateModified\":\"2020-03-24T11:18:03+00:00\",\"mainEntityOfPage\":{\"@id\":\"https:\/\/www.pressenza.com\/it\/2020\/03\/colorado-usa-ufficialmente-abolita-la-pena-di-morte\/\"},\"wordCount\":120,\"publisher\":{\"@id\":\"https:\/\/www.pressenza.com\/it\/#organization\"},\"image\":{\"@id\":\"https:\/\/www.pressenza.com\/it\/2020\/03\/colorado-usa-ufficialmente-abolita-la-pena-di-morte\/#primaryimage\"},\"thumbnailUrl\":\"https:\/\/www.pressenza.com\/wp-content\/uploads\/2018\/10\/no-to-death-penalty-santegidio.jpg\",\"keywords\":[\"abolizione\",\"Colorado\",\"pena di morte\",\"Stati Uniti\"],\"articleSection\":[\"contenuti originali\",\"Diritti Umani\",\"Nord America\"],\"inLanguage\":\"it-IT\"},{\"@type\":\"WebPage\",\"@id\":\"https:\/\/www.pressenza.com\/it\/2020\/03\/colorado-usa-ufficialmente-abolita-la-pena-di-morte\/\",\"url\":\"https:\/\/www.pressenza.com\/it\/2020\/03\/colorado-usa-ufficialmente-abolita-la-pena-di-morte\/\",\"name\":\"Colorado (Usa): ufficialmente abolita la pena di morte\",\"isPartOf\":{\"@id\":\"https:\/\/www.pressenza.com\/it\/#website\"},\"primaryImageOfPage\":{\"@id\":\"https:\/\/www.pressenza.com\/it\/2020\/03\/colorado-usa-ufficialmente-abolita-la-pena-di-morte\/#primaryimage\"},\"image\":{\"@id\":\"https:\/\/www.pressenza.com\/it\/2020\/03\/colorado-usa-ufficialmente-abolita-la-pena-di-morte\/#primaryimage\"},\"thumbnailUrl\":\"https:\/\/www.pressenza.com\/wp-content\/uploads\/2018\/10\/no-to-death-penalty-santegidio.jpg\",\"datePublished\":\"2020-03-24T11:14:07+00:00\",\"dateModified\":\"2020-03-24T11:18:03+00:00\",\"description\":\"Dopo l'approvazione dei due rami del Parlamento e la firma del governatore Jared Polis, il 23 marzo 2020 il Colorado \u00e8 diventato ufficialmente il 22\u00b0\",\"breadcrumb\":{\"@id\":\"https:\/\/www.pressenza.com\/it\/2020\/03\/colorado-usa-ufficialmente-abolita-la-pena-di-morte\/#breadcrumb\"},\"inLanguage\":\"it-IT\",\"potentialAction\":[{\"@type\":\"ReadAction\",\"target\":[\"https:\/\/www.pressenza.com\/it\/2020\/03\/colorado-usa-ufficialmente-abolita-la-pena-di-morte\/\"]}]},{\"@type\":\"ImageObject\",\"inLanguage\":\"it-IT\",\"@id\":\"https:\/\/www.pressenza.com\/it\/2020\/03\/colorado-usa-ufficialmente-abolita-la-pena-di-morte\/#primaryimage\",\"url\":\"https:\/\/www.pressenza.com\/wp-content\/uploads\/2018\/10\/no-to-death-penalty-santegidio.jpg\",\"contentUrl\":\"https:\/\/www.pressenza.com\/wp-content\/uploads\/2018\/10\/no-to-death-penalty-santegidio.jpg\",\"width\":1024,\"height\":559},{\"@type\":\"BreadcrumbList\",\"@id\":\"https:\/\/www.pressenza.com\/it\/2020\/03\/colorado-usa-ufficialmente-abolita-la-pena-di-morte\/#breadcrumb\",\"itemListElement\":[{\"@type\":\"ListItem\",\"position\":1,\"name\":\"Accueil\",\"item\":\"https:\/\/www.pressenza.com\/it\/\"},{\"@type\":\"ListItem\",\"position\":2,\"name\":\"Colorado (Usa): ufficialmente abolita la pena di morte\"}]},{\"@type\":\"WebSite\",\"@id\":\"https:\/\/www.pressenza.com\/it\/#website\",\"url\":\"https:\/\/www.pressenza.com\/it\/\",\"name\":\"Pressenza\",\"description\":\"Agenzia di Stampa Internazionale\",\"publisher\":{\"@id\":\"https:\/\/www.pressenza.com\/it\/#organization\"},\"potentialAction\":[{\"@type\":\"SearchAction\",\"target\":{\"@type\":\"EntryPoint\",\"urlTemplate\":\"https:\/\/www.pressenza.com\/it\/?s={search_term_string}\"},\"query-input\":{\"@type\":\"PropertyValueSpecification\",\"valueRequired\":true,\"valueName\":\"search_term_string\"}}],\"inLanguage\":\"it-IT\"},{\"@type\":\"Organization\",\"@id\":\"https:\/\/www.pressenza.com\/it\/#organization\",\"name\":\"Pressenza\",\"url\":\"https:\/\/www.pressenza.com\/it\/\",\"logo\":{\"@type\":\"ImageObject\",\"inLanguage\":\"it-IT\",\"@id\":\"https:\/\/www.pressenza.com\/it\/#\/schema\/logo\/image\/\",\"url\":\"https:\/\/www.pressenza.com\/wp-content\/uploads\/2022\/10\/pressenza_logo_200x200.jpg\",\"contentUrl\":\"https:\/\/www.pressenza.com\/wp-content\/uploads\/2022\/10\/pressenza_logo_200x200.jpg\",\"width\":200,\"height\":200,\"caption\":\"Pressenza\"},\"image\":{\"@id\":\"https:\/\/www.pressenza.com\/it\/#\/schema\/logo\/image\/\"},\"sameAs\":[\"https:\/\/www.facebook.com\/PressenzaItalia\",\"https:\/\/x.com\/PressenzaIPA\"]},{\"@type\":\"Person\",\"@id\":\"https:\/\/www.pressenza.com\/it\/#\/schema\/person\/8f342cd59f9d5aae911255240684f81e\",\"name\":\"Riccardo Noury\",\"sameAs\":[\"http:\/\/www.amnesty.it\/\",\"https:\/\/www.facebook.com\/p\/Riccardo-Noury-100041166531808\/\",\"https:\/\/www.instagram.com\/riccardonoury9241\",\"https:\/\/x.com\/riccardonoury\"],\"url\":\"https:\/\/www.pressenza.com\/it\/author\/riccardo-noury\/\"}]}<\/script>\n<!-- \/ Yoast SEO plugin. -->","yoast_head_json":{"title":"Colorado (Usa): ufficialmente abolita la pena di morte","description":"Dopo l'approvazione dei due rami del Parlamento e la firma del governatore Jared Polis, il 23 marzo 2020 il Colorado \u00e8 diventato ufficialmente il 22\u00b0","robots":{"index":"index","follow":"follow","max-snippet":"max-snippet:-1","max-image-preview":"max-image-preview:large","max-video-preview":"max-video-preview:-1"},"canonical":"https:\/\/www.pressenza.com\/it\/2020\/03\/colorado-usa-ufficialmente-abolita-la-pena-di-morte\/","og_locale":"it_IT","og_type":"article","og_title":"Colorado (Usa): ufficialmente abolita la pena di morte","og_description":"Dopo l'approvazione dei due rami del Parlamento e la firma del governatore Jared Polis, il 23 marzo 2020 il Colorado \u00e8 diventato ufficialmente il 22\u00b0","og_url":"https:\/\/www.pressenza.com\/it\/2020\/03\/colorado-usa-ufficialmente-abolita-la-pena-di-morte\/","og_site_name":"Pressenza","article_publisher":"https:\/\/www.facebook.com\/PressenzaItalia","article_author":"https:\/\/www.facebook.com\/p\/Riccardo-Noury-100041166531808\/","article_published_time":"2020-03-24T11:14:07+00:00","article_modified_time":"2020-03-24T11:18:03+00:00","og_image":[{"width":1024,"height":559,"url":"https:\/\/www.pressenza.com\/wp-content\/uploads\/2018\/10\/no-to-death-penalty-santegidio.jpg","type":"image\/jpeg"}],"author":"Riccardo Noury","twitter_card":"summary_large_image","twitter_creator":"@riccardonoury","twitter_site":"@PressenzaIPA","twitter_misc":{"Scritto da":"Riccardo Noury","Tempo di lettura stimato":"1 minuto"},"schema":{"@context":"https:\/\/schema.org","@graph":[{"@type":"Article","@id":"https:\/\/www.pressenza.com\/it\/2020\/03\/colorado-usa-ufficialmente-abolita-la-pena-di-morte\/#article","isPartOf":{"@id":"https:\/\/www.pressenza.com\/it\/2020\/03\/colorado-usa-ufficialmente-abolita-la-pena-di-morte\/"},"author":{"name":"Riccardo Noury","@id":"https:\/\/www.pressenza.com\/it\/#\/schema\/person\/8f342cd59f9d5aae911255240684f81e"},"headline":"Colorado (Usa): ufficialmente abolita la pena di morte","datePublished":"2020-03-24T11:14:07+00:00","dateModified":"2020-03-24T11:18:03+00:00","mainEntityOfPage":{"@id":"https:\/\/www.pressenza.com\/it\/2020\/03\/colorado-usa-ufficialmente-abolita-la-pena-di-morte\/"},"wordCount":120,"publisher":{"@id":"https:\/\/www.pressenza.com\/it\/#organization"},"image":{"@id":"https:\/\/www.pressenza.com\/it\/2020\/03\/colorado-usa-ufficialmente-abolita-la-pena-di-morte\/#primaryimage"},"thumbnailUrl":"https:\/\/www.pressenza.com\/wp-content\/uploads\/2018\/10\/no-to-death-penalty-santegidio.jpg","keywords":["abolizione","Colorado","pena di morte","Stati Uniti"],"articleSection":["contenuti originali","Diritti Umani","Nord America"],"inLanguage":"it-IT"},{"@type":"WebPage","@id":"https:\/\/www.pressenza.com\/it\/2020\/03\/colorado-usa-ufficialmente-abolita-la-pena-di-morte\/","url":"https:\/\/www.pressenza.com\/it\/2020\/03\/colorado-usa-ufficialmente-abolita-la-pena-di-morte\/","name":"Colorado (Usa): ufficialmente abolita la pena di morte","isPartOf":{"@id":"https:\/\/www.pressenza.com\/it\/#website"},"primaryImageOfPage":{"@id":"https:\/\/www.pressenza.com\/it\/2020\/03\/colorado-usa-ufficialmente-abolita-la-pena-di-morte\/#primaryimage"},"image":{"@id":"https:\/\/www.pressenza.com\/it\/2020\/03\/colorado-usa-ufficialmente-abolita-la-pena-di-morte\/#primaryimage"},"thumbnailUrl":"https:\/\/www.pressenza.com\/wp-content\/uploads\/2018\/10\/no-to-death-penalty-santegidio.jpg","datePublished":"2020-03-24T11:14:07+00:00","dateModified":"2020-03-24T11:18:03+00:00","description":"Dopo l'approvazione dei due rami del Parlamento e la firma del governatore Jared Polis, il 23 marzo 2020 il Colorado \u00e8 diventato ufficialmente il 22\u00b0","breadcrumb":{"@id":"https:\/\/www.pressenza.com\/it\/2020\/03\/colorado-usa-ufficialmente-abolita-la-pena-di-morte\/#breadcrumb"},"inLanguage":"it-IT","potentialAction":[{"@type":"ReadAction","target":["https:\/\/www.pressenza.com\/it\/2020\/03\/colorado-usa-ufficialmente-abolita-la-pena-di-morte\/"]}]},{"@type":"ImageObject","inLanguage":"it-IT","@id":"https:\/\/www.pressenza.com\/it\/2020\/03\/colorado-usa-ufficialmente-abolita-la-pena-di-morte\/#primaryimage","url":"https:\/\/www.pressenza.com\/wp-content\/uploads\/2018\/10\/no-to-death-penalty-santegidio.jpg","contentUrl":"https:\/\/www.pressenza.com\/wp-content\/uploads\/2018\/10\/no-to-death-penalty-santegidio.jpg","width":1024,"height":559},{"@type":"BreadcrumbList","@id":"https:\/\/www.pressenza.com\/it\/2020\/03\/colorado-usa-ufficialmente-abolita-la-pena-di-morte\/#breadcrumb","itemListElement":[{"@type":"ListItem","position":1,"name":"Accueil","item":"https:\/\/www.pressenza.com\/it\/"},{"@type":"ListItem","position":2,"name":"Colorado (Usa): ufficialmente abolita la pena di morte"}]},{"@type":"WebSite","@id":"https:\/\/www.pressenza.com\/it\/#website","url":"https:\/\/www.pressenza.com\/it\/","name":"Pressenza","description":"Agenzia di Stampa Internazionale","publisher":{"@id":"https:\/\/www.pressenza.com\/it\/#organization"},"potentialAction":[{"@type":"SearchAction","target":{"@type":"EntryPoint","urlTemplate":"https:\/\/www.pressenza.com\/it\/?s={search_term_string}"},"query-input":{"@type":"PropertyValueSpecification","valueRequired":true,"valueName":"search_term_string"}}],"inLanguage":"it-IT"},{"@type":"Organization","@id":"https:\/\/www.pressenza.com\/it\/#organization","name":"Pressenza","url":"https:\/\/www.pressenza.com\/it\/","logo":{"@type":"ImageObject","inLanguage":"it-IT","@id":"https:\/\/www.pressenza.com\/it\/#\/schema\/logo\/image\/","url":"https:\/\/www.pressenza.com\/wp-content\/uploads\/2022\/10\/pressenza_logo_200x200.jpg","contentUrl":"https:\/\/www.pressenza.com\/wp-content\/uploads\/2022\/10\/pressenza_logo_200x200.jpg","width":200,"height":200,"caption":"Pressenza"},"image":{"@id":"https:\/\/www.pressenza.com\/it\/#\/schema\/logo\/image\/"},"sameAs":["https:\/\/www.facebook.com\/PressenzaItalia","https:\/\/x.com\/PressenzaIPA"]},{"@type":"Person","@id":"https:\/\/www.pressenza.com\/it\/#\/schema\/person\/8f342cd59f9d5aae911255240684f81e","name":"Riccardo Noury","sameAs":["http:\/\/www.amnesty.it\/","https:\/\/www.facebook.com\/p\/Riccardo-Noury-100041166531808\/","https:\/\/www.instagram.com\/riccardonoury9241","https:\/\/x.com\/riccardonoury"],"url":"https:\/\/www.pressenza.com\/it\/author\/riccardo-noury\/"}]}},"place":"","original_article_url":"","_links":{"self":[{"href":"https:\/\/www.pressenza.com\/it\/wp-json\/wp\/v2\/posts\/1064267","targetHints":{"allow":["GET"]}}],"collection":[{"href":"https:\/\/www.pressenza.com\/it\/wp-json\/wp\/v2\/posts"}],"about":[{"href":"https:\/\/www.pressenza.com\/it\/wp-json\/wp\/v2\/types\/post"}],"author":[{"embeddable":true,"href":"https:\/\/www.pressenza.com\/it\/wp-json\/wp\/v2\/users\/1334"}],"replies":[{"embeddable":true,"href":"https:\/\/www.pressenza.com\/it\/wp-json\/wp\/v2\/comments?post=1064267"}],"version-history":[{"count":0,"href":"https:\/\/www.pressenza.com\/it\/wp-json\/wp\/v2\/posts\/1064267\/revisions"}],"wp:featuredmedia":[{"embeddable":true,"href":"https:\/\/www.pressenza.com\/it\/wp-json\/wp\/v2\/media\/736463"}],"wp:attachment":[{"href":"https:\/\/www.pressenza.com\/it\/wp-json\/wp\/v2\/media?parent=1064267"}],"wp:term":[{"taxonomy":"category","embeddable":true,"href":"https:\/\/www.pressenza.com\/it\/wp-json\/wp\/v2\/categories?post=1064267"},{"taxonomy":"post_tag","embeddable":true,"href":"https:\/\/www.pressenza.com\/it\/wp-json\/wp\/v2\/tags?post=1064267"}],"curies":[{"name":"wp","href":"https:\/\/api.w.org\/{rel}","templated":true}]}}