{"id":1062456,"date":"2020-03-21T11:31:12","date_gmt":"2020-03-21T11:31:12","guid":{"rendered":"https:\/\/www.pressenza.com\/?p=1062456"},"modified":"2020-03-21T11:35:46","modified_gmt":"2020-03-21T11:35:46","slug":"appello-della-fondazione-e-stato-il-vento-richiedenti-asilo-carcerati-senza-fissa-dimora-e-rom-non-devono-pagare-cara-questa-emergenza-sanitaria","status":"publish","type":"post","link":"https:\/\/www.pressenza.com\/it\/2020\/03\/appello-della-fondazione-e-stato-il-vento-richiedenti-asilo-carcerati-senza-fissa-dimora-e-rom-non-devono-pagare-cara-questa-emergenza-sanitaria\/","title":{"rendered":"Appello della Fondazione \u201cE\u2019 Stato il Vento\u201d: richiedenti asilo, carcerati, senza fissa dimora e rom non devono pagare cara questa emergenza sanitaria"},"content":{"rendered":"<p>Il nostro \u00e8 un appello che lanciamo come Fondazione E\u2019 Stato il Vento, che in questi mesi ha tentato di sostenere il Sogno di Domenico Lucano perch\u00e9 Riace continui ad essere il \u201cpaese dell\u2019accoglienza\u201d.<\/p>\n<p>In questi giorni amari per l\u2019espandersi del coronavirus in Italia e nel mondo, pagato a caro prezzo da cos\u00ec tante vittime, anche in Italia, noi esprimiamo la nostra solidariet\u00e0 alle famiglie che hanno perso i loro cari e la nostra vicinanza e sostegno ai medici e a tutto il personale sanitario, impegnati in questa dura guerra al virus.<\/p>\n<p>Riguardo ai cittadini stranieri richiedenti asilo o beneficiari di protezione (internazionale o per motivi umanitari), chiediamo di sospendere le fuoriuscite dai centri per quanti hanno concluso il loro progetto di accoglienza e di accelerare il trasferimento nelle strutture per quanti ne abbiano diritto e siano in attesa di accedervi, creando eventualmente ulteriori posti nei circuiti per richiedenti asilo (CAS) e per i titolari di protezione internazionale (SIPROIMI), cui far accedere chi ne abbia gi\u00e0 beneficiato e, una volta fuoriuscito da quei circuiti, si trovi a fronteggiare una temporanea situazione di emergenza abitativa.<\/p>\n<p>Con altrettanta forza chiediamo al governo sia l\u2019abrogazione dei disumani Decreti Sicurezza che hanno drasticamente peggiorato la situazione giuridica dei profughi sia la riforma della disciplina per ottenere la cittadinanza (il cosiddetto Ius culturae) che \u00e8 al vaglio della Commissione Affari Costituzionali. Non comprendiamo la lentezza con cui temi cos\u00ec importanti vengono disattesi.<\/p>\n<p>Ma fra gli ultimi di questa nostra societ\u00e0 ci sono i carcerati, i senza fissa dimora, i rom che pagheranno pesantemente per questa emergenza sanitaria. E\u2019 urgente intervenire nelle carceri che sono vere \u201cbombe sanitarie.\u201d Gli spazi ristretti e la grande promiscuit\u00e0 in cui sono costretti a vivere i carcerati pu\u00f2 far espoldere il numero dei contagi. Intervenire in queste carceri super affollate \u00e8 una necessit\u00e0 anche a tutela della salute pubblica. Purtroppo per effetto del recente decreto legge in proposito usciranno solo poche centinaia di detenuti con condanne fino a 18 mesi. Troppo poco: non \u00e8 tempo di mezze misure. E\u2019 una bomba che ci potrebbe esplodere fra le mani. Altrettanto grave \u00e8 la situazione dei senza fissa dimora. La sospensione parziale dei servizi di prossimit\u00e0, come \u00e8 avvenuto in tante citt\u00e0, ha comportato una presenza decisamente pi\u00f9 visibile dei senza fissa dimora che, nelle citt\u00e0 vuote e senza un posto dove andare, rischiano di suscitare ancora di pi\u00f9 l\u2019intolleranza della popolazione. La tutela dei senza fissa dimora non rappresenta solo un atto di solidariet\u00e0 e civilt\u00e0, ma \u00e8 anche un atto di tutela della salute pubblica. E non ultimo c\u2019\u00e8 la grave situazione dei campi rom dopo i decreti del governo. Per i rom non poter uscire di casa ed essere per strada, significa non poter lavorare e quindi vuol dire fame. E\u2019 un\u2019emergenza dentro l\u2019emergenza. Per loro servono acqua, cibo, e presidi sanitari. E sono tanti i campi rom che sono in gravi difficolt\u00e0. Non li possiamo dimenticare.<\/p>\n<p>In questo momento grave di pandemia, la Fondazione E\u2019 stato il Vento chiede con insistenza che questa crisi non venga di nuovo pagata, oltre che dai cittadini italiani, anche dagli ultimi della nostra societ\u00e0, che hanno gi\u00e0 sofferto abbastanza.<\/p>\n","protected":false},"excerpt":{"rendered":"<p>Il nostro \u00e8 un appello che lanciamo come Fondazione E\u2019 Stato il Vento, che in questi mesi ha tentato di sostenere il Sogno di Domenico Lucano perch\u00e9 Riace continui ad essere il \u201cpaese dell\u2019accoglienza\u201d. In questi giorni amari per l\u2019espandersi&hellip;<\/p>\n","protected":false},"author":594,"featured_media":1062457,"comment_status":"closed","ping_status":"closed","sticky":false,"template":"","format":"standard","meta":{"footnotes":""},"categories":[150,60,52,1259],"tags":[72640,72641,72143,53465,48886,29215,7212,745,49605],"class_list":["post-1062456","post","type-post","status-publish","format-standard","has-post-thumbnail","hentry","category-comunicati-stampa","category-diritti-umani","category-medio-oriente","category-salute-argomento","tag-carcerati","tag-drcreti-sicurezza","tag-emergenza-coronavirus","tag-fondazione-e-stato-il-vento","tag-mimmo-lucano","tag-riace","tag-richiedenti-asilo","tag-rom","tag-senza-fissa-dimora"],"yoast_head":"<!-- This site is optimized with the Yoast SEO plugin v27.1.1 - https:\/\/yoast.com\/product\/yoast-seo-wordpress\/ -->\n<title>Appello della Fondazione \u201cE\u2019 Stato il Vento\u201d: richiedenti asilo, carcerati, senza fissa dimora e rom non devono pagare cara questa emergenza sanitaria<\/title>\n<meta name=\"description\" content=\"Il nostro \u00e8 un appello che lanciamo come Fondazione E\u2019 Stato il Vento, che in questi mesi ha tentato di sostenere il Sogno di Domenico Lucano perch\u00e9 Riace\" \/>\n<meta name=\"robots\" content=\"index, follow, max-snippet:-1, max-image-preview:large, max-video-preview:-1\" \/>\n<link rel=\"canonical\" href=\"https:\/\/www.pressenza.com\/it\/2020\/03\/appello-della-fondazione-e-stato-il-vento-richiedenti-asilo-carcerati-senza-fissa-dimora-e-rom-non-devono-pagare-cara-questa-emergenza-sanitaria\/\" \/>\n<meta property=\"og:locale\" content=\"it_IT\" \/>\n<meta property=\"og:type\" content=\"article\" \/>\n<meta property=\"og:title\" content=\"Appello della Fondazione \u201cE\u2019 Stato il Vento\u201d: richiedenti asilo, carcerati, senza fissa dimora e rom non devono pagare cara questa emergenza sanitaria\" \/>\n<meta property=\"og:description\" content=\"Il nostro \u00e8 un appello che lanciamo come Fondazione E\u2019 Stato il Vento, che in questi mesi ha tentato di sostenere il Sogno di Domenico Lucano perch\u00e9 Riace\" \/>\n<meta property=\"og:url\" content=\"https:\/\/www.pressenza.com\/it\/2020\/03\/appello-della-fondazione-e-stato-il-vento-richiedenti-asilo-carcerati-senza-fissa-dimora-e-rom-non-devono-pagare-cara-questa-emergenza-sanitaria\/\" \/>\n<meta property=\"og:site_name\" content=\"Pressenza\" \/>\n<meta property=\"article:publisher\" content=\"https:\/\/www.facebook.com\/PressenzaItalia\" \/>\n<meta property=\"article:author\" content=\"https:\/\/www.facebook.com\/PressenzaItalia\" \/>\n<meta property=\"article:published_time\" content=\"2020-03-21T11:31:12+00:00\" \/>\n<meta property=\"article:modified_time\" content=\"2020-03-21T11:35:46+00:00\" \/>\n<meta property=\"og:image\" content=\"https:\/\/www.pressenza.com\/wp-content\/uploads\/2020\/03\/Riace-ombrello.jpg\" \/>\n\t<meta property=\"og:image:width\" content=\"720\" \/>\n\t<meta property=\"og:image:height\" content=\"547\" \/>\n\t<meta property=\"og:image:type\" content=\"image\/jpeg\" \/>\n<meta name=\"author\" content=\"Redazione Italia\" \/>\n<meta name=\"twitter:card\" content=\"summary_large_image\" \/>\n<meta name=\"twitter:creator\" content=\"@pressenza_it\" \/>\n<meta name=\"twitter:site\" content=\"@PressenzaIPA\" \/>\n<meta name=\"twitter:label1\" content=\"Scritto da\" \/>\n\t<meta name=\"twitter:data1\" content=\"Redazione Italia\" \/>\n\t<meta name=\"twitter:label2\" content=\"Tempo di lettura stimato\" \/>\n\t<meta name=\"twitter:data2\" content=\"3 minuti\" \/>\n<script type=\"application\/ld+json\" class=\"yoast-schema-graph\">{\"@context\":\"https:\/\/schema.org\",\"@graph\":[{\"@type\":\"Article\",\"@id\":\"https:\/\/www.pressenza.com\/it\/2020\/03\/appello-della-fondazione-e-stato-il-vento-richiedenti-asilo-carcerati-senza-fissa-dimora-e-rom-non-devono-pagare-cara-questa-emergenza-sanitaria\/#article\",\"isPartOf\":{\"@id\":\"https:\/\/www.pressenza.com\/it\/2020\/03\/appello-della-fondazione-e-stato-il-vento-richiedenti-asilo-carcerati-senza-fissa-dimora-e-rom-non-devono-pagare-cara-questa-emergenza-sanitaria\/\"},\"author\":{\"name\":\"Redazione Italia\",\"@id\":\"https:\/\/www.pressenza.com\/it\/#\/schema\/person\/d983e81827ae24f2c7b1a2123d197f8d\"},\"headline\":\"Appello della Fondazione \u201cE\u2019 Stato il Vento\u201d: richiedenti asilo, carcerati, senza fissa dimora e rom non devono pagare cara questa emergenza sanitaria\",\"datePublished\":\"2020-03-21T11:31:12+00:00\",\"dateModified\":\"2020-03-21T11:35:46+00:00\",\"mainEntityOfPage\":{\"@id\":\"https:\/\/www.pressenza.com\/it\/2020\/03\/appello-della-fondazione-e-stato-il-vento-richiedenti-asilo-carcerati-senza-fissa-dimora-e-rom-non-devono-pagare-cara-questa-emergenza-sanitaria\/\"},\"wordCount\":547,\"publisher\":{\"@id\":\"https:\/\/www.pressenza.com\/it\/#organization\"},\"image\":{\"@id\":\"https:\/\/www.pressenza.com\/it\/2020\/03\/appello-della-fondazione-e-stato-il-vento-richiedenti-asilo-carcerati-senza-fissa-dimora-e-rom-non-devono-pagare-cara-questa-emergenza-sanitaria\/#primaryimage\"},\"thumbnailUrl\":\"https:\/\/www.pressenza.com\/wp-content\/uploads\/2020\/03\/Riace-ombrello.jpg\",\"keywords\":[\"carcerati\",\"drcreti sicurezza\",\"emergenza coronavirus\",\"Fondazione \u201cE\u2019 Stato il Vento\u201d\",\"Mimmo Lucano\",\"Riace\",\"richiedenti asilo\",\"rom\",\"senza fissa dimora\"],\"articleSection\":[\"Comunicati Stampa\",\"Diritti Umani\",\"Medio Oriente\",\"Salute\"],\"inLanguage\":\"it-IT\"},{\"@type\":\"WebPage\",\"@id\":\"https:\/\/www.pressenza.com\/it\/2020\/03\/appello-della-fondazione-e-stato-il-vento-richiedenti-asilo-carcerati-senza-fissa-dimora-e-rom-non-devono-pagare-cara-questa-emergenza-sanitaria\/\",\"url\":\"https:\/\/www.pressenza.com\/it\/2020\/03\/appello-della-fondazione-e-stato-il-vento-richiedenti-asilo-carcerati-senza-fissa-dimora-e-rom-non-devono-pagare-cara-questa-emergenza-sanitaria\/\",\"name\":\"Appello della Fondazione \u201cE\u2019 Stato il Vento\u201d: richiedenti asilo, carcerati, senza fissa dimora e rom non devono pagare cara questa emergenza sanitaria\",\"isPartOf\":{\"@id\":\"https:\/\/www.pressenza.com\/it\/#website\"},\"primaryImageOfPage\":{\"@id\":\"https:\/\/www.pressenza.com\/it\/2020\/03\/appello-della-fondazione-e-stato-il-vento-richiedenti-asilo-carcerati-senza-fissa-dimora-e-rom-non-devono-pagare-cara-questa-emergenza-sanitaria\/#primaryimage\"},\"image\":{\"@id\":\"https:\/\/www.pressenza.com\/it\/2020\/03\/appello-della-fondazione-e-stato-il-vento-richiedenti-asilo-carcerati-senza-fissa-dimora-e-rom-non-devono-pagare-cara-questa-emergenza-sanitaria\/#primaryimage\"},\"thumbnailUrl\":\"https:\/\/www.pressenza.com\/wp-content\/uploads\/2020\/03\/Riace-ombrello.jpg\",\"datePublished\":\"2020-03-21T11:31:12+00:00\",\"dateModified\":\"2020-03-21T11:35:46+00:00\",\"description\":\"Il nostro \u00e8 un appello che lanciamo come Fondazione E\u2019 Stato il Vento, che in questi mesi ha tentato di sostenere il Sogno di Domenico Lucano perch\u00e9 Riace\",\"breadcrumb\":{\"@id\":\"https:\/\/www.pressenza.com\/it\/2020\/03\/appello-della-fondazione-e-stato-il-vento-richiedenti-asilo-carcerati-senza-fissa-dimora-e-rom-non-devono-pagare-cara-questa-emergenza-sanitaria\/#breadcrumb\"},\"inLanguage\":\"it-IT\",\"potentialAction\":[{\"@type\":\"ReadAction\",\"target\":[\"https:\/\/www.pressenza.com\/it\/2020\/03\/appello-della-fondazione-e-stato-il-vento-richiedenti-asilo-carcerati-senza-fissa-dimora-e-rom-non-devono-pagare-cara-questa-emergenza-sanitaria\/\"]}]},{\"@type\":\"ImageObject\",\"inLanguage\":\"it-IT\",\"@id\":\"https:\/\/www.pressenza.com\/it\/2020\/03\/appello-della-fondazione-e-stato-il-vento-richiedenti-asilo-carcerati-senza-fissa-dimora-e-rom-non-devono-pagare-cara-questa-emergenza-sanitaria\/#primaryimage\",\"url\":\"https:\/\/www.pressenza.com\/wp-content\/uploads\/2020\/03\/Riace-ombrello.jpg\",\"contentUrl\":\"https:\/\/www.pressenza.com\/wp-content\/uploads\/2020\/03\/Riace-ombrello.jpg\",\"width\":720,\"height\":547},{\"@type\":\"BreadcrumbList\",\"@id\":\"https:\/\/www.pressenza.com\/it\/2020\/03\/appello-della-fondazione-e-stato-il-vento-richiedenti-asilo-carcerati-senza-fissa-dimora-e-rom-non-devono-pagare-cara-questa-emergenza-sanitaria\/#breadcrumb\",\"itemListElement\":[{\"@type\":\"ListItem\",\"position\":1,\"name\":\"Accueil\",\"item\":\"https:\/\/www.pressenza.com\/it\/\"},{\"@type\":\"ListItem\",\"position\":2,\"name\":\"Appello della Fondazione \u201cE\u2019 Stato il Vento\u201d: richiedenti asilo, carcerati, senza fissa dimora e rom non devono pagare cara questa emergenza sanitaria\"}]},{\"@type\":\"WebSite\",\"@id\":\"https:\/\/www.pressenza.com\/it\/#website\",\"url\":\"https:\/\/www.pressenza.com\/it\/\",\"name\":\"Pressenza\",\"description\":\"Agenzia di Stampa Internazionale\",\"publisher\":{\"@id\":\"https:\/\/www.pressenza.com\/it\/#organization\"},\"potentialAction\":[{\"@type\":\"SearchAction\",\"target\":{\"@type\":\"EntryPoint\",\"urlTemplate\":\"https:\/\/www.pressenza.com\/it\/?s={search_term_string}\"},\"query-input\":{\"@type\":\"PropertyValueSpecification\",\"valueRequired\":true,\"valueName\":\"search_term_string\"}}],\"inLanguage\":\"it-IT\"},{\"@type\":\"Organization\",\"@id\":\"https:\/\/www.pressenza.com\/it\/#organization\",\"name\":\"Pressenza\",\"url\":\"https:\/\/www.pressenza.com\/it\/\",\"logo\":{\"@type\":\"ImageObject\",\"inLanguage\":\"it-IT\",\"@id\":\"https:\/\/www.pressenza.com\/it\/#\/schema\/logo\/image\/\",\"url\":\"https:\/\/www.pressenza.com\/wp-content\/uploads\/2022\/10\/pressenza_logo_200x200.jpg\",\"contentUrl\":\"https:\/\/www.pressenza.com\/wp-content\/uploads\/2022\/10\/pressenza_logo_200x200.jpg\",\"width\":200,\"height\":200,\"caption\":\"Pressenza\"},\"image\":{\"@id\":\"https:\/\/www.pressenza.com\/it\/#\/schema\/logo\/image\/\"},\"sameAs\":[\"https:\/\/www.facebook.com\/PressenzaItalia\",\"https:\/\/x.com\/PressenzaIPA\"]},{\"@type\":\"Person\",\"@id\":\"https:\/\/www.pressenza.com\/it\/#\/schema\/person\/d983e81827ae24f2c7b1a2123d197f8d\",\"name\":\"Redazione Italia\",\"description\":\"News from the Pressenza Bureau in Italy\",\"sameAs\":[\"https:\/\/www.pressenza.com\/it\/author\/redazione-italia\/\",\"https:\/\/www.facebook.com\/PressenzaItalia\",\"https:\/\/www.instagram.com\/pressenza_italia\/\",\"https:\/\/x.com\/pressenza_it\",\"https:\/\/www.youtube.com\/channel\/UCSalEIWjE1RSxkwjfftFuqg\"],\"url\":\"https:\/\/www.pressenza.com\/it\/author\/redazione-italia\/\"}]}<\/script>\n<!-- \/ Yoast SEO plugin. -->","yoast_head_json":{"title":"Appello della Fondazione \u201cE\u2019 Stato il Vento\u201d: richiedenti asilo, carcerati, senza fissa dimora e rom non devono pagare cara questa emergenza sanitaria","description":"Il nostro \u00e8 un appello che lanciamo come Fondazione E\u2019 Stato il Vento, che in questi mesi ha tentato di sostenere il Sogno di Domenico Lucano perch\u00e9 Riace","robots":{"index":"index","follow":"follow","max-snippet":"max-snippet:-1","max-image-preview":"max-image-preview:large","max-video-preview":"max-video-preview:-1"},"canonical":"https:\/\/www.pressenza.com\/it\/2020\/03\/appello-della-fondazione-e-stato-il-vento-richiedenti-asilo-carcerati-senza-fissa-dimora-e-rom-non-devono-pagare-cara-questa-emergenza-sanitaria\/","og_locale":"it_IT","og_type":"article","og_title":"Appello della Fondazione \u201cE\u2019 Stato il Vento\u201d: richiedenti asilo, carcerati, senza fissa dimora e rom non devono pagare cara questa emergenza sanitaria","og_description":"Il nostro \u00e8 un appello che lanciamo come Fondazione E\u2019 Stato il Vento, che in questi mesi ha tentato di sostenere il Sogno di Domenico Lucano perch\u00e9 Riace","og_url":"https:\/\/www.pressenza.com\/it\/2020\/03\/appello-della-fondazione-e-stato-il-vento-richiedenti-asilo-carcerati-senza-fissa-dimora-e-rom-non-devono-pagare-cara-questa-emergenza-sanitaria\/","og_site_name":"Pressenza","article_publisher":"https:\/\/www.facebook.com\/PressenzaItalia","article_author":"https:\/\/www.facebook.com\/PressenzaItalia","article_published_time":"2020-03-21T11:31:12+00:00","article_modified_time":"2020-03-21T11:35:46+00:00","og_image":[{"width":720,"height":547,"url":"https:\/\/www.pressenza.com\/wp-content\/uploads\/2020\/03\/Riace-ombrello.jpg","type":"image\/jpeg"}],"author":"Redazione Italia","twitter_card":"summary_large_image","twitter_creator":"@pressenza_it","twitter_site":"@PressenzaIPA","twitter_misc":{"Scritto da":"Redazione Italia","Tempo di lettura stimato":"3 minuti"},"schema":{"@context":"https:\/\/schema.org","@graph":[{"@type":"Article","@id":"https:\/\/www.pressenza.com\/it\/2020\/03\/appello-della-fondazione-e-stato-il-vento-richiedenti-asilo-carcerati-senza-fissa-dimora-e-rom-non-devono-pagare-cara-questa-emergenza-sanitaria\/#article","isPartOf":{"@id":"https:\/\/www.pressenza.com\/it\/2020\/03\/appello-della-fondazione-e-stato-il-vento-richiedenti-asilo-carcerati-senza-fissa-dimora-e-rom-non-devono-pagare-cara-questa-emergenza-sanitaria\/"},"author":{"name":"Redazione Italia","@id":"https:\/\/www.pressenza.com\/it\/#\/schema\/person\/d983e81827ae24f2c7b1a2123d197f8d"},"headline":"Appello della Fondazione \u201cE\u2019 Stato il Vento\u201d: richiedenti asilo, carcerati, senza fissa dimora e rom non devono pagare cara questa emergenza sanitaria","datePublished":"2020-03-21T11:31:12+00:00","dateModified":"2020-03-21T11:35:46+00:00","mainEntityOfPage":{"@id":"https:\/\/www.pressenza.com\/it\/2020\/03\/appello-della-fondazione-e-stato-il-vento-richiedenti-asilo-carcerati-senza-fissa-dimora-e-rom-non-devono-pagare-cara-questa-emergenza-sanitaria\/"},"wordCount":547,"publisher":{"@id":"https:\/\/www.pressenza.com\/it\/#organization"},"image":{"@id":"https:\/\/www.pressenza.com\/it\/2020\/03\/appello-della-fondazione-e-stato-il-vento-richiedenti-asilo-carcerati-senza-fissa-dimora-e-rom-non-devono-pagare-cara-questa-emergenza-sanitaria\/#primaryimage"},"thumbnailUrl":"https:\/\/www.pressenza.com\/wp-content\/uploads\/2020\/03\/Riace-ombrello.jpg","keywords":["carcerati","drcreti sicurezza","emergenza coronavirus","Fondazione \u201cE\u2019 Stato il Vento\u201d","Mimmo Lucano","Riace","richiedenti asilo","rom","senza fissa dimora"],"articleSection":["Comunicati Stampa","Diritti Umani","Medio Oriente","Salute"],"inLanguage":"it-IT"},{"@type":"WebPage","@id":"https:\/\/www.pressenza.com\/it\/2020\/03\/appello-della-fondazione-e-stato-il-vento-richiedenti-asilo-carcerati-senza-fissa-dimora-e-rom-non-devono-pagare-cara-questa-emergenza-sanitaria\/","url":"https:\/\/www.pressenza.com\/it\/2020\/03\/appello-della-fondazione-e-stato-il-vento-richiedenti-asilo-carcerati-senza-fissa-dimora-e-rom-non-devono-pagare-cara-questa-emergenza-sanitaria\/","name":"Appello della Fondazione \u201cE\u2019 Stato il Vento\u201d: richiedenti asilo, carcerati, senza fissa dimora e rom non devono pagare cara questa emergenza sanitaria","isPartOf":{"@id":"https:\/\/www.pressenza.com\/it\/#website"},"primaryImageOfPage":{"@id":"https:\/\/www.pressenza.com\/it\/2020\/03\/appello-della-fondazione-e-stato-il-vento-richiedenti-asilo-carcerati-senza-fissa-dimora-e-rom-non-devono-pagare-cara-questa-emergenza-sanitaria\/#primaryimage"},"image":{"@id":"https:\/\/www.pressenza.com\/it\/2020\/03\/appello-della-fondazione-e-stato-il-vento-richiedenti-asilo-carcerati-senza-fissa-dimora-e-rom-non-devono-pagare-cara-questa-emergenza-sanitaria\/#primaryimage"},"thumbnailUrl":"https:\/\/www.pressenza.com\/wp-content\/uploads\/2020\/03\/Riace-ombrello.jpg","datePublished":"2020-03-21T11:31:12+00:00","dateModified":"2020-03-21T11:35:46+00:00","description":"Il nostro \u00e8 un appello che lanciamo come Fondazione E\u2019 Stato il Vento, che in questi mesi ha tentato di sostenere il Sogno di Domenico Lucano perch\u00e9 Riace","breadcrumb":{"@id":"https:\/\/www.pressenza.com\/it\/2020\/03\/appello-della-fondazione-e-stato-il-vento-richiedenti-asilo-carcerati-senza-fissa-dimora-e-rom-non-devono-pagare-cara-questa-emergenza-sanitaria\/#breadcrumb"},"inLanguage":"it-IT","potentialAction":[{"@type":"ReadAction","target":["https:\/\/www.pressenza.com\/it\/2020\/03\/appello-della-fondazione-e-stato-il-vento-richiedenti-asilo-carcerati-senza-fissa-dimora-e-rom-non-devono-pagare-cara-questa-emergenza-sanitaria\/"]}]},{"@type":"ImageObject","inLanguage":"it-IT","@id":"https:\/\/www.pressenza.com\/it\/2020\/03\/appello-della-fondazione-e-stato-il-vento-richiedenti-asilo-carcerati-senza-fissa-dimora-e-rom-non-devono-pagare-cara-questa-emergenza-sanitaria\/#primaryimage","url":"https:\/\/www.pressenza.com\/wp-content\/uploads\/2020\/03\/Riace-ombrello.jpg","contentUrl":"https:\/\/www.pressenza.com\/wp-content\/uploads\/2020\/03\/Riace-ombrello.jpg","width":720,"height":547},{"@type":"BreadcrumbList","@id":"https:\/\/www.pressenza.com\/it\/2020\/03\/appello-della-fondazione-e-stato-il-vento-richiedenti-asilo-carcerati-senza-fissa-dimora-e-rom-non-devono-pagare-cara-questa-emergenza-sanitaria\/#breadcrumb","itemListElement":[{"@type":"ListItem","position":1,"name":"Accueil","item":"https:\/\/www.pressenza.com\/it\/"},{"@type":"ListItem","position":2,"name":"Appello della Fondazione \u201cE\u2019 Stato il Vento\u201d: richiedenti asilo, carcerati, senza fissa dimora e rom non devono pagare cara questa emergenza sanitaria"}]},{"@type":"WebSite","@id":"https:\/\/www.pressenza.com\/it\/#website","url":"https:\/\/www.pressenza.com\/it\/","name":"Pressenza","description":"Agenzia di Stampa Internazionale","publisher":{"@id":"https:\/\/www.pressenza.com\/it\/#organization"},"potentialAction":[{"@type":"SearchAction","target":{"@type":"EntryPoint","urlTemplate":"https:\/\/www.pressenza.com\/it\/?s={search_term_string}"},"query-input":{"@type":"PropertyValueSpecification","valueRequired":true,"valueName":"search_term_string"}}],"inLanguage":"it-IT"},{"@type":"Organization","@id":"https:\/\/www.pressenza.com\/it\/#organization","name":"Pressenza","url":"https:\/\/www.pressenza.com\/it\/","logo":{"@type":"ImageObject","inLanguage":"it-IT","@id":"https:\/\/www.pressenza.com\/it\/#\/schema\/logo\/image\/","url":"https:\/\/www.pressenza.com\/wp-content\/uploads\/2022\/10\/pressenza_logo_200x200.jpg","contentUrl":"https:\/\/www.pressenza.com\/wp-content\/uploads\/2022\/10\/pressenza_logo_200x200.jpg","width":200,"height":200,"caption":"Pressenza"},"image":{"@id":"https:\/\/www.pressenza.com\/it\/#\/schema\/logo\/image\/"},"sameAs":["https:\/\/www.facebook.com\/PressenzaItalia","https:\/\/x.com\/PressenzaIPA"]},{"@type":"Person","@id":"https:\/\/www.pressenza.com\/it\/#\/schema\/person\/d983e81827ae24f2c7b1a2123d197f8d","name":"Redazione Italia","description":"News from the Pressenza Bureau in Italy","sameAs":["https:\/\/www.pressenza.com\/it\/author\/redazione-italia\/","https:\/\/www.facebook.com\/PressenzaItalia","https:\/\/www.instagram.com\/pressenza_italia\/","https:\/\/x.com\/pressenza_it","https:\/\/www.youtube.com\/channel\/UCSalEIWjE1RSxkwjfftFuqg"],"url":"https:\/\/www.pressenza.com\/it\/author\/redazione-italia\/"}]}},"place":"","original_article_url":"","_links":{"self":[{"href":"https:\/\/www.pressenza.com\/it\/wp-json\/wp\/v2\/posts\/1062456","targetHints":{"allow":["GET"]}}],"collection":[{"href":"https:\/\/www.pressenza.com\/it\/wp-json\/wp\/v2\/posts"}],"about":[{"href":"https:\/\/www.pressenza.com\/it\/wp-json\/wp\/v2\/types\/post"}],"author":[{"embeddable":true,"href":"https:\/\/www.pressenza.com\/it\/wp-json\/wp\/v2\/users\/594"}],"replies":[{"embeddable":true,"href":"https:\/\/www.pressenza.com\/it\/wp-json\/wp\/v2\/comments?post=1062456"}],"version-history":[{"count":0,"href":"https:\/\/www.pressenza.com\/it\/wp-json\/wp\/v2\/posts\/1062456\/revisions"}],"wp:featuredmedia":[{"embeddable":true,"href":"https:\/\/www.pressenza.com\/it\/wp-json\/wp\/v2\/media\/1062457"}],"wp:attachment":[{"href":"https:\/\/www.pressenza.com\/it\/wp-json\/wp\/v2\/media?parent=1062456"}],"wp:term":[{"taxonomy":"category","embeddable":true,"href":"https:\/\/www.pressenza.com\/it\/wp-json\/wp\/v2\/categories?post=1062456"},{"taxonomy":"post_tag","embeddable":true,"href":"https:\/\/www.pressenza.com\/it\/wp-json\/wp\/v2\/tags?post=1062456"}],"curies":[{"name":"wp","href":"https:\/\/api.w.org\/{rel}","templated":true}]}}