{"id":1060885,"date":"2020-03-18T18:09:18","date_gmt":"2020-03-18T18:09:18","guid":{"rendered":"https:\/\/www.pressenza.com\/?p=1060885"},"modified":"2020-03-22T14:32:46","modified_gmt":"2020-03-22T14:32:46","slug":"andra-tutto-bene","status":"publish","type":"post","link":"https:\/\/www.pressenza.com\/it\/2020\/03\/andra-tutto-bene\/","title":{"rendered":"Andr\u00e0 tutto bene?"},"content":{"rendered":"<p>\u201cAndr\u00e0 tutto bene\u201d. Certo che andr\u00e0 tutto bene, la scienza ma anche le misure contenitive (che non mi convincono anche se come tutti le rispetto) emanate dal governo potrebbero dare presto i loro risultati e noi torneremo alla vita di tutti i giorni, alla \u201cnormalit\u00e0\u201d. Quando? Ecco, nessuno lo sa, come nessuno sa se dopo il Covid 19 potrebbe arrivare il 20, il 21, il 22 e chi pi\u00f9 ne ha, pi\u00f9 ne metta. E gi\u00e0, perch\u00e9 il Coronavirus la cui pericolosit\u00e0 ci \u00e8 stata spiegata (pi\u00f9 male che bene) in tutte le salse da esperti, politici e imbonitori vari, nessuno sa se sar\u00e0 l\u2019ultimo anzi, nessuno crede che sar\u00e0 l\u2019ultimo. Giacch\u00e9, al di l\u00e0 delle emergenze del momento, nessuno, negli ultimi trenta o forse cento o mille anni, nonostante di epidemie\/pandemie ne abbiamo contate a bizzeffe (Peste, Colera, Spagnola, Asiatica, Hong Kong, H1N1, H2N2, H3N2 ecc.), ha cambiato o modificato le realt\u00e0 che permettono a questi virus di svilupparsi e replicarsi.<\/p>\n<p>Nessuno ha abbandonato abitudini alimentari esecrabili, nessun governo ha mai preso sul serio la lotta ai cambiamenti climatici, nessuno ha approntato piani mondiali di emergenza ma tutto \u00e8 rimasto improvvisato, lasciato al caso, alla fortuna, alla speranza dell\u2019ennesimo vaccino, alla fiducia cieca nella scienza, alle \u201ccapacit\u00e0\u201d della societ\u00e0 moderna e pure agli egoismi locali (il caso delle mascherine \u00e8 emblematico, ma anche il brevetto del vaccino tedesco che vorrebbe Trump).<\/p>\n<p>E\u2019 ovvio che la storia non insegna nulla cos\u00ec come la giustizia non persegue mai i responsabili di tali disastri e di tante morti. Che ci sono e sono chiari. Sono le grandi corporazioni dell\u2019alimentazione che indirizzano le scelte alimentari di miliardi di persone, sono le industrie farmaceutiche che non investono preventivamente su medicinali di largo benessere, sono le multinazionali che distruggono l\u2019ambiente con i disboscamenti per il legname, i grandi allevamenti o con le sementi transgeniche, impoverendo la biodiversit\u00e0, sono i politici che non indirizzano verso le esigenze collettive e come da noi tagliano i posti letto negli ospedale pubblici a favore della sanit\u00e0 privata, tolgono fondi ai ricercatori, non assumono medici e infermieri e sono ostaggi delle baronie della medicina; sono gli intellettuali e la cultura occidentale che hanno abdicato al ruolo di indirizzo, guida, conoscenza, riflessione.<\/p>\n<p><a name=\"_GoBack\"><\/a> Andr\u00e0 tutto bene certo, ma se non cambiamo il sistema mondiale, se non anteponiamo il bene e l\u2019interesse comune a quello individuale, sar\u00e0 per poco e comunque fino alla prossima emergenza che potr\u00e0 essere sanitaria, ma anche climatica, sociale, migratoria, alimentare che sommate insieme possono diventare militari e, questo manco a dirlo, anche se ce lo ripetiamo, lo cantiamo o lo declamiamo in versi con la retorica patriottica del momento, non ci convince per nulla.<\/p>\n","protected":false},"excerpt":{"rendered":"<p>\u201cAndr\u00e0 tutto bene\u201d. Certo che andr\u00e0 tutto bene, la scienza ma anche le misure contenitive (che non mi convincono anche se come tutti le rispetto) emanate dal governo potrebbero dare presto i loro risultati e noi torneremo alla vita di&hellip;<\/p>\n","protected":false},"author":1779,"featured_media":1060893,"comment_status":"closed","ping_status":"closed","sticky":false,"template":"","format":"standard","meta":{"footnotes":""},"categories":[11388,162,57],"tags":[72519,70348,30309],"class_list":["post-1060885","post","type-post","status-publish","format-standard","has-post-thumbnail","hentry","category-contenuti-originali","category-opinioni","category-affari-esteri","tag-andra-tutto-bene","tag-coronavirus-it","tag-responsabilita"],"yoast_head":"<!-- This site is optimized with the Yoast SEO plugin v27.1.1 - https:\/\/yoast.com\/product\/yoast-seo-wordpress\/ -->\n<title>Andr\u00e0 tutto bene?<\/title>\n<meta name=\"description\" content=\"\u201cAndr\u00e0 tutto bene\u201d. Certo che andr\u00e0 tutto bene, la scienza ma anche le misure contenitive (che non mi convincono anche se come tutti le rispetto) emanate\" \/>\n<meta name=\"robots\" content=\"index, follow, max-snippet:-1, max-image-preview:large, max-video-preview:-1\" \/>\n<link rel=\"canonical\" href=\"https:\/\/www.pressenza.com\/it\/2020\/03\/andra-tutto-bene\/\" \/>\n<meta property=\"og:locale\" content=\"it_IT\" \/>\n<meta property=\"og:type\" content=\"article\" \/>\n<meta property=\"og:title\" content=\"Andr\u00e0 tutto bene?\" \/>\n<meta property=\"og:description\" content=\"\u201cAndr\u00e0 tutto bene\u201d. Certo che andr\u00e0 tutto bene, la scienza ma anche le misure contenitive (che non mi convincono anche se come tutti le rispetto) emanate\" \/>\n<meta property=\"og:url\" content=\"https:\/\/www.pressenza.com\/it\/2020\/03\/andra-tutto-bene\/\" \/>\n<meta property=\"og:site_name\" content=\"Pressenza\" \/>\n<meta property=\"article:publisher\" content=\"https:\/\/www.facebook.com\/PressenzaItalia\" \/>\n<meta property=\"article:published_time\" content=\"2020-03-18T18:09:18+00:00\" \/>\n<meta property=\"article:modified_time\" content=\"2020-03-22T14:32:46+00:00\" \/>\n<meta property=\"og:image\" content=\"https:\/\/www.pressenza.com\/wp-content\/uploads\/2020\/03\/andra.tutto_.bene_.750x450.jpg\" \/>\n\t<meta property=\"og:image:width\" content=\"750\" \/>\n\t<meta property=\"og:image:height\" content=\"450\" \/>\n\t<meta property=\"og:image:type\" content=\"image\/jpeg\" \/>\n<meta name=\"author\" content=\"Umberto Fausto Silvestri\" \/>\n<meta name=\"twitter:card\" content=\"summary_large_image\" \/>\n<meta name=\"twitter:creator\" content=\"@PressenzaIPA\" \/>\n<meta name=\"twitter:site\" content=\"@PressenzaIPA\" \/>\n<meta name=\"twitter:label1\" content=\"Scritto da\" \/>\n\t<meta name=\"twitter:data1\" content=\"Umberto Fausto Silvestri\" \/>\n\t<meta name=\"twitter:label2\" content=\"Tempo di lettura stimato\" \/>\n\t<meta name=\"twitter:data2\" content=\"2 minuti\" \/>\n<script type=\"application\/ld+json\" class=\"yoast-schema-graph\">{\"@context\":\"https:\/\/schema.org\",\"@graph\":[{\"@type\":\"Article\",\"@id\":\"https:\/\/www.pressenza.com\/it\/2020\/03\/andra-tutto-bene\/#article\",\"isPartOf\":{\"@id\":\"https:\/\/www.pressenza.com\/it\/2020\/03\/andra-tutto-bene\/\"},\"author\":{\"name\":\"Umberto Fausto Silvestri\",\"@id\":\"https:\/\/www.pressenza.com\/it\/#\/schema\/person\/7d5c54aeb52c19ec42a3f0a0f028d716\"},\"headline\":\"Andr\u00e0 tutto bene?\",\"datePublished\":\"2020-03-18T18:09:18+00:00\",\"dateModified\":\"2020-03-22T14:32:46+00:00\",\"mainEntityOfPage\":{\"@id\":\"https:\/\/www.pressenza.com\/it\/2020\/03\/andra-tutto-bene\/\"},\"wordCount\":452,\"publisher\":{\"@id\":\"https:\/\/www.pressenza.com\/it\/#organization\"},\"image\":{\"@id\":\"https:\/\/www.pressenza.com\/it\/2020\/03\/andra-tutto-bene\/#primaryimage\"},\"thumbnailUrl\":\"https:\/\/www.pressenza.com\/wp-content\/uploads\/2020\/03\/andra.tutto_.bene_.750x450.jpg\",\"keywords\":[\"andr\u00e0 tutto bene\",\"coronavirus\",\"responsabilit\u00e0\"],\"articleSection\":[\"contenuti originali\",\"Opinioni\",\"Questioni internazionali\"],\"inLanguage\":\"it-IT\"},{\"@type\":\"WebPage\",\"@id\":\"https:\/\/www.pressenza.com\/it\/2020\/03\/andra-tutto-bene\/\",\"url\":\"https:\/\/www.pressenza.com\/it\/2020\/03\/andra-tutto-bene\/\",\"name\":\"Andr\u00e0 tutto bene?\",\"isPartOf\":{\"@id\":\"https:\/\/www.pressenza.com\/it\/#website\"},\"primaryImageOfPage\":{\"@id\":\"https:\/\/www.pressenza.com\/it\/2020\/03\/andra-tutto-bene\/#primaryimage\"},\"image\":{\"@id\":\"https:\/\/www.pressenza.com\/it\/2020\/03\/andra-tutto-bene\/#primaryimage\"},\"thumbnailUrl\":\"https:\/\/www.pressenza.com\/wp-content\/uploads\/2020\/03\/andra.tutto_.bene_.750x450.jpg\",\"datePublished\":\"2020-03-18T18:09:18+00:00\",\"dateModified\":\"2020-03-22T14:32:46+00:00\",\"description\":\"\u201cAndr\u00e0 tutto bene\u201d. Certo che andr\u00e0 tutto bene, la scienza ma anche le misure contenitive (che non mi convincono anche se come tutti le rispetto) emanate\",\"breadcrumb\":{\"@id\":\"https:\/\/www.pressenza.com\/it\/2020\/03\/andra-tutto-bene\/#breadcrumb\"},\"inLanguage\":\"it-IT\",\"potentialAction\":[{\"@type\":\"ReadAction\",\"target\":[\"https:\/\/www.pressenza.com\/it\/2020\/03\/andra-tutto-bene\/\"]}]},{\"@type\":\"ImageObject\",\"inLanguage\":\"it-IT\",\"@id\":\"https:\/\/www.pressenza.com\/it\/2020\/03\/andra-tutto-bene\/#primaryimage\",\"url\":\"https:\/\/www.pressenza.com\/wp-content\/uploads\/2020\/03\/andra.tutto_.bene_.750x450.jpg\",\"contentUrl\":\"https:\/\/www.pressenza.com\/wp-content\/uploads\/2020\/03\/andra.tutto_.bene_.750x450.jpg\",\"width\":750,\"height\":450},{\"@type\":\"BreadcrumbList\",\"@id\":\"https:\/\/www.pressenza.com\/it\/2020\/03\/andra-tutto-bene\/#breadcrumb\",\"itemListElement\":[{\"@type\":\"ListItem\",\"position\":1,\"name\":\"Accueil\",\"item\":\"https:\/\/www.pressenza.com\/it\/\"},{\"@type\":\"ListItem\",\"position\":2,\"name\":\"Andr\u00e0 tutto bene?\"}]},{\"@type\":\"WebSite\",\"@id\":\"https:\/\/www.pressenza.com\/it\/#website\",\"url\":\"https:\/\/www.pressenza.com\/it\/\",\"name\":\"Pressenza\",\"description\":\"Agenzia di Stampa Internazionale\",\"publisher\":{\"@id\":\"https:\/\/www.pressenza.com\/it\/#organization\"},\"potentialAction\":[{\"@type\":\"SearchAction\",\"target\":{\"@type\":\"EntryPoint\",\"urlTemplate\":\"https:\/\/www.pressenza.com\/it\/?s={search_term_string}\"},\"query-input\":{\"@type\":\"PropertyValueSpecification\",\"valueRequired\":true,\"valueName\":\"search_term_string\"}}],\"inLanguage\":\"it-IT\"},{\"@type\":\"Organization\",\"@id\":\"https:\/\/www.pressenza.com\/it\/#organization\",\"name\":\"Pressenza\",\"url\":\"https:\/\/www.pressenza.com\/it\/\",\"logo\":{\"@type\":\"ImageObject\",\"inLanguage\":\"it-IT\",\"@id\":\"https:\/\/www.pressenza.com\/it\/#\/schema\/logo\/image\/\",\"url\":\"https:\/\/www.pressenza.com\/wp-content\/uploads\/2022\/10\/pressenza_logo_200x200.jpg\",\"contentUrl\":\"https:\/\/www.pressenza.com\/wp-content\/uploads\/2022\/10\/pressenza_logo_200x200.jpg\",\"width\":200,\"height\":200,\"caption\":\"Pressenza\"},\"image\":{\"@id\":\"https:\/\/www.pressenza.com\/it\/#\/schema\/logo\/image\/\"},\"sameAs\":[\"https:\/\/www.facebook.com\/PressenzaItalia\",\"https:\/\/x.com\/PressenzaIPA\"]},{\"@type\":\"Person\",\"@id\":\"https:\/\/www.pressenza.com\/it\/#\/schema\/person\/7d5c54aeb52c19ec42a3f0a0f028d716\",\"name\":\"Umberto Fausto Silvestri\",\"description\":\"Giornalista, Scrittore, Manager sportivo. E' stato operaio, Funzionario pubblico, Sindacalista, Atleta, Dirigente di numerose associazioni sociali e sportive, Organizzatore di manifestazioni sportive di massa, Consigliere speciale Fao per i giovani. Attualmente \u00e8 il Delegato romano del Comitato Nazionale Fair Play.\",\"url\":\"https:\/\/www.pressenza.com\/it\/author\/umberto-silvestri\/\"}]}<\/script>\n<!-- \/ Yoast SEO plugin. -->","yoast_head_json":{"title":"Andr\u00e0 tutto bene?","description":"\u201cAndr\u00e0 tutto bene\u201d. Certo che andr\u00e0 tutto bene, la scienza ma anche le misure contenitive (che non mi convincono anche se come tutti le rispetto) emanate","robots":{"index":"index","follow":"follow","max-snippet":"max-snippet:-1","max-image-preview":"max-image-preview:large","max-video-preview":"max-video-preview:-1"},"canonical":"https:\/\/www.pressenza.com\/it\/2020\/03\/andra-tutto-bene\/","og_locale":"it_IT","og_type":"article","og_title":"Andr\u00e0 tutto bene?","og_description":"\u201cAndr\u00e0 tutto bene\u201d. Certo che andr\u00e0 tutto bene, la scienza ma anche le misure contenitive (che non mi convincono anche se come tutti le rispetto) emanate","og_url":"https:\/\/www.pressenza.com\/it\/2020\/03\/andra-tutto-bene\/","og_site_name":"Pressenza","article_publisher":"https:\/\/www.facebook.com\/PressenzaItalia","article_published_time":"2020-03-18T18:09:18+00:00","article_modified_time":"2020-03-22T14:32:46+00:00","og_image":[{"width":750,"height":450,"url":"https:\/\/www.pressenza.com\/wp-content\/uploads\/2020\/03\/andra.tutto_.bene_.750x450.jpg","type":"image\/jpeg"}],"author":"Umberto Fausto Silvestri","twitter_card":"summary_large_image","twitter_creator":"@PressenzaIPA","twitter_site":"@PressenzaIPA","twitter_misc":{"Scritto da":"Umberto Fausto Silvestri","Tempo di lettura stimato":"2 minuti"},"schema":{"@context":"https:\/\/schema.org","@graph":[{"@type":"Article","@id":"https:\/\/www.pressenza.com\/it\/2020\/03\/andra-tutto-bene\/#article","isPartOf":{"@id":"https:\/\/www.pressenza.com\/it\/2020\/03\/andra-tutto-bene\/"},"author":{"name":"Umberto Fausto Silvestri","@id":"https:\/\/www.pressenza.com\/it\/#\/schema\/person\/7d5c54aeb52c19ec42a3f0a0f028d716"},"headline":"Andr\u00e0 tutto bene?","datePublished":"2020-03-18T18:09:18+00:00","dateModified":"2020-03-22T14:32:46+00:00","mainEntityOfPage":{"@id":"https:\/\/www.pressenza.com\/it\/2020\/03\/andra-tutto-bene\/"},"wordCount":452,"publisher":{"@id":"https:\/\/www.pressenza.com\/it\/#organization"},"image":{"@id":"https:\/\/www.pressenza.com\/it\/2020\/03\/andra-tutto-bene\/#primaryimage"},"thumbnailUrl":"https:\/\/www.pressenza.com\/wp-content\/uploads\/2020\/03\/andra.tutto_.bene_.750x450.jpg","keywords":["andr\u00e0 tutto bene","coronavirus","responsabilit\u00e0"],"articleSection":["contenuti originali","Opinioni","Questioni internazionali"],"inLanguage":"it-IT"},{"@type":"WebPage","@id":"https:\/\/www.pressenza.com\/it\/2020\/03\/andra-tutto-bene\/","url":"https:\/\/www.pressenza.com\/it\/2020\/03\/andra-tutto-bene\/","name":"Andr\u00e0 tutto bene?","isPartOf":{"@id":"https:\/\/www.pressenza.com\/it\/#website"},"primaryImageOfPage":{"@id":"https:\/\/www.pressenza.com\/it\/2020\/03\/andra-tutto-bene\/#primaryimage"},"image":{"@id":"https:\/\/www.pressenza.com\/it\/2020\/03\/andra-tutto-bene\/#primaryimage"},"thumbnailUrl":"https:\/\/www.pressenza.com\/wp-content\/uploads\/2020\/03\/andra.tutto_.bene_.750x450.jpg","datePublished":"2020-03-18T18:09:18+00:00","dateModified":"2020-03-22T14:32:46+00:00","description":"\u201cAndr\u00e0 tutto bene\u201d. Certo che andr\u00e0 tutto bene, la scienza ma anche le misure contenitive (che non mi convincono anche se come tutti le rispetto) emanate","breadcrumb":{"@id":"https:\/\/www.pressenza.com\/it\/2020\/03\/andra-tutto-bene\/#breadcrumb"},"inLanguage":"it-IT","potentialAction":[{"@type":"ReadAction","target":["https:\/\/www.pressenza.com\/it\/2020\/03\/andra-tutto-bene\/"]}]},{"@type":"ImageObject","inLanguage":"it-IT","@id":"https:\/\/www.pressenza.com\/it\/2020\/03\/andra-tutto-bene\/#primaryimage","url":"https:\/\/www.pressenza.com\/wp-content\/uploads\/2020\/03\/andra.tutto_.bene_.750x450.jpg","contentUrl":"https:\/\/www.pressenza.com\/wp-content\/uploads\/2020\/03\/andra.tutto_.bene_.750x450.jpg","width":750,"height":450},{"@type":"BreadcrumbList","@id":"https:\/\/www.pressenza.com\/it\/2020\/03\/andra-tutto-bene\/#breadcrumb","itemListElement":[{"@type":"ListItem","position":1,"name":"Accueil","item":"https:\/\/www.pressenza.com\/it\/"},{"@type":"ListItem","position":2,"name":"Andr\u00e0 tutto bene?"}]},{"@type":"WebSite","@id":"https:\/\/www.pressenza.com\/it\/#website","url":"https:\/\/www.pressenza.com\/it\/","name":"Pressenza","description":"Agenzia di Stampa Internazionale","publisher":{"@id":"https:\/\/www.pressenza.com\/it\/#organization"},"potentialAction":[{"@type":"SearchAction","target":{"@type":"EntryPoint","urlTemplate":"https:\/\/www.pressenza.com\/it\/?s={search_term_string}"},"query-input":{"@type":"PropertyValueSpecification","valueRequired":true,"valueName":"search_term_string"}}],"inLanguage":"it-IT"},{"@type":"Organization","@id":"https:\/\/www.pressenza.com\/it\/#organization","name":"Pressenza","url":"https:\/\/www.pressenza.com\/it\/","logo":{"@type":"ImageObject","inLanguage":"it-IT","@id":"https:\/\/www.pressenza.com\/it\/#\/schema\/logo\/image\/","url":"https:\/\/www.pressenza.com\/wp-content\/uploads\/2022\/10\/pressenza_logo_200x200.jpg","contentUrl":"https:\/\/www.pressenza.com\/wp-content\/uploads\/2022\/10\/pressenza_logo_200x200.jpg","width":200,"height":200,"caption":"Pressenza"},"image":{"@id":"https:\/\/www.pressenza.com\/it\/#\/schema\/logo\/image\/"},"sameAs":["https:\/\/www.facebook.com\/PressenzaItalia","https:\/\/x.com\/PressenzaIPA"]},{"@type":"Person","@id":"https:\/\/www.pressenza.com\/it\/#\/schema\/person\/7d5c54aeb52c19ec42a3f0a0f028d716","name":"Umberto Fausto Silvestri","description":"Giornalista, Scrittore, Manager sportivo. E' stato operaio, Funzionario pubblico, Sindacalista, Atleta, Dirigente di numerose associazioni sociali e sportive, Organizzatore di manifestazioni sportive di massa, Consigliere speciale Fao per i giovani. Attualmente \u00e8 il Delegato romano del Comitato Nazionale Fair Play.","url":"https:\/\/www.pressenza.com\/it\/author\/umberto-silvestri\/"}]}},"place":"Umberto Silvestri, Roma","original_article_url":"","_links":{"self":[{"href":"https:\/\/www.pressenza.com\/it\/wp-json\/wp\/v2\/posts\/1060885","targetHints":{"allow":["GET"]}}],"collection":[{"href":"https:\/\/www.pressenza.com\/it\/wp-json\/wp\/v2\/posts"}],"about":[{"href":"https:\/\/www.pressenza.com\/it\/wp-json\/wp\/v2\/types\/post"}],"author":[{"embeddable":true,"href":"https:\/\/www.pressenza.com\/it\/wp-json\/wp\/v2\/users\/1779"}],"replies":[{"embeddable":true,"href":"https:\/\/www.pressenza.com\/it\/wp-json\/wp\/v2\/comments?post=1060885"}],"version-history":[{"count":0,"href":"https:\/\/www.pressenza.com\/it\/wp-json\/wp\/v2\/posts\/1060885\/revisions"}],"wp:featuredmedia":[{"embeddable":true,"href":"https:\/\/www.pressenza.com\/it\/wp-json\/wp\/v2\/media\/1060893"}],"wp:attachment":[{"href":"https:\/\/www.pressenza.com\/it\/wp-json\/wp\/v2\/media?parent=1060885"}],"wp:term":[{"taxonomy":"category","embeddable":true,"href":"https:\/\/www.pressenza.com\/it\/wp-json\/wp\/v2\/categories?post=1060885"},{"taxonomy":"post_tag","embeddable":true,"href":"https:\/\/www.pressenza.com\/it\/wp-json\/wp\/v2\/tags?post=1060885"}],"curies":[{"name":"wp","href":"https:\/\/api.w.org\/{rel}","templated":true}]}}