{"id":1056239,"date":"2020-03-11T12:48:11","date_gmt":"2020-03-11T12:48:11","guid":{"rendered":"https:\/\/www.pressenza.com\/?p=1056239"},"modified":"2020-03-11T17:45:46","modified_gmt":"2020-03-11T17:45:46","slug":"coronavirus-le-decisioni-del-governo-sono-piu-pericolose-dellinfluenza","status":"publish","type":"post","link":"https:\/\/www.pressenza.com\/it\/2020\/03\/coronavirus-le-decisioni-del-governo-sono-piu-pericolose-dellinfluenza\/","title":{"rendered":"Coronavirus : Le decisioni del governo sono pi\u00f9 pericolose dell\u2019influenza ?"},"content":{"rendered":"<p>Puoi, anzi devi lavorare e produrre, puoi andare per negozi e consumare, per\u00f2 devi restare chiuso in casa. Questa, di fatto, \u00e8 la situazione in cui sono stati catapultati gli italiani dopo <strong><a href=\"https:\/\/www.interno.gov.it\/it\/sala-stampa\/comunicati-stampa\/direttiva-prefetti-lattuazione-dei-controlli-nelle-aree-contenimento-rafforzato\" target=\"_blank\" rel=\"noreferrer noopener\" aria-label=\"il diktat del presidente del Consiglio dei ministri Giuseppe Conte (apre in una nuova scheda)\">il diktat del presidente del Consiglio dei ministri Giuseppe Conte<\/a><\/strong> [1], subito applaudito dai partiti dell\u2019estrema destra nazionale per la quale la \u201c<em>libert\u00e0 individuale<\/em>\u201d non \u00e8 un valore.<\/p>\n<p>\u00ab <em>\u00c8 possibile uscire da casa solo per situazioni emergenziali e per andare al lavoro, sicuramente<\/em> <strong>non per passeggiare<\/strong> <em>o altre cose che non sono strettamente necessarie. Gi\u00e0 oggi abbiamo fatto dei controlli con l\u2019intento di fare comprendere ai cittadini che non possono usare l\u2019auto per fare una semplice passeggiata<\/em> \u00bb.<\/p>\n<p>In sintesi \u00e8 quanto ha voluto farci sapere con le sue dichiarazioni, riportate dall\u2019<a href=\"https:\/\/www.telesudweb.it\/2020\/03\/10\/mobilita-limitata-mario-bosco-spostamenti-solo-per-necessita\/\" target=\"_blank\" rel=\"noreferrer noopener\" aria-label=\"emittente Telesud  (apre in una nuova scheda)\"><strong>emittente Telesud<\/strong> <\/a>[2], il <strong>Comandante della Polizia Municipale di Trapani<\/strong>, il signor Commissario Mario Bosco.<\/p>\n<p>Questo \u00e8 <strong>rispetto delle libert\u00e0 costituzionali ? <\/strong><\/p>\n<h2><strong>La quarantena degli italiani voluta dal premier Conte \u00e8 Costituzionale ?<\/strong><\/h2>\n<p><strong><a href=\"https:\/\/www.senato.it\/documenti\/repository\/istituzione\/costituzione.pdf\" target=\"_blank\" rel=\"noreferrer noopener\" aria-label=\"La Costituzione Italiana (apre in una nuova scheda)\">La Costituzione Italiana<\/a><\/strong> [3], all\u2019articolo 16, stabilisce che ogni cittadino pu\u00f2 \u00ab <strong>circolare e soggiornare liberamente<\/strong> <em>in qualsiasi parte del territorio nazionale<\/em> \u00bb e che \u00ab <em>ogni cittadino \u00e8 libero di uscire dal territorio della Repubblica e di rientrarvi<\/em> \u00bb.<br \/>\nAncora all\u2019articolo 17 : \u00ab <strong>i cittadini hanno diritto di riunirsi<\/strong> <em>pacificamente e senz\u2019armi <\/em>\u00bb, senza dimenticare l\u2019articolo 30: \u00ab <em>\u00e8 dovere e diritto dei genitori mantenere, istruire ed educare i figli<\/em> \u00bb.<\/p>\n<p>Questi diritti non sono stati abrogati, ma attualmente restano \u201c<em>sospesi<\/em>\u201d.<\/p>\n<p>E\u2019 sospesa:<\/p>\n<ul>\n<li><strong>la libert\u00e0 di lasciare il proprio comune e l\u2019Italia<\/strong>;<\/li>\n<li><strong>la libert\u00e0 di riunione<\/strong>;<\/li>\n<li>ai genitori separati il diritto di recarsi dai propri figli minori per svolgere il proprio diritto \/ dovere di educarli.<\/li>\n<\/ul>\n<p>Vero \u00e8 che la stessa Costituzione prevede i casi in cui tali diritti possono essere limitati, ma siamo certi che le attuali condizioni legittimino suddette estreme limitazioni, attualmente imposte ?<\/p>\n<p>Questo potrebbe essere <strong>un pericoloso precedente qualora le estreme destre vincessero le prossime elezioni nazionali ?<\/strong><\/p>\n<h2><strong>Il Belgio non copia dall\u2019Italia : qui decisioni lucide ed equilibrate, senza \u201cfumo negli occhi\u201d<\/strong><\/h2>\n<p><strong>In Belgio<\/strong>, per esempio, pensano che quel che facciamo noi non sia legittimo, tanto da non copiarlo nel loro Paese.<\/p>\n<p>Anche l\u00ec si \u00e8 diffuso quel virus che fa paura agli italiani, ma <strong>il governo belga ha deciso di non amplificare la paura<\/strong> latente o presente, forse pure terrore, e pure i giornali non cavalcano l\u2019onda della sovra-informazione, assolutamente inutile se non si vuole solo <strong>creare caos ed alimentare la paura.<\/strong><\/p>\n<p><strong><a href=\"https:\/\/www.rtbf.be\/info\/belgique\/detail_bruxelles-wallonie-flandre-voici-les-mesures-prises-pour-endiguer-l-epidemie-de-coronavirus?id=10453225\" target=\"_blank\" rel=\"noreferrer noopener\" aria-label=\"La RTBF, cio\u00e8 la televisione francofona (apre in una nuova scheda)\">La RTBF, cio\u00e8 la televisione francofona<\/a> <\/strong>[4], riporta le indicazioni decise dal governo federale belga :<\/p>\n<ul>\n<li><strong>sono \u201csconsigliate\u201d le \u201cfeste scolastiche\u201d<\/strong>, ma le istituzioni scolastiche continuano a funzionare regolarmente;<\/li>\n<li>le persone a rischio sono \u201c<em>invitate<\/em>\u201d ad <strong>evitare di utilizzare i mezzi di trasporto pubblico<\/strong>;<\/li>\n<li><strong>gli eventi che si svolgono al chiuso sono limitati a 1.000 (!) spettatori<\/strong>;<\/li>\n<li>gli eventi che si svolgono all\u2019aperto (<em>vedi il calcio o i concerti<\/em>) sono liberi, ma <strong>alle persone a rischio \u00e8 \u201csconsigliato\u201d di parteciparvi<\/strong>.<\/li>\n<\/ul>\n<p>Stop ! Nessun controllo agli aeroporti, neppure il rilievo \u201c<em>della temperatur<\/em>a\u201d presso gli aeroporti che proseguono le loro attivit\u00e0. Insomma, niente di niente!<\/p>\n<p><strong><a href=\"https:\/\/www.info-coronavirus.be\/fr\/faqs\/\" target=\"_blank\" rel=\"noreferrer noopener\" aria-label=\"Il Sito del Ministero della Sanit\u00e0 belga (apre in una nuova scheda)\">Il Sito del Ministero della Sanit\u00e0 belga<\/a> <\/strong>spiega [5], anzi , che \u00ab <strong>i controlli negli aeroporti non sono efficaci<\/strong>,<em> soprattutto quando le persone non presentano sintomi<\/em> \u00bb. Insomma sono solo \u201c<strong>fumo negli occhi<\/strong>\u201d : uno spreco di risorse e la propagazione dell\u2019allarmismo !<\/p>\n<h2><strong>E\u2019 una vita da vivere quella senza rapporti sociali cui ci costringe il governo?<\/strong><\/h2>\n<p><strong>Sono Incoscienti loro o stiamo \u201cesagerando\u201d noi ?<\/strong><\/p>\n<p>Forse i politici belgi <strong>non si sono fatti prendere la mano dagli \u201ceventi\u201d<\/strong>, probabilmente hanno lucidamente valutato il profilo dei costi \/ ricavi.<\/p>\n<p>Sar\u00e0 stata fatta la giusta valutazione del <strong>pesante costo per l\u2019economia<\/strong> e per <strong>la coesione sociale del Paese<\/strong> di provvedimenti pi\u00f9 restrittivi ?<\/p>\n<p>Infatti,<strong> \u00e8 possibile considerare una vita completa quella senza vita sociale ? <\/strong><\/p>\n<p>Pu\u00f2 la vita definirsi ancora \u201c<em>umana<\/em>\u201d ove \u00e8 <strong>vietato abbracciarsi o solo stringersi la mano ? <\/strong><\/p>\n<p>Magari avranno considerato che <strong>la scuola e l\u2019istruzione sono aspetti strettamente necessari e quindi irrinunciabili ?<\/strong><\/p>\n<h2><strong>Il governo col suo allarmismo ha trasformato gli italiani negli appestati del pianeta<\/strong><\/h2>\n<p>Intanto, dopo il diktat del presidente del Consiglio dei ministri Giuseppe Conte, <strong><a href=\"https:\/\/www.touringclub.it\/viaggiare\/coronavirus-e-viaggi-dove-non-possono-andare-gli-italiani\" target=\"_blank\" rel=\"noreferrer noopener\" aria-label=\"gli italiani sono considerati come \u201cappestati\u201d in tutto il pianeta (apre in una nuova scheda)\">gli italiani sono considerati come \u201cappestati\u201d in tutto il pianeta<\/a><\/strong> [5].<\/p>\n<p><strong>Dall\u2019Uganda alla Macedonia<\/strong>, dalla Romania al Montenegro, da Malta alla Serbia, dal Marocco alla Turchia, dall\u2019Austria alla Guinea Equatoriale, dall\u2019Angola all\u2019Israele, dall\u2019Arabia Saudita all\u2019Iraq, dal Qatar al Tagikistan, nessuno di loro vuole avere a che fare con gli italiani.<\/p>\n<p><strong>Il danno di \u201cimmagine\u201d \u00e8 scolpito sulla pietra<\/strong> e durer\u00e0 per decenni, a dir poco !<\/p>\n<p>Italiani gente non gradita! Untori! Quanto tutto ci\u00f2 peser\u00e0 sul piano commerciale e turistico \u00e8 di facile intuizione per tutti.<\/p>\n<p>Allora, in conclusione, mi aspetto che i commentatori dicano a gran voce : <strong>Non si dovevano prendere provvedimenti, quindi ? <\/strong><\/p>\n<h2><strong>Ecco i giusti provvedimenti di un governo liberale e responsabile<\/strong><\/h2>\n<p>Certo che si. Sicuramente <strong>si dovevano potenziare le strutture sanitarie pubbliche<\/strong> (<em>ma non solo per l\u2019emergenza<\/em>), e aggiungo che non si dovevano distruggere prima le risorse della Sanit\u00e0 <em>\u2013 in nome del \u201ctaglio\u201d della spesa e delle \u201ctasse\u201d portato avanti negli anni tanto dai governi di destra (Forza Italia-Lega) che liberisti (PD)<\/em> -.<\/p>\n<p><strong><a href=\"https:\/\/www.lefigaro.fr\/international\/coronavirus-le-systeme-de-sante-italien-aux-abois-face-a-la-flambee-epidemique-20200309\" target=\"_blank\" rel=\"noreferrer noopener\" aria-label=\"Dobbiamo leggere Le Figaro (apre in una nuova scheda)\">Dobbiamo leggere Le Figaro<\/a><\/strong> [6] per scoprire che l\u2019Italia ha \u00ab <strong>un numero basso di posti letto ospedalieri<\/strong><em> (3,2 letti ogni 1.000 abitanti, contro i 6 letti della Francia), e un numero limitato di letti in cura intensiva [\u2026]. Si dispone di appena 3.000 \u201cventilatori\u201d in tutta Italia<\/em> \u00bb. Quelli per la respirazione artificiale, s\u2019intende.<\/p>\n<p>Si potevano <strong>disporre provvedimenti maggiormente restrittivi solo verso gli anziani<\/strong>, dato che sono loro la categoria pi\u00f9 a rischio in Italia (<strong><a href=\"https:\/\/www.repubblica.it\/cronaca\/2020\/03\/10\/news\/coronavirus_l_epidemia_in_italia_non_e_arrivata_dalla_cina-250882478\/?ref=RHPPTP-BH-I250908851-C12-P6-S1.8-L\" target=\"_blank\" rel=\"noreferrer noopener\" aria-label=\"al 10 marzo, secondo Repubblica (apre in una nuova scheda)\">al 10 marzo, secondo Repubblica<\/a><\/strong> [7]<em> l<\/em>\u2018<em>88,5% dei decessi sono ultra-settantasettenni<\/em>).<\/p>\n<p>Ora che si pu\u00f2 fare ? <strong>Adesso \u00e8 l\u2019ora della politica<\/strong>, delle opposizioni democratiche che devono alzare la voce contro le scellerate politiche di \u201c<em>bilancio<\/em>\u201d del passato e contro le io nsensate decisioni illiberali del presente.<\/p>\n<hr class=\"wp-block-separator\" \/>\n<p><strong>Credits : <\/strong>Photo by <a href=\"https:\/\/unsplash.com\/@impulsq?utm_source=unsplash&amp;utm_medium=referral&amp;utm_content=creditCopyText\">Online Marketing<\/a> on <a href=\"https:\/\/unsplash.com\/s\/photos\/health?utm_source=unsplash&amp;utm_medium=referral&amp;utm_content=creditCopyText\">Unsplash<\/a><\/p>\n","protected":false},"excerpt":{"rendered":"<p>Puoi, anzi devi lavorare e produrre, puoi andare per negozi e consumare, per\u00f2 devi restare chiuso in casa. Questa, di fatto, \u00e8 la situazione in cui sono stati catapultati gli italiani dopo il diktat del presidente del Consiglio dei ministri&hellip;<\/p>\n","protected":false},"author":1284,"featured_media":1056240,"comment_status":"closed","ping_status":"closed","sticky":false,"template":"","format":"standard","meta":{"footnotes":""},"categories":[11388,60,162,55,1259],"tags":[],"class_list":["post-1056239","post","type-post","status-publish","format-standard","has-post-thumbnail","hentry","category-contenuti-originali","category-diritti-umani","category-opinioni","category-politica","category-salute-argomento"],"yoast_head":"<!-- This site is optimized with the Yoast SEO plugin v27.1.1 - https:\/\/yoast.com\/product\/yoast-seo-wordpress\/ -->\n<title>Coronavirus : Le decisioni del governo sono pi\u00f9 pericolose dell\u2019influenza ?<\/title>\n<meta name=\"description\" content=\"La quarantena per Coronavirus degli italiani voluta dal governo \u00e8 Costituzionale ? Il Belgio non copia dall&#039;Italia: l\u00ec scelte lucide, non fumo negli occhi.\" \/>\n<meta name=\"robots\" content=\"index, follow, max-snippet:-1, max-image-preview:large, max-video-preview:-1\" \/>\n<link rel=\"canonical\" href=\"https:\/\/www.pressenza.com\/it\/2020\/03\/coronavirus-le-decisioni-del-governo-sono-piu-pericolose-dellinfluenza\/\" \/>\n<meta property=\"og:locale\" content=\"it_IT\" \/>\n<meta property=\"og:type\" content=\"article\" \/>\n<meta property=\"og:title\" content=\"Coronavirus : Le decisioni del governo sono pi\u00f9 pericolose dell\u2019influenza ?\" \/>\n<meta property=\"og:description\" content=\"La quarantena per Coronavirus degli italiani voluta dal governo \u00e8 Costituzionale ? Il Belgio non copia dall&#039;Italia: l\u00ec scelte lucide, non fumo negli occhi.\" \/>\n<meta property=\"og:url\" content=\"https:\/\/www.pressenza.com\/it\/2020\/03\/coronavirus-le-decisioni-del-governo-sono-piu-pericolose-dellinfluenza\/\" \/>\n<meta property=\"og:site_name\" content=\"Pressenza\" \/>\n<meta property=\"article:publisher\" content=\"https:\/\/www.facebook.com\/PressenzaItalia\" \/>\n<meta property=\"article:published_time\" content=\"2020-03-11T12:48:11+00:00\" \/>\n<meta property=\"article:modified_time\" content=\"2020-03-11T17:45:46+00:00\" \/>\n<meta property=\"og:image\" content=\"https:\/\/www.pressenza.com\/wp-content\/uploads\/2020\/03\/medico-coronavirus-unsplash.jpg\" \/>\n\t<meta property=\"og:image:width\" content=\"1000\" \/>\n\t<meta property=\"og:image:height\" content=\"563\" \/>\n\t<meta property=\"og:image:type\" content=\"image\/jpeg\" \/>\n<meta name=\"author\" content=\"Natale Salvo\" \/>\n<meta name=\"twitter:card\" content=\"summary_large_image\" \/>\n<meta name=\"twitter:creator\" content=\"@PressenzaIPA\" \/>\n<meta name=\"twitter:site\" content=\"@PressenzaIPA\" \/>\n<meta name=\"twitter:label1\" content=\"Scritto da\" \/>\n\t<meta name=\"twitter:data1\" content=\"Natale Salvo\" \/>\n\t<meta name=\"twitter:label2\" content=\"Tempo di lettura stimato\" \/>\n\t<meta name=\"twitter:data2\" content=\"5 minuti\" \/>\n<script type=\"application\/ld+json\" class=\"yoast-schema-graph\">{\"@context\":\"https:\/\/schema.org\",\"@graph\":[{\"@type\":\"Article\",\"@id\":\"https:\/\/www.pressenza.com\/it\/2020\/03\/coronavirus-le-decisioni-del-governo-sono-piu-pericolose-dellinfluenza\/#article\",\"isPartOf\":{\"@id\":\"https:\/\/www.pressenza.com\/it\/2020\/03\/coronavirus-le-decisioni-del-governo-sono-piu-pericolose-dellinfluenza\/\"},\"author\":{\"name\":\"Natale Salvo\",\"@id\":\"https:\/\/www.pressenza.com\/it\/#\/schema\/person\/dfdba7d9ea928e4a93ced607c353757c\"},\"headline\":\"Coronavirus : Le decisioni del governo sono pi\u00f9 pericolose dell\u2019influenza ?\",\"datePublished\":\"2020-03-11T12:48:11+00:00\",\"dateModified\":\"2020-03-11T17:45:46+00:00\",\"mainEntityOfPage\":{\"@id\":\"https:\/\/www.pressenza.com\/it\/2020\/03\/coronavirus-le-decisioni-del-governo-sono-piu-pericolose-dellinfluenza\/\"},\"wordCount\":953,\"publisher\":{\"@id\":\"https:\/\/www.pressenza.com\/it\/#organization\"},\"image\":{\"@id\":\"https:\/\/www.pressenza.com\/it\/2020\/03\/coronavirus-le-decisioni-del-governo-sono-piu-pericolose-dellinfluenza\/#primaryimage\"},\"thumbnailUrl\":\"https:\/\/www.pressenza.com\/wp-content\/uploads\/2020\/03\/medico-coronavirus-unsplash.jpg\",\"articleSection\":[\"contenuti originali\",\"Diritti Umani\",\"Opinioni\",\"Politica\",\"Salute\"],\"inLanguage\":\"it-IT\"},{\"@type\":\"WebPage\",\"@id\":\"https:\/\/www.pressenza.com\/it\/2020\/03\/coronavirus-le-decisioni-del-governo-sono-piu-pericolose-dellinfluenza\/\",\"url\":\"https:\/\/www.pressenza.com\/it\/2020\/03\/coronavirus-le-decisioni-del-governo-sono-piu-pericolose-dellinfluenza\/\",\"name\":\"Coronavirus : Le decisioni del governo sono pi\u00f9 pericolose dell\u2019influenza ?\",\"isPartOf\":{\"@id\":\"https:\/\/www.pressenza.com\/it\/#website\"},\"primaryImageOfPage\":{\"@id\":\"https:\/\/www.pressenza.com\/it\/2020\/03\/coronavirus-le-decisioni-del-governo-sono-piu-pericolose-dellinfluenza\/#primaryimage\"},\"image\":{\"@id\":\"https:\/\/www.pressenza.com\/it\/2020\/03\/coronavirus-le-decisioni-del-governo-sono-piu-pericolose-dellinfluenza\/#primaryimage\"},\"thumbnailUrl\":\"https:\/\/www.pressenza.com\/wp-content\/uploads\/2020\/03\/medico-coronavirus-unsplash.jpg\",\"datePublished\":\"2020-03-11T12:48:11+00:00\",\"dateModified\":\"2020-03-11T17:45:46+00:00\",\"description\":\"La quarantena per Coronavirus degli italiani voluta dal governo \u00e8 Costituzionale ? Il Belgio non copia dall'Italia: l\u00ec scelte lucide, non fumo negli occhi.\",\"breadcrumb\":{\"@id\":\"https:\/\/www.pressenza.com\/it\/2020\/03\/coronavirus-le-decisioni-del-governo-sono-piu-pericolose-dellinfluenza\/#breadcrumb\"},\"inLanguage\":\"it-IT\",\"potentialAction\":[{\"@type\":\"ReadAction\",\"target\":[\"https:\/\/www.pressenza.com\/it\/2020\/03\/coronavirus-le-decisioni-del-governo-sono-piu-pericolose-dellinfluenza\/\"]}]},{\"@type\":\"ImageObject\",\"inLanguage\":\"it-IT\",\"@id\":\"https:\/\/www.pressenza.com\/it\/2020\/03\/coronavirus-le-decisioni-del-governo-sono-piu-pericolose-dellinfluenza\/#primaryimage\",\"url\":\"https:\/\/www.pressenza.com\/wp-content\/uploads\/2020\/03\/medico-coronavirus-unsplash.jpg\",\"contentUrl\":\"https:\/\/www.pressenza.com\/wp-content\/uploads\/2020\/03\/medico-coronavirus-unsplash.jpg\",\"width\":1000,\"height\":563,\"caption\":\"medico-coronavirus-unsplash\"},{\"@type\":\"BreadcrumbList\",\"@id\":\"https:\/\/www.pressenza.com\/it\/2020\/03\/coronavirus-le-decisioni-del-governo-sono-piu-pericolose-dellinfluenza\/#breadcrumb\",\"itemListElement\":[{\"@type\":\"ListItem\",\"position\":1,\"name\":\"Accueil\",\"item\":\"https:\/\/www.pressenza.com\/it\/\"},{\"@type\":\"ListItem\",\"position\":2,\"name\":\"Coronavirus : Le decisioni del governo sono pi\u00f9 pericolose dell\u2019influenza ?\"}]},{\"@type\":\"WebSite\",\"@id\":\"https:\/\/www.pressenza.com\/it\/#website\",\"url\":\"https:\/\/www.pressenza.com\/it\/\",\"name\":\"Pressenza\",\"description\":\"Agenzia di Stampa Internazionale\",\"publisher\":{\"@id\":\"https:\/\/www.pressenza.com\/it\/#organization\"},\"potentialAction\":[{\"@type\":\"SearchAction\",\"target\":{\"@type\":\"EntryPoint\",\"urlTemplate\":\"https:\/\/www.pressenza.com\/it\/?s={search_term_string}\"},\"query-input\":{\"@type\":\"PropertyValueSpecification\",\"valueRequired\":true,\"valueName\":\"search_term_string\"}}],\"inLanguage\":\"it-IT\"},{\"@type\":\"Organization\",\"@id\":\"https:\/\/www.pressenza.com\/it\/#organization\",\"name\":\"Pressenza\",\"url\":\"https:\/\/www.pressenza.com\/it\/\",\"logo\":{\"@type\":\"ImageObject\",\"inLanguage\":\"it-IT\",\"@id\":\"https:\/\/www.pressenza.com\/it\/#\/schema\/logo\/image\/\",\"url\":\"https:\/\/www.pressenza.com\/wp-content\/uploads\/2022\/10\/pressenza_logo_200x200.jpg\",\"contentUrl\":\"https:\/\/www.pressenza.com\/wp-content\/uploads\/2022\/10\/pressenza_logo_200x200.jpg\",\"width\":200,\"height\":200,\"caption\":\"Pressenza\"},\"image\":{\"@id\":\"https:\/\/www.pressenza.com\/it\/#\/schema\/logo\/image\/\"},\"sameAs\":[\"https:\/\/www.facebook.com\/PressenzaItalia\",\"https:\/\/x.com\/PressenzaIPA\"]},{\"@type\":\"Person\",\"@id\":\"https:\/\/www.pressenza.com\/it\/#\/schema\/person\/dfdba7d9ea928e4a93ced607c353757c\",\"name\":\"Natale Salvo\",\"description\":\"Nato e cresciuto nella terra del \u201cGattopardo\u201d, la Sicilia. Ha dedicato la propria esistenza all'impegno sociale. Allenatore di una squadretta di calcio di periferia, presidente del circolo di Legambiente, candidato sindaco per il Partito Umanista. Infine blogger d\u2019inchiesta; ha pagato le sue denunce di cattiva amministrazione con una persecuzione per via giudiziaria. E' autore del libro \\\"La rivoluzione copernicana chiamata Reddito di Base\\\", edito da Multimage, Firenze.\",\"url\":\"https:\/\/www.pressenza.com\/it\/author\/natale-salvo\/\"}]}<\/script>\n<!-- \/ Yoast SEO plugin. -->","yoast_head_json":{"title":"Coronavirus : Le decisioni del governo sono pi\u00f9 pericolose dell\u2019influenza ?","description":"La quarantena per Coronavirus degli italiani voluta dal governo \u00e8 Costituzionale ? Il Belgio non copia dall'Italia: l\u00ec scelte lucide, non fumo negli occhi.","robots":{"index":"index","follow":"follow","max-snippet":"max-snippet:-1","max-image-preview":"max-image-preview:large","max-video-preview":"max-video-preview:-1"},"canonical":"https:\/\/www.pressenza.com\/it\/2020\/03\/coronavirus-le-decisioni-del-governo-sono-piu-pericolose-dellinfluenza\/","og_locale":"it_IT","og_type":"article","og_title":"Coronavirus : Le decisioni del governo sono pi\u00f9 pericolose dell\u2019influenza ?","og_description":"La quarantena per Coronavirus degli italiani voluta dal governo \u00e8 Costituzionale ? Il Belgio non copia dall'Italia: l\u00ec scelte lucide, non fumo negli occhi.","og_url":"https:\/\/www.pressenza.com\/it\/2020\/03\/coronavirus-le-decisioni-del-governo-sono-piu-pericolose-dellinfluenza\/","og_site_name":"Pressenza","article_publisher":"https:\/\/www.facebook.com\/PressenzaItalia","article_published_time":"2020-03-11T12:48:11+00:00","article_modified_time":"2020-03-11T17:45:46+00:00","og_image":[{"width":1000,"height":563,"url":"https:\/\/www.pressenza.com\/wp-content\/uploads\/2020\/03\/medico-coronavirus-unsplash.jpg","type":"image\/jpeg"}],"author":"Natale Salvo","twitter_card":"summary_large_image","twitter_creator":"@PressenzaIPA","twitter_site":"@PressenzaIPA","twitter_misc":{"Scritto da":"Natale Salvo","Tempo di lettura stimato":"5 minuti"},"schema":{"@context":"https:\/\/schema.org","@graph":[{"@type":"Article","@id":"https:\/\/www.pressenza.com\/it\/2020\/03\/coronavirus-le-decisioni-del-governo-sono-piu-pericolose-dellinfluenza\/#article","isPartOf":{"@id":"https:\/\/www.pressenza.com\/it\/2020\/03\/coronavirus-le-decisioni-del-governo-sono-piu-pericolose-dellinfluenza\/"},"author":{"name":"Natale Salvo","@id":"https:\/\/www.pressenza.com\/it\/#\/schema\/person\/dfdba7d9ea928e4a93ced607c353757c"},"headline":"Coronavirus : Le decisioni del governo sono pi\u00f9 pericolose dell\u2019influenza ?","datePublished":"2020-03-11T12:48:11+00:00","dateModified":"2020-03-11T17:45:46+00:00","mainEntityOfPage":{"@id":"https:\/\/www.pressenza.com\/it\/2020\/03\/coronavirus-le-decisioni-del-governo-sono-piu-pericolose-dellinfluenza\/"},"wordCount":953,"publisher":{"@id":"https:\/\/www.pressenza.com\/it\/#organization"},"image":{"@id":"https:\/\/www.pressenza.com\/it\/2020\/03\/coronavirus-le-decisioni-del-governo-sono-piu-pericolose-dellinfluenza\/#primaryimage"},"thumbnailUrl":"https:\/\/www.pressenza.com\/wp-content\/uploads\/2020\/03\/medico-coronavirus-unsplash.jpg","articleSection":["contenuti originali","Diritti Umani","Opinioni","Politica","Salute"],"inLanguage":"it-IT"},{"@type":"WebPage","@id":"https:\/\/www.pressenza.com\/it\/2020\/03\/coronavirus-le-decisioni-del-governo-sono-piu-pericolose-dellinfluenza\/","url":"https:\/\/www.pressenza.com\/it\/2020\/03\/coronavirus-le-decisioni-del-governo-sono-piu-pericolose-dellinfluenza\/","name":"Coronavirus : Le decisioni del governo sono pi\u00f9 pericolose dell\u2019influenza ?","isPartOf":{"@id":"https:\/\/www.pressenza.com\/it\/#website"},"primaryImageOfPage":{"@id":"https:\/\/www.pressenza.com\/it\/2020\/03\/coronavirus-le-decisioni-del-governo-sono-piu-pericolose-dellinfluenza\/#primaryimage"},"image":{"@id":"https:\/\/www.pressenza.com\/it\/2020\/03\/coronavirus-le-decisioni-del-governo-sono-piu-pericolose-dellinfluenza\/#primaryimage"},"thumbnailUrl":"https:\/\/www.pressenza.com\/wp-content\/uploads\/2020\/03\/medico-coronavirus-unsplash.jpg","datePublished":"2020-03-11T12:48:11+00:00","dateModified":"2020-03-11T17:45:46+00:00","description":"La quarantena per Coronavirus degli italiani voluta dal governo \u00e8 Costituzionale ? Il Belgio non copia dall'Italia: l\u00ec scelte lucide, non fumo negli occhi.","breadcrumb":{"@id":"https:\/\/www.pressenza.com\/it\/2020\/03\/coronavirus-le-decisioni-del-governo-sono-piu-pericolose-dellinfluenza\/#breadcrumb"},"inLanguage":"it-IT","potentialAction":[{"@type":"ReadAction","target":["https:\/\/www.pressenza.com\/it\/2020\/03\/coronavirus-le-decisioni-del-governo-sono-piu-pericolose-dellinfluenza\/"]}]},{"@type":"ImageObject","inLanguage":"it-IT","@id":"https:\/\/www.pressenza.com\/it\/2020\/03\/coronavirus-le-decisioni-del-governo-sono-piu-pericolose-dellinfluenza\/#primaryimage","url":"https:\/\/www.pressenza.com\/wp-content\/uploads\/2020\/03\/medico-coronavirus-unsplash.jpg","contentUrl":"https:\/\/www.pressenza.com\/wp-content\/uploads\/2020\/03\/medico-coronavirus-unsplash.jpg","width":1000,"height":563,"caption":"medico-coronavirus-unsplash"},{"@type":"BreadcrumbList","@id":"https:\/\/www.pressenza.com\/it\/2020\/03\/coronavirus-le-decisioni-del-governo-sono-piu-pericolose-dellinfluenza\/#breadcrumb","itemListElement":[{"@type":"ListItem","position":1,"name":"Accueil","item":"https:\/\/www.pressenza.com\/it\/"},{"@type":"ListItem","position":2,"name":"Coronavirus : Le decisioni del governo sono pi\u00f9 pericolose dell\u2019influenza ?"}]},{"@type":"WebSite","@id":"https:\/\/www.pressenza.com\/it\/#website","url":"https:\/\/www.pressenza.com\/it\/","name":"Pressenza","description":"Agenzia di Stampa Internazionale","publisher":{"@id":"https:\/\/www.pressenza.com\/it\/#organization"},"potentialAction":[{"@type":"SearchAction","target":{"@type":"EntryPoint","urlTemplate":"https:\/\/www.pressenza.com\/it\/?s={search_term_string}"},"query-input":{"@type":"PropertyValueSpecification","valueRequired":true,"valueName":"search_term_string"}}],"inLanguage":"it-IT"},{"@type":"Organization","@id":"https:\/\/www.pressenza.com\/it\/#organization","name":"Pressenza","url":"https:\/\/www.pressenza.com\/it\/","logo":{"@type":"ImageObject","inLanguage":"it-IT","@id":"https:\/\/www.pressenza.com\/it\/#\/schema\/logo\/image\/","url":"https:\/\/www.pressenza.com\/wp-content\/uploads\/2022\/10\/pressenza_logo_200x200.jpg","contentUrl":"https:\/\/www.pressenza.com\/wp-content\/uploads\/2022\/10\/pressenza_logo_200x200.jpg","width":200,"height":200,"caption":"Pressenza"},"image":{"@id":"https:\/\/www.pressenza.com\/it\/#\/schema\/logo\/image\/"},"sameAs":["https:\/\/www.facebook.com\/PressenzaItalia","https:\/\/x.com\/PressenzaIPA"]},{"@type":"Person","@id":"https:\/\/www.pressenza.com\/it\/#\/schema\/person\/dfdba7d9ea928e4a93ced607c353757c","name":"Natale Salvo","description":"Nato e cresciuto nella terra del \u201cGattopardo\u201d, la Sicilia. Ha dedicato la propria esistenza all'impegno sociale. Allenatore di una squadretta di calcio di periferia, presidente del circolo di Legambiente, candidato sindaco per il Partito Umanista. Infine blogger d\u2019inchiesta; ha pagato le sue denunce di cattiva amministrazione con una persecuzione per via giudiziaria. E' autore del libro \"La rivoluzione copernicana chiamata Reddito di Base\", edito da Multimage, Firenze.","url":"https:\/\/www.pressenza.com\/it\/author\/natale-salvo\/"}]}},"place":"","original_article_url":"","_links":{"self":[{"href":"https:\/\/www.pressenza.com\/it\/wp-json\/wp\/v2\/posts\/1056239","targetHints":{"allow":["GET"]}}],"collection":[{"href":"https:\/\/www.pressenza.com\/it\/wp-json\/wp\/v2\/posts"}],"about":[{"href":"https:\/\/www.pressenza.com\/it\/wp-json\/wp\/v2\/types\/post"}],"author":[{"embeddable":true,"href":"https:\/\/www.pressenza.com\/it\/wp-json\/wp\/v2\/users\/1284"}],"replies":[{"embeddable":true,"href":"https:\/\/www.pressenza.com\/it\/wp-json\/wp\/v2\/comments?post=1056239"}],"version-history":[{"count":0,"href":"https:\/\/www.pressenza.com\/it\/wp-json\/wp\/v2\/posts\/1056239\/revisions"}],"wp:featuredmedia":[{"embeddable":true,"href":"https:\/\/www.pressenza.com\/it\/wp-json\/wp\/v2\/media\/1056240"}],"wp:attachment":[{"href":"https:\/\/www.pressenza.com\/it\/wp-json\/wp\/v2\/media?parent=1056239"}],"wp:term":[{"taxonomy":"category","embeddable":true,"href":"https:\/\/www.pressenza.com\/it\/wp-json\/wp\/v2\/categories?post=1056239"},{"taxonomy":"post_tag","embeddable":true,"href":"https:\/\/www.pressenza.com\/it\/wp-json\/wp\/v2\/tags?post=1056239"}],"curies":[{"name":"wp","href":"https:\/\/api.w.org\/{rel}","templated":true}]}}