{"id":1055176,"date":"2020-03-10T19:56:10","date_gmt":"2020-03-10T19:56:10","guid":{"rendered":"https:\/\/www.pressenza.com\/?p=1055176"},"modified":"2020-03-10T19:56:10","modified_gmt":"2020-03-10T19:56:10","slug":"la-cultura-non-viene-mai-dopo","status":"publish","type":"post","link":"https:\/\/www.pressenza.com\/it\/2020\/03\/la-cultura-non-viene-mai-dopo\/","title":{"rendered":"La Cultura Non Viene (Mai) Dopo"},"content":{"rendered":"<p><span style=\"font-family: Times New Roman, serif;\"><span style=\"font-size: medium;\"><span style=\"color: #1c1e21;\">\u00a0<\/span><\/span><\/span>Le emergenze non sono uguali per tutti.<\/p>\n<p>Le disposizioni governative per contrastare il coronavirus stanno calando in maniera pesante su molti settori. Ma ce ne sono alcuni che ne soffrono in maniera particolare perch\u00e9 privi di ogni forma di tutela e sostegno. I cinema e i teatri chiusi fanno tristezza ma a quanto pare ora \u00e8 inevitabile. Tutti gli eventi, grandi e piccoli, annullati sono una catastrofe economica, culturale e simbolica, ma pare che per bloccare il virus \u00e8 il momento di fermarsi. Bisogna diminuire gli spostamenti e le relazioni sociali, i contatti ed i momenti di aggregazione.<br \/>\nIl punto \u00e8 che per molti questo significa il disastro. In particolare per la piccola editoria, per i settori indipendenti della cultura, per le tante maestranze che vivono di eventi culturali, per i musicisti e chi vive di musica etc. Non vi \u00e8 alcuna forma di sostegno, ne cassa integrazione ne uno straccio di ammortizzatori sociale.<br \/>\nNon vi sono leggi destinate alla cultura in generale che tengano conto delle migliaia di precari che vi lavorano e senza i quali i grandi o piccoli eventi non avrebbero modo di esistere. Le due parole sono quasi gemelle nel nostro paese, cultura e precariet\u00e0. Certo, esistono milioni di precari che non lavorano nella cultura e che soffrono la stessa nostra condizione.<br \/>\nL\u2019emergenza e la crisi legate all\u2019insorgere del Coronavirus sta mettendo in grave difficolt\u00e0 molte esperienze indipendenti e moltissimi lavoratori e operatori del settore. Eventi cancellati, vendite in costante calo, futuro incerto e presente nerissimo. Il nostro pane quotidiano scarseggia, in ogni senso, non solo allegorico. Sappiamo che non siamo soli. Sappiamo che questa difficolt\u00e0 sta coinvolgendo molti altri settori.<br \/>\nMa qui portiamo ora la nostra voce, sperando che possa essere ben presto un coro a pi\u00f9 voci di tutti quelli che non sono mai \u00abgarantiti\u00bb, quelli che cercano costantemente il modo di sopravvivere, tanto nel mondo della cultura che altrove.<br \/>\nMentre si affronta la questione, giustissima, di come agire sui lavoratori che hanno diritto alla cassa integrazione o altre forme di sostegno, rimane ancora una volta fuori quel variegato mondo fatto di milioni di persone precarie, cio\u00e8 di chi non ha alcun tipo di accesso al welfare, e per i quali non \u00e8 prevista nessuna tutela.<br \/>\nEd ancora di pi\u00f9, dal nostro punto di vista, di coloro che tentano di portare il proprio contributo, per una societ\u00e0 migliore, attraverso la cultura. Manca il punto di vista delle piccole realt\u00e0 culturali, le piccole imprese \u2013 le case editrici indipendenti, per esempio, che sono un pezzo reale del tessuto della cultura del paese \u2013 mantenute vive e fertili dal lavoro di precari e precarie, giovani e non.<br \/>\nLa situazione \u00e8 gi\u00e0 aggravata ed ora rischia di diventare catastrofica. Pensiamo che sia arrivata l\u2019ora di parlare di una \u00abgaranzia di reddito\u00bb, una misura indispensabile: una forma di sostegno economico immediata per tutti i lavoratori e le lavoratrici precari della cultura, e per tutte le piccole imprese culturali del paese. E se possibile allargando la stessa misura a tutti i precari, della cultura e non.<br \/>\nVogliamo non solo dimostrare la nostra esistenza (fatta di libri, eventi, progetti culturali quotidiani la cui assenza sarebbe una catastrofe non solo per noi ma per il paese tutto) ma soprattutto rivendicare il nostro ruolo nel mondo della cultura che non \u00e8 fatta solo di noti professionisti e di eventi megagalattici sostenuti da sponsor milionari.<br \/>\nOggi siamo convinti che siano necessario rivendicare \u2013 insieme a tutti i precari, gli irregolari, gli intermittenti, i lavoratori e le lavoratrici al nero: i nostri lettori e le nostre lettrici \u2013 un diritto sacrosanto sulla base di un principio preciso: non si pu\u00f2 continuare a parlare di \u201csicurezza\u201d da un punto di vista sanitario senza estendere il ragionamento alla sicurezza sociale. Perch\u00e9 non esiste \u201csalute\u201d senza la garanzia di un reddito. Non possiamo rimanere, come si chiede, dentro casa e aiutare il rallentamento del contagio se siamo costretti ad uscire per cercare modi di sopravvivere. Per questo sosteniamo l\u2019urgenza dell\u2019istituzione di un reddito garantito, \u201cdi quarantena\u201d anche attraverso ad esempio l\u2019ampliamento dell\u2019attuale reddito di cittadinanza che continua a escludere troppe figure, rendendo pi\u00f9 ampio l\u2019accesso alla domanda e dunque aumentando i beneficiari. Misure di sostegno di questo tipo sono il minimo che pu\u00f2 pensare uno stato di diritto, per contrastare tanto il virus che le difficolt\u00e0 economiche e sociali che milioni di persone si trovano a subire.<\/p>\n<p><em>Per sottoscrivere l\u2019appello\u00a0\u00e8 possibile scrivere alla pagina di\u00a0<a href=\"https:\/\/www.facebook.com\/momoedizioni\/posts\/832760137228759?__tn__=K-R\" target=\"_blank\" rel=\"noopener\">Momo<\/a>\u00a0o a\u00a0<a href=\"mailto:direzione@momoedizioni.it\" target=\"_blank\" rel=\"noopener\">direzione@momoedizioni.it\u00a0<\/a><\/em><\/p>\n<p>&nbsp;<\/p>\n<p>primi firmatari:<\/p>\n<p>CASE EDITRICI<\/p>\n<p>Momo edizioni,\u00a0<a href=\"https:\/\/www.facebook.com\/libriredstar\/?__tn__=K-R&amp;eid=ARCynWWu4fqGevLy7Xs7Io0Wmb8n_UCAHUw82Cq0ce8Zk9fTKZITQuL5R3g_IvHTuiHg-D6CRzZLGd3C&amp;fref=mentions&amp;__xts__%5B0%5D=68.ARCDCHVmnqr4AyVSibvREFLO0Og8M2frcD8h_GSgVf2K7yHA5EfFN5tJ73-GV3UhY35Ht0ojuU5yGPrHlA69JDYBtndXXq0gIhLOU3P2iGnokRWM5FQbrzyiaEfjpu1deMCw_j4rvolHw8MEcUpuY0UuZuivYO6h8feXaaqVHAiwh_JIuDyfHdFbxHUmc7y3BRH96JONJsq8ajGdDeW8e7SC_fs2U5uQPIR05gUX3nwl5RP2QFlHZ4iu0R9ghpIezu8cx-f3oElPpLLCaikoQnS5Cy8hUB4U1PJTdBNdqL5-G2uoREzX8k_IIZ7JR1ZsW2M9R3QBc9mlmf8ysz6ZbHM\">Red Star Press &#8211; Hellnation Libri<\/a>,\u00a0<a href=\"https:\/\/www.facebook.com\/clandestine.rinaedizioni\/?__tn__=K-R&amp;eid=ARAB1qyd28GAjxvC21YrUzZH6VUUEX9p2Oq11epkvjuzwac7w8y-BH9KfDxTTuV5tlT8uimbPeoCJSkV&amp;fref=mentions&amp;__xts__%5B0%5D=68.ARCDCHVmnqr4AyVSibvREFLO0Og8M2frcD8h_GSgVf2K7yHA5EfFN5tJ73-GV3UhY35Ht0ojuU5yGPrHlA69JDYBtndXXq0gIhLOU3P2iGnokRWM5FQbrzyiaEfjpu1deMCw_j4rvolHw8MEcUpuY0UuZuivYO6h8feXaaqVHAiwh_JIuDyfHdFbxHUmc7y3BRH96JONJsq8ajGdDeW8e7SC_fs2U5uQPIR05gUX3nwl5RP2QFlHZ4iu0R9ghpIezu8cx-f3oElPpLLCaikoQnS5Cy8hUB4U1PJTdBNdqL5-G2uoREzX8k_IIZ7JR1ZsW2M9R3QBc9mlmf8ysz6ZbHM\">Rina Edizioni<\/a>\u00a0, D edizioni,\u00a0<a href=\"https:\/\/www.facebook.com\/Ilgaleoneeditore\/?__tn__=K-R&amp;eid=ARDTZWSafLpBVFWZ46eUm8idUJ1CytqwhurDfqRtTJMScCGIWLA0XlEcbuIPp_5d-ZxgQcSkd5qqu9hh&amp;fref=mentions&amp;__xts__%5B0%5D=68.ARCDCHVmnqr4AyVSibvREFLO0Og8M2frcD8h_GSgVf2K7yHA5EfFN5tJ73-GV3UhY35Ht0ojuU5yGPrHlA69JDYBtndXXq0gIhLOU3P2iGnokRWM5FQbrzyiaEfjpu1deMCw_j4rvolHw8MEcUpuY0UuZuivYO6h8feXaaqVHAiwh_JIuDyfHdFbxHUmc7y3BRH96JONJsq8ajGdDeW8e7SC_fs2U5uQPIR05gUX3nwl5RP2QFlHZ4iu0R9ghpIezu8cx-f3oElPpLLCaikoQnS5Cy8hUB4U1PJTdBNdqL5-G2uoREzX8k_IIZ7JR1ZsW2M9R3QBc9mlmf8ysz6ZbHM\">Il Galeone Editore<\/a>,\u00a0<a href=\"https:\/\/www.facebook.com\/coconino.press.9\/?__tn__=K-R&amp;eid=ARC2L2FeAdlcDI0auNU7wFK3PYOa9iv-1-XruzbIs_Fp15w64_8OdSqrg9ds3CvdY0mHsvmCdeBD1vu8&amp;fref=mentions&amp;__xts__%5B0%5D=68.ARCDCHVmnqr4AyVSibvREFLO0Og8M2frcD8h_GSgVf2K7yHA5EfFN5tJ73-GV3UhY35Ht0ojuU5yGPrHlA69JDYBtndXXq0gIhLOU3P2iGnokRWM5FQbrzyiaEfjpu1deMCw_j4rvolHw8MEcUpuY0UuZuivYO6h8feXaaqVHAiwh_JIuDyfHdFbxHUmc7y3BRH96JONJsq8ajGdDeW8e7SC_fs2U5uQPIR05gUX3nwl5RP2QFlHZ4iu0R9ghpIezu8cx-f3oElPpLLCaikoQnS5Cy8hUB4U1PJTdBNdqL5-G2uoREzX8k_IIZ7JR1ZsW2M9R3QBc9mlmf8ysz6ZbHM\">Coconino Press<\/a>,\u00a0<a href=\"https:\/\/www.facebook.com\/lorusso.editore\/?__tn__=K-R&amp;eid=ARB96OF2xds2uYxY7DHslsotRy8p2y9_b-OikLG3LG9mRJJVhmzv9gNybyAVzs5snlSZ4pHFxUm_A554&amp;fref=mentions&amp;__xts__%5B0%5D=68.ARCDCHVmnqr4AyVSibvREFLO0Og8M2frcD8h_GSgVf2K7yHA5EfFN5tJ73-GV3UhY35Ht0ojuU5yGPrHlA69JDYBtndXXq0gIhLOU3P2iGnokRWM5FQbrzyiaEfjpu1deMCw_j4rvolHw8MEcUpuY0UuZuivYO6h8feXaaqVHAiwh_JIuDyfHdFbxHUmc7y3BRH96JONJsq8ajGdDeW8e7SC_fs2U5uQPIR05gUX3nwl5RP2QFlHZ4iu0R9ghpIezu8cx-f3oElPpLLCaikoQnS5Cy8hUB4U1PJTdBNdqL5-G2uoREzX8k_IIZ7JR1ZsW2M9R3QBc9mlmf8ysz6ZbHM\">Lorusso Editore<\/a>,\u00a0<a href=\"https:\/\/www.facebook.com\/www.milieuedizioni.it\/?__tn__=K-R&amp;eid=ARAeozPECtZJIATF6Muiau9vNJG_RVubPMi4k0jC98nogJYUxyUFfo5SRX0IyTnIRIAhZjK7qXO_429s&amp;fref=mentions&amp;__xts__%5B0%5D=68.ARCDCHVmnqr4AyVSibvREFLO0Og8M2frcD8h_GSgVf2K7yHA5EfFN5tJ73-GV3UhY35Ht0ojuU5yGPrHlA69JDYBtndXXq0gIhLOU3P2iGnokRWM5FQbrzyiaEfjpu1deMCw_j4rvolHw8MEcUpuY0UuZuivYO6h8feXaaqVHAiwh_JIuDyfHdFbxHUmc7y3BRH96JONJsq8ajGdDeW8e7SC_fs2U5uQPIR05gUX3nwl5RP2QFlHZ4iu0R9ghpIezu8cx-f3oElPpLLCaikoQnS5Cy8hUB4U1PJTdBNdqL5-G2uoREzX8k_IIZ7JR1ZsW2M9R3QBc9mlmf8ysz6ZbHM\">Milieu Edizioni<\/a>,\u00a0<a href=\"https:\/\/www.facebook.com\/manifestolibri.it\/?__tn__=K-R&amp;eid=ARCwMGRoHqMCj84WHHJ4hymf_ZDyvrbMAKBVL5zGmZxVQcs8vXtYSI3axdyvMtVQUF6fB_5jpIK45x6K&amp;fref=mentions&amp;__xts__%5B0%5D=68.ARCDCHVmnqr4AyVSibvREFLO0Og8M2frcD8h_GSgVf2K7yHA5EfFN5tJ73-GV3UhY35Ht0ojuU5yGPrHlA69JDYBtndXXq0gIhLOU3P2iGnokRWM5FQbrzyiaEfjpu1deMCw_j4rvolHw8MEcUpuY0UuZuivYO6h8feXaaqVHAiwh_JIuDyfHdFbxHUmc7y3BRH96JONJsq8ajGdDeW8e7SC_fs2U5uQPIR05gUX3nwl5RP2QFlHZ4iu0R9ghpIezu8cx-f3oElPpLLCaikoQnS5Cy8hUB4U1PJTdBNdqL5-G2uoREzX8k_IIZ7JR1ZsW2M9R3QBc9mlmf8ysz6ZbHM\">Manifestolibri<\/a><\/p>\n<p>REALT\u00c0 CULTURALI<br \/>\n<a href=\"https:\/\/www.facebook.com\/AttacItalia\/?__tn__=K-R&amp;eid=ARBjwUcMPCpEeAwIJxEP5a0otx0IcPaoax60TMHONBbYBWC-deMkazOv0au892QsVDLLtpTWhWABY1Vy&amp;fref=mentions&amp;__xts__%5B0%5D=68.ARCDCHVmnqr4AyVSibvREFLO0Og8M2frcD8h_GSgVf2K7yHA5EfFN5tJ73-GV3UhY35Ht0ojuU5yGPrHlA69JDYBtndXXq0gIhLOU3P2iGnokRWM5FQbrzyiaEfjpu1deMCw_j4rvolHw8MEcUpuY0UuZuivYO6h8feXaaqVHAiwh_JIuDyfHdFbxHUmc7y3BRH96JONJsq8ajGdDeW8e7SC_fs2U5uQPIR05gUX3nwl5RP2QFlHZ4iu0R9ghpIezu8cx-f3oElPpLLCaikoQnS5Cy8hUB4U1PJTdBNdqL5-G2uoREzX8k_IIZ7JR1ZsW2M9R3QBc9mlmf8ysz6ZbHM\">Attac Italia<\/a>,\u00a0<a href=\"https:\/\/www.facebook.com\/ASSALTI-FRONTALI-OFFICIAL-PAGE-206974552441\/?__tn__=K-R&amp;eid=ARA7unz3cihNwcze9tnzh-dnySyudL7RRfM-YfelsweW5at2LajmrE1rxMXIM_UecTfCt2XJC5ObKE-U&amp;fref=mentions&amp;__xts__%5B0%5D=68.ARCDCHVmnqr4AyVSibvREFLO0Og8M2frcD8h_GSgVf2K7yHA5EfFN5tJ73-GV3UhY35Ht0ojuU5yGPrHlA69JDYBtndXXq0gIhLOU3P2iGnokRWM5FQbrzyiaEfjpu1deMCw_j4rvolHw8MEcUpuY0UuZuivYO6h8feXaaqVHAiwh_JIuDyfHdFbxHUmc7y3BRH96JONJsq8ajGdDeW8e7SC_fs2U5uQPIR05gUX3nwl5RP2QFlHZ4iu0R9ghpIezu8cx-f3oElPpLLCaikoQnS5Cy8hUB4U1PJTdBNdqL5-G2uoREzX8k_IIZ7JR1ZsW2M9R3QBc9mlmf8ysz6ZbHM\">ASSALTI FRONTALI OFFICIAL PAGE<\/a>\u00a0,\u00a0<a href=\"https:\/\/www.facebook.com\/Conflitti-948920178648495\/?__tn__=K-R&amp;eid=ARCADbqSGUc91heJX-Mk7kT0OcDGRlSGj_T98nG2pQEIGT40Y8aOyQzZ2d8CRm6EZAWLdmTrbZOWe5TY&amp;fref=mentions&amp;__xts__%5B0%5D=68.ARCDCHVmnqr4AyVSibvREFLO0Og8M2frcD8h_GSgVf2K7yHA5EfFN5tJ73-GV3UhY35Ht0ojuU5yGPrHlA69JDYBtndXXq0gIhLOU3P2iGnokRWM5FQbrzyiaEfjpu1deMCw_j4rvolHw8MEcUpuY0UuZuivYO6h8feXaaqVHAiwh_JIuDyfHdFbxHUmc7y3BRH96JONJsq8ajGdDeW8e7SC_fs2U5uQPIR05gUX3nwl5RP2QFlHZ4iu0R9ghpIezu8cx-f3oElPpLLCaikoQnS5Cy8hUB4U1PJTdBNdqL5-G2uoREzX8k_IIZ7JR1ZsW2M9R3QBc9mlmf8ysz6ZbHM\">Conflitti<\/a>,\u00a0<a href=\"https:\/\/www.facebook.com\/clap.roma\/?__tn__=K-R&amp;eid=ARAgZUD3ITeMpB-Tht4B2kZKBgGyuxhBgiCU1DZRk0diMHoY-rtcoWH4nhEQxsbRM7ZnJSXSoj_TK9yy&amp;fref=mentions&amp;__xts__%5B0%5D=68.ARCDCHVmnqr4AyVSibvREFLO0Og8M2frcD8h_GSgVf2K7yHA5EfFN5tJ73-GV3UhY35Ht0ojuU5yGPrHlA69JDYBtndXXq0gIhLOU3P2iGnokRWM5FQbrzyiaEfjpu1deMCw_j4rvolHw8MEcUpuY0UuZuivYO6h8feXaaqVHAiwh_JIuDyfHdFbxHUmc7y3BRH96JONJsq8ajGdDeW8e7SC_fs2U5uQPIR05gUX3nwl5RP2QFlHZ4iu0R9ghpIezu8cx-f3oElPpLLCaikoQnS5Cy8hUB4U1PJTdBNdqL5-G2uoREzX8k_IIZ7JR1ZsW2M9R3QBc9mlmf8ysz6ZbHM\">CLAP &#8211; Camere del Lavoro Autonomo e Precario<\/a>,\u00a0<a href=\"https:\/\/www.facebook.com\/EN0IZE\/?__tn__=K-R&amp;eid=ARA9K2Nf1_B1-j307hh8rWNNmZ-bPXAaMNEGUspoTfX6_h6t2TxOHRy4tBMmZYZB_aCNQC_x6gmaSigM&amp;fref=mentions&amp;__xts__%5B0%5D=68.ARCDCHVmnqr4AyVSibvREFLO0Og8M2frcD8h_GSgVf2K7yHA5EfFN5tJ73-GV3UhY35Ht0ojuU5yGPrHlA69JDYBtndXXq0gIhLOU3P2iGnokRWM5FQbrzyiaEfjpu1deMCw_j4rvolHw8MEcUpuY0UuZuivYO6h8feXaaqVHAiwh_JIuDyfHdFbxHUmc7y3BRH96JONJsq8ajGdDeW8e7SC_fs2U5uQPIR05gUX3nwl5RP2QFlHZ4iu0R9ghpIezu8cx-f3oElPpLLCaikoQnS5Cy8hUB4U1PJTdBNdqL5-G2uoREzX8k_IIZ7JR1ZsW2M9R3QBc9mlmf8ysz6ZbHM\">Enoize<\/a>,\u00a0<a href=\"https:\/\/www.facebook.com\/dinamopress\/?__tn__=K-R&amp;eid=ARAujmZKV9FD2HLSIYixejOQq-ABoSPko-cpf2xP2N0crU2-c8zqJnKl5sI4a5A6vj8VRDEfME1_eCJS&amp;fref=mentions&amp;__xts__%5B0%5D=68.ARCDCHVmnqr4AyVSibvREFLO0Og8M2frcD8h_GSgVf2K7yHA5EfFN5tJ73-GV3UhY35Ht0ojuU5yGPrHlA69JDYBtndXXq0gIhLOU3P2iGnokRWM5FQbrzyiaEfjpu1deMCw_j4rvolHw8MEcUpuY0UuZuivYO6h8feXaaqVHAiwh_JIuDyfHdFbxHUmc7y3BRH96JONJsq8ajGdDeW8e7SC_fs2U5uQPIR05gUX3nwl5RP2QFlHZ4iu0R9ghpIezu8cx-f3oElPpLLCaikoQnS5Cy8hUB4U1PJTdBNdqL5-G2uoREzX8k_IIZ7JR1ZsW2M9R3QBc9mlmf8ysz6ZbHM\">DINAMOpress<\/a>, associazione\u00a0<a href=\"https:\/\/www.facebook.com\/viviamolatorre\/?__tn__=K-R&amp;eid=ARAx2_-znUL34uV4DXM2cWm49vP8LadVtW4AMmNf-l0ywko15boDKq6tVw_-nIPLNhHyTemTNdu27vUV&amp;fref=mentions&amp;__xts__%5B0%5D=68.ARCDCHVmnqr4AyVSibvREFLO0Og8M2frcD8h_GSgVf2K7yHA5EfFN5tJ73-GV3UhY35Ht0ojuU5yGPrHlA69JDYBtndXXq0gIhLOU3P2iGnokRWM5FQbrzyiaEfjpu1deMCw_j4rvolHw8MEcUpuY0UuZuivYO6h8feXaaqVHAiwh_JIuDyfHdFbxHUmc7y3BRH96JONJsq8ajGdDeW8e7SC_fs2U5uQPIR05gUX3nwl5RP2QFlHZ4iu0R9ghpIezu8cx-f3oElPpLLCaikoQnS5Cy8hUB4U1PJTdBNdqL5-G2uoREzX8k_IIZ7JR1ZsW2M9R3QBc9mlmf8ysz6ZbHM\">Parco della Torre di Tormarancia<\/a>APS,\u00a0<a href=\"https:\/\/www.facebook.com\/binitalia.org\/?__tn__=K-R&amp;eid=ARDNW1P0IVfFK6Giw3sxRTJcsui-V7tkRv9x_dEjV7nw4ZwCO5TEszjKBqXLPjaCLWc4B93wRIO2ansu&amp;fref=mentions&amp;__xts__%5B0%5D=68.ARCDCHVmnqr4AyVSibvREFLO0Og8M2frcD8h_GSgVf2K7yHA5EfFN5tJ73-GV3UhY35Ht0ojuU5yGPrHlA69JDYBtndXXq0gIhLOU3P2iGnokRWM5FQbrzyiaEfjpu1deMCw_j4rvolHw8MEcUpuY0UuZuivYO6h8feXaaqVHAiwh_JIuDyfHdFbxHUmc7y3BRH96JONJsq8ajGdDeW8e7SC_fs2U5uQPIR05gUX3nwl5RP2QFlHZ4iu0R9ghpIezu8cx-f3oElPpLLCaikoQnS5Cy8hUB4U1PJTdBNdqL5-G2uoREzX8k_IIZ7JR1ZsW2M9R3QBc9mlmf8ysz6ZbHM\">BIN Italia<\/a>, Pat Atho<\/p>\n<p>AUTORI, AUTRICI, PERSONE SINGOLE DEL MONDO CULTURALE E NON<\/p>\n<p><a href=\"https:\/\/www.facebook.com\/Rossana-Campo-44560126579\/?__tn__=K-R&amp;eid=ARBQWjkBQe42zTTqDp3lhtrL9HWIgaVzVwn-M9XsLj9VkLqQC4dO01xCNBZ9psjDmFMRON6SIVVDJ_rp&amp;fref=mentions&amp;__xts__%5B0%5D=68.ARCDCHVmnqr4AyVSibvREFLO0Og8M2frcD8h_GSgVf2K7yHA5EfFN5tJ73-GV3UhY35Ht0ojuU5yGPrHlA69JDYBtndXXq0gIhLOU3P2iGnokRWM5FQbrzyiaEfjpu1deMCw_j4rvolHw8MEcUpuY0UuZuivYO6h8feXaaqVHAiwh_JIuDyfHdFbxHUmc7y3BRH96JONJsq8ajGdDeW8e7SC_fs2U5uQPIR05gUX3nwl5RP2QFlHZ4iu0R9ghpIezu8cx-f3oElPpLLCaikoQnS5Cy8hUB4U1PJTdBNdqL5-G2uoREzX8k_IIZ7JR1ZsW2M9R3QBc9mlmf8ysz6ZbHM\">Rossana Campo<\/a>\u00a0(scrittrice), Eugenio Cappuccio (regista), Paolo Berdini,\u00a0<a href=\"https:\/\/www.facebook.com\/augusto.illuminati?__tn__=K-R&amp;eid=ARCsActj9PMv26GOcdyPnVmVkfFK7TPseDab2qJu64LpYt60aPwSbjNZSPOayyJJqFqMER4akZvVMbTh&amp;fref=mentions&amp;__xts__%5B0%5D=68.ARCDCHVmnqr4AyVSibvREFLO0Og8M2frcD8h_GSgVf2K7yHA5EfFN5tJ73-GV3UhY35Ht0ojuU5yGPrHlA69JDYBtndXXq0gIhLOU3P2iGnokRWM5FQbrzyiaEfjpu1deMCw_j4rvolHw8MEcUpuY0UuZuivYO6h8feXaaqVHAiwh_JIuDyfHdFbxHUmc7y3BRH96JONJsq8ajGdDeW8e7SC_fs2U5uQPIR05gUX3nwl5RP2QFlHZ4iu0R9ghpIezu8cx-f3oElPpLLCaikoQnS5Cy8hUB4U1PJTdBNdqL5-G2uoREzX8k_IIZ7JR1ZsW2M9R3QBc9mlmf8ysz6ZbHM\" target=\"Augusto Illuminati\">Augusto Illuminati<\/a>,\u00a0<a href=\"https:\/\/www.facebook.com\/rossella.marchini.9?__tn__=K-R&amp;eid=ARCh0SyNmW9EkyDcq8VMG_F59eQqKeRD8nPtX_48Yvc_33eXSy-TOBWsXfs1tCIJWSGtyz_e8OPDCXxH&amp;fref=mentions&amp;__xts__%5B0%5D=68.ARCDCHVmnqr4AyVSibvREFLO0Og8M2frcD8h_GSgVf2K7yHA5EfFN5tJ73-GV3UhY35Ht0ojuU5yGPrHlA69JDYBtndXXq0gIhLOU3P2iGnokRWM5FQbrzyiaEfjpu1deMCw_j4rvolHw8MEcUpuY0UuZuivYO6h8feXaaqVHAiwh_JIuDyfHdFbxHUmc7y3BRH96JONJsq8ajGdDeW8e7SC_fs2U5uQPIR05gUX3nwl5RP2QFlHZ4iu0R9ghpIezu8cx-f3oElPpLLCaikoQnS5Cy8hUB4U1PJTdBNdqL5-G2uoREzX8k_IIZ7JR1ZsW2M9R3QBc9mlmf8ysz6ZbHM\" target=\"Rossella Marchini\">Rossella Marchini<\/a>, Massimiliano Falcone (insegnante), Salvo Graci (avvocato),\u00a0<a href=\"https:\/\/www.facebook.com\/ciccarelli.roberto?__tn__=K-R&amp;eid=ARAcTHkHmrgFb1wHJKKtrasQixgMFYIyUp4gLdreNQ0jOS2lUTQ_sOGxzOzeeTr9T72SnOn45i9H8FSJ&amp;fref=mentions&amp;__xts__%5B0%5D=68.ARCDCHVmnqr4AyVSibvREFLO0Og8M2frcD8h_GSgVf2K7yHA5EfFN5tJ73-GV3UhY35Ht0ojuU5yGPrHlA69JDYBtndXXq0gIhLOU3P2iGnokRWM5FQbrzyiaEfjpu1deMCw_j4rvolHw8MEcUpuY0UuZuivYO6h8feXaaqVHAiwh_JIuDyfHdFbxHUmc7y3BRH96JONJsq8ajGdDeW8e7SC_fs2U5uQPIR05gUX3nwl5RP2QFlHZ4iu0R9ghpIezu8cx-f3oElPpLLCaikoQnS5Cy8hUB4U1PJTdBNdqL5-G2uoREzX8k_IIZ7JR1ZsW2M9R3QBc9mlmf8ysz6ZbHM\" target=\"Roberto Ciccarelli\">Roberto Ciccarelli<\/a>\u00a0(giornalista),\u00a0<a href=\"https:\/\/www.facebook.com\/enrico.parisio.3?__tn__=K-R&amp;eid=ARB_xmfB2Jb_JOa5sKR3qVd0vx2QGh_pY9v3GdwMyKvKZwIn4VkviETy0Zff214pj5G-HDERWvVOO5cF&amp;fref=mentions&amp;__xts__%5B0%5D=68.ARCDCHVmnqr4AyVSibvREFLO0Og8M2frcD8h_GSgVf2K7yHA5EfFN5tJ73-GV3UhY35Ht0ojuU5yGPrHlA69JDYBtndXXq0gIhLOU3P2iGnokRWM5FQbrzyiaEfjpu1deMCw_j4rvolHw8MEcUpuY0UuZuivYO6h8feXaaqVHAiwh_JIuDyfHdFbxHUmc7y3BRH96JONJsq8ajGdDeW8e7SC_fs2U5uQPIR05gUX3nwl5RP2QFlHZ4iu0R9ghpIezu8cx-f3oElPpLLCaikoQnS5Cy8hUB4U1PJTdBNdqL5-G2uoREzX8k_IIZ7JR1ZsW2M9R3QBc9mlmf8ysz6ZbHM\" target=\"Enrico Parisio\">Enrico Parisio<\/a>\u00a0(docente), Erica Castorani (traduttrice), Giulia Patrizi (laureanda in lingue e letterature straniere),\u00a0<a href=\"https:\/\/www.facebook.com\/iacopo.ricci.3?__tn__=K-R&amp;eid=ARAVsyooBhiLTgca6yprvN75BVX7kfOORvrnasN449FDU2Y0BdEqJPoUh_GazJFruqCKdKb47JieIbcE&amp;fref=mentions&amp;__xts__%5B0%5D=68.ARCDCHVmnqr4AyVSibvREFLO0Og8M2frcD8h_GSgVf2K7yHA5EfFN5tJ73-GV3UhY35Ht0ojuU5yGPrHlA69JDYBtndXXq0gIhLOU3P2iGnokRWM5FQbrzyiaEfjpu1deMCw_j4rvolHw8MEcUpuY0UuZuivYO6h8feXaaqVHAiwh_JIuDyfHdFbxHUmc7y3BRH96JONJsq8ajGdDeW8e7SC_fs2U5uQPIR05gUX3nwl5RP2QFlHZ4iu0R9ghpIezu8cx-f3oElPpLLCaikoQnS5Cy8hUB4U1PJTdBNdqL5-G2uoREzX8k_IIZ7JR1ZsW2M9R3QBc9mlmf8ysz6ZbHM\" target=\"Iacopo Ricci\">Iacopo Ricci<\/a>\u00a0(tecnico di pugilato e autore), Simona Bonsignori (manifesto libri), Eugezio Abbruzzese (studente di pianoforte), Donatella Marchionne, Leonardo Pompili, Lavinia D&#8217;Angeli<\/p>\n<p>&nbsp;<\/p>\n","protected":false},"excerpt":{"rendered":"<p>\u00a0Le emergenze non sono uguali per tutti. Le disposizioni governative per contrastare il coronavirus stanno calando in maniera pesante su molti settori. Ma ce ne sono alcuni che ne soffrono in maniera particolare perch\u00e9 privi di ogni forma di tutela&hellip;<\/p>\n","protected":false},"author":594,"featured_media":1055189,"comment_status":"closed","ping_status":"closed","sticky":false,"template":"","format":"standard","meta":{"footnotes":""},"categories":[150,56,47],"tags":[3462,13866,16904,72196],"class_list":["post-1055176","post","type-post","status-publish","format-standard","has-post-thumbnail","hentry","category-comunicati-stampa","category-cultura","category-europa","tag-cinema-it","tag-cultura-16","tag-reddito-di-cittadinanza","tag-teatri"],"yoast_head":"<!-- This site is optimized with the Yoast SEO plugin v27.1.1 - https:\/\/yoast.com\/product\/yoast-seo-wordpress\/ -->\n<title>La Cultura Non Viene (Mai) Dopo<\/title>\n<meta name=\"description\" content=\"\u00a0Le emergenze non sono uguali per tutti. Le disposizioni governative per contrastare il coronavirus stanno calando in maniera pesante su molti settori. Ma\" \/>\n<meta name=\"robots\" content=\"index, follow, max-snippet:-1, max-image-preview:large, max-video-preview:-1\" \/>\n<link rel=\"canonical\" href=\"https:\/\/www.pressenza.com\/it\/2020\/03\/la-cultura-non-viene-mai-dopo\/\" \/>\n<meta property=\"og:locale\" content=\"it_IT\" \/>\n<meta property=\"og:type\" content=\"article\" \/>\n<meta property=\"og:title\" content=\"La Cultura Non Viene (Mai) Dopo\" \/>\n<meta property=\"og:description\" content=\"\u00a0Le emergenze non sono uguali per tutti. Le disposizioni governative per contrastare il coronavirus stanno calando in maniera pesante su molti settori. Ma\" \/>\n<meta property=\"og:url\" content=\"https:\/\/www.pressenza.com\/it\/2020\/03\/la-cultura-non-viene-mai-dopo\/\" \/>\n<meta property=\"og:site_name\" content=\"Pressenza\" \/>\n<meta property=\"article:publisher\" content=\"https:\/\/www.facebook.com\/PressenzaItalia\" \/>\n<meta property=\"article:author\" content=\"https:\/\/www.facebook.com\/PressenzaItalia\" \/>\n<meta property=\"article:published_time\" content=\"2020-03-10T19:56:10+00:00\" \/>\n<meta property=\"og:image\" content=\"https:\/\/www.pressenza.com\/wp-content\/uploads\/2020\/03\/cultura-appello.jpg\" \/>\n\t<meta property=\"og:image:width\" content=\"960\" \/>\n\t<meta property=\"og:image:height\" content=\"918\" \/>\n\t<meta property=\"og:image:type\" content=\"image\/jpeg\" \/>\n<meta name=\"author\" content=\"Redazione Italia\" \/>\n<meta name=\"twitter:card\" content=\"summary_large_image\" \/>\n<meta name=\"twitter:creator\" content=\"@pressenza_it\" \/>\n<meta name=\"twitter:site\" content=\"@PressenzaIPA\" \/>\n<meta name=\"twitter:label1\" content=\"Scritto da\" \/>\n\t<meta name=\"twitter:data1\" content=\"Redazione Italia\" \/>\n\t<meta name=\"twitter:label2\" content=\"Tempo di lettura stimato\" \/>\n\t<meta name=\"twitter:data2\" content=\"4 minuti\" \/>\n<script type=\"application\/ld+json\" class=\"yoast-schema-graph\">{\"@context\":\"https:\/\/schema.org\",\"@graph\":[{\"@type\":\"Article\",\"@id\":\"https:\/\/www.pressenza.com\/it\/2020\/03\/la-cultura-non-viene-mai-dopo\/#article\",\"isPartOf\":{\"@id\":\"https:\/\/www.pressenza.com\/it\/2020\/03\/la-cultura-non-viene-mai-dopo\/\"},\"author\":{\"name\":\"Redazione Italia\",\"@id\":\"https:\/\/www.pressenza.com\/it\/#\/schema\/person\/d983e81827ae24f2c7b1a2123d197f8d\"},\"headline\":\"La Cultura Non Viene (Mai) Dopo\",\"datePublished\":\"2020-03-10T19:56:10+00:00\",\"mainEntityOfPage\":{\"@id\":\"https:\/\/www.pressenza.com\/it\/2020\/03\/la-cultura-non-viene-mai-dopo\/\"},\"wordCount\":872,\"publisher\":{\"@id\":\"https:\/\/www.pressenza.com\/it\/#organization\"},\"image\":{\"@id\":\"https:\/\/www.pressenza.com\/it\/2020\/03\/la-cultura-non-viene-mai-dopo\/#primaryimage\"},\"thumbnailUrl\":\"https:\/\/www.pressenza.com\/wp-content\/uploads\/2020\/03\/cultura-appello.jpg\",\"keywords\":[\"cinema\",\"cultura\",\"reddito di cittadinanza\",\"teatri\"],\"articleSection\":[\"Comunicati Stampa\",\"Cultura e Media\",\"Europa\"],\"inLanguage\":\"it-IT\"},{\"@type\":\"WebPage\",\"@id\":\"https:\/\/www.pressenza.com\/it\/2020\/03\/la-cultura-non-viene-mai-dopo\/\",\"url\":\"https:\/\/www.pressenza.com\/it\/2020\/03\/la-cultura-non-viene-mai-dopo\/\",\"name\":\"La Cultura Non Viene (Mai) Dopo\",\"isPartOf\":{\"@id\":\"https:\/\/www.pressenza.com\/it\/#website\"},\"primaryImageOfPage\":{\"@id\":\"https:\/\/www.pressenza.com\/it\/2020\/03\/la-cultura-non-viene-mai-dopo\/#primaryimage\"},\"image\":{\"@id\":\"https:\/\/www.pressenza.com\/it\/2020\/03\/la-cultura-non-viene-mai-dopo\/#primaryimage\"},\"thumbnailUrl\":\"https:\/\/www.pressenza.com\/wp-content\/uploads\/2020\/03\/cultura-appello.jpg\",\"datePublished\":\"2020-03-10T19:56:10+00:00\",\"description\":\"\u00a0Le emergenze non sono uguali per tutti. Le disposizioni governative per contrastare il coronavirus stanno calando in maniera pesante su molti settori. Ma\",\"breadcrumb\":{\"@id\":\"https:\/\/www.pressenza.com\/it\/2020\/03\/la-cultura-non-viene-mai-dopo\/#breadcrumb\"},\"inLanguage\":\"it-IT\",\"potentialAction\":[{\"@type\":\"ReadAction\",\"target\":[\"https:\/\/www.pressenza.com\/it\/2020\/03\/la-cultura-non-viene-mai-dopo\/\"]}]},{\"@type\":\"ImageObject\",\"inLanguage\":\"it-IT\",\"@id\":\"https:\/\/www.pressenza.com\/it\/2020\/03\/la-cultura-non-viene-mai-dopo\/#primaryimage\",\"url\":\"https:\/\/www.pressenza.com\/wp-content\/uploads\/2020\/03\/cultura-appello.jpg\",\"contentUrl\":\"https:\/\/www.pressenza.com\/wp-content\/uploads\/2020\/03\/cultura-appello.jpg\",\"width\":960,\"height\":918},{\"@type\":\"BreadcrumbList\",\"@id\":\"https:\/\/www.pressenza.com\/it\/2020\/03\/la-cultura-non-viene-mai-dopo\/#breadcrumb\",\"itemListElement\":[{\"@type\":\"ListItem\",\"position\":1,\"name\":\"Accueil\",\"item\":\"https:\/\/www.pressenza.com\/it\/\"},{\"@type\":\"ListItem\",\"position\":2,\"name\":\"La Cultura Non Viene (Mai) Dopo\"}]},{\"@type\":\"WebSite\",\"@id\":\"https:\/\/www.pressenza.com\/it\/#website\",\"url\":\"https:\/\/www.pressenza.com\/it\/\",\"name\":\"Pressenza\",\"description\":\"Agenzia di Stampa Internazionale\",\"publisher\":{\"@id\":\"https:\/\/www.pressenza.com\/it\/#organization\"},\"potentialAction\":[{\"@type\":\"SearchAction\",\"target\":{\"@type\":\"EntryPoint\",\"urlTemplate\":\"https:\/\/www.pressenza.com\/it\/?s={search_term_string}\"},\"query-input\":{\"@type\":\"PropertyValueSpecification\",\"valueRequired\":true,\"valueName\":\"search_term_string\"}}],\"inLanguage\":\"it-IT\"},{\"@type\":\"Organization\",\"@id\":\"https:\/\/www.pressenza.com\/it\/#organization\",\"name\":\"Pressenza\",\"url\":\"https:\/\/www.pressenza.com\/it\/\",\"logo\":{\"@type\":\"ImageObject\",\"inLanguage\":\"it-IT\",\"@id\":\"https:\/\/www.pressenza.com\/it\/#\/schema\/logo\/image\/\",\"url\":\"https:\/\/www.pressenza.com\/wp-content\/uploads\/2022\/10\/pressenza_logo_200x200.jpg\",\"contentUrl\":\"https:\/\/www.pressenza.com\/wp-content\/uploads\/2022\/10\/pressenza_logo_200x200.jpg\",\"width\":200,\"height\":200,\"caption\":\"Pressenza\"},\"image\":{\"@id\":\"https:\/\/www.pressenza.com\/it\/#\/schema\/logo\/image\/\"},\"sameAs\":[\"https:\/\/www.facebook.com\/PressenzaItalia\",\"https:\/\/x.com\/PressenzaIPA\"]},{\"@type\":\"Person\",\"@id\":\"https:\/\/www.pressenza.com\/it\/#\/schema\/person\/d983e81827ae24f2c7b1a2123d197f8d\",\"name\":\"Redazione Italia\",\"description\":\"News from the Pressenza Bureau in Italy\",\"sameAs\":[\"https:\/\/www.pressenza.com\/it\/author\/redazione-italia\/\",\"https:\/\/www.facebook.com\/PressenzaItalia\",\"https:\/\/www.instagram.com\/pressenza_italia\/\",\"https:\/\/x.com\/pressenza_it\",\"https:\/\/www.youtube.com\/channel\/UCSalEIWjE1RSxkwjfftFuqg\"],\"url\":\"https:\/\/www.pressenza.com\/it\/author\/redazione-italia\/\"}]}<\/script>\n<!-- \/ Yoast SEO plugin. -->","yoast_head_json":{"title":"La Cultura Non Viene (Mai) Dopo","description":"\u00a0Le emergenze non sono uguali per tutti. Le disposizioni governative per contrastare il coronavirus stanno calando in maniera pesante su molti settori. Ma","robots":{"index":"index","follow":"follow","max-snippet":"max-snippet:-1","max-image-preview":"max-image-preview:large","max-video-preview":"max-video-preview:-1"},"canonical":"https:\/\/www.pressenza.com\/it\/2020\/03\/la-cultura-non-viene-mai-dopo\/","og_locale":"it_IT","og_type":"article","og_title":"La Cultura Non Viene (Mai) Dopo","og_description":"\u00a0Le emergenze non sono uguali per tutti. Le disposizioni governative per contrastare il coronavirus stanno calando in maniera pesante su molti settori. Ma","og_url":"https:\/\/www.pressenza.com\/it\/2020\/03\/la-cultura-non-viene-mai-dopo\/","og_site_name":"Pressenza","article_publisher":"https:\/\/www.facebook.com\/PressenzaItalia","article_author":"https:\/\/www.facebook.com\/PressenzaItalia","article_published_time":"2020-03-10T19:56:10+00:00","og_image":[{"width":960,"height":918,"url":"https:\/\/www.pressenza.com\/wp-content\/uploads\/2020\/03\/cultura-appello.jpg","type":"image\/jpeg"}],"author":"Redazione Italia","twitter_card":"summary_large_image","twitter_creator":"@pressenza_it","twitter_site":"@PressenzaIPA","twitter_misc":{"Scritto da":"Redazione Italia","Tempo di lettura stimato":"4 minuti"},"schema":{"@context":"https:\/\/schema.org","@graph":[{"@type":"Article","@id":"https:\/\/www.pressenza.com\/it\/2020\/03\/la-cultura-non-viene-mai-dopo\/#article","isPartOf":{"@id":"https:\/\/www.pressenza.com\/it\/2020\/03\/la-cultura-non-viene-mai-dopo\/"},"author":{"name":"Redazione Italia","@id":"https:\/\/www.pressenza.com\/it\/#\/schema\/person\/d983e81827ae24f2c7b1a2123d197f8d"},"headline":"La Cultura Non Viene (Mai) Dopo","datePublished":"2020-03-10T19:56:10+00:00","mainEntityOfPage":{"@id":"https:\/\/www.pressenza.com\/it\/2020\/03\/la-cultura-non-viene-mai-dopo\/"},"wordCount":872,"publisher":{"@id":"https:\/\/www.pressenza.com\/it\/#organization"},"image":{"@id":"https:\/\/www.pressenza.com\/it\/2020\/03\/la-cultura-non-viene-mai-dopo\/#primaryimage"},"thumbnailUrl":"https:\/\/www.pressenza.com\/wp-content\/uploads\/2020\/03\/cultura-appello.jpg","keywords":["cinema","cultura","reddito di cittadinanza","teatri"],"articleSection":["Comunicati Stampa","Cultura e Media","Europa"],"inLanguage":"it-IT"},{"@type":"WebPage","@id":"https:\/\/www.pressenza.com\/it\/2020\/03\/la-cultura-non-viene-mai-dopo\/","url":"https:\/\/www.pressenza.com\/it\/2020\/03\/la-cultura-non-viene-mai-dopo\/","name":"La Cultura Non Viene (Mai) Dopo","isPartOf":{"@id":"https:\/\/www.pressenza.com\/it\/#website"},"primaryImageOfPage":{"@id":"https:\/\/www.pressenza.com\/it\/2020\/03\/la-cultura-non-viene-mai-dopo\/#primaryimage"},"image":{"@id":"https:\/\/www.pressenza.com\/it\/2020\/03\/la-cultura-non-viene-mai-dopo\/#primaryimage"},"thumbnailUrl":"https:\/\/www.pressenza.com\/wp-content\/uploads\/2020\/03\/cultura-appello.jpg","datePublished":"2020-03-10T19:56:10+00:00","description":"\u00a0Le emergenze non sono uguali per tutti. Le disposizioni governative per contrastare il coronavirus stanno calando in maniera pesante su molti settori. Ma","breadcrumb":{"@id":"https:\/\/www.pressenza.com\/it\/2020\/03\/la-cultura-non-viene-mai-dopo\/#breadcrumb"},"inLanguage":"it-IT","potentialAction":[{"@type":"ReadAction","target":["https:\/\/www.pressenza.com\/it\/2020\/03\/la-cultura-non-viene-mai-dopo\/"]}]},{"@type":"ImageObject","inLanguage":"it-IT","@id":"https:\/\/www.pressenza.com\/it\/2020\/03\/la-cultura-non-viene-mai-dopo\/#primaryimage","url":"https:\/\/www.pressenza.com\/wp-content\/uploads\/2020\/03\/cultura-appello.jpg","contentUrl":"https:\/\/www.pressenza.com\/wp-content\/uploads\/2020\/03\/cultura-appello.jpg","width":960,"height":918},{"@type":"BreadcrumbList","@id":"https:\/\/www.pressenza.com\/it\/2020\/03\/la-cultura-non-viene-mai-dopo\/#breadcrumb","itemListElement":[{"@type":"ListItem","position":1,"name":"Accueil","item":"https:\/\/www.pressenza.com\/it\/"},{"@type":"ListItem","position":2,"name":"La Cultura Non Viene (Mai) Dopo"}]},{"@type":"WebSite","@id":"https:\/\/www.pressenza.com\/it\/#website","url":"https:\/\/www.pressenza.com\/it\/","name":"Pressenza","description":"Agenzia di Stampa Internazionale","publisher":{"@id":"https:\/\/www.pressenza.com\/it\/#organization"},"potentialAction":[{"@type":"SearchAction","target":{"@type":"EntryPoint","urlTemplate":"https:\/\/www.pressenza.com\/it\/?s={search_term_string}"},"query-input":{"@type":"PropertyValueSpecification","valueRequired":true,"valueName":"search_term_string"}}],"inLanguage":"it-IT"},{"@type":"Organization","@id":"https:\/\/www.pressenza.com\/it\/#organization","name":"Pressenza","url":"https:\/\/www.pressenza.com\/it\/","logo":{"@type":"ImageObject","inLanguage":"it-IT","@id":"https:\/\/www.pressenza.com\/it\/#\/schema\/logo\/image\/","url":"https:\/\/www.pressenza.com\/wp-content\/uploads\/2022\/10\/pressenza_logo_200x200.jpg","contentUrl":"https:\/\/www.pressenza.com\/wp-content\/uploads\/2022\/10\/pressenza_logo_200x200.jpg","width":200,"height":200,"caption":"Pressenza"},"image":{"@id":"https:\/\/www.pressenza.com\/it\/#\/schema\/logo\/image\/"},"sameAs":["https:\/\/www.facebook.com\/PressenzaItalia","https:\/\/x.com\/PressenzaIPA"]},{"@type":"Person","@id":"https:\/\/www.pressenza.com\/it\/#\/schema\/person\/d983e81827ae24f2c7b1a2123d197f8d","name":"Redazione Italia","description":"News from the Pressenza Bureau in Italy","sameAs":["https:\/\/www.pressenza.com\/it\/author\/redazione-italia\/","https:\/\/www.facebook.com\/PressenzaItalia","https:\/\/www.instagram.com\/pressenza_italia\/","https:\/\/x.com\/pressenza_it","https:\/\/www.youtube.com\/channel\/UCSalEIWjE1RSxkwjfftFuqg"],"url":"https:\/\/www.pressenza.com\/it\/author\/redazione-italia\/"}]}},"place":"","original_article_url":"","_links":{"self":[{"href":"https:\/\/www.pressenza.com\/it\/wp-json\/wp\/v2\/posts\/1055176","targetHints":{"allow":["GET"]}}],"collection":[{"href":"https:\/\/www.pressenza.com\/it\/wp-json\/wp\/v2\/posts"}],"about":[{"href":"https:\/\/www.pressenza.com\/it\/wp-json\/wp\/v2\/types\/post"}],"author":[{"embeddable":true,"href":"https:\/\/www.pressenza.com\/it\/wp-json\/wp\/v2\/users\/594"}],"replies":[{"embeddable":true,"href":"https:\/\/www.pressenza.com\/it\/wp-json\/wp\/v2\/comments?post=1055176"}],"version-history":[{"count":0,"href":"https:\/\/www.pressenza.com\/it\/wp-json\/wp\/v2\/posts\/1055176\/revisions"}],"wp:featuredmedia":[{"embeddable":true,"href":"https:\/\/www.pressenza.com\/it\/wp-json\/wp\/v2\/media\/1055189"}],"wp:attachment":[{"href":"https:\/\/www.pressenza.com\/it\/wp-json\/wp\/v2\/media?parent=1055176"}],"wp:term":[{"taxonomy":"category","embeddable":true,"href":"https:\/\/www.pressenza.com\/it\/wp-json\/wp\/v2\/categories?post=1055176"},{"taxonomy":"post_tag","embeddable":true,"href":"https:\/\/www.pressenza.com\/it\/wp-json\/wp\/v2\/tags?post=1055176"}],"curies":[{"name":"wp","href":"https:\/\/api.w.org\/{rel}","templated":true}]}}