{"id":1053864,"date":"2020-03-09T14:38:27","date_gmt":"2020-03-09T14:38:27","guid":{"rendered":"https:\/\/www.pressenza.com\/?p=1053864"},"modified":"2020-03-09T14:41:24","modified_gmt":"2020-03-09T14:41:24","slug":"si-conclude-la-seconda-marcia-mondiale-per-la-pace-e-la-nonviolenza","status":"publish","type":"post","link":"https:\/\/www.pressenza.com\/it\/2020\/03\/si-conclude-la-seconda-marcia-mondiale-per-la-pace-e-la-nonviolenza\/","title":{"rendered":"Si conclude la Seconda Marcia Mondiale per la Pace e la Nonviolenza"},"content":{"rendered":"<p>Pur subendo alcune modifiche e cancellazioni legate all\u2019emergenza coronavirus, si \u00e8 appena conclusa la Seconda Marcia Mondiale per la Pace e la Nonviolenza, partita da Madrid nell\u2019ottobre scorso. Del significato e dei temi principali di questa iniziativa abbiamo parlato con Olivier Turquet.<\/p>\n<p>Era partita simbolicamente il 2 ottobre 2019 da Madrid e l\u00ec \u00e8 terminata ieri al km 0 della Puerta del Sol: la\u00a0<strong>Seconda Marcia Mondiale per la Pace e la Nonviolenza<\/strong>.<\/p>\n<p>Nata nello stesso giorno del Mahatma Gandhi, la Marcia anche in questa edizione ha gettato ponti di speranza, aperto nuove vie per la collaborazione e celebrato le\u00a0<strong>buone pratiche<\/strong>\u00a0che gi\u00e0 fioriscono tra persone di tutto il mondo toccando tutti i continenti. Lo scopo ufficiale della Seconda Marcia Mondiale era quello di \u201csegnalare la pericolosa situazione mondiale con crescenti conflitti, di continuare a sensibilizzare, rendere visibili le azioni positive, dare voce alle nuove generazioni che vogliono dar vita ad una cultura della nonviolenza\u201d.<\/p>\n<p><img loading=\"lazy\" decoding=\"async\" class=\"aligncenter wp-image-1053865 size-full\" src=\"https:\/\/www.pressenza.com\/wp-content\/uploads\/2020\/03\/marcia-10nov19.jpg\" alt=\"\" width=\"709\" height=\"447\" srcset=\"https:\/\/www.pressenza.com\/wp-content\/uploads\/2020\/03\/marcia-10nov19.jpg 709w, https:\/\/www.pressenza.com\/wp-content\/uploads\/2020\/03\/marcia-10nov19-300x189.jpg 300w\" sizes=\"auto, (max-width: 709px) 100vw, 709px\" \/><\/p>\n<p>A seguito dell\u2019<strong>emergenza per il Coronavirus\u00a0<\/strong>le tappe programmate per l\u2019Italia hanno subito modifiche e cancellazioni dell\u2019ultimo minuto, ma attenzione: ottobre ci riserver\u00e0 alcune gradite sorprese tra le altre anche qui, nella citt\u00e0 di Milano (da dove scrivo), dove erano stati preparati numerosi eventi con scuole che avevano aderito entusiasticamente.<\/p>\n<p>A raccontarci cosa si \u00e8 fatto in Italia negli ultimi mesi e a darci le prime anticipazione di quanto ancora dovr\u00e0 avvenire sar\u00e0\u00a0<strong>Olivier Turquet<\/strong>, che ha curato l\u2019ufficio stampa di entrambe le edizioni della Marcia Mondiale per la Pace e la Nonviolenza, oltre ad essere un infaticabile attivista per la pace e la nonviolenza lui stesso e a coordinare la redazione italiana dell\u2019agenzia di Stampa Internazionale\u00a0<a href=\"https:\/\/www.pressenza.com\/it\/\" aria-label=\"Pressenza (opens in a new tab)\"><strong>Pressenza<\/strong><\/a>, nostra partner.<\/p>\n<p><strong>Cosa \u00e8 successo in Italia a seguito dell\u2019emergenza sanitaria?<\/strong><\/p>\n<p>\u00c8 stata una decisione difficile, ma al tempo stesso presa per consenso con il metodo della nonviolenza. Abbiamo dovuto decidere in poco tempo, e in un momento di grande incertezza e di notizie contraddittorie, cosa fare rispetto all\u2019emergenza. La decisione finale \u00e8 stata quella di non far passare l\u2019equipe base della Marcia dall\u2019Italia, ma di mandarli direttamente a Madrid per il finale della marcia, l\u20198 marzo. Da una parte per salvaguardare la salute stessa dei marciatori, dall\u2019altra per garantire che potessero tornare a Madrid senza rischi di quarantena.<\/p>\n<p><strong>La marcia ha attraversato comunque tutto il mondo, Italia compresa, anche con numerosi eventi dal 2 Ottobre 2019 all\u20198 Marzo 2020. Ce ne puoi raccontare alcuni?<\/strong><\/p>\n<p>Sicuramente l\u2019Italia \u00e8 stata, da questo punto di vista, una realt\u00e0 molto viva e varia e, sotto il logo della Marcia, sono state realizzate molte attivit\u00e0. \u00c8 difficile citarle tutte, ma prover\u00f2 a elencarne alcune. La prima che mi viene in mente \u00e8\u00a0<a href=\"https:\/\/www.pressenza.com\/it\/tag\/mediterraneo-mare-di-pace\/\" aria-label=\"Mediterraneo Mare di Pace (opens in a new tab)\"><strong>Mediterraneo Mare di Pace<\/strong><\/a>, un\u2019iniziativa che \u00e8 partita dall\u2019Italia il 24 novembre scorso e che ha portato a un giro in barca a vela per tutto il Mediterraneo, chiedendone la trasformazione in un mare privo di guerre e di armi nucleari.<\/p>\n<p>Sono state inoltre innumerevoli le attivit\u00e0 nelle scuole di tutta Italia, ma forse quelle pi\u00f9 strutturate e permanenti (ed anche quelle che sfortunatamente sono state maggiormente penalizzate dalla congiuntura sfavorevole) sono state quelle di\u00a0<a href=\"https:\/\/www.edumana.it\/\" aria-label=\"Edumana (opens in a new tab)\"><strong>Edumana<\/strong><\/a>, stupendo progetto organico di educazione alla nonviolenza attiva nelle scuole di Milano.<\/p>\n<p>Varie sono state anche le camminate connesse con l\u2019idea della nonviolenza in cammino:\u00a0<strong>camminate nella natura<\/strong>\u00a0o camminate per gli spazi storici della nonviolenza a Firenze.<\/p>\n<p>Un obiettivo cruciale della Marcia Mondiale era quello del Disarmo Nucleare e, nello specifico, della firma, da parte dell\u2019Italia, del\u00a0<a href=\"http:\/\/theendofnuclearweapons.com\/languages\/linizio-della-fine-delle-armi-nucleari\/\" aria-label=\"Trattato di Proibizione delle Armi Nucleari (opens in a new tab)\"><strong>Trattato di Proibizione delle Armi Nucleari<\/strong><\/a>. Moltissime sono state le manifestazioni e in particolare le proiezioni, anche nelle scuole, del documentario di Pressenza\u00a0<a href=\"http:\/\/theendofnuclearweapons.com\/languages\/linizio-della-fine-delle-armi-nucleari\/\" aria-label=\"L'inizio della fine delle armi nucleari (opens in a new tab)\"><strong>L\u2019inizio della fine delle armi nucleari<\/strong><\/a>.<\/p>\n<p><strong>La Marcia aveva numerosi obiettivi. Quali di essi ti pare abbiano ispirato maggiormente i partecipanti?<\/strong><\/p>\n<p>Io credo che le attivit\u00e0 della Marcia Mondiale siano servite a chiarire e ad approfondire tutti i temi (qui il\u00a0<a href=\"https:\/\/theworldmarch.org\/it\/manifesto\/\" aria-label=\"manifesto completo della Marcia (opens in a new tab)\"><strong>manifesto completo della Marcia<\/strong><\/a>). A volte, come nel caso del nucleare, a informare su un tema tanto grave come quello dell\u2019emergenza ecologica, ma molto meno conosciuto e compreso. La possibilit\u00e0 di un semplice \u201cerrore nucleare\u201d potrebbe produrre in un sol colpo tutto il disastro ecologico che gi\u00e0 sta producendo un sistema economico globale basato su un profitto sempre pi\u00f9 rapace.<\/p>\n<p>L\u2019esigenza delle persone mi pare che vada verso una nuova presa di coscienza della centralit\u00e0 della nonviolenza come pratica di vita e come metodo per la risoluzione dei conflitti. L\u2019umanit\u00e0 ha bisogno della nonviolenza, cos\u00ec come ha bisogno dell\u2019Umanesimo nel senso dell\u2019attenzione a tutte le persone. Lo stare insieme, il volersi ancora associare per un mondo migliore, la capacit\u00e0 di organizzarsi in modo intergenerazionale, convergendo tra diversit\u00e0. Ho incontrato molte persone in questo cammino, persone che mi hanno arricchito e che mi hanno fatto scorgere un pezzetto di quel mondo senza guerre, solidale, pieno di cura per gli esseri umani e per la loro casa, il nostro piccolo pianeta, \u201crotondo albergo blu, velato dalle nubi\u201d, come ricorda Silo, poeta e scrittore che di questa Marcia \u00e8 stato il primo ispiratore.<\/p>\n<p><img loading=\"lazy\" decoding=\"async\" class=\"aligncenter wp-image-1053875 size-full\" src=\"https:\/\/www.pressenza.com\/wp-content\/uploads\/2020\/03\/lenzuolo-pace.jpg\" alt=\"\" width=\"720\" height=\"350\" srcset=\"https:\/\/www.pressenza.com\/wp-content\/uploads\/2020\/03\/lenzuolo-pace.jpg 720w, https:\/\/www.pressenza.com\/wp-content\/uploads\/2020\/03\/lenzuolo-pace-300x146.jpg 300w\" sizes=\"auto, (max-width: 720px) 100vw, 720px\" \/><\/p>\n<p><strong>Quando passer\u00e0 nuovamente la Marcia in Italia?<\/strong><\/p>\n<p>Lo stiamo decidendo, abbiamo una riunione a met\u00e0 marzo. In linea di massima l\u2019idea \u00e8 di rifare il percorso previsto a ottobre, nei dintorni della Giornata Internazionale della Nonviolenza.<\/p>\n<p><strong>Si \u00e8 deciso di accorciare i tempi e la prossima edizione della Marcia Mondiale sar\u00e0 tra cinque anni: si render\u00e0 ancora necessaria?<\/strong><\/p>\n<p>Io spero di no. Il mondo sta accelerando e gli incontri che abbiamo avuto ci dicono che tanta gente si sta mettendo in cammino. Il cammino \u00e8 accidentato e in salita, ma ci rende migliori ad ogni passo. Ci rende migliori perch\u00e9 esistiamo e comprendiamo che esistono anche gli altri e che \u00e8 in quest\u2019interazione reciproca che possiamo migliorare noi stessi, gli altri ed il mondo che ci circonda.<\/p>\n<p>&nbsp;<\/p>\n","protected":false},"excerpt":{"rendered":"<p>Pur subendo alcune modifiche e cancellazioni legate all\u2019emergenza coronavirus, si \u00e8 appena conclusa la Seconda Marcia Mondiale per la Pace e la Nonviolenza, partita da Madrid nell\u2019ottobre scorso. Del significato e dei temi principali di questa iniziativa abbiamo parlato con&hellip;<\/p>\n","protected":false},"author":1156,"featured_media":1053885,"comment_status":"closed","ping_status":"closed","sticky":false,"template":"","format":"standard","meta":{"footnotes":""},"categories":[157,1262,1263],"tags":[72143,72142,41996],"class_list":["post-1053864","post","type-post","status-publish","format-standard","has-post-thumbnail","hentry","category-interviste","category-nonviolenza-argomento","category-pace-disarmo","tag-emergenza-coronavirus","tag-eventi-in-italia","tag-2a-marcia-mondiale-per-la-pace-e-la-nonviolenza"],"yoast_head":"<!-- This site is optimized with the Yoast SEO plugin v27.1.1 - https:\/\/yoast.com\/product\/yoast-seo-wordpress\/ -->\n<title>Si conclude la Seconda Marcia Mondiale per la Pace e la Nonviolenza<\/title>\n<meta name=\"description\" content=\"Pur subendo alcune modifiche e cancellazioni legate all\u2019emergenza coronavirus, si \u00e8 appena conclusa la Seconda Marcia Mondiale per la Pace e la\" \/>\n<meta name=\"robots\" content=\"index, follow, max-snippet:-1, max-image-preview:large, max-video-preview:-1\" \/>\n<link rel=\"canonical\" href=\"https:\/\/www.pressenza.com\/it\/2020\/03\/si-conclude-la-seconda-marcia-mondiale-per-la-pace-e-la-nonviolenza\/\" \/>\n<meta property=\"og:locale\" content=\"it_IT\" \/>\n<meta property=\"og:type\" content=\"article\" \/>\n<meta property=\"og:title\" content=\"Si conclude la Seconda Marcia Mondiale per la Pace e la Nonviolenza\" \/>\n<meta property=\"og:description\" content=\"Pur subendo alcune modifiche e cancellazioni legate all\u2019emergenza coronavirus, si \u00e8 appena conclusa la Seconda Marcia Mondiale per la Pace e la\" \/>\n<meta property=\"og:url\" content=\"https:\/\/www.pressenza.com\/it\/2020\/03\/si-conclude-la-seconda-marcia-mondiale-per-la-pace-e-la-nonviolenza\/\" \/>\n<meta property=\"og:site_name\" content=\"Pressenza\" \/>\n<meta property=\"article:publisher\" content=\"https:\/\/www.facebook.com\/PressenzaItalia\" \/>\n<meta property=\"article:published_time\" content=\"2020-03-09T14:38:27+00:00\" \/>\n<meta property=\"article:modified_time\" content=\"2020-03-09T14:41:24+00:00\" \/>\n<meta property=\"og:image\" content=\"https:\/\/www.pressenza.com\/wp-content\/uploads\/2020\/03\/Marsiglia-2.jpg\" \/>\n\t<meta property=\"og:image:width\" content=\"640\" \/>\n\t<meta property=\"og:image:height\" content=\"480\" \/>\n\t<meta property=\"og:image:type\" content=\"image\/jpeg\" \/>\n<meta name=\"author\" content=\"Italia che Cambia\" \/>\n<meta name=\"twitter:card\" content=\"summary_large_image\" \/>\n<meta name=\"twitter:creator\" content=\"@PressenzaIPA\" \/>\n<meta name=\"twitter:site\" content=\"@PressenzaIPA\" \/>\n<meta name=\"twitter:label1\" content=\"Scritto da\" \/>\n\t<meta name=\"twitter:data1\" content=\"Italia che Cambia\" \/>\n\t<meta name=\"twitter:label2\" content=\"Tempo di lettura stimato\" \/>\n\t<meta name=\"twitter:data2\" content=\"5 minuti\" \/>\n<script type=\"application\/ld+json\" class=\"yoast-schema-graph\">{\"@context\":\"https:\/\/schema.org\",\"@graph\":[{\"@type\":\"Article\",\"@id\":\"https:\/\/www.pressenza.com\/it\/2020\/03\/si-conclude-la-seconda-marcia-mondiale-per-la-pace-e-la-nonviolenza\/#article\",\"isPartOf\":{\"@id\":\"https:\/\/www.pressenza.com\/it\/2020\/03\/si-conclude-la-seconda-marcia-mondiale-per-la-pace-e-la-nonviolenza\/\"},\"author\":{\"name\":\"Italia che Cambia\",\"@id\":\"https:\/\/www.pressenza.com\/it\/#\/schema\/person\/26ae515434c753a9e88393ca1aba3b44\"},\"headline\":\"Si conclude la Seconda Marcia Mondiale per la Pace e la Nonviolenza\",\"datePublished\":\"2020-03-09T14:38:27+00:00\",\"dateModified\":\"2020-03-09T14:41:24+00:00\",\"mainEntityOfPage\":{\"@id\":\"https:\/\/www.pressenza.com\/it\/2020\/03\/si-conclude-la-seconda-marcia-mondiale-per-la-pace-e-la-nonviolenza\/\"},\"wordCount\":973,\"publisher\":{\"@id\":\"https:\/\/www.pressenza.com\/it\/#organization\"},\"image\":{\"@id\":\"https:\/\/www.pressenza.com\/it\/2020\/03\/si-conclude-la-seconda-marcia-mondiale-per-la-pace-e-la-nonviolenza\/#primaryimage\"},\"thumbnailUrl\":\"https:\/\/www.pressenza.com\/wp-content\/uploads\/2020\/03\/Marsiglia-2.jpg\",\"keywords\":[\"emergenza coronavirus\",\"eventi in Italia\",\"Seconda Marcia Mondiale per la Pace e la Nonviolenza\"],\"articleSection\":[\"Interviste\",\"Nonviolenza\",\"Pace e Disarmo\"],\"inLanguage\":\"it-IT\"},{\"@type\":\"WebPage\",\"@id\":\"https:\/\/www.pressenza.com\/it\/2020\/03\/si-conclude-la-seconda-marcia-mondiale-per-la-pace-e-la-nonviolenza\/\",\"url\":\"https:\/\/www.pressenza.com\/it\/2020\/03\/si-conclude-la-seconda-marcia-mondiale-per-la-pace-e-la-nonviolenza\/\",\"name\":\"Si conclude la Seconda Marcia Mondiale per la Pace e la Nonviolenza\",\"isPartOf\":{\"@id\":\"https:\/\/www.pressenza.com\/it\/#website\"},\"primaryImageOfPage\":{\"@id\":\"https:\/\/www.pressenza.com\/it\/2020\/03\/si-conclude-la-seconda-marcia-mondiale-per-la-pace-e-la-nonviolenza\/#primaryimage\"},\"image\":{\"@id\":\"https:\/\/www.pressenza.com\/it\/2020\/03\/si-conclude-la-seconda-marcia-mondiale-per-la-pace-e-la-nonviolenza\/#primaryimage\"},\"thumbnailUrl\":\"https:\/\/www.pressenza.com\/wp-content\/uploads\/2020\/03\/Marsiglia-2.jpg\",\"datePublished\":\"2020-03-09T14:38:27+00:00\",\"dateModified\":\"2020-03-09T14:41:24+00:00\",\"description\":\"Pur subendo alcune modifiche e cancellazioni legate all\u2019emergenza coronavirus, si \u00e8 appena conclusa la Seconda Marcia Mondiale per la Pace e la\",\"breadcrumb\":{\"@id\":\"https:\/\/www.pressenza.com\/it\/2020\/03\/si-conclude-la-seconda-marcia-mondiale-per-la-pace-e-la-nonviolenza\/#breadcrumb\"},\"inLanguage\":\"it-IT\",\"potentialAction\":[{\"@type\":\"ReadAction\",\"target\":[\"https:\/\/www.pressenza.com\/it\/2020\/03\/si-conclude-la-seconda-marcia-mondiale-per-la-pace-e-la-nonviolenza\/\"]}]},{\"@type\":\"ImageObject\",\"inLanguage\":\"it-IT\",\"@id\":\"https:\/\/www.pressenza.com\/it\/2020\/03\/si-conclude-la-seconda-marcia-mondiale-per-la-pace-e-la-nonviolenza\/#primaryimage\",\"url\":\"https:\/\/www.pressenza.com\/wp-content\/uploads\/2020\/03\/Marsiglia-2.jpg\",\"contentUrl\":\"https:\/\/www.pressenza.com\/wp-content\/uploads\/2020\/03\/Marsiglia-2.jpg\",\"width\":640,\"height\":480},{\"@type\":\"BreadcrumbList\",\"@id\":\"https:\/\/www.pressenza.com\/it\/2020\/03\/si-conclude-la-seconda-marcia-mondiale-per-la-pace-e-la-nonviolenza\/#breadcrumb\",\"itemListElement\":[{\"@type\":\"ListItem\",\"position\":1,\"name\":\"Accueil\",\"item\":\"https:\/\/www.pressenza.com\/it\/\"},{\"@type\":\"ListItem\",\"position\":2,\"name\":\"Si conclude la Seconda Marcia Mondiale per la Pace e la Nonviolenza\"}]},{\"@type\":\"WebSite\",\"@id\":\"https:\/\/www.pressenza.com\/it\/#website\",\"url\":\"https:\/\/www.pressenza.com\/it\/\",\"name\":\"Pressenza\",\"description\":\"Agenzia di Stampa Internazionale\",\"publisher\":{\"@id\":\"https:\/\/www.pressenza.com\/it\/#organization\"},\"potentialAction\":[{\"@type\":\"SearchAction\",\"target\":{\"@type\":\"EntryPoint\",\"urlTemplate\":\"https:\/\/www.pressenza.com\/it\/?s={search_term_string}\"},\"query-input\":{\"@type\":\"PropertyValueSpecification\",\"valueRequired\":true,\"valueName\":\"search_term_string\"}}],\"inLanguage\":\"it-IT\"},{\"@type\":\"Organization\",\"@id\":\"https:\/\/www.pressenza.com\/it\/#organization\",\"name\":\"Pressenza\",\"url\":\"https:\/\/www.pressenza.com\/it\/\",\"logo\":{\"@type\":\"ImageObject\",\"inLanguage\":\"it-IT\",\"@id\":\"https:\/\/www.pressenza.com\/it\/#\/schema\/logo\/image\/\",\"url\":\"https:\/\/www.pressenza.com\/wp-content\/uploads\/2022\/10\/pressenza_logo_200x200.jpg\",\"contentUrl\":\"https:\/\/www.pressenza.com\/wp-content\/uploads\/2022\/10\/pressenza_logo_200x200.jpg\",\"width\":200,\"height\":200,\"caption\":\"Pressenza\"},\"image\":{\"@id\":\"https:\/\/www.pressenza.com\/it\/#\/schema\/logo\/image\/\"},\"sameAs\":[\"https:\/\/www.facebook.com\/PressenzaItalia\",\"https:\/\/x.com\/PressenzaIPA\"]},{\"@type\":\"Person\",\"@id\":\"https:\/\/www.pressenza.com\/it\/#\/schema\/person\/26ae515434c753a9e88393ca1aba3b44\",\"name\":\"Italia che Cambia\",\"description\":\"Italia che Cambia \u00e8 una testata giornalistica. Vogliamo creare strumenti che mettano insieme tutti gli attori silenziosi di quell\u2019Italia che esiste ma che attualmente \u00e8 invisibile dall\u2019esterno, perch\u00e9 ignorata dai mass media. Vogliamo raccontare e rappresentare quei milioni di cittadini fino ad oggi esclusi dai circuiti informativi, offrendogli allo stesso tempo una serie di servizi fondamentali alla valorizzazione e alla messa in rete delle loro azioni.\",\"url\":\"https:\/\/www.pressenza.com\/it\/author\/italia-che-cambia\/\"}]}<\/script>\n<!-- \/ Yoast SEO plugin. -->","yoast_head_json":{"title":"Si conclude la Seconda Marcia Mondiale per la Pace e la Nonviolenza","description":"Pur subendo alcune modifiche e cancellazioni legate all\u2019emergenza coronavirus, si \u00e8 appena conclusa la Seconda Marcia Mondiale per la Pace e la","robots":{"index":"index","follow":"follow","max-snippet":"max-snippet:-1","max-image-preview":"max-image-preview:large","max-video-preview":"max-video-preview:-1"},"canonical":"https:\/\/www.pressenza.com\/it\/2020\/03\/si-conclude-la-seconda-marcia-mondiale-per-la-pace-e-la-nonviolenza\/","og_locale":"it_IT","og_type":"article","og_title":"Si conclude la Seconda Marcia Mondiale per la Pace e la Nonviolenza","og_description":"Pur subendo alcune modifiche e cancellazioni legate all\u2019emergenza coronavirus, si \u00e8 appena conclusa la Seconda Marcia Mondiale per la Pace e la","og_url":"https:\/\/www.pressenza.com\/it\/2020\/03\/si-conclude-la-seconda-marcia-mondiale-per-la-pace-e-la-nonviolenza\/","og_site_name":"Pressenza","article_publisher":"https:\/\/www.facebook.com\/PressenzaItalia","article_published_time":"2020-03-09T14:38:27+00:00","article_modified_time":"2020-03-09T14:41:24+00:00","og_image":[{"width":640,"height":480,"url":"https:\/\/www.pressenza.com\/wp-content\/uploads\/2020\/03\/Marsiglia-2.jpg","type":"image\/jpeg"}],"author":"Italia che Cambia","twitter_card":"summary_large_image","twitter_creator":"@PressenzaIPA","twitter_site":"@PressenzaIPA","twitter_misc":{"Scritto da":"Italia che Cambia","Tempo di lettura stimato":"5 minuti"},"schema":{"@context":"https:\/\/schema.org","@graph":[{"@type":"Article","@id":"https:\/\/www.pressenza.com\/it\/2020\/03\/si-conclude-la-seconda-marcia-mondiale-per-la-pace-e-la-nonviolenza\/#article","isPartOf":{"@id":"https:\/\/www.pressenza.com\/it\/2020\/03\/si-conclude-la-seconda-marcia-mondiale-per-la-pace-e-la-nonviolenza\/"},"author":{"name":"Italia che Cambia","@id":"https:\/\/www.pressenza.com\/it\/#\/schema\/person\/26ae515434c753a9e88393ca1aba3b44"},"headline":"Si conclude la Seconda Marcia Mondiale per la Pace e la Nonviolenza","datePublished":"2020-03-09T14:38:27+00:00","dateModified":"2020-03-09T14:41:24+00:00","mainEntityOfPage":{"@id":"https:\/\/www.pressenza.com\/it\/2020\/03\/si-conclude-la-seconda-marcia-mondiale-per-la-pace-e-la-nonviolenza\/"},"wordCount":973,"publisher":{"@id":"https:\/\/www.pressenza.com\/it\/#organization"},"image":{"@id":"https:\/\/www.pressenza.com\/it\/2020\/03\/si-conclude-la-seconda-marcia-mondiale-per-la-pace-e-la-nonviolenza\/#primaryimage"},"thumbnailUrl":"https:\/\/www.pressenza.com\/wp-content\/uploads\/2020\/03\/Marsiglia-2.jpg","keywords":["emergenza coronavirus","eventi in Italia","Seconda Marcia Mondiale per la Pace e la Nonviolenza"],"articleSection":["Interviste","Nonviolenza","Pace e Disarmo"],"inLanguage":"it-IT"},{"@type":"WebPage","@id":"https:\/\/www.pressenza.com\/it\/2020\/03\/si-conclude-la-seconda-marcia-mondiale-per-la-pace-e-la-nonviolenza\/","url":"https:\/\/www.pressenza.com\/it\/2020\/03\/si-conclude-la-seconda-marcia-mondiale-per-la-pace-e-la-nonviolenza\/","name":"Si conclude la Seconda Marcia Mondiale per la Pace e la Nonviolenza","isPartOf":{"@id":"https:\/\/www.pressenza.com\/it\/#website"},"primaryImageOfPage":{"@id":"https:\/\/www.pressenza.com\/it\/2020\/03\/si-conclude-la-seconda-marcia-mondiale-per-la-pace-e-la-nonviolenza\/#primaryimage"},"image":{"@id":"https:\/\/www.pressenza.com\/it\/2020\/03\/si-conclude-la-seconda-marcia-mondiale-per-la-pace-e-la-nonviolenza\/#primaryimage"},"thumbnailUrl":"https:\/\/www.pressenza.com\/wp-content\/uploads\/2020\/03\/Marsiglia-2.jpg","datePublished":"2020-03-09T14:38:27+00:00","dateModified":"2020-03-09T14:41:24+00:00","description":"Pur subendo alcune modifiche e cancellazioni legate all\u2019emergenza coronavirus, si \u00e8 appena conclusa la Seconda Marcia Mondiale per la Pace e la","breadcrumb":{"@id":"https:\/\/www.pressenza.com\/it\/2020\/03\/si-conclude-la-seconda-marcia-mondiale-per-la-pace-e-la-nonviolenza\/#breadcrumb"},"inLanguage":"it-IT","potentialAction":[{"@type":"ReadAction","target":["https:\/\/www.pressenza.com\/it\/2020\/03\/si-conclude-la-seconda-marcia-mondiale-per-la-pace-e-la-nonviolenza\/"]}]},{"@type":"ImageObject","inLanguage":"it-IT","@id":"https:\/\/www.pressenza.com\/it\/2020\/03\/si-conclude-la-seconda-marcia-mondiale-per-la-pace-e-la-nonviolenza\/#primaryimage","url":"https:\/\/www.pressenza.com\/wp-content\/uploads\/2020\/03\/Marsiglia-2.jpg","contentUrl":"https:\/\/www.pressenza.com\/wp-content\/uploads\/2020\/03\/Marsiglia-2.jpg","width":640,"height":480},{"@type":"BreadcrumbList","@id":"https:\/\/www.pressenza.com\/it\/2020\/03\/si-conclude-la-seconda-marcia-mondiale-per-la-pace-e-la-nonviolenza\/#breadcrumb","itemListElement":[{"@type":"ListItem","position":1,"name":"Accueil","item":"https:\/\/www.pressenza.com\/it\/"},{"@type":"ListItem","position":2,"name":"Si conclude la Seconda Marcia Mondiale per la Pace e la Nonviolenza"}]},{"@type":"WebSite","@id":"https:\/\/www.pressenza.com\/it\/#website","url":"https:\/\/www.pressenza.com\/it\/","name":"Pressenza","description":"Agenzia di Stampa Internazionale","publisher":{"@id":"https:\/\/www.pressenza.com\/it\/#organization"},"potentialAction":[{"@type":"SearchAction","target":{"@type":"EntryPoint","urlTemplate":"https:\/\/www.pressenza.com\/it\/?s={search_term_string}"},"query-input":{"@type":"PropertyValueSpecification","valueRequired":true,"valueName":"search_term_string"}}],"inLanguage":"it-IT"},{"@type":"Organization","@id":"https:\/\/www.pressenza.com\/it\/#organization","name":"Pressenza","url":"https:\/\/www.pressenza.com\/it\/","logo":{"@type":"ImageObject","inLanguage":"it-IT","@id":"https:\/\/www.pressenza.com\/it\/#\/schema\/logo\/image\/","url":"https:\/\/www.pressenza.com\/wp-content\/uploads\/2022\/10\/pressenza_logo_200x200.jpg","contentUrl":"https:\/\/www.pressenza.com\/wp-content\/uploads\/2022\/10\/pressenza_logo_200x200.jpg","width":200,"height":200,"caption":"Pressenza"},"image":{"@id":"https:\/\/www.pressenza.com\/it\/#\/schema\/logo\/image\/"},"sameAs":["https:\/\/www.facebook.com\/PressenzaItalia","https:\/\/x.com\/PressenzaIPA"]},{"@type":"Person","@id":"https:\/\/www.pressenza.com\/it\/#\/schema\/person\/26ae515434c753a9e88393ca1aba3b44","name":"Italia che Cambia","description":"Italia che Cambia \u00e8 una testata giornalistica. Vogliamo creare strumenti che mettano insieme tutti gli attori silenziosi di quell\u2019Italia che esiste ma che attualmente \u00e8 invisibile dall\u2019esterno, perch\u00e9 ignorata dai mass media. Vogliamo raccontare e rappresentare quei milioni di cittadini fino ad oggi esclusi dai circuiti informativi, offrendogli allo stesso tempo una serie di servizi fondamentali alla valorizzazione e alla messa in rete delle loro azioni.","url":"https:\/\/www.pressenza.com\/it\/author\/italia-che-cambia\/"}]}},"place":"Veronica Tarozzi","original_article_url":"http:\/\/Seconda Marcia Mondiale per la Pace e la Nonviolenza\/","_links":{"self":[{"href":"https:\/\/www.pressenza.com\/it\/wp-json\/wp\/v2\/posts\/1053864","targetHints":{"allow":["GET"]}}],"collection":[{"href":"https:\/\/www.pressenza.com\/it\/wp-json\/wp\/v2\/posts"}],"about":[{"href":"https:\/\/www.pressenza.com\/it\/wp-json\/wp\/v2\/types\/post"}],"author":[{"embeddable":true,"href":"https:\/\/www.pressenza.com\/it\/wp-json\/wp\/v2\/users\/1156"}],"replies":[{"embeddable":true,"href":"https:\/\/www.pressenza.com\/it\/wp-json\/wp\/v2\/comments?post=1053864"}],"version-history":[{"count":0,"href":"https:\/\/www.pressenza.com\/it\/wp-json\/wp\/v2\/posts\/1053864\/revisions"}],"wp:featuredmedia":[{"embeddable":true,"href":"https:\/\/www.pressenza.com\/it\/wp-json\/wp\/v2\/media\/1053885"}],"wp:attachment":[{"href":"https:\/\/www.pressenza.com\/it\/wp-json\/wp\/v2\/media?parent=1053864"}],"wp:term":[{"taxonomy":"category","embeddable":true,"href":"https:\/\/www.pressenza.com\/it\/wp-json\/wp\/v2\/categories?post=1053864"},{"taxonomy":"post_tag","embeddable":true,"href":"https:\/\/www.pressenza.com\/it\/wp-json\/wp\/v2\/tags?post=1053864"}],"curies":[{"name":"wp","href":"https:\/\/api.w.org\/{rel}","templated":true}]}}