{"id":1050478,"date":"2020-03-06T21:11:32","date_gmt":"2020-03-06T21:11:32","guid":{"rendered":"https:\/\/www.pressenza.com\/?p=1050478"},"modified":"2020-03-06T21:13:51","modified_gmt":"2020-03-06T21:13:51","slug":"il-new-deal-bernie-sanders-e-la-torta-di-mele","status":"publish","type":"post","link":"https:\/\/www.pressenza.com\/it\/2020\/03\/il-new-deal-bernie-sanders-e-la-torta-di-mele\/","title":{"rendered":"Il \u201cNew Deal\u201d, Bernie Sanders e la torta di mele"},"content":{"rendered":"<p>Sapevate che quando FDR (Franklyn Delano Roosvelt, presidente degli Stati Uniti dal 1933 al 1945, N.d.T.) assunse la presidenza nel marzo del 1933, durante la Grande Crisi in qualit\u00e0 di democratico moderato, esord\u00ec dicendo: \u201cMi dispiace, non ci sono abbastanza soldi per rimediare a tutto questo\u201d?<\/p>\n<p>Qualche mese dopo, improvvisamente apparvero tonnellate di soldi utilizzabili per ogni tipo di progetto riguardante la societ\u00e0, al fine di salvare in maniera totale gli Stati Uniti da quello che si preannunciava come un susseguirsi di anni, se non decenni, di disperazione e povert\u00e0 generale. Questi nuovi programmi furono etichettati come &#8220;New Deal&#8221;.<\/p>\n<p>Allora, cos&#8217;era accaduto? A cosa era dovuta l\u2019improvvisa comparsa dal nulla dei finanziamenti per il New Deal? In realt\u00e0 non vi \u00e8 alcun mistero in ci\u00f2 che \u00e8 avvenuto, in quanto \u00e8 stato tutto ben documentato. (Ed \u00e8 per questo che dovreste chiedervi, in questo momento, per quale motivo probabilmente state sentendo parlare di questa cosa per la prima volta).<\/p>\n<p>Quello che \u00e8 accaduto \u00e8 che FDR \u00e8 stato &#8220;avvicinato&#8221; da un FORTISSIMO movimento di sindacati e socialisti che gli hanno detto: &#8220;Fai qualcosa, o lo faremo noi! Sappiamo che qualcosa si pu\u00f2 fare e sappiamo che tu sai come farlo&#8221;. FDR era il presidente pi\u00f9 &#8220;in sintonia&#8221; con gli ambienti della finanza che avessimo mai avuto fino a quel momento. Cos\u00ec chiam\u00f2 i suoi amici, uomini d&#8217;affari e banchieri e organizz\u00f2 un incontro durante il quale disse loro, in poche parole: &#8220;Non abbiamo scelta! Dobbiamo fare qualcosa!\u201d Al termine della riunione la met\u00e0 dei banchieri e degli uomini d&#8217;affari accettarono un&#8217;aliquota fiscale del 94% su tutte le super-ricchezze, che all&#8217;epoca ammontavano a circa $ 200.000 all&#8217;anno e oltre.<\/p>\n<p>Tutte le ricchezze che superavano tale cifra sarebbero state tassate del 94%. L&#8217;altra met\u00e0 dei banchieri e degli uomini d&#8217;affari presenti all&#8217;incontro NON gradirono l\u2019&#8221;accordo&#8221; o i termini stabiliti e diedero inizio, nel corso dei decenni successivi, a un percorso finalizzato all\u2019eliminazione del &#8220;New Deal&#8221;. Ma questa \u00e8 una tematica di cui tratter\u00f2 in un altro articolo.<\/p>\n<p>Adesso inquadriamo la situazione del 2020: vi \u00e8 un MODO per ottenere pi\u00f9 denaro in maniera proporzionale al fine di risolvere i problemi attuali rispetto a quelli che avevamo nel 1933. Parliamo di denaro non tassato che, in questo momento, \u00e8 nelle mani di poche centinaia di miliardari e multimilionari (tanto per cominciare).<\/p>\n<p>Tonnellate di denaro! I soldi andrebbero presi (ripresi) alle persone che guadagnano decine, centinaia di milioni e miliardi di dollari! Persone che da decenni pagano poche tasse o nessuna. Quindi, quando la gente chiede: &#8220;Ma in che maniera intende pagare Bernie Sanders per l&#8217;assistenza sanitaria e l&#8217;istruzione ecc., dal momento che non c\u2019\u00e8 abbastanza denaro?\u201d Non vi lasciate confondere. Ci sono soldi IN ABBONDANZA per pagare tutto quello che Sanders propone e anche di pi\u00f9!<\/p>\n<p>Nell&#8217;ultimo mezzo secolo, il sistema fiscale negli Stati Uniti si \u00e8 &#8220;invertito&#8221;, passando da un sistema in cui i ricchi pagano pi\u00f9 tasse e la classe media con i poveri pagano meno a un sistema in cui i poveri e la classe media versano pi\u00f9 tasse, mentre i ricchi, soprattutto i super ricchi, ne versano meno e in molti casi non le pagano affatto. Secondo il piano Sanders, il nostro sistema fiscale, dove le persone che guadagnano pi\u00f9 miliardi di dollari all&#8217;anno ottengono RIMBORSI FISCALI (non sto scherzando), sar\u00e0 RICONVERTITO in un sistema progressivo piuttosto che regressivo. Viviamo in una specie di follia da quattro decenni ormai (probabilmente da pi\u00f9 di quattro decenni, ma questo \u00e8 un argomento che affronteremo in un altro articolo). \u00c8 giunto il momento che i ricchi paghino la loro parte e che la smettano di vivere a spese della classe media.<\/p>\n<p>Infine, Sanders e il Movimento Popolare che rappresenta, insistono sull\u2019assoluta necessit\u00e0 che noi, in qualit\u00e0 di nazione, UNIVERSALIZZIAMO (cio\u00e8: democratizziamo) tutte le istituzioni che hanno a che fare con il benessere dell\u2019Umanit\u00e0 (sanit\u00e0, istruzione, protezione dell&#8217;ambiente) il pi\u00f9 rapidamente possibile. A differenza di altri politici che consentono alle aziende di continuare a trarre profitto dalla sanit\u00e0, dall&#8217;istruzione e dai danni ambientali, \u00e8 chiaro che attraverso l\u2019eliminazione (totale) dell\u2019incentivazione del profitto da parte di queste istituzioni, Sanders potr\u00e0 avere qualche possibilit\u00e0 di salvare l&#8217;ambiente e di aiutare la vita degli Esseri Umani, piuttosto che trarne profitto e danneggiarla.<\/p>\n<p>La ragione di tutto ci\u00f2 \u00e8 che coloro i cui interessi di profitto sono diametralmente opposti al benessere della vita su questo pianeta sono esattamente le persone meno propense ad appoggiare il processo di Umanizzazione della sanit\u00e0, dell\u2019istruzione e della protezione ambientale. Questi erano tutti valori comuni dopo il \u201cNew Deal\u201d, prima di concentrarsi sulla privatizzazione neoliberista, instaurata a pieno regime circa quarant&#8217;anni fa.<\/p>\n<p>Queste sono le tematiche di cui si occupa essenzialmente la campagna di Sanders. Niente di &#8220;radicale&#8221;, niente che non sia stato fatto prima e niente che non sia americano come la torta di mele.<\/p>\n<p>Mark Lesseraux \u00e8 un cantante\/cantautore\/ editorialista socio-politico di Brooklyn, New York, USA. \u00c8 un umanista, un sostenitore e praticante della Nonviolenza attiva e uno studente della Nondualit\u00e0.<\/p>\n<p>Traduzione dall&#8217;inglese di Maria Rosaria Leggieri<\/p>\n","protected":false},"excerpt":{"rendered":"<p>Sapevate che quando FDR (Franklyn Delano Roosvelt, presidente degli Stati Uniti dal 1933 al 1945, N.d.T.) assunse la presidenza nel marzo del 1933, durante la Grande Crisi in qualit\u00e0 di democratico moderato, esord\u00ec dicendo: \u201cMi dispiace, non ci sono abbastanza&hellip;<\/p>\n","protected":false},"author":1746,"featured_media":1054538,"comment_status":"closed","ping_status":"closed","sticky":false,"template":"","format":"standard","meta":{"footnotes":""},"categories":[11388,62,49,162,55],"tags":[26183,72044,2116,72046,72045,803,35722,25653,10576],"class_list":["post-1050478","post","type-post","status-publish","format-standard","has-post-thumbnail","hentry","category-contenuti-originali","category-economia","category-nord-america","category-opinioni","category-politica","tag-bernie-sanders-it","tag-franklyn-delano-roosvelt","tag-istruzione","tag-new-deal-it","tag-protezione-dellambiente","tag-sanita","tag-sistema-fiscale","tag-stati-uniti","tag-super-ricchi"],"yoast_head":"<!-- This site is optimized with the Yoast SEO plugin v27.1.1 - https:\/\/yoast.com\/product\/yoast-seo-wordpress\/ -->\n<title>Il \u201cNew Deal\u201d, Bernie Sanders e la torta di mele<\/title>\n<meta name=\"description\" content=\"Sapevate che quando FDR (Franklyn Delano Roosvelt, presidente degli Stati Uniti dal 1933 al 1945, N.d.T.) assunse la presidenza nel marzo del 1933,\" \/>\n<meta name=\"robots\" content=\"index, follow, max-snippet:-1, max-image-preview:large, max-video-preview:-1\" \/>\n<link rel=\"canonical\" href=\"https:\/\/www.pressenza.com\/it\/2020\/03\/il-new-deal-bernie-sanders-e-la-torta-di-mele\/\" \/>\n<meta property=\"og:locale\" content=\"it_IT\" \/>\n<meta property=\"og:type\" content=\"article\" \/>\n<meta property=\"og:title\" content=\"Il \u201cNew Deal\u201d, Bernie Sanders e la torta di mele\" \/>\n<meta property=\"og:description\" content=\"Sapevate che quando FDR (Franklyn Delano Roosvelt, presidente degli Stati Uniti dal 1933 al 1945, N.d.T.) assunse la presidenza nel marzo del 1933,\" \/>\n<meta property=\"og:url\" content=\"https:\/\/www.pressenza.com\/it\/2020\/03\/il-new-deal-bernie-sanders-e-la-torta-di-mele\/\" \/>\n<meta property=\"og:site_name\" content=\"Pressenza\" \/>\n<meta property=\"article:publisher\" content=\"https:\/\/www.facebook.com\/PressenzaItalia\" \/>\n<meta property=\"article:published_time\" content=\"2020-03-06T21:11:32+00:00\" \/>\n<meta property=\"article:modified_time\" content=\"2020-03-06T21:13:51+00:00\" \/>\n<meta property=\"og:image\" content=\"https:\/\/www.pressenza.com\/wp-content\/uploads\/2020\/03\/Illustration_of_Bernie_Sanders.jpg\" \/>\n\t<meta property=\"og:image:width\" content=\"856\" \/>\n\t<meta property=\"og:image:height\" content=\"1198\" \/>\n\t<meta property=\"og:image:type\" content=\"image\/jpeg\" \/>\n<meta name=\"author\" content=\"Mark Lesseraux\" \/>\n<meta name=\"twitter:card\" content=\"summary_large_image\" \/>\n<meta name=\"twitter:creator\" content=\"@PressenzaIPA\" \/>\n<meta name=\"twitter:site\" content=\"@PressenzaIPA\" \/>\n<meta name=\"twitter:label1\" content=\"Scritto da\" \/>\n\t<meta name=\"twitter:data1\" content=\"Mark Lesseraux\" \/>\n\t<meta name=\"twitter:label2\" content=\"Tempo di lettura stimato\" \/>\n\t<meta name=\"twitter:data2\" content=\"4 minuti\" \/>\n<script type=\"application\/ld+json\" class=\"yoast-schema-graph\">{\"@context\":\"https:\/\/schema.org\",\"@graph\":[{\"@type\":\"Article\",\"@id\":\"https:\/\/www.pressenza.com\/it\/2020\/03\/il-new-deal-bernie-sanders-e-la-torta-di-mele\/#article\",\"isPartOf\":{\"@id\":\"https:\/\/www.pressenza.com\/it\/2020\/03\/il-new-deal-bernie-sanders-e-la-torta-di-mele\/\"},\"author\":{\"name\":\"Mark Lesseraux\",\"@id\":\"https:\/\/www.pressenza.com\/it\/#\/schema\/person\/6176664f93cdee9a39bb5d27b4b29e6b\"},\"headline\":\"Il \u201cNew Deal\u201d, Bernie Sanders e la torta di mele\",\"datePublished\":\"2020-03-06T21:11:32+00:00\",\"dateModified\":\"2020-03-06T21:13:51+00:00\",\"mainEntityOfPage\":{\"@id\":\"https:\/\/www.pressenza.com\/it\/2020\/03\/il-new-deal-bernie-sanders-e-la-torta-di-mele\/\"},\"wordCount\":850,\"publisher\":{\"@id\":\"https:\/\/www.pressenza.com\/it\/#organization\"},\"image\":{\"@id\":\"https:\/\/www.pressenza.com\/it\/2020\/03\/il-new-deal-bernie-sanders-e-la-torta-di-mele\/#primaryimage\"},\"thumbnailUrl\":\"https:\/\/www.pressenza.com\/wp-content\/uploads\/2020\/03\/Illustration_of_Bernie_Sanders.jpg\",\"keywords\":[\"Bernie Sanders\",\"Franklyn Delano Roosvelt\",\"istruzione\",\"New Deal\",\"protezione dell'ambiente\",\"sanit\u00e0\",\"sistema fiscale\",\"Stati Uniti\",\"super-ricchi\"],\"articleSection\":[\"contenuti originali\",\"Economia\",\"Nord America\",\"Opinioni\",\"Politica\"],\"inLanguage\":\"it-IT\"},{\"@type\":\"WebPage\",\"@id\":\"https:\/\/www.pressenza.com\/it\/2020\/03\/il-new-deal-bernie-sanders-e-la-torta-di-mele\/\",\"url\":\"https:\/\/www.pressenza.com\/it\/2020\/03\/il-new-deal-bernie-sanders-e-la-torta-di-mele\/\",\"name\":\"Il \u201cNew Deal\u201d, Bernie Sanders e la torta di mele\",\"isPartOf\":{\"@id\":\"https:\/\/www.pressenza.com\/it\/#website\"},\"primaryImageOfPage\":{\"@id\":\"https:\/\/www.pressenza.com\/it\/2020\/03\/il-new-deal-bernie-sanders-e-la-torta-di-mele\/#primaryimage\"},\"image\":{\"@id\":\"https:\/\/www.pressenza.com\/it\/2020\/03\/il-new-deal-bernie-sanders-e-la-torta-di-mele\/#primaryimage\"},\"thumbnailUrl\":\"https:\/\/www.pressenza.com\/wp-content\/uploads\/2020\/03\/Illustration_of_Bernie_Sanders.jpg\",\"datePublished\":\"2020-03-06T21:11:32+00:00\",\"dateModified\":\"2020-03-06T21:13:51+00:00\",\"description\":\"Sapevate che quando FDR (Franklyn Delano Roosvelt, presidente degli Stati Uniti dal 1933 al 1945, N.d.T.) assunse la presidenza nel marzo del 1933,\",\"breadcrumb\":{\"@id\":\"https:\/\/www.pressenza.com\/it\/2020\/03\/il-new-deal-bernie-sanders-e-la-torta-di-mele\/#breadcrumb\"},\"inLanguage\":\"it-IT\",\"potentialAction\":[{\"@type\":\"ReadAction\",\"target\":[\"https:\/\/www.pressenza.com\/it\/2020\/03\/il-new-deal-bernie-sanders-e-la-torta-di-mele\/\"]}]},{\"@type\":\"ImageObject\",\"inLanguage\":\"it-IT\",\"@id\":\"https:\/\/www.pressenza.com\/it\/2020\/03\/il-new-deal-bernie-sanders-e-la-torta-di-mele\/#primaryimage\",\"url\":\"https:\/\/www.pressenza.com\/wp-content\/uploads\/2020\/03\/Illustration_of_Bernie_Sanders.jpg\",\"contentUrl\":\"https:\/\/www.pressenza.com\/wp-content\/uploads\/2020\/03\/Illustration_of_Bernie_Sanders.jpg\",\"width\":856,\"height\":1198,\"caption\":\"Le Nouvel Accord, Bernie Sanders et la tarte aux pommes\"},{\"@type\":\"BreadcrumbList\",\"@id\":\"https:\/\/www.pressenza.com\/it\/2020\/03\/il-new-deal-bernie-sanders-e-la-torta-di-mele\/#breadcrumb\",\"itemListElement\":[{\"@type\":\"ListItem\",\"position\":1,\"name\":\"Accueil\",\"item\":\"https:\/\/www.pressenza.com\/it\/\"},{\"@type\":\"ListItem\",\"position\":2,\"name\":\"Il \u201cNew Deal\u201d, Bernie Sanders e la torta di mele\"}]},{\"@type\":\"WebSite\",\"@id\":\"https:\/\/www.pressenza.com\/it\/#website\",\"url\":\"https:\/\/www.pressenza.com\/it\/\",\"name\":\"Pressenza\",\"description\":\"Agenzia di Stampa Internazionale\",\"publisher\":{\"@id\":\"https:\/\/www.pressenza.com\/it\/#organization\"},\"potentialAction\":[{\"@type\":\"SearchAction\",\"target\":{\"@type\":\"EntryPoint\",\"urlTemplate\":\"https:\/\/www.pressenza.com\/it\/?s={search_term_string}\"},\"query-input\":{\"@type\":\"PropertyValueSpecification\",\"valueRequired\":true,\"valueName\":\"search_term_string\"}}],\"inLanguage\":\"it-IT\"},{\"@type\":\"Organization\",\"@id\":\"https:\/\/www.pressenza.com\/it\/#organization\",\"name\":\"Pressenza\",\"url\":\"https:\/\/www.pressenza.com\/it\/\",\"logo\":{\"@type\":\"ImageObject\",\"inLanguage\":\"it-IT\",\"@id\":\"https:\/\/www.pressenza.com\/it\/#\/schema\/logo\/image\/\",\"url\":\"https:\/\/www.pressenza.com\/wp-content\/uploads\/2022\/10\/pressenza_logo_200x200.jpg\",\"contentUrl\":\"https:\/\/www.pressenza.com\/wp-content\/uploads\/2022\/10\/pressenza_logo_200x200.jpg\",\"width\":200,\"height\":200,\"caption\":\"Pressenza\"},\"image\":{\"@id\":\"https:\/\/www.pressenza.com\/it\/#\/schema\/logo\/image\/\"},\"sameAs\":[\"https:\/\/www.facebook.com\/PressenzaItalia\",\"https:\/\/x.com\/PressenzaIPA\"]},{\"@type\":\"Person\",\"@id\":\"https:\/\/www.pressenza.com\/it\/#\/schema\/person\/6176664f93cdee9a39bb5d27b4b29e6b\",\"name\":\"Mark Lesseraux\",\"description\":\"Mark Lesseraux is a singer\/songwriter\/socio-political columnist from Brooklyn, New York, USA. He is a Humanist, a proponent and practitioner of Active Nonviolence and a student of Nonduality.\",\"url\":\"https:\/\/www.pressenza.com\/it\/author\/mark-lesseraux\/\"}]}<\/script>\n<!-- \/ Yoast SEO plugin. -->","yoast_head_json":{"title":"Il \u201cNew Deal\u201d, Bernie Sanders e la torta di mele","description":"Sapevate che quando FDR (Franklyn Delano Roosvelt, presidente degli Stati Uniti dal 1933 al 1945, N.d.T.) assunse la presidenza nel marzo del 1933,","robots":{"index":"index","follow":"follow","max-snippet":"max-snippet:-1","max-image-preview":"max-image-preview:large","max-video-preview":"max-video-preview:-1"},"canonical":"https:\/\/www.pressenza.com\/it\/2020\/03\/il-new-deal-bernie-sanders-e-la-torta-di-mele\/","og_locale":"it_IT","og_type":"article","og_title":"Il \u201cNew Deal\u201d, Bernie Sanders e la torta di mele","og_description":"Sapevate che quando FDR (Franklyn Delano Roosvelt, presidente degli Stati Uniti dal 1933 al 1945, N.d.T.) assunse la presidenza nel marzo del 1933,","og_url":"https:\/\/www.pressenza.com\/it\/2020\/03\/il-new-deal-bernie-sanders-e-la-torta-di-mele\/","og_site_name":"Pressenza","article_publisher":"https:\/\/www.facebook.com\/PressenzaItalia","article_published_time":"2020-03-06T21:11:32+00:00","article_modified_time":"2020-03-06T21:13:51+00:00","og_image":[{"width":856,"height":1198,"url":"https:\/\/www.pressenza.com\/wp-content\/uploads\/2020\/03\/Illustration_of_Bernie_Sanders.jpg","type":"image\/jpeg"}],"author":"Mark Lesseraux","twitter_card":"summary_large_image","twitter_creator":"@PressenzaIPA","twitter_site":"@PressenzaIPA","twitter_misc":{"Scritto da":"Mark Lesseraux","Tempo di lettura stimato":"4 minuti"},"schema":{"@context":"https:\/\/schema.org","@graph":[{"@type":"Article","@id":"https:\/\/www.pressenza.com\/it\/2020\/03\/il-new-deal-bernie-sanders-e-la-torta-di-mele\/#article","isPartOf":{"@id":"https:\/\/www.pressenza.com\/it\/2020\/03\/il-new-deal-bernie-sanders-e-la-torta-di-mele\/"},"author":{"name":"Mark Lesseraux","@id":"https:\/\/www.pressenza.com\/it\/#\/schema\/person\/6176664f93cdee9a39bb5d27b4b29e6b"},"headline":"Il \u201cNew Deal\u201d, Bernie Sanders e la torta di mele","datePublished":"2020-03-06T21:11:32+00:00","dateModified":"2020-03-06T21:13:51+00:00","mainEntityOfPage":{"@id":"https:\/\/www.pressenza.com\/it\/2020\/03\/il-new-deal-bernie-sanders-e-la-torta-di-mele\/"},"wordCount":850,"publisher":{"@id":"https:\/\/www.pressenza.com\/it\/#organization"},"image":{"@id":"https:\/\/www.pressenza.com\/it\/2020\/03\/il-new-deal-bernie-sanders-e-la-torta-di-mele\/#primaryimage"},"thumbnailUrl":"https:\/\/www.pressenza.com\/wp-content\/uploads\/2020\/03\/Illustration_of_Bernie_Sanders.jpg","keywords":["Bernie Sanders","Franklyn Delano Roosvelt","istruzione","New Deal","protezione dell'ambiente","sanit\u00e0","sistema fiscale","Stati Uniti","super-ricchi"],"articleSection":["contenuti originali","Economia","Nord America","Opinioni","Politica"],"inLanguage":"it-IT"},{"@type":"WebPage","@id":"https:\/\/www.pressenza.com\/it\/2020\/03\/il-new-deal-bernie-sanders-e-la-torta-di-mele\/","url":"https:\/\/www.pressenza.com\/it\/2020\/03\/il-new-deal-bernie-sanders-e-la-torta-di-mele\/","name":"Il \u201cNew Deal\u201d, Bernie Sanders e la torta di mele","isPartOf":{"@id":"https:\/\/www.pressenza.com\/it\/#website"},"primaryImageOfPage":{"@id":"https:\/\/www.pressenza.com\/it\/2020\/03\/il-new-deal-bernie-sanders-e-la-torta-di-mele\/#primaryimage"},"image":{"@id":"https:\/\/www.pressenza.com\/it\/2020\/03\/il-new-deal-bernie-sanders-e-la-torta-di-mele\/#primaryimage"},"thumbnailUrl":"https:\/\/www.pressenza.com\/wp-content\/uploads\/2020\/03\/Illustration_of_Bernie_Sanders.jpg","datePublished":"2020-03-06T21:11:32+00:00","dateModified":"2020-03-06T21:13:51+00:00","description":"Sapevate che quando FDR (Franklyn Delano Roosvelt, presidente degli Stati Uniti dal 1933 al 1945, N.d.T.) assunse la presidenza nel marzo del 1933,","breadcrumb":{"@id":"https:\/\/www.pressenza.com\/it\/2020\/03\/il-new-deal-bernie-sanders-e-la-torta-di-mele\/#breadcrumb"},"inLanguage":"it-IT","potentialAction":[{"@type":"ReadAction","target":["https:\/\/www.pressenza.com\/it\/2020\/03\/il-new-deal-bernie-sanders-e-la-torta-di-mele\/"]}]},{"@type":"ImageObject","inLanguage":"it-IT","@id":"https:\/\/www.pressenza.com\/it\/2020\/03\/il-new-deal-bernie-sanders-e-la-torta-di-mele\/#primaryimage","url":"https:\/\/www.pressenza.com\/wp-content\/uploads\/2020\/03\/Illustration_of_Bernie_Sanders.jpg","contentUrl":"https:\/\/www.pressenza.com\/wp-content\/uploads\/2020\/03\/Illustration_of_Bernie_Sanders.jpg","width":856,"height":1198,"caption":"Le Nouvel Accord, Bernie Sanders et la tarte aux pommes"},{"@type":"BreadcrumbList","@id":"https:\/\/www.pressenza.com\/it\/2020\/03\/il-new-deal-bernie-sanders-e-la-torta-di-mele\/#breadcrumb","itemListElement":[{"@type":"ListItem","position":1,"name":"Accueil","item":"https:\/\/www.pressenza.com\/it\/"},{"@type":"ListItem","position":2,"name":"Il \u201cNew Deal\u201d, Bernie Sanders e la torta di mele"}]},{"@type":"WebSite","@id":"https:\/\/www.pressenza.com\/it\/#website","url":"https:\/\/www.pressenza.com\/it\/","name":"Pressenza","description":"Agenzia di Stampa Internazionale","publisher":{"@id":"https:\/\/www.pressenza.com\/it\/#organization"},"potentialAction":[{"@type":"SearchAction","target":{"@type":"EntryPoint","urlTemplate":"https:\/\/www.pressenza.com\/it\/?s={search_term_string}"},"query-input":{"@type":"PropertyValueSpecification","valueRequired":true,"valueName":"search_term_string"}}],"inLanguage":"it-IT"},{"@type":"Organization","@id":"https:\/\/www.pressenza.com\/it\/#organization","name":"Pressenza","url":"https:\/\/www.pressenza.com\/it\/","logo":{"@type":"ImageObject","inLanguage":"it-IT","@id":"https:\/\/www.pressenza.com\/it\/#\/schema\/logo\/image\/","url":"https:\/\/www.pressenza.com\/wp-content\/uploads\/2022\/10\/pressenza_logo_200x200.jpg","contentUrl":"https:\/\/www.pressenza.com\/wp-content\/uploads\/2022\/10\/pressenza_logo_200x200.jpg","width":200,"height":200,"caption":"Pressenza"},"image":{"@id":"https:\/\/www.pressenza.com\/it\/#\/schema\/logo\/image\/"},"sameAs":["https:\/\/www.facebook.com\/PressenzaItalia","https:\/\/x.com\/PressenzaIPA"]},{"@type":"Person","@id":"https:\/\/www.pressenza.com\/it\/#\/schema\/person\/6176664f93cdee9a39bb5d27b4b29e6b","name":"Mark Lesseraux","description":"Mark Lesseraux is a singer\/songwriter\/socio-political columnist from Brooklyn, New York, USA. He is a Humanist, a proponent and practitioner of Active Nonviolence and a student of Nonduality.","url":"https:\/\/www.pressenza.com\/it\/author\/mark-lesseraux\/"}]}},"place":"","original_article_url":"","_links":{"self":[{"href":"https:\/\/www.pressenza.com\/it\/wp-json\/wp\/v2\/posts\/1050478","targetHints":{"allow":["GET"]}}],"collection":[{"href":"https:\/\/www.pressenza.com\/it\/wp-json\/wp\/v2\/posts"}],"about":[{"href":"https:\/\/www.pressenza.com\/it\/wp-json\/wp\/v2\/types\/post"}],"author":[{"embeddable":true,"href":"https:\/\/www.pressenza.com\/it\/wp-json\/wp\/v2\/users\/1746"}],"replies":[{"embeddable":true,"href":"https:\/\/www.pressenza.com\/it\/wp-json\/wp\/v2\/comments?post=1050478"}],"version-history":[{"count":0,"href":"https:\/\/www.pressenza.com\/it\/wp-json\/wp\/v2\/posts\/1050478\/revisions"}],"wp:featuredmedia":[{"embeddable":true,"href":"https:\/\/www.pressenza.com\/it\/wp-json\/wp\/v2\/media\/1054538"}],"wp:attachment":[{"href":"https:\/\/www.pressenza.com\/it\/wp-json\/wp\/v2\/media?parent=1050478"}],"wp:term":[{"taxonomy":"category","embeddable":true,"href":"https:\/\/www.pressenza.com\/it\/wp-json\/wp\/v2\/categories?post=1050478"},{"taxonomy":"post_tag","embeddable":true,"href":"https:\/\/www.pressenza.com\/it\/wp-json\/wp\/v2\/tags?post=1050478"}],"curies":[{"name":"wp","href":"https:\/\/api.w.org\/{rel}","templated":true}]}}