{"id":1050464,"date":"2020-03-06T20:18:52","date_gmt":"2020-03-06T20:18:52","guid":{"rendered":"https:\/\/www.pressenza.com\/?p=1050464"},"modified":"2020-03-06T20:19:36","modified_gmt":"2020-03-06T20:19:36","slug":"il-problema-non-e-la-violenza-e-pinera","status":"publish","type":"post","link":"https:\/\/www.pressenza.com\/it\/2020\/03\/il-problema-non-e-la-violenza-e-pinera\/","title":{"rendered":"Il problema non \u00e8 la violenza, \u00e8 Pi\u00f1era"},"content":{"rendered":"<p>Pi\u00f1era e i suoi soci hanno fatto della violenza il tema principale all\u2019ordine del giorno nel paese, spostando in secondo piano l\u2019attenzione alle richieste sociali e addirittura minacciando i cittadini nel tentativo di sospendere il referendum costituzionale, se il caos dovesse continuare. I potenti usano la violenza come mezzo per propagare paura e indebolire le mobilitazioni: Pi\u00f1era, i partiti di destra (con degne eccezioni), imprenditori, carabinieri, il capo della Armada, redattori di giornali a favore dell\u2019ordine e di recente il gruppo di membri della Concertacion che ha pubblicato una lettera di appoggio nei confronti di Pi\u00f1era.<\/p>\n<p>Il punto non \u00e8 la violenza, bens\u00ec l\u2019incapacit\u00e0 di Pi\u00f1era di governare il paese.<\/p>\n<p>All\u2019inizio Pi\u00f1era ha provocato il popolo. Anzich\u00e9 rispondere con intelligenza e razionalit\u00e0 dinanzi alle mobilitazioni dei cittadini, ha minacciato il paese, il 90% di cileni e cilene che pretendono la fine delle disuguaglianze, degli abusi e dell\u2019impunit\u00e0 a favore dei corrotti. Ha dichiarato guerra ai suoi compatrioti e proclamato lo stato d\u2019emergenza.<\/p>\n<p>Parallelamente, Pi\u00f1era ha commesso il grave errore di lasciare a Mario Rozas il ruolo di direttore generale di Carabineros. Si tratta del responsabile diretto della violenza irrazionale dei suoi subordinati contro i manifestanti, che ha addirittura comportato la nascita della Prima Linea (gruppo di giovani che protegge il resto dei manifestanti facendo da cuscinetto tra loro e le forze dell\u2019ordine, N.d.T.). Senza alcuna intelligenza, i Carabineros non hanno voluto o non hanno potuto distinguere i manifestanti che esigono il rispetto dei loro diritti dai delinquenti che si intrufolano nelle manifestazioni per saccheggiare e distruggere. Questo dimostra malvagit\u00e0, inettitudine o un tentativo subdolo di non aiutare l\u2019ordine pubblico.<\/p>\n<p>Ora che si prepara la grande marcia delle donne prevista per l\u20198 marzo, Pi\u00f1era ha lanciato nuovamente una provocazione inaccettabile, responsabilizzando le donne \u00a0per l\u2019aggressione maschilista: \u201cL\u2019abuso non dipende soltanto dalla volont\u00e0 degli uomini, ma anche dalla posizione delle donne nell\u2019essere abusate\u201d. Ormai nessuno crede o accetta pi\u00f9 le spiegazioni successive di Pi\u00f1era e del suo portavoce. Non si sa se abbia qualche rotella fuori posto o se le sue pi\u00f9 intime convinzioni vengano fuori quando improvvisa. Ha perso tutta la legittimit\u00e0.<\/p>\n<p>Infine, in una recente intervista trasmessa dal canale nazionale della televisione, ha minacciato nuovamente che non tarder\u00e0 ad applicare lo stato d\u2019emergenza, mentre in contemporanea si annuncia un rafforzamento delle squadre di Carabineros addette alla repressione. Marzo si riempie di incertezza e preannuncia scontri inevitabili.<\/p>\n<p>Queste sono alcune delle tante perle che dimostrano l\u2019incapacit\u00e0 da parte di Pi\u00f1era di relazionarsi con la societ\u00e0 cilena. Inoltre questo comportamento aggressivo gli \u00e8 costato la fiducia della maggior parte del paese.<\/p>\n<p>Ma andiamo al punto, a quelle richieste sociali che i cittadini avanzano dal 18 ottobre del 2019: salari, istruzione, sanit\u00e0, previdenza. Non c\u2019\u00e8 risposta o meglio si offrono soltanto briciole, che palesano il rifiuto da parte del potere imprenditoriale e politico, rappresentato da Pi\u00f1era, di fare reali concessioni affinch\u00e9 i frutti del benessere economico si raccolgano in maniera pi\u00f9 egualitaria.<\/p>\n<p>Difatti, le risposte a tali richieste immediate sono assolutamente insoddisfacenti: un insolito aumento dei salari, ma con un contributo pubblico (non degli imprenditori) e senza rafforzamento dei sindacati; una riforma delle pensioni poco convincente; una proposta di sanit\u00e0 pubblica che avvantaggia le assicurazioni \u00a0e le cliniche private; nulla sull\u2019istruzione e soprattutto una riforma tributaria insufficiente, con pochi fondi (appena lo 0,7% del PIB) e incapace di imporre il pagamento di royaltiers a chi sfrutta le risorse naturali del paese. Cos\u00ec sono messe le cose; i segnali verso il 90% delle famiglie cilene sono molto negativi e non fermeranno le mobilitazioni.<\/p>\n<p>Ma c\u2019\u00e8 dell\u2019altro. Non ci sono segnali contro gli abusi e la corruzione imprenditoriale\/politica. La popolazione esige la prigione e non lezioni di etica per i collusi e per chi espropria i consumatori e chiede anche reali pene per gli imprenditori imbroglioni che finanziano i politici per aumentare i propri guadagni. Anzich\u00e9 pronunciarsi e agire in questo campo, Pi\u00f1era preferisce colpevolizzare la violenza dei manifestanti rispetto a tutto ci\u00f2 che succede nel paese.<\/p>\n<p>Il presidente non ha risposte su come affrontare le disuguaglianze, gli abusi e gli episodi di corruzione. Anzi, accusa goffamente Cuba e Venezuela per le mobilitazioni. Certo, ha avuto la sfortuna di trovarsi in mezzo a quest\u2019esplosione sociale per 40 anni di ingiustizie, ma se \u00e8 a capo del governo deve mostrare empatia verso le richieste dei cittadini. Invece non si \u00e8 dimostrato capace. Le sue proposte sono insufficienti e il suo discorso aggredisce il popolo.<\/p>\n<p>Pi\u00f1era ha fallito. Non \u00e8 nelle condizioni di governare. La difesa dei propri interessi e dei propri soci gli impedisce di ascoltare le richieste del popolo che esige integrazione sociale e una giusta ripartizione del potere e della ricchezza. Allo stesso tempo, il suo tono aggressivo amplifica le tensioni e i dissensi. Il problema non \u00e8 la violenza, \u00e8 Pi\u00f1era.<\/p>\n<p>Traduzione dallo spagnolo di Francesca Crisci<\/p>\n<p>&nbsp;<\/p>\n<p>&nbsp;<\/p>\n","protected":false},"excerpt":{"rendered":"<p>Pi\u00f1era e i suoi soci hanno fatto della violenza il tema principale all\u2019ordine del giorno nel paese, spostando in secondo piano l\u2019attenzione alle richieste sociali e addirittura minacciando i cittadini nel tentativo di sospendere il referendum costituzionale, se il caos&hellip;<\/p>\n","protected":false},"author":1451,"featured_media":1049431,"comment_status":"closed","ping_status":"closed","sticky":false,"template":"","format":"standard","meta":{"footnotes":""},"categories":[11388,162,55,48],"tags":[540,54001,890,1119],"class_list":["post-1050464","post","type-post","status-publish","format-standard","has-post-thumbnail","hentry","category-contenuti-originali","category-opinioni","category-politica","category-sud-america","tag-cile","tag-pinera-it","tag-proteste-sociali","tag-repressione"],"yoast_head":"<!-- This site is optimized with the Yoast SEO plugin v27.1.1 - https:\/\/yoast.com\/product\/yoast-seo-wordpress\/ -->\n<title>Il problema non \u00e8 la violenza, \u00e8 Pi\u00f1era<\/title>\n<meta name=\"description\" content=\"Pi\u00f1era e i suoi soci hanno fatto della violenza il tema principale all\u2019ordine del giorno nel paese, spostando in secondo piano l\u2019attenzione alle richieste\" \/>\n<meta name=\"robots\" content=\"index, follow, max-snippet:-1, max-image-preview:large, max-video-preview:-1\" \/>\n<link rel=\"canonical\" href=\"https:\/\/www.pressenza.com\/it\/2020\/03\/il-problema-non-e-la-violenza-e-pinera\/\" \/>\n<meta property=\"og:locale\" content=\"it_IT\" \/>\n<meta property=\"og:type\" content=\"article\" \/>\n<meta property=\"og:title\" content=\"Il problema non \u00e8 la violenza, \u00e8 Pi\u00f1era\" \/>\n<meta property=\"og:description\" content=\"Pi\u00f1era e i suoi soci hanno fatto della violenza il tema principale all\u2019ordine del giorno nel paese, spostando in secondo piano l\u2019attenzione alle richieste\" \/>\n<meta property=\"og:url\" content=\"https:\/\/www.pressenza.com\/it\/2020\/03\/il-problema-non-e-la-violenza-e-pinera\/\" \/>\n<meta property=\"og:site_name\" content=\"Pressenza\" \/>\n<meta property=\"article:publisher\" content=\"https:\/\/www.facebook.com\/PressenzaItalia\" \/>\n<meta property=\"article:published_time\" content=\"2020-03-06T20:18:52+00:00\" \/>\n<meta property=\"article:modified_time\" content=\"2020-03-06T20:19:36+00:00\" \/>\n<meta property=\"og:image\" content=\"https:\/\/www.pressenza.com\/wp-content\/uploads\/2020\/03\/elpepq-1170x731.jpg\" \/>\n\t<meta property=\"og:image:width\" content=\"1170\" \/>\n\t<meta property=\"og:image:height\" content=\"731\" \/>\n\t<meta property=\"og:image:type\" content=\"image\/jpeg\" \/>\n<meta name=\"author\" content=\"Roberto Pizarro\" \/>\n<meta name=\"twitter:card\" content=\"summary_large_image\" \/>\n<meta name=\"twitter:creator\" content=\"@PressenzaIPA\" \/>\n<meta name=\"twitter:site\" content=\"@PressenzaIPA\" \/>\n<meta name=\"twitter:label1\" content=\"Scritto da\" \/>\n\t<meta name=\"twitter:data1\" content=\"Roberto Pizarro\" \/>\n\t<meta name=\"twitter:label2\" content=\"Tempo di lettura stimato\" \/>\n\t<meta name=\"twitter:data2\" content=\"4 minuti\" \/>\n<script type=\"application\/ld+json\" class=\"yoast-schema-graph\">{\"@context\":\"https:\/\/schema.org\",\"@graph\":[{\"@type\":\"Article\",\"@id\":\"https:\/\/www.pressenza.com\/it\/2020\/03\/il-problema-non-e-la-violenza-e-pinera\/#article\",\"isPartOf\":{\"@id\":\"https:\/\/www.pressenza.com\/it\/2020\/03\/il-problema-non-e-la-violenza-e-pinera\/\"},\"author\":{\"name\":\"Roberto Pizarro\",\"@id\":\"https:\/\/www.pressenza.com\/it\/#\/schema\/person\/622524797ea4e3bf162461cbc6b81e29\"},\"headline\":\"Il problema non \u00e8 la violenza, \u00e8 Pi\u00f1era\",\"datePublished\":\"2020-03-06T20:18:52+00:00\",\"dateModified\":\"2020-03-06T20:19:36+00:00\",\"mainEntityOfPage\":{\"@id\":\"https:\/\/www.pressenza.com\/it\/2020\/03\/il-problema-non-e-la-violenza-e-pinera\/\"},\"wordCount\":833,\"publisher\":{\"@id\":\"https:\/\/www.pressenza.com\/it\/#organization\"},\"image\":{\"@id\":\"https:\/\/www.pressenza.com\/it\/2020\/03\/il-problema-non-e-la-violenza-e-pinera\/#primaryimage\"},\"thumbnailUrl\":\"https:\/\/www.pressenza.com\/wp-content\/uploads\/2020\/03\/elpepq-1170x731.jpg\",\"keywords\":[\"Cile\",\"Pi\u00f1era\",\"proteste sociali\",\"repressione\"],\"articleSection\":[\"contenuti originali\",\"Opinioni\",\"Politica\",\"Sud America\"],\"inLanguage\":\"it-IT\"},{\"@type\":\"WebPage\",\"@id\":\"https:\/\/www.pressenza.com\/it\/2020\/03\/il-problema-non-e-la-violenza-e-pinera\/\",\"url\":\"https:\/\/www.pressenza.com\/it\/2020\/03\/il-problema-non-e-la-violenza-e-pinera\/\",\"name\":\"Il problema non \u00e8 la violenza, \u00e8 Pi\u00f1era\",\"isPartOf\":{\"@id\":\"https:\/\/www.pressenza.com\/it\/#website\"},\"primaryImageOfPage\":{\"@id\":\"https:\/\/www.pressenza.com\/it\/2020\/03\/il-problema-non-e-la-violenza-e-pinera\/#primaryimage\"},\"image\":{\"@id\":\"https:\/\/www.pressenza.com\/it\/2020\/03\/il-problema-non-e-la-violenza-e-pinera\/#primaryimage\"},\"thumbnailUrl\":\"https:\/\/www.pressenza.com\/wp-content\/uploads\/2020\/03\/elpepq-1170x731.jpg\",\"datePublished\":\"2020-03-06T20:18:52+00:00\",\"dateModified\":\"2020-03-06T20:19:36+00:00\",\"description\":\"Pi\u00f1era e i suoi soci hanno fatto della violenza il tema principale all\u2019ordine del giorno nel paese, spostando in secondo piano l\u2019attenzione alle richieste\",\"breadcrumb\":{\"@id\":\"https:\/\/www.pressenza.com\/it\/2020\/03\/il-problema-non-e-la-violenza-e-pinera\/#breadcrumb\"},\"inLanguage\":\"it-IT\",\"potentialAction\":[{\"@type\":\"ReadAction\",\"target\":[\"https:\/\/www.pressenza.com\/it\/2020\/03\/il-problema-non-e-la-violenza-e-pinera\/\"]}]},{\"@type\":\"ImageObject\",\"inLanguage\":\"it-IT\",\"@id\":\"https:\/\/www.pressenza.com\/it\/2020\/03\/il-problema-non-e-la-violenza-e-pinera\/#primaryimage\",\"url\":\"https:\/\/www.pressenza.com\/wp-content\/uploads\/2020\/03\/elpepq-1170x731.jpg\",\"contentUrl\":\"https:\/\/www.pressenza.com\/wp-content\/uploads\/2020\/03\/elpepq-1170x731.jpg\",\"width\":1170,\"height\":731},{\"@type\":\"BreadcrumbList\",\"@id\":\"https:\/\/www.pressenza.com\/it\/2020\/03\/il-problema-non-e-la-violenza-e-pinera\/#breadcrumb\",\"itemListElement\":[{\"@type\":\"ListItem\",\"position\":1,\"name\":\"Accueil\",\"item\":\"https:\/\/www.pressenza.com\/it\/\"},{\"@type\":\"ListItem\",\"position\":2,\"name\":\"Il problema non \u00e8 la violenza, \u00e8 Pi\u00f1era\"}]},{\"@type\":\"WebSite\",\"@id\":\"https:\/\/www.pressenza.com\/it\/#website\",\"url\":\"https:\/\/www.pressenza.com\/it\/\",\"name\":\"Pressenza\",\"description\":\"Agenzia di Stampa Internazionale\",\"publisher\":{\"@id\":\"https:\/\/www.pressenza.com\/it\/#organization\"},\"potentialAction\":[{\"@type\":\"SearchAction\",\"target\":{\"@type\":\"EntryPoint\",\"urlTemplate\":\"https:\/\/www.pressenza.com\/it\/?s={search_term_string}\"},\"query-input\":{\"@type\":\"PropertyValueSpecification\",\"valueRequired\":true,\"valueName\":\"search_term_string\"}}],\"inLanguage\":\"it-IT\"},{\"@type\":\"Organization\",\"@id\":\"https:\/\/www.pressenza.com\/it\/#organization\",\"name\":\"Pressenza\",\"url\":\"https:\/\/www.pressenza.com\/it\/\",\"logo\":{\"@type\":\"ImageObject\",\"inLanguage\":\"it-IT\",\"@id\":\"https:\/\/www.pressenza.com\/it\/#\/schema\/logo\/image\/\",\"url\":\"https:\/\/www.pressenza.com\/wp-content\/uploads\/2022\/10\/pressenza_logo_200x200.jpg\",\"contentUrl\":\"https:\/\/www.pressenza.com\/wp-content\/uploads\/2022\/10\/pressenza_logo_200x200.jpg\",\"width\":200,\"height\":200,\"caption\":\"Pressenza\"},\"image\":{\"@id\":\"https:\/\/www.pressenza.com\/it\/#\/schema\/logo\/image\/\"},\"sameAs\":[\"https:\/\/www.facebook.com\/PressenzaItalia\",\"https:\/\/x.com\/PressenzaIPA\"]},{\"@type\":\"Person\",\"@id\":\"https:\/\/www.pressenza.com\/it\/#\/schema\/person\/622524797ea4e3bf162461cbc6b81e29\",\"name\":\"Roberto Pizarro\",\"url\":\"https:\/\/www.pressenza.com\/it\/author\/roberto-pizarro\/\"}]}<\/script>\n<!-- \/ Yoast SEO plugin. -->","yoast_head_json":{"title":"Il problema non \u00e8 la violenza, \u00e8 Pi\u00f1era","description":"Pi\u00f1era e i suoi soci hanno fatto della violenza il tema principale all\u2019ordine del giorno nel paese, spostando in secondo piano l\u2019attenzione alle richieste","robots":{"index":"index","follow":"follow","max-snippet":"max-snippet:-1","max-image-preview":"max-image-preview:large","max-video-preview":"max-video-preview:-1"},"canonical":"https:\/\/www.pressenza.com\/it\/2020\/03\/il-problema-non-e-la-violenza-e-pinera\/","og_locale":"it_IT","og_type":"article","og_title":"Il problema non \u00e8 la violenza, \u00e8 Pi\u00f1era","og_description":"Pi\u00f1era e i suoi soci hanno fatto della violenza il tema principale all\u2019ordine del giorno nel paese, spostando in secondo piano l\u2019attenzione alle richieste","og_url":"https:\/\/www.pressenza.com\/it\/2020\/03\/il-problema-non-e-la-violenza-e-pinera\/","og_site_name":"Pressenza","article_publisher":"https:\/\/www.facebook.com\/PressenzaItalia","article_published_time":"2020-03-06T20:18:52+00:00","article_modified_time":"2020-03-06T20:19:36+00:00","og_image":[{"width":1170,"height":731,"url":"https:\/\/www.pressenza.com\/wp-content\/uploads\/2020\/03\/elpepq-1170x731.jpg","type":"image\/jpeg"}],"author":"Roberto Pizarro","twitter_card":"summary_large_image","twitter_creator":"@PressenzaIPA","twitter_site":"@PressenzaIPA","twitter_misc":{"Scritto da":"Roberto Pizarro","Tempo di lettura stimato":"4 minuti"},"schema":{"@context":"https:\/\/schema.org","@graph":[{"@type":"Article","@id":"https:\/\/www.pressenza.com\/it\/2020\/03\/il-problema-non-e-la-violenza-e-pinera\/#article","isPartOf":{"@id":"https:\/\/www.pressenza.com\/it\/2020\/03\/il-problema-non-e-la-violenza-e-pinera\/"},"author":{"name":"Roberto Pizarro","@id":"https:\/\/www.pressenza.com\/it\/#\/schema\/person\/622524797ea4e3bf162461cbc6b81e29"},"headline":"Il problema non \u00e8 la violenza, \u00e8 Pi\u00f1era","datePublished":"2020-03-06T20:18:52+00:00","dateModified":"2020-03-06T20:19:36+00:00","mainEntityOfPage":{"@id":"https:\/\/www.pressenza.com\/it\/2020\/03\/il-problema-non-e-la-violenza-e-pinera\/"},"wordCount":833,"publisher":{"@id":"https:\/\/www.pressenza.com\/it\/#organization"},"image":{"@id":"https:\/\/www.pressenza.com\/it\/2020\/03\/il-problema-non-e-la-violenza-e-pinera\/#primaryimage"},"thumbnailUrl":"https:\/\/www.pressenza.com\/wp-content\/uploads\/2020\/03\/elpepq-1170x731.jpg","keywords":["Cile","Pi\u00f1era","proteste sociali","repressione"],"articleSection":["contenuti originali","Opinioni","Politica","Sud America"],"inLanguage":"it-IT"},{"@type":"WebPage","@id":"https:\/\/www.pressenza.com\/it\/2020\/03\/il-problema-non-e-la-violenza-e-pinera\/","url":"https:\/\/www.pressenza.com\/it\/2020\/03\/il-problema-non-e-la-violenza-e-pinera\/","name":"Il problema non \u00e8 la violenza, \u00e8 Pi\u00f1era","isPartOf":{"@id":"https:\/\/www.pressenza.com\/it\/#website"},"primaryImageOfPage":{"@id":"https:\/\/www.pressenza.com\/it\/2020\/03\/il-problema-non-e-la-violenza-e-pinera\/#primaryimage"},"image":{"@id":"https:\/\/www.pressenza.com\/it\/2020\/03\/il-problema-non-e-la-violenza-e-pinera\/#primaryimage"},"thumbnailUrl":"https:\/\/www.pressenza.com\/wp-content\/uploads\/2020\/03\/elpepq-1170x731.jpg","datePublished":"2020-03-06T20:18:52+00:00","dateModified":"2020-03-06T20:19:36+00:00","description":"Pi\u00f1era e i suoi soci hanno fatto della violenza il tema principale all\u2019ordine del giorno nel paese, spostando in secondo piano l\u2019attenzione alle richieste","breadcrumb":{"@id":"https:\/\/www.pressenza.com\/it\/2020\/03\/il-problema-non-e-la-violenza-e-pinera\/#breadcrumb"},"inLanguage":"it-IT","potentialAction":[{"@type":"ReadAction","target":["https:\/\/www.pressenza.com\/it\/2020\/03\/il-problema-non-e-la-violenza-e-pinera\/"]}]},{"@type":"ImageObject","inLanguage":"it-IT","@id":"https:\/\/www.pressenza.com\/it\/2020\/03\/il-problema-non-e-la-violenza-e-pinera\/#primaryimage","url":"https:\/\/www.pressenza.com\/wp-content\/uploads\/2020\/03\/elpepq-1170x731.jpg","contentUrl":"https:\/\/www.pressenza.com\/wp-content\/uploads\/2020\/03\/elpepq-1170x731.jpg","width":1170,"height":731},{"@type":"BreadcrumbList","@id":"https:\/\/www.pressenza.com\/it\/2020\/03\/il-problema-non-e-la-violenza-e-pinera\/#breadcrumb","itemListElement":[{"@type":"ListItem","position":1,"name":"Accueil","item":"https:\/\/www.pressenza.com\/it\/"},{"@type":"ListItem","position":2,"name":"Il problema non \u00e8 la violenza, \u00e8 Pi\u00f1era"}]},{"@type":"WebSite","@id":"https:\/\/www.pressenza.com\/it\/#website","url":"https:\/\/www.pressenza.com\/it\/","name":"Pressenza","description":"Agenzia di Stampa Internazionale","publisher":{"@id":"https:\/\/www.pressenza.com\/it\/#organization"},"potentialAction":[{"@type":"SearchAction","target":{"@type":"EntryPoint","urlTemplate":"https:\/\/www.pressenza.com\/it\/?s={search_term_string}"},"query-input":{"@type":"PropertyValueSpecification","valueRequired":true,"valueName":"search_term_string"}}],"inLanguage":"it-IT"},{"@type":"Organization","@id":"https:\/\/www.pressenza.com\/it\/#organization","name":"Pressenza","url":"https:\/\/www.pressenza.com\/it\/","logo":{"@type":"ImageObject","inLanguage":"it-IT","@id":"https:\/\/www.pressenza.com\/it\/#\/schema\/logo\/image\/","url":"https:\/\/www.pressenza.com\/wp-content\/uploads\/2022\/10\/pressenza_logo_200x200.jpg","contentUrl":"https:\/\/www.pressenza.com\/wp-content\/uploads\/2022\/10\/pressenza_logo_200x200.jpg","width":200,"height":200,"caption":"Pressenza"},"image":{"@id":"https:\/\/www.pressenza.com\/it\/#\/schema\/logo\/image\/"},"sameAs":["https:\/\/www.facebook.com\/PressenzaItalia","https:\/\/x.com\/PressenzaIPA"]},{"@type":"Person","@id":"https:\/\/www.pressenza.com\/it\/#\/schema\/person\/622524797ea4e3bf162461cbc6b81e29","name":"Roberto Pizarro","url":"https:\/\/www.pressenza.com\/it\/author\/roberto-pizarro\/"}]}},"place":"","original_article_url":"","_links":{"self":[{"href":"https:\/\/www.pressenza.com\/it\/wp-json\/wp\/v2\/posts\/1050464","targetHints":{"allow":["GET"]}}],"collection":[{"href":"https:\/\/www.pressenza.com\/it\/wp-json\/wp\/v2\/posts"}],"about":[{"href":"https:\/\/www.pressenza.com\/it\/wp-json\/wp\/v2\/types\/post"}],"author":[{"embeddable":true,"href":"https:\/\/www.pressenza.com\/it\/wp-json\/wp\/v2\/users\/1451"}],"replies":[{"embeddable":true,"href":"https:\/\/www.pressenza.com\/it\/wp-json\/wp\/v2\/comments?post=1050464"}],"version-history":[{"count":0,"href":"https:\/\/www.pressenza.com\/it\/wp-json\/wp\/v2\/posts\/1050464\/revisions"}],"wp:featuredmedia":[{"embeddable":true,"href":"https:\/\/www.pressenza.com\/it\/wp-json\/wp\/v2\/media\/1049431"}],"wp:attachment":[{"href":"https:\/\/www.pressenza.com\/it\/wp-json\/wp\/v2\/media?parent=1050464"}],"wp:term":[{"taxonomy":"category","embeddable":true,"href":"https:\/\/www.pressenza.com\/it\/wp-json\/wp\/v2\/categories?post=1050464"},{"taxonomy":"post_tag","embeddable":true,"href":"https:\/\/www.pressenza.com\/it\/wp-json\/wp\/v2\/tags?post=1050464"}],"curies":[{"name":"wp","href":"https:\/\/api.w.org\/{rel}","templated":true}]}}