{"id":1050298,"date":"2020-03-06T13:50:15","date_gmt":"2020-03-06T13:50:15","guid":{"rendered":"https:\/\/www.pressenza.com\/?p=1050298"},"modified":"2020-03-06T13:52:26","modified_gmt":"2020-03-06T13:52:26","slug":"solidarieta-alle-lavoratrici-e-ai-lavoratori-della-sanita-stop-privati-il-pubblico-e-la-soluzione","status":"publish","type":"post","link":"https:\/\/www.pressenza.com\/it\/2020\/03\/solidarieta-alle-lavoratrici-e-ai-lavoratori-della-sanita-stop-privati-il-pubblico-e-la-soluzione\/","title":{"rendered":"Solidariet\u00e0 alle lavoratrici e ai lavoratori della sanit\u00e0: stop privati, il pubblico \u00e8 la soluzione!"},"content":{"rendered":"<p>Sebbene il Piemonte non sia attualmente tra le \u201czone rosse\u201d dove l\u2019emergenza Coronavirus \u00e8 pi\u00f9 seria, anche da noi i casi stanno aumentando, facendo presagire a breve un picco e <b>mettendo fin da ora a dura prova la tenuta di un Servizio Sanitario Nazionale estenuato da anni di tagli pesantissimi (28 miliardi nel 2010-2019 secondo l\u2019ultimo rapporto Gimbe) e che si regge solamente sullo straordinario lavoro del personale sanitario.<\/b><\/p>\n<p>A Torino il servizio sanitario, come pi\u00f9 voci stanno rilevando, \u00e8 gi\u00e0 esposto al rischio di sovraccarico in pi\u00f9 punti, come alle Molinette dove proprio oggi un intero reparto \u00e8 stato chiuso e messo in quarantena per alcuni pazienti risultati positivi e dove \u00e8 diffusa la sensazione di mancanza di direzione e di non essere assolutamente in grado di gestire un eventuale salto di qualit\u00e0 dell\u2019emergenza,<b> per i tagli alle strutture e al personale. <\/b>Tutto questo mentre come al solito i medici specializzandi fungono da utili tappabuchi per le carenze di personale, e per la stessa ragione nei primi giorni dopo la diffusione del virus sono stati precettati come \u201cvolontari\u201d 78 studenti di medicina, per rispondere alle telefonate dei cittadini al numero verde della Regione.<\/p>\n<p>Si sa, nei momenti di emergenza le contraddizioni si manifestano in modo pi\u00f9 evidente. Quella del Coronavirus sta mettendo sotto gli occhi di tutti l\u2019inadeguatezza complessiva di un sistema in cui:<\/p>\n<ul>\n<li>si fermano le scuole ma non i luoghi di lavoro e della produzione dove il contagio \u00e8 pi\u00f9 probabile;<\/li>\n<li>ogni attore istituzionale agisce per conto proprio in un quadro nel quale le Regioni vantano larghe prerogative anche in tema di gestione della sanit\u00e0, e dunque non \u00e8 possibile una reale gestione complessiva dell\u2019emergenza;<\/li>\n<li>i vincoli di bilancio vengono sempre e comunque prima degli interessi delle classi popolari;<\/li>\n<li>la sanit\u00e0 privata, da anni foraggiata con ingenti aiuti pubblici da tutti i governi di centro-destra e centro-sinistra, essendo mossa per sua natura dal profitto e non dall&#8217;interesse collettivo \u00e8 del tutto inutile in questa situazione, anzi dannosa perch\u00e9 appunto sviluppata a detrimento di quella pubblica.<\/li>\n<\/ul>\n<p>Sanit\u00e0 pubblica che \u00e8 da parte sua in seria difficolt\u00e0 in termini di strutture e personale. Gli operatori sanitari, medici, infermieri, ausiliari, ai quali va il nostro totale e leale sostegno anche in questi giorni di emergenza sull&#8217;epidemia Coronavirus, invece di essere in grado di lavorare con continuit\u00e0 e in modo dignitoso, sono stati imbrigliati nel verminaio di partite Iva, cooperative, appalti al ribasso che alimentano precariet\u00e0, insicurezza e retribuzioni indecenti per chi lavora e degrado nei servizi (vedi l\u2019abbassamento degli standard di sanificazione degli ospedali).<\/p>\n<p>Torino, inoltre, \u00e8 la citt\u00e0 dove da anni \u00e8 in discussione il progetto del Parco della Salute: un polo di eccellenza, voluto in primis dal centro-sinistra ma gradito alla destra e ora appoggiato dalla stessa giunta 5 Stelle, che segnerebbe il definitivo sdoganamento dei privati nel campo della sanit\u00e0 (la struttura stessa sarebbe gestita secondo il modello del PPP, la partnership pubblico-privata), un taglio significativo dei posti letto e pi\u00f9 in generale il trionfo della logica dell\u2019eccellenza su quella della capillarit\u00e0, gratuit\u00e0 ed efficacia del servizio. L\u2019ennesimo schiaffo al servizio pubblico, a beneficio dell\u2019interesse privato.<\/p>\n<p>Come Potere al Popolo Torino, allora, <b>mentre desideriamo ringraziare lavoratrici e lavoratori della sanit\u00e0 a qualsiasi livello: medici, infermieri e operatori sanitari per il loro prezioso lavoro in condizioni sempre pi\u00f9 dure, pensiamo che occorra immediatamente invertire la rotta, a livello nazionale come a quello locale:<\/b><span lang=\"it-IT\"><b> <\/b><br \/>\n<\/span><\/p>\n<p><span lang=\"it-IT\"><b>interrompere immediatamente i finanziamenti alla sanit\u00e0 privata orientandoli a favore del servizio sanitario nazionale<\/b>, rompendo con le politiche di austerit\u00e0;<\/span><\/p>\n<p><span lang=\"it-IT\"><b>interrompere regionalizzazione della sanit\u00e0 e autonomia differenziata<\/b> e ripartire con un <b>piano straordinario di assunzioni di personale<\/b> a ogni livello.<\/span><\/p>\n<p><span lang=\"it-IT\">Al<\/span> <span lang=\"it-IT\">fine di garantire realmente il diritto alla salute per tutte e tutti riteniamo indispensabile che venga avviata una<\/span> seria <b>programmazione di grandi campagne nazionali di prevenzione costanti<\/b> e non attive sono durante le \u201cemergenze\u201d, lo stanziamento di <b>adeguati fondi per la ricerca pubblica libera<\/b> da conflitti di interesse e l&#8217;<b>orientamento della sanit\u00e0 pubblica verso l&#8217;assistenza territoriale e la medicina di comunit\u00e0<\/b>.<\/p>\n<p>Come questi giorni di emergenza ci stanno insegnando, \u00e8 necessario che i cittadini trovino risposta presso i servizi del proprio territorio e non siano costretti a recarsi in pronto soccorso per richieste che non siano emergenziali. Affinch\u00e9 ci\u00f2 avvenga,<b> \u00e8 necessario informare e potenziare, con adeguati finanziamenti, la medicina territoriale,<\/b> pensando ad esempio a ridurre il numero di pazienti per ogni medico di medicina generale.<\/p>\n<p style=\"text-align: right;\">Potere al Popolo! Torino<\/p>\n","protected":false},"excerpt":{"rendered":"<p>Sebbene il Piemonte non sia attualmente tra le \u201czone rosse\u201d dove l\u2019emergenza Coronavirus \u00e8 pi\u00f9 seria, anche da noi i casi stanno aumentando, facendo presagire a breve un picco e mettendo fin da ora a dura prova la tenuta di&hellip;<\/p>\n","protected":false},"author":1640,"featured_media":1050311,"comment_status":"closed","ping_status":"closed","sticky":false,"template":"","format":"standard","meta":{"footnotes":""},"categories":[150,47,55,1259],"tags":[42365,3226],"class_list":["post-1050298","post","type-post","status-publish","format-standard","has-post-thumbnail","hentry","category-comunicati-stampa","category-europa","category-politica","category-salute-argomento","tag-potere-al-popolo","tag-torino"],"yoast_head":"<!-- This site is optimized with the Yoast SEO plugin v27.1.1 - https:\/\/yoast.com\/product\/yoast-seo-wordpress\/ -->\n<title>Solidariet\u00e0 alle lavoratrici e ai lavoratori della sanit\u00e0: stop privati, il pubblico \u00e8 la soluzione!<\/title>\n<meta name=\"description\" content=\"Sebbene il Piemonte non sia attualmente tra le \u201czone rosse\u201d dove l\u2019emergenza Coronavirus \u00e8 pi\u00f9 seria, anche da noi i casi stanno aumentando, facendo\" \/>\n<meta name=\"robots\" content=\"index, follow, max-snippet:-1, max-image-preview:large, max-video-preview:-1\" \/>\n<link rel=\"canonical\" href=\"https:\/\/www.pressenza.com\/it\/2020\/03\/solidarieta-alle-lavoratrici-e-ai-lavoratori-della-sanita-stop-privati-il-pubblico-e-la-soluzione\/\" \/>\n<meta property=\"og:locale\" content=\"it_IT\" \/>\n<meta property=\"og:type\" content=\"article\" \/>\n<meta property=\"og:title\" content=\"Solidariet\u00e0 alle lavoratrici e ai lavoratori della sanit\u00e0: stop privati, il pubblico \u00e8 la soluzione!\" \/>\n<meta property=\"og:description\" content=\"Sebbene il Piemonte non sia attualmente tra le \u201czone rosse\u201d dove l\u2019emergenza Coronavirus \u00e8 pi\u00f9 seria, anche da noi i casi stanno aumentando, facendo\" \/>\n<meta property=\"og:url\" content=\"https:\/\/www.pressenza.com\/it\/2020\/03\/solidarieta-alle-lavoratrici-e-ai-lavoratori-della-sanita-stop-privati-il-pubblico-e-la-soluzione\/\" \/>\n<meta property=\"og:site_name\" content=\"Pressenza\" \/>\n<meta property=\"article:publisher\" content=\"https:\/\/www.facebook.com\/PressenzaItalia\" \/>\n<meta property=\"article:published_time\" content=\"2020-03-06T13:50:15+00:00\" \/>\n<meta property=\"article:modified_time\" content=\"2020-03-06T13:52:26+00:00\" \/>\n<meta property=\"og:image\" content=\"https:\/\/www.pressenza.com\/wp-content\/uploads\/2020\/03\/coronaviruspap2.jpeg\" \/>\n\t<meta property=\"og:image:width\" content=\"1600\" \/>\n\t<meta property=\"og:image:height\" content=\"1200\" \/>\n\t<meta property=\"og:image:type\" content=\"image\/jpeg\" \/>\n<meta name=\"author\" content=\"Redazione Torino\" \/>\n<meta name=\"twitter:card\" content=\"summary_large_image\" \/>\n<meta name=\"twitter:creator\" content=\"@PressenzaIPA\" \/>\n<meta name=\"twitter:site\" content=\"@PressenzaIPA\" \/>\n<meta name=\"twitter:label1\" content=\"Scritto da\" \/>\n\t<meta name=\"twitter:data1\" content=\"Redazione Torino\" \/>\n\t<meta name=\"twitter:label2\" content=\"Tempo di lettura stimato\" \/>\n\t<meta name=\"twitter:data2\" content=\"4 minuti\" \/>\n<script type=\"application\/ld+json\" class=\"yoast-schema-graph\">{\"@context\":\"https:\/\/schema.org\",\"@graph\":[{\"@type\":\"Article\",\"@id\":\"https:\/\/www.pressenza.com\/it\/2020\/03\/solidarieta-alle-lavoratrici-e-ai-lavoratori-della-sanita-stop-privati-il-pubblico-e-la-soluzione\/#article\",\"isPartOf\":{\"@id\":\"https:\/\/www.pressenza.com\/it\/2020\/03\/solidarieta-alle-lavoratrici-e-ai-lavoratori-della-sanita-stop-privati-il-pubblico-e-la-soluzione\/\"},\"author\":{\"name\":\"Redazione Torino\",\"@id\":\"https:\/\/www.pressenza.com\/it\/#\/schema\/person\/da0d4ca096515102c096dbbc39d69593\"},\"headline\":\"Solidariet\u00e0 alle lavoratrici e ai lavoratori della sanit\u00e0: stop privati, il pubblico \u00e8 la soluzione!\",\"datePublished\":\"2020-03-06T13:50:15+00:00\",\"dateModified\":\"2020-03-06T13:52:26+00:00\",\"mainEntityOfPage\":{\"@id\":\"https:\/\/www.pressenza.com\/it\/2020\/03\/solidarieta-alle-lavoratrici-e-ai-lavoratori-della-sanita-stop-privati-il-pubblico-e-la-soluzione\/\"},\"wordCount\":748,\"publisher\":{\"@id\":\"https:\/\/www.pressenza.com\/it\/#organization\"},\"image\":{\"@id\":\"https:\/\/www.pressenza.com\/it\/2020\/03\/solidarieta-alle-lavoratrici-e-ai-lavoratori-della-sanita-stop-privati-il-pubblico-e-la-soluzione\/#primaryimage\"},\"thumbnailUrl\":\"https:\/\/www.pressenza.com\/wp-content\/uploads\/2020\/03\/coronaviruspap2.jpeg\",\"keywords\":[\"Potere al popolo\",\"Torino\"],\"articleSection\":[\"Comunicati Stampa\",\"Europa\",\"Politica\",\"Salute\"],\"inLanguage\":\"it-IT\"},{\"@type\":\"WebPage\",\"@id\":\"https:\/\/www.pressenza.com\/it\/2020\/03\/solidarieta-alle-lavoratrici-e-ai-lavoratori-della-sanita-stop-privati-il-pubblico-e-la-soluzione\/\",\"url\":\"https:\/\/www.pressenza.com\/it\/2020\/03\/solidarieta-alle-lavoratrici-e-ai-lavoratori-della-sanita-stop-privati-il-pubblico-e-la-soluzione\/\",\"name\":\"Solidariet\u00e0 alle lavoratrici e ai lavoratori della sanit\u00e0: stop privati, il pubblico \u00e8 la soluzione!\",\"isPartOf\":{\"@id\":\"https:\/\/www.pressenza.com\/it\/#website\"},\"primaryImageOfPage\":{\"@id\":\"https:\/\/www.pressenza.com\/it\/2020\/03\/solidarieta-alle-lavoratrici-e-ai-lavoratori-della-sanita-stop-privati-il-pubblico-e-la-soluzione\/#primaryimage\"},\"image\":{\"@id\":\"https:\/\/www.pressenza.com\/it\/2020\/03\/solidarieta-alle-lavoratrici-e-ai-lavoratori-della-sanita-stop-privati-il-pubblico-e-la-soluzione\/#primaryimage\"},\"thumbnailUrl\":\"https:\/\/www.pressenza.com\/wp-content\/uploads\/2020\/03\/coronaviruspap2.jpeg\",\"datePublished\":\"2020-03-06T13:50:15+00:00\",\"dateModified\":\"2020-03-06T13:52:26+00:00\",\"description\":\"Sebbene il Piemonte non sia attualmente tra le \u201czone rosse\u201d dove l\u2019emergenza Coronavirus \u00e8 pi\u00f9 seria, anche da noi i casi stanno aumentando, facendo\",\"breadcrumb\":{\"@id\":\"https:\/\/www.pressenza.com\/it\/2020\/03\/solidarieta-alle-lavoratrici-e-ai-lavoratori-della-sanita-stop-privati-il-pubblico-e-la-soluzione\/#breadcrumb\"},\"inLanguage\":\"it-IT\",\"potentialAction\":[{\"@type\":\"ReadAction\",\"target\":[\"https:\/\/www.pressenza.com\/it\/2020\/03\/solidarieta-alle-lavoratrici-e-ai-lavoratori-della-sanita-stop-privati-il-pubblico-e-la-soluzione\/\"]}]},{\"@type\":\"ImageObject\",\"inLanguage\":\"it-IT\",\"@id\":\"https:\/\/www.pressenza.com\/it\/2020\/03\/solidarieta-alle-lavoratrici-e-ai-lavoratori-della-sanita-stop-privati-il-pubblico-e-la-soluzione\/#primaryimage\",\"url\":\"https:\/\/www.pressenza.com\/wp-content\/uploads\/2020\/03\/coronaviruspap2.jpeg\",\"contentUrl\":\"https:\/\/www.pressenza.com\/wp-content\/uploads\/2020\/03\/coronaviruspap2.jpeg\",\"width\":1600,\"height\":1200},{\"@type\":\"BreadcrumbList\",\"@id\":\"https:\/\/www.pressenza.com\/it\/2020\/03\/solidarieta-alle-lavoratrici-e-ai-lavoratori-della-sanita-stop-privati-il-pubblico-e-la-soluzione\/#breadcrumb\",\"itemListElement\":[{\"@type\":\"ListItem\",\"position\":1,\"name\":\"Accueil\",\"item\":\"https:\/\/www.pressenza.com\/it\/\"},{\"@type\":\"ListItem\",\"position\":2,\"name\":\"Solidariet\u00e0 alle lavoratrici e ai lavoratori della sanit\u00e0: stop privati, il pubblico \u00e8 la soluzione!\"}]},{\"@type\":\"WebSite\",\"@id\":\"https:\/\/www.pressenza.com\/it\/#website\",\"url\":\"https:\/\/www.pressenza.com\/it\/\",\"name\":\"Pressenza\",\"description\":\"Agenzia di Stampa Internazionale\",\"publisher\":{\"@id\":\"https:\/\/www.pressenza.com\/it\/#organization\"},\"potentialAction\":[{\"@type\":\"SearchAction\",\"target\":{\"@type\":\"EntryPoint\",\"urlTemplate\":\"https:\/\/www.pressenza.com\/it\/?s={search_term_string}\"},\"query-input\":{\"@type\":\"PropertyValueSpecification\",\"valueRequired\":true,\"valueName\":\"search_term_string\"}}],\"inLanguage\":\"it-IT\"},{\"@type\":\"Organization\",\"@id\":\"https:\/\/www.pressenza.com\/it\/#organization\",\"name\":\"Pressenza\",\"url\":\"https:\/\/www.pressenza.com\/it\/\",\"logo\":{\"@type\":\"ImageObject\",\"inLanguage\":\"it-IT\",\"@id\":\"https:\/\/www.pressenza.com\/it\/#\/schema\/logo\/image\/\",\"url\":\"https:\/\/www.pressenza.com\/wp-content\/uploads\/2022\/10\/pressenza_logo_200x200.jpg\",\"contentUrl\":\"https:\/\/www.pressenza.com\/wp-content\/uploads\/2022\/10\/pressenza_logo_200x200.jpg\",\"width\":200,\"height\":200,\"caption\":\"Pressenza\"},\"image\":{\"@id\":\"https:\/\/www.pressenza.com\/it\/#\/schema\/logo\/image\/\"},\"sameAs\":[\"https:\/\/www.facebook.com\/PressenzaItalia\",\"https:\/\/x.com\/PressenzaIPA\"]},{\"@type\":\"Person\",\"@id\":\"https:\/\/www.pressenza.com\/it\/#\/schema\/person\/da0d4ca096515102c096dbbc39d69593\",\"name\":\"Redazione Torino\",\"description\":\"News from the Pressenza Bureau in Turin, Italy redazione.torino@pressenza.com\",\"url\":\"https:\/\/www.pressenza.com\/it\/author\/redazione-torino\/\"}]}<\/script>\n<!-- \/ Yoast SEO plugin. -->","yoast_head_json":{"title":"Solidariet\u00e0 alle lavoratrici e ai lavoratori della sanit\u00e0: stop privati, il pubblico \u00e8 la soluzione!","description":"Sebbene il Piemonte non sia attualmente tra le \u201czone rosse\u201d dove l\u2019emergenza Coronavirus \u00e8 pi\u00f9 seria, anche da noi i casi stanno aumentando, facendo","robots":{"index":"index","follow":"follow","max-snippet":"max-snippet:-1","max-image-preview":"max-image-preview:large","max-video-preview":"max-video-preview:-1"},"canonical":"https:\/\/www.pressenza.com\/it\/2020\/03\/solidarieta-alle-lavoratrici-e-ai-lavoratori-della-sanita-stop-privati-il-pubblico-e-la-soluzione\/","og_locale":"it_IT","og_type":"article","og_title":"Solidariet\u00e0 alle lavoratrici e ai lavoratori della sanit\u00e0: stop privati, il pubblico \u00e8 la soluzione!","og_description":"Sebbene il Piemonte non sia attualmente tra le \u201czone rosse\u201d dove l\u2019emergenza Coronavirus \u00e8 pi\u00f9 seria, anche da noi i casi stanno aumentando, facendo","og_url":"https:\/\/www.pressenza.com\/it\/2020\/03\/solidarieta-alle-lavoratrici-e-ai-lavoratori-della-sanita-stop-privati-il-pubblico-e-la-soluzione\/","og_site_name":"Pressenza","article_publisher":"https:\/\/www.facebook.com\/PressenzaItalia","article_published_time":"2020-03-06T13:50:15+00:00","article_modified_time":"2020-03-06T13:52:26+00:00","og_image":[{"width":1600,"height":1200,"url":"https:\/\/www.pressenza.com\/wp-content\/uploads\/2020\/03\/coronaviruspap2.jpeg","type":"image\/jpeg"}],"author":"Redazione Torino","twitter_card":"summary_large_image","twitter_creator":"@PressenzaIPA","twitter_site":"@PressenzaIPA","twitter_misc":{"Scritto da":"Redazione Torino","Tempo di lettura stimato":"4 minuti"},"schema":{"@context":"https:\/\/schema.org","@graph":[{"@type":"Article","@id":"https:\/\/www.pressenza.com\/it\/2020\/03\/solidarieta-alle-lavoratrici-e-ai-lavoratori-della-sanita-stop-privati-il-pubblico-e-la-soluzione\/#article","isPartOf":{"@id":"https:\/\/www.pressenza.com\/it\/2020\/03\/solidarieta-alle-lavoratrici-e-ai-lavoratori-della-sanita-stop-privati-il-pubblico-e-la-soluzione\/"},"author":{"name":"Redazione Torino","@id":"https:\/\/www.pressenza.com\/it\/#\/schema\/person\/da0d4ca096515102c096dbbc39d69593"},"headline":"Solidariet\u00e0 alle lavoratrici e ai lavoratori della sanit\u00e0: stop privati, il pubblico \u00e8 la soluzione!","datePublished":"2020-03-06T13:50:15+00:00","dateModified":"2020-03-06T13:52:26+00:00","mainEntityOfPage":{"@id":"https:\/\/www.pressenza.com\/it\/2020\/03\/solidarieta-alle-lavoratrici-e-ai-lavoratori-della-sanita-stop-privati-il-pubblico-e-la-soluzione\/"},"wordCount":748,"publisher":{"@id":"https:\/\/www.pressenza.com\/it\/#organization"},"image":{"@id":"https:\/\/www.pressenza.com\/it\/2020\/03\/solidarieta-alle-lavoratrici-e-ai-lavoratori-della-sanita-stop-privati-il-pubblico-e-la-soluzione\/#primaryimage"},"thumbnailUrl":"https:\/\/www.pressenza.com\/wp-content\/uploads\/2020\/03\/coronaviruspap2.jpeg","keywords":["Potere al popolo","Torino"],"articleSection":["Comunicati Stampa","Europa","Politica","Salute"],"inLanguage":"it-IT"},{"@type":"WebPage","@id":"https:\/\/www.pressenza.com\/it\/2020\/03\/solidarieta-alle-lavoratrici-e-ai-lavoratori-della-sanita-stop-privati-il-pubblico-e-la-soluzione\/","url":"https:\/\/www.pressenza.com\/it\/2020\/03\/solidarieta-alle-lavoratrici-e-ai-lavoratori-della-sanita-stop-privati-il-pubblico-e-la-soluzione\/","name":"Solidariet\u00e0 alle lavoratrici e ai lavoratori della sanit\u00e0: stop privati, il pubblico \u00e8 la soluzione!","isPartOf":{"@id":"https:\/\/www.pressenza.com\/it\/#website"},"primaryImageOfPage":{"@id":"https:\/\/www.pressenza.com\/it\/2020\/03\/solidarieta-alle-lavoratrici-e-ai-lavoratori-della-sanita-stop-privati-il-pubblico-e-la-soluzione\/#primaryimage"},"image":{"@id":"https:\/\/www.pressenza.com\/it\/2020\/03\/solidarieta-alle-lavoratrici-e-ai-lavoratori-della-sanita-stop-privati-il-pubblico-e-la-soluzione\/#primaryimage"},"thumbnailUrl":"https:\/\/www.pressenza.com\/wp-content\/uploads\/2020\/03\/coronaviruspap2.jpeg","datePublished":"2020-03-06T13:50:15+00:00","dateModified":"2020-03-06T13:52:26+00:00","description":"Sebbene il Piemonte non sia attualmente tra le \u201czone rosse\u201d dove l\u2019emergenza Coronavirus \u00e8 pi\u00f9 seria, anche da noi i casi stanno aumentando, facendo","breadcrumb":{"@id":"https:\/\/www.pressenza.com\/it\/2020\/03\/solidarieta-alle-lavoratrici-e-ai-lavoratori-della-sanita-stop-privati-il-pubblico-e-la-soluzione\/#breadcrumb"},"inLanguage":"it-IT","potentialAction":[{"@type":"ReadAction","target":["https:\/\/www.pressenza.com\/it\/2020\/03\/solidarieta-alle-lavoratrici-e-ai-lavoratori-della-sanita-stop-privati-il-pubblico-e-la-soluzione\/"]}]},{"@type":"ImageObject","inLanguage":"it-IT","@id":"https:\/\/www.pressenza.com\/it\/2020\/03\/solidarieta-alle-lavoratrici-e-ai-lavoratori-della-sanita-stop-privati-il-pubblico-e-la-soluzione\/#primaryimage","url":"https:\/\/www.pressenza.com\/wp-content\/uploads\/2020\/03\/coronaviruspap2.jpeg","contentUrl":"https:\/\/www.pressenza.com\/wp-content\/uploads\/2020\/03\/coronaviruspap2.jpeg","width":1600,"height":1200},{"@type":"BreadcrumbList","@id":"https:\/\/www.pressenza.com\/it\/2020\/03\/solidarieta-alle-lavoratrici-e-ai-lavoratori-della-sanita-stop-privati-il-pubblico-e-la-soluzione\/#breadcrumb","itemListElement":[{"@type":"ListItem","position":1,"name":"Accueil","item":"https:\/\/www.pressenza.com\/it\/"},{"@type":"ListItem","position":2,"name":"Solidariet\u00e0 alle lavoratrici e ai lavoratori della sanit\u00e0: stop privati, il pubblico \u00e8 la soluzione!"}]},{"@type":"WebSite","@id":"https:\/\/www.pressenza.com\/it\/#website","url":"https:\/\/www.pressenza.com\/it\/","name":"Pressenza","description":"Agenzia di Stampa Internazionale","publisher":{"@id":"https:\/\/www.pressenza.com\/it\/#organization"},"potentialAction":[{"@type":"SearchAction","target":{"@type":"EntryPoint","urlTemplate":"https:\/\/www.pressenza.com\/it\/?s={search_term_string}"},"query-input":{"@type":"PropertyValueSpecification","valueRequired":true,"valueName":"search_term_string"}}],"inLanguage":"it-IT"},{"@type":"Organization","@id":"https:\/\/www.pressenza.com\/it\/#organization","name":"Pressenza","url":"https:\/\/www.pressenza.com\/it\/","logo":{"@type":"ImageObject","inLanguage":"it-IT","@id":"https:\/\/www.pressenza.com\/it\/#\/schema\/logo\/image\/","url":"https:\/\/www.pressenza.com\/wp-content\/uploads\/2022\/10\/pressenza_logo_200x200.jpg","contentUrl":"https:\/\/www.pressenza.com\/wp-content\/uploads\/2022\/10\/pressenza_logo_200x200.jpg","width":200,"height":200,"caption":"Pressenza"},"image":{"@id":"https:\/\/www.pressenza.com\/it\/#\/schema\/logo\/image\/"},"sameAs":["https:\/\/www.facebook.com\/PressenzaItalia","https:\/\/x.com\/PressenzaIPA"]},{"@type":"Person","@id":"https:\/\/www.pressenza.com\/it\/#\/schema\/person\/da0d4ca096515102c096dbbc39d69593","name":"Redazione Torino","description":"News from the Pressenza Bureau in Turin, Italy redazione.torino@pressenza.com","url":"https:\/\/www.pressenza.com\/it\/author\/redazione-torino\/"}]}},"place":"Potere al Popolo! Torino","original_article_url":"","_links":{"self":[{"href":"https:\/\/www.pressenza.com\/it\/wp-json\/wp\/v2\/posts\/1050298","targetHints":{"allow":["GET"]}}],"collection":[{"href":"https:\/\/www.pressenza.com\/it\/wp-json\/wp\/v2\/posts"}],"about":[{"href":"https:\/\/www.pressenza.com\/it\/wp-json\/wp\/v2\/types\/post"}],"author":[{"embeddable":true,"href":"https:\/\/www.pressenza.com\/it\/wp-json\/wp\/v2\/users\/1640"}],"replies":[{"embeddable":true,"href":"https:\/\/www.pressenza.com\/it\/wp-json\/wp\/v2\/comments?post=1050298"}],"version-history":[{"count":0,"href":"https:\/\/www.pressenza.com\/it\/wp-json\/wp\/v2\/posts\/1050298\/revisions"}],"wp:featuredmedia":[{"embeddable":true,"href":"https:\/\/www.pressenza.com\/it\/wp-json\/wp\/v2\/media\/1050311"}],"wp:attachment":[{"href":"https:\/\/www.pressenza.com\/it\/wp-json\/wp\/v2\/media?parent=1050298"}],"wp:term":[{"taxonomy":"category","embeddable":true,"href":"https:\/\/www.pressenza.com\/it\/wp-json\/wp\/v2\/categories?post=1050298"},{"taxonomy":"post_tag","embeddable":true,"href":"https:\/\/www.pressenza.com\/it\/wp-json\/wp\/v2\/tags?post=1050298"}],"curies":[{"name":"wp","href":"https:\/\/api.w.org\/{rel}","templated":true}]}}