{"id":1049563,"date":"2020-03-05T19:03:29","date_gmt":"2020-03-05T19:03:29","guid":{"rendered":"https:\/\/www.pressenza.com\/?p=1049563"},"modified":"2020-03-05T19:03:29","modified_gmt":"2020-03-05T19:03:29","slug":"chi-aiuta-rifugiati-e-migranti-rischia-il-carcere-la-criminalizzazione-della-solidarieta-in-europa","status":"publish","type":"post","link":"https:\/\/www.pressenza.com\/it\/2020\/03\/chi-aiuta-rifugiati-e-migranti-rischia-il-carcere-la-criminalizzazione-della-solidarieta-in-europa\/","title":{"rendered":"\u201cChi aiuta rifugiati e migranti rischia il carcere\u201d: la criminalizzazione della solidariet\u00e0 in Europa"},"content":{"rendered":"<p>In un nuovo\u00a0<strong>rapporto<\/strong>\u00a0presentato il 3 marzo a Berna, Madrid, Parigi e Roma, abbiamo passato in rassegna i\u00a0<strong>procedimenti giudiziari<\/strong>\u00a0e le\u00a0<strong>intimidazioni<\/strong>\u00a0cui va incontro chi, in\u00a0<strong>Europa<\/strong>, agisce solidalmente verso i\u00a0<strong>rifugiati<\/strong>, i\u00a0<strong>richiedenti asilo<\/strong>\u00a0e i\u00a0<strong>migranti<\/strong>, ad esempio fornendo vestiti caldi e ospitalit\u00e0 o effettuando salvataggi in mare.<\/p>\n<p>Nella nostra ricerca, intitolata \u201c<strong>Punire la compassione: solidariet\u00e0 sotto processo nella Fortezza Europa<\/strong>\u201c, documentiamo in che modo le\u00a0<strong>forze di polizia<\/strong>\u00a0e le\u00a0<strong>procure<\/strong>\u00a0usino impropriamente le gi\u00e0 imperfette\u00a0<strong>leggi antiterrorismo<\/strong>\u00a0e sugli\u00a0<strong>ingressi illegali<\/strong>\u00a0ai danni di difensori dei diritti umani che aiutano rifugiati, richiedenti asilo e migranti.<\/p>\n<p>\u201c<em>Aver sempre di pi\u00f9 dato la priorit\u00e0 alla limitazione e all\u2019impedimento degli arrivi in Europa ha comportato che accogliere i rifugiati e i migranti e farli sentire pi\u00f9 sicuri siano diventate azioni minacciose<\/em>\u201c, ha dichiarato in una\u00a0<a href=\"https:\/\/www.amnesty.it\/criminalizzazione-della-solidarieta-in-europa-chi-aiuta-rifugiati-e-migranti-rischia-il-carcere\">nota ufficiale<\/a>\u00a0<strong>Elisa De Pieri<\/strong>, ricercatrice di Amnesty International sull\u2019Europa.<\/p>\n<p>\u201c<em>Poich\u00e9 gli Stati europei non vengono incontro ai bisogni fondamentali dei rifugiati e dei migranti, spesso sono le persone comuni a fornire sostegno e servizi essenziali. Punendo chi cerca di colmare questo vuoto, i governi europei stanno mettendo ancora pi\u00f9 a rischio rifugiati e migranti<\/em>\u201c, ha aggiunto De Pieri.<\/p>\n<p>Il rapporto passa in rassegna casi di\u00a0<strong>difensori dei diritti umani<\/strong>\u00a0che, dal 2017 al 2019, sono stati raggiunti da\u00a0<strong>accuse pretestuose<\/strong>\u00a0in Croazia, Francia, Grecia, Italia, Malta, Regno Unito, Spagna e Svizzera.<\/p>\n<p>Ore di lavoro delle forze di polizia, risorse giudiziarie e leggi contro le reti criminali del traffico di esseri umani sono ingiustamente destinate a perseguitare chi aiuta i rifugiati, i richiedenti asilo e i migranti.<\/p>\n<p><strong>Criminalizzazione della solidariet\u00e0 in Europa<\/strong><\/p>\n<p>Molti dei casi illustrati nella nostra ricerca riguardano l\u2019<strong>accusa di favoreggiamento dell\u2019ingresso irregolare<\/strong>, usata\u00a0<strong>contro singole persone e organizzazioni non governative<\/strong>\u00a0per un\u2019ampia gamma di azioni umanitarie e solidali.<\/p>\n<p>In\u00a0<strong>Francia<\/strong>\u00a0la guida alpina\u00a0<strong>Pierre Mumber<\/strong>\u00a0\u00e8 stata\u00a0<strong>processata<\/strong>\u00a0per tale accusa, per aver offerto t\u00e8 e vestiti caldi a quattro richiedenti asilo dell\u2019Africa occidentale. Alla fine, Mumber \u00e8 stato\u00a0<strong>assolto in appello<\/strong>. Ai sensi dei rigidi controlli sul lato francese delle Alpi, rifugiati e migranti fermati 20 chilometri all\u2019interno del confine italiani sono considerati \u201cin procinto di entrare irregolarmente in Francia\u201d e chiunque dia loro aiuto rischia di essere incriminato e condannato. Per chi viene fermato all\u2019interno di quell\u2019area l\u2019<strong>accesso alle procedure d\u2019asilo<\/strong>\u00a0\u00e8 estremamente\u00a0<strong>limitato<\/strong>\u00a0e i\u00a0<strong>respingimenti verso l\u2019Italia<\/strong>\u00a0sono frequenti.<\/p>\n<p>In\u00a0<strong>Svizzera<\/strong>\u00a0numerose persone, tra cui il pastore\u00a0<strong>Norbert Valley<\/strong>, sono state processate e condannate semplicemente per aver offerto rifugio a cittadini stranieri o averli aiutati ad accedere alle procedure di protezione.<\/p>\n<p>Nei prossimi giorni sar\u00e0 all\u2019ordine del giorno del parlamento svizzero un dibattito che potrebbe portare a modificare la legge sul favoreggiamento dell\u2019ingresso irregolare.<\/p>\n<p><strong>Criminalizzazione della solidariet\u00e0: le Ong sotto attacco<\/strong><\/p>\n<p>Le\u00a0<strong>leggi<\/strong>\u00a0vengono usate in modo distorto anche per\u00a0<strong>prendere di mira<\/strong>\u00a0e\u00a0<strong>processare le organizzazioni della societ\u00e0 civile<\/strong>.<\/p>\n<p>In Croazia le Ong \u201c<em>Are you Syrious<\/em>\u201d e \u201c<em>Centro di studi per la pace<\/em>\u201d sono state sottoposte a\u00a0<strong>minacce<\/strong>\u00a0e\u00a0<strong>intimidazioni<\/strong>\u00a0e infine\u00a0<strong>processate<\/strong>\u00a0per \u201c<em>favoreggiamento dell\u2019immigrazione irregolare<\/em>\u201d dopo aver documentato e denunciato i\u00a0<strong>respingimenti<\/strong>, effettuati anche con\u00a0<strong>forza eccessiva<\/strong>, della polizia alle frontiere con la Serbia e con la Bosnia ed Erzegovina.<\/p>\n<p>In\u00a0<strong>Italia<\/strong>\u00a0<strong>soccorritori<\/strong>\u00a0che hanno salvato a persone che stavano cercando di raggiungere l\u2019Europa a bordo di imbarcazioni inadatte alla navigazione sono stati\u00a0<strong>oggetto di campagne diffamatorie e indagini penali<\/strong>, hanno dovuto seguire un codice di condotta che pu\u00f2 ritardare i salvataggi e sono stati lasciati a lungo in mare senza un porto sicuro assegnato dove sbarcare le persone soccorse.<\/p>\n<p>Dall\u2019agosto 2017 le autorit\u00e0 italiane hanno\u00a0<strong>sequestrato le navi delle Ong<\/strong>\u00a0a pi\u00f9 riprese, riducendo cos\u00ec il numero di quelle disponibili per effettuare operazioni di soccorso in mare, proprio mentre nel 2018 e nel 2019 la\u00a0<strong>percentuale di morti in mare aumentava<\/strong>.<\/p>\n<p>Le\u00a0<strong>autorit\u00e0 della Spagna<\/strong>\u00a0hanno impiegato scorrettamente le norme di diritto amministrativo per limitare le attivit\u00e0 di ricerca e soccorso in mare delle Ong, minacciandole con\u00a0<strong>multe fino a 901.000 euro<\/strong>.<\/p>\n<p>In\u00a0<strong>Grecia<\/strong>\u00a0Sarah Mardini e Se\u00e1n Binder, due soccorritori che avevano ricevuto apposita formazione, sono stati per mesi in detenzione preventiva per aver aiutato i rifugiati approdati sull\u2019isola di Lesbo. Restano in attesa del processo per accuse infondate quali spionaggio e favoreggiamento dell\u2019ingresso irregolare.<\/p>\n<p>\u201c<em>Abbiamo volontariamente aiutato chi aveva bisogno. Potremmo passare 25 anni in carcere per aver dato una mano a dei sopravvissuti ma se mi chiedessi ora se mi comporterei in modo diverso sapendo che la mia vita potrebbe finire sottosopra, ti dico che rifarei esattamente la stessa cosa<\/em>\u201c, ha detto Sarah Mardini.<\/p>\n<p>Di fronte alle multe e al pagamento delle spese legali,\u00a0<strong>i difensori dei diritti umani e le Ong<\/strong>\u00a0oggetto di criminalizzazione devono sottrarre tempo e risorse al loro lavoro umanitario per\u00a0<strong>potersi difendere da accuse infondate<\/strong>\u00a0e poter riavere indietro le loro navi.<\/p>\n<p>Nel marzo 2019 un gruppo di rifugiati e migranti ha fronteggiato il capitano della nave \u201c<em>El Hiblu<\/em>\u201c, che dopo averli soccorsi aveva minacciato di fare illegalmente rotta indietro verso la Libia, nonostante il rischio assai concreto che potessero subire torture e altre violazioni dei diritti umani. All\u2019arrivo a Malta\u00a0<strong>tre minorenni<\/strong>\u00a0che facevano parte di quel gruppo sono stati\u00a0<strong>arrestati<\/strong>\u00a0dalle autorit\u00e0 dell\u2019isola con l\u2019accusa di aver dirottato la nave.\u00a0<strong>Rischiano l\u2019ergastolo<\/strong>\u00a0per accuse del tutto sproporzionate, parte delle quali legate alle leggi antiterrorismo. Finora non \u00e8 emersa alcuna prova che abbiano commesso atti di violenza o abbiano messo qualcuno in pericolo.<\/p>\n<p><strong>Stiamo sollecitando l\u2019Unione Europea e i suoi Stati membri<\/strong>\u00a0a modificare le leggi nazionali e le norme europee sul favoreggiamento dell\u2019ingresso, del transito e della permanenza irregolare in modo da inserire nella definizione del reato un concreto beneficio materiale. Questo eviterebbe l\u2019uso di tali leggi per punire azioni umanitarie e solidali.<\/p>\n<p><a href=\"https:\/\/www.amnesty.it\/scarica-report\/?url=\/2020\/03\/03090847\/Punishing-compassion.pdf\"><strong>SCARICA LA RICERCA<\/strong><\/a><\/p>\n<p><strong>Criminalizzazione della solidariet\u00e0: i difensori dei diritti umani devono essere difesi<\/strong><\/p>\n<p>Le persone che agiscono in favore e per la protezione dei diritti umani sono definite\u00a0<strong>difensori dei diritti umani<\/strong>\u00a0dalla omonima\u00a0<em>Dichiarazione delle Nazioni Unite<\/em>. Secondo tale\u00a0<em>Dichiarazione<\/em>, gli stati devono assicurare un ambiente sicuro e abilitante in cui i difensori dei diritti umani possano operare senza timore di rappresaglie.<\/p>\n<p>Nell\u2019ambito dell\u2019<strong>Unione Europea<\/strong>\u00a0i suoi leader dovrebbero porre in essere misure attuative della Dichiarazione delle Nazioni Unite sui difensori dei diritti umani e\u00a0<strong>assicurare che nessuno sar\u00e0 perseguito<\/strong>\u00a0solo a causa del suo lavoro in favore dei diritti umani<\/p>\n<p>\u201c<em>Le autorit\u00e0 devono porre fine alla criminalizzazione dei difensori dei diritti umani. La storia non guarder\u00e0 con favore quei governi che equiparano a un crimine il salvataggio di vite umane<\/em>\u201c, ha sottolineato De Pieri.<\/p>\n<p>\u201c<em>Tante persone in tutta Europa mostrano ben altra compassione e umanit\u00e0, rispetto ai loro governi, verso le persone in cerca di salvezza. \u00c8 una vergogna che i difensori dei diritti umani siano presi di mira da autorit\u00e0 spietate disposte a chiudere le loro frontiere a ogni costo, comprese le vite umane<\/em>\u201c, ha concluso De Pieri.<\/p>\n<p>&nbsp;<\/p>\n","protected":false},"excerpt":{"rendered":"<p>In un nuovo\u00a0rapporto\u00a0presentato il 3 marzo a Berna, Madrid, Parigi e Roma, abbiamo passato in rassegna i\u00a0procedimenti giudiziari\u00a0e le\u00a0intimidazioni\u00a0cui va incontro chi, in\u00a0Europa, agisce solidalmente verso i\u00a0rifugiati, i\u00a0richiedenti asilo\u00a0e i\u00a0migranti, ad esempio fornendo vestiti caldi e ospitalit\u00e0 o effettuando salvataggi&hellip;<\/p>\n","protected":false},"author":432,"featured_media":1049564,"comment_status":"closed","ping_status":"closed","sticky":false,"template":"","format":"standard","meta":{"footnotes":""},"categories":[150,47,54572],"tags":[45354,23862,798],"class_list":["post-1049563","post","type-post","status-publish","format-standard","has-post-thumbnail","hentry","category-comunicati-stampa","category-europa","category-migranti","tag-criminalizzazione-della-solidarieta","tag-europa-es-2-it","tag-ong"],"yoast_head":"<!-- This site is optimized with the Yoast SEO plugin v27.1.1 - https:\/\/yoast.com\/product\/yoast-seo-wordpress\/ -->\n<title>\u201cChi aiuta rifugiati e migranti rischia il carcere\u201d: la criminalizzazione della solidariet\u00e0 in Europa<\/title>\n<meta name=\"description\" content=\"In un nuovo\u00a0rapporto\u00a0presentato il 3 marzo a Berna, Madrid, Parigi e Roma, abbiamo passato in rassegna i\u00a0procedimenti giudiziari\u00a0e le\u00a0intimidazioni\u00a0cui va\" \/>\n<meta name=\"robots\" content=\"index, follow, max-snippet:-1, max-image-preview:large, max-video-preview:-1\" \/>\n<link rel=\"canonical\" href=\"https:\/\/www.pressenza.com\/it\/2020\/03\/chi-aiuta-rifugiati-e-migranti-rischia-il-carcere-la-criminalizzazione-della-solidarieta-in-europa\/\" \/>\n<meta property=\"og:locale\" content=\"it_IT\" \/>\n<meta property=\"og:type\" content=\"article\" \/>\n<meta property=\"og:title\" content=\"\u201cChi aiuta rifugiati e migranti rischia il carcere\u201d: la criminalizzazione della solidariet\u00e0 in Europa\" \/>\n<meta property=\"og:description\" content=\"In un nuovo\u00a0rapporto\u00a0presentato il 3 marzo a Berna, Madrid, Parigi e Roma, abbiamo passato in rassegna i\u00a0procedimenti giudiziari\u00a0e le\u00a0intimidazioni\u00a0cui va\" \/>\n<meta property=\"og:url\" content=\"https:\/\/www.pressenza.com\/it\/2020\/03\/chi-aiuta-rifugiati-e-migranti-rischia-il-carcere-la-criminalizzazione-della-solidarieta-in-europa\/\" \/>\n<meta property=\"og:site_name\" content=\"Pressenza\" \/>\n<meta property=\"article:publisher\" content=\"https:\/\/www.facebook.com\/PressenzaItalia\" \/>\n<meta property=\"article:author\" content=\"https:\/\/www.facebook.com\/amnestyglobal\" \/>\n<meta property=\"article:published_time\" content=\"2020-03-05T19:03:29+00:00\" \/>\n<meta property=\"og:image\" content=\"https:\/\/www.pressenza.com\/wp-content\/uploads\/2020\/03\/criminalizzazione-solidarieta-europa.jpg\" \/>\n\t<meta property=\"og:image:width\" content=\"1920\" \/>\n\t<meta property=\"og:image:height\" content=\"700\" \/>\n\t<meta property=\"og:image:type\" content=\"image\/jpeg\" \/>\n<meta name=\"author\" content=\"Amnesty International\" \/>\n<meta name=\"twitter:card\" content=\"summary_large_image\" \/>\n<meta name=\"twitter:creator\" content=\"@amnesty\" \/>\n<meta name=\"twitter:site\" content=\"@PressenzaIPA\" \/>\n<meta name=\"twitter:label1\" content=\"Scritto da\" \/>\n\t<meta name=\"twitter:data1\" content=\"Amnesty International\" \/>\n\t<meta name=\"twitter:label2\" content=\"Tempo di lettura stimato\" \/>\n\t<meta name=\"twitter:data2\" content=\"6 minuti\" \/>\n<script type=\"application\/ld+json\" class=\"yoast-schema-graph\">{\"@context\":\"https:\/\/schema.org\",\"@graph\":[{\"@type\":\"Article\",\"@id\":\"https:\/\/www.pressenza.com\/it\/2020\/03\/chi-aiuta-rifugiati-e-migranti-rischia-il-carcere-la-criminalizzazione-della-solidarieta-in-europa\/#article\",\"isPartOf\":{\"@id\":\"https:\/\/www.pressenza.com\/it\/2020\/03\/chi-aiuta-rifugiati-e-migranti-rischia-il-carcere-la-criminalizzazione-della-solidarieta-in-europa\/\"},\"author\":{\"name\":\"Amnesty International\",\"@id\":\"https:\/\/www.pressenza.com\/it\/#\/schema\/person\/9b981b05c7ecf09292e6acb3223b2d9d\"},\"headline\":\"\u201cChi aiuta rifugiati e migranti rischia il carcere\u201d: la criminalizzazione della solidariet\u00e0 in Europa\",\"datePublished\":\"2020-03-05T19:03:29+00:00\",\"mainEntityOfPage\":{\"@id\":\"https:\/\/www.pressenza.com\/it\/2020\/03\/chi-aiuta-rifugiati-e-migranti-rischia-il-carcere-la-criminalizzazione-della-solidarieta-in-europa\/\"},\"wordCount\":1174,\"publisher\":{\"@id\":\"https:\/\/www.pressenza.com\/it\/#organization\"},\"image\":{\"@id\":\"https:\/\/www.pressenza.com\/it\/2020\/03\/chi-aiuta-rifugiati-e-migranti-rischia-il-carcere-la-criminalizzazione-della-solidarieta-in-europa\/#primaryimage\"},\"thumbnailUrl\":\"https:\/\/www.pressenza.com\/wp-content\/uploads\/2020\/03\/criminalizzazione-solidarieta-europa.jpg\",\"keywords\":[\"criminalizzazione della solidariet\u00e0\",\"Europa\",\"Ong\"],\"articleSection\":[\"Comunicati Stampa\",\"Europa\",\"Migranti\"],\"inLanguage\":\"it-IT\"},{\"@type\":\"WebPage\",\"@id\":\"https:\/\/www.pressenza.com\/it\/2020\/03\/chi-aiuta-rifugiati-e-migranti-rischia-il-carcere-la-criminalizzazione-della-solidarieta-in-europa\/\",\"url\":\"https:\/\/www.pressenza.com\/it\/2020\/03\/chi-aiuta-rifugiati-e-migranti-rischia-il-carcere-la-criminalizzazione-della-solidarieta-in-europa\/\",\"name\":\"\u201cChi aiuta rifugiati e migranti rischia il carcere\u201d: la criminalizzazione della solidariet\u00e0 in Europa\",\"isPartOf\":{\"@id\":\"https:\/\/www.pressenza.com\/it\/#website\"},\"primaryImageOfPage\":{\"@id\":\"https:\/\/www.pressenza.com\/it\/2020\/03\/chi-aiuta-rifugiati-e-migranti-rischia-il-carcere-la-criminalizzazione-della-solidarieta-in-europa\/#primaryimage\"},\"image\":{\"@id\":\"https:\/\/www.pressenza.com\/it\/2020\/03\/chi-aiuta-rifugiati-e-migranti-rischia-il-carcere-la-criminalizzazione-della-solidarieta-in-europa\/#primaryimage\"},\"thumbnailUrl\":\"https:\/\/www.pressenza.com\/wp-content\/uploads\/2020\/03\/criminalizzazione-solidarieta-europa.jpg\",\"datePublished\":\"2020-03-05T19:03:29+00:00\",\"description\":\"In un nuovo\u00a0rapporto\u00a0presentato il 3 marzo a Berna, Madrid, Parigi e Roma, abbiamo passato in rassegna i\u00a0procedimenti giudiziari\u00a0e le\u00a0intimidazioni\u00a0cui va\",\"breadcrumb\":{\"@id\":\"https:\/\/www.pressenza.com\/it\/2020\/03\/chi-aiuta-rifugiati-e-migranti-rischia-il-carcere-la-criminalizzazione-della-solidarieta-in-europa\/#breadcrumb\"},\"inLanguage\":\"it-IT\",\"potentialAction\":[{\"@type\":\"ReadAction\",\"target\":[\"https:\/\/www.pressenza.com\/it\/2020\/03\/chi-aiuta-rifugiati-e-migranti-rischia-il-carcere-la-criminalizzazione-della-solidarieta-in-europa\/\"]}]},{\"@type\":\"ImageObject\",\"inLanguage\":\"it-IT\",\"@id\":\"https:\/\/www.pressenza.com\/it\/2020\/03\/chi-aiuta-rifugiati-e-migranti-rischia-il-carcere-la-criminalizzazione-della-solidarieta-in-europa\/#primaryimage\",\"url\":\"https:\/\/www.pressenza.com\/wp-content\/uploads\/2020\/03\/criminalizzazione-solidarieta-europa.jpg\",\"contentUrl\":\"https:\/\/www.pressenza.com\/wp-content\/uploads\/2020\/03\/criminalizzazione-solidarieta-europa.jpg\",\"width\":1920,\"height\":700},{\"@type\":\"BreadcrumbList\",\"@id\":\"https:\/\/www.pressenza.com\/it\/2020\/03\/chi-aiuta-rifugiati-e-migranti-rischia-il-carcere-la-criminalizzazione-della-solidarieta-in-europa\/#breadcrumb\",\"itemListElement\":[{\"@type\":\"ListItem\",\"position\":1,\"name\":\"Accueil\",\"item\":\"https:\/\/www.pressenza.com\/it\/\"},{\"@type\":\"ListItem\",\"position\":2,\"name\":\"\u201cChi aiuta rifugiati e migranti rischia il carcere\u201d: la criminalizzazione della solidariet\u00e0 in Europa\"}]},{\"@type\":\"WebSite\",\"@id\":\"https:\/\/www.pressenza.com\/it\/#website\",\"url\":\"https:\/\/www.pressenza.com\/it\/\",\"name\":\"Pressenza\",\"description\":\"Agenzia di Stampa Internazionale\",\"publisher\":{\"@id\":\"https:\/\/www.pressenza.com\/it\/#organization\"},\"potentialAction\":[{\"@type\":\"SearchAction\",\"target\":{\"@type\":\"EntryPoint\",\"urlTemplate\":\"https:\/\/www.pressenza.com\/it\/?s={search_term_string}\"},\"query-input\":{\"@type\":\"PropertyValueSpecification\",\"valueRequired\":true,\"valueName\":\"search_term_string\"}}],\"inLanguage\":\"it-IT\"},{\"@type\":\"Organization\",\"@id\":\"https:\/\/www.pressenza.com\/it\/#organization\",\"name\":\"Pressenza\",\"url\":\"https:\/\/www.pressenza.com\/it\/\",\"logo\":{\"@type\":\"ImageObject\",\"inLanguage\":\"it-IT\",\"@id\":\"https:\/\/www.pressenza.com\/it\/#\/schema\/logo\/image\/\",\"url\":\"https:\/\/www.pressenza.com\/wp-content\/uploads\/2022\/10\/pressenza_logo_200x200.jpg\",\"contentUrl\":\"https:\/\/www.pressenza.com\/wp-content\/uploads\/2022\/10\/pressenza_logo_200x200.jpg\",\"width\":200,\"height\":200,\"caption\":\"Pressenza\"},\"image\":{\"@id\":\"https:\/\/www.pressenza.com\/it\/#\/schema\/logo\/image\/\"},\"sameAs\":[\"https:\/\/www.facebook.com\/PressenzaItalia\",\"https:\/\/x.com\/PressenzaIPA\"]},{\"@type\":\"Person\",\"@id\":\"https:\/\/www.pressenza.com\/it\/#\/schema\/person\/9b981b05c7ecf09292e6acb3223b2d9d\",\"name\":\"Amnesty International\",\"description\":\"Amnesty International is a global movement of more than 3 million supporters, members and activists in over 150 countries and territories who campaign to end grave abuses of human rights. Our vision is for every person to enjoy all the rights enshrined in the Universal Declaration of Human Rights and other international human rights standards. www.amnesty.org\",\"sameAs\":[\"http:\/\/www.amnesty.it\",\"https:\/\/www.facebook.com\/amnestyglobal\",\"https:\/\/x.com\/amnesty\"],\"url\":\"https:\/\/www.pressenza.com\/it\/author\/amnesty-international\/\"}]}<\/script>\n<!-- \/ Yoast SEO plugin. -->","yoast_head_json":{"title":"\u201cChi aiuta rifugiati e migranti rischia il carcere\u201d: la criminalizzazione della solidariet\u00e0 in Europa","description":"In un nuovo\u00a0rapporto\u00a0presentato il 3 marzo a Berna, Madrid, Parigi e Roma, abbiamo passato in rassegna i\u00a0procedimenti giudiziari\u00a0e le\u00a0intimidazioni\u00a0cui va","robots":{"index":"index","follow":"follow","max-snippet":"max-snippet:-1","max-image-preview":"max-image-preview:large","max-video-preview":"max-video-preview:-1"},"canonical":"https:\/\/www.pressenza.com\/it\/2020\/03\/chi-aiuta-rifugiati-e-migranti-rischia-il-carcere-la-criminalizzazione-della-solidarieta-in-europa\/","og_locale":"it_IT","og_type":"article","og_title":"\u201cChi aiuta rifugiati e migranti rischia il carcere\u201d: la criminalizzazione della solidariet\u00e0 in Europa","og_description":"In un nuovo\u00a0rapporto\u00a0presentato il 3 marzo a Berna, Madrid, Parigi e Roma, abbiamo passato in rassegna i\u00a0procedimenti giudiziari\u00a0e le\u00a0intimidazioni\u00a0cui va","og_url":"https:\/\/www.pressenza.com\/it\/2020\/03\/chi-aiuta-rifugiati-e-migranti-rischia-il-carcere-la-criminalizzazione-della-solidarieta-in-europa\/","og_site_name":"Pressenza","article_publisher":"https:\/\/www.facebook.com\/PressenzaItalia","article_author":"https:\/\/www.facebook.com\/amnestyglobal","article_published_time":"2020-03-05T19:03:29+00:00","og_image":[{"width":1920,"height":700,"url":"https:\/\/www.pressenza.com\/wp-content\/uploads\/2020\/03\/criminalizzazione-solidarieta-europa.jpg","type":"image\/jpeg"}],"author":"Amnesty International","twitter_card":"summary_large_image","twitter_creator":"@amnesty","twitter_site":"@PressenzaIPA","twitter_misc":{"Scritto da":"Amnesty International","Tempo di lettura stimato":"6 minuti"},"schema":{"@context":"https:\/\/schema.org","@graph":[{"@type":"Article","@id":"https:\/\/www.pressenza.com\/it\/2020\/03\/chi-aiuta-rifugiati-e-migranti-rischia-il-carcere-la-criminalizzazione-della-solidarieta-in-europa\/#article","isPartOf":{"@id":"https:\/\/www.pressenza.com\/it\/2020\/03\/chi-aiuta-rifugiati-e-migranti-rischia-il-carcere-la-criminalizzazione-della-solidarieta-in-europa\/"},"author":{"name":"Amnesty International","@id":"https:\/\/www.pressenza.com\/it\/#\/schema\/person\/9b981b05c7ecf09292e6acb3223b2d9d"},"headline":"\u201cChi aiuta rifugiati e migranti rischia il carcere\u201d: la criminalizzazione della solidariet\u00e0 in Europa","datePublished":"2020-03-05T19:03:29+00:00","mainEntityOfPage":{"@id":"https:\/\/www.pressenza.com\/it\/2020\/03\/chi-aiuta-rifugiati-e-migranti-rischia-il-carcere-la-criminalizzazione-della-solidarieta-in-europa\/"},"wordCount":1174,"publisher":{"@id":"https:\/\/www.pressenza.com\/it\/#organization"},"image":{"@id":"https:\/\/www.pressenza.com\/it\/2020\/03\/chi-aiuta-rifugiati-e-migranti-rischia-il-carcere-la-criminalizzazione-della-solidarieta-in-europa\/#primaryimage"},"thumbnailUrl":"https:\/\/www.pressenza.com\/wp-content\/uploads\/2020\/03\/criminalizzazione-solidarieta-europa.jpg","keywords":["criminalizzazione della solidariet\u00e0","Europa","Ong"],"articleSection":["Comunicati Stampa","Europa","Migranti"],"inLanguage":"it-IT"},{"@type":"WebPage","@id":"https:\/\/www.pressenza.com\/it\/2020\/03\/chi-aiuta-rifugiati-e-migranti-rischia-il-carcere-la-criminalizzazione-della-solidarieta-in-europa\/","url":"https:\/\/www.pressenza.com\/it\/2020\/03\/chi-aiuta-rifugiati-e-migranti-rischia-il-carcere-la-criminalizzazione-della-solidarieta-in-europa\/","name":"\u201cChi aiuta rifugiati e migranti rischia il carcere\u201d: la criminalizzazione della solidariet\u00e0 in Europa","isPartOf":{"@id":"https:\/\/www.pressenza.com\/it\/#website"},"primaryImageOfPage":{"@id":"https:\/\/www.pressenza.com\/it\/2020\/03\/chi-aiuta-rifugiati-e-migranti-rischia-il-carcere-la-criminalizzazione-della-solidarieta-in-europa\/#primaryimage"},"image":{"@id":"https:\/\/www.pressenza.com\/it\/2020\/03\/chi-aiuta-rifugiati-e-migranti-rischia-il-carcere-la-criminalizzazione-della-solidarieta-in-europa\/#primaryimage"},"thumbnailUrl":"https:\/\/www.pressenza.com\/wp-content\/uploads\/2020\/03\/criminalizzazione-solidarieta-europa.jpg","datePublished":"2020-03-05T19:03:29+00:00","description":"In un nuovo\u00a0rapporto\u00a0presentato il 3 marzo a Berna, Madrid, Parigi e Roma, abbiamo passato in rassegna i\u00a0procedimenti giudiziari\u00a0e le\u00a0intimidazioni\u00a0cui va","breadcrumb":{"@id":"https:\/\/www.pressenza.com\/it\/2020\/03\/chi-aiuta-rifugiati-e-migranti-rischia-il-carcere-la-criminalizzazione-della-solidarieta-in-europa\/#breadcrumb"},"inLanguage":"it-IT","potentialAction":[{"@type":"ReadAction","target":["https:\/\/www.pressenza.com\/it\/2020\/03\/chi-aiuta-rifugiati-e-migranti-rischia-il-carcere-la-criminalizzazione-della-solidarieta-in-europa\/"]}]},{"@type":"ImageObject","inLanguage":"it-IT","@id":"https:\/\/www.pressenza.com\/it\/2020\/03\/chi-aiuta-rifugiati-e-migranti-rischia-il-carcere-la-criminalizzazione-della-solidarieta-in-europa\/#primaryimage","url":"https:\/\/www.pressenza.com\/wp-content\/uploads\/2020\/03\/criminalizzazione-solidarieta-europa.jpg","contentUrl":"https:\/\/www.pressenza.com\/wp-content\/uploads\/2020\/03\/criminalizzazione-solidarieta-europa.jpg","width":1920,"height":700},{"@type":"BreadcrumbList","@id":"https:\/\/www.pressenza.com\/it\/2020\/03\/chi-aiuta-rifugiati-e-migranti-rischia-il-carcere-la-criminalizzazione-della-solidarieta-in-europa\/#breadcrumb","itemListElement":[{"@type":"ListItem","position":1,"name":"Accueil","item":"https:\/\/www.pressenza.com\/it\/"},{"@type":"ListItem","position":2,"name":"\u201cChi aiuta rifugiati e migranti rischia il carcere\u201d: la criminalizzazione della solidariet\u00e0 in Europa"}]},{"@type":"WebSite","@id":"https:\/\/www.pressenza.com\/it\/#website","url":"https:\/\/www.pressenza.com\/it\/","name":"Pressenza","description":"Agenzia di Stampa Internazionale","publisher":{"@id":"https:\/\/www.pressenza.com\/it\/#organization"},"potentialAction":[{"@type":"SearchAction","target":{"@type":"EntryPoint","urlTemplate":"https:\/\/www.pressenza.com\/it\/?s={search_term_string}"},"query-input":{"@type":"PropertyValueSpecification","valueRequired":true,"valueName":"search_term_string"}}],"inLanguage":"it-IT"},{"@type":"Organization","@id":"https:\/\/www.pressenza.com\/it\/#organization","name":"Pressenza","url":"https:\/\/www.pressenza.com\/it\/","logo":{"@type":"ImageObject","inLanguage":"it-IT","@id":"https:\/\/www.pressenza.com\/it\/#\/schema\/logo\/image\/","url":"https:\/\/www.pressenza.com\/wp-content\/uploads\/2022\/10\/pressenza_logo_200x200.jpg","contentUrl":"https:\/\/www.pressenza.com\/wp-content\/uploads\/2022\/10\/pressenza_logo_200x200.jpg","width":200,"height":200,"caption":"Pressenza"},"image":{"@id":"https:\/\/www.pressenza.com\/it\/#\/schema\/logo\/image\/"},"sameAs":["https:\/\/www.facebook.com\/PressenzaItalia","https:\/\/x.com\/PressenzaIPA"]},{"@type":"Person","@id":"https:\/\/www.pressenza.com\/it\/#\/schema\/person\/9b981b05c7ecf09292e6acb3223b2d9d","name":"Amnesty International","description":"Amnesty International is a global movement of more than 3 million supporters, members and activists in over 150 countries and territories who campaign to end grave abuses of human rights. Our vision is for every person to enjoy all the rights enshrined in the Universal Declaration of Human Rights and other international human rights standards. www.amnesty.org","sameAs":["http:\/\/www.amnesty.it","https:\/\/www.facebook.com\/amnestyglobal","https:\/\/x.com\/amnesty"],"url":"https:\/\/www.pressenza.com\/it\/author\/amnesty-international\/"}]}},"place":"","original_article_url":"","_links":{"self":[{"href":"https:\/\/www.pressenza.com\/it\/wp-json\/wp\/v2\/posts\/1049563","targetHints":{"allow":["GET"]}}],"collection":[{"href":"https:\/\/www.pressenza.com\/it\/wp-json\/wp\/v2\/posts"}],"about":[{"href":"https:\/\/www.pressenza.com\/it\/wp-json\/wp\/v2\/types\/post"}],"author":[{"embeddable":true,"href":"https:\/\/www.pressenza.com\/it\/wp-json\/wp\/v2\/users\/432"}],"replies":[{"embeddable":true,"href":"https:\/\/www.pressenza.com\/it\/wp-json\/wp\/v2\/comments?post=1049563"}],"version-history":[{"count":0,"href":"https:\/\/www.pressenza.com\/it\/wp-json\/wp\/v2\/posts\/1049563\/revisions"}],"wp:featuredmedia":[{"embeddable":true,"href":"https:\/\/www.pressenza.com\/it\/wp-json\/wp\/v2\/media\/1049564"}],"wp:attachment":[{"href":"https:\/\/www.pressenza.com\/it\/wp-json\/wp\/v2\/media?parent=1049563"}],"wp:term":[{"taxonomy":"category","embeddable":true,"href":"https:\/\/www.pressenza.com\/it\/wp-json\/wp\/v2\/categories?post=1049563"},{"taxonomy":"post_tag","embeddable":true,"href":"https:\/\/www.pressenza.com\/it\/wp-json\/wp\/v2\/tags?post=1049563"}],"curies":[{"name":"wp","href":"https:\/\/api.w.org\/{rel}","templated":true}]}}