{"id":1046976,"date":"2020-03-03T11:34:38","date_gmt":"2020-03-03T11:34:38","guid":{"rendered":"https:\/\/www.pressenza.com\/?p=1046976"},"modified":"2020-03-03T16:47:25","modified_gmt":"2020-03-03T16:47:25","slug":"se-questa-e-giustizia-cronaca-del-processo-assange","status":"publish","type":"post","link":"https:\/\/www.pressenza.com\/it\/2020\/03\/se-questa-e-giustizia-cronaca-del-processo-assange\/","title":{"rendered":"Se questa \u00e8 giustizia: cronaca del processo Assange"},"content":{"rendered":"<p>La settimana scorsa il mondo ha assistito attonito ad una serie di udienze per il <strong>processo di estradizione negli USA del giornalista australiano Julian Assange<\/strong>, che ha avuto luogo in una piccola aula denominata Woolwich Crown Court &#8211; che di regale ha solo il nome &#8211; cos\u00ec come del resto il contiguo carcere di massima sicurezza, Her Majesty Prison Belmarsh, a sud-est di Londra, in cui Assange \u00e8 rinchiuso in condizioni deplorevoli dallo scorso aprile<a href=\"#_ftn1\" name=\"_ftnref1\">[1]<\/a>.<\/p>\n<p>Ebbene s\u00ec: il mondo intero ha potuto assistere, seppur indirettamente, a questo processo-farsa, il cui verdetto pare gi\u00e0 essere stato deciso a priori, o almeno cos\u00ec sembrerebbe. Ci sono poi almeno due categorie di pubblico degne di nota: quella di chi ha guardato ammutolito ed \u00e8 rimasta muta in quanto il caso Assange non la riguardava direttamente &#8211; o almeno cos\u00ec parrebbe<a href=\"#_ftn2\" name=\"_ftnref2\">[2]<\/a> &#8211; e quella di chi, dapprima attonita di fronte al lampante <strong>abuso di potere<\/strong>, al <strong>calpestamento sistematico dei diritti umani fondamentali<\/strong> e pi\u00f9 in generale del diritto internazionale da parte dei numerosi attori coinvolti nel caso, ha deciso di levare la propria voce<a href=\"#_ftn3\" name=\"_ftnref3\">[3]<\/a> (come hanno fatto, tra gli altri, gli stupendi ed infaticabili Gilets Jaunes francesi).<\/p>\n<p>Una cosa \u00e8 certa: si tratta del <strong>caso del secolo<\/strong>, in quanto da solo \u00e8 capace di far cadere la maschera alle presunte democrazie o farle rinascere a nuova vita. Ricordiamo che, se estradato negli USA, A. rischia fino a <strong>175 anni di carcere per aver rivelato crimini di guerra<\/strong><a href=\"#_ftn4\" name=\"_ftnref4\">[4]<\/a>. Per questo, nonostante il caso Assange possa costituire un susseguirsi di eventi intricati di difficile lettura, l\u2019unica cosa che bisognerebbe davvero chiedersi \u00e8: <u>i giornalisti che espongono i crimini di guerra dovrebbero essere puniti<a href=\"#_ftn5\" name=\"_ftnref5\">[5]<\/a>?<\/u><\/p>\n<p><em>Nils Melzer,<\/em> relatore speciale ONU contro la tortura, gi\u00e0 lo scorso luglio si era detto \u201cgravemente preoccupato\u201d nel costatare che le autorit\u00e0 americane intendessero fare di Assange \u201cun esempio\u201d sia per punirlo personalmente che per scoraggiare altri che volessero imitare quanto fatto da lui e dalla sua organizzazione, WikiLeaks<a href=\"#_ftn6\" name=\"_ftnref6\">[6]<\/a>. L\u2019udienza della scorsa settimana per l\u2019estradizione di A., che marca solo l\u2019ultima tappa in ordine di tempo di una <strong>persecuzione giudiziaria che dura ormai da 10 anni<\/strong>, sembrerebbe sfortunatamente dargli ragione<a href=\"#_ftn7\" name=\"_ftnref7\">[7]<\/a>.<\/p>\n<p>Ma veniamo alla cronaca dei fatti salienti di queste drammatiche giornate, sebbene prima, per restituirvi un\u2019immagine eloquente delle sproporzionate misure restrittive a cui \u00e8 stato sottoposto il giornalista, \u00e8 doveroso informarvi del fatto che ad A., prima di cominciare il processo, sono stati <strong>requisiti i documenti<\/strong> utili per prepararsi per l\u2019udienza, \u00e8 stato <strong>denudato due volte<\/strong> per essere perquisito, <strong>ammanettato undici volte<\/strong> e spostato in <strong>cinque diverse celle di detenzione<\/strong>. Appena prima dell\u2019inizio dell\u2019udienza ha potuto attraversare il tunnel che collega la prigione di Belmarsh alla Woolwich Crown Court, scortato da due guardie fino alla <strong>gabbia di vetro<\/strong> nel retro dell\u2019aula dove rester\u00e0 rinchiuso insieme alle stesse durante i quattro giorni di udienza del processo per l\u2019estradizione. Gi\u00e0 perch\u00e9, normalmente in quell\u2019aula e nella prigione che la ospita, denominata \u201cla Guantanamo europea\u201d, si internano e processano <strong>terroristi della massima pericolosit\u00e0<\/strong><a href=\"#_ftn8\" name=\"_ftnref8\">[8]<\/a>. Bisogna inoltre aggiungere che durante tutti e quattro i giorni del processo A., dietro lo spesso vetro in cui era recluso con le guardie, <strong>non riusciva n\u00e9 a sentire<\/strong> ci\u00f2 che veniva detto in aula, <strong>n\u00e9<\/strong> <strong>ad interloquire<\/strong> agevolmente e confidenzialmente con i suoi avvocati.<\/p>\n<p>&nbsp;<\/p>\n<p><strong><u>24 febbraio, 1\u00b0 giorno:<\/u><\/strong><\/p>\n<p>si presenta il principale dibattimento di apertura dell\u2019Accusa e della Difesa. In particolare, l\u2019avvocato dell\u2019accusa, <em>James Lewis QC <\/em>(ovvero \u201cQueen\u2019s Counsel\u201d, Consiglio della Regina) del Crown Prosecution Service (CPS)<a href=\"#_ftn9\" name=\"_ftnref9\">[9]<\/a>, che fa le veci degli USA nella loro richiesta di estradizione, rivolgendosi ai pochi giornalisti che sono ammessi all\u2019udienza, chiede loro esplicitamente di smettere di dipingere il caso come una guerra politica contro il giornalismo, in quanto, come sostiene, <strong>\u201cJulian Assange non \u00e8 un giornalista\u201d<\/strong> e aggiungendo inoltre che la sola ragione per cui A. \u00e8 a processo \u00e8 aver messo a repentaglio la vita di numerosi informatori a seguito della pubblicazione e dei war logs dell\u2019Iraq\u00a0 e dell\u2019Afghanistan\u00a0 &#8211; senza per\u00f2 essere in grado di produrre alcuna prova per questa accusa &#8211; e per aver spinto la sua fonte a rivelare i documenti riservati.<\/p>\n<p>Ragione per cui la Difesa di A., nella persona dell\u2019avv. <em>Edward Fitzgerald QC<\/em>, elenca una lista dettagliata delle ragioni per cui giornalisti, attivisti per i diritti umani e difensori della libert\u00e0 di stampa hanno lanciato l&#8217;allarme della guerra al giornalismo<a href=\"#_ftn10\" name=\"_ftnref10\">[10]<\/a>.<\/p>\n<p>La Giudice Distrettuale, <em>Vanessa Baraitser<\/em><strong>,<\/strong> chiede all\u2019accusa se il fatto di ottenere documenti riservati, pur non istigando la fonte a fornirli, risulterebbe ugualmente in un illecito. L\u2019accusa risponde affermativamente.<\/p>\n<p>La Difesa dichiara quindi che le argomentazioni dell\u2019Accusa mettono il <strong>giornalismo in serio pericolo<\/strong>; propone inoltre altre ragioni per la difesa del suo assistito, quali il fatto che sotto l\u2019amministrazione Trump A. sia diventato \u201cil nemico da combattere\u201d, sia\u00a0 per le sue idee politiche che per il noto odio che T. nutre nei confronti dei media, desiderando fare di questo un caso esemplare; sostiene inoltre che le dichiarazioni dell\u2019allora direttore della CIA che facevano riferimento a Wikileaks come <strong>\u201cun\u2019ostile agenzia di intelligence non governativa\u201d<\/strong> unitamente a quelle di oggi in qualit\u00e0 di Segretario di Stato, laddove dichiara che A. <strong>non \u00e8 coperto dal Primo emendamento della Costituzione Americana,<\/strong> dimostrino la <strong>chiara matrice politica<\/strong> alla base del procedimento di estradizione; in difesa dell\u2019accusa ad A. di aver incoraggiato <em>Manning<\/em> a rilasciare i file riservati, Fitzgerald ricorda che M. stessa disse al cospetto della Corte Marziale degli Stati Uniti che la decisione di farlo fosse esclusivamente sua e cos\u00ec pure la responsabilit\u00e0; Fitzgerald parla inoltre della <strong>sorveglianza continua<\/strong> a cui \u00e8 stato sottoposto A. negli ultimi anni di permanenza all\u2019interno dell\u2019Ambasciata dell\u2019Ecuador a Londra e ricorda infine altri casi in cui la procedura di estradizione \u00e8 stata bloccata a causa di <strong>condizioni di salute mentale estremamente precarie<\/strong>.<\/p>\n<p>&nbsp;<\/p>\n<p><strong><u>25 febbraio, 2\u00b0 giorno:<\/u><\/strong><\/p>\n<p>l\u2019avv. della Difesa, <em>Mark Summers,<\/em> spende il secondo giorno di udienza prevalentemente a confutare due delle argomentazioni principali dell\u2019accusa, ovvero che Manning era stato aiutato da A. a <strong>nascondere la propria identit\u00e0<\/strong> e che pubblicarono l\u2019intera lista dei <strong>cablogrammi non censurati<\/strong> del Dipartimento di Stato Americano senza prendere minimamente in considerazione i danni che avrebbero potuto arrecare a terzi. La Difesa sostiene invece che siano stati due giornalisti del <em>Guardian<\/em> a rilasciare pubblicamente una password con i documenti non modificati e che proprio per <strong>scongiurare l\u2019eventualit\u00e0 di arrecare danno<\/strong> ad alcune persone, Wikileaks cre\u00f2 un partenariato per il controllo responsabile dei leaks con diversi media; Summers aggiunge inoltre che A. e una sua collaboratrice tentarono di avvisare l\u2019ambasciatore americano in UK del potenziale rischio che si stava per verificare se non avessero adottato una \u201cprocedura per la minimizzazione del danno\u201d, ma non vennero ascoltati. Insiste inoltre dimostrando che l\u2019intervento di A. <strong>non permise a Manning di agire nell\u2019anonimato e che fu la stessa coscienza di M. a spingerlo a lanciare l\u2019allarme <\/strong>attraverso la pubblicazione dei documenti riservati.<\/p>\n<p>&nbsp;<\/p>\n<p><strong><u>26 febbraio, 3\u00b0 giorno:<\/u><\/strong><\/p>\n<p>Nel terzo appuntamento del processo di estradizione il dibattimento converge essenzialmente attorno a due temi principali: la Difesa sostiene che l&#8217;editore di WikiLeaks non debba essere estradato negli USA perch\u00e9 <strong>il Trattato di estradizione USA-UK preclude l&#8217;estradizione per \u201creati politici\u201d<\/strong>. L&#8217;articolo 4 del trattato del 2003, che \u00e8 stato ratificato nel 2007, afferma che \u201cL&#8217;estradizione non \u00e8 concessa se il reato per il quale \u00e8 richiesta l&#8217;estradizione \u00e8 un reato politico\u201d.<\/p>\n<p>L\u2019Accusa sostiene invece che la giudice deve fare affidamento sul diritto nazionale britannico, piuttosto che sul trattato internazionale. Aggiunge che se anche i reati di cui Assange \u00e8 accusato nella richiesta di estradizione fossero politici, l&#8217;Accusa afferma che \u201cNon ha il permesso di far derivare alcun diritto dal Trattato di estradizione USA-UK\u201d perch\u00e9 non \u00e8 stato incorporato nel diritto interno. Lo stesso anno in cui \u00e8 stato redatto il Trattato di estradizione, il Parlamento del Regno Unito approv\u00f2 <strong>l&#8217;Extradition Act del 2003<\/strong>, una legge nazionale britannica che <strong>non prevede un divieto di estradizione per reati politici.<\/strong><\/p>\n<p>\u201cFitzgerald, l&#8217;avvocato della difesa, afferma che il giudice deve tenere conto dell&#8217;esenzione politica, poich\u00e9 i trattati di estradizione per pi\u00f9 di un secolo hanno presentato costantemente tale disposizione. Sostiene inoltre che la giudice deve considerare l&#8217;<strong>articolo 5 della Convenzione europea sui diritti umani<\/strong> e i principi della <strong>Magna Charta<\/strong> per stabilire che l&#8217;uso di un reato politico in questa richiesta di estradizione costituisce un <strong>procedimento irregolare.<\/strong><\/p>\n<p>Ma il terzo giorno vede anche un <strong>significativo intervento di Assange<\/strong> stesso in cui, dopo la mediazione della Difesa per sottolineare la difficolt\u00e0 del proprio assistito di partecipare al processo penale nei suoi confronti, alla domanda della giudice se riuscisse a seguire, A. afferma testualmente: \u201cSono in grado di partecipare a questo procedimento penale tanto quanto potrei farlo di fronte ad una partita a Wimbledon. <strong>Non posso comunicare in modo significativo con i miei avvocati.<\/strong> Ci sono <strong>funzionari dell&#8217;ambasciata senza nome<\/strong> in quest\u2019aula di tribunale. Non posso comunicare con i miei avvocati o chiedere loro chiarimenti senza che l&#8217;altra parte lo veda. I miei avvocati sono gi\u00e0 stati spiati abbastanza. L&#8217;altra parte ha circa 100 volte pi\u00f9 contatti al giorno con i suoi avvocati. Qual \u00e8 il punto di chiedere se posso concentrarmi se non posso partecipare?\u201d.<\/p>\n<p>&nbsp;<\/p>\n<p><strong><u>27 febbraio, 4\u00b0 ed ultimo giorno:<\/u><\/strong><\/p>\n<p><strong>Assange chiede di poter lasciare la gabbia di vetro<\/strong> nel retro dell\u2019aula per sedersi con la sua squadra legale, in modo da permettergli conversazioni legalmente privilegiate con i suoi avvocati durante tutto il procedimento. \u201cNon posso comunicare in modo significativo con i miei avvocati\u201d, dice A. <strong>&#8220;Qual \u00e8 lo scopo di chiedere se posso concentrarmi se non posso partecipare?&#8221;<\/strong> Ma la giudice respinge la richiesta, sostenendo che A. abbia un ampio accesso ai suoi avvocati a cui pu\u00f2 passare appunti attraverso la fessura nella barriera di vetro.<\/p>\n<p><strong>L&#8217;Accusa afferma che Assange e Wikileaks non sono \u201cun caso politico\u201d. <\/strong>Concludendo le sue argomentazioni del giorno precedente contro l&#8217;affermazione della difesa secondo cui A. non pu\u00f2 essere estradato per un &#8220;reato politico&#8221;. Il procuratore James Lewis QC sostiene che <strong>un reato dovrebbe essere considerato \u201cpolitico\u201d solo se l&#8217;imputato stava tentando di sostituire un capo di stato.<\/strong><\/p>\n<p><strong>La Difesa afferma che Assange stava chiaramente lavorando per cambiare la politica americana<\/strong> perch\u00e9 era contrario a ci\u00f2 che provocava in Iraq e in Afghanistan e agiva con l\u2019intento di rivelare i crimini di guerra. Cos\u00ec come i file di Guantanamo sono stati pubblicati per dimostrare che la tortura veniva perpetrata regolarmente durante la guerra al terrorismo. \u201cQuesta \u00e8 l\u2019essenza stessa del cercare di cambiare la politica di un governo\u201d. Inoltre, <strong>le pubblicazioni hanno effettivamente cambiato la politica degli Stati Uniti<\/strong>: un cablogramma del Dipartimento di Stato ha mostrato che gli Stati Uniti volevano che i loro soldati avessero l&#8217;<strong>immunit\u00e0 per eventuali crimini commessi in Iraq<\/strong> e il governo iracheno rifiut\u00f2 di concederla. Questo comport\u00f2 un&#8217;interruzione dei negoziati e il ritiro degli USA dall&#8217;Iraq<a href=\"#_ftn11\" name=\"_ftnref11\">[11]<\/a>.<\/p>\n<p>&#8212;&#8212;&#8212;&#8212;&#8212;&#8212;&#8211;<\/p>\n<p><a href=\"#_ftnref1\" name=\"_ftn1\">[1]<\/a>Per una breve lettura sulle responsabilit\u00e0 del Governo Britannico si legga qui:\u00a0<a href=\"https:\/\/www.lantidiplomatico.it\/dettnews-relatore_onu_sulla_tortura_nils_melzer_il_regno_unito_non_si_conforma_al_diritto_internazionale_riguardo_alla_detenzione_di_assange\/82_31474\/\">https:\/\/www.lantidiplomatico.it\/dettnews-relatore_onu_sulla_tortura_nils_melzer_il_regno_unito_non_si_conforma_al_diritto_internazionale_riguardo_alla_detenzione_di_assange\/82_31474\/<\/a><\/p>\n<p><a href=\"#_ftnref2\" name=\"_ftn2\">[2]<\/a>\u00c8 in questi casi che torna prepotentemente in mente la celebre frase del Dott. Martin Luther King J.: \u201cNon ho paura della cattiveria dei malvagi, ma del silenzio degli onesti\u201d.<\/p>\n<p><a href=\"#_ftnref3\" name=\"_ftn3\">[3]<\/a>Vi ho voluto risparmiare la categoria dei conniventi e dei collusi, in quanto meriterebbe un articolo a parte. Tra tutti, basti pensare ad una vasta fetta di rinomati mass media e relativi giornalisti, o presunti tali, che negli anni hanno infangato la reputazione di A. ed un\u2019altrettanto vasta schiera di organizzazioni umanitarie che si sono girate dall\u2019altra parte.<\/p>\n<p><a href=\"#_ftnref4\" name=\"_ftn4\">[4]<\/a>In questo mio precedente articolo ne spiego alcune delle ragioni:\u00a0<a href=\"https:\/\/www.pressenza.com\/it\/2020\/02\/consiglio-deuropa-julian-assange-deve-essere-rilasciato-e-devessere-vietata-la-sua-estradizione-negli-usa\/\">https:\/\/www.pressenza.com\/it\/2020\/02\/consiglio-deuropa-julian-assange-deve-essere-rilasciato-e-devessere-vietata-la-sua-estradizione-negli-usa\/<\/a><\/p>\n<p><a href=\"#_ftnref5\" name=\"_ftn5\">[5]<\/a>Ecco l\u2019eccellente articolo di Caitlin Johnstone sulla questione (ing):\u00a0<a href=\"https:\/\/medium.com\/@caityjohnstone\/were-asking-one-question-in-assange-s-case-should-journalists-be-punished-for-exposing-war-f8dbf404514c\">https:\/\/medium.com\/@caityjohnstone\/were-asking-one-question-in-assange-s-case-should-journalists-be-punished-for-exposing-war-f8dbf404514c<\/a><\/p>\n<p><a href=\"#_ftnref6\" name=\"_ftn6\">[6]<\/a>La citazione di Melzer \u00e8 tratta da uno dei numerosi ed impeccabili articoli che la giornalista d\u2019inchiesta Stefania Maurizi ha dedicato al caso Assange:\u00a0<a href=\"https:\/\/www.repubblica.it\/esteri\/2019\/07\/29\/news\/l_inviato_speciale_onu_contro_la_tortura_nils_melzer_gravemente_preoccupato_per_la_situazione_di_julian_assange-232292481\/\">https:\/\/www.repubblica.it\/esteri\/2019\/07\/29\/news\/l_inviato_speciale_onu_contro_la_tortura_nils_melzer_gravemente_preoccupato_per_la_situazione_di_julian_assange-232292481\/<\/a><\/p>\n<p><a href=\"#_ftnref7\" name=\"_ftn7\">[7]<\/a>Per un ottimo approfondimento sul caso Assange, si legga la traduzione di Federico Nicola Pecchini dell\u2019intervista rilasciata a fine gennaio da Melzer a Republik.ch: <a href=\"https:\/\/www.lintellettualedissidente.it\/controcultura\/esteri-3\/julian-assange-wikileaks-censura\/\">https:\/\/www.lintellettualedissidente.it\/controcultura\/esteri-3\/julian-assange-wikileaks-censura\/<\/a><\/p>\n<p><a href=\"#_ftnref8\" name=\"_ftn8\">[8]<\/a>\u00c8 doveroso per\u00f2 sottolineare che questi stessi terroristi hanno dimostrato molta pi\u00f9 umanit\u00e0 di tanti altri attori coinvolti nel caso Assange, ottenendo lo scorso mese la sospensione del regime di isolamento totale del giornalista, durato 10 mesi malgrado condizioni di salute mentali e fisiche gravemente compromesse.<\/p>\n<p><a href=\"#_ftnref9\" name=\"_ftn9\">[9]<\/a>Per avere un\u2019idea pi\u00f9 precisa su chi componga il CPS, consiglio la lettura di un recente articolo della Maurizi:\u00a0https:\/\/www.ilfattoquotidiano.it\/in-edicola\/articoli\/2020\/03\/02\/imputato-julian-assange-processo-al-giornalismo\/5722315\/<\/p>\n<p><a href=\"#_ftnref10\" name=\"_ftn10\">[10]<\/a>Una voce tra tutte \u00e8 quella della recente lettera aperta di oltre un migliaio giornalisti di tutto il mondo, tra cui vari della rete MediAttivisti e di Pressenza e naturalmente la sottoscritta: <a href=\"https:\/\/speak-up-for-assange.org\/giornalisti-alzano-la-voce-per-julian-assange\/\">https:\/\/speak-up-for-assange.org\/giornalisti-alzano-la-voce-per-julian-assange\/<\/a><\/p>\n<p><a href=\"#_ftnref11\" name=\"_ftn11\">[11]<\/a>I fatti salienti del processo di estradizione di Assange, sono stati da me selezionati e tradotti dall\u2019inglese dal resoconto di Wikileaks alla pagina:\u00a0<a href=\"https:\/\/defend.wikileaks.org\/extradition-hearing\/\">https:\/\/defend.wikileaks.org\/extradition-hearing\/<\/a><\/p>\n","protected":false},"excerpt":{"rendered":"<p>La settimana scorsa il mondo ha assistito attonito ad una serie di udienze per il processo di estradizione negli USA del giornalista australiano Julian Assange, che ha avuto luogo in una piccola aula denominata Woolwich Crown Court &#8211; che di&hellip;<\/p>\n","protected":false},"author":1753,"featured_media":1045163,"comment_status":"closed","ping_status":"closed","sticky":false,"template":"","format":"standard","meta":{"footnotes":""},"categories":[11388,60,38],"tags":[71862,2599,71861,71863],"class_list":["post-1046976","post","type-post","status-publish","format-standard","has-post-thumbnail","hentry","category-contenuti-originali","category-diritti-umani","category-internazionale","tag-estradizione-assange","tag-julian-assange-it","tag-processo-wikileaks","tag-woolwich-crown-court"],"yoast_head":"<!-- This site is optimized with the Yoast SEO plugin v27.1.1 - https:\/\/yoast.com\/product\/yoast-seo-wordpress\/ -->\n<title>Se questa \u00e8 giustizia: cronaca del processo Assange<\/title>\n<meta name=\"description\" content=\"La settimana scorsa il mondo ha assistito attonito ad una serie di udienze per il processo di estradizione negli USA del giornalista australiano Julian\" \/>\n<meta name=\"robots\" content=\"index, follow, max-snippet:-1, max-image-preview:large, max-video-preview:-1\" \/>\n<link rel=\"canonical\" href=\"https:\/\/www.pressenza.com\/it\/2020\/03\/se-questa-e-giustizia-cronaca-del-processo-assange\/\" \/>\n<meta property=\"og:locale\" content=\"it_IT\" \/>\n<meta property=\"og:type\" content=\"article\" \/>\n<meta property=\"og:title\" content=\"Se questa \u00e8 giustizia: cronaca del processo Assange\" \/>\n<meta property=\"og:description\" content=\"La settimana scorsa il mondo ha assistito attonito ad una serie di udienze per il processo di estradizione negli USA del giornalista australiano Julian\" \/>\n<meta property=\"og:url\" content=\"https:\/\/www.pressenza.com\/it\/2020\/03\/se-questa-e-giustizia-cronaca-del-processo-assange\/\" \/>\n<meta property=\"og:site_name\" content=\"Pressenza\" \/>\n<meta property=\"article:publisher\" content=\"https:\/\/www.facebook.com\/PressenzaItalia\" \/>\n<meta property=\"article:published_time\" content=\"2020-03-03T11:34:38+00:00\" \/>\n<meta property=\"article:modified_time\" content=\"2020-03-03T16:47:25+00:00\" \/>\n<meta property=\"og:image\" content=\"https:\/\/www.pressenza.com\/wp-content\/uploads\/2020\/02\/Julian-Assange-dont-extradite.jpg\" \/>\n\t<meta property=\"og:image:width\" content=\"750\" \/>\n\t<meta property=\"og:image:height\" content=\"563\" \/>\n\t<meta property=\"og:image:type\" content=\"image\/jpeg\" \/>\n<meta name=\"author\" content=\"Veronica Tarozzi\" \/>\n<meta name=\"twitter:card\" content=\"summary_large_image\" \/>\n<meta name=\"twitter:creator\" content=\"@PressenzaIPA\" \/>\n<meta name=\"twitter:site\" content=\"@PressenzaIPA\" \/>\n<meta name=\"twitter:label1\" content=\"Scritto da\" \/>\n\t<meta name=\"twitter:data1\" content=\"Veronica Tarozzi\" \/>\n\t<meta name=\"twitter:label2\" content=\"Tempo di lettura stimato\" \/>\n\t<meta name=\"twitter:data2\" content=\"11 minuti\" \/>\n<script type=\"application\/ld+json\" class=\"yoast-schema-graph\">{\"@context\":\"https:\/\/schema.org\",\"@graph\":[{\"@type\":\"Article\",\"@id\":\"https:\/\/www.pressenza.com\/it\/2020\/03\/se-questa-e-giustizia-cronaca-del-processo-assange\/#article\",\"isPartOf\":{\"@id\":\"https:\/\/www.pressenza.com\/it\/2020\/03\/se-questa-e-giustizia-cronaca-del-processo-assange\/\"},\"author\":{\"name\":\"Veronica Tarozzi\",\"@id\":\"https:\/\/www.pressenza.com\/it\/#\/schema\/person\/55f609a0ea0770c331ddf3c1c43301d8\"},\"headline\":\"Se questa \u00e8 giustizia: cronaca del processo Assange\",\"datePublished\":\"2020-03-03T11:34:38+00:00\",\"dateModified\":\"2020-03-03T16:47:25+00:00\",\"mainEntityOfPage\":{\"@id\":\"https:\/\/www.pressenza.com\/it\/2020\/03\/se-questa-e-giustizia-cronaca-del-processo-assange\/\"},\"wordCount\":2191,\"publisher\":{\"@id\":\"https:\/\/www.pressenza.com\/it\/#organization\"},\"image\":{\"@id\":\"https:\/\/www.pressenza.com\/it\/2020\/03\/se-questa-e-giustizia-cronaca-del-processo-assange\/#primaryimage\"},\"thumbnailUrl\":\"https:\/\/www.pressenza.com\/wp-content\/uploads\/2020\/02\/Julian-Assange-dont-extradite.jpg\",\"keywords\":[\"estradizione Assange\",\"Julian Assange\",\"processo Wikileaks\",\"Woolwich Crown Court\"],\"articleSection\":[\"contenuti originali\",\"Diritti Umani\",\"Internazionale\"],\"inLanguage\":\"it-IT\"},{\"@type\":\"WebPage\",\"@id\":\"https:\/\/www.pressenza.com\/it\/2020\/03\/se-questa-e-giustizia-cronaca-del-processo-assange\/\",\"url\":\"https:\/\/www.pressenza.com\/it\/2020\/03\/se-questa-e-giustizia-cronaca-del-processo-assange\/\",\"name\":\"Se questa \u00e8 giustizia: cronaca del processo Assange\",\"isPartOf\":{\"@id\":\"https:\/\/www.pressenza.com\/it\/#website\"},\"primaryImageOfPage\":{\"@id\":\"https:\/\/www.pressenza.com\/it\/2020\/03\/se-questa-e-giustizia-cronaca-del-processo-assange\/#primaryimage\"},\"image\":{\"@id\":\"https:\/\/www.pressenza.com\/it\/2020\/03\/se-questa-e-giustizia-cronaca-del-processo-assange\/#primaryimage\"},\"thumbnailUrl\":\"https:\/\/www.pressenza.com\/wp-content\/uploads\/2020\/02\/Julian-Assange-dont-extradite.jpg\",\"datePublished\":\"2020-03-03T11:34:38+00:00\",\"dateModified\":\"2020-03-03T16:47:25+00:00\",\"description\":\"La settimana scorsa il mondo ha assistito attonito ad una serie di udienze per il processo di estradizione negli USA del giornalista australiano Julian\",\"breadcrumb\":{\"@id\":\"https:\/\/www.pressenza.com\/it\/2020\/03\/se-questa-e-giustizia-cronaca-del-processo-assange\/#breadcrumb\"},\"inLanguage\":\"it-IT\",\"potentialAction\":[{\"@type\":\"ReadAction\",\"target\":[\"https:\/\/www.pressenza.com\/it\/2020\/03\/se-questa-e-giustizia-cronaca-del-processo-assange\/\"]}]},{\"@type\":\"ImageObject\",\"inLanguage\":\"it-IT\",\"@id\":\"https:\/\/www.pressenza.com\/it\/2020\/03\/se-questa-e-giustizia-cronaca-del-processo-assange\/#primaryimage\",\"url\":\"https:\/\/www.pressenza.com\/wp-content\/uploads\/2020\/02\/Julian-Assange-dont-extradite.jpg\",\"contentUrl\":\"https:\/\/www.pressenza.com\/wp-content\/uploads\/2020\/02\/Julian-Assange-dont-extradite.jpg\",\"width\":750,\"height\":563},{\"@type\":\"BreadcrumbList\",\"@id\":\"https:\/\/www.pressenza.com\/it\/2020\/03\/se-questa-e-giustizia-cronaca-del-processo-assange\/#breadcrumb\",\"itemListElement\":[{\"@type\":\"ListItem\",\"position\":1,\"name\":\"Accueil\",\"item\":\"https:\/\/www.pressenza.com\/it\/\"},{\"@type\":\"ListItem\",\"position\":2,\"name\":\"Se questa \u00e8 giustizia: cronaca del processo Assange\"}]},{\"@type\":\"WebSite\",\"@id\":\"https:\/\/www.pressenza.com\/it\/#website\",\"url\":\"https:\/\/www.pressenza.com\/it\/\",\"name\":\"Pressenza\",\"description\":\"Agenzia di Stampa Internazionale\",\"publisher\":{\"@id\":\"https:\/\/www.pressenza.com\/it\/#organization\"},\"potentialAction\":[{\"@type\":\"SearchAction\",\"target\":{\"@type\":\"EntryPoint\",\"urlTemplate\":\"https:\/\/www.pressenza.com\/it\/?s={search_term_string}\"},\"query-input\":{\"@type\":\"PropertyValueSpecification\",\"valueRequired\":true,\"valueName\":\"search_term_string\"}}],\"inLanguage\":\"it-IT\"},{\"@type\":\"Organization\",\"@id\":\"https:\/\/www.pressenza.com\/it\/#organization\",\"name\":\"Pressenza\",\"url\":\"https:\/\/www.pressenza.com\/it\/\",\"logo\":{\"@type\":\"ImageObject\",\"inLanguage\":\"it-IT\",\"@id\":\"https:\/\/www.pressenza.com\/it\/#\/schema\/logo\/image\/\",\"url\":\"https:\/\/www.pressenza.com\/wp-content\/uploads\/2022\/10\/pressenza_logo_200x200.jpg\",\"contentUrl\":\"https:\/\/www.pressenza.com\/wp-content\/uploads\/2022\/10\/pressenza_logo_200x200.jpg\",\"width\":200,\"height\":200,\"caption\":\"Pressenza\"},\"image\":{\"@id\":\"https:\/\/www.pressenza.com\/it\/#\/schema\/logo\/image\/\"},\"sameAs\":[\"https:\/\/www.facebook.com\/PressenzaItalia\",\"https:\/\/x.com\/PressenzaIPA\"]},{\"@type\":\"Person\",\"@id\":\"https:\/\/www.pressenza.com\/it\/#\/schema\/person\/55f609a0ea0770c331ddf3c1c43301d8\",\"name\":\"Veronica Tarozzi\",\"description\":\"Immediately after graduation, she leaves Cagliari to discover the world! She travels, studies and works between Europe, Africa, Asia and South America to learn about places, people, experiences and life stories of ordinary people, but above all out of the ordinary. In 2008 she teaches languagesin Salvador (Brazil) as part of a project for social emancipation and intercultural communication. She returns to Italy in 2009 and settles in Milan, where she will graduate in Linguistic and Cultural Mediation and will specialize in Linguistic Mediation towards migrants and asylum seekers. Here she begins activism in various organizations: from the Zeitgeist Movement Italy, to Associazione Societ\u00e0 Sostenibile and Metaeducazione and actively participates in the community garden Coltivando. She is also a freelance journalist regularly enrolled in the Order of Journalists of Lombardy and writes articles for the web newspaper Italia Che Cambia, our partner, whose purpose is to tell a different Italy, made up of human and environmental sustainability and above all good practices, spreading them and creating a network between them; she is part of the MediAttivisti, network of journalists and social activists, born from the impulse of our International Press Agency, Pressenza, to spread a culture of human rights, peace and nonviolence.\",\"url\":\"https:\/\/www.pressenza.com\/it\/author\/veronica-tarozzi\/\"}]}<\/script>\n<!-- \/ Yoast SEO plugin. -->","yoast_head_json":{"title":"Se questa \u00e8 giustizia: cronaca del processo Assange","description":"La settimana scorsa il mondo ha assistito attonito ad una serie di udienze per il processo di estradizione negli USA del giornalista australiano Julian","robots":{"index":"index","follow":"follow","max-snippet":"max-snippet:-1","max-image-preview":"max-image-preview:large","max-video-preview":"max-video-preview:-1"},"canonical":"https:\/\/www.pressenza.com\/it\/2020\/03\/se-questa-e-giustizia-cronaca-del-processo-assange\/","og_locale":"it_IT","og_type":"article","og_title":"Se questa \u00e8 giustizia: cronaca del processo Assange","og_description":"La settimana scorsa il mondo ha assistito attonito ad una serie di udienze per il processo di estradizione negli USA del giornalista australiano Julian","og_url":"https:\/\/www.pressenza.com\/it\/2020\/03\/se-questa-e-giustizia-cronaca-del-processo-assange\/","og_site_name":"Pressenza","article_publisher":"https:\/\/www.facebook.com\/PressenzaItalia","article_published_time":"2020-03-03T11:34:38+00:00","article_modified_time":"2020-03-03T16:47:25+00:00","og_image":[{"width":750,"height":563,"url":"https:\/\/www.pressenza.com\/wp-content\/uploads\/2020\/02\/Julian-Assange-dont-extradite.jpg","type":"image\/jpeg"}],"author":"Veronica Tarozzi","twitter_card":"summary_large_image","twitter_creator":"@PressenzaIPA","twitter_site":"@PressenzaIPA","twitter_misc":{"Scritto da":"Veronica Tarozzi","Tempo di lettura stimato":"11 minuti"},"schema":{"@context":"https:\/\/schema.org","@graph":[{"@type":"Article","@id":"https:\/\/www.pressenza.com\/it\/2020\/03\/se-questa-e-giustizia-cronaca-del-processo-assange\/#article","isPartOf":{"@id":"https:\/\/www.pressenza.com\/it\/2020\/03\/se-questa-e-giustizia-cronaca-del-processo-assange\/"},"author":{"name":"Veronica Tarozzi","@id":"https:\/\/www.pressenza.com\/it\/#\/schema\/person\/55f609a0ea0770c331ddf3c1c43301d8"},"headline":"Se questa \u00e8 giustizia: cronaca del processo Assange","datePublished":"2020-03-03T11:34:38+00:00","dateModified":"2020-03-03T16:47:25+00:00","mainEntityOfPage":{"@id":"https:\/\/www.pressenza.com\/it\/2020\/03\/se-questa-e-giustizia-cronaca-del-processo-assange\/"},"wordCount":2191,"publisher":{"@id":"https:\/\/www.pressenza.com\/it\/#organization"},"image":{"@id":"https:\/\/www.pressenza.com\/it\/2020\/03\/se-questa-e-giustizia-cronaca-del-processo-assange\/#primaryimage"},"thumbnailUrl":"https:\/\/www.pressenza.com\/wp-content\/uploads\/2020\/02\/Julian-Assange-dont-extradite.jpg","keywords":["estradizione Assange","Julian Assange","processo Wikileaks","Woolwich Crown Court"],"articleSection":["contenuti originali","Diritti Umani","Internazionale"],"inLanguage":"it-IT"},{"@type":"WebPage","@id":"https:\/\/www.pressenza.com\/it\/2020\/03\/se-questa-e-giustizia-cronaca-del-processo-assange\/","url":"https:\/\/www.pressenza.com\/it\/2020\/03\/se-questa-e-giustizia-cronaca-del-processo-assange\/","name":"Se questa \u00e8 giustizia: cronaca del processo Assange","isPartOf":{"@id":"https:\/\/www.pressenza.com\/it\/#website"},"primaryImageOfPage":{"@id":"https:\/\/www.pressenza.com\/it\/2020\/03\/se-questa-e-giustizia-cronaca-del-processo-assange\/#primaryimage"},"image":{"@id":"https:\/\/www.pressenza.com\/it\/2020\/03\/se-questa-e-giustizia-cronaca-del-processo-assange\/#primaryimage"},"thumbnailUrl":"https:\/\/www.pressenza.com\/wp-content\/uploads\/2020\/02\/Julian-Assange-dont-extradite.jpg","datePublished":"2020-03-03T11:34:38+00:00","dateModified":"2020-03-03T16:47:25+00:00","description":"La settimana scorsa il mondo ha assistito attonito ad una serie di udienze per il processo di estradizione negli USA del giornalista australiano Julian","breadcrumb":{"@id":"https:\/\/www.pressenza.com\/it\/2020\/03\/se-questa-e-giustizia-cronaca-del-processo-assange\/#breadcrumb"},"inLanguage":"it-IT","potentialAction":[{"@type":"ReadAction","target":["https:\/\/www.pressenza.com\/it\/2020\/03\/se-questa-e-giustizia-cronaca-del-processo-assange\/"]}]},{"@type":"ImageObject","inLanguage":"it-IT","@id":"https:\/\/www.pressenza.com\/it\/2020\/03\/se-questa-e-giustizia-cronaca-del-processo-assange\/#primaryimage","url":"https:\/\/www.pressenza.com\/wp-content\/uploads\/2020\/02\/Julian-Assange-dont-extradite.jpg","contentUrl":"https:\/\/www.pressenza.com\/wp-content\/uploads\/2020\/02\/Julian-Assange-dont-extradite.jpg","width":750,"height":563},{"@type":"BreadcrumbList","@id":"https:\/\/www.pressenza.com\/it\/2020\/03\/se-questa-e-giustizia-cronaca-del-processo-assange\/#breadcrumb","itemListElement":[{"@type":"ListItem","position":1,"name":"Accueil","item":"https:\/\/www.pressenza.com\/it\/"},{"@type":"ListItem","position":2,"name":"Se questa \u00e8 giustizia: cronaca del processo Assange"}]},{"@type":"WebSite","@id":"https:\/\/www.pressenza.com\/it\/#website","url":"https:\/\/www.pressenza.com\/it\/","name":"Pressenza","description":"Agenzia di Stampa Internazionale","publisher":{"@id":"https:\/\/www.pressenza.com\/it\/#organization"},"potentialAction":[{"@type":"SearchAction","target":{"@type":"EntryPoint","urlTemplate":"https:\/\/www.pressenza.com\/it\/?s={search_term_string}"},"query-input":{"@type":"PropertyValueSpecification","valueRequired":true,"valueName":"search_term_string"}}],"inLanguage":"it-IT"},{"@type":"Organization","@id":"https:\/\/www.pressenza.com\/it\/#organization","name":"Pressenza","url":"https:\/\/www.pressenza.com\/it\/","logo":{"@type":"ImageObject","inLanguage":"it-IT","@id":"https:\/\/www.pressenza.com\/it\/#\/schema\/logo\/image\/","url":"https:\/\/www.pressenza.com\/wp-content\/uploads\/2022\/10\/pressenza_logo_200x200.jpg","contentUrl":"https:\/\/www.pressenza.com\/wp-content\/uploads\/2022\/10\/pressenza_logo_200x200.jpg","width":200,"height":200,"caption":"Pressenza"},"image":{"@id":"https:\/\/www.pressenza.com\/it\/#\/schema\/logo\/image\/"},"sameAs":["https:\/\/www.facebook.com\/PressenzaItalia","https:\/\/x.com\/PressenzaIPA"]},{"@type":"Person","@id":"https:\/\/www.pressenza.com\/it\/#\/schema\/person\/55f609a0ea0770c331ddf3c1c43301d8","name":"Veronica Tarozzi","description":"Immediately after graduation, she leaves Cagliari to discover the world! She travels, studies and works between Europe, Africa, Asia and South America to learn about places, people, experiences and life stories of ordinary people, but above all out of the ordinary. In 2008 she teaches languagesin Salvador (Brazil) as part of a project for social emancipation and intercultural communication. She returns to Italy in 2009 and settles in Milan, where she will graduate in Linguistic and Cultural Mediation and will specialize in Linguistic Mediation towards migrants and asylum seekers. Here she begins activism in various organizations: from the Zeitgeist Movement Italy, to Associazione Societ\u00e0 Sostenibile and Metaeducazione and actively participates in the community garden Coltivando. She is also a freelance journalist regularly enrolled in the Order of Journalists of Lombardy and writes articles for the web newspaper Italia Che Cambia, our partner, whose purpose is to tell a different Italy, made up of human and environmental sustainability and above all good practices, spreading them and creating a network between them; she is part of the MediAttivisti, network of journalists and social activists, born from the impulse of our International Press Agency, Pressenza, to spread a culture of human rights, peace and nonviolence.","url":"https:\/\/www.pressenza.com\/it\/author\/veronica-tarozzi\/"}]}},"place":"","original_article_url":"","_links":{"self":[{"href":"https:\/\/www.pressenza.com\/it\/wp-json\/wp\/v2\/posts\/1046976","targetHints":{"allow":["GET"]}}],"collection":[{"href":"https:\/\/www.pressenza.com\/it\/wp-json\/wp\/v2\/posts"}],"about":[{"href":"https:\/\/www.pressenza.com\/it\/wp-json\/wp\/v2\/types\/post"}],"author":[{"embeddable":true,"href":"https:\/\/www.pressenza.com\/it\/wp-json\/wp\/v2\/users\/1753"}],"replies":[{"embeddable":true,"href":"https:\/\/www.pressenza.com\/it\/wp-json\/wp\/v2\/comments?post=1046976"}],"version-history":[{"count":0,"href":"https:\/\/www.pressenza.com\/it\/wp-json\/wp\/v2\/posts\/1046976\/revisions"}],"wp:featuredmedia":[{"embeddable":true,"href":"https:\/\/www.pressenza.com\/it\/wp-json\/wp\/v2\/media\/1045163"}],"wp:attachment":[{"href":"https:\/\/www.pressenza.com\/it\/wp-json\/wp\/v2\/media?parent=1046976"}],"wp:term":[{"taxonomy":"category","embeddable":true,"href":"https:\/\/www.pressenza.com\/it\/wp-json\/wp\/v2\/categories?post=1046976"},{"taxonomy":"post_tag","embeddable":true,"href":"https:\/\/www.pressenza.com\/it\/wp-json\/wp\/v2\/tags?post=1046976"}],"curies":[{"name":"wp","href":"https:\/\/api.w.org\/{rel}","templated":true}]}}